{"id":1944,"date":"2023-11-18T06:30:57","date_gmt":"2023-11-18T06:30:57","guid":{"rendered":"https:\/\/esbozodeportivo.com\/?p=1944"},"modified":"2023-11-18T06:38:29","modified_gmt":"2023-11-18T06:38:29","slug":"44-medallas-mas-suma-acuatica-nelsonvargas-en-el-estatal-de-oro","status":"publish","type":"post","link":"https:\/\/esbozodeportivo.com\/index.php\/2023\/11\/18\/44-medallas-mas-suma-acuatica-nelsonvargas-en-el-estatal-de-oro\/","title":{"rendered":"44 MEDALLAS M\u00c1S, SUMA ACU\u00c1TICA NELSONVARGAS EN EL ESTATAL DE ORO"},"content":{"rendered":"<style>\/*! elementor - v3.17.0 - 08-11-2023 *\/\n.elementor-widget-image{text-align:center}.elementor-widget-image a{display:inline-block}.elementor-widget-image a img[src$=\".svg\"]{width:48px}.elementor-widget-image img{vertical-align:middle;display:inline-block}<\/style>\n<p>\t\t\t\t\t\t\t\t\t\t\t\t<img decoding=\"async\" width=\"640\" height=\"426\" src=\"https:\/\/esbozodeportivo.com\/wp-content\/uploads\/2023\/11\/ANV-17f-1024x682.jpg\" alt=\"\" loading=\"lazy\" srcset=\"https:\/\/esbozodeportivo.com\/wp-content\/uploads\/2023\/11\/ANV-17f-1024x682.jpg 1024w, https:\/\/esbozodeportivo.com\/wp-content\/uploads\/2023\/11\/ANV-17f-300x200.jpg 300w, https:\/\/esbozodeportivo.com\/wp-content\/uploads\/2023\/11\/ANV-17f-768x512.jpg 768w, https:\/\/esbozodeportivo.com\/wp-content\/uploads\/2023\/11\/ANV-17f-1536x1023.jpg 1536w, https:\/\/esbozodeportivo.com\/wp-content\/uploads\/2023\/11\/ANV-17f.jpg 1600w\" sizes=\"auto, (max-width: 640px) 100vw, 640px\" \/>\t\t\t\t\t\t\t\t\t\t\t\t\t\t\t<\/p>\n<p>(Foto: acu\u00e1ticanelsonvargas)<\/p>\n<p>Segunda jornada de competencia en el marco del Campeonato Estatal de Oro Juvenil, suceso deportivo, donde <strong><em>acu\u00e1tica nelsonvargas<\/em><\/strong> participa con 157 de sus mejores deportistas y, donde trabaja brazada a brazada por conquistar la primera posici\u00f3n<\/p>\n<p>Entre los 657 atletas en competencia, en esta programaci\u00f3n, nuestro equipo conquisto un total, de: 44 medallas, logradas as\u00ed: 15 de oro, 15 de plata y 14 de bronce. De destacarse, adem\u00e1s que, durante esta misma jornada se llevaron a cabo los relevos, donde se consolid\u00f3 en siete oportunidades el p\u00f3dium, de estas corresponden a los siguientes colores: tres de oro, una de plata y tres de bronce.<\/p>\n<p>\u00a0<\/p>\n<p>\t\t\t\t\t\t\t\t\t\t\t\t\t\t\t<img decoding=\"async\" width=\"640\" height=\"853\" src=\"https:\/\/esbozodeportivo.com\/wp-content\/uploads\/2023\/11\/ANV-17a-768x1024.jpg\" alt=\"\" loading=\"lazy\" srcset=\"https:\/\/esbozodeportivo.com\/wp-content\/uploads\/2023\/11\/ANV-17a-768x1024.jpg 768w, https:\/\/esbozodeportivo.com\/wp-content\/uploads\/2023\/11\/ANV-17a-225x300.jpg 225w, https:\/\/esbozodeportivo.com\/wp-content\/uploads\/2023\/11\/ANV-17a.jpg 960w\" sizes=\"auto, (max-width: 640px) 100vw, 640px\" \/>\t\t\t\t\t\t\t\t\t\t\t\t\t\t\t<\/p>\n<p>(Foto: acu\u00e1ticanelsonvargas)<\/p>\n<p>De darse a conocer, paralelamente que, en el Complejo Acu\u00e1tico Emiliano Zapata en Morelos, <strong><em>acu\u00e1tica nelsonvargas<\/em><\/strong> tambi\u00e9n logr\u00f3 otro extraordinario resultado, esto, al lograr R\u00e9cord de Campeonato el cuarteto femenino que nos represent\u00f3 en el relevo 100 m combinado, equipo integrado, por: Sofia Ocampo, Victoria Cabello, Giannitsa Garc\u00eda, Andrea Troncoso, estas deportistas con un gran trabajo en equipo detuvieron el cronometro, en: 4.28.54, es importante, resaltar tambi\u00e9n, que todas estas atletas pertenecen a Centro de Entrenamiento.<\/p>\n<p>\u00a0<\/p>\n<p>\t\t\t\t\t\t\t\t\t\t\t\t\t\t\t<img decoding=\"async\" width=\"640\" height=\"853\" src=\"https:\/\/esbozodeportivo.com\/wp-content\/uploads\/2023\/11\/ANV-17c-768x1024.jpg\" alt=\"\" loading=\"lazy\" srcset=\"https:\/\/esbozodeportivo.com\/wp-content\/uploads\/2023\/11\/ANV-17c-768x1024.jpg 768w, https:\/\/esbozodeportivo.com\/wp-content\/uploads\/2023\/11\/ANV-17c-225x300.jpg 225w, https:\/\/esbozodeportivo.com\/wp-content\/uploads\/2023\/11\/ANV-17c.jpg 960w\" sizes=\"auto, (max-width: 640px) 100vw, 640px\" \/>\t\t\t\t\t\t\t\t\t\t\t\t\t\t\t<\/p>\n<p>(Foto: acu\u00e1ticanelsonvargas)<\/p>\n<p>Los medallistas de la jornada, fueron:\u00a0<\/p>\n<table>\n<tbody>\n<tr>\n<td>\n<h6><strong>No. M<\/strong><\/h6>\n<\/td>\n<td>\n<h6><strong>No. C<\/strong><\/h6>\n<\/td>\n<td>\n<h6><strong>MEDALLA<\/strong><\/h6>\n<\/td>\n<td>\n<h6><strong>NOMBRE<\/strong><\/h6>\n<\/td>\n<td>\n<h6><strong>CATEGOR\u00cdA<\/strong><\/h6>\n<\/td>\n<td>\n<h6><strong>PRUEBA<\/strong><\/h6>\n<\/td>\n<td>\n<h6><strong>MARCA<\/strong><\/h6>\n<\/td>\n<\/tr>\n<tr>\n<td>\n<h6>1<\/h6>\n<\/td>\n<td>\n<h6>1<\/h6>\n<\/td>\n<td>\n<h6>Oro<\/h6>\n<\/td>\n<td>\n<h6>Katherina Ca\u00f1edo Gonz\u00e1lez<\/h6>\n<\/td>\n<td>\n<h6>13-14<\/h6>\n<\/td>\n<td>\n<h6>400 L<\/h6>\n<\/td>\n<td>\n<h6>4.37.29<\/h6>\n<\/td>\n<\/tr>\n<tr>\n<td>\n<h6>2<\/h6>\n<\/td>\n<td>\n<h6>2<\/h6>\n<\/td>\n<td>\n<h6>Oro<\/h6>\n<\/td>\n<td>\n<h6>Giannitsa Garc\u00eda L\u00f3pez<\/h6>\n<\/td>\n<td>\n<h6>15-16<\/h6>\n<\/td>\n<td>\n<h6>400 L<\/h6>\n<\/td>\n<td>\n<h6>4.29.57<\/h6>\n<\/td>\n<\/tr>\n<tr>\n<td>\n<h6>3<\/h6>\n<\/td>\n<td>\n<h6>3<\/h6>\n<\/td>\n<td>\n<h6>Oro<\/h6>\n<\/td>\n<td>\n<h6>Alonso Rodr\u00edguez Moscoso<\/h6>\n<\/td>\n<td>\n<h6>15-16<\/h6>\n<\/td>\n<td>\n<h6>400 L<\/h6>\n<\/td>\n<td>\n<h6>4.02.30<\/h6>\n<\/td>\n<\/tr>\n<tr>\n<td>\n<h6>4<\/h6>\n<\/td>\n<td>\n<h6>4<\/h6>\n<\/td>\n<td>\n<h6>Oro<\/h6>\n<\/td>\n<td>\n<h6>Omar Emiliano Torres Sosa<\/h6>\n<\/td>\n<td>\n<h6>17-18<\/h6>\n<\/td>\n<td>\n<h6>400 L<\/h6>\n<\/td>\n<td>\n<h6>4.19.73<\/h6>\n<\/td>\n<\/tr>\n<tr>\n<td>\n<h6>5<\/h6>\n<\/td>\n<td>\n<h6>5<\/h6>\n<\/td>\n<td>\n<h6>Oro<\/h6>\n<\/td>\n<td>\n<h6>Alonso Rodr\u00edguez Moscoso<\/h6>\n<\/td>\n<td>\n<h6>Primera Fuerza<\/h6>\n<\/td>\n<td>\n<h6>400 L<\/h6>\n<\/td>\n<td>\n<h6>4.02.30<\/h6>\n<\/td>\n<\/tr>\n<tr>\n<td>\n<h6>6<\/h6>\n<\/td>\n<td>\n<h6>6<\/h6>\n<\/td>\n<td>\n<h6>Oro<\/h6>\n<\/td>\n<td>\n<h6>Regina Ojeda Sabido<\/h6>\n<\/td>\n<td>\n<h6>17-18<\/h6>\n<\/td>\n<td>\n<h6>200 D<\/h6>\n<\/td>\n<td>\n<h6>2.24.99<\/h6>\n<\/td>\n<\/tr>\n<tr>\n<td>\n<h6>7<\/h6>\n<\/td>\n<td>\n<h6>7<\/h6>\n<\/td>\n<td>\n<h6>Oro<\/h6>\n<\/td>\n<td>\n<h6>Mar\u00eda Jos\u00e9 Ram\u00edrez Jim\u00e9nez<\/h6>\n<\/td>\n<td>\n<h6>13-14<\/h6>\n<\/td>\n<td>\n<h6>50 M<\/h6>\n<\/td>\n<td>\n<h6>31,07<\/h6>\n<\/td>\n<\/tr>\n<tr>\n<td>\n<h6>8<\/h6>\n<\/td>\n<td>\n<h6>8<\/h6>\n<\/td>\n<td>\n<h6>Oro<\/h6>\n<\/td>\n<td>\n<h6>Frida Sof\u00eda Ocampo Ortiz<\/h6>\n<\/td>\n<td>\n<h6>17-18<\/h6>\n<\/td>\n<td>\n<h6>50 M<\/h6>\n<\/td>\n<td>\n<h6>30,32<\/h6>\n<\/td>\n<\/tr>\n<tr>\n<td>\n<h6>9<\/h6>\n<\/td>\n<td>\n<h6>9<\/h6>\n<\/td>\n<td>\n<h6>Oro<\/h6>\n<\/td>\n<td>\n<h6>Juan Carlos Garc\u00eda Flores<\/h6>\n<\/td>\n<td>\n<h6>17-18<\/h6>\n<\/td>\n<td>\n<h6>50 M<\/h6>\n<\/td>\n<td>\n<h6>26,81<\/h6>\n<\/td>\n<\/tr>\n<tr>\n<td>\n<h6>10<\/h6>\n<\/td>\n<td>\n<h6>10<\/h6>\n<\/td>\n<td>\n<h6>Oro<\/h6>\n<\/td>\n<td>\n<h6>Luka Feldhaus Farias<\/h6>\n<\/td>\n<td>\n<h6>15-16<\/h6>\n<\/td>\n<td>\n<h6>100 CI<\/h6>\n<\/td>\n<td>\n<h6>1.04.72<\/h6>\n<\/td>\n<\/tr>\n<tr>\n<td>\n<h6>11<\/h6>\n<\/td>\n<td>\n<h6>11<\/h6>\n<\/td>\n<td>\n<h6>Oro<\/h6>\n<\/td>\n<td>\n<h6>Katherina Ca\u00f1edo Gonz\u00e1lez<\/h6>\n<\/td>\n<td>\n<h6>13-14<\/h6>\n<\/td>\n<td>\n<h6>200 L<\/h6>\n<\/td>\n<td>\n<h6>2.11.42<\/h6>\n<\/td>\n<\/tr>\n<tr>\n<td>\n<h6>12<\/h6>\n<\/td>\n<td>\n<h6>12<\/h6>\n<\/td>\n<td>\n<h6>Oro<\/h6>\n<\/td>\n<td>\n<h6>Giannitsa Garc\u00eda L\u00f3pez<\/h6>\n<\/td>\n<td>\n<h6>15-16<\/h6>\n<\/td>\n<td>\n<h6>200 L<\/h6>\n<\/td>\n<td>\n<h6>2.06.13<\/h6>\n<\/td>\n<\/tr>\n<tr>\n<td>\n<h6>13<\/h6>\n<\/td>\n<td>\n<h6>13<\/h6>\n<\/td>\n<td>\n<h6>Oro<\/h6>\n<\/td>\n<td>\n<h6>Giannitsa Garc\u00eda L\u00f3pez<\/h6>\n<\/td>\n<td>\n<h6>Primera Fuerza<\/h6>\n<\/td>\n<td>\n<h6>200 L<\/h6>\n<\/td>\n<td>\n<h6>2.06.13<\/h6>\n<\/td>\n<\/tr>\n<tr>\n<td>\n<h6>14<\/h6>\n<\/td>\n<td>\n<h6>14<\/h6>\n<\/td>\n<td>\n<h6>Oro<\/h6>\n<\/td>\n<td>\n<h6>Alonso Rodr\u00edguez Moscoso<\/h6>\n<\/td>\n<td>\n<h6>15-16<\/h6>\n<\/td>\n<td>\n<h6>200 L<\/h6>\n<\/td>\n<td>\n<h6>1.55.01<\/h6>\n<\/td>\n<\/tr>\n<tr>\n<td>\n<h6>15<\/h6>\n<\/td>\n<td>\n<h6>15<\/h6>\n<\/td>\n<td>\n<h6>Oro<\/h6>\n<\/td>\n<td>\n<h6>Alonso Rodr\u00edguez Moscoso<\/h6>\n<\/td>\n<td>\n<h6>Primera Fuerza<\/h6>\n<\/td>\n<td>\n<h6>200 L<\/h6>\n<\/td>\n<td>\n<h6>1.55.01<\/h6>\n<\/td>\n<\/tr>\n<\/tbody>\n<\/table>\n<p>\t\t\t\t\t\t\t\t\t\t\t\t\t\t\t<img decoding=\"async\" width=\"640\" height=\"853\" src=\"https:\/\/esbozodeportivo.com\/wp-content\/uploads\/2023\/11\/ANV-17d-768x1024.jpg\" alt=\"\" loading=\"lazy\" srcset=\"https:\/\/esbozodeportivo.com\/wp-content\/uploads\/2023\/11\/ANV-17d-768x1024.jpg 768w, https:\/\/esbozodeportivo.com\/wp-content\/uploads\/2023\/11\/ANV-17d-225x300.jpg 225w, https:\/\/esbozodeportivo.com\/wp-content\/uploads\/2023\/11\/ANV-17d.jpg 960w\" sizes=\"auto, (max-width: 640px) 100vw, 640px\" \/>\t\t\t\t\t\t\t\t\t\t\t\t\t\t\t<\/p>\n<p>(Foto: acu\u00e1ticanelsonvargas)<\/p>\n<table>\n<tbody>\n<tr>\n<td>\n<h6>16<\/h6>\n<\/td>\n<td>\n<h6>1<\/h6>\n<\/td>\n<td>\n<h6>Plata<\/h6>\n<\/td>\n<td>\n<h6>Kiara Isabella S\u00e1nchez<\/h6>\n<\/td>\n<td>\n<h6>13-14<\/h6>\n<\/td>\n<td>\n<h6>400 L<\/h6>\n<\/td>\n<td>\n<h6>4.41.75<\/h6>\n<\/td>\n<\/tr>\n<tr>\n<td>\n<h6>17<\/h6>\n<\/td>\n<td>\n<h6>2<\/h6>\n<\/td>\n<td>\n<h6>Plata<\/h6>\n<\/td>\n<td>\n<h6>Regina Vel\u00e1zquez Vela<\/h6>\n<\/td>\n<td>\n<h6>15-16<\/h6>\n<\/td>\n<td>\n<h6>400 L<\/h6>\n<\/td>\n<td>\n<h6>4.30.12<\/h6>\n<\/td>\n<\/tr>\n<tr>\n<td>\n<h6>18<\/h6>\n<\/td>\n<td>\n<h6>3<\/h6>\n<\/td>\n<td>\n<h6>Plata<\/h6>\n<\/td>\n<td>\n<h6>Regina Ojeda Sabido<\/h6>\n<\/td>\n<td>\n<h6>17-18<\/h6>\n<\/td>\n<td>\n<h6>400 L<\/h6>\n<\/td>\n<td>\n<h6>4.32.64<\/h6>\n<\/td>\n<\/tr>\n<tr>\n<td>\n<h6>19<\/h6>\n<\/td>\n<td>\n<h6>4<\/h6>\n<\/td>\n<td>\n<h6>Plata<\/h6>\n<\/td>\n<td>\n<h6>Giannitsa Garc\u00eda L\u00f3pez<\/h6>\n<\/td>\n<td>\n<h6>Primera Fuerza<\/h6>\n<\/td>\n<td>\n<h6>400 L<\/h6>\n<\/td>\n<td>\n<h6>4.29.57<\/h6>\n<\/td>\n<\/tr>\n<tr>\n<td>\n<h6>20<\/h6>\n<\/td>\n<td>\n<h6>5<\/h6>\n<\/td>\n<td>\n<h6>Plata<\/h6>\n<\/td>\n<td>\n<h6>Yosvel Romero B\u00e1rcenas<\/h6>\n<\/td>\n<td>\n<h6>Primera Fuerza<\/h6>\n<\/td>\n<td>\n<h6>400 L<\/h6>\n<\/td>\n<td>\n<h6>4.05.77<\/h6>\n<\/td>\n<\/tr>\n<tr>\n<td>\n<h6>21<\/h6>\n<\/td>\n<td>\n<h6>6<\/h6>\n<\/td>\n<td>\n<h6>Plata<\/h6>\n<\/td>\n<td>\n<h6>Frida Sof\u00eda Ocampo Ortiz<\/h6>\n<\/td>\n<td>\n<h6>17-18<\/h6>\n<\/td>\n<td>\n<h6>200 D<\/h6>\n<\/td>\n<td>\n<h6>2.27.84<\/h6>\n<\/td>\n<\/tr>\n<tr>\n<td>\n<h6>22<\/h6>\n<\/td>\n<td>\n<h6>7<\/h6>\n<\/td>\n<td>\n<h6>Plata<\/h6>\n<\/td>\n<td>\n<h6>Regina Ojeda Sabido<\/h6>\n<\/td>\n<td>\n<h6>Primera Fuerza<\/h6>\n<\/td>\n<td>\n<h6>200 D<\/h6>\n<\/td>\n<td>\n<h6>2.24.99<\/h6>\n<\/td>\n<\/tr>\n<tr>\n<td>\n<h6>23<\/h6>\n<\/td>\n<td>\n<h6>8<\/h6>\n<\/td>\n<td>\n<h6>Plata<\/h6>\n<\/td>\n<td>\n<h6>Ra\u00fal Gallegos Robles<\/h6>\n<\/td>\n<td>\n<h6>17-18<\/h6>\n<\/td>\n<td>\n<h6>200 D<\/h6>\n<\/td>\n<td>\n<h6>2.09.38<\/h6>\n<\/td>\n<\/tr>\n<tr>\n<td>\n<h6>24<\/h6>\n<\/td>\n<td>\n<h6>9<\/h6>\n<\/td>\n<td>\n<h6>Plata<\/h6>\n<\/td>\n<td>\n<h6>Fernanda Hern\u00e1ndez Barrientos<\/h6>\n<\/td>\n<td>\n<h6>13-14<\/h6>\n<\/td>\n<td>\n<h6>50 M<\/h6>\n<\/td>\n<td>\n<h6>31,09<\/h6>\n<\/td>\n<\/tr>\n<tr>\n<td>\n<h6>25<\/h6>\n<\/td>\n<td>\n<h6>10<\/h6>\n<\/td>\n<td>\n<h6>Plata<\/h6>\n<\/td>\n<td>\n<h6>Andr\u00e9s Lara Reyes<\/h6>\n<\/td>\n<td>\n<h6>13-14<\/h6>\n<\/td>\n<td>\n<h6>50 M<\/h6>\n<\/td>\n<td>\n<h6>29,13<\/h6>\n<\/td>\n<\/tr>\n<tr>\n<td>\n<h6>26<\/h6>\n<\/td>\n<td>\n<h6>11<\/h6>\n<\/td>\n<td>\n<h6>Plata<\/h6>\n<\/td>\n<td>\n<h6>Ane S\u00e1ez De Ibarra Batanete<\/h6>\n<\/td>\n<td>\n<h6>13-14<\/h6>\n<\/td>\n<td>\n<h6>100 CI<\/h6>\n<\/td>\n<td>\n<h6>1.17.74<\/h6>\n<\/td>\n<\/tr>\n<tr>\n<td>\n<h6>27<\/h6>\n<\/td>\n<td>\n<h6>12<\/h6>\n<\/td>\n<td>\n<h6>Plata<\/h6>\n<\/td>\n<td>\n<h6>Mar\u00eda Jos\u00e9 Ram\u00edrez Jim\u00e9nez<\/h6>\n<\/td>\n<td>\n<h6>13-14<\/h6>\n<\/td>\n<td>\n<h6>200 L<\/h6>\n<\/td>\n<td>\n<h6>2.12.02<\/h6>\n<\/td>\n<\/tr>\n<tr>\n<td>\n<h6>28<\/h6>\n<\/td>\n<td>\n<h6>13<\/h6>\n<\/td>\n<td>\n<h6>Plata<\/h6>\n<\/td>\n<td>\n<h6>Ana Sofia Barceinas Rodr\u00edguez<\/h6>\n<\/td>\n<td>\n<h6>15-16<\/h6>\n<\/td>\n<td>\n<h6>200 L<\/h6>\n<\/td>\n<td>\n<h6>2.07.86<\/h6>\n<\/td>\n<\/tr>\n<tr>\n<td>\n<h6>29<\/h6>\n<\/td>\n<td>\n<h6>14<\/h6>\n<\/td>\n<td>\n<h6>Plata<\/h6>\n<\/td>\n<td>\n<h6>Regina Ojeda Sabido<\/h6>\n<\/td>\n<td>\n<h6>17-18<\/h6>\n<\/td>\n<td>\n<h6>200 L<\/h6>\n<\/td>\n<td>\n<h6>2.09.47<\/h6>\n<\/td>\n<\/tr>\n<tr>\n<td>\n<h6>30<\/h6>\n<\/td>\n<td>\n<h6>15<\/h6>\n<\/td>\n<td>\n<h6>Plata<\/h6>\n<\/td>\n<td>\n<h6>Ra\u00fal Gallegos Robles<\/h6>\n<\/td>\n<td>\n<h6>17-18<\/h6>\n<\/td>\n<td>\n<h6>200 L<\/h6>\n<\/td>\n<td>\n<h6>1.58.96<\/h6>\n<\/td>\n<\/tr>\n<\/tbody>\n<\/table>\n<p>\t\t\t\t\t\t\t\t\t\t\t\t\t\t\t<img decoding=\"async\" width=\"640\" height=\"570\" src=\"https:\/\/esbozodeportivo.com\/wp-content\/uploads\/2023\/11\/ANV-17e-1024x912.jpg\" alt=\"\" loading=\"lazy\" srcset=\"https:\/\/esbozodeportivo.com\/wp-content\/uploads\/2023\/11\/ANV-17e-1024x912.jpg 1024w, https:\/\/esbozodeportivo.com\/wp-content\/uploads\/2023\/11\/ANV-17e-300x267.jpg 300w, https:\/\/esbozodeportivo.com\/wp-content\/uploads\/2023\/11\/ANV-17e-768x684.jpg 768w, https:\/\/esbozodeportivo.com\/wp-content\/uploads\/2023\/11\/ANV-17e-1536x1368.jpg 1536w, https:\/\/esbozodeportivo.com\/wp-content\/uploads\/2023\/11\/ANV-17e.jpg 1600w\" sizes=\"auto, (max-width: 640px) 100vw, 640px\" \/>\t\t\t\t\t\t\t\t\t\t\t\t\t\t\t<\/p>\n<p>(Foto: acu\u00e1ticanelsonvargas)<\/p>\n<table>\n<tbody>\n<tr>\n<td>\n<h6>31<\/h6>\n<\/td>\n<td>\n<h6>1<\/h6>\n<\/td>\n<td>\n<h6>Bronce<\/h6>\n<\/td>\n<td>\n<h6>Andrea Sof\u00eda Torres Sosa<\/h6>\n<\/td>\n<td>\n<h6>15-16<\/h6>\n<\/td>\n<td>\n<h6>400 L<\/h6>\n<\/td>\n<td>\n<h6>4.34.56<\/h6>\n<\/td>\n<\/tr>\n<tr>\n<td>\n<h6>32<\/h6>\n<\/td>\n<td>\n<h6>2<\/h6>\n<\/td>\n<td>\n<h6>Bronce<\/h6>\n<\/td>\n<td>\n<h6>Regina Vel\u00e1zquez Vela<\/h6>\n<\/td>\n<td>\n<h6>Primera Fuerza<\/h6>\n<\/td>\n<td>\n<h6>400 L<\/h6>\n<\/td>\n<td>\n<h6>4.30.12<\/h6>\n<\/td>\n<\/tr>\n<tr>\n<td>\n<h6>33<\/h6>\n<\/td>\n<td>\n<h6>3<\/h6>\n<\/td>\n<td>\n<h6>Bronce<\/h6>\n<\/td>\n<td>\n<h6>Mat\u00edas N\u00fa\u00f1ez Casta\u00f1eda<\/h6>\n<\/td>\n<td>\n<h6>13-14<\/h6>\n<\/td>\n<td>\n<h6>400 L<\/h6>\n<\/td>\n<td>\n<h6>4.27.19<\/h6>\n<\/td>\n<\/tr>\n<tr>\n<td>\n<h6>34<\/h6>\n<\/td>\n<td>\n<h6>4<\/h6>\n<\/td>\n<td>\n<h6>Bronce<\/h6>\n<\/td>\n<td>\n<h6>Joshua Dylan Aceves G\u00f3mez<\/h6>\n<\/td>\n<td>\n<h6>Primera Fuerza<\/h6>\n<\/td>\n<td>\n<h6>400 L<\/h6>\n<\/td>\n<td>\n<h6>4.06.25<\/h6>\n<\/td>\n<\/tr>\n<tr>\n<td>\n<h6>35<\/h6>\n<\/td>\n<td>\n<h6>5<\/h6>\n<\/td>\n<td>\n<h6>Bronce<\/h6>\n<\/td>\n<td>\n<h6>Katherina Ca\u00f1edo Gonz\u00e1lez<\/h6>\n<\/td>\n<td>\n<h6>13-14<\/h6>\n<\/td>\n<td>\n<h6>200 D<\/h6>\n<\/td>\n<td>\n<h6>2.29.69<\/h6>\n<\/td>\n<\/tr>\n<tr>\n<td>\n<h6>36<\/h6>\n<\/td>\n<td>\n<h6>6<\/h6>\n<\/td>\n<td>\n<h6>Bronce<\/h6>\n<\/td>\n<td>\n<h6>Frida Sof\u00eda Ocampo Ortiz<\/h6>\n<\/td>\n<td>\n<h6>Primera Fuerza<\/h6>\n<\/td>\n<td>\n<h6>200 D<\/h6>\n<\/td>\n<td>\n<h6>2.27.84<\/h6>\n<\/td>\n<\/tr>\n<tr>\n<td>\n<h6>37<\/h6>\n<\/td>\n<td>\n<h6>7<\/h6>\n<\/td>\n<td>\n<h6>Bronce<\/h6>\n<\/td>\n<td>\n<h6>Emiliano Hern\u00e1ndez G\u00f3mez<\/h6>\n<\/td>\n<td>\n<h6>15-16<\/h6>\n<\/td>\n<td>\n<h6>200 D<\/h6>\n<\/td>\n<td>\n<h6>2.13.98<\/h6>\n<\/td>\n<\/tr>\n<tr>\n<td>\n<h6>38<\/h6>\n<\/td>\n<td>\n<h6>8<\/h6>\n<\/td>\n<td>\n<h6>Bronce<\/h6>\n<\/td>\n<td>\n<h6>Frida Sof\u00eda Ocampo Ortiz<\/h6>\n<\/td>\n<td>\n<h6>Primera Fuerza<\/h6>\n<\/td>\n<td>\n<h6>50 M<\/h6>\n<\/td>\n<td>\n<h6>30,32<\/h6>\n<\/td>\n<\/tr>\n<tr>\n<td>\n<h6>39<\/h6>\n<\/td>\n<td>\n<h6>9<\/h6>\n<\/td>\n<td>\n<h6>Bronce<\/h6>\n<\/td>\n<td>\n<h6>Ayari Giovanna Larios Larios<\/h6>\n<\/td>\n<td>\n<h6>13-14<\/h6>\n<\/td>\n<td>\n<h6>100 CI<\/h6>\n<\/td>\n<td>\n<h6>1.18.69<\/h6>\n<\/td>\n<\/tr>\n<tr>\n<td>\n<h6>40<\/h6>\n<\/td>\n<td>\n<h6>10<\/h6>\n<\/td>\n<td>\n<h6>Bronce<\/h6>\n<\/td>\n<td>\n<h6>Regina Vel\u00e1zquez Vela<\/h6>\n<\/td>\n<td>\n<h6>15-16<\/h6>\n<\/td>\n<td>\n<h6>200 L<\/h6>\n<\/td>\n<td>\n<h6>2.08.02<\/h6>\n<\/td>\n<\/tr>\n<tr>\n<td>\n<h6>41<\/h6>\n<\/td>\n<td>\n<h6>11<\/h6>\n<\/td>\n<td>\n<h6>Bronce<\/h6>\n<\/td>\n<td>\n<h6>Regina Ubaldo Cabello<\/h6>\n<\/td>\n<td>\n<h6>17-18<\/h6>\n<\/td>\n<td>\n<h6>200 L<\/h6>\n<\/td>\n<td>\n<h6>2.14.07<\/h6>\n<\/td>\n<\/tr>\n<tr>\n<td>\n<h6>42<\/h6>\n<\/td>\n<td>\n<h6>12<\/h6>\n<\/td>\n<td>\n<h6>Bronce<\/h6>\n<\/td>\n<td>\n<h6>Ana Sofia Barceinas Rodr\u00edguez<\/h6>\n<\/td>\n<td>\n<h6>Primera Fuerza<\/h6>\n<\/td>\n<td>\n<h6>200 L<\/h6>\n<\/td>\n<td>\n<h6>2.07.86<\/h6>\n<\/td>\n<\/tr>\n<tr>\n<td>\n<h6>43<\/h6>\n<\/td>\n<td>\n<h6>13<\/h6>\n<\/td>\n<td>\n<h6>Bronce<\/h6>\n<\/td>\n<td>\n<h6>Mat\u00edas N\u00fa\u00f1ez Casta\u00f1eda<\/h6>\n<\/td>\n<td>\n<h6>13-14<\/h6>\n<\/td>\n<td>\n<h6>200 L<\/h6>\n<\/td>\n<td>\n<h6>2.05.58<\/h6>\n<\/td>\n<\/tr>\n<tr>\n<td>\n<h6>44<\/h6>\n<\/td>\n<td>\n<h6>14<\/h6>\n<\/td>\n<td>\n<h6>Bronce<\/h6>\n<\/td>\n<td>\n<h6>Omar Emiliano Torres Sosa<\/h6>\n<\/td>\n<td>\n<h6>17-18<\/h6>\n<\/td>\n<td>\n<h6>200 L<\/h6>\n<\/td>\n<td>\n<h6>1.59.87<\/h6>\n<\/td>\n<\/tr>\n<\/tbody>\n<\/table>\n<h6><strong>\u00a0<\/strong><\/h6>\n<p>\t\t\t\t\t\t\t\t\t\t\t\t\t\t\t<img decoding=\"async\" width=\"640\" height=\"853\" src=\"https:\/\/esbozodeportivo.com\/wp-content\/uploads\/2023\/11\/ANV-17g-768x1024.jpg\" alt=\"\" loading=\"lazy\" srcset=\"https:\/\/esbozodeportivo.com\/wp-content\/uploads\/2023\/11\/ANV-17g-768x1024.jpg 768w, https:\/\/esbozodeportivo.com\/wp-content\/uploads\/2023\/11\/ANV-17g-225x300.jpg 225w, https:\/\/esbozodeportivo.com\/wp-content\/uploads\/2023\/11\/ANV-17g-1152x1536.jpg 1152w, https:\/\/esbozodeportivo.com\/wp-content\/uploads\/2023\/11\/ANV-17g-1024x1365.jpg 1024w, https:\/\/esbozodeportivo.com\/wp-content\/uploads\/2023\/11\/ANV-17g.jpg 1200w\" sizes=\"auto, (max-width: 640px) 100vw, 640px\" \/>\t\t\t\t\t\t\t\t\t\t\t\t\t\t\t<\/p>\n<p>(Foto: acu\u00e1ticanelsonvargas)<\/p>\n<p>Medallistas en los relevos:<\/p>\n<p><strong>\u00a0<\/strong><\/p>\n<table width=\"663\">\n<tbody>\n<tr>\n<td width=\"53\">\n<h6><strong>No. M<\/strong><\/h6>\n<\/td>\n<td width=\"53\">\n<h6><strong>No. C<\/strong><\/h6>\n<\/td>\n<td width=\"59\">\n<h6><strong>PRESEA<\/strong><\/h6>\n<\/td>\n<td width=\"56\">\n<h6><strong>EQUIPO<\/strong><\/h6>\n<\/td>\n<td width=\"203\">\n<h6><strong>NOMBRES<\/strong><\/h6>\n<\/td>\n<td width=\"105\">\n<h6><strong>CATEGOR\u00cdA <\/strong><\/h6>\n<\/td>\n<td width=\"66\">\n<h6><strong>PRUEBA <\/strong><\/h6>\n<\/td>\n<td width=\"68\">\n<h6><strong>TIEMPO<\/strong><\/h6>\n<\/td>\n<\/tr>\n<tr>\n<td width=\"53\">\n<h6>1<\/h6>\n<\/td>\n<td width=\"53\">\n<h6>1<\/h6>\n<\/td>\n<td width=\"59\">\n<h6>Oro<\/h6>\n<\/td>\n<td width=\"56\">\n<h6>ANV A<\/h6>\n<\/td>\n<td width=\"203\">\n<h6>Sofia Ocampo, Victoria Cabello, Giannitsa Garc\u00eda, Andrea Troncoso<\/h6>\n<\/td>\n<td width=\"105\">\n<h6>15 y mayores<\/h6>\n<\/td>\n<td width=\"66\">\n<h6>4&#215;100 RC<\/h6>\n<\/td>\n<td width=\"68\">\n<h6>4.28.54<\/h6>\n<\/td>\n<\/tr>\n<tr>\n<td width=\"53\">\n<h6>2<\/h6>\n<\/td>\n<td width=\"53\">\n<h6>2<\/h6>\n<\/td>\n<td width=\"59\">\n<h6>Oro<\/h6>\n<\/td>\n<td width=\"56\">\n<h6>ANV A<\/h6>\n<\/td>\n<td width=\"203\">\n<h6>Ra\u00fal Gallegos, Gianluca Vizuet, Nahum Hern\u00e1ndez, Emiliano Torres<\/h6>\n<\/td>\n<td width=\"105\">\n<h6>15 y mayores<\/h6>\n<\/td>\n<td width=\"66\">\n<h6>4&#215;100 RC<\/h6>\n<\/td>\n<td width=\"68\">\n<h6>4.07.38<\/h6>\n<\/td>\n<\/tr>\n<tr>\n<td width=\"53\">\n<h6>3<\/h6>\n<\/td>\n<td width=\"53\">\n<h6>3<\/h6>\n<\/td>\n<td width=\"59\">\n<h6>Oro<\/h6>\n<\/td>\n<td width=\"56\">\n<h6>ANV A<\/h6>\n<\/td>\n<td width=\"203\">\n<h6>Kiara S\u00e1nchez, Ana Sofia Mej\u00eda, Mar\u00eda Xhunca, Natalia Ojeda<\/h6>\n<\/td>\n<td width=\"105\">\n<h6>13-14<\/h6>\n<\/td>\n<td width=\"66\">\n<h6>4&#215;100 RC<\/h6>\n<\/td>\n<td width=\"68\">\n<h6>4.43.99<\/h6>\n<\/td>\n<\/tr>\n<tr>\n<td width=\"53\">\n<h6>4<\/h6>\n<\/td>\n<td width=\"53\">\n<h6>1<\/h6>\n<\/td>\n<td width=\"59\">\n<h6>Plata<\/h6>\n<\/td>\n<td width=\"56\">\n<h6>ANV A<\/h6>\n<\/td>\n<td width=\"203\">\n<h6>Oscar Morales, Federico G\u00e1lvez, Andr\u00e9s Lara, Mat\u00edas N\u00fa\u00f1ez<\/h6>\n<\/td>\n<td width=\"105\">\n<h6>13-14<\/h6>\n<\/td>\n<td width=\"66\">\n<h6>4&#215;100 RC<\/h6>\n<\/td>\n<td width=\"68\">\n<h6>4.27.00<\/h6>\n<\/td>\n<\/tr>\n<tr>\n<td width=\"53\">\n<h6>5<\/h6>\n<\/td>\n<td width=\"53\">\n<h6>1<\/h6>\n<\/td>\n<td width=\"59\">\n<h6>Bronce<\/h6>\n<\/td>\n<td width=\"56\">\n<h6>ANV B<\/h6>\n<\/td>\n<td width=\"203\">\n<h6>Valeria Lara, Nahomi Guzm\u00e1n, Andrea Torres, Ana Sofia Barceinas<\/h6>\n<\/td>\n<td width=\"105\">\n<h6>15 y mayores<\/h6>\n<\/td>\n<td width=\"66\">\n<h6>4&#215;100 RC<\/h6>\n<\/td>\n<td width=\"68\">\n<h6>4.36.66<\/h6>\n<\/td>\n<\/tr>\n<tr>\n<td width=\"53\">\n<h6>6<\/h6>\n<\/td>\n<td width=\"53\">\n<h6>2<\/h6>\n<\/td>\n<td width=\"59\">\n<h6>Bronce<\/h6>\n<\/td>\n<td width=\"56\">\n<h6>ANV B<\/h6>\n<\/td>\n<td width=\"203\">\n<h6>Sof\u00eda Lerdo, Ana Isabel Flores, Fernanda Hern\u00e1ndez, Katherina Ca\u00f1edo<\/h6>\n<\/td>\n<td width=\"105\">\n<h6>13-14<\/h6>\n<\/td>\n<td width=\"66\">\n<h6>4&#215;100 RC<\/h6>\n<\/td>\n<td width=\"68\">\n<h6>4.51.55<\/h6>\n<\/td>\n<\/tr>\n<tr>\n<td width=\"53\">\n<h6>7<\/h6>\n<\/td>\n<td width=\"53\">\n<h6>3<\/h6>\n<\/td>\n<td width=\"59\">\n<h6>Bronce<\/h6>\n<\/td>\n<td width=\"56\">\n<h6>ANV C<\/h6>\n<\/td>\n<td width=\"203\">\n<h6>Iv\u00e1n Rodr\u00edguez, Roberto Lever, mateo Suarez, Emilio Cruz<\/h6>\n<\/td>\n<td width=\"105\">\n<h6>13-14<\/h6>\n<\/td>\n<td width=\"66\">\n<h6>4&#215;100 RC<\/h6>\n<\/td>\n<td width=\"68\">\n<h6>4.35.43<\/h6>\n<\/td>\n<\/tr>\n<\/tbody>\n<\/table>\n","protected":false},"excerpt":{"rendered":"<p>(Foto: acu\u00e1ticanelsonvargas) Segunda jornada de competencia en el marco del Campeonato Estatal de Oro Juvenil,<\/p>\n","protected":false},"author":2,"featured_media":0,"comment_status":"open","ping_status":"open","sticky":false,"template":"","format":"standard","meta":{"_jetpack_memberships_contains_paid_content":false,"footnotes":""},"categories":[5],"tags":[],"class_list":["post-1944","post","type-post","status-publish","format-standard","hentry","category-amateur"],"yoast_head":"<!-- This site is optimized with the Yoast SEO plugin v25.7 - https:\/\/yoast.com\/wordpress\/plugins\/seo\/ -->\n<title>44 MEDALLAS M\u00c1S, SUMA ACU\u00c1TICA NELSONVARGAS EN EL ESTATAL DE ORO - Esbozo Deportivo<\/title>\n<meta name=\"robots\" content=\"index, follow, max-snippet:-1, max-image-preview:large, max-video-preview:-1\" \/>\n<link rel=\"canonical\" href=\"https:\/\/esbozodeportivo.com\/index.php\/2023\/11\/18\/44-medallas-mas-suma-acuatica-nelsonvargas-en-el-estatal-de-oro\/\" \/>\n<meta property=\"og:locale\" content=\"es_MX\" \/>\n<meta property=\"og:type\" content=\"article\" \/>\n<meta property=\"og:title\" content=\"44 MEDALLAS M\u00c1S, SUMA ACU\u00c1TICA NELSONVARGAS EN EL ESTATAL DE ORO - Esbozo Deportivo\" \/>\n<meta property=\"og:description\" content=\"(Foto: acu\u00e1ticanelsonvargas) Segunda jornada de competencia en el marco del Campeonato Estatal de Oro Juvenil,\" \/>\n<meta property=\"og:url\" content=\"https:\/\/esbozodeportivo.com\/index.php\/2023\/11\/18\/44-medallas-mas-suma-acuatica-nelsonvargas-en-el-estatal-de-oro\/\" \/>\n<meta property=\"og:site_name\" content=\"Esbozo Deportivo\" \/>\n<meta property=\"article:published_time\" content=\"2023-11-18T06:30:57+00:00\" \/>\n<meta property=\"article:modified_time\" content=\"2023-11-18T06:38:29+00:00\" \/>\n<meta property=\"og:image\" content=\"https:\/\/esbozodeportivo.com\/wp-content\/uploads\/2023\/11\/ANV-17f-1024x682.jpg\" \/>\n<meta name=\"author\" content=\"Javier De La Cruz\" \/>\n<meta name=\"twitter:card\" content=\"summary_large_image\" \/>\n<meta name=\"twitter:label1\" content=\"Escrito por\" \/>\n\t<meta name=\"twitter:data1\" content=\"Javier De La Cruz\" \/>\n\t<meta name=\"twitter:label2\" content=\"Tiempo de lectura\" \/>\n\t<meta name=\"twitter:data2\" content=\"3 minutos\" \/>\n<script type=\"application\/ld+json\" class=\"yoast-schema-graph\">{\"@context\":\"https:\/\/schema.org\",\"@graph\":[{\"@type\":\"Article\",\"@id\":\"https:\/\/esbozodeportivo.com\/index.php\/2023\/11\/18\/44-medallas-mas-suma-acuatica-nelsonvargas-en-el-estatal-de-oro\/#article\",\"isPartOf\":{\"@id\":\"https:\/\/esbozodeportivo.com\/index.php\/2023\/11\/18\/44-medallas-mas-suma-acuatica-nelsonvargas-en-el-estatal-de-oro\/\"},\"author\":{\"name\":\"Javier De La Cruz\",\"@id\":\"https:\/\/esbozodeportivo.com\/#\/schema\/person\/7277119c98823aec37bbb84e125efd44\"},\"headline\":\"44 MEDALLAS M\u00c1S, SUMA ACU\u00c1TICA NELSONVARGAS EN EL ESTATAL DE ORO\",\"datePublished\":\"2023-11-18T06:30:57+00:00\",\"dateModified\":\"2023-11-18T06:38:29+00:00\",\"mainEntityOfPage\":{\"@id\":\"https:\/\/esbozodeportivo.com\/index.php\/2023\/11\/18\/44-medallas-mas-suma-acuatica-nelsonvargas-en-el-estatal-de-oro\/\"},\"wordCount\":706,\"commentCount\":0,\"publisher\":{\"@id\":\"https:\/\/esbozodeportivo.com\/#organization\"},\"image\":{\"@id\":\"https:\/\/esbozodeportivo.com\/index.php\/2023\/11\/18\/44-medallas-mas-suma-acuatica-nelsonvargas-en-el-estatal-de-oro\/#primaryimage\"},\"thumbnailUrl\":\"https:\/\/esbozodeportivo.com\/wp-content\/uploads\/2023\/11\/ANV-17f-1024x682.jpg\",\"articleSection\":[\"Amateur\"],\"inLanguage\":\"es\",\"potentialAction\":[{\"@type\":\"CommentAction\",\"name\":\"Comment\",\"target\":[\"https:\/\/esbozodeportivo.com\/index.php\/2023\/11\/18\/44-medallas-mas-suma-acuatica-nelsonvargas-en-el-estatal-de-oro\/#respond\"]}]},{\"@type\":\"WebPage\",\"@id\":\"https:\/\/esbozodeportivo.com\/index.php\/2023\/11\/18\/44-medallas-mas-suma-acuatica-nelsonvargas-en-el-estatal-de-oro\/\",\"url\":\"https:\/\/esbozodeportivo.com\/index.php\/2023\/11\/18\/44-medallas-mas-suma-acuatica-nelsonvargas-en-el-estatal-de-oro\/\",\"name\":\"44 MEDALLAS M\u00c1S, SUMA ACU\u00c1TICA NELSONVARGAS EN EL ESTATAL DE ORO - Esbozo Deportivo\",\"isPartOf\":{\"@id\":\"https:\/\/esbozodeportivo.com\/#website\"},\"primaryImageOfPage\":{\"@id\":\"https:\/\/esbozodeportivo.com\/index.php\/2023\/11\/18\/44-medallas-mas-suma-acuatica-nelsonvargas-en-el-estatal-de-oro\/#primaryimage\"},\"image\":{\"@id\":\"https:\/\/esbozodeportivo.com\/index.php\/2023\/11\/18\/44-medallas-mas-suma-acuatica-nelsonvargas-en-el-estatal-de-oro\/#primaryimage\"},\"thumbnailUrl\":\"https:\/\/esbozodeportivo.com\/wp-content\/uploads\/2023\/11\/ANV-17f-1024x682.jpg\",\"datePublished\":\"2023-11-18T06:30:57+00:00\",\"dateModified\":\"2023-11-18T06:38:29+00:00\",\"breadcrumb\":{\"@id\":\"https:\/\/esbozodeportivo.com\/index.php\/2023\/11\/18\/44-medallas-mas-suma-acuatica-nelsonvargas-en-el-estatal-de-oro\/#breadcrumb\"},\"inLanguage\":\"es\",\"potentialAction\":[{\"@type\":\"ReadAction\",\"target\":[\"https:\/\/esbozodeportivo.com\/index.php\/2023\/11\/18\/44-medallas-mas-suma-acuatica-nelsonvargas-en-el-estatal-de-oro\/\"]}]},{\"@type\":\"ImageObject\",\"inLanguage\":\"es\",\"@id\":\"https:\/\/esbozodeportivo.com\/index.php\/2023\/11\/18\/44-medallas-mas-suma-acuatica-nelsonvargas-en-el-estatal-de-oro\/#primaryimage\",\"url\":\"https:\/\/esbozodeportivo.com\/wp-content\/uploads\/2023\/11\/ANV-17f.jpg\",\"contentUrl\":\"https:\/\/esbozodeportivo.com\/wp-content\/uploads\/2023\/11\/ANV-17f.jpg\",\"width\":1600,\"height\":1066},{\"@type\":\"BreadcrumbList\",\"@id\":\"https:\/\/esbozodeportivo.com\/index.php\/2023\/11\/18\/44-medallas-mas-suma-acuatica-nelsonvargas-en-el-estatal-de-oro\/#breadcrumb\",\"itemListElement\":[{\"@type\":\"ListItem\",\"position\":1,\"name\":\"Inicio\",\"item\":\"https:\/\/esbozodeportivo.com\/\"},{\"@type\":\"ListItem\",\"position\":2,\"name\":\"44 MEDALLAS M\u00c1S, SUMA ACU\u00c1TICA NELSONVARGAS EN EL ESTATAL DE ORO\"}]},{\"@type\":\"WebSite\",\"@id\":\"https:\/\/esbozodeportivo.com\/#website\",\"url\":\"https:\/\/esbozodeportivo.com\/\",\"name\":\"Esbozo Deportivo\",\"description\":\"Lo m\u00e1s importante del Deporte\",\"publisher\":{\"@id\":\"https:\/\/esbozodeportivo.com\/#organization\"},\"potentialAction\":[{\"@type\":\"SearchAction\",\"target\":{\"@type\":\"EntryPoint\",\"urlTemplate\":\"https:\/\/esbozodeportivo.com\/?s={search_term_string}\"},\"query-input\":{\"@type\":\"PropertyValueSpecification\",\"valueRequired\":true,\"valueName\":\"search_term_string\"}}],\"inLanguage\":\"es\"},{\"@type\":\"Organization\",\"@id\":\"https:\/\/esbozodeportivo.com\/#organization\",\"name\":\"Esbozo Deportivo\",\"url\":\"https:\/\/esbozodeportivo.com\/\",\"logo\":{\"@type\":\"ImageObject\",\"inLanguage\":\"es\",\"@id\":\"https:\/\/esbozodeportivo.com\/#\/schema\/logo\/image\/\",\"url\":\"https:\/\/esbozodeportivo.com\/wp-content\/uploads\/2022\/08\/cropped-Logo-Esbozo-Web-2.png\",\"contentUrl\":\"https:\/\/esbozodeportivo.com\/wp-content\/uploads\/2022\/08\/cropped-Logo-Esbozo-Web-2.png\",\"width\":180,\"height\":50,\"caption\":\"Esbozo Deportivo\"},\"image\":{\"@id\":\"https:\/\/esbozodeportivo.com\/#\/schema\/logo\/image\/\"}},{\"@type\":\"Person\",\"@id\":\"https:\/\/esbozodeportivo.com\/#\/schema\/person\/7277119c98823aec37bbb84e125efd44\",\"name\":\"Javier De La Cruz\",\"image\":{\"@type\":\"ImageObject\",\"inLanguage\":\"es\",\"@id\":\"https:\/\/esbozodeportivo.com\/#\/schema\/person\/image\/\",\"url\":\"https:\/\/secure.gravatar.com\/avatar\/366235a56d20f1a6e8e3d0b295897639357bea880470ddf261d17bb0bc052eb1?s=96&d=mm&r=g\",\"contentUrl\":\"https:\/\/secure.gravatar.com\/avatar\/366235a56d20f1a6e8e3d0b295897639357bea880470ddf261d17bb0bc052eb1?s=96&d=mm&r=g\",\"caption\":\"Javier De La Cruz\"},\"url\":\"https:\/\/esbozodeportivo.com\/index.php\/author\/javier-de-la-cruz-de-la-cruz\/\"}]}<\/script>\n<!-- \/ Yoast SEO plugin. -->","yoast_head_json":{"title":"44 MEDALLAS M\u00c1S, SUMA ACU\u00c1TICA NELSONVARGAS EN EL ESTATAL DE ORO - Esbozo Deportivo","robots":{"index":"index","follow":"follow","max-snippet":"max-snippet:-1","max-image-preview":"max-image-preview:large","max-video-preview":"max-video-preview:-1"},"canonical":"https:\/\/esbozodeportivo.com\/index.php\/2023\/11\/18\/44-medallas-mas-suma-acuatica-nelsonvargas-en-el-estatal-de-oro\/","og_locale":"es_MX","og_type":"article","og_title":"44 MEDALLAS M\u00c1S, SUMA ACU\u00c1TICA NELSONVARGAS EN EL ESTATAL DE ORO - Esbozo Deportivo","og_description":"(Foto: acu\u00e1ticanelsonvargas) Segunda jornada de competencia en el marco del Campeonato Estatal de Oro Juvenil,","og_url":"https:\/\/esbozodeportivo.com\/index.php\/2023\/11\/18\/44-medallas-mas-suma-acuatica-nelsonvargas-en-el-estatal-de-oro\/","og_site_name":"Esbozo Deportivo","article_published_time":"2023-11-18T06:30:57+00:00","article_modified_time":"2023-11-18T06:38:29+00:00","og_image":[{"url":"https:\/\/esbozodeportivo.com\/wp-content\/uploads\/2023\/11\/ANV-17f-1024x682.jpg","type":"","width":"","height":""}],"author":"Javier De La Cruz","twitter_card":"summary_large_image","twitter_misc":{"Escrito por":"Javier De La Cruz","Tiempo de lectura":"3 minutos"},"schema":{"@context":"https:\/\/schema.org","@graph":[{"@type":"Article","@id":"https:\/\/esbozodeportivo.com\/index.php\/2023\/11\/18\/44-medallas-mas-suma-acuatica-nelsonvargas-en-el-estatal-de-oro\/#article","isPartOf":{"@id":"https:\/\/esbozodeportivo.com\/index.php\/2023\/11\/18\/44-medallas-mas-suma-acuatica-nelsonvargas-en-el-estatal-de-oro\/"},"author":{"name":"Javier De La Cruz","@id":"https:\/\/esbozodeportivo.com\/#\/schema\/person\/7277119c98823aec37bbb84e125efd44"},"headline":"44 MEDALLAS M\u00c1S, SUMA ACU\u00c1TICA NELSONVARGAS EN EL ESTATAL DE ORO","datePublished":"2023-11-18T06:30:57+00:00","dateModified":"2023-11-18T06:38:29+00:00","mainEntityOfPage":{"@id":"https:\/\/esbozodeportivo.com\/index.php\/2023\/11\/18\/44-medallas-mas-suma-acuatica-nelsonvargas-en-el-estatal-de-oro\/"},"wordCount":706,"commentCount":0,"publisher":{"@id":"https:\/\/esbozodeportivo.com\/#organization"},"image":{"@id":"https:\/\/esbozodeportivo.com\/index.php\/2023\/11\/18\/44-medallas-mas-suma-acuatica-nelsonvargas-en-el-estatal-de-oro\/#primaryimage"},"thumbnailUrl":"https:\/\/esbozodeportivo.com\/wp-content\/uploads\/2023\/11\/ANV-17f-1024x682.jpg","articleSection":["Amateur"],"inLanguage":"es","potentialAction":[{"@type":"CommentAction","name":"Comment","target":["https:\/\/esbozodeportivo.com\/index.php\/2023\/11\/18\/44-medallas-mas-suma-acuatica-nelsonvargas-en-el-estatal-de-oro\/#respond"]}]},{"@type":"WebPage","@id":"https:\/\/esbozodeportivo.com\/index.php\/2023\/11\/18\/44-medallas-mas-suma-acuatica-nelsonvargas-en-el-estatal-de-oro\/","url":"https:\/\/esbozodeportivo.com\/index.php\/2023\/11\/18\/44-medallas-mas-suma-acuatica-nelsonvargas-en-el-estatal-de-oro\/","name":"44 MEDALLAS M\u00c1S, SUMA ACU\u00c1TICA NELSONVARGAS EN EL ESTATAL DE ORO - Esbozo Deportivo","isPartOf":{"@id":"https:\/\/esbozodeportivo.com\/#website"},"primaryImageOfPage":{"@id":"https:\/\/esbozodeportivo.com\/index.php\/2023\/11\/18\/44-medallas-mas-suma-acuatica-nelsonvargas-en-el-estatal-de-oro\/#primaryimage"},"image":{"@id":"https:\/\/esbozodeportivo.com\/index.php\/2023\/11\/18\/44-medallas-mas-suma-acuatica-nelsonvargas-en-el-estatal-de-oro\/#primaryimage"},"thumbnailUrl":"https:\/\/esbozodeportivo.com\/wp-content\/uploads\/2023\/11\/ANV-17f-1024x682.jpg","datePublished":"2023-11-18T06:30:57+00:00","dateModified":"2023-11-18T06:38:29+00:00","breadcrumb":{"@id":"https:\/\/esbozodeportivo.com\/index.php\/2023\/11\/18\/44-medallas-mas-suma-acuatica-nelsonvargas-en-el-estatal-de-oro\/#breadcrumb"},"inLanguage":"es","potentialAction":[{"@type":"ReadAction","target":["https:\/\/esbozodeportivo.com\/index.php\/2023\/11\/18\/44-medallas-mas-suma-acuatica-nelsonvargas-en-el-estatal-de-oro\/"]}]},{"@type":"ImageObject","inLanguage":"es","@id":"https:\/\/esbozodeportivo.com\/index.php\/2023\/11\/18\/44-medallas-mas-suma-acuatica-nelsonvargas-en-el-estatal-de-oro\/#primaryimage","url":"https:\/\/esbozodeportivo.com\/wp-content\/uploads\/2023\/11\/ANV-17f.jpg","contentUrl":"https:\/\/esbozodeportivo.com\/wp-content\/uploads\/2023\/11\/ANV-17f.jpg","width":1600,"height":1066},{"@type":"BreadcrumbList","@id":"https:\/\/esbozodeportivo.com\/index.php\/2023\/11\/18\/44-medallas-mas-suma-acuatica-nelsonvargas-en-el-estatal-de-oro\/#breadcrumb","itemListElement":[{"@type":"ListItem","position":1,"name":"Inicio","item":"https:\/\/esbozodeportivo.com\/"},{"@type":"ListItem","position":2,"name":"44 MEDALLAS M\u00c1S, SUMA ACU\u00c1TICA NELSONVARGAS EN EL ESTATAL DE ORO"}]},{"@type":"WebSite","@id":"https:\/\/esbozodeportivo.com\/#website","url":"https:\/\/esbozodeportivo.com\/","name":"Esbozo Deportivo","description":"Lo m\u00e1s importante del Deporte","publisher":{"@id":"https:\/\/esbozodeportivo.com\/#organization"},"potentialAction":[{"@type":"SearchAction","target":{"@type":"EntryPoint","urlTemplate":"https:\/\/esbozodeportivo.com\/?s={search_term_string}"},"query-input":{"@type":"PropertyValueSpecification","valueRequired":true,"valueName":"search_term_string"}}],"inLanguage":"es"},{"@type":"Organization","@id":"https:\/\/esbozodeportivo.com\/#organization","name":"Esbozo Deportivo","url":"https:\/\/esbozodeportivo.com\/","logo":{"@type":"ImageObject","inLanguage":"es","@id":"https:\/\/esbozodeportivo.com\/#\/schema\/logo\/image\/","url":"https:\/\/esbozodeportivo.com\/wp-content\/uploads\/2022\/08\/cropped-Logo-Esbozo-Web-2.png","contentUrl":"https:\/\/esbozodeportivo.com\/wp-content\/uploads\/2022\/08\/cropped-Logo-Esbozo-Web-2.png","width":180,"height":50,"caption":"Esbozo Deportivo"},"image":{"@id":"https:\/\/esbozodeportivo.com\/#\/schema\/logo\/image\/"}},{"@type":"Person","@id":"https:\/\/esbozodeportivo.com\/#\/schema\/person\/7277119c98823aec37bbb84e125efd44","name":"Javier De La Cruz","image":{"@type":"ImageObject","inLanguage":"es","@id":"https:\/\/esbozodeportivo.com\/#\/schema\/person\/image\/","url":"https:\/\/secure.gravatar.com\/avatar\/366235a56d20f1a6e8e3d0b295897639357bea880470ddf261d17bb0bc052eb1?s=96&d=mm&r=g","contentUrl":"https:\/\/secure.gravatar.com\/avatar\/366235a56d20f1a6e8e3d0b295897639357bea880470ddf261d17bb0bc052eb1?s=96&d=mm&r=g","caption":"Javier De La Cruz"},"url":"https:\/\/esbozodeportivo.com\/index.php\/author\/javier-de-la-cruz-de-la-cruz\/"}]}},"jetpack_featured_media_url":"","jetpack_sharing_enabled":true,"_links":{"self":[{"href":"https:\/\/esbozodeportivo.com\/index.php\/wp-json\/wp\/v2\/posts\/1944","targetHints":{"allow":["GET"]}}],"collection":[{"href":"https:\/\/esbozodeportivo.com\/index.php\/wp-json\/wp\/v2\/posts"}],"about":[{"href":"https:\/\/esbozodeportivo.com\/index.php\/wp-json\/wp\/v2\/types\/post"}],"author":[{"embeddable":true,"href":"https:\/\/esbozodeportivo.com\/index.php\/wp-json\/wp\/v2\/users\/2"}],"replies":[{"embeddable":true,"href":"https:\/\/esbozodeportivo.com\/index.php\/wp-json\/wp\/v2\/comments?post=1944"}],"version-history":[{"count":4,"href":"https:\/\/esbozodeportivo.com\/index.php\/wp-json\/wp\/v2\/posts\/1944\/revisions"}],"predecessor-version":[{"id":1955,"href":"https:\/\/esbozodeportivo.com\/index.php\/wp-json\/wp\/v2\/posts\/1944\/revisions\/1955"}],"wp:attachment":[{"href":"https:\/\/esbozodeportivo.com\/index.php\/wp-json\/wp\/v2\/media?parent=1944"}],"wp:term":[{"taxonomy":"category","embeddable":true,"href":"https:\/\/esbozodeportivo.com\/index.php\/wp-json\/wp\/v2\/categories?post=1944"},{"taxonomy":"post_tag","embeddable":true,"href":"https:\/\/esbozodeportivo.com\/index.php\/wp-json\/wp\/v2\/tags?post=1944"}],"curies":[{"name":"wp","href":"https:\/\/api.w.org\/{rel}","templated":true}]}}