{"id":1956,"date":"2023-11-22T05:16:26","date_gmt":"2023-11-22T05:16:26","guid":{"rendered":"https:\/\/esbozodeportivo.com\/?p=1956"},"modified":"2023-11-22T05:22:38","modified_gmt":"2023-11-22T05:22:38","slug":"mexico-tiene-la-sede-de-los-juegos-panamericanos-de-los-trabajadores","status":"publish","type":"post","link":"https:\/\/esbozodeportivo.com\/index.php\/2023\/11\/22\/mexico-tiene-la-sede-de-los-juegos-panamericanos-de-los-trabajadores\/","title":{"rendered":"M\u00e9xico tiene la sede de los Juegos Panamericanos de los Trabajadores"},"content":{"rendered":"<style>\/*! elementor - v3.17.0 - 08-11-2023 *\/\n.elementor-widget-image{text-align:center}.elementor-widget-image a{display:inline-block}.elementor-widget-image a img[src$=\".svg\"]{width:48px}.elementor-widget-image img{vertical-align:middle;display:inline-block}<\/style>\n<p>\t\t\t\t\t\t\t\t\t\t\t\t<img decoding=\"async\" width=\"640\" height=\"480\" src=\"https:\/\/esbozodeportivo.com\/wp-content\/uploads\/2023\/11\/DSCN9013-1024x768.jpg\" alt=\"\" loading=\"lazy\" srcset=\"https:\/\/esbozodeportivo.com\/wp-content\/uploads\/2023\/11\/DSCN9013-1024x768.jpg 1024w, https:\/\/esbozodeportivo.com\/wp-content\/uploads\/2023\/11\/DSCN9013-300x225.jpg 300w, https:\/\/esbozodeportivo.com\/wp-content\/uploads\/2023\/11\/DSCN9013-768x576.jpg 768w, https:\/\/esbozodeportivo.com\/wp-content\/uploads\/2023\/11\/DSCN9013-1536x1152.jpg 1536w, https:\/\/esbozodeportivo.com\/wp-content\/uploads\/2023\/11\/DSCN9013-2048x1536.jpg 2048w\" sizes=\"auto, (max-width: 640px) 100vw, 640px\" \/>\t\t\t\t\t\t\t\t\t\t\t\t\t\t\t<\/p>\n<p>(Foto: INDET)<\/p>\n<p>La Confederaci\u00f3n Deportiva Panamericana de los Trabajadores (COPADET), que preside el Profesor Pablo Reyes Osorio, anunci\u00f3 que ya se hace todo la planeaci\u00f3n para llevar a cabo en M\u00e9xico los I Juegos Deportivos Panamericanos de los Trabajadores, programados para disputarse en noviembre del pr\u00f3ximo a\u00f1o.<\/p>\n<p>El su calidad de titular de la COPADET, Reyes Osorio destac\u00f3 la labor conjunta que lleva a cabo con la Comisi\u00f3n Nacional de Cultura F\u00edsica y Deporte (CONADE), para organizar este hist\u00f3rico certamen continental, para promover el deporte y compartir programas que impulsen el bienestar de los trabajadores entre los pa\u00edses que integran el organismo panamericano.<\/p>\n<p>Cabe recordar que M\u00e9xico recibi\u00f3 la sede en forma oficial de los I Juegos Deportivos Panamericanos de los Trabajadores, durante la ceremonia que se realiz\u00f3 en el marco de los 51 Juegos Deportivos y Recreativos de los Trabajadores en Oaxtepec, Morelos, del 5 al 9 de noviembre pasado.<\/p>\n<p>El licenciado Luis Emir Delint Armengol, Director de Activaci\u00f3n F\u00edsica de la Comisi\u00f3n Nacional del Deporte y el Profesor Gonzalo Rodr\u00edguez S\u00e1nchez, Secretario General de la Confederaci\u00f3n Deportiva Panamericana de los Trabajadores, firmaron como testigos de honor el documento en el que se otorga la sede a nuestro pa\u00eds de la justa continental deportiva.<\/p>\n<p>\t\t\t\t\t\t\t\t\t\t\t\t\t\t\t<img decoding=\"async\" width=\"640\" height=\"480\" src=\"https:\/\/esbozodeportivo.com\/wp-content\/uploads\/2023\/11\/DSCN9010-1024x768.jpg\" alt=\"\" loading=\"lazy\" srcset=\"https:\/\/esbozodeportivo.com\/wp-content\/uploads\/2023\/11\/DSCN9010-1024x768.jpg 1024w, https:\/\/esbozodeportivo.com\/wp-content\/uploads\/2023\/11\/DSCN9010-300x225.jpg 300w, https:\/\/esbozodeportivo.com\/wp-content\/uploads\/2023\/11\/DSCN9010-768x576.jpg 768w, https:\/\/esbozodeportivo.com\/wp-content\/uploads\/2023\/11\/DSCN9010-1536x1152.jpg 1536w, https:\/\/esbozodeportivo.com\/wp-content\/uploads\/2023\/11\/DSCN9010-2048x1536.jpg 2048w\" sizes=\"auto, (max-width: 640px) 100vw, 640px\" \/>\t\t\t\t\t\t\t\t\t\t\t\t\t\t\t<\/p>\n<p>(Foto: INDET)<\/p>\n<p>Los representantes de Estados Unidos, el Caribe, Centroam\u00e9rica y Sudam\u00e9rica, conjuntamente con el IDET, propusieron a M\u00e9xico como sede de los I Juegos Panamericanos de \u00a0los Trabajadores, en espera de que se disputen en el Centro Vacacional IMSS-Oaxtepec, instalaci\u00f3n que cubre con los requisitos para que los trabajadores de Am\u00e9rica lleven a cabo los con la bandera de hermandad y solidaridad.<\/p>\n<p>\u00a0\u201cEs una labor indudablemente de la COPADET por llevar deporte a todos los pa\u00edses del continente. Hoy M\u00e9xico ha hecho historia al contar con la sede de los Juegos Panamericanos de los Trabajadores, con el apoyo de nuestros pa\u00edses hermano que constataron el nivel de organizaci\u00f3n que tenemos los mexicanos\u201d, dijo el Profesor Pablo Reyes Osorio.<\/p>\n<p>En la firma del documento realizada en Oaxtepec, Morelos, se dieron cita Pedro Enrique Bola\u00f1os Villalobos, de Costa Rica, Vicepresidente por el Caribe; Miguel \u00c1ngel Osorio, presidente de la American Amateur Sports Organization y Vicepresidente de COPADET por Norteam\u00e9rica; Wayne Sargeant, de Trinidad y Tobago, y Consuelo B\u00e1ez, de Cuba, Vicepresidentes por Centroam\u00e9rica, y Ennio Cornejo, de Per\u00fa, Vicepresidente por Sudam\u00e9rica.<\/p>\n<p>\u00a0<\/p>\n","protected":false},"excerpt":{"rendered":"<p>(Foto: INDET) La Confederaci\u00f3n Deportiva Panamericana de los Trabajadores (COPADET), que preside el Profesor Pablo<\/p>\n","protected":false},"author":2,"featured_media":0,"comment_status":"open","ping_status":"open","sticky":false,"template":"","format":"standard","meta":{"_jetpack_memberships_contains_paid_content":false,"footnotes":""},"categories":[5],"tags":[],"class_list":["post-1956","post","type-post","status-publish","format-standard","hentry","category-amateur"],"yoast_head":"<!-- This site is optimized with the Yoast SEO plugin v25.7 - https:\/\/yoast.com\/wordpress\/plugins\/seo\/ -->\n<title>M\u00e9xico tiene la sede de los Juegos Panamericanos de los Trabajadores - Esbozo Deportivo<\/title>\n<meta name=\"robots\" content=\"index, follow, max-snippet:-1, max-image-preview:large, max-video-preview:-1\" \/>\n<link rel=\"canonical\" href=\"https:\/\/esbozodeportivo.com\/index.php\/2023\/11\/22\/mexico-tiene-la-sede-de-los-juegos-panamericanos-de-los-trabajadores\/\" \/>\n<meta property=\"og:locale\" content=\"es_MX\" \/>\n<meta property=\"og:type\" content=\"article\" \/>\n<meta property=\"og:title\" content=\"M\u00e9xico tiene la sede de los Juegos Panamericanos de los Trabajadores - Esbozo Deportivo\" \/>\n<meta property=\"og:description\" content=\"(Foto: INDET) La Confederaci\u00f3n Deportiva Panamericana de los Trabajadores (COPADET), que preside el Profesor Pablo\" \/>\n<meta property=\"og:url\" content=\"https:\/\/esbozodeportivo.com\/index.php\/2023\/11\/22\/mexico-tiene-la-sede-de-los-juegos-panamericanos-de-los-trabajadores\/\" \/>\n<meta property=\"og:site_name\" content=\"Esbozo Deportivo\" \/>\n<meta property=\"article:published_time\" content=\"2023-11-22T05:16:26+00:00\" \/>\n<meta property=\"article:modified_time\" content=\"2023-11-22T05:22:38+00:00\" \/>\n<meta property=\"og:image\" content=\"https:\/\/esbozodeportivo.com\/wp-content\/uploads\/2023\/11\/DSCN9013-1024x768.jpg\" \/>\n<meta name=\"author\" content=\"Javier De La Cruz\" \/>\n<meta name=\"twitter:card\" content=\"summary_large_image\" \/>\n<meta name=\"twitter:label1\" content=\"Escrito por\" \/>\n\t<meta name=\"twitter:data1\" content=\"Javier De La Cruz\" \/>\n\t<meta name=\"twitter:label2\" content=\"Tiempo de lectura\" \/>\n\t<meta name=\"twitter:data2\" content=\"2 minutos\" \/>\n<script type=\"application\/ld+json\" class=\"yoast-schema-graph\">{\"@context\":\"https:\/\/schema.org\",\"@graph\":[{\"@type\":\"Article\",\"@id\":\"https:\/\/esbozodeportivo.com\/index.php\/2023\/11\/22\/mexico-tiene-la-sede-de-los-juegos-panamericanos-de-los-trabajadores\/#article\",\"isPartOf\":{\"@id\":\"https:\/\/esbozodeportivo.com\/index.php\/2023\/11\/22\/mexico-tiene-la-sede-de-los-juegos-panamericanos-de-los-trabajadores\/\"},\"author\":{\"name\":\"Javier De La Cruz\",\"@id\":\"https:\/\/esbozodeportivo.com\/#\/schema\/person\/7277119c98823aec37bbb84e125efd44\"},\"headline\":\"M\u00e9xico tiene la sede de los Juegos Panamericanos de los Trabajadores\",\"datePublished\":\"2023-11-22T05:16:26+00:00\",\"dateModified\":\"2023-11-22T05:22:38+00:00\",\"mainEntityOfPage\":{\"@id\":\"https:\/\/esbozodeportivo.com\/index.php\/2023\/11\/22\/mexico-tiene-la-sede-de-los-juegos-panamericanos-de-los-trabajadores\/\"},\"wordCount\":425,\"commentCount\":0,\"publisher\":{\"@id\":\"https:\/\/esbozodeportivo.com\/#organization\"},\"image\":{\"@id\":\"https:\/\/esbozodeportivo.com\/index.php\/2023\/11\/22\/mexico-tiene-la-sede-de-los-juegos-panamericanos-de-los-trabajadores\/#primaryimage\"},\"thumbnailUrl\":\"https:\/\/esbozodeportivo.com\/wp-content\/uploads\/2023\/11\/DSCN9013-1024x768.jpg\",\"articleSection\":[\"Amateur\"],\"inLanguage\":\"es\",\"potentialAction\":[{\"@type\":\"CommentAction\",\"name\":\"Comment\",\"target\":[\"https:\/\/esbozodeportivo.com\/index.php\/2023\/11\/22\/mexico-tiene-la-sede-de-los-juegos-panamericanos-de-los-trabajadores\/#respond\"]}]},{\"@type\":\"WebPage\",\"@id\":\"https:\/\/esbozodeportivo.com\/index.php\/2023\/11\/22\/mexico-tiene-la-sede-de-los-juegos-panamericanos-de-los-trabajadores\/\",\"url\":\"https:\/\/esbozodeportivo.com\/index.php\/2023\/11\/22\/mexico-tiene-la-sede-de-los-juegos-panamericanos-de-los-trabajadores\/\",\"name\":\"M\u00e9xico tiene la sede de los Juegos Panamericanos de los Trabajadores - Esbozo Deportivo\",\"isPartOf\":{\"@id\":\"https:\/\/esbozodeportivo.com\/#website\"},\"primaryImageOfPage\":{\"@id\":\"https:\/\/esbozodeportivo.com\/index.php\/2023\/11\/22\/mexico-tiene-la-sede-de-los-juegos-panamericanos-de-los-trabajadores\/#primaryimage\"},\"image\":{\"@id\":\"https:\/\/esbozodeportivo.com\/index.php\/2023\/11\/22\/mexico-tiene-la-sede-de-los-juegos-panamericanos-de-los-trabajadores\/#primaryimage\"},\"thumbnailUrl\":\"https:\/\/esbozodeportivo.com\/wp-content\/uploads\/2023\/11\/DSCN9013-1024x768.jpg\",\"datePublished\":\"2023-11-22T05:16:26+00:00\",\"dateModified\":\"2023-11-22T05:22:38+00:00\",\"breadcrumb\":{\"@id\":\"https:\/\/esbozodeportivo.com\/index.php\/2023\/11\/22\/mexico-tiene-la-sede-de-los-juegos-panamericanos-de-los-trabajadores\/#breadcrumb\"},\"inLanguage\":\"es\",\"potentialAction\":[{\"@type\":\"ReadAction\",\"target\":[\"https:\/\/esbozodeportivo.com\/index.php\/2023\/11\/22\/mexico-tiene-la-sede-de-los-juegos-panamericanos-de-los-trabajadores\/\"]}]},{\"@type\":\"ImageObject\",\"inLanguage\":\"es\",\"@id\":\"https:\/\/esbozodeportivo.com\/index.php\/2023\/11\/22\/mexico-tiene-la-sede-de-los-juegos-panamericanos-de-los-trabajadores\/#primaryimage\",\"url\":\"https:\/\/esbozodeportivo.com\/wp-content\/uploads\/2023\/11\/DSCN9013-scaled.jpg\",\"contentUrl\":\"https:\/\/esbozodeportivo.com\/wp-content\/uploads\/2023\/11\/DSCN9013-scaled.jpg\",\"width\":2560,\"height\":1920},{\"@type\":\"BreadcrumbList\",\"@id\":\"https:\/\/esbozodeportivo.com\/index.php\/2023\/11\/22\/mexico-tiene-la-sede-de-los-juegos-panamericanos-de-los-trabajadores\/#breadcrumb\",\"itemListElement\":[{\"@type\":\"ListItem\",\"position\":1,\"name\":\"Inicio\",\"item\":\"https:\/\/esbozodeportivo.com\/\"},{\"@type\":\"ListItem\",\"position\":2,\"name\":\"M\u00e9xico tiene la sede de los Juegos Panamericanos de los Trabajadores\"}]},{\"@type\":\"WebSite\",\"@id\":\"https:\/\/esbozodeportivo.com\/#website\",\"url\":\"https:\/\/esbozodeportivo.com\/\",\"name\":\"Esbozo Deportivo\",\"description\":\"Lo m\u00e1s importante del Deporte\",\"publisher\":{\"@id\":\"https:\/\/esbozodeportivo.com\/#organization\"},\"potentialAction\":[{\"@type\":\"SearchAction\",\"target\":{\"@type\":\"EntryPoint\",\"urlTemplate\":\"https:\/\/esbozodeportivo.com\/?s={search_term_string}\"},\"query-input\":{\"@type\":\"PropertyValueSpecification\",\"valueRequired\":true,\"valueName\":\"search_term_string\"}}],\"inLanguage\":\"es\"},{\"@type\":\"Organization\",\"@id\":\"https:\/\/esbozodeportivo.com\/#organization\",\"name\":\"Esbozo Deportivo\",\"url\":\"https:\/\/esbozodeportivo.com\/\",\"logo\":{\"@type\":\"ImageObject\",\"inLanguage\":\"es\",\"@id\":\"https:\/\/esbozodeportivo.com\/#\/schema\/logo\/image\/\",\"url\":\"https:\/\/esbozodeportivo.com\/wp-content\/uploads\/2022\/08\/cropped-Logo-Esbozo-Web-2.png\",\"contentUrl\":\"https:\/\/esbozodeportivo.com\/wp-content\/uploads\/2022\/08\/cropped-Logo-Esbozo-Web-2.png\",\"width\":180,\"height\":50,\"caption\":\"Esbozo Deportivo\"},\"image\":{\"@id\":\"https:\/\/esbozodeportivo.com\/#\/schema\/logo\/image\/\"}},{\"@type\":\"Person\",\"@id\":\"https:\/\/esbozodeportivo.com\/#\/schema\/person\/7277119c98823aec37bbb84e125efd44\",\"name\":\"Javier De La Cruz\",\"image\":{\"@type\":\"ImageObject\",\"inLanguage\":\"es\",\"@id\":\"https:\/\/esbozodeportivo.com\/#\/schema\/person\/image\/\",\"url\":\"https:\/\/secure.gravatar.com\/avatar\/366235a56d20f1a6e8e3d0b295897639357bea880470ddf261d17bb0bc052eb1?s=96&d=mm&r=g\",\"contentUrl\":\"https:\/\/secure.gravatar.com\/avatar\/366235a56d20f1a6e8e3d0b295897639357bea880470ddf261d17bb0bc052eb1?s=96&d=mm&r=g\",\"caption\":\"Javier De La Cruz\"},\"url\":\"https:\/\/esbozodeportivo.com\/index.php\/author\/javier-de-la-cruz-de-la-cruz\/\"}]}<\/script>\n<!-- \/ Yoast SEO plugin. -->","yoast_head_json":{"title":"M\u00e9xico tiene la sede de los Juegos Panamericanos de los Trabajadores - Esbozo Deportivo","robots":{"index":"index","follow":"follow","max-snippet":"max-snippet:-1","max-image-preview":"max-image-preview:large","max-video-preview":"max-video-preview:-1"},"canonical":"https:\/\/esbozodeportivo.com\/index.php\/2023\/11\/22\/mexico-tiene-la-sede-de-los-juegos-panamericanos-de-los-trabajadores\/","og_locale":"es_MX","og_type":"article","og_title":"M\u00e9xico tiene la sede de los Juegos Panamericanos de los Trabajadores - Esbozo Deportivo","og_description":"(Foto: INDET) La Confederaci\u00f3n Deportiva Panamericana de los Trabajadores (COPADET), que preside el Profesor Pablo","og_url":"https:\/\/esbozodeportivo.com\/index.php\/2023\/11\/22\/mexico-tiene-la-sede-de-los-juegos-panamericanos-de-los-trabajadores\/","og_site_name":"Esbozo Deportivo","article_published_time":"2023-11-22T05:16:26+00:00","article_modified_time":"2023-11-22T05:22:38+00:00","og_image":[{"url":"https:\/\/esbozodeportivo.com\/wp-content\/uploads\/2023\/11\/DSCN9013-1024x768.jpg","type":"","width":"","height":""}],"author":"Javier De La Cruz","twitter_card":"summary_large_image","twitter_misc":{"Escrito por":"Javier De La Cruz","Tiempo de lectura":"2 minutos"},"schema":{"@context":"https:\/\/schema.org","@graph":[{"@type":"Article","@id":"https:\/\/esbozodeportivo.com\/index.php\/2023\/11\/22\/mexico-tiene-la-sede-de-los-juegos-panamericanos-de-los-trabajadores\/#article","isPartOf":{"@id":"https:\/\/esbozodeportivo.com\/index.php\/2023\/11\/22\/mexico-tiene-la-sede-de-los-juegos-panamericanos-de-los-trabajadores\/"},"author":{"name":"Javier De La Cruz","@id":"https:\/\/esbozodeportivo.com\/#\/schema\/person\/7277119c98823aec37bbb84e125efd44"},"headline":"M\u00e9xico tiene la sede de los Juegos Panamericanos de los Trabajadores","datePublished":"2023-11-22T05:16:26+00:00","dateModified":"2023-11-22T05:22:38+00:00","mainEntityOfPage":{"@id":"https:\/\/esbozodeportivo.com\/index.php\/2023\/11\/22\/mexico-tiene-la-sede-de-los-juegos-panamericanos-de-los-trabajadores\/"},"wordCount":425,"commentCount":0,"publisher":{"@id":"https:\/\/esbozodeportivo.com\/#organization"},"image":{"@id":"https:\/\/esbozodeportivo.com\/index.php\/2023\/11\/22\/mexico-tiene-la-sede-de-los-juegos-panamericanos-de-los-trabajadores\/#primaryimage"},"thumbnailUrl":"https:\/\/esbozodeportivo.com\/wp-content\/uploads\/2023\/11\/DSCN9013-1024x768.jpg","articleSection":["Amateur"],"inLanguage":"es","potentialAction":[{"@type":"CommentAction","name":"Comment","target":["https:\/\/esbozodeportivo.com\/index.php\/2023\/11\/22\/mexico-tiene-la-sede-de-los-juegos-panamericanos-de-los-trabajadores\/#respond"]}]},{"@type":"WebPage","@id":"https:\/\/esbozodeportivo.com\/index.php\/2023\/11\/22\/mexico-tiene-la-sede-de-los-juegos-panamericanos-de-los-trabajadores\/","url":"https:\/\/esbozodeportivo.com\/index.php\/2023\/11\/22\/mexico-tiene-la-sede-de-los-juegos-panamericanos-de-los-trabajadores\/","name":"M\u00e9xico tiene la sede de los Juegos Panamericanos de los Trabajadores - Esbozo Deportivo","isPartOf":{"@id":"https:\/\/esbozodeportivo.com\/#website"},"primaryImageOfPage":{"@id":"https:\/\/esbozodeportivo.com\/index.php\/2023\/11\/22\/mexico-tiene-la-sede-de-los-juegos-panamericanos-de-los-trabajadores\/#primaryimage"},"image":{"@id":"https:\/\/esbozodeportivo.com\/index.php\/2023\/11\/22\/mexico-tiene-la-sede-de-los-juegos-panamericanos-de-los-trabajadores\/#primaryimage"},"thumbnailUrl":"https:\/\/esbozodeportivo.com\/wp-content\/uploads\/2023\/11\/DSCN9013-1024x768.jpg","datePublished":"2023-11-22T05:16:26+00:00","dateModified":"2023-11-22T05:22:38+00:00","breadcrumb":{"@id":"https:\/\/esbozodeportivo.com\/index.php\/2023\/11\/22\/mexico-tiene-la-sede-de-los-juegos-panamericanos-de-los-trabajadores\/#breadcrumb"},"inLanguage":"es","potentialAction":[{"@type":"ReadAction","target":["https:\/\/esbozodeportivo.com\/index.php\/2023\/11\/22\/mexico-tiene-la-sede-de-los-juegos-panamericanos-de-los-trabajadores\/"]}]},{"@type":"ImageObject","inLanguage":"es","@id":"https:\/\/esbozodeportivo.com\/index.php\/2023\/11\/22\/mexico-tiene-la-sede-de-los-juegos-panamericanos-de-los-trabajadores\/#primaryimage","url":"https:\/\/esbozodeportivo.com\/wp-content\/uploads\/2023\/11\/DSCN9013-scaled.jpg","contentUrl":"https:\/\/esbozodeportivo.com\/wp-content\/uploads\/2023\/11\/DSCN9013-scaled.jpg","width":2560,"height":1920},{"@type":"BreadcrumbList","@id":"https:\/\/esbozodeportivo.com\/index.php\/2023\/11\/22\/mexico-tiene-la-sede-de-los-juegos-panamericanos-de-los-trabajadores\/#breadcrumb","itemListElement":[{"@type":"ListItem","position":1,"name":"Inicio","item":"https:\/\/esbozodeportivo.com\/"},{"@type":"ListItem","position":2,"name":"M\u00e9xico tiene la sede de los Juegos Panamericanos de los Trabajadores"}]},{"@type":"WebSite","@id":"https:\/\/esbozodeportivo.com\/#website","url":"https:\/\/esbozodeportivo.com\/","name":"Esbozo Deportivo","description":"Lo m\u00e1s importante del Deporte","publisher":{"@id":"https:\/\/esbozodeportivo.com\/#organization"},"potentialAction":[{"@type":"SearchAction","target":{"@type":"EntryPoint","urlTemplate":"https:\/\/esbozodeportivo.com\/?s={search_term_string}"},"query-input":{"@type":"PropertyValueSpecification","valueRequired":true,"valueName":"search_term_string"}}],"inLanguage":"es"},{"@type":"Organization","@id":"https:\/\/esbozodeportivo.com\/#organization","name":"Esbozo Deportivo","url":"https:\/\/esbozodeportivo.com\/","logo":{"@type":"ImageObject","inLanguage":"es","@id":"https:\/\/esbozodeportivo.com\/#\/schema\/logo\/image\/","url":"https:\/\/esbozodeportivo.com\/wp-content\/uploads\/2022\/08\/cropped-Logo-Esbozo-Web-2.png","contentUrl":"https:\/\/esbozodeportivo.com\/wp-content\/uploads\/2022\/08\/cropped-Logo-Esbozo-Web-2.png","width":180,"height":50,"caption":"Esbozo Deportivo"},"image":{"@id":"https:\/\/esbozodeportivo.com\/#\/schema\/logo\/image\/"}},{"@type":"Person","@id":"https:\/\/esbozodeportivo.com\/#\/schema\/person\/7277119c98823aec37bbb84e125efd44","name":"Javier De La Cruz","image":{"@type":"ImageObject","inLanguage":"es","@id":"https:\/\/esbozodeportivo.com\/#\/schema\/person\/image\/","url":"https:\/\/secure.gravatar.com\/avatar\/366235a56d20f1a6e8e3d0b295897639357bea880470ddf261d17bb0bc052eb1?s=96&d=mm&r=g","contentUrl":"https:\/\/secure.gravatar.com\/avatar\/366235a56d20f1a6e8e3d0b295897639357bea880470ddf261d17bb0bc052eb1?s=96&d=mm&r=g","caption":"Javier De La Cruz"},"url":"https:\/\/esbozodeportivo.com\/index.php\/author\/javier-de-la-cruz-de-la-cruz\/"}]}},"jetpack_featured_media_url":"","jetpack_sharing_enabled":true,"_links":{"self":[{"href":"https:\/\/esbozodeportivo.com\/index.php\/wp-json\/wp\/v2\/posts\/1956","targetHints":{"allow":["GET"]}}],"collection":[{"href":"https:\/\/esbozodeportivo.com\/index.php\/wp-json\/wp\/v2\/posts"}],"about":[{"href":"https:\/\/esbozodeportivo.com\/index.php\/wp-json\/wp\/v2\/types\/post"}],"author":[{"embeddable":true,"href":"https:\/\/esbozodeportivo.com\/index.php\/wp-json\/wp\/v2\/users\/2"}],"replies":[{"embeddable":true,"href":"https:\/\/esbozodeportivo.com\/index.php\/wp-json\/wp\/v2\/comments?post=1956"}],"version-history":[{"count":4,"href":"https:\/\/esbozodeportivo.com\/index.php\/wp-json\/wp\/v2\/posts\/1956\/revisions"}],"predecessor-version":[{"id":1962,"href":"https:\/\/esbozodeportivo.com\/index.php\/wp-json\/wp\/v2\/posts\/1956\/revisions\/1962"}],"wp:attachment":[{"href":"https:\/\/esbozodeportivo.com\/index.php\/wp-json\/wp\/v2\/media?parent=1956"}],"wp:term":[{"taxonomy":"category","embeddable":true,"href":"https:\/\/esbozodeportivo.com\/index.php\/wp-json\/wp\/v2\/categories?post=1956"},{"taxonomy":"post_tag","embeddable":true,"href":"https:\/\/esbozodeportivo.com\/index.php\/wp-json\/wp\/v2\/tags?post=1956"}],"curies":[{"name":"wp","href":"https:\/\/api.w.org\/{rel}","templated":true}]}}