{"id":2002,"date":"2023-11-29T06:19:55","date_gmt":"2023-11-29T06:19:55","guid":{"rendered":"https:\/\/esbozodeportivo.com\/?p=2002"},"modified":"2023-11-29T06:28:15","modified_gmt":"2023-11-29T06:28:15","slug":"la-caminata-familiar-de-los-trabajadores-cerrara-el-programa-2023-del-indet","status":"publish","type":"post","link":"https:\/\/esbozodeportivo.com\/index.php\/2023\/11\/29\/la-caminata-familiar-de-los-trabajadores-cerrara-el-programa-2023-del-indet\/","title":{"rendered":"La Caminata Familiar de los Trabajadores cerrar\u00e1 el programa 2023 del INDET"},"content":{"rendered":"<style>\/*! elementor - v3.17.0 - 08-11-2023 *\/\n.elementor-widget-image{text-align:center}.elementor-widget-image a{display:inline-block}.elementor-widget-image a img[src$=\".svg\"]{width:48px}.elementor-widget-image img{vertical-align:middle;display:inline-block}<\/style>\n<p>\t\t\t\t\t\t\t\t\t\t\t\t<img decoding=\"async\" width=\"640\" height=\"303\" src=\"https:\/\/esbozodeportivo.com\/wp-content\/uploads\/2023\/11\/camina4-1-1024x484.jpg\" alt=\"\" loading=\"lazy\" srcset=\"https:\/\/esbozodeportivo.com\/wp-content\/uploads\/2023\/11\/camina4-1-1024x484.jpg 1024w, https:\/\/esbozodeportivo.com\/wp-content\/uploads\/2023\/11\/camina4-1-300x142.jpg 300w, https:\/\/esbozodeportivo.com\/wp-content\/uploads\/2023\/11\/camina4-1-768x363.jpg 768w, https:\/\/esbozodeportivo.com\/wp-content\/uploads\/2023\/11\/camina4-1-1536x726.jpg 1536w, https:\/\/esbozodeportivo.com\/wp-content\/uploads\/2023\/11\/camina4-1.jpg 1600w\" sizes=\"auto, (max-width: 640px) 100vw, 640px\" \/>\t\t\t\t\t\t\t\t\t\t\t\t\t\t\t<\/p>\n<p>(Foto: INDET)<\/p>\n<p>Las instalaciones del Centro Vacacional IMSS-Oaxtepec recibir\u00e1n de nueva cuenta la Caminata Recreativa Familiar de los Trabajadores, con la cual el Instituto del Deporte de los Trabajadores (INDET) cerrar\u00e1 su exitoso programa nacional de actividades 2023, en el que se promovi\u00f3 el deporte, la activaci\u00f3n f\u00edsica laboral, la recreaci\u00f3n y se obtuvo el segundo lugar del medallero en los Juegos Mundiales de los Trabajadores de Cervia, Italia.<\/p>\n<p>\u201cEl Congreso del Trabajo y el INDET preparan toda la organizaci\u00f3n de este evento que es totalmente gratuito para los trabajadores y sus familias. Es algo que nos llena de orgullo y nos plantea un nuevo reto de superar los 1,200 participantes que se tuvo en la Caminata Recreativa apenas hace un mes en este escenario\u201d, dijo el Profesor Pablo Reyes Osorio, Secretario Ejecutivo del INDET.<\/p>\n<p>Como sucedi\u00f3 en la caminata que el INDET\u00a0 llev\u00f3 a cabo en el mes de octubre, los trabajadores y sus familias que deseen disfrutar por este recorrido de cinco kil\u00f3metros en un encuentro con la naturaleza en el bosque de Oaxtepec, Morelos, ser\u00e1 totalmente gratuito.<\/p>\n<p>\t\t\t\t\t\t\t\t\t\t\t\t\t\t\t<img decoding=\"async\" width=\"640\" height=\"303\" src=\"https:\/\/esbozodeportivo.com\/wp-content\/uploads\/2023\/11\/camina3-1-1024x484.jpg\" alt=\"\" loading=\"lazy\" srcset=\"https:\/\/esbozodeportivo.com\/wp-content\/uploads\/2023\/11\/camina3-1-1024x484.jpg 1024w, https:\/\/esbozodeportivo.com\/wp-content\/uploads\/2023\/11\/camina3-1-300x142.jpg 300w, https:\/\/esbozodeportivo.com\/wp-content\/uploads\/2023\/11\/camina3-1-768x363.jpg 768w, https:\/\/esbozodeportivo.com\/wp-content\/uploads\/2023\/11\/camina3-1-1536x726.jpg 1536w, https:\/\/esbozodeportivo.com\/wp-content\/uploads\/2023\/11\/camina3-1.jpg 1600w\" sizes=\"auto, (max-width: 640px) 100vw, 640px\" \/>\t\t\t\t\t\t\t\t\t\t\t\t\t\t\t<\/p>\n<p>(Foto: INDET)<\/p>\n<p>\u201cLos servicios que ofrecemos es transporte gratuito, ida y vuelta, a los habitantes de la ciudad de M\u00e9xico y de algunos estados cercanos a Morelos y Puebla, entre otros, el pr\u00f3ximo 16 de diciembre en Oaxtepec. Al cabo de la caminata de 5 kil\u00f3metros, se prepara una verdadera fiesta de convivencia y activaci\u00f3n f\u00edsica en el Estadio de Oaxtepec\u201d, agreg\u00f3 el Secretario Ejecutivo del INDET.<\/p>\n<p>El ingreso a las instalaciones del Centro Vacacional IMSS-Oaxtepec tambi\u00e9n ser\u00e1 gratuito, por lo que al final de la activaci\u00f3n f\u00edsica, los participantes podr\u00e1n disfrutar y convivir en las albercas y las canchas de este escenario, tal y como sucedi\u00f3 en la pasada edici\u00f3n de la Caminata Recreativa Familiar de los Trabajadores en el mes de octubre.<\/p>\n<p>\u201cEl balance hasta el momento ha sido bueno, porque tuvimos cursos de capacitaci\u00f3n en algunas entidades del pa\u00eds como parte de nuestro programa 2023, as\u00ed como los 51 Juegos Nacionales Deportivos y Recreativos de los Trabajadores y ahora repetimos la caminata para los trabajadores y sus familias\u201d, destac\u00f3 el Profesor Pablo Reyes.<\/p>\n<p>\t\t\t\t\t\t\t\t\t\t\t\t\t\t\t<img decoding=\"async\" width=\"640\" height=\"990\" src=\"https:\/\/esbozodeportivo.com\/wp-content\/uploads\/2023\/11\/PROMO-662x1024.jpeg\" alt=\"\" loading=\"lazy\" srcset=\"https:\/\/esbozodeportivo.com\/wp-content\/uploads\/2023\/11\/PROMO-662x1024.jpeg 662w, https:\/\/esbozodeportivo.com\/wp-content\/uploads\/2023\/11\/PROMO-194x300.jpeg 194w, https:\/\/esbozodeportivo.com\/wp-content\/uploads\/2023\/11\/PROMO-768x1187.jpeg 768w, https:\/\/esbozodeportivo.com\/wp-content\/uploads\/2023\/11\/PROMO-994x1536.jpeg 994w, https:\/\/esbozodeportivo.com\/wp-content\/uploads\/2023\/11\/PROMO-1024x1583.jpeg 1024w, https:\/\/esbozodeportivo.com\/wp-content\/uploads\/2023\/11\/PROMO.jpeg 1035w\" sizes=\"auto, (max-width: 640px) 100vw, 640px\" \/>\t\t\t\t\t\t\t\t\t\t\t\t\t\t\t<\/p>\n<p>(Foto: INDET)<\/p>\n","protected":false},"excerpt":{"rendered":"<p>(Foto: INDET) Las instalaciones del Centro Vacacional IMSS-Oaxtepec recibir\u00e1n de nueva cuenta la Caminata Recreativa<\/p>\n","protected":false},"author":2,"featured_media":0,"comment_status":"open","ping_status":"open","sticky":false,"template":"","format":"standard","meta":{"_jetpack_memberships_contains_paid_content":false,"footnotes":""},"categories":[5],"tags":[],"class_list":["post-2002","post","type-post","status-publish","format-standard","hentry","category-amateur"],"yoast_head":"<!-- This site is optimized with the Yoast SEO plugin v25.7 - https:\/\/yoast.com\/wordpress\/plugins\/seo\/ -->\n<title>La Caminata Familiar de los Trabajadores cerrar\u00e1 el programa 2023 del INDET - Esbozo Deportivo<\/title>\n<meta name=\"robots\" content=\"index, follow, max-snippet:-1, max-image-preview:large, max-video-preview:-1\" \/>\n<link rel=\"canonical\" href=\"https:\/\/esbozodeportivo.com\/index.php\/2023\/11\/29\/la-caminata-familiar-de-los-trabajadores-cerrara-el-programa-2023-del-indet\/\" \/>\n<meta property=\"og:locale\" content=\"es_MX\" \/>\n<meta property=\"og:type\" content=\"article\" \/>\n<meta property=\"og:title\" content=\"La Caminata Familiar de los Trabajadores cerrar\u00e1 el programa 2023 del INDET - Esbozo Deportivo\" \/>\n<meta property=\"og:description\" content=\"(Foto: INDET) Las instalaciones del Centro Vacacional IMSS-Oaxtepec recibir\u00e1n de nueva cuenta la Caminata Recreativa\" \/>\n<meta property=\"og:url\" content=\"https:\/\/esbozodeportivo.com\/index.php\/2023\/11\/29\/la-caminata-familiar-de-los-trabajadores-cerrara-el-programa-2023-del-indet\/\" \/>\n<meta property=\"og:site_name\" content=\"Esbozo Deportivo\" \/>\n<meta property=\"article:published_time\" content=\"2023-11-29T06:19:55+00:00\" \/>\n<meta property=\"article:modified_time\" content=\"2023-11-29T06:28:15+00:00\" \/>\n<meta property=\"og:image\" content=\"https:\/\/esbozodeportivo.com\/wp-content\/uploads\/2023\/11\/camina4-1-1024x484.jpg\" \/>\n<meta name=\"author\" content=\"Javier De La Cruz\" \/>\n<meta name=\"twitter:card\" content=\"summary_large_image\" \/>\n<meta name=\"twitter:label1\" content=\"Escrito por\" \/>\n\t<meta name=\"twitter:data1\" content=\"Javier De La Cruz\" \/>\n\t<meta name=\"twitter:label2\" content=\"Tiempo de lectura\" \/>\n\t<meta name=\"twitter:data2\" content=\"2 minutos\" \/>\n<script type=\"application\/ld+json\" class=\"yoast-schema-graph\">{\"@context\":\"https:\/\/schema.org\",\"@graph\":[{\"@type\":\"Article\",\"@id\":\"https:\/\/esbozodeportivo.com\/index.php\/2023\/11\/29\/la-caminata-familiar-de-los-trabajadores-cerrara-el-programa-2023-del-indet\/#article\",\"isPartOf\":{\"@id\":\"https:\/\/esbozodeportivo.com\/index.php\/2023\/11\/29\/la-caminata-familiar-de-los-trabajadores-cerrara-el-programa-2023-del-indet\/\"},\"author\":{\"name\":\"Javier De La Cruz\",\"@id\":\"https:\/\/esbozodeportivo.com\/#\/schema\/person\/7277119c98823aec37bbb84e125efd44\"},\"headline\":\"La Caminata Familiar de los Trabajadores cerrar\u00e1 el programa 2023 del INDET\",\"datePublished\":\"2023-11-29T06:19:55+00:00\",\"dateModified\":\"2023-11-29T06:28:15+00:00\",\"mainEntityOfPage\":{\"@id\":\"https:\/\/esbozodeportivo.com\/index.php\/2023\/11\/29\/la-caminata-familiar-de-los-trabajadores-cerrara-el-programa-2023-del-indet\/\"},\"wordCount\":381,\"commentCount\":0,\"publisher\":{\"@id\":\"https:\/\/esbozodeportivo.com\/#organization\"},\"image\":{\"@id\":\"https:\/\/esbozodeportivo.com\/index.php\/2023\/11\/29\/la-caminata-familiar-de-los-trabajadores-cerrara-el-programa-2023-del-indet\/#primaryimage\"},\"thumbnailUrl\":\"https:\/\/esbozodeportivo.com\/wp-content\/uploads\/2023\/11\/camina4-1-1024x484.jpg\",\"articleSection\":[\"Amateur\"],\"inLanguage\":\"es\",\"potentialAction\":[{\"@type\":\"CommentAction\",\"name\":\"Comment\",\"target\":[\"https:\/\/esbozodeportivo.com\/index.php\/2023\/11\/29\/la-caminata-familiar-de-los-trabajadores-cerrara-el-programa-2023-del-indet\/#respond\"]}]},{\"@type\":\"WebPage\",\"@id\":\"https:\/\/esbozodeportivo.com\/index.php\/2023\/11\/29\/la-caminata-familiar-de-los-trabajadores-cerrara-el-programa-2023-del-indet\/\",\"url\":\"https:\/\/esbozodeportivo.com\/index.php\/2023\/11\/29\/la-caminata-familiar-de-los-trabajadores-cerrara-el-programa-2023-del-indet\/\",\"name\":\"La Caminata Familiar de los Trabajadores cerrar\u00e1 el programa 2023 del INDET - Esbozo Deportivo\",\"isPartOf\":{\"@id\":\"https:\/\/esbozodeportivo.com\/#website\"},\"primaryImageOfPage\":{\"@id\":\"https:\/\/esbozodeportivo.com\/index.php\/2023\/11\/29\/la-caminata-familiar-de-los-trabajadores-cerrara-el-programa-2023-del-indet\/#primaryimage\"},\"image\":{\"@id\":\"https:\/\/esbozodeportivo.com\/index.php\/2023\/11\/29\/la-caminata-familiar-de-los-trabajadores-cerrara-el-programa-2023-del-indet\/#primaryimage\"},\"thumbnailUrl\":\"https:\/\/esbozodeportivo.com\/wp-content\/uploads\/2023\/11\/camina4-1-1024x484.jpg\",\"datePublished\":\"2023-11-29T06:19:55+00:00\",\"dateModified\":\"2023-11-29T06:28:15+00:00\",\"breadcrumb\":{\"@id\":\"https:\/\/esbozodeportivo.com\/index.php\/2023\/11\/29\/la-caminata-familiar-de-los-trabajadores-cerrara-el-programa-2023-del-indet\/#breadcrumb\"},\"inLanguage\":\"es\",\"potentialAction\":[{\"@type\":\"ReadAction\",\"target\":[\"https:\/\/esbozodeportivo.com\/index.php\/2023\/11\/29\/la-caminata-familiar-de-los-trabajadores-cerrara-el-programa-2023-del-indet\/\"]}]},{\"@type\":\"ImageObject\",\"inLanguage\":\"es\",\"@id\":\"https:\/\/esbozodeportivo.com\/index.php\/2023\/11\/29\/la-caminata-familiar-de-los-trabajadores-cerrara-el-programa-2023-del-indet\/#primaryimage\",\"url\":\"https:\/\/esbozodeportivo.com\/wp-content\/uploads\/2023\/11\/camina4-1.jpg\",\"contentUrl\":\"https:\/\/esbozodeportivo.com\/wp-content\/uploads\/2023\/11\/camina4-1.jpg\",\"width\":1600,\"height\":756},{\"@type\":\"BreadcrumbList\",\"@id\":\"https:\/\/esbozodeportivo.com\/index.php\/2023\/11\/29\/la-caminata-familiar-de-los-trabajadores-cerrara-el-programa-2023-del-indet\/#breadcrumb\",\"itemListElement\":[{\"@type\":\"ListItem\",\"position\":1,\"name\":\"Inicio\",\"item\":\"https:\/\/esbozodeportivo.com\/\"},{\"@type\":\"ListItem\",\"position\":2,\"name\":\"La Caminata Familiar de los Trabajadores cerrar\u00e1 el programa 2023 del INDET\"}]},{\"@type\":\"WebSite\",\"@id\":\"https:\/\/esbozodeportivo.com\/#website\",\"url\":\"https:\/\/esbozodeportivo.com\/\",\"name\":\"Esbozo Deportivo\",\"description\":\"Lo m\u00e1s importante del Deporte\",\"publisher\":{\"@id\":\"https:\/\/esbozodeportivo.com\/#organization\"},\"potentialAction\":[{\"@type\":\"SearchAction\",\"target\":{\"@type\":\"EntryPoint\",\"urlTemplate\":\"https:\/\/esbozodeportivo.com\/?s={search_term_string}\"},\"query-input\":{\"@type\":\"PropertyValueSpecification\",\"valueRequired\":true,\"valueName\":\"search_term_string\"}}],\"inLanguage\":\"es\"},{\"@type\":\"Organization\",\"@id\":\"https:\/\/esbozodeportivo.com\/#organization\",\"name\":\"Esbozo Deportivo\",\"url\":\"https:\/\/esbozodeportivo.com\/\",\"logo\":{\"@type\":\"ImageObject\",\"inLanguage\":\"es\",\"@id\":\"https:\/\/esbozodeportivo.com\/#\/schema\/logo\/image\/\",\"url\":\"https:\/\/esbozodeportivo.com\/wp-content\/uploads\/2022\/08\/cropped-Logo-Esbozo-Web-2.png\",\"contentUrl\":\"https:\/\/esbozodeportivo.com\/wp-content\/uploads\/2022\/08\/cropped-Logo-Esbozo-Web-2.png\",\"width\":180,\"height\":50,\"caption\":\"Esbozo Deportivo\"},\"image\":{\"@id\":\"https:\/\/esbozodeportivo.com\/#\/schema\/logo\/image\/\"}},{\"@type\":\"Person\",\"@id\":\"https:\/\/esbozodeportivo.com\/#\/schema\/person\/7277119c98823aec37bbb84e125efd44\",\"name\":\"Javier De La Cruz\",\"image\":{\"@type\":\"ImageObject\",\"inLanguage\":\"es\",\"@id\":\"https:\/\/esbozodeportivo.com\/#\/schema\/person\/image\/\",\"url\":\"https:\/\/secure.gravatar.com\/avatar\/366235a56d20f1a6e8e3d0b295897639357bea880470ddf261d17bb0bc052eb1?s=96&d=mm&r=g\",\"contentUrl\":\"https:\/\/secure.gravatar.com\/avatar\/366235a56d20f1a6e8e3d0b295897639357bea880470ddf261d17bb0bc052eb1?s=96&d=mm&r=g\",\"caption\":\"Javier De La Cruz\"},\"url\":\"https:\/\/esbozodeportivo.com\/index.php\/author\/javier-de-la-cruz-de-la-cruz\/\"}]}<\/script>\n<!-- \/ Yoast SEO plugin. -->","yoast_head_json":{"title":"La Caminata Familiar de los Trabajadores cerrar\u00e1 el programa 2023 del INDET - Esbozo Deportivo","robots":{"index":"index","follow":"follow","max-snippet":"max-snippet:-1","max-image-preview":"max-image-preview:large","max-video-preview":"max-video-preview:-1"},"canonical":"https:\/\/esbozodeportivo.com\/index.php\/2023\/11\/29\/la-caminata-familiar-de-los-trabajadores-cerrara-el-programa-2023-del-indet\/","og_locale":"es_MX","og_type":"article","og_title":"La Caminata Familiar de los Trabajadores cerrar\u00e1 el programa 2023 del INDET - Esbozo Deportivo","og_description":"(Foto: INDET) Las instalaciones del Centro Vacacional IMSS-Oaxtepec recibir\u00e1n de nueva cuenta la Caminata Recreativa","og_url":"https:\/\/esbozodeportivo.com\/index.php\/2023\/11\/29\/la-caminata-familiar-de-los-trabajadores-cerrara-el-programa-2023-del-indet\/","og_site_name":"Esbozo Deportivo","article_published_time":"2023-11-29T06:19:55+00:00","article_modified_time":"2023-11-29T06:28:15+00:00","og_image":[{"url":"https:\/\/esbozodeportivo.com\/wp-content\/uploads\/2023\/11\/camina4-1-1024x484.jpg","type":"","width":"","height":""}],"author":"Javier De La Cruz","twitter_card":"summary_large_image","twitter_misc":{"Escrito por":"Javier De La Cruz","Tiempo de lectura":"2 minutos"},"schema":{"@context":"https:\/\/schema.org","@graph":[{"@type":"Article","@id":"https:\/\/esbozodeportivo.com\/index.php\/2023\/11\/29\/la-caminata-familiar-de-los-trabajadores-cerrara-el-programa-2023-del-indet\/#article","isPartOf":{"@id":"https:\/\/esbozodeportivo.com\/index.php\/2023\/11\/29\/la-caminata-familiar-de-los-trabajadores-cerrara-el-programa-2023-del-indet\/"},"author":{"name":"Javier De La Cruz","@id":"https:\/\/esbozodeportivo.com\/#\/schema\/person\/7277119c98823aec37bbb84e125efd44"},"headline":"La Caminata Familiar de los Trabajadores cerrar\u00e1 el programa 2023 del INDET","datePublished":"2023-11-29T06:19:55+00:00","dateModified":"2023-11-29T06:28:15+00:00","mainEntityOfPage":{"@id":"https:\/\/esbozodeportivo.com\/index.php\/2023\/11\/29\/la-caminata-familiar-de-los-trabajadores-cerrara-el-programa-2023-del-indet\/"},"wordCount":381,"commentCount":0,"publisher":{"@id":"https:\/\/esbozodeportivo.com\/#organization"},"image":{"@id":"https:\/\/esbozodeportivo.com\/index.php\/2023\/11\/29\/la-caminata-familiar-de-los-trabajadores-cerrara-el-programa-2023-del-indet\/#primaryimage"},"thumbnailUrl":"https:\/\/esbozodeportivo.com\/wp-content\/uploads\/2023\/11\/camina4-1-1024x484.jpg","articleSection":["Amateur"],"inLanguage":"es","potentialAction":[{"@type":"CommentAction","name":"Comment","target":["https:\/\/esbozodeportivo.com\/index.php\/2023\/11\/29\/la-caminata-familiar-de-los-trabajadores-cerrara-el-programa-2023-del-indet\/#respond"]}]},{"@type":"WebPage","@id":"https:\/\/esbozodeportivo.com\/index.php\/2023\/11\/29\/la-caminata-familiar-de-los-trabajadores-cerrara-el-programa-2023-del-indet\/","url":"https:\/\/esbozodeportivo.com\/index.php\/2023\/11\/29\/la-caminata-familiar-de-los-trabajadores-cerrara-el-programa-2023-del-indet\/","name":"La Caminata Familiar de los Trabajadores cerrar\u00e1 el programa 2023 del INDET - Esbozo Deportivo","isPartOf":{"@id":"https:\/\/esbozodeportivo.com\/#website"},"primaryImageOfPage":{"@id":"https:\/\/esbozodeportivo.com\/index.php\/2023\/11\/29\/la-caminata-familiar-de-los-trabajadores-cerrara-el-programa-2023-del-indet\/#primaryimage"},"image":{"@id":"https:\/\/esbozodeportivo.com\/index.php\/2023\/11\/29\/la-caminata-familiar-de-los-trabajadores-cerrara-el-programa-2023-del-indet\/#primaryimage"},"thumbnailUrl":"https:\/\/esbozodeportivo.com\/wp-content\/uploads\/2023\/11\/camina4-1-1024x484.jpg","datePublished":"2023-11-29T06:19:55+00:00","dateModified":"2023-11-29T06:28:15+00:00","breadcrumb":{"@id":"https:\/\/esbozodeportivo.com\/index.php\/2023\/11\/29\/la-caminata-familiar-de-los-trabajadores-cerrara-el-programa-2023-del-indet\/#breadcrumb"},"inLanguage":"es","potentialAction":[{"@type":"ReadAction","target":["https:\/\/esbozodeportivo.com\/index.php\/2023\/11\/29\/la-caminata-familiar-de-los-trabajadores-cerrara-el-programa-2023-del-indet\/"]}]},{"@type":"ImageObject","inLanguage":"es","@id":"https:\/\/esbozodeportivo.com\/index.php\/2023\/11\/29\/la-caminata-familiar-de-los-trabajadores-cerrara-el-programa-2023-del-indet\/#primaryimage","url":"https:\/\/esbozodeportivo.com\/wp-content\/uploads\/2023\/11\/camina4-1.jpg","contentUrl":"https:\/\/esbozodeportivo.com\/wp-content\/uploads\/2023\/11\/camina4-1.jpg","width":1600,"height":756},{"@type":"BreadcrumbList","@id":"https:\/\/esbozodeportivo.com\/index.php\/2023\/11\/29\/la-caminata-familiar-de-los-trabajadores-cerrara-el-programa-2023-del-indet\/#breadcrumb","itemListElement":[{"@type":"ListItem","position":1,"name":"Inicio","item":"https:\/\/esbozodeportivo.com\/"},{"@type":"ListItem","position":2,"name":"La Caminata Familiar de los Trabajadores cerrar\u00e1 el programa 2023 del INDET"}]},{"@type":"WebSite","@id":"https:\/\/esbozodeportivo.com\/#website","url":"https:\/\/esbozodeportivo.com\/","name":"Esbozo Deportivo","description":"Lo m\u00e1s importante del Deporte","publisher":{"@id":"https:\/\/esbozodeportivo.com\/#organization"},"potentialAction":[{"@type":"SearchAction","target":{"@type":"EntryPoint","urlTemplate":"https:\/\/esbozodeportivo.com\/?s={search_term_string}"},"query-input":{"@type":"PropertyValueSpecification","valueRequired":true,"valueName":"search_term_string"}}],"inLanguage":"es"},{"@type":"Organization","@id":"https:\/\/esbozodeportivo.com\/#organization","name":"Esbozo Deportivo","url":"https:\/\/esbozodeportivo.com\/","logo":{"@type":"ImageObject","inLanguage":"es","@id":"https:\/\/esbozodeportivo.com\/#\/schema\/logo\/image\/","url":"https:\/\/esbozodeportivo.com\/wp-content\/uploads\/2022\/08\/cropped-Logo-Esbozo-Web-2.png","contentUrl":"https:\/\/esbozodeportivo.com\/wp-content\/uploads\/2022\/08\/cropped-Logo-Esbozo-Web-2.png","width":180,"height":50,"caption":"Esbozo Deportivo"},"image":{"@id":"https:\/\/esbozodeportivo.com\/#\/schema\/logo\/image\/"}},{"@type":"Person","@id":"https:\/\/esbozodeportivo.com\/#\/schema\/person\/7277119c98823aec37bbb84e125efd44","name":"Javier De La Cruz","image":{"@type":"ImageObject","inLanguage":"es","@id":"https:\/\/esbozodeportivo.com\/#\/schema\/person\/image\/","url":"https:\/\/secure.gravatar.com\/avatar\/366235a56d20f1a6e8e3d0b295897639357bea880470ddf261d17bb0bc052eb1?s=96&d=mm&r=g","contentUrl":"https:\/\/secure.gravatar.com\/avatar\/366235a56d20f1a6e8e3d0b295897639357bea880470ddf261d17bb0bc052eb1?s=96&d=mm&r=g","caption":"Javier De La Cruz"},"url":"https:\/\/esbozodeportivo.com\/index.php\/author\/javier-de-la-cruz-de-la-cruz\/"}]}},"jetpack_featured_media_url":"","jetpack_sharing_enabled":true,"_links":{"self":[{"href":"https:\/\/esbozodeportivo.com\/index.php\/wp-json\/wp\/v2\/posts\/2002","targetHints":{"allow":["GET"]}}],"collection":[{"href":"https:\/\/esbozodeportivo.com\/index.php\/wp-json\/wp\/v2\/posts"}],"about":[{"href":"https:\/\/esbozodeportivo.com\/index.php\/wp-json\/wp\/v2\/types\/post"}],"author":[{"embeddable":true,"href":"https:\/\/esbozodeportivo.com\/index.php\/wp-json\/wp\/v2\/users\/2"}],"replies":[{"embeddable":true,"href":"https:\/\/esbozodeportivo.com\/index.php\/wp-json\/wp\/v2\/comments?post=2002"}],"version-history":[{"count":4,"href":"https:\/\/esbozodeportivo.com\/index.php\/wp-json\/wp\/v2\/posts\/2002\/revisions"}],"predecessor-version":[{"id":2009,"href":"https:\/\/esbozodeportivo.com\/index.php\/wp-json\/wp\/v2\/posts\/2002\/revisions\/2009"}],"wp:attachment":[{"href":"https:\/\/esbozodeportivo.com\/index.php\/wp-json\/wp\/v2\/media?parent=2002"}],"wp:term":[{"taxonomy":"category","embeddable":true,"href":"https:\/\/esbozodeportivo.com\/index.php\/wp-json\/wp\/v2\/categories?post=2002"},{"taxonomy":"post_tag","embeddable":true,"href":"https:\/\/esbozodeportivo.com\/index.php\/wp-json\/wp\/v2\/tags?post=2002"}],"curies":[{"name":"wp","href":"https:\/\/api.w.org\/{rel}","templated":true}]}}