{"id":2010,"date":"2023-12-01T05:49:25","date_gmt":"2023-12-01T05:49:25","guid":{"rendered":"https:\/\/esbozodeportivo.com\/?p=2010"},"modified":"2023-12-01T05:54:35","modified_gmt":"2023-12-01T05:54:35","slug":"con10-estados-se-presenta-la-6ta-edicion-del-panamericano-de-futbol","status":"publish","type":"post","link":"https:\/\/esbozodeportivo.com\/index.php\/2023\/12\/01\/con10-estados-se-presenta-la-6ta-edicion-del-panamericano-de-futbol\/","title":{"rendered":"CON10 ESTADOS, SE PRESENTA LA 6TA EDICI\u00d3N DEL PANAMERICANO DE F\u00daTBOL"},"content":{"rendered":"<style>\/*! elementor - v3.17.0 - 08-11-2023 *\/\n.elementor-widget-image{text-align:center}.elementor-widget-image a{display:inline-block}.elementor-widget-image a img[src$=\".svg\"]{width:48px}.elementor-widget-image img{vertical-align:middle;display:inline-block}<\/style>\n<p>\t\t\t\t\t\t\t\t\t\t\t\t<img decoding=\"async\" width=\"640\" height=\"360\" src=\"https:\/\/esbozodeportivo.com\/wp-content\/uploads\/2023\/12\/Fut73-1024x576.jpg\" alt=\"\" loading=\"lazy\" srcset=\"https:\/\/esbozodeportivo.com\/wp-content\/uploads\/2023\/12\/Fut73-1024x576.jpg 1024w, https:\/\/esbozodeportivo.com\/wp-content\/uploads\/2023\/12\/Fut73-300x169.jpg 300w, https:\/\/esbozodeportivo.com\/wp-content\/uploads\/2023\/12\/Fut73-768x432.jpg 768w, https:\/\/esbozodeportivo.com\/wp-content\/uploads\/2023\/12\/Fut73-1536x864.jpg 1536w, https:\/\/esbozodeportivo.com\/wp-content\/uploads\/2023\/12\/Fut73.jpg 1600w\" sizes=\"auto, (max-width: 640px) 100vw, 640px\" \/>\t\t\t\t\t\t\t\t\t\t\t\t\t\t\t<\/p>\n<p>(Foto: FMF7)<\/p>\n<p>**Guanajuato, Jalisco, Tlaxcala, San Luis Potos\u00ed, Nuevo Le\u00f3n, Chihuahua, Morelos, Quer\u00e9taro, Hidalgo y Zacatecas est\u00e1n confirmados al panamericano.<\/p>\n<p>\u00a0*** Adem\u00e1s se anunci\u00f3 el mundial infantil y juvenil en abril del 2024con Argentina, Uruguay entre otros pa\u00edses.<\/p>\n<p>\u00a0El Presidente de la Federaci\u00f3n Mexicana de F\u00fatbol 7, Carlos Barajas, anunci\u00f3 en rueda de prensa en la Acu\u00e1tica Nelson Vargas, el 6to Torneo Panamericano de futbol 7, el cual se realizar\u00e1 en Le\u00f3n del 7 al 10 de diciembre de 2023 con 12 estados participantes en sus diferentes categor\u00edas y Guatemala como invitado.<\/p>\n<p>\t\t\t\t\t\t\t\t\t\t\t\t\t\t\t<img decoding=\"async\" width=\"640\" height=\"360\" src=\"https:\/\/esbozodeportivo.com\/wp-content\/uploads\/2023\/12\/Fut72-1024x576.jpg\" alt=\"\" loading=\"lazy\" srcset=\"https:\/\/esbozodeportivo.com\/wp-content\/uploads\/2023\/12\/Fut72-1024x576.jpg 1024w, https:\/\/esbozodeportivo.com\/wp-content\/uploads\/2023\/12\/Fut72-300x169.jpg 300w, https:\/\/esbozodeportivo.com\/wp-content\/uploads\/2023\/12\/Fut72-768x432.jpg 768w, https:\/\/esbozodeportivo.com\/wp-content\/uploads\/2023\/12\/Fut72.jpg 1080w\" sizes=\"auto, (max-width: 640px) 100vw, 640px\" \/>\t\t\t\t\t\t\t\t\t\t\t\t\t\t\t<\/p>\n<p>(Foto: FMF7)<\/p>\n<p>\u201cTenemos 26 estados afiliados a la Federaci\u00f3n, estamos dando una estructura que no exist\u00eda, y es tener jugadores, t\u00e9cnicos y \u00e1rbitros afiliados y los estados con nuestro apoyo realicen sus torneos\u201d. <\/p>\n<p>Guanajuato, Jalisco, Tlaxcala, San Luis Potos\u00ed, Nuevo Le\u00f3n, Chihuahua, Morelos, Quer\u00e9taro, Hidalgo y Zacatecas, son los estados que estar\u00e1n participando.<\/p>\n<p>Algo importante, es que los ganadores en categor\u00edas infantiles y juveniles tienen su pase directo al mundial en 2024 y que ya son parte de la Federaci\u00f3n Mundial de Futbol 7.<\/p>\n<p>\u00a0<\/p>\n<p>\t\t\t\t\t\t\t\t\t\t\t\t\t\t\t<img decoding=\"async\" width=\"640\" height=\"829\" src=\"https:\/\/esbozodeportivo.com\/wp-content\/uploads\/2023\/12\/Fut79.pg_-791x1024.jpg\" alt=\"\" loading=\"lazy\" srcset=\"https:\/\/esbozodeportivo.com\/wp-content\/uploads\/2023\/12\/Fut79.pg_-791x1024.jpg 791w, https:\/\/esbozodeportivo.com\/wp-content\/uploads\/2023\/12\/Fut79.pg_-232x300.jpg 232w, https:\/\/esbozodeportivo.com\/wp-content\/uploads\/2023\/12\/Fut79.pg_-768x994.jpg 768w, https:\/\/esbozodeportivo.com\/wp-content\/uploads\/2023\/12\/Fut79.pg_-1024x1326.jpg 1024w, https:\/\/esbozodeportivo.com\/wp-content\/uploads\/2023\/12\/Fut79.pg_.jpg 1080w\" sizes=\"auto, (max-width: 640px) 100vw, 640px\" \/>\t\t\t\t\t\t\t\t\t\t\t\t\t\t\t<\/p>\n<p>(Foto: FMF7)<\/p>\n<p><b>MUNDIAL INFANTIL Y JUVENIL EN 2024<\/b><\/p>\n<p>\u00a0A la vista se viene tambi\u00e9n el Mundial de futbol 7 en abril pr\u00f3ximo en Le\u00f3n, Guanajuato y \u201csomos la \u00fanica y primer organizaci\u00f3n en el mundo que manejamos seleccionados desde los seis a\u00f1os porque no exist\u00edan\u201d. <\/p>\n<p>\u00a0Los pa\u00edses ya confirmados al mundial son: Argentina, Uruguay, Colombia, Ecuador, Honduras, Bolivia, Estados Unidos y M\u00e9xico.<\/p>\n<p>\u201cContamos con 14pa\u00edses afiliados y seguiremos avanzando en crecer m\u00e1s\u201d.<\/p>\n<p>\u00a0<\/p>\n<p>\t\t\t\t\t\t\t\t\t\t\t\t\t\t\t<img decoding=\"async\" width=\"640\" height=\"640\" src=\"https:\/\/esbozodeportivo.com\/wp-content\/uploads\/2023\/12\/Fut76-1024x1024.jpg\" alt=\"\" loading=\"lazy\" srcset=\"https:\/\/esbozodeportivo.com\/wp-content\/uploads\/2023\/12\/Fut76-1024x1024.jpg 1024w, https:\/\/esbozodeportivo.com\/wp-content\/uploads\/2023\/12\/Fut76-300x300.jpg 300w, https:\/\/esbozodeportivo.com\/wp-content\/uploads\/2023\/12\/Fut76-150x150.jpg 150w, https:\/\/esbozodeportivo.com\/wp-content\/uploads\/2023\/12\/Fut76-768x768.jpg 768w, https:\/\/esbozodeportivo.com\/wp-content\/uploads\/2023\/12\/Fut76-1536x1536.jpg 1536w, https:\/\/esbozodeportivo.com\/wp-content\/uploads\/2023\/12\/Fut76.jpg 1599w\" sizes=\"auto, (max-width: 640px) 100vw, 640px\" \/>\t\t\t\t\t\t\t\t\t\t\t\t\t\t\t<\/p>\n<p>(Foto: FMF7)<\/p>\n<p><b>\u201cHACERALGO DISTINTO\u201d<\/b><\/p>\n<p>\u00a0En la Federaci\u00f3n Mexicana de F\u00fatbol 7 no hay ninguna relaci\u00f3n con FMF. <\/p>\n<p>\u00a0\u201cQuer\u00edamos hacer algo diferente, nuestro f\u00fatbol no es el mejor y todo mundo lo dice y, s\u00ed queremos ser mejores debemos cambiar las cosas, por ejemplo no puede ser que Uruguay con 3 millones de habitantes sea mejor que M\u00e9xico con m\u00e1s de 130 millones, llevamos dos campeonatos mundiales y no la mitad de esos jugadores est\u00e1n en primera divisi\u00f3n y es algo il\u00f3gico y eso es porque no hay un proceso y estrategia adecuados\u201d.<\/p>\n<p>\t\t\t\t\t\t\t\t\t\t\t\t\t\t\t<img decoding=\"async\" width=\"640\" height=\"751\" src=\"https:\/\/esbozodeportivo.com\/wp-content\/uploads\/2023\/12\/Fut74-873x1024.jpg\" alt=\"\" loading=\"lazy\" srcset=\"https:\/\/esbozodeportivo.com\/wp-content\/uploads\/2023\/12\/Fut74-873x1024.jpg 873w, https:\/\/esbozodeportivo.com\/wp-content\/uploads\/2023\/12\/Fut74-256x300.jpg 256w, https:\/\/esbozodeportivo.com\/wp-content\/uploads\/2023\/12\/Fut74-768x901.jpg 768w, https:\/\/esbozodeportivo.com\/wp-content\/uploads\/2023\/12\/Fut74-1024x1201.jpg 1024w, https:\/\/esbozodeportivo.com\/wp-content\/uploads\/2023\/12\/Fut74.jpg 1080w\" sizes=\"auto, (max-width: 640px) 100vw, 640px\" \/>\t\t\t\t\t\t\t\t\t\t\t\t\t\t\t<\/p>\n<p>(Foto: FMF7)<\/p>\n<p><strong>HABL\u00d3 DEL TRABAJO DE LA FMF<\/strong><\/p>\n<p>El presidente habl\u00f3 del trabajo de la FMF y el gobierno \u201cmientras no tengamos una estructura en M\u00e9xico empezando por el mismo gobierno y la FEMEXFUT seguir\u00e1 igual. Los clubes solo trabajan para ellos y no lo hacen por el bien general del pa\u00eds, por eso nosotros estamos trabajando con ni\u00f1os y j\u00f3venes y va de la mano con el pa\u00eds n\u00famero uno del mundo, Estados Unidos. Nosotros ya firmamos alianzas para que los jugadores trasciendan\u201d, pr\u00f3ximamente tendr\u00e1n el reconocimiento de la CONADE.<\/p>\n","protected":false},"excerpt":{"rendered":"<p>(Foto: FMF7) **Guanajuato, Jalisco, Tlaxcala, San Luis Potos\u00ed, Nuevo Le\u00f3n, Chihuahua, Morelos, Quer\u00e9taro, Hidalgo y<\/p>\n","protected":false},"author":2,"featured_media":0,"comment_status":"open","ping_status":"open","sticky":false,"template":"","format":"standard","meta":{"_jetpack_memberships_contains_paid_content":false,"footnotes":""},"categories":[5],"tags":[],"class_list":["post-2010","post","type-post","status-publish","format-standard","hentry","category-amateur"],"yoast_head":"<!-- This site is optimized with the Yoast SEO plugin v25.7 - https:\/\/yoast.com\/wordpress\/plugins\/seo\/ -->\n<title>CON10 ESTADOS, SE PRESENTA LA 6TA EDICI\u00d3N DEL PANAMERICANO DE F\u00daTBOL - Esbozo Deportivo<\/title>\n<meta name=\"robots\" content=\"index, follow, max-snippet:-1, max-image-preview:large, max-video-preview:-1\" \/>\n<link rel=\"canonical\" href=\"https:\/\/esbozodeportivo.com\/index.php\/2023\/12\/01\/con10-estados-se-presenta-la-6ta-edicion-del-panamericano-de-futbol\/\" \/>\n<meta property=\"og:locale\" content=\"es_MX\" \/>\n<meta property=\"og:type\" content=\"article\" \/>\n<meta property=\"og:title\" content=\"CON10 ESTADOS, SE PRESENTA LA 6TA EDICI\u00d3N DEL PANAMERICANO DE F\u00daTBOL - Esbozo Deportivo\" \/>\n<meta property=\"og:description\" content=\"(Foto: FMF7) **Guanajuato, Jalisco, Tlaxcala, San Luis Potos\u00ed, Nuevo Le\u00f3n, Chihuahua, Morelos, Quer\u00e9taro, Hidalgo y\" \/>\n<meta property=\"og:url\" content=\"https:\/\/esbozodeportivo.com\/index.php\/2023\/12\/01\/con10-estados-se-presenta-la-6ta-edicion-del-panamericano-de-futbol\/\" \/>\n<meta property=\"og:site_name\" content=\"Esbozo Deportivo\" \/>\n<meta property=\"article:published_time\" content=\"2023-12-01T05:49:25+00:00\" \/>\n<meta property=\"article:modified_time\" content=\"2023-12-01T05:54:35+00:00\" \/>\n<meta property=\"og:image\" content=\"https:\/\/esbozodeportivo.com\/wp-content\/uploads\/2023\/12\/Fut73-1024x576.jpg\" \/>\n<meta name=\"author\" content=\"Javier De La Cruz\" \/>\n<meta name=\"twitter:card\" content=\"summary_large_image\" \/>\n<meta name=\"twitter:label1\" content=\"Escrito por\" \/>\n\t<meta name=\"twitter:data1\" content=\"Javier De La Cruz\" \/>\n\t<meta name=\"twitter:label2\" content=\"Tiempo de lectura\" \/>\n\t<meta name=\"twitter:data2\" content=\"2 minutos\" \/>\n<script type=\"application\/ld+json\" class=\"yoast-schema-graph\">{\"@context\":\"https:\/\/schema.org\",\"@graph\":[{\"@type\":\"Article\",\"@id\":\"https:\/\/esbozodeportivo.com\/index.php\/2023\/12\/01\/con10-estados-se-presenta-la-6ta-edicion-del-panamericano-de-futbol\/#article\",\"isPartOf\":{\"@id\":\"https:\/\/esbozodeportivo.com\/index.php\/2023\/12\/01\/con10-estados-se-presenta-la-6ta-edicion-del-panamericano-de-futbol\/\"},\"author\":{\"name\":\"Javier De La Cruz\",\"@id\":\"https:\/\/esbozodeportivo.com\/#\/schema\/person\/7277119c98823aec37bbb84e125efd44\"},\"headline\":\"CON10 ESTADOS, SE PRESENTA LA 6TA EDICI\u00d3N DEL PANAMERICANO DE F\u00daTBOL\",\"datePublished\":\"2023-12-01T05:49:25+00:00\",\"dateModified\":\"2023-12-01T05:54:35+00:00\",\"mainEntityOfPage\":{\"@id\":\"https:\/\/esbozodeportivo.com\/index.php\/2023\/12\/01\/con10-estados-se-presenta-la-6ta-edicion-del-panamericano-de-futbol\/\"},\"wordCount\":475,\"commentCount\":0,\"publisher\":{\"@id\":\"https:\/\/esbozodeportivo.com\/#organization\"},\"image\":{\"@id\":\"https:\/\/esbozodeportivo.com\/index.php\/2023\/12\/01\/con10-estados-se-presenta-la-6ta-edicion-del-panamericano-de-futbol\/#primaryimage\"},\"thumbnailUrl\":\"https:\/\/esbozodeportivo.com\/wp-content\/uploads\/2023\/12\/Fut73-1024x576.jpg\",\"articleSection\":[\"Amateur\"],\"inLanguage\":\"es\",\"potentialAction\":[{\"@type\":\"CommentAction\",\"name\":\"Comment\",\"target\":[\"https:\/\/esbozodeportivo.com\/index.php\/2023\/12\/01\/con10-estados-se-presenta-la-6ta-edicion-del-panamericano-de-futbol\/#respond\"]}]},{\"@type\":\"WebPage\",\"@id\":\"https:\/\/esbozodeportivo.com\/index.php\/2023\/12\/01\/con10-estados-se-presenta-la-6ta-edicion-del-panamericano-de-futbol\/\",\"url\":\"https:\/\/esbozodeportivo.com\/index.php\/2023\/12\/01\/con10-estados-se-presenta-la-6ta-edicion-del-panamericano-de-futbol\/\",\"name\":\"CON10 ESTADOS, SE PRESENTA LA 6TA EDICI\u00d3N DEL PANAMERICANO DE F\u00daTBOL - Esbozo Deportivo\",\"isPartOf\":{\"@id\":\"https:\/\/esbozodeportivo.com\/#website\"},\"primaryImageOfPage\":{\"@id\":\"https:\/\/esbozodeportivo.com\/index.php\/2023\/12\/01\/con10-estados-se-presenta-la-6ta-edicion-del-panamericano-de-futbol\/#primaryimage\"},\"image\":{\"@id\":\"https:\/\/esbozodeportivo.com\/index.php\/2023\/12\/01\/con10-estados-se-presenta-la-6ta-edicion-del-panamericano-de-futbol\/#primaryimage\"},\"thumbnailUrl\":\"https:\/\/esbozodeportivo.com\/wp-content\/uploads\/2023\/12\/Fut73-1024x576.jpg\",\"datePublished\":\"2023-12-01T05:49:25+00:00\",\"dateModified\":\"2023-12-01T05:54:35+00:00\",\"breadcrumb\":{\"@id\":\"https:\/\/esbozodeportivo.com\/index.php\/2023\/12\/01\/con10-estados-se-presenta-la-6ta-edicion-del-panamericano-de-futbol\/#breadcrumb\"},\"inLanguage\":\"es\",\"potentialAction\":[{\"@type\":\"ReadAction\",\"target\":[\"https:\/\/esbozodeportivo.com\/index.php\/2023\/12\/01\/con10-estados-se-presenta-la-6ta-edicion-del-panamericano-de-futbol\/\"]}]},{\"@type\":\"ImageObject\",\"inLanguage\":\"es\",\"@id\":\"https:\/\/esbozodeportivo.com\/index.php\/2023\/12\/01\/con10-estados-se-presenta-la-6ta-edicion-del-panamericano-de-futbol\/#primaryimage\",\"url\":\"https:\/\/esbozodeportivo.com\/wp-content\/uploads\/2023\/12\/Fut73.jpg\",\"contentUrl\":\"https:\/\/esbozodeportivo.com\/wp-content\/uploads\/2023\/12\/Fut73.jpg\",\"width\":1600,\"height\":900},{\"@type\":\"BreadcrumbList\",\"@id\":\"https:\/\/esbozodeportivo.com\/index.php\/2023\/12\/01\/con10-estados-se-presenta-la-6ta-edicion-del-panamericano-de-futbol\/#breadcrumb\",\"itemListElement\":[{\"@type\":\"ListItem\",\"position\":1,\"name\":\"Inicio\",\"item\":\"https:\/\/esbozodeportivo.com\/\"},{\"@type\":\"ListItem\",\"position\":2,\"name\":\"CON10 ESTADOS, SE PRESENTA LA 6TA EDICI\u00d3N DEL PANAMERICANO DE F\u00daTBOL\"}]},{\"@type\":\"WebSite\",\"@id\":\"https:\/\/esbozodeportivo.com\/#website\",\"url\":\"https:\/\/esbozodeportivo.com\/\",\"name\":\"Esbozo Deportivo\",\"description\":\"Lo m\u00e1s importante del Deporte\",\"publisher\":{\"@id\":\"https:\/\/esbozodeportivo.com\/#organization\"},\"potentialAction\":[{\"@type\":\"SearchAction\",\"target\":{\"@type\":\"EntryPoint\",\"urlTemplate\":\"https:\/\/esbozodeportivo.com\/?s={search_term_string}\"},\"query-input\":{\"@type\":\"PropertyValueSpecification\",\"valueRequired\":true,\"valueName\":\"search_term_string\"}}],\"inLanguage\":\"es\"},{\"@type\":\"Organization\",\"@id\":\"https:\/\/esbozodeportivo.com\/#organization\",\"name\":\"Esbozo Deportivo\",\"url\":\"https:\/\/esbozodeportivo.com\/\",\"logo\":{\"@type\":\"ImageObject\",\"inLanguage\":\"es\",\"@id\":\"https:\/\/esbozodeportivo.com\/#\/schema\/logo\/image\/\",\"url\":\"https:\/\/esbozodeportivo.com\/wp-content\/uploads\/2022\/08\/cropped-Logo-Esbozo-Web-2.png\",\"contentUrl\":\"https:\/\/esbozodeportivo.com\/wp-content\/uploads\/2022\/08\/cropped-Logo-Esbozo-Web-2.png\",\"width\":180,\"height\":50,\"caption\":\"Esbozo Deportivo\"},\"image\":{\"@id\":\"https:\/\/esbozodeportivo.com\/#\/schema\/logo\/image\/\"}},{\"@type\":\"Person\",\"@id\":\"https:\/\/esbozodeportivo.com\/#\/schema\/person\/7277119c98823aec37bbb84e125efd44\",\"name\":\"Javier De La Cruz\",\"image\":{\"@type\":\"ImageObject\",\"inLanguage\":\"es\",\"@id\":\"https:\/\/esbozodeportivo.com\/#\/schema\/person\/image\/\",\"url\":\"https:\/\/secure.gravatar.com\/avatar\/366235a56d20f1a6e8e3d0b295897639357bea880470ddf261d17bb0bc052eb1?s=96&d=mm&r=g\",\"contentUrl\":\"https:\/\/secure.gravatar.com\/avatar\/366235a56d20f1a6e8e3d0b295897639357bea880470ddf261d17bb0bc052eb1?s=96&d=mm&r=g\",\"caption\":\"Javier De La Cruz\"},\"url\":\"https:\/\/esbozodeportivo.com\/index.php\/author\/javier-de-la-cruz-de-la-cruz\/\"}]}<\/script>\n<!-- \/ Yoast SEO plugin. -->","yoast_head_json":{"title":"CON10 ESTADOS, SE PRESENTA LA 6TA EDICI\u00d3N DEL PANAMERICANO DE F\u00daTBOL - Esbozo Deportivo","robots":{"index":"index","follow":"follow","max-snippet":"max-snippet:-1","max-image-preview":"max-image-preview:large","max-video-preview":"max-video-preview:-1"},"canonical":"https:\/\/esbozodeportivo.com\/index.php\/2023\/12\/01\/con10-estados-se-presenta-la-6ta-edicion-del-panamericano-de-futbol\/","og_locale":"es_MX","og_type":"article","og_title":"CON10 ESTADOS, SE PRESENTA LA 6TA EDICI\u00d3N DEL PANAMERICANO DE F\u00daTBOL - Esbozo Deportivo","og_description":"(Foto: FMF7) **Guanajuato, Jalisco, Tlaxcala, San Luis Potos\u00ed, Nuevo Le\u00f3n, Chihuahua, Morelos, Quer\u00e9taro, Hidalgo y","og_url":"https:\/\/esbozodeportivo.com\/index.php\/2023\/12\/01\/con10-estados-se-presenta-la-6ta-edicion-del-panamericano-de-futbol\/","og_site_name":"Esbozo Deportivo","article_published_time":"2023-12-01T05:49:25+00:00","article_modified_time":"2023-12-01T05:54:35+00:00","og_image":[{"url":"https:\/\/esbozodeportivo.com\/wp-content\/uploads\/2023\/12\/Fut73-1024x576.jpg","type":"","width":"","height":""}],"author":"Javier De La Cruz","twitter_card":"summary_large_image","twitter_misc":{"Escrito por":"Javier De La Cruz","Tiempo de lectura":"2 minutos"},"schema":{"@context":"https:\/\/schema.org","@graph":[{"@type":"Article","@id":"https:\/\/esbozodeportivo.com\/index.php\/2023\/12\/01\/con10-estados-se-presenta-la-6ta-edicion-del-panamericano-de-futbol\/#article","isPartOf":{"@id":"https:\/\/esbozodeportivo.com\/index.php\/2023\/12\/01\/con10-estados-se-presenta-la-6ta-edicion-del-panamericano-de-futbol\/"},"author":{"name":"Javier De La Cruz","@id":"https:\/\/esbozodeportivo.com\/#\/schema\/person\/7277119c98823aec37bbb84e125efd44"},"headline":"CON10 ESTADOS, SE PRESENTA LA 6TA EDICI\u00d3N DEL PANAMERICANO DE F\u00daTBOL","datePublished":"2023-12-01T05:49:25+00:00","dateModified":"2023-12-01T05:54:35+00:00","mainEntityOfPage":{"@id":"https:\/\/esbozodeportivo.com\/index.php\/2023\/12\/01\/con10-estados-se-presenta-la-6ta-edicion-del-panamericano-de-futbol\/"},"wordCount":475,"commentCount":0,"publisher":{"@id":"https:\/\/esbozodeportivo.com\/#organization"},"image":{"@id":"https:\/\/esbozodeportivo.com\/index.php\/2023\/12\/01\/con10-estados-se-presenta-la-6ta-edicion-del-panamericano-de-futbol\/#primaryimage"},"thumbnailUrl":"https:\/\/esbozodeportivo.com\/wp-content\/uploads\/2023\/12\/Fut73-1024x576.jpg","articleSection":["Amateur"],"inLanguage":"es","potentialAction":[{"@type":"CommentAction","name":"Comment","target":["https:\/\/esbozodeportivo.com\/index.php\/2023\/12\/01\/con10-estados-se-presenta-la-6ta-edicion-del-panamericano-de-futbol\/#respond"]}]},{"@type":"WebPage","@id":"https:\/\/esbozodeportivo.com\/index.php\/2023\/12\/01\/con10-estados-se-presenta-la-6ta-edicion-del-panamericano-de-futbol\/","url":"https:\/\/esbozodeportivo.com\/index.php\/2023\/12\/01\/con10-estados-se-presenta-la-6ta-edicion-del-panamericano-de-futbol\/","name":"CON10 ESTADOS, SE PRESENTA LA 6TA EDICI\u00d3N DEL PANAMERICANO DE F\u00daTBOL - Esbozo Deportivo","isPartOf":{"@id":"https:\/\/esbozodeportivo.com\/#website"},"primaryImageOfPage":{"@id":"https:\/\/esbozodeportivo.com\/index.php\/2023\/12\/01\/con10-estados-se-presenta-la-6ta-edicion-del-panamericano-de-futbol\/#primaryimage"},"image":{"@id":"https:\/\/esbozodeportivo.com\/index.php\/2023\/12\/01\/con10-estados-se-presenta-la-6ta-edicion-del-panamericano-de-futbol\/#primaryimage"},"thumbnailUrl":"https:\/\/esbozodeportivo.com\/wp-content\/uploads\/2023\/12\/Fut73-1024x576.jpg","datePublished":"2023-12-01T05:49:25+00:00","dateModified":"2023-12-01T05:54:35+00:00","breadcrumb":{"@id":"https:\/\/esbozodeportivo.com\/index.php\/2023\/12\/01\/con10-estados-se-presenta-la-6ta-edicion-del-panamericano-de-futbol\/#breadcrumb"},"inLanguage":"es","potentialAction":[{"@type":"ReadAction","target":["https:\/\/esbozodeportivo.com\/index.php\/2023\/12\/01\/con10-estados-se-presenta-la-6ta-edicion-del-panamericano-de-futbol\/"]}]},{"@type":"ImageObject","inLanguage":"es","@id":"https:\/\/esbozodeportivo.com\/index.php\/2023\/12\/01\/con10-estados-se-presenta-la-6ta-edicion-del-panamericano-de-futbol\/#primaryimage","url":"https:\/\/esbozodeportivo.com\/wp-content\/uploads\/2023\/12\/Fut73.jpg","contentUrl":"https:\/\/esbozodeportivo.com\/wp-content\/uploads\/2023\/12\/Fut73.jpg","width":1600,"height":900},{"@type":"BreadcrumbList","@id":"https:\/\/esbozodeportivo.com\/index.php\/2023\/12\/01\/con10-estados-se-presenta-la-6ta-edicion-del-panamericano-de-futbol\/#breadcrumb","itemListElement":[{"@type":"ListItem","position":1,"name":"Inicio","item":"https:\/\/esbozodeportivo.com\/"},{"@type":"ListItem","position":2,"name":"CON10 ESTADOS, SE PRESENTA LA 6TA EDICI\u00d3N DEL PANAMERICANO DE F\u00daTBOL"}]},{"@type":"WebSite","@id":"https:\/\/esbozodeportivo.com\/#website","url":"https:\/\/esbozodeportivo.com\/","name":"Esbozo Deportivo","description":"Lo m\u00e1s importante del Deporte","publisher":{"@id":"https:\/\/esbozodeportivo.com\/#organization"},"potentialAction":[{"@type":"SearchAction","target":{"@type":"EntryPoint","urlTemplate":"https:\/\/esbozodeportivo.com\/?s={search_term_string}"},"query-input":{"@type":"PropertyValueSpecification","valueRequired":true,"valueName":"search_term_string"}}],"inLanguage":"es"},{"@type":"Organization","@id":"https:\/\/esbozodeportivo.com\/#organization","name":"Esbozo Deportivo","url":"https:\/\/esbozodeportivo.com\/","logo":{"@type":"ImageObject","inLanguage":"es","@id":"https:\/\/esbozodeportivo.com\/#\/schema\/logo\/image\/","url":"https:\/\/esbozodeportivo.com\/wp-content\/uploads\/2022\/08\/cropped-Logo-Esbozo-Web-2.png","contentUrl":"https:\/\/esbozodeportivo.com\/wp-content\/uploads\/2022\/08\/cropped-Logo-Esbozo-Web-2.png","width":180,"height":50,"caption":"Esbozo Deportivo"},"image":{"@id":"https:\/\/esbozodeportivo.com\/#\/schema\/logo\/image\/"}},{"@type":"Person","@id":"https:\/\/esbozodeportivo.com\/#\/schema\/person\/7277119c98823aec37bbb84e125efd44","name":"Javier De La Cruz","image":{"@type":"ImageObject","inLanguage":"es","@id":"https:\/\/esbozodeportivo.com\/#\/schema\/person\/image\/","url":"https:\/\/secure.gravatar.com\/avatar\/366235a56d20f1a6e8e3d0b295897639357bea880470ddf261d17bb0bc052eb1?s=96&d=mm&r=g","contentUrl":"https:\/\/secure.gravatar.com\/avatar\/366235a56d20f1a6e8e3d0b295897639357bea880470ddf261d17bb0bc052eb1?s=96&d=mm&r=g","caption":"Javier De La Cruz"},"url":"https:\/\/esbozodeportivo.com\/index.php\/author\/javier-de-la-cruz-de-la-cruz\/"}]}},"jetpack_featured_media_url":"","jetpack_sharing_enabled":true,"_links":{"self":[{"href":"https:\/\/esbozodeportivo.com\/index.php\/wp-json\/wp\/v2\/posts\/2010","targetHints":{"allow":["GET"]}}],"collection":[{"href":"https:\/\/esbozodeportivo.com\/index.php\/wp-json\/wp\/v2\/posts"}],"about":[{"href":"https:\/\/esbozodeportivo.com\/index.php\/wp-json\/wp\/v2\/types\/post"}],"author":[{"embeddable":true,"href":"https:\/\/esbozodeportivo.com\/index.php\/wp-json\/wp\/v2\/users\/2"}],"replies":[{"embeddable":true,"href":"https:\/\/esbozodeportivo.com\/index.php\/wp-json\/wp\/v2\/comments?post=2010"}],"version-history":[{"count":3,"href":"https:\/\/esbozodeportivo.com\/index.php\/wp-json\/wp\/v2\/posts\/2010\/revisions"}],"predecessor-version":[{"id":2019,"href":"https:\/\/esbozodeportivo.com\/index.php\/wp-json\/wp\/v2\/posts\/2010\/revisions\/2019"}],"wp:attachment":[{"href":"https:\/\/esbozodeportivo.com\/index.php\/wp-json\/wp\/v2\/media?parent=2010"}],"wp:term":[{"taxonomy":"category","embeddable":true,"href":"https:\/\/esbozodeportivo.com\/index.php\/wp-json\/wp\/v2\/categories?post=2010"},{"taxonomy":"post_tag","embeddable":true,"href":"https:\/\/esbozodeportivo.com\/index.php\/wp-json\/wp\/v2\/tags?post=2010"}],"curies":[{"name":"wp","href":"https:\/\/api.w.org\/{rel}","templated":true}]}}