{"id":2020,"date":"2023-12-02T05:46:42","date_gmt":"2023-12-02T05:46:42","guid":{"rendered":"https:\/\/esbozodeportivo.com\/?p=2020"},"modified":"2023-12-02T05:50:21","modified_gmt":"2023-12-02T05:50:21","slug":"diciembre-arranca-y-las-competencias-tambien","status":"publish","type":"post","link":"https:\/\/esbozodeportivo.com\/index.php\/2023\/12\/02\/diciembre-arranca-y-las-competencias-tambien\/","title":{"rendered":"DICIEMBRE ARRANCA Y LAS COMPETENCIAS TAMBI\u00c9N"},"content":{"rendered":"<style>\/*! elementor - v3.17.0 - 08-11-2023 *\/\n.elementor-widget-image{text-align:center}.elementor-widget-image a{display:inline-block}.elementor-widget-image a img[src$=\".svg\"]{width:48px}.elementor-widget-image img{vertical-align:middle;display:inline-block}<\/style>\n<p>\t\t\t\t\t\t\t\t\t\t\t\t<img decoding=\"async\" width=\"640\" height=\"853\" src=\"https:\/\/esbozodeportivo.com\/wp-content\/uploads\/2023\/12\/Acuatica.jpg\" alt=\"\" loading=\"lazy\" srcset=\"https:\/\/esbozodeportivo.com\/wp-content\/uploads\/2023\/12\/Acuatica.jpg 768w, https:\/\/esbozodeportivo.com\/wp-content\/uploads\/2023\/12\/Acuatica-225x300.jpg 225w\" sizes=\"auto, (max-width: 640px) 100vw, 640px\" \/>\t\t\t\t\t\t\t\t\t\t\t\t\t\t\t<\/p>\n<p>(Foto: acu\u00e1ticanelsonvargas)<\/p>\n<p><em>M\u00e9xico y <\/em><strong><em>Acu\u00e1tica nelsonvargas<\/em><\/strong><em> dicen presente en cita internacional de Aguas Abiertas<\/em><\/p>\n<p><u>\u00a0<\/u>En estos momentos se encuentran atletas de todo el mundo en el proceso de adaptaci\u00f3n en el Copa del Mundo de Nataci\u00f3n en Aguas Abiertas World Aquatics 2023, suceso deportivo que vive ya su cierre de a\u00f1o, al ser esta su quinta parada y que convoca a los mejores nadadores de planeta que busca un cupo a la pr\u00f3xima cita mundialista, misma que se llevar\u00e1 a cabo en el mes de febrero en Doha \u2013 Qatar y por supuesto, a los Juegos Ol\u00edmpicos \u2013 Par\u00eds 2024.<\/p>\n<p>Funchal \u2013 Portugal ser\u00e1 la sede de este importante suceso que se desarrollar\u00e1 en dos fechas 2 y 3 de diciembre y donde M\u00e9xico contar\u00e1 con varios de sus mejores representantes que llevan con orgullo e ilusi\u00f3n el tricolor nacional. Es de agregarse que, en la rama femenina hacen presencia 85 damas y mientras que los competidores en la rama masculina ser\u00e1n 97<\/p>\n<p>Es importante se\u00f1alar la gran relevancia de este evento, esto al tener participantes de todo el planeta, nadadores en representaci\u00f3n de las siguientes naciones: Argentina, Australia, Austria, B\u00e9lgica, Brasil, Canad\u00e1, Republica Checa, Ecuador, Espa\u00f1a, Francia, Gran Breta\u00f1a, Alemania, Grecia, Hungr\u00eda, Israel, Italia, Holanda, Singapur, Eslovenia, Suiza, China Taip\u00e9i, Turqu\u00eda, Estados Unidos, por supuesto, la representaci\u00f3n local y anfitriones, Portugal y nuestro pa\u00eds.<\/p>\n<p>Es de tenerse en cuenta, paralelamente el nivel de competencia de este suceso, que convoca a deportistas ol\u00edmpicos como el medallista de bronce de los Estados Unidos, David Her\u00f3n; la medallista de plata en la cita de los aros Bianca Crips, quien siempre lleva con orgullo su bandera de Australia y el doble medallista ol\u00edmpico de bronce por Canad\u00e1 el reconocido y talentoso, Hau \u2013 Li Fan.<\/p>\n<p>Nuestro pa\u00eds estar\u00e1 presente en la competencia de largo aliento de 10 km, en la rama femenina y masculina, adem\u00e1s, dice presente en el relevo mixto, nuestros atletas, son:\u00a0\u00a0<\/p>\n<table>\n<tbody>\n<tr>\n<td width=\"47\">\n<h5><strong>No.<\/strong><\/h5>\n<\/td>\n<td width=\"245\">\n<h5><strong>NOMBRE<\/strong><\/h5>\n<\/td>\n<td width=\"76\">\n<h5><strong>EDAD<\/strong><\/h5>\n<\/td>\n<td width=\"214\">\n<h5><strong>FECHA Y HORA<\/strong><\/h5>\n<\/td>\n<td width=\"82\">\n<h5><strong>DISTANCIA<\/strong><\/h5>\n<\/td>\n<\/tr>\n<tr>\n<td width=\"47\">\n<h5>1<\/h5>\n<\/td>\n<td width=\"245\">\n<h5>Marta Sandoval<\/h5>\n<\/td>\n<td width=\"76\">\n<h5>25<\/h5>\n<\/td>\n<td width=\"214\">\n<h5>S\u00e1bado 2 de diciembre 6.30 a.m.<\/h5>\n<\/td>\n<td width=\"82\">\n<h5>10 km<\/h5>\n<\/td>\n<\/tr>\n<tr>\n<td width=\"47\">\n<h5>2<\/h5>\n<\/td>\n<td width=\"245\">\n<h5>Alejandra Hoyos Horvart<\/h5>\n<\/td>\n<td width=\"76\">\n<h5>17<\/h5>\n<\/td>\n<td width=\"214\">\n<h5>S\u00e1bado 2 de diciembre 6.30 a.m.<\/h5>\n<\/td>\n<td width=\"82\">\n<h5>10 km<\/h5>\n<\/td>\n<\/tr>\n<tr>\n<td width=\"47\">\n<h5>3<\/h5>\n<\/td>\n<td width=\"245\">\n<h5>Paulina Alan\u00eds Hern\u00e1ndez<\/h5>\n<\/td>\n<td width=\"76\">\n<h5>19<\/h5>\n<\/td>\n<td width=\"214\">\n<h5>S\u00e1bado 2 de diciembre 6.30 a.m.<\/h5>\n<\/td>\n<td width=\"82\">\n<h5>10 km<\/h5>\n<\/td>\n<\/tr>\n<tr>\n<td width=\"47\">\n<h5>4<\/h5>\n<\/td>\n<td width=\"245\">\n<h5>Santiago Guti\u00e9rrez <strong><em>ANV<\/em><\/strong><\/h5>\n<\/td>\n<td width=\"76\">\n<h5>20<\/h5>\n<\/td>\n<td width=\"214\">\n<h5>S\u00e1bado 2 de diciembre 3.00 a.m.<\/h5>\n<\/td>\n<td width=\"82\">\n<h5>10 km<\/h5>\n<\/td>\n<\/tr>\n<tr>\n<td width=\"47\">\n<h5>5<\/h5>\n<\/td>\n<td width=\"245\">\n<h5>Paulo Strehlke Delgado<\/h5>\n<\/td>\n<td width=\"76\">\n<h5>17<\/h5>\n<\/td>\n<td width=\"214\">\n<h5>S\u00e1bado 2 de diciembre 3.00 a.m.<\/h5>\n<\/td>\n<td width=\"82\">\n<h5>10 km<\/h5>\n<\/td>\n<\/tr>\n<tr>\n<td width=\"47\">\n<h5>6<\/h5>\n<\/td>\n<td width=\"245\">\n<h5>Daniel Delgadillo<\/h5>\n<\/td>\n<td width=\"76\">\n<h5>34<\/h5>\n<\/td>\n<td width=\"214\">\n<h5>S\u00e1bado 2 de diciembre 3.00 a.m.<\/h5>\n<\/td>\n<td width=\"82\">\n<h5>10 km<\/h5>\n<\/td>\n<\/tr>\n<tr>\n<td width=\"47\">\n<h5>7<\/h5>\n<h5>8<\/h5>\n<h5>9<\/h5>\n<h5>10<\/h5>\n<\/td>\n<td width=\"245\">\n<h5>Paulina Alanis Hern\u00e1ndez<\/h5>\n<h5>Daniel Delgadillo<\/h5>\n<h5>Marta Sandoval<\/h5>\n<h5>Paulo Strehlke Delgado<\/h5>\n<\/td>\n<td width=\"76\">\n<h5>19<\/h5>\n<h5>34<\/h5>\n<h5>25<\/h5>\n<h5>17<\/h5>\n<\/td>\n<td width=\"214\">\n<h5>\u00a0<\/h5>\n<h5>Domingo 3 de diciembre 3.30 a.m.<\/h5>\n<\/td>\n<td width=\"82\">\n<h5>\u00a0<\/h5>\n<h5>Mixto 4&#215;1500 m<\/h5>\n<\/td>\n<\/tr>\n<\/tbody>\n<\/table>\n<h5>\u00a0<\/h5>\n<h5>\u00a0<\/h5>\n<h5>\u00a0<\/h5>\n","protected":false},"excerpt":{"rendered":"<p>(Foto: acu\u00e1ticanelsonvargas) M\u00e9xico y Acu\u00e1tica nelsonvargas dicen presente en cita internacional de Aguas Abiertas \u00a0En<\/p>\n","protected":false},"author":2,"featured_media":0,"comment_status":"open","ping_status":"open","sticky":false,"template":"","format":"standard","meta":{"_jetpack_memberships_contains_paid_content":false,"footnotes":""},"categories":[5],"tags":[],"class_list":["post-2020","post","type-post","status-publish","format-standard","hentry","category-amateur"],"yoast_head":"<!-- This site is optimized with the Yoast SEO plugin v25.7 - https:\/\/yoast.com\/wordpress\/plugins\/seo\/ -->\n<title>DICIEMBRE ARRANCA Y LAS COMPETENCIAS TAMBI\u00c9N - Esbozo Deportivo<\/title>\n<meta name=\"robots\" content=\"index, follow, max-snippet:-1, max-image-preview:large, max-video-preview:-1\" \/>\n<link rel=\"canonical\" href=\"https:\/\/esbozodeportivo.com\/index.php\/2023\/12\/02\/diciembre-arranca-y-las-competencias-tambien\/\" \/>\n<meta property=\"og:locale\" content=\"es_MX\" \/>\n<meta property=\"og:type\" content=\"article\" \/>\n<meta property=\"og:title\" content=\"DICIEMBRE ARRANCA Y LAS COMPETENCIAS TAMBI\u00c9N - Esbozo Deportivo\" \/>\n<meta property=\"og:description\" content=\"(Foto: acu\u00e1ticanelsonvargas) M\u00e9xico y Acu\u00e1tica nelsonvargas dicen presente en cita internacional de Aguas Abiertas \u00a0En\" \/>\n<meta property=\"og:url\" content=\"https:\/\/esbozodeportivo.com\/index.php\/2023\/12\/02\/diciembre-arranca-y-las-competencias-tambien\/\" \/>\n<meta property=\"og:site_name\" content=\"Esbozo Deportivo\" \/>\n<meta property=\"article:published_time\" content=\"2023-12-02T05:46:42+00:00\" \/>\n<meta property=\"article:modified_time\" content=\"2023-12-02T05:50:21+00:00\" \/>\n<meta property=\"og:image\" content=\"https:\/\/esbozodeportivo.com\/wp-content\/uploads\/2023\/12\/Acuatica.jpg\" \/>\n<meta name=\"author\" content=\"Javier De La Cruz\" \/>\n<meta name=\"twitter:card\" content=\"summary_large_image\" \/>\n<meta name=\"twitter:label1\" content=\"Escrito por\" \/>\n\t<meta name=\"twitter:data1\" content=\"Javier De La Cruz\" \/>\n\t<meta name=\"twitter:label2\" content=\"Tiempo de lectura\" \/>\n\t<meta name=\"twitter:data2\" content=\"2 minutos\" \/>\n<script type=\"application\/ld+json\" class=\"yoast-schema-graph\">{\"@context\":\"https:\/\/schema.org\",\"@graph\":[{\"@type\":\"Article\",\"@id\":\"https:\/\/esbozodeportivo.com\/index.php\/2023\/12\/02\/diciembre-arranca-y-las-competencias-tambien\/#article\",\"isPartOf\":{\"@id\":\"https:\/\/esbozodeportivo.com\/index.php\/2023\/12\/02\/diciembre-arranca-y-las-competencias-tambien\/\"},\"author\":{\"name\":\"Javier De La Cruz\",\"@id\":\"https:\/\/esbozodeportivo.com\/#\/schema\/person\/7277119c98823aec37bbb84e125efd44\"},\"headline\":\"DICIEMBRE ARRANCA Y LAS COMPETENCIAS TAMBI\u00c9N\",\"datePublished\":\"2023-12-02T05:46:42+00:00\",\"dateModified\":\"2023-12-02T05:50:21+00:00\",\"mainEntityOfPage\":{\"@id\":\"https:\/\/esbozodeportivo.com\/index.php\/2023\/12\/02\/diciembre-arranca-y-las-competencias-tambien\/\"},\"wordCount\":431,\"commentCount\":0,\"publisher\":{\"@id\":\"https:\/\/esbozodeportivo.com\/#organization\"},\"image\":{\"@id\":\"https:\/\/esbozodeportivo.com\/index.php\/2023\/12\/02\/diciembre-arranca-y-las-competencias-tambien\/#primaryimage\"},\"thumbnailUrl\":\"https:\/\/esbozodeportivo.com\/wp-content\/uploads\/2023\/12\/Acuatica.jpg\",\"articleSection\":[\"Amateur\"],\"inLanguage\":\"es\",\"potentialAction\":[{\"@type\":\"CommentAction\",\"name\":\"Comment\",\"target\":[\"https:\/\/esbozodeportivo.com\/index.php\/2023\/12\/02\/diciembre-arranca-y-las-competencias-tambien\/#respond\"]}]},{\"@type\":\"WebPage\",\"@id\":\"https:\/\/esbozodeportivo.com\/index.php\/2023\/12\/02\/diciembre-arranca-y-las-competencias-tambien\/\",\"url\":\"https:\/\/esbozodeportivo.com\/index.php\/2023\/12\/02\/diciembre-arranca-y-las-competencias-tambien\/\",\"name\":\"DICIEMBRE ARRANCA Y LAS COMPETENCIAS TAMBI\u00c9N - Esbozo Deportivo\",\"isPartOf\":{\"@id\":\"https:\/\/esbozodeportivo.com\/#website\"},\"primaryImageOfPage\":{\"@id\":\"https:\/\/esbozodeportivo.com\/index.php\/2023\/12\/02\/diciembre-arranca-y-las-competencias-tambien\/#primaryimage\"},\"image\":{\"@id\":\"https:\/\/esbozodeportivo.com\/index.php\/2023\/12\/02\/diciembre-arranca-y-las-competencias-tambien\/#primaryimage\"},\"thumbnailUrl\":\"https:\/\/esbozodeportivo.com\/wp-content\/uploads\/2023\/12\/Acuatica.jpg\",\"datePublished\":\"2023-12-02T05:46:42+00:00\",\"dateModified\":\"2023-12-02T05:50:21+00:00\",\"breadcrumb\":{\"@id\":\"https:\/\/esbozodeportivo.com\/index.php\/2023\/12\/02\/diciembre-arranca-y-las-competencias-tambien\/#breadcrumb\"},\"inLanguage\":\"es\",\"potentialAction\":[{\"@type\":\"ReadAction\",\"target\":[\"https:\/\/esbozodeportivo.com\/index.php\/2023\/12\/02\/diciembre-arranca-y-las-competencias-tambien\/\"]}]},{\"@type\":\"ImageObject\",\"inLanguage\":\"es\",\"@id\":\"https:\/\/esbozodeportivo.com\/index.php\/2023\/12\/02\/diciembre-arranca-y-las-competencias-tambien\/#primaryimage\",\"url\":\"https:\/\/esbozodeportivo.com\/wp-content\/uploads\/2023\/12\/Acuatica.jpg\",\"contentUrl\":\"https:\/\/esbozodeportivo.com\/wp-content\/uploads\/2023\/12\/Acuatica.jpg\",\"width\":768,\"height\":1024},{\"@type\":\"BreadcrumbList\",\"@id\":\"https:\/\/esbozodeportivo.com\/index.php\/2023\/12\/02\/diciembre-arranca-y-las-competencias-tambien\/#breadcrumb\",\"itemListElement\":[{\"@type\":\"ListItem\",\"position\":1,\"name\":\"Inicio\",\"item\":\"https:\/\/esbozodeportivo.com\/\"},{\"@type\":\"ListItem\",\"position\":2,\"name\":\"DICIEMBRE ARRANCA Y LAS COMPETENCIAS TAMBI\u00c9N\"}]},{\"@type\":\"WebSite\",\"@id\":\"https:\/\/esbozodeportivo.com\/#website\",\"url\":\"https:\/\/esbozodeportivo.com\/\",\"name\":\"Esbozo Deportivo\",\"description\":\"Lo m\u00e1s importante del Deporte\",\"publisher\":{\"@id\":\"https:\/\/esbozodeportivo.com\/#organization\"},\"potentialAction\":[{\"@type\":\"SearchAction\",\"target\":{\"@type\":\"EntryPoint\",\"urlTemplate\":\"https:\/\/esbozodeportivo.com\/?s={search_term_string}\"},\"query-input\":{\"@type\":\"PropertyValueSpecification\",\"valueRequired\":true,\"valueName\":\"search_term_string\"}}],\"inLanguage\":\"es\"},{\"@type\":\"Organization\",\"@id\":\"https:\/\/esbozodeportivo.com\/#organization\",\"name\":\"Esbozo Deportivo\",\"url\":\"https:\/\/esbozodeportivo.com\/\",\"logo\":{\"@type\":\"ImageObject\",\"inLanguage\":\"es\",\"@id\":\"https:\/\/esbozodeportivo.com\/#\/schema\/logo\/image\/\",\"url\":\"https:\/\/esbozodeportivo.com\/wp-content\/uploads\/2022\/08\/cropped-Logo-Esbozo-Web-2.png\",\"contentUrl\":\"https:\/\/esbozodeportivo.com\/wp-content\/uploads\/2022\/08\/cropped-Logo-Esbozo-Web-2.png\",\"width\":180,\"height\":50,\"caption\":\"Esbozo Deportivo\"},\"image\":{\"@id\":\"https:\/\/esbozodeportivo.com\/#\/schema\/logo\/image\/\"}},{\"@type\":\"Person\",\"@id\":\"https:\/\/esbozodeportivo.com\/#\/schema\/person\/7277119c98823aec37bbb84e125efd44\",\"name\":\"Javier De La Cruz\",\"image\":{\"@type\":\"ImageObject\",\"inLanguage\":\"es\",\"@id\":\"https:\/\/esbozodeportivo.com\/#\/schema\/person\/image\/\",\"url\":\"https:\/\/secure.gravatar.com\/avatar\/366235a56d20f1a6e8e3d0b295897639357bea880470ddf261d17bb0bc052eb1?s=96&d=mm&r=g\",\"contentUrl\":\"https:\/\/secure.gravatar.com\/avatar\/366235a56d20f1a6e8e3d0b295897639357bea880470ddf261d17bb0bc052eb1?s=96&d=mm&r=g\",\"caption\":\"Javier De La Cruz\"},\"url\":\"https:\/\/esbozodeportivo.com\/index.php\/author\/javier-de-la-cruz-de-la-cruz\/\"}]}<\/script>\n<!-- \/ Yoast SEO plugin. -->","yoast_head_json":{"title":"DICIEMBRE ARRANCA Y LAS COMPETENCIAS TAMBI\u00c9N - Esbozo Deportivo","robots":{"index":"index","follow":"follow","max-snippet":"max-snippet:-1","max-image-preview":"max-image-preview:large","max-video-preview":"max-video-preview:-1"},"canonical":"https:\/\/esbozodeportivo.com\/index.php\/2023\/12\/02\/diciembre-arranca-y-las-competencias-tambien\/","og_locale":"es_MX","og_type":"article","og_title":"DICIEMBRE ARRANCA Y LAS COMPETENCIAS TAMBI\u00c9N - Esbozo Deportivo","og_description":"(Foto: acu\u00e1ticanelsonvargas) M\u00e9xico y Acu\u00e1tica nelsonvargas dicen presente en cita internacional de Aguas Abiertas \u00a0En","og_url":"https:\/\/esbozodeportivo.com\/index.php\/2023\/12\/02\/diciembre-arranca-y-las-competencias-tambien\/","og_site_name":"Esbozo Deportivo","article_published_time":"2023-12-02T05:46:42+00:00","article_modified_time":"2023-12-02T05:50:21+00:00","og_image":[{"url":"https:\/\/esbozodeportivo.com\/wp-content\/uploads\/2023\/12\/Acuatica.jpg","type":"","width":"","height":""}],"author":"Javier De La Cruz","twitter_card":"summary_large_image","twitter_misc":{"Escrito por":"Javier De La Cruz","Tiempo de lectura":"2 minutos"},"schema":{"@context":"https:\/\/schema.org","@graph":[{"@type":"Article","@id":"https:\/\/esbozodeportivo.com\/index.php\/2023\/12\/02\/diciembre-arranca-y-las-competencias-tambien\/#article","isPartOf":{"@id":"https:\/\/esbozodeportivo.com\/index.php\/2023\/12\/02\/diciembre-arranca-y-las-competencias-tambien\/"},"author":{"name":"Javier De La Cruz","@id":"https:\/\/esbozodeportivo.com\/#\/schema\/person\/7277119c98823aec37bbb84e125efd44"},"headline":"DICIEMBRE ARRANCA Y LAS COMPETENCIAS TAMBI\u00c9N","datePublished":"2023-12-02T05:46:42+00:00","dateModified":"2023-12-02T05:50:21+00:00","mainEntityOfPage":{"@id":"https:\/\/esbozodeportivo.com\/index.php\/2023\/12\/02\/diciembre-arranca-y-las-competencias-tambien\/"},"wordCount":431,"commentCount":0,"publisher":{"@id":"https:\/\/esbozodeportivo.com\/#organization"},"image":{"@id":"https:\/\/esbozodeportivo.com\/index.php\/2023\/12\/02\/diciembre-arranca-y-las-competencias-tambien\/#primaryimage"},"thumbnailUrl":"https:\/\/esbozodeportivo.com\/wp-content\/uploads\/2023\/12\/Acuatica.jpg","articleSection":["Amateur"],"inLanguage":"es","potentialAction":[{"@type":"CommentAction","name":"Comment","target":["https:\/\/esbozodeportivo.com\/index.php\/2023\/12\/02\/diciembre-arranca-y-las-competencias-tambien\/#respond"]}]},{"@type":"WebPage","@id":"https:\/\/esbozodeportivo.com\/index.php\/2023\/12\/02\/diciembre-arranca-y-las-competencias-tambien\/","url":"https:\/\/esbozodeportivo.com\/index.php\/2023\/12\/02\/diciembre-arranca-y-las-competencias-tambien\/","name":"DICIEMBRE ARRANCA Y LAS COMPETENCIAS TAMBI\u00c9N - Esbozo Deportivo","isPartOf":{"@id":"https:\/\/esbozodeportivo.com\/#website"},"primaryImageOfPage":{"@id":"https:\/\/esbozodeportivo.com\/index.php\/2023\/12\/02\/diciembre-arranca-y-las-competencias-tambien\/#primaryimage"},"image":{"@id":"https:\/\/esbozodeportivo.com\/index.php\/2023\/12\/02\/diciembre-arranca-y-las-competencias-tambien\/#primaryimage"},"thumbnailUrl":"https:\/\/esbozodeportivo.com\/wp-content\/uploads\/2023\/12\/Acuatica.jpg","datePublished":"2023-12-02T05:46:42+00:00","dateModified":"2023-12-02T05:50:21+00:00","breadcrumb":{"@id":"https:\/\/esbozodeportivo.com\/index.php\/2023\/12\/02\/diciembre-arranca-y-las-competencias-tambien\/#breadcrumb"},"inLanguage":"es","potentialAction":[{"@type":"ReadAction","target":["https:\/\/esbozodeportivo.com\/index.php\/2023\/12\/02\/diciembre-arranca-y-las-competencias-tambien\/"]}]},{"@type":"ImageObject","inLanguage":"es","@id":"https:\/\/esbozodeportivo.com\/index.php\/2023\/12\/02\/diciembre-arranca-y-las-competencias-tambien\/#primaryimage","url":"https:\/\/esbozodeportivo.com\/wp-content\/uploads\/2023\/12\/Acuatica.jpg","contentUrl":"https:\/\/esbozodeportivo.com\/wp-content\/uploads\/2023\/12\/Acuatica.jpg","width":768,"height":1024},{"@type":"BreadcrumbList","@id":"https:\/\/esbozodeportivo.com\/index.php\/2023\/12\/02\/diciembre-arranca-y-las-competencias-tambien\/#breadcrumb","itemListElement":[{"@type":"ListItem","position":1,"name":"Inicio","item":"https:\/\/esbozodeportivo.com\/"},{"@type":"ListItem","position":2,"name":"DICIEMBRE ARRANCA Y LAS COMPETENCIAS TAMBI\u00c9N"}]},{"@type":"WebSite","@id":"https:\/\/esbozodeportivo.com\/#website","url":"https:\/\/esbozodeportivo.com\/","name":"Esbozo Deportivo","description":"Lo m\u00e1s importante del Deporte","publisher":{"@id":"https:\/\/esbozodeportivo.com\/#organization"},"potentialAction":[{"@type":"SearchAction","target":{"@type":"EntryPoint","urlTemplate":"https:\/\/esbozodeportivo.com\/?s={search_term_string}"},"query-input":{"@type":"PropertyValueSpecification","valueRequired":true,"valueName":"search_term_string"}}],"inLanguage":"es"},{"@type":"Organization","@id":"https:\/\/esbozodeportivo.com\/#organization","name":"Esbozo Deportivo","url":"https:\/\/esbozodeportivo.com\/","logo":{"@type":"ImageObject","inLanguage":"es","@id":"https:\/\/esbozodeportivo.com\/#\/schema\/logo\/image\/","url":"https:\/\/esbozodeportivo.com\/wp-content\/uploads\/2022\/08\/cropped-Logo-Esbozo-Web-2.png","contentUrl":"https:\/\/esbozodeportivo.com\/wp-content\/uploads\/2022\/08\/cropped-Logo-Esbozo-Web-2.png","width":180,"height":50,"caption":"Esbozo Deportivo"},"image":{"@id":"https:\/\/esbozodeportivo.com\/#\/schema\/logo\/image\/"}},{"@type":"Person","@id":"https:\/\/esbozodeportivo.com\/#\/schema\/person\/7277119c98823aec37bbb84e125efd44","name":"Javier De La Cruz","image":{"@type":"ImageObject","inLanguage":"es","@id":"https:\/\/esbozodeportivo.com\/#\/schema\/person\/image\/","url":"https:\/\/secure.gravatar.com\/avatar\/366235a56d20f1a6e8e3d0b295897639357bea880470ddf261d17bb0bc052eb1?s=96&d=mm&r=g","contentUrl":"https:\/\/secure.gravatar.com\/avatar\/366235a56d20f1a6e8e3d0b295897639357bea880470ddf261d17bb0bc052eb1?s=96&d=mm&r=g","caption":"Javier De La Cruz"},"url":"https:\/\/esbozodeportivo.com\/index.php\/author\/javier-de-la-cruz-de-la-cruz\/"}]}},"jetpack_featured_media_url":"","jetpack_sharing_enabled":true,"_links":{"self":[{"href":"https:\/\/esbozodeportivo.com\/index.php\/wp-json\/wp\/v2\/posts\/2020","targetHints":{"allow":["GET"]}}],"collection":[{"href":"https:\/\/esbozodeportivo.com\/index.php\/wp-json\/wp\/v2\/posts"}],"about":[{"href":"https:\/\/esbozodeportivo.com\/index.php\/wp-json\/wp\/v2\/types\/post"}],"author":[{"embeddable":true,"href":"https:\/\/esbozodeportivo.com\/index.php\/wp-json\/wp\/v2\/users\/2"}],"replies":[{"embeddable":true,"href":"https:\/\/esbozodeportivo.com\/index.php\/wp-json\/wp\/v2\/comments?post=2020"}],"version-history":[{"count":4,"href":"https:\/\/esbozodeportivo.com\/index.php\/wp-json\/wp\/v2\/posts\/2020\/revisions"}],"predecessor-version":[{"id":2025,"href":"https:\/\/esbozodeportivo.com\/index.php\/wp-json\/wp\/v2\/posts\/2020\/revisions\/2025"}],"wp:attachment":[{"href":"https:\/\/esbozodeportivo.com\/index.php\/wp-json\/wp\/v2\/media?parent=2020"}],"wp:term":[{"taxonomy":"category","embeddable":true,"href":"https:\/\/esbozodeportivo.com\/index.php\/wp-json\/wp\/v2\/categories?post=2020"},{"taxonomy":"post_tag","embeddable":true,"href":"https:\/\/esbozodeportivo.com\/index.php\/wp-json\/wp\/v2\/tags?post=2020"}],"curies":[{"name":"wp","href":"https:\/\/api.w.org\/{rel}","templated":true}]}}