{"id":2037,"date":"2023-12-02T06:22:19","date_gmt":"2023-12-02T06:22:19","guid":{"rendered":"https:\/\/esbozodeportivo.com\/?p=2037"},"modified":"2023-12-02T06:24:04","modified_gmt":"2023-12-02T06:24:04","slug":"el-dominicano-luis-severino-cambia-de-equipo","status":"publish","type":"post","link":"https:\/\/esbozodeportivo.com\/index.php\/2023\/12\/02\/el-dominicano-luis-severino-cambia-de-equipo\/","title":{"rendered":"El dominicano Luis Severino cambia de equipo"},"content":{"rendered":"<style>\/*! elementor - v3.17.0 - 08-11-2023 *\/\n.elementor-widget-image{text-align:center}.elementor-widget-image a{display:inline-block}.elementor-widget-image a img[src$=\".svg\"]{width:48px}.elementor-widget-image img{vertical-align:middle;display:inline-block}<\/style>\n<p>\t\t\t\t\t\t\t\t\t\t\t\t<img decoding=\"async\" width=\"640\" height=\"426\" src=\"https:\/\/esbozodeportivo.com\/wp-content\/uploads\/2023\/12\/Los-Yanquies.jpg\" alt=\"\" loading=\"lazy\" srcset=\"https:\/\/esbozodeportivo.com\/wp-content\/uploads\/2023\/12\/Los-Yanquies.jpg 980w, https:\/\/esbozodeportivo.com\/wp-content\/uploads\/2023\/12\/Los-Yanquies-300x200.jpg 300w, https:\/\/esbozodeportivo.com\/wp-content\/uploads\/2023\/12\/Los-Yanquies-768x512.jpg 768w\" sizes=\"auto, (max-width: 640px) 100vw, 640px\" \/>\t\t\t\t\t\t\t\t\t\t\t\t\t\t\t<\/p>\n<p>(Foto: @LosMets)<\/p>\n<p>NUEVA YORK.- El agente libre dominicano Luis Severino finaliz\u00f3 un acuerdo de un a\u00f1o y 13 millones de d\u00f3lares con los Mets de Nueva York, de acuerdo con una persona que tiene conocimiento del trato.<\/p>\n<p>El pitcher cambiar\u00e1 de equipo en la misma ciudad tras una mala campa\u00f1a con los Yanquis de Nueva York que se vio interrumpida por una lesi\u00f3n. Dos veces elegido al Juego de Estrellas, el derecho de 29 a\u00f1os tuvo marca de 4-8, con efectividad de 6.65 en 18 aperturas y una aparici\u00f3n como relevista.<\/p>\n<p>Los Mets tienen varios huecos que llenar en la rotaci\u00f3n bajo el mando del nuevo presidente de operaciones Davis Stearns y esperan que el dominicano recupere la forma que lo llev\u00f3 a ser considerado uno de los mejores abridores de la Liga Americana.<\/p>\n<p>Es la segunda ocasi\u00f3n en este receso de temporada que los Mets han elegido a alguien que estuvo con su rival de ciudad. Este mes contrataron al entrenador de banca, el venezolano Carlos Mendoza como su nuevo m\u00e1nager.<\/p>\n<p>Mendoza pas\u00f3 cuatro campa\u00f1as con los Yanquis con el m\u00e1nager Aaron Boone.<\/p>\n<p>Severino ha estado los ocho a\u00f1os de su carrera en Grandes Ligas con el equipo del Bronx y se despide con marca de 54-37 y efectividad de 3.79 en 141 jugos, incluyendo 125 aperturas.<\/p>\n","protected":false},"excerpt":{"rendered":"<p>(Foto: @LosMets) NUEVA YORK.- El agente libre dominicano Luis Severino finaliz\u00f3 un acuerdo de un<\/p>\n","protected":false},"author":2,"featured_media":0,"comment_status":"open","ping_status":"open","sticky":false,"template":"","format":"standard","meta":{"_jetpack_memberships_contains_paid_content":false,"footnotes":""},"categories":[17],"tags":[],"class_list":["post-2037","post","type-post","status-publish","format-standard","hentry","category-beis"],"yoast_head":"<!-- This site is optimized with the Yoast SEO plugin v25.7 - https:\/\/yoast.com\/wordpress\/plugins\/seo\/ -->\n<title>El dominicano Luis Severino cambia de equipo - Esbozo Deportivo<\/title>\n<meta name=\"robots\" content=\"index, follow, max-snippet:-1, max-image-preview:large, max-video-preview:-1\" \/>\n<link rel=\"canonical\" href=\"https:\/\/esbozodeportivo.com\/index.php\/2023\/12\/02\/el-dominicano-luis-severino-cambia-de-equipo\/\" \/>\n<meta property=\"og:locale\" content=\"es_MX\" \/>\n<meta property=\"og:type\" content=\"article\" \/>\n<meta property=\"og:title\" content=\"El dominicano Luis Severino cambia de equipo - Esbozo Deportivo\" \/>\n<meta property=\"og:description\" content=\"(Foto: @LosMets) NUEVA YORK.- El agente libre dominicano Luis Severino finaliz\u00f3 un acuerdo de un\" \/>\n<meta property=\"og:url\" content=\"https:\/\/esbozodeportivo.com\/index.php\/2023\/12\/02\/el-dominicano-luis-severino-cambia-de-equipo\/\" \/>\n<meta property=\"og:site_name\" content=\"Esbozo Deportivo\" \/>\n<meta property=\"article:published_time\" content=\"2023-12-02T06:22:19+00:00\" \/>\n<meta property=\"article:modified_time\" content=\"2023-12-02T06:24:04+00:00\" \/>\n<meta property=\"og:image\" content=\"https:\/\/esbozodeportivo.com\/wp-content\/uploads\/2023\/12\/Los-Yanquies.jpg\" \/>\n<meta name=\"author\" content=\"Javier De La Cruz\" \/>\n<meta name=\"twitter:card\" content=\"summary_large_image\" \/>\n<meta name=\"twitter:label1\" content=\"Escrito por\" \/>\n\t<meta name=\"twitter:data1\" content=\"Javier De La Cruz\" \/>\n\t<meta name=\"twitter:label2\" content=\"Tiempo de lectura\" \/>\n\t<meta name=\"twitter:data2\" content=\"1 minuto\" \/>\n<script type=\"application\/ld+json\" class=\"yoast-schema-graph\">{\"@context\":\"https:\/\/schema.org\",\"@graph\":[{\"@type\":\"Article\",\"@id\":\"https:\/\/esbozodeportivo.com\/index.php\/2023\/12\/02\/el-dominicano-luis-severino-cambia-de-equipo\/#article\",\"isPartOf\":{\"@id\":\"https:\/\/esbozodeportivo.com\/index.php\/2023\/12\/02\/el-dominicano-luis-severino-cambia-de-equipo\/\"},\"author\":{\"name\":\"Javier De La Cruz\",\"@id\":\"https:\/\/esbozodeportivo.com\/#\/schema\/person\/7277119c98823aec37bbb84e125efd44\"},\"headline\":\"El dominicano Luis Severino cambia de equipo\",\"datePublished\":\"2023-12-02T06:22:19+00:00\",\"dateModified\":\"2023-12-02T06:24:04+00:00\",\"mainEntityOfPage\":{\"@id\":\"https:\/\/esbozodeportivo.com\/index.php\/2023\/12\/02\/el-dominicano-luis-severino-cambia-de-equipo\/\"},\"wordCount\":231,\"commentCount\":0,\"publisher\":{\"@id\":\"https:\/\/esbozodeportivo.com\/#organization\"},\"image\":{\"@id\":\"https:\/\/esbozodeportivo.com\/index.php\/2023\/12\/02\/el-dominicano-luis-severino-cambia-de-equipo\/#primaryimage\"},\"thumbnailUrl\":\"https:\/\/esbozodeportivo.com\/wp-content\/uploads\/2023\/12\/Los-Yanquies.jpg\",\"articleSection\":[\"Beisbol Grandes Ligas\"],\"inLanguage\":\"es\",\"potentialAction\":[{\"@type\":\"CommentAction\",\"name\":\"Comment\",\"target\":[\"https:\/\/esbozodeportivo.com\/index.php\/2023\/12\/02\/el-dominicano-luis-severino-cambia-de-equipo\/#respond\"]}]},{\"@type\":\"WebPage\",\"@id\":\"https:\/\/esbozodeportivo.com\/index.php\/2023\/12\/02\/el-dominicano-luis-severino-cambia-de-equipo\/\",\"url\":\"https:\/\/esbozodeportivo.com\/index.php\/2023\/12\/02\/el-dominicano-luis-severino-cambia-de-equipo\/\",\"name\":\"El dominicano Luis Severino cambia de equipo - Esbozo Deportivo\",\"isPartOf\":{\"@id\":\"https:\/\/esbozodeportivo.com\/#website\"},\"primaryImageOfPage\":{\"@id\":\"https:\/\/esbozodeportivo.com\/index.php\/2023\/12\/02\/el-dominicano-luis-severino-cambia-de-equipo\/#primaryimage\"},\"image\":{\"@id\":\"https:\/\/esbozodeportivo.com\/index.php\/2023\/12\/02\/el-dominicano-luis-severino-cambia-de-equipo\/#primaryimage\"},\"thumbnailUrl\":\"https:\/\/esbozodeportivo.com\/wp-content\/uploads\/2023\/12\/Los-Yanquies.jpg\",\"datePublished\":\"2023-12-02T06:22:19+00:00\",\"dateModified\":\"2023-12-02T06:24:04+00:00\",\"breadcrumb\":{\"@id\":\"https:\/\/esbozodeportivo.com\/index.php\/2023\/12\/02\/el-dominicano-luis-severino-cambia-de-equipo\/#breadcrumb\"},\"inLanguage\":\"es\",\"potentialAction\":[{\"@type\":\"ReadAction\",\"target\":[\"https:\/\/esbozodeportivo.com\/index.php\/2023\/12\/02\/el-dominicano-luis-severino-cambia-de-equipo\/\"]}]},{\"@type\":\"ImageObject\",\"inLanguage\":\"es\",\"@id\":\"https:\/\/esbozodeportivo.com\/index.php\/2023\/12\/02\/el-dominicano-luis-severino-cambia-de-equipo\/#primaryimage\",\"url\":\"https:\/\/esbozodeportivo.com\/wp-content\/uploads\/2023\/12\/Los-Yanquies.jpg\",\"contentUrl\":\"https:\/\/esbozodeportivo.com\/wp-content\/uploads\/2023\/12\/Los-Yanquies.jpg\",\"width\":980,\"height\":653},{\"@type\":\"BreadcrumbList\",\"@id\":\"https:\/\/esbozodeportivo.com\/index.php\/2023\/12\/02\/el-dominicano-luis-severino-cambia-de-equipo\/#breadcrumb\",\"itemListElement\":[{\"@type\":\"ListItem\",\"position\":1,\"name\":\"Inicio\",\"item\":\"https:\/\/esbozodeportivo.com\/\"},{\"@type\":\"ListItem\",\"position\":2,\"name\":\"El dominicano Luis Severino cambia de equipo\"}]},{\"@type\":\"WebSite\",\"@id\":\"https:\/\/esbozodeportivo.com\/#website\",\"url\":\"https:\/\/esbozodeportivo.com\/\",\"name\":\"Esbozo Deportivo\",\"description\":\"Lo m\u00e1s importante del Deporte\",\"publisher\":{\"@id\":\"https:\/\/esbozodeportivo.com\/#organization\"},\"potentialAction\":[{\"@type\":\"SearchAction\",\"target\":{\"@type\":\"EntryPoint\",\"urlTemplate\":\"https:\/\/esbozodeportivo.com\/?s={search_term_string}\"},\"query-input\":{\"@type\":\"PropertyValueSpecification\",\"valueRequired\":true,\"valueName\":\"search_term_string\"}}],\"inLanguage\":\"es\"},{\"@type\":\"Organization\",\"@id\":\"https:\/\/esbozodeportivo.com\/#organization\",\"name\":\"Esbozo Deportivo\",\"url\":\"https:\/\/esbozodeportivo.com\/\",\"logo\":{\"@type\":\"ImageObject\",\"inLanguage\":\"es\",\"@id\":\"https:\/\/esbozodeportivo.com\/#\/schema\/logo\/image\/\",\"url\":\"https:\/\/esbozodeportivo.com\/wp-content\/uploads\/2022\/08\/cropped-Logo-Esbozo-Web-2.png\",\"contentUrl\":\"https:\/\/esbozodeportivo.com\/wp-content\/uploads\/2022\/08\/cropped-Logo-Esbozo-Web-2.png\",\"width\":180,\"height\":50,\"caption\":\"Esbozo Deportivo\"},\"image\":{\"@id\":\"https:\/\/esbozodeportivo.com\/#\/schema\/logo\/image\/\"}},{\"@type\":\"Person\",\"@id\":\"https:\/\/esbozodeportivo.com\/#\/schema\/person\/7277119c98823aec37bbb84e125efd44\",\"name\":\"Javier De La Cruz\",\"image\":{\"@type\":\"ImageObject\",\"inLanguage\":\"es\",\"@id\":\"https:\/\/esbozodeportivo.com\/#\/schema\/person\/image\/\",\"url\":\"https:\/\/secure.gravatar.com\/avatar\/366235a56d20f1a6e8e3d0b295897639357bea880470ddf261d17bb0bc052eb1?s=96&d=mm&r=g\",\"contentUrl\":\"https:\/\/secure.gravatar.com\/avatar\/366235a56d20f1a6e8e3d0b295897639357bea880470ddf261d17bb0bc052eb1?s=96&d=mm&r=g\",\"caption\":\"Javier De La Cruz\"},\"url\":\"https:\/\/esbozodeportivo.com\/index.php\/author\/javier-de-la-cruz-de-la-cruz\/\"}]}<\/script>\n<!-- \/ Yoast SEO plugin. -->","yoast_head_json":{"title":"El dominicano Luis Severino cambia de equipo - Esbozo Deportivo","robots":{"index":"index","follow":"follow","max-snippet":"max-snippet:-1","max-image-preview":"max-image-preview:large","max-video-preview":"max-video-preview:-1"},"canonical":"https:\/\/esbozodeportivo.com\/index.php\/2023\/12\/02\/el-dominicano-luis-severino-cambia-de-equipo\/","og_locale":"es_MX","og_type":"article","og_title":"El dominicano Luis Severino cambia de equipo - Esbozo Deportivo","og_description":"(Foto: @LosMets) NUEVA YORK.- El agente libre dominicano Luis Severino finaliz\u00f3 un acuerdo de un","og_url":"https:\/\/esbozodeportivo.com\/index.php\/2023\/12\/02\/el-dominicano-luis-severino-cambia-de-equipo\/","og_site_name":"Esbozo Deportivo","article_published_time":"2023-12-02T06:22:19+00:00","article_modified_time":"2023-12-02T06:24:04+00:00","og_image":[{"url":"https:\/\/esbozodeportivo.com\/wp-content\/uploads\/2023\/12\/Los-Yanquies.jpg","type":"","width":"","height":""}],"author":"Javier De La Cruz","twitter_card":"summary_large_image","twitter_misc":{"Escrito por":"Javier De La Cruz","Tiempo de lectura":"1 minuto"},"schema":{"@context":"https:\/\/schema.org","@graph":[{"@type":"Article","@id":"https:\/\/esbozodeportivo.com\/index.php\/2023\/12\/02\/el-dominicano-luis-severino-cambia-de-equipo\/#article","isPartOf":{"@id":"https:\/\/esbozodeportivo.com\/index.php\/2023\/12\/02\/el-dominicano-luis-severino-cambia-de-equipo\/"},"author":{"name":"Javier De La Cruz","@id":"https:\/\/esbozodeportivo.com\/#\/schema\/person\/7277119c98823aec37bbb84e125efd44"},"headline":"El dominicano Luis Severino cambia de equipo","datePublished":"2023-12-02T06:22:19+00:00","dateModified":"2023-12-02T06:24:04+00:00","mainEntityOfPage":{"@id":"https:\/\/esbozodeportivo.com\/index.php\/2023\/12\/02\/el-dominicano-luis-severino-cambia-de-equipo\/"},"wordCount":231,"commentCount":0,"publisher":{"@id":"https:\/\/esbozodeportivo.com\/#organization"},"image":{"@id":"https:\/\/esbozodeportivo.com\/index.php\/2023\/12\/02\/el-dominicano-luis-severino-cambia-de-equipo\/#primaryimage"},"thumbnailUrl":"https:\/\/esbozodeportivo.com\/wp-content\/uploads\/2023\/12\/Los-Yanquies.jpg","articleSection":["Beisbol Grandes Ligas"],"inLanguage":"es","potentialAction":[{"@type":"CommentAction","name":"Comment","target":["https:\/\/esbozodeportivo.com\/index.php\/2023\/12\/02\/el-dominicano-luis-severino-cambia-de-equipo\/#respond"]}]},{"@type":"WebPage","@id":"https:\/\/esbozodeportivo.com\/index.php\/2023\/12\/02\/el-dominicano-luis-severino-cambia-de-equipo\/","url":"https:\/\/esbozodeportivo.com\/index.php\/2023\/12\/02\/el-dominicano-luis-severino-cambia-de-equipo\/","name":"El dominicano Luis Severino cambia de equipo - Esbozo Deportivo","isPartOf":{"@id":"https:\/\/esbozodeportivo.com\/#website"},"primaryImageOfPage":{"@id":"https:\/\/esbozodeportivo.com\/index.php\/2023\/12\/02\/el-dominicano-luis-severino-cambia-de-equipo\/#primaryimage"},"image":{"@id":"https:\/\/esbozodeportivo.com\/index.php\/2023\/12\/02\/el-dominicano-luis-severino-cambia-de-equipo\/#primaryimage"},"thumbnailUrl":"https:\/\/esbozodeportivo.com\/wp-content\/uploads\/2023\/12\/Los-Yanquies.jpg","datePublished":"2023-12-02T06:22:19+00:00","dateModified":"2023-12-02T06:24:04+00:00","breadcrumb":{"@id":"https:\/\/esbozodeportivo.com\/index.php\/2023\/12\/02\/el-dominicano-luis-severino-cambia-de-equipo\/#breadcrumb"},"inLanguage":"es","potentialAction":[{"@type":"ReadAction","target":["https:\/\/esbozodeportivo.com\/index.php\/2023\/12\/02\/el-dominicano-luis-severino-cambia-de-equipo\/"]}]},{"@type":"ImageObject","inLanguage":"es","@id":"https:\/\/esbozodeportivo.com\/index.php\/2023\/12\/02\/el-dominicano-luis-severino-cambia-de-equipo\/#primaryimage","url":"https:\/\/esbozodeportivo.com\/wp-content\/uploads\/2023\/12\/Los-Yanquies.jpg","contentUrl":"https:\/\/esbozodeportivo.com\/wp-content\/uploads\/2023\/12\/Los-Yanquies.jpg","width":980,"height":653},{"@type":"BreadcrumbList","@id":"https:\/\/esbozodeportivo.com\/index.php\/2023\/12\/02\/el-dominicano-luis-severino-cambia-de-equipo\/#breadcrumb","itemListElement":[{"@type":"ListItem","position":1,"name":"Inicio","item":"https:\/\/esbozodeportivo.com\/"},{"@type":"ListItem","position":2,"name":"El dominicano Luis Severino cambia de equipo"}]},{"@type":"WebSite","@id":"https:\/\/esbozodeportivo.com\/#website","url":"https:\/\/esbozodeportivo.com\/","name":"Esbozo Deportivo","description":"Lo m\u00e1s importante del Deporte","publisher":{"@id":"https:\/\/esbozodeportivo.com\/#organization"},"potentialAction":[{"@type":"SearchAction","target":{"@type":"EntryPoint","urlTemplate":"https:\/\/esbozodeportivo.com\/?s={search_term_string}"},"query-input":{"@type":"PropertyValueSpecification","valueRequired":true,"valueName":"search_term_string"}}],"inLanguage":"es"},{"@type":"Organization","@id":"https:\/\/esbozodeportivo.com\/#organization","name":"Esbozo Deportivo","url":"https:\/\/esbozodeportivo.com\/","logo":{"@type":"ImageObject","inLanguage":"es","@id":"https:\/\/esbozodeportivo.com\/#\/schema\/logo\/image\/","url":"https:\/\/esbozodeportivo.com\/wp-content\/uploads\/2022\/08\/cropped-Logo-Esbozo-Web-2.png","contentUrl":"https:\/\/esbozodeportivo.com\/wp-content\/uploads\/2022\/08\/cropped-Logo-Esbozo-Web-2.png","width":180,"height":50,"caption":"Esbozo Deportivo"},"image":{"@id":"https:\/\/esbozodeportivo.com\/#\/schema\/logo\/image\/"}},{"@type":"Person","@id":"https:\/\/esbozodeportivo.com\/#\/schema\/person\/7277119c98823aec37bbb84e125efd44","name":"Javier De La Cruz","image":{"@type":"ImageObject","inLanguage":"es","@id":"https:\/\/esbozodeportivo.com\/#\/schema\/person\/image\/","url":"https:\/\/secure.gravatar.com\/avatar\/366235a56d20f1a6e8e3d0b295897639357bea880470ddf261d17bb0bc052eb1?s=96&d=mm&r=g","contentUrl":"https:\/\/secure.gravatar.com\/avatar\/366235a56d20f1a6e8e3d0b295897639357bea880470ddf261d17bb0bc052eb1?s=96&d=mm&r=g","caption":"Javier De La Cruz"},"url":"https:\/\/esbozodeportivo.com\/index.php\/author\/javier-de-la-cruz-de-la-cruz\/"}]}},"jetpack_featured_media_url":"","jetpack_sharing_enabled":true,"_links":{"self":[{"href":"https:\/\/esbozodeportivo.com\/index.php\/wp-json\/wp\/v2\/posts\/2037","targetHints":{"allow":["GET"]}}],"collection":[{"href":"https:\/\/esbozodeportivo.com\/index.php\/wp-json\/wp\/v2\/posts"}],"about":[{"href":"https:\/\/esbozodeportivo.com\/index.php\/wp-json\/wp\/v2\/types\/post"}],"author":[{"embeddable":true,"href":"https:\/\/esbozodeportivo.com\/index.php\/wp-json\/wp\/v2\/users\/2"}],"replies":[{"embeddable":true,"href":"https:\/\/esbozodeportivo.com\/index.php\/wp-json\/wp\/v2\/comments?post=2037"}],"version-history":[{"count":4,"href":"https:\/\/esbozodeportivo.com\/index.php\/wp-json\/wp\/v2\/posts\/2037\/revisions"}],"predecessor-version":[{"id":2042,"href":"https:\/\/esbozodeportivo.com\/index.php\/wp-json\/wp\/v2\/posts\/2037\/revisions\/2042"}],"wp:attachment":[{"href":"https:\/\/esbozodeportivo.com\/index.php\/wp-json\/wp\/v2\/media?parent=2037"}],"wp:term":[{"taxonomy":"category","embeddable":true,"href":"https:\/\/esbozodeportivo.com\/index.php\/wp-json\/wp\/v2\/categories?post=2037"},{"taxonomy":"post_tag","embeddable":true,"href":"https:\/\/esbozodeportivo.com\/index.php\/wp-json\/wp\/v2\/tags?post=2037"}],"curies":[{"name":"wp","href":"https:\/\/api.w.org\/{rel}","templated":true}]}}