{"id":2043,"date":"2023-12-04T05:15:52","date_gmt":"2023-12-04T05:15:52","guid":{"rendered":"https:\/\/esbozodeportivo.com\/?p=2043"},"modified":"2023-12-04T05:18:00","modified_gmt":"2023-12-04T05:18:00","slug":"margarita-hernandez-logra-su-pase-a-paris-2024","status":"publish","type":"post","link":"https:\/\/esbozodeportivo.com\/index.php\/2023\/12\/04\/margarita-hernandez-logra-su-pase-a-paris-2024\/","title":{"rendered":"Margarita Hern\u00e1ndez logra su pase a Par\u00eds 2024"},"content":{"rendered":"<style>\/*! elementor - v3.17.0 - 08-11-2023 *\/\n.elementor-widget-image{text-align:center}.elementor-widget-image a{display:inline-block}.elementor-widget-image a img[src$=\".svg\"]{width:48px}.elementor-widget-image img{vertical-align:middle;display:inline-block}<\/style>\n<p>\t\t\t\t\t\t\t\t\t\t\t\t<img decoding=\"async\" width=\"626\" height=\"386\" src=\"https:\/\/esbozodeportivo.com\/wp-content\/uploads\/2023\/12\/margarita.jpg\" alt=\"\" loading=\"lazy\" srcset=\"https:\/\/esbozodeportivo.com\/wp-content\/uploads\/2023\/12\/margarita.jpg 626w, https:\/\/esbozodeportivo.com\/wp-content\/uploads\/2023\/12\/margarita-300x185.jpg 300w\" sizes=\"auto, (max-width: 626px) 100vw, 626px\" \/>\t\t\t\t\t\t\t\t\t\t\t\t\t\t\t<\/p>\n<p>\u00a0(Foto: facebook.com\/fmaa.mx\/)<\/p>\n<p>La corredora mexicana Margarita Hern\u00e1ndez se clasific\u00f3 a los Juegos Ol\u00edmpicos de Paris 2024, al culminar con tiempo de 2 horas, 25 minutos y 54 segundos su participaci\u00f3n en el Marat\u00f3n de Valencia, Espa\u00f1a, con lo cual cumpli\u00f3 con la marca establecida por la World Athletics, la cual es de 2:26.50,<\/p>\n<p>El presidente de la Federaci\u00f3n Mexicana de Asociaciones de Atletismo, Antonio Lozano, confirm\u00f3 que la medallista de plata en los pasados Juegos Centroamericanos y del Caribe, se convierte en la sexta atleta que ya tiene boleto para los Juegos de Paris el pr\u00f3ximo a\u00f1o.<\/p>\n<p>La lista de atletas mexicanos con marca a los Juegos Ol\u00edmpicos de Paris 2024, la integran la maratonista Citlali Moscote, Laura Galv\u00e1n, Alegna Gonz\u00e1lez, Andr\u00e9s Olivas, Jos\u00e9 Luis Doctor y Margarita.\u00a0 Hern\u00e1ndez<\/p>\n","protected":false},"excerpt":{"rendered":"<p>\u00a0(Foto: facebook.com\/fmaa.mx\/) La corredora mexicana Margarita Hern\u00e1ndez se clasific\u00f3 a los Juegos Ol\u00edmpicos de Paris<\/p>\n","protected":false},"author":2,"featured_media":0,"comment_status":"open","ping_status":"open","sticky":false,"template":"","format":"standard","meta":{"_jetpack_memberships_contains_paid_content":false,"footnotes":""},"categories":[5],"tags":[],"class_list":["post-2043","post","type-post","status-publish","format-standard","hentry","category-amateur"],"yoast_head":"<!-- This site is optimized with the Yoast SEO plugin v25.7 - https:\/\/yoast.com\/wordpress\/plugins\/seo\/ -->\n<title>Margarita Hern\u00e1ndez logra su pase a Par\u00eds 2024 - Esbozo Deportivo<\/title>\n<meta name=\"robots\" content=\"index, follow, max-snippet:-1, max-image-preview:large, max-video-preview:-1\" \/>\n<link rel=\"canonical\" href=\"https:\/\/esbozodeportivo.com\/index.php\/2023\/12\/04\/margarita-hernandez-logra-su-pase-a-paris-2024\/\" \/>\n<meta property=\"og:locale\" content=\"es_MX\" \/>\n<meta property=\"og:type\" content=\"article\" \/>\n<meta property=\"og:title\" content=\"Margarita Hern\u00e1ndez logra su pase a Par\u00eds 2024 - Esbozo Deportivo\" \/>\n<meta property=\"og:description\" content=\"\u00a0(Foto: facebook.com\/fmaa.mx\/) La corredora mexicana Margarita Hern\u00e1ndez se clasific\u00f3 a los Juegos Ol\u00edmpicos de Paris\" \/>\n<meta property=\"og:url\" content=\"https:\/\/esbozodeportivo.com\/index.php\/2023\/12\/04\/margarita-hernandez-logra-su-pase-a-paris-2024\/\" \/>\n<meta property=\"og:site_name\" content=\"Esbozo Deportivo\" \/>\n<meta property=\"article:published_time\" content=\"2023-12-04T05:15:52+00:00\" \/>\n<meta property=\"article:modified_time\" content=\"2023-12-04T05:18:00+00:00\" \/>\n<meta property=\"og:image\" content=\"https:\/\/esbozodeportivo.com\/wp-content\/uploads\/2023\/12\/margarita.jpg\" \/>\n<meta name=\"author\" content=\"Javier De La Cruz\" \/>\n<meta name=\"twitter:card\" content=\"summary_large_image\" \/>\n<meta name=\"twitter:label1\" content=\"Escrito por\" \/>\n\t<meta name=\"twitter:data1\" content=\"Javier De La Cruz\" \/>\n\t<meta name=\"twitter:label2\" content=\"Tiempo de lectura\" \/>\n\t<meta name=\"twitter:data2\" content=\"1 minuto\" \/>\n<script type=\"application\/ld+json\" class=\"yoast-schema-graph\">{\"@context\":\"https:\/\/schema.org\",\"@graph\":[{\"@type\":\"Article\",\"@id\":\"https:\/\/esbozodeportivo.com\/index.php\/2023\/12\/04\/margarita-hernandez-logra-su-pase-a-paris-2024\/#article\",\"isPartOf\":{\"@id\":\"https:\/\/esbozodeportivo.com\/index.php\/2023\/12\/04\/margarita-hernandez-logra-su-pase-a-paris-2024\/\"},\"author\":{\"name\":\"Javier De La Cruz\",\"@id\":\"https:\/\/esbozodeportivo.com\/#\/schema\/person\/7277119c98823aec37bbb84e125efd44\"},\"headline\":\"Margarita Hern\u00e1ndez logra su pase a Par\u00eds 2024\",\"datePublished\":\"2023-12-04T05:15:52+00:00\",\"dateModified\":\"2023-12-04T05:18:00+00:00\",\"mainEntityOfPage\":{\"@id\":\"https:\/\/esbozodeportivo.com\/index.php\/2023\/12\/04\/margarita-hernandez-logra-su-pase-a-paris-2024\/\"},\"wordCount\":148,\"commentCount\":0,\"publisher\":{\"@id\":\"https:\/\/esbozodeportivo.com\/#organization\"},\"image\":{\"@id\":\"https:\/\/esbozodeportivo.com\/index.php\/2023\/12\/04\/margarita-hernandez-logra-su-pase-a-paris-2024\/#primaryimage\"},\"thumbnailUrl\":\"https:\/\/esbozodeportivo.com\/wp-content\/uploads\/2023\/12\/margarita.jpg\",\"articleSection\":[\"Amateur\"],\"inLanguage\":\"es\",\"potentialAction\":[{\"@type\":\"CommentAction\",\"name\":\"Comment\",\"target\":[\"https:\/\/esbozodeportivo.com\/index.php\/2023\/12\/04\/margarita-hernandez-logra-su-pase-a-paris-2024\/#respond\"]}]},{\"@type\":\"WebPage\",\"@id\":\"https:\/\/esbozodeportivo.com\/index.php\/2023\/12\/04\/margarita-hernandez-logra-su-pase-a-paris-2024\/\",\"url\":\"https:\/\/esbozodeportivo.com\/index.php\/2023\/12\/04\/margarita-hernandez-logra-su-pase-a-paris-2024\/\",\"name\":\"Margarita Hern\u00e1ndez logra su pase a Par\u00eds 2024 - Esbozo Deportivo\",\"isPartOf\":{\"@id\":\"https:\/\/esbozodeportivo.com\/#website\"},\"primaryImageOfPage\":{\"@id\":\"https:\/\/esbozodeportivo.com\/index.php\/2023\/12\/04\/margarita-hernandez-logra-su-pase-a-paris-2024\/#primaryimage\"},\"image\":{\"@id\":\"https:\/\/esbozodeportivo.com\/index.php\/2023\/12\/04\/margarita-hernandez-logra-su-pase-a-paris-2024\/#primaryimage\"},\"thumbnailUrl\":\"https:\/\/esbozodeportivo.com\/wp-content\/uploads\/2023\/12\/margarita.jpg\",\"datePublished\":\"2023-12-04T05:15:52+00:00\",\"dateModified\":\"2023-12-04T05:18:00+00:00\",\"breadcrumb\":{\"@id\":\"https:\/\/esbozodeportivo.com\/index.php\/2023\/12\/04\/margarita-hernandez-logra-su-pase-a-paris-2024\/#breadcrumb\"},\"inLanguage\":\"es\",\"potentialAction\":[{\"@type\":\"ReadAction\",\"target\":[\"https:\/\/esbozodeportivo.com\/index.php\/2023\/12\/04\/margarita-hernandez-logra-su-pase-a-paris-2024\/\"]}]},{\"@type\":\"ImageObject\",\"inLanguage\":\"es\",\"@id\":\"https:\/\/esbozodeportivo.com\/index.php\/2023\/12\/04\/margarita-hernandez-logra-su-pase-a-paris-2024\/#primaryimage\",\"url\":\"https:\/\/esbozodeportivo.com\/wp-content\/uploads\/2023\/12\/margarita.jpg\",\"contentUrl\":\"https:\/\/esbozodeportivo.com\/wp-content\/uploads\/2023\/12\/margarita.jpg\",\"width\":626,\"height\":386},{\"@type\":\"BreadcrumbList\",\"@id\":\"https:\/\/esbozodeportivo.com\/index.php\/2023\/12\/04\/margarita-hernandez-logra-su-pase-a-paris-2024\/#breadcrumb\",\"itemListElement\":[{\"@type\":\"ListItem\",\"position\":1,\"name\":\"Inicio\",\"item\":\"https:\/\/esbozodeportivo.com\/\"},{\"@type\":\"ListItem\",\"position\":2,\"name\":\"Margarita Hern\u00e1ndez logra su pase a Par\u00eds 2024\"}]},{\"@type\":\"WebSite\",\"@id\":\"https:\/\/esbozodeportivo.com\/#website\",\"url\":\"https:\/\/esbozodeportivo.com\/\",\"name\":\"Esbozo Deportivo\",\"description\":\"Lo m\u00e1s importante del Deporte\",\"publisher\":{\"@id\":\"https:\/\/esbozodeportivo.com\/#organization\"},\"potentialAction\":[{\"@type\":\"SearchAction\",\"target\":{\"@type\":\"EntryPoint\",\"urlTemplate\":\"https:\/\/esbozodeportivo.com\/?s={search_term_string}\"},\"query-input\":{\"@type\":\"PropertyValueSpecification\",\"valueRequired\":true,\"valueName\":\"search_term_string\"}}],\"inLanguage\":\"es\"},{\"@type\":\"Organization\",\"@id\":\"https:\/\/esbozodeportivo.com\/#organization\",\"name\":\"Esbozo Deportivo\",\"url\":\"https:\/\/esbozodeportivo.com\/\",\"logo\":{\"@type\":\"ImageObject\",\"inLanguage\":\"es\",\"@id\":\"https:\/\/esbozodeportivo.com\/#\/schema\/logo\/image\/\",\"url\":\"https:\/\/esbozodeportivo.com\/wp-content\/uploads\/2022\/08\/cropped-Logo-Esbozo-Web-2.png\",\"contentUrl\":\"https:\/\/esbozodeportivo.com\/wp-content\/uploads\/2022\/08\/cropped-Logo-Esbozo-Web-2.png\",\"width\":180,\"height\":50,\"caption\":\"Esbozo Deportivo\"},\"image\":{\"@id\":\"https:\/\/esbozodeportivo.com\/#\/schema\/logo\/image\/\"}},{\"@type\":\"Person\",\"@id\":\"https:\/\/esbozodeportivo.com\/#\/schema\/person\/7277119c98823aec37bbb84e125efd44\",\"name\":\"Javier De La Cruz\",\"image\":{\"@type\":\"ImageObject\",\"inLanguage\":\"es\",\"@id\":\"https:\/\/esbozodeportivo.com\/#\/schema\/person\/image\/\",\"url\":\"https:\/\/secure.gravatar.com\/avatar\/366235a56d20f1a6e8e3d0b295897639357bea880470ddf261d17bb0bc052eb1?s=96&d=mm&r=g\",\"contentUrl\":\"https:\/\/secure.gravatar.com\/avatar\/366235a56d20f1a6e8e3d0b295897639357bea880470ddf261d17bb0bc052eb1?s=96&d=mm&r=g\",\"caption\":\"Javier De La Cruz\"},\"url\":\"https:\/\/esbozodeportivo.com\/index.php\/author\/javier-de-la-cruz-de-la-cruz\/\"}]}<\/script>\n<!-- \/ Yoast SEO plugin. -->","yoast_head_json":{"title":"Margarita Hern\u00e1ndez logra su pase a Par\u00eds 2024 - Esbozo Deportivo","robots":{"index":"index","follow":"follow","max-snippet":"max-snippet:-1","max-image-preview":"max-image-preview:large","max-video-preview":"max-video-preview:-1"},"canonical":"https:\/\/esbozodeportivo.com\/index.php\/2023\/12\/04\/margarita-hernandez-logra-su-pase-a-paris-2024\/","og_locale":"es_MX","og_type":"article","og_title":"Margarita Hern\u00e1ndez logra su pase a Par\u00eds 2024 - Esbozo Deportivo","og_description":"\u00a0(Foto: facebook.com\/fmaa.mx\/) La corredora mexicana Margarita Hern\u00e1ndez se clasific\u00f3 a los Juegos Ol\u00edmpicos de Paris","og_url":"https:\/\/esbozodeportivo.com\/index.php\/2023\/12\/04\/margarita-hernandez-logra-su-pase-a-paris-2024\/","og_site_name":"Esbozo Deportivo","article_published_time":"2023-12-04T05:15:52+00:00","article_modified_time":"2023-12-04T05:18:00+00:00","og_image":[{"url":"https:\/\/esbozodeportivo.com\/wp-content\/uploads\/2023\/12\/margarita.jpg","type":"","width":"","height":""}],"author":"Javier De La Cruz","twitter_card":"summary_large_image","twitter_misc":{"Escrito por":"Javier De La Cruz","Tiempo de lectura":"1 minuto"},"schema":{"@context":"https:\/\/schema.org","@graph":[{"@type":"Article","@id":"https:\/\/esbozodeportivo.com\/index.php\/2023\/12\/04\/margarita-hernandez-logra-su-pase-a-paris-2024\/#article","isPartOf":{"@id":"https:\/\/esbozodeportivo.com\/index.php\/2023\/12\/04\/margarita-hernandez-logra-su-pase-a-paris-2024\/"},"author":{"name":"Javier De La Cruz","@id":"https:\/\/esbozodeportivo.com\/#\/schema\/person\/7277119c98823aec37bbb84e125efd44"},"headline":"Margarita Hern\u00e1ndez logra su pase a Par\u00eds 2024","datePublished":"2023-12-04T05:15:52+00:00","dateModified":"2023-12-04T05:18:00+00:00","mainEntityOfPage":{"@id":"https:\/\/esbozodeportivo.com\/index.php\/2023\/12\/04\/margarita-hernandez-logra-su-pase-a-paris-2024\/"},"wordCount":148,"commentCount":0,"publisher":{"@id":"https:\/\/esbozodeportivo.com\/#organization"},"image":{"@id":"https:\/\/esbozodeportivo.com\/index.php\/2023\/12\/04\/margarita-hernandez-logra-su-pase-a-paris-2024\/#primaryimage"},"thumbnailUrl":"https:\/\/esbozodeportivo.com\/wp-content\/uploads\/2023\/12\/margarita.jpg","articleSection":["Amateur"],"inLanguage":"es","potentialAction":[{"@type":"CommentAction","name":"Comment","target":["https:\/\/esbozodeportivo.com\/index.php\/2023\/12\/04\/margarita-hernandez-logra-su-pase-a-paris-2024\/#respond"]}]},{"@type":"WebPage","@id":"https:\/\/esbozodeportivo.com\/index.php\/2023\/12\/04\/margarita-hernandez-logra-su-pase-a-paris-2024\/","url":"https:\/\/esbozodeportivo.com\/index.php\/2023\/12\/04\/margarita-hernandez-logra-su-pase-a-paris-2024\/","name":"Margarita Hern\u00e1ndez logra su pase a Par\u00eds 2024 - Esbozo Deportivo","isPartOf":{"@id":"https:\/\/esbozodeportivo.com\/#website"},"primaryImageOfPage":{"@id":"https:\/\/esbozodeportivo.com\/index.php\/2023\/12\/04\/margarita-hernandez-logra-su-pase-a-paris-2024\/#primaryimage"},"image":{"@id":"https:\/\/esbozodeportivo.com\/index.php\/2023\/12\/04\/margarita-hernandez-logra-su-pase-a-paris-2024\/#primaryimage"},"thumbnailUrl":"https:\/\/esbozodeportivo.com\/wp-content\/uploads\/2023\/12\/margarita.jpg","datePublished":"2023-12-04T05:15:52+00:00","dateModified":"2023-12-04T05:18:00+00:00","breadcrumb":{"@id":"https:\/\/esbozodeportivo.com\/index.php\/2023\/12\/04\/margarita-hernandez-logra-su-pase-a-paris-2024\/#breadcrumb"},"inLanguage":"es","potentialAction":[{"@type":"ReadAction","target":["https:\/\/esbozodeportivo.com\/index.php\/2023\/12\/04\/margarita-hernandez-logra-su-pase-a-paris-2024\/"]}]},{"@type":"ImageObject","inLanguage":"es","@id":"https:\/\/esbozodeportivo.com\/index.php\/2023\/12\/04\/margarita-hernandez-logra-su-pase-a-paris-2024\/#primaryimage","url":"https:\/\/esbozodeportivo.com\/wp-content\/uploads\/2023\/12\/margarita.jpg","contentUrl":"https:\/\/esbozodeportivo.com\/wp-content\/uploads\/2023\/12\/margarita.jpg","width":626,"height":386},{"@type":"BreadcrumbList","@id":"https:\/\/esbozodeportivo.com\/index.php\/2023\/12\/04\/margarita-hernandez-logra-su-pase-a-paris-2024\/#breadcrumb","itemListElement":[{"@type":"ListItem","position":1,"name":"Inicio","item":"https:\/\/esbozodeportivo.com\/"},{"@type":"ListItem","position":2,"name":"Margarita Hern\u00e1ndez logra su pase a Par\u00eds 2024"}]},{"@type":"WebSite","@id":"https:\/\/esbozodeportivo.com\/#website","url":"https:\/\/esbozodeportivo.com\/","name":"Esbozo Deportivo","description":"Lo m\u00e1s importante del Deporte","publisher":{"@id":"https:\/\/esbozodeportivo.com\/#organization"},"potentialAction":[{"@type":"SearchAction","target":{"@type":"EntryPoint","urlTemplate":"https:\/\/esbozodeportivo.com\/?s={search_term_string}"},"query-input":{"@type":"PropertyValueSpecification","valueRequired":true,"valueName":"search_term_string"}}],"inLanguage":"es"},{"@type":"Organization","@id":"https:\/\/esbozodeportivo.com\/#organization","name":"Esbozo Deportivo","url":"https:\/\/esbozodeportivo.com\/","logo":{"@type":"ImageObject","inLanguage":"es","@id":"https:\/\/esbozodeportivo.com\/#\/schema\/logo\/image\/","url":"https:\/\/esbozodeportivo.com\/wp-content\/uploads\/2022\/08\/cropped-Logo-Esbozo-Web-2.png","contentUrl":"https:\/\/esbozodeportivo.com\/wp-content\/uploads\/2022\/08\/cropped-Logo-Esbozo-Web-2.png","width":180,"height":50,"caption":"Esbozo Deportivo"},"image":{"@id":"https:\/\/esbozodeportivo.com\/#\/schema\/logo\/image\/"}},{"@type":"Person","@id":"https:\/\/esbozodeportivo.com\/#\/schema\/person\/7277119c98823aec37bbb84e125efd44","name":"Javier De La Cruz","image":{"@type":"ImageObject","inLanguage":"es","@id":"https:\/\/esbozodeportivo.com\/#\/schema\/person\/image\/","url":"https:\/\/secure.gravatar.com\/avatar\/366235a56d20f1a6e8e3d0b295897639357bea880470ddf261d17bb0bc052eb1?s=96&d=mm&r=g","contentUrl":"https:\/\/secure.gravatar.com\/avatar\/366235a56d20f1a6e8e3d0b295897639357bea880470ddf261d17bb0bc052eb1?s=96&d=mm&r=g","caption":"Javier De La Cruz"},"url":"https:\/\/esbozodeportivo.com\/index.php\/author\/javier-de-la-cruz-de-la-cruz\/"}]}},"jetpack_featured_media_url":"","jetpack_sharing_enabled":true,"_links":{"self":[{"href":"https:\/\/esbozodeportivo.com\/index.php\/wp-json\/wp\/v2\/posts\/2043","targetHints":{"allow":["GET"]}}],"collection":[{"href":"https:\/\/esbozodeportivo.com\/index.php\/wp-json\/wp\/v2\/posts"}],"about":[{"href":"https:\/\/esbozodeportivo.com\/index.php\/wp-json\/wp\/v2\/types\/post"}],"author":[{"embeddable":true,"href":"https:\/\/esbozodeportivo.com\/index.php\/wp-json\/wp\/v2\/users\/2"}],"replies":[{"embeddable":true,"href":"https:\/\/esbozodeportivo.com\/index.php\/wp-json\/wp\/v2\/comments?post=2043"}],"version-history":[{"count":4,"href":"https:\/\/esbozodeportivo.com\/index.php\/wp-json\/wp\/v2\/posts\/2043\/revisions"}],"predecessor-version":[{"id":2048,"href":"https:\/\/esbozodeportivo.com\/index.php\/wp-json\/wp\/v2\/posts\/2043\/revisions\/2048"}],"wp:attachment":[{"href":"https:\/\/esbozodeportivo.com\/index.php\/wp-json\/wp\/v2\/media?parent=2043"}],"wp:term":[{"taxonomy":"category","embeddable":true,"href":"https:\/\/esbozodeportivo.com\/index.php\/wp-json\/wp\/v2\/categories?post=2043"},{"taxonomy":"post_tag","embeddable":true,"href":"https:\/\/esbozodeportivo.com\/index.php\/wp-json\/wp\/v2\/tags?post=2043"}],"curies":[{"name":"wp","href":"https:\/\/api.w.org\/{rel}","templated":true}]}}