{"id":2049,"date":"2023-12-04T05:28:33","date_gmt":"2023-12-04T05:28:33","guid":{"rendered":"https:\/\/esbozodeportivo.com\/?p=2049"},"modified":"2023-12-04T05:31:36","modified_gmt":"2023-12-04T05:31:36","slug":"mexico-dice-presente-en-copa-mundo-de-aguas-abiertas","status":"publish","type":"post","link":"https:\/\/esbozodeportivo.com\/index.php\/2023\/12\/04\/mexico-dice-presente-en-copa-mundo-de-aguas-abiertas\/","title":{"rendered":"M\u00c9XICO DICE PRESENTE EN COPA MUNDO DE AGUAS ABIERTAS\u00a0"},"content":{"rendered":"<style>\/*! elementor - v3.17.0 - 08-11-2023 *\/\n.elementor-widget-image{text-align:center}.elementor-widget-image a{display:inline-block}.elementor-widget-image a img[src$=\".svg\"]{width:48px}.elementor-widget-image img{vertical-align:middle;display:inline-block}<\/style>\n<p>\t\t\t\t\t\t\t\t\t\t\t\t<img decoding=\"async\" width=\"640\" height=\"853\" src=\"https:\/\/esbozodeportivo.com\/wp-content\/uploads\/2023\/12\/Aguas-Libres1-768x1024.jpg\" alt=\"\" loading=\"lazy\" srcset=\"https:\/\/esbozodeportivo.com\/wp-content\/uploads\/2023\/12\/Aguas-Libres1-768x1024.jpg 768w, https:\/\/esbozodeportivo.com\/wp-content\/uploads\/2023\/12\/Aguas-Libres1-225x300.jpg 225w, https:\/\/esbozodeportivo.com\/wp-content\/uploads\/2023\/12\/Aguas-Libres1.jpg 960w\" sizes=\"auto, (max-width: 640px) 100vw, 640px\" \/>\t\t\t\t\t\t\t\t\t\t\t\t\t\t\t<\/p>\n<p>(Foto: acu\u00e1ticanelsonvargas)<\/p>\n<p>Hace pocos minutos culmin\u00f3 la jornada de la V Parada de la Copa del Mundo de Nataci\u00f3n en Aguas Abiertas World Aquatics 2023, suceso deportivo que dar\u00eda una opci\u00f3n de clasificaci\u00f3n para la pr\u00f3xima cita mundialista que se llevar\u00e1 a cabo en Doha \u2013 Qatar y los Juegos Ol\u00edmpicos \u2013 Paris 2024.<\/p>\n<p>El viejo continente fue el anfitri\u00f3n de esta parada que se llevar\u00eda a cabo en Israel y que, por temas de seguridad se traslada y es all\u00ed, cuando la Federaci\u00f3n de Nataci\u00f3n de Portugal retoma esta competencia y la desarrolla en Funchal, un sitio paradisiaco que cuenta con todas las capacitades para implementar este tipo de competencias.<\/p>\n<p>Hoy, 85 damas y 97 varones se dieron cita los 10 km, los primeros en estar en el agua fueron los hombres, quienes, cerca de las 3.30 h de M\u00e9xico iniciaron su prueba. All\u00ed el ganador del centro del p\u00f3dium fue el italiano, Dom\u00e9nico Acerenza (28 a\u00f1os), logrando detener el cronometro, en: 1.45.06.20. Este atleta posee un total de 11 medallas ol\u00edmpicas, logradas as\u00ed: tres de oro, seis de plata y dos de bronce, adem\u00e1s, de las preseas mundialistas. Esto demuestra el alto nivel que ten\u00eda esta cita deportiva.<\/p>\n<p>En esta prueba se hizo presencia con tres atletas: Paul Strehlke, quien ocup\u00f3 la posici\u00f3n 28, siendo, adem\u00e1s, este el mejor latinoamericano. All\u00ed tambi\u00e9n estuvo su compa\u00f1ero Daniel Delgadillo con la plaza 38 y a ellos se le sum\u00f3 el integrante de <strong><em>acu\u00e1tica nelsonvargas<\/em><\/strong>, Santiago Guti\u00e9rrez, quien cerr\u00f3 en la posici\u00f3n 65. Latinoam\u00e9rica hizo presencia con dos nadadores m\u00e1s, ellos fueron en representaci\u00f3n, de: Argentina \u2013 33 y Ecuador \u2013 61.<\/p>\n<p>\u00a0<\/p>\n<p>\t\t\t\t\t\t\t\t\t\t\t\t\t\t\t<img decoding=\"async\" width=\"640\" height=\"480\" src=\"https:\/\/esbozodeportivo.com\/wp-content\/uploads\/2023\/12\/Aguas-Libres2-1024x768.jpg\" alt=\"\" loading=\"lazy\" srcset=\"https:\/\/esbozodeportivo.com\/wp-content\/uploads\/2023\/12\/Aguas-Libres2-1024x768.jpg 1024w, https:\/\/esbozodeportivo.com\/wp-content\/uploads\/2023\/12\/Aguas-Libres2-300x225.jpg 300w, https:\/\/esbozodeportivo.com\/wp-content\/uploads\/2023\/12\/Aguas-Libres2-768x576.jpg 768w, https:\/\/esbozodeportivo.com\/wp-content\/uploads\/2023\/12\/Aguas-Libres2.jpg 1280w\" sizes=\"auto, (max-width: 640px) 100vw, 640px\" \/>\t\t\t\t\t\t\t\t\t\t\t\t\t\t\t<\/p>\n<p>(Foto: acu\u00e1ticanelsonvargas)<\/p>\n<p>Por otra parte, en las damas la ganadora del centro del p\u00f3dium fue la norteamericana, Claire Weinstein, con: 1.56.54.30, con tan s\u00f3lo 16 a\u00f1os la atleta es due\u00f1a de cuatro medallas ol\u00edmpicas: tres de oro y un bronce y es reconocida en su pa\u00eds por ser la deportista m\u00e1s joven (13 a\u00f1os) clasificada a los Trials de Estados Unidos.<\/p>\n<p>All\u00ed estuvieron portando el tricolor nacional, Marta Sandoval, quien alcanz\u00f3 la posici\u00f3n 45; Paulina Hern\u00e1ndez en la 47; Karla De La Rosa Mondrag\u00f3n en la 62 y cerrando, por M\u00e9xico, estuvo, Alejandra Hoyos en la posici\u00f3n 63. Latinoam\u00e9rica alcanz\u00f3 su mejor ubicaci\u00f3n con Samantha Ar\u00e9valo de Ecuador en la plaza 24; seguida de Mar\u00eda Bramont de Per\u00fa en la 32, Viviane Jungblut de Brasil en la 33 y Cibelle Junblut \u2013 Brasil en la 41.<\/p>\n<p>Resultados de la jornada:<\/p>\n<table>\n<tbody>\n<tr>\n<td width=\"47\">\n<h5><strong>No.<\/strong><\/h5>\n<\/td>\n<td width=\"245\">\n<h5><strong>NOMBRE<\/strong><\/h5>\n<\/td>\n<td width=\"76\">\n<h5><strong>EDAD<\/strong><\/h5>\n<\/td>\n<td width=\"214\">\n<h5><strong>TIEMPO <\/strong><\/h5>\n<\/td>\n<td width=\"82\">\n<h5><strong>DISTANCIA<\/strong><\/h5>\n<\/td>\n<\/tr>\n<tr>\n<td colspan=\"5\" width=\"663\">\n<h5><strong>VARONES<\/strong><\/h5>\n<\/td>\n<\/tr>\n<tr>\n<td width=\"47\">\n<h5>28<\/h5>\n<\/td>\n<td width=\"245\">\n<h5>Paulo Strehlke Delgado<\/h5>\n<\/td>\n<td width=\"76\">\n<h5>17<\/h5>\n<\/td>\n<td width=\"214\">\n<h5>1.46.03.60<\/h5>\n<\/td>\n<td width=\"82\">\n<h5>10 km<\/h5>\n<\/td>\n<\/tr>\n<tr>\n<td width=\"47\">\n<h5>38<\/h5>\n<\/td>\n<td width=\"245\">\n<h5>Daniel Delgadillo<\/h5>\n<\/td>\n<td width=\"76\">\n<h5>34<\/h5>\n<\/td>\n<td width=\"214\">\n<h5>1.46.32.70<\/h5>\n<\/td>\n<td width=\"82\">\n<h5>10 km<\/h5>\n<\/td>\n<\/tr>\n<tr>\n<td width=\"47\">\n<h5>65<\/h5>\n<\/td>\n<td width=\"245\">\n<h5>Santiago Guti\u00e9rrez <strong><em>ANV<\/em><\/strong><\/h5>\n<\/td>\n<td width=\"76\">\n<h5>20<\/h5>\n<\/td>\n<td width=\"214\">\n<h5>1.50.18.80<\/h5>\n<\/td>\n<td width=\"82\">\n<h5>10 km<\/h5>\n<\/td>\n<\/tr>\n<tr>\n<td colspan=\"5\" width=\"663\">\n<h5><strong>DAMAS<\/strong><\/h5>\n<\/td>\n<\/tr>\n<tr>\n<td width=\"47\">\n<h5>45<\/h5>\n<\/td>\n<td width=\"245\">\n<h5>Marta Sandoval<\/h5>\n<\/td>\n<td width=\"76\">\n<h5>25<\/h5>\n<\/td>\n<td width=\"214\">\n<h5>1.42.44.50<\/h5>\n<\/td>\n<td width=\"82\">\n<h5>10 km<\/h5>\n<\/td>\n<\/tr>\n<tr>\n<td width=\"47\">\n<h5>47<\/h5>\n<\/td>\n<td width=\"245\">\n<h5>Paulina Alan\u00eds Hern\u00e1ndez<\/h5>\n<\/td>\n<td width=\"76\">\n<h5>19<\/h5>\n<\/td>\n<td width=\"214\">\n<h5>1.42.46.40<\/h5>\n<\/td>\n<td width=\"82\">\n<h5>10 km<\/h5>\n<\/td>\n<\/tr>\n<tr>\n<td width=\"47\">\n<h5>62<\/h5>\n<\/td>\n<td width=\"245\">\n<h5>Karla De La Rosa Mondrag\u00f3n<\/h5>\n<\/td>\n<td width=\"76\">\n<h5>18<\/h5>\n<\/td>\n<td width=\"214\">\n<h5>1.46.33.60<\/h5>\n<\/td>\n<td width=\"82\">\n<h5>10 km<\/h5>\n<\/td>\n<\/tr>\n<tr>\n<td width=\"47\">\n<h5>63<\/h5>\n<\/td>\n<td width=\"245\">\n<h5>Alejandra Hoyos Horvart<\/h5>\n<\/td>\n<td width=\"76\">\n<h5>17<\/h5>\n<\/td>\n<td width=\"214\">\n<h5>1.46.48.70<\/h5>\n<\/td>\n<td width=\"82\">\n<h5>10 km<\/h5>\n<\/td>\n<\/tr>\n<\/tbody>\n<\/table>\n<h5>Prueba del 3 de diciembre:<\/h5>\n<table>\n<tbody>\n<tr>\n<td width=\"47\">\n<h5><strong>No.<\/strong><\/h5>\n<\/td>\n<td width=\"245\">\n<h5><strong>NOMBRE<\/strong><\/h5>\n<\/td>\n<td width=\"76\">\n<h5><strong>EDAD<\/strong><\/h5>\n<\/td>\n<td width=\"214\">\n<h5><strong>FECHA Y HORA<\/strong><\/h5>\n<\/td>\n<td width=\"82\">\n<h5><strong>DISTANCIA<\/strong><\/h5>\n<\/td>\n<\/tr>\n<tr>\n<td width=\"47\">\n<h5>7<\/h5>\n<h5>8<\/h5>\n<h5>9<\/h5>\n<h5>10<\/h5>\n<\/td>\n<td width=\"245\">\n<h5>Paulina Alanis Hern\u00e1ndez<\/h5>\n<h5>Daniel Delgadillo<\/h5>\n<h5>Marta Sandoval<\/h5>\n<h5>Paulo Strehlke Delgado<\/h5>\n<\/td>\n<td width=\"76\">\n<h5>19<\/h5>\n<h5>34<\/h5>\n<h5>25<\/h5>\n<h5>17<\/h5>\n<\/td>\n<td width=\"214\">\n<h5>\u00a0<\/h5>\n<h5>Domingo 3 de diciembre 3.30 a.m.<\/h5>\n<\/td>\n<td width=\"82\">\n<h5>\u00a0<\/h5>\n<h5>Mixto 4&#215;1500 m<\/h5>\n<\/td>\n<\/tr>\n<\/tbody>\n<\/table>\n<p>\u00a0<\/p>\n","protected":false},"excerpt":{"rendered":"<p>(Foto: acu\u00e1ticanelsonvargas) Hace pocos minutos culmin\u00f3 la jornada de la V Parada de la Copa<\/p>\n","protected":false},"author":2,"featured_media":0,"comment_status":"open","ping_status":"open","sticky":false,"template":"","format":"standard","meta":{"_jetpack_memberships_contains_paid_content":false,"footnotes":""},"categories":[1],"tags":[],"class_list":["post-2049","post","type-post","status-publish","format-standard","hentry","category-uncategorized"],"yoast_head":"<!-- This site is optimized with the Yoast SEO plugin v25.7 - https:\/\/yoast.com\/wordpress\/plugins\/seo\/ -->\n<title>M\u00c9XICO DICE PRESENTE EN COPA MUNDO DE AGUAS ABIERTAS\u00a0 - Esbozo Deportivo<\/title>\n<meta name=\"robots\" content=\"index, follow, max-snippet:-1, max-image-preview:large, max-video-preview:-1\" \/>\n<link rel=\"canonical\" href=\"https:\/\/esbozodeportivo.com\/index.php\/2023\/12\/04\/mexico-dice-presente-en-copa-mundo-de-aguas-abiertas\/\" \/>\n<meta property=\"og:locale\" content=\"es_MX\" \/>\n<meta property=\"og:type\" content=\"article\" \/>\n<meta property=\"og:title\" content=\"M\u00c9XICO DICE PRESENTE EN COPA MUNDO DE AGUAS ABIERTAS\u00a0 - Esbozo Deportivo\" \/>\n<meta property=\"og:description\" content=\"(Foto: acu\u00e1ticanelsonvargas) Hace pocos minutos culmin\u00f3 la jornada de la V Parada de la Copa\" \/>\n<meta property=\"og:url\" content=\"https:\/\/esbozodeportivo.com\/index.php\/2023\/12\/04\/mexico-dice-presente-en-copa-mundo-de-aguas-abiertas\/\" \/>\n<meta property=\"og:site_name\" content=\"Esbozo Deportivo\" \/>\n<meta property=\"article:published_time\" content=\"2023-12-04T05:28:33+00:00\" \/>\n<meta property=\"article:modified_time\" content=\"2023-12-04T05:31:36+00:00\" \/>\n<meta property=\"og:image\" content=\"https:\/\/esbozodeportivo.com\/wp-content\/uploads\/2023\/12\/Aguas-Libres1-768x1024.jpg\" \/>\n<meta name=\"author\" content=\"Javier De La Cruz\" \/>\n<meta name=\"twitter:card\" content=\"summary_large_image\" \/>\n<meta name=\"twitter:label1\" content=\"Escrito por\" \/>\n\t<meta name=\"twitter:data1\" content=\"Javier De La Cruz\" \/>\n\t<meta name=\"twitter:label2\" content=\"Tiempo de lectura\" \/>\n\t<meta name=\"twitter:data2\" content=\"2 minutos\" \/>\n<script type=\"application\/ld+json\" class=\"yoast-schema-graph\">{\"@context\":\"https:\/\/schema.org\",\"@graph\":[{\"@type\":\"Article\",\"@id\":\"https:\/\/esbozodeportivo.com\/index.php\/2023\/12\/04\/mexico-dice-presente-en-copa-mundo-de-aguas-abiertas\/#article\",\"isPartOf\":{\"@id\":\"https:\/\/esbozodeportivo.com\/index.php\/2023\/12\/04\/mexico-dice-presente-en-copa-mundo-de-aguas-abiertas\/\"},\"author\":{\"name\":\"Javier De La Cruz\",\"@id\":\"https:\/\/esbozodeportivo.com\/#\/schema\/person\/7277119c98823aec37bbb84e125efd44\"},\"headline\":\"M\u00c9XICO DICE PRESENTE EN COPA MUNDO DE AGUAS ABIERTAS\u00a0\",\"datePublished\":\"2023-12-04T05:28:33+00:00\",\"dateModified\":\"2023-12-04T05:31:36+00:00\",\"mainEntityOfPage\":{\"@id\":\"https:\/\/esbozodeportivo.com\/index.php\/2023\/12\/04\/mexico-dice-presente-en-copa-mundo-de-aguas-abiertas\/\"},\"wordCount\":506,\"commentCount\":0,\"publisher\":{\"@id\":\"https:\/\/esbozodeportivo.com\/#organization\"},\"image\":{\"@id\":\"https:\/\/esbozodeportivo.com\/index.php\/2023\/12\/04\/mexico-dice-presente-en-copa-mundo-de-aguas-abiertas\/#primaryimage\"},\"thumbnailUrl\":\"https:\/\/esbozodeportivo.com\/wp-content\/uploads\/2023\/12\/Aguas-Libres1-768x1024.jpg\",\"articleSection\":[\"Uncategorized\"],\"inLanguage\":\"es\",\"potentialAction\":[{\"@type\":\"CommentAction\",\"name\":\"Comment\",\"target\":[\"https:\/\/esbozodeportivo.com\/index.php\/2023\/12\/04\/mexico-dice-presente-en-copa-mundo-de-aguas-abiertas\/#respond\"]}]},{\"@type\":\"WebPage\",\"@id\":\"https:\/\/esbozodeportivo.com\/index.php\/2023\/12\/04\/mexico-dice-presente-en-copa-mundo-de-aguas-abiertas\/\",\"url\":\"https:\/\/esbozodeportivo.com\/index.php\/2023\/12\/04\/mexico-dice-presente-en-copa-mundo-de-aguas-abiertas\/\",\"name\":\"M\u00c9XICO DICE PRESENTE EN COPA MUNDO DE AGUAS ABIERTAS\u00a0 - Esbozo Deportivo\",\"isPartOf\":{\"@id\":\"https:\/\/esbozodeportivo.com\/#website\"},\"primaryImageOfPage\":{\"@id\":\"https:\/\/esbozodeportivo.com\/index.php\/2023\/12\/04\/mexico-dice-presente-en-copa-mundo-de-aguas-abiertas\/#primaryimage\"},\"image\":{\"@id\":\"https:\/\/esbozodeportivo.com\/index.php\/2023\/12\/04\/mexico-dice-presente-en-copa-mundo-de-aguas-abiertas\/#primaryimage\"},\"thumbnailUrl\":\"https:\/\/esbozodeportivo.com\/wp-content\/uploads\/2023\/12\/Aguas-Libres1-768x1024.jpg\",\"datePublished\":\"2023-12-04T05:28:33+00:00\",\"dateModified\":\"2023-12-04T05:31:36+00:00\",\"breadcrumb\":{\"@id\":\"https:\/\/esbozodeportivo.com\/index.php\/2023\/12\/04\/mexico-dice-presente-en-copa-mundo-de-aguas-abiertas\/#breadcrumb\"},\"inLanguage\":\"es\",\"potentialAction\":[{\"@type\":\"ReadAction\",\"target\":[\"https:\/\/esbozodeportivo.com\/index.php\/2023\/12\/04\/mexico-dice-presente-en-copa-mundo-de-aguas-abiertas\/\"]}]},{\"@type\":\"ImageObject\",\"inLanguage\":\"es\",\"@id\":\"https:\/\/esbozodeportivo.com\/index.php\/2023\/12\/04\/mexico-dice-presente-en-copa-mundo-de-aguas-abiertas\/#primaryimage\",\"url\":\"https:\/\/esbozodeportivo.com\/wp-content\/uploads\/2023\/12\/Aguas-Libres1.jpg\",\"contentUrl\":\"https:\/\/esbozodeportivo.com\/wp-content\/uploads\/2023\/12\/Aguas-Libres1.jpg\",\"width\":960,\"height\":1280},{\"@type\":\"BreadcrumbList\",\"@id\":\"https:\/\/esbozodeportivo.com\/index.php\/2023\/12\/04\/mexico-dice-presente-en-copa-mundo-de-aguas-abiertas\/#breadcrumb\",\"itemListElement\":[{\"@type\":\"ListItem\",\"position\":1,\"name\":\"Inicio\",\"item\":\"https:\/\/esbozodeportivo.com\/\"},{\"@type\":\"ListItem\",\"position\":2,\"name\":\"M\u00c9XICO DICE PRESENTE EN COPA MUNDO DE AGUAS ABIERTAS\u00a0\"}]},{\"@type\":\"WebSite\",\"@id\":\"https:\/\/esbozodeportivo.com\/#website\",\"url\":\"https:\/\/esbozodeportivo.com\/\",\"name\":\"Esbozo Deportivo\",\"description\":\"Lo m\u00e1s importante del Deporte\",\"publisher\":{\"@id\":\"https:\/\/esbozodeportivo.com\/#organization\"},\"potentialAction\":[{\"@type\":\"SearchAction\",\"target\":{\"@type\":\"EntryPoint\",\"urlTemplate\":\"https:\/\/esbozodeportivo.com\/?s={search_term_string}\"},\"query-input\":{\"@type\":\"PropertyValueSpecification\",\"valueRequired\":true,\"valueName\":\"search_term_string\"}}],\"inLanguage\":\"es\"},{\"@type\":\"Organization\",\"@id\":\"https:\/\/esbozodeportivo.com\/#organization\",\"name\":\"Esbozo Deportivo\",\"url\":\"https:\/\/esbozodeportivo.com\/\",\"logo\":{\"@type\":\"ImageObject\",\"inLanguage\":\"es\",\"@id\":\"https:\/\/esbozodeportivo.com\/#\/schema\/logo\/image\/\",\"url\":\"https:\/\/esbozodeportivo.com\/wp-content\/uploads\/2022\/08\/cropped-Logo-Esbozo-Web-2.png\",\"contentUrl\":\"https:\/\/esbozodeportivo.com\/wp-content\/uploads\/2022\/08\/cropped-Logo-Esbozo-Web-2.png\",\"width\":180,\"height\":50,\"caption\":\"Esbozo Deportivo\"},\"image\":{\"@id\":\"https:\/\/esbozodeportivo.com\/#\/schema\/logo\/image\/\"}},{\"@type\":\"Person\",\"@id\":\"https:\/\/esbozodeportivo.com\/#\/schema\/person\/7277119c98823aec37bbb84e125efd44\",\"name\":\"Javier De La Cruz\",\"image\":{\"@type\":\"ImageObject\",\"inLanguage\":\"es\",\"@id\":\"https:\/\/esbozodeportivo.com\/#\/schema\/person\/image\/\",\"url\":\"https:\/\/secure.gravatar.com\/avatar\/366235a56d20f1a6e8e3d0b295897639357bea880470ddf261d17bb0bc052eb1?s=96&d=mm&r=g\",\"contentUrl\":\"https:\/\/secure.gravatar.com\/avatar\/366235a56d20f1a6e8e3d0b295897639357bea880470ddf261d17bb0bc052eb1?s=96&d=mm&r=g\",\"caption\":\"Javier De La Cruz\"},\"url\":\"https:\/\/esbozodeportivo.com\/index.php\/author\/javier-de-la-cruz-de-la-cruz\/\"}]}<\/script>\n<!-- \/ Yoast SEO plugin. -->","yoast_head_json":{"title":"M\u00c9XICO DICE PRESENTE EN COPA MUNDO DE AGUAS ABIERTAS\u00a0 - Esbozo Deportivo","robots":{"index":"index","follow":"follow","max-snippet":"max-snippet:-1","max-image-preview":"max-image-preview:large","max-video-preview":"max-video-preview:-1"},"canonical":"https:\/\/esbozodeportivo.com\/index.php\/2023\/12\/04\/mexico-dice-presente-en-copa-mundo-de-aguas-abiertas\/","og_locale":"es_MX","og_type":"article","og_title":"M\u00c9XICO DICE PRESENTE EN COPA MUNDO DE AGUAS ABIERTAS\u00a0 - Esbozo Deportivo","og_description":"(Foto: acu\u00e1ticanelsonvargas) Hace pocos minutos culmin\u00f3 la jornada de la V Parada de la Copa","og_url":"https:\/\/esbozodeportivo.com\/index.php\/2023\/12\/04\/mexico-dice-presente-en-copa-mundo-de-aguas-abiertas\/","og_site_name":"Esbozo Deportivo","article_published_time":"2023-12-04T05:28:33+00:00","article_modified_time":"2023-12-04T05:31:36+00:00","og_image":[{"url":"https:\/\/esbozodeportivo.com\/wp-content\/uploads\/2023\/12\/Aguas-Libres1-768x1024.jpg","type":"","width":"","height":""}],"author":"Javier De La Cruz","twitter_card":"summary_large_image","twitter_misc":{"Escrito por":"Javier De La Cruz","Tiempo de lectura":"2 minutos"},"schema":{"@context":"https:\/\/schema.org","@graph":[{"@type":"Article","@id":"https:\/\/esbozodeportivo.com\/index.php\/2023\/12\/04\/mexico-dice-presente-en-copa-mundo-de-aguas-abiertas\/#article","isPartOf":{"@id":"https:\/\/esbozodeportivo.com\/index.php\/2023\/12\/04\/mexico-dice-presente-en-copa-mundo-de-aguas-abiertas\/"},"author":{"name":"Javier De La Cruz","@id":"https:\/\/esbozodeportivo.com\/#\/schema\/person\/7277119c98823aec37bbb84e125efd44"},"headline":"M\u00c9XICO DICE PRESENTE EN COPA MUNDO DE AGUAS ABIERTAS\u00a0","datePublished":"2023-12-04T05:28:33+00:00","dateModified":"2023-12-04T05:31:36+00:00","mainEntityOfPage":{"@id":"https:\/\/esbozodeportivo.com\/index.php\/2023\/12\/04\/mexico-dice-presente-en-copa-mundo-de-aguas-abiertas\/"},"wordCount":506,"commentCount":0,"publisher":{"@id":"https:\/\/esbozodeportivo.com\/#organization"},"image":{"@id":"https:\/\/esbozodeportivo.com\/index.php\/2023\/12\/04\/mexico-dice-presente-en-copa-mundo-de-aguas-abiertas\/#primaryimage"},"thumbnailUrl":"https:\/\/esbozodeportivo.com\/wp-content\/uploads\/2023\/12\/Aguas-Libres1-768x1024.jpg","articleSection":["Uncategorized"],"inLanguage":"es","potentialAction":[{"@type":"CommentAction","name":"Comment","target":["https:\/\/esbozodeportivo.com\/index.php\/2023\/12\/04\/mexico-dice-presente-en-copa-mundo-de-aguas-abiertas\/#respond"]}]},{"@type":"WebPage","@id":"https:\/\/esbozodeportivo.com\/index.php\/2023\/12\/04\/mexico-dice-presente-en-copa-mundo-de-aguas-abiertas\/","url":"https:\/\/esbozodeportivo.com\/index.php\/2023\/12\/04\/mexico-dice-presente-en-copa-mundo-de-aguas-abiertas\/","name":"M\u00c9XICO DICE PRESENTE EN COPA MUNDO DE AGUAS ABIERTAS\u00a0 - Esbozo Deportivo","isPartOf":{"@id":"https:\/\/esbozodeportivo.com\/#website"},"primaryImageOfPage":{"@id":"https:\/\/esbozodeportivo.com\/index.php\/2023\/12\/04\/mexico-dice-presente-en-copa-mundo-de-aguas-abiertas\/#primaryimage"},"image":{"@id":"https:\/\/esbozodeportivo.com\/index.php\/2023\/12\/04\/mexico-dice-presente-en-copa-mundo-de-aguas-abiertas\/#primaryimage"},"thumbnailUrl":"https:\/\/esbozodeportivo.com\/wp-content\/uploads\/2023\/12\/Aguas-Libres1-768x1024.jpg","datePublished":"2023-12-04T05:28:33+00:00","dateModified":"2023-12-04T05:31:36+00:00","breadcrumb":{"@id":"https:\/\/esbozodeportivo.com\/index.php\/2023\/12\/04\/mexico-dice-presente-en-copa-mundo-de-aguas-abiertas\/#breadcrumb"},"inLanguage":"es","potentialAction":[{"@type":"ReadAction","target":["https:\/\/esbozodeportivo.com\/index.php\/2023\/12\/04\/mexico-dice-presente-en-copa-mundo-de-aguas-abiertas\/"]}]},{"@type":"ImageObject","inLanguage":"es","@id":"https:\/\/esbozodeportivo.com\/index.php\/2023\/12\/04\/mexico-dice-presente-en-copa-mundo-de-aguas-abiertas\/#primaryimage","url":"https:\/\/esbozodeportivo.com\/wp-content\/uploads\/2023\/12\/Aguas-Libres1.jpg","contentUrl":"https:\/\/esbozodeportivo.com\/wp-content\/uploads\/2023\/12\/Aguas-Libres1.jpg","width":960,"height":1280},{"@type":"BreadcrumbList","@id":"https:\/\/esbozodeportivo.com\/index.php\/2023\/12\/04\/mexico-dice-presente-en-copa-mundo-de-aguas-abiertas\/#breadcrumb","itemListElement":[{"@type":"ListItem","position":1,"name":"Inicio","item":"https:\/\/esbozodeportivo.com\/"},{"@type":"ListItem","position":2,"name":"M\u00c9XICO DICE PRESENTE EN COPA MUNDO DE AGUAS ABIERTAS\u00a0"}]},{"@type":"WebSite","@id":"https:\/\/esbozodeportivo.com\/#website","url":"https:\/\/esbozodeportivo.com\/","name":"Esbozo Deportivo","description":"Lo m\u00e1s importante del Deporte","publisher":{"@id":"https:\/\/esbozodeportivo.com\/#organization"},"potentialAction":[{"@type":"SearchAction","target":{"@type":"EntryPoint","urlTemplate":"https:\/\/esbozodeportivo.com\/?s={search_term_string}"},"query-input":{"@type":"PropertyValueSpecification","valueRequired":true,"valueName":"search_term_string"}}],"inLanguage":"es"},{"@type":"Organization","@id":"https:\/\/esbozodeportivo.com\/#organization","name":"Esbozo Deportivo","url":"https:\/\/esbozodeportivo.com\/","logo":{"@type":"ImageObject","inLanguage":"es","@id":"https:\/\/esbozodeportivo.com\/#\/schema\/logo\/image\/","url":"https:\/\/esbozodeportivo.com\/wp-content\/uploads\/2022\/08\/cropped-Logo-Esbozo-Web-2.png","contentUrl":"https:\/\/esbozodeportivo.com\/wp-content\/uploads\/2022\/08\/cropped-Logo-Esbozo-Web-2.png","width":180,"height":50,"caption":"Esbozo Deportivo"},"image":{"@id":"https:\/\/esbozodeportivo.com\/#\/schema\/logo\/image\/"}},{"@type":"Person","@id":"https:\/\/esbozodeportivo.com\/#\/schema\/person\/7277119c98823aec37bbb84e125efd44","name":"Javier De La Cruz","image":{"@type":"ImageObject","inLanguage":"es","@id":"https:\/\/esbozodeportivo.com\/#\/schema\/person\/image\/","url":"https:\/\/secure.gravatar.com\/avatar\/366235a56d20f1a6e8e3d0b295897639357bea880470ddf261d17bb0bc052eb1?s=96&d=mm&r=g","contentUrl":"https:\/\/secure.gravatar.com\/avatar\/366235a56d20f1a6e8e3d0b295897639357bea880470ddf261d17bb0bc052eb1?s=96&d=mm&r=g","caption":"Javier De La Cruz"},"url":"https:\/\/esbozodeportivo.com\/index.php\/author\/javier-de-la-cruz-de-la-cruz\/"}]}},"jetpack_featured_media_url":"","jetpack_sharing_enabled":true,"_links":{"self":[{"href":"https:\/\/esbozodeportivo.com\/index.php\/wp-json\/wp\/v2\/posts\/2049","targetHints":{"allow":["GET"]}}],"collection":[{"href":"https:\/\/esbozodeportivo.com\/index.php\/wp-json\/wp\/v2\/posts"}],"about":[{"href":"https:\/\/esbozodeportivo.com\/index.php\/wp-json\/wp\/v2\/types\/post"}],"author":[{"embeddable":true,"href":"https:\/\/esbozodeportivo.com\/index.php\/wp-json\/wp\/v2\/users\/2"}],"replies":[{"embeddable":true,"href":"https:\/\/esbozodeportivo.com\/index.php\/wp-json\/wp\/v2\/comments?post=2049"}],"version-history":[{"count":4,"href":"https:\/\/esbozodeportivo.com\/index.php\/wp-json\/wp\/v2\/posts\/2049\/revisions"}],"predecessor-version":[{"id":2056,"href":"https:\/\/esbozodeportivo.com\/index.php\/wp-json\/wp\/v2\/posts\/2049\/revisions\/2056"}],"wp:attachment":[{"href":"https:\/\/esbozodeportivo.com\/index.php\/wp-json\/wp\/v2\/media?parent=2049"}],"wp:term":[{"taxonomy":"category","embeddable":true,"href":"https:\/\/esbozodeportivo.com\/index.php\/wp-json\/wp\/v2\/categories?post=2049"},{"taxonomy":"post_tag","embeddable":true,"href":"https:\/\/esbozodeportivo.com\/index.php\/wp-json\/wp\/v2\/tags?post=2049"}],"curies":[{"name":"wp","href":"https:\/\/api.w.org\/{rel}","templated":true}]}}