{"id":2125,"date":"2023-12-11T05:05:39","date_gmt":"2023-12-11T05:05:39","guid":{"rendered":"https:\/\/esbozodeportivo.com\/?p=2125"},"modified":"2023-12-11T05:06:55","modified_gmt":"2023-12-11T05:06:55","slug":"en-las-visorias-hemos-visto-una-cantidad-impresionante-de-talento-en-el-futbol-7-carlos-barajas","status":"publish","type":"post","link":"https:\/\/esbozodeportivo.com\/index.php\/2023\/12\/11\/en-las-visorias-hemos-visto-una-cantidad-impresionante-de-talento-en-el-futbol-7-carlos-barajas\/","title":{"rendered":"\u201cEn las visorias hemos visto una cantidad impresionante de talento en el f\u00f9tbol 7\u201d: Carlos Barajas"},"content":{"rendered":"<style>\/*! elementor - v3.18.0 - 08-12-2023 *\/\n.elementor-widget-image{text-align:center}.elementor-widget-image a{display:inline-block}.elementor-widget-image a img[src$=\".svg\"]{width:48px}.elementor-widget-image img{vertical-align:middle;display:inline-block}<\/style>\n<p>\t\t\t\t\t\t\t\t\t\t\t\t<img loading=\"lazy\" decoding=\"async\" width=\"640\" height=\"804\" src=\"https:\/\/esbozodeportivo.com\/wp-content\/uploads\/2023\/12\/Carlos-1-815x1024.jpg\" alt=\"\" srcset=\"https:\/\/esbozodeportivo.com\/wp-content\/uploads\/2023\/12\/Carlos-1-815x1024.jpg 815w, https:\/\/esbozodeportivo.com\/wp-content\/uploads\/2023\/12\/Carlos-1-239x300.jpg 239w, https:\/\/esbozodeportivo.com\/wp-content\/uploads\/2023\/12\/Carlos-1-768x965.jpg 768w, https:\/\/esbozodeportivo.com\/wp-content\/uploads\/2023\/12\/Carlos-1-1024x1287.jpg 1024w, https:\/\/esbozodeportivo.com\/wp-content\/uploads\/2023\/12\/Carlos-1.jpg 1080w\" sizes=\"auto, (max-width: 640px) 100vw, 640px\" \/>\t\t\t\t\t\t\t\t\t\t\t\t\t\t\t<\/p>\n<p><strong>(Foto: FMF7)<\/strong><\/p>\n<p><strong><em>Por: Antonio P\u00e9rez <\/em><\/strong><\/p>\n<p>Como se mencion\u00f3 anteriormente, al t\u00e9rmino de este Torneo Panamericana, la Federaci\u00f3n Mexican de F\u00fatbol 7, pr\u00e1cticamente no tendr\u00e1 descanso e iniciar\u00e1 con los trabajos promocionales y de organizaci\u00f3n de sus pr\u00f3ximos eventos como por ejemplo; el Mundial Infantil y Juvenil de f\u00fatbol 7 en el mes de abril de 2024.<\/p>\n<p>A este respecto, el presidente Carlos Barajas nos comenta; \u201ca partir del primero de enero empezaremos con la campa\u00f1a, estaremos presentando a los equipos y realizando la campa\u00f1a de marketing, ya hay ocho pa\u00edses confirmados para el mundial en donde su formato ser\u00e1 a eliminaci\u00f3n directa\u201d. Por supuesto que, M\u00e9xico tendr\u00e1 representaci\u00f3n en el mundial al menos en tres categor\u00edas infantiles y tres juveniles.<\/p>\n<p>En la Federaci\u00f3n creen absolutamente en el talento de la juventud mexicana, ya que a los largo del pa\u00eds, en visorias realizadas por ellos, han visto todo el talento que existe y as\u00ed nos lo comparte Carlos Barajas; \u201cen estos tres a\u00f1os de trabajos de visorias de la Federaci\u00f3n hemos visto una cantidad impresionante de talento, quisi\u00e9ramos tener a todos pero la verdad es que son pocos los que de alguna forma ocupan los lugares en los torneos\u201d.<\/p>\n<p>Tomando en cuenta que, en la mayor\u00eda de los estados de la Rep\u00fablica Mexicana, la Federaci\u00f3n Mexicana de F\u00fatbol 7 ya cuenta con un presidente de asociaci\u00f3n que organiza visorias o torneos regionales en los cuales se capta talento y se le da seguimiento. En este sentido el presidente nos platica que: \u201cen todos lados encontramos jugadores que sobresalen pero no podemos mencionar un estado de la Rep\u00f9blica en particular donde se encuentre mayor n\u00famero de talento\u201d.<\/p>\n<p>\u00a0<\/p>\n<p>\t\t\t\t\t\t\t\t\t\t\t\t\t\t\t<img loading=\"lazy\" decoding=\"async\" width=\"640\" height=\"423\" src=\"https:\/\/esbozodeportivo.com\/wp-content\/uploads\/2023\/12\/Carlos-3-1024x677.jpg\" alt=\"\" srcset=\"https:\/\/esbozodeportivo.com\/wp-content\/uploads\/2023\/12\/Carlos-3-1024x677.jpg 1024w, https:\/\/esbozodeportivo.com\/wp-content\/uploads\/2023\/12\/Carlos-3-300x198.jpg 300w, https:\/\/esbozodeportivo.com\/wp-content\/uploads\/2023\/12\/Carlos-3-768x508.jpg 768w, https:\/\/esbozodeportivo.com\/wp-content\/uploads\/2023\/12\/Carlos-3.jpg 1487w\" sizes=\"auto, (max-width: 640px) 100vw, 640px\" \/>\t\t\t\t\t\t\t\t\t\t\t\t\t\t\t<\/p>\n<p>(Foto: FMF7)<\/p>\n<p>En a\u00f1os recientes, M\u00e9xico ha tenido muy buenos representantes en diferentes torneos internacionales tanto a nivel de clubes como de selecciones, esas buenas actuaciones son prueba del talento se\u00f1alado por el presidente de la Federaci\u00f2n.<\/p>\n<p>Mencionar, por ejemplo, que jugadores que han llegado a la primera divisi\u00f3n del f\u00fatbol profesional mexicano, han reconocido que el f\u00fatbol 7 fue parte de su formaci\u00f3n para llegar a la m\u00e1xima categor\u00eda de este balompi\u00e9, tal es el caso de Marco Fabi\u00e1n de la Mora, futbolista que ha pasado por clubes importantes como Chivas de Guadalajara, Cruz Azul o el Eintracht Frankfurt alem\u00e1n, as\u00ed como tambi\u00e9n Daniel \u201cFideo\u201d \u00c1lvarez, actual jugador del Puebla FC.<\/p>\n<p>Para estar mejor preparados y ofrecer mejores opciones a las j\u00f3venes promesas del f\u00fatbol 7, la Federaci\u00f3n presidida por Carlos Barajas, ya tiene el aval de la Federaci\u00f3n Mundial de F\u00fatbol 7, como lo mencion\u00f3 hace algunos d\u00edas en conferencia de prensa.<\/p>\n<p>Sumado a esto, buscan ser reconocidos por la Comisi\u00f3n Nacional del Deporte como lo menciona el presidente; \u201caunque ya cumplimos oficialmente con todos esos tr\u00e1mites que nos piden, estamos en pl\u00e1ticas con nuestro abogado para poder meter la solicitud y que puedan validar toda la estructura que tenemos lista desde hace tres a\u00f1os\u201d.<\/p>\n<p>En este mismo sentido, el presidente a\u00f1ade que: \u201cnuestra estructura est\u00e1 conformada por cada uno de los 26 presidentes de asociaci\u00f3n, que a su vez, tienen su propia organizaci\u00f3n interna. Nosotros tenemos alrededor de cincuenta colaboradores que nos apoyan en visorias, en los torneos y en los eventos que realizamos locales y nacionales\u201d. Todo el trabajo realizado por la Federaci\u00f3n Mexicana de F\u00fatbol 7 espera dar resultados positivos en el corto plazo, finaliz\u00f3 Barajas.<\/p>\n","protected":false},"excerpt":{"rendered":"<p>(Foto: FMF7) Por: Antonio P\u00e9rez Como se mencion\u00f3 anteriormente, al t\u00e9rmino de este Torneo Panamericana,<\/p>\n","protected":false},"author":2,"featured_media":0,"comment_status":"open","ping_status":"open","sticky":false,"template":"","format":"standard","meta":{"_jetpack_memberships_contains_paid_content":false,"footnotes":""},"categories":[26],"tags":[],"class_list":["post-2125","post","type-post","status-publish","format-standard","hentry","category-palabras"],"yoast_head":"<!-- This site is optimized with the Yoast SEO plugin v25.7 - https:\/\/yoast.com\/wordpress\/plugins\/seo\/ -->\n<title>\u201cEn las visorias hemos visto una cantidad impresionante de talento en el f\u00f9tbol 7\u201d: Carlos Barajas - Esbozo Deportivo<\/title>\n<meta name=\"robots\" content=\"index, follow, max-snippet:-1, max-image-preview:large, max-video-preview:-1\" \/>\n<link rel=\"canonical\" href=\"https:\/\/esbozodeportivo.com\/index.php\/2023\/12\/11\/en-las-visorias-hemos-visto-una-cantidad-impresionante-de-talento-en-el-futbol-7-carlos-barajas\/\" \/>\n<meta property=\"og:locale\" content=\"es_MX\" \/>\n<meta property=\"og:type\" content=\"article\" \/>\n<meta property=\"og:title\" content=\"\u201cEn las visorias hemos visto una cantidad impresionante de talento en el f\u00f9tbol 7\u201d: Carlos Barajas - Esbozo Deportivo\" \/>\n<meta property=\"og:description\" content=\"(Foto: FMF7) Por: Antonio P\u00e9rez Como se mencion\u00f3 anteriormente, al t\u00e9rmino de este Torneo Panamericana,\" \/>\n<meta property=\"og:url\" content=\"https:\/\/esbozodeportivo.com\/index.php\/2023\/12\/11\/en-las-visorias-hemos-visto-una-cantidad-impresionante-de-talento-en-el-futbol-7-carlos-barajas\/\" \/>\n<meta property=\"og:site_name\" content=\"Esbozo Deportivo\" \/>\n<meta property=\"article:published_time\" content=\"2023-12-11T05:05:39+00:00\" \/>\n<meta property=\"article:modified_time\" content=\"2023-12-11T05:06:55+00:00\" \/>\n<meta property=\"og:image\" content=\"https:\/\/esbozodeportivo.com\/wp-content\/uploads\/2023\/12\/Carlos-1-815x1024.jpg\" \/>\n<meta name=\"author\" content=\"Javier De La Cruz\" \/>\n<meta name=\"twitter:card\" content=\"summary_large_image\" \/>\n<meta name=\"twitter:label1\" content=\"Escrito por\" \/>\n\t<meta name=\"twitter:data1\" content=\"Javier De La Cruz\" \/>\n\t<meta name=\"twitter:label2\" content=\"Tiempo de lectura\" \/>\n\t<meta name=\"twitter:data2\" content=\"3 minutos\" \/>\n<script type=\"application\/ld+json\" class=\"yoast-schema-graph\">{\"@context\":\"https:\/\/schema.org\",\"@graph\":[{\"@type\":\"Article\",\"@id\":\"https:\/\/esbozodeportivo.com\/index.php\/2023\/12\/11\/en-las-visorias-hemos-visto-una-cantidad-impresionante-de-talento-en-el-futbol-7-carlos-barajas\/#article\",\"isPartOf\":{\"@id\":\"https:\/\/esbozodeportivo.com\/index.php\/2023\/12\/11\/en-las-visorias-hemos-visto-una-cantidad-impresionante-de-talento-en-el-futbol-7-carlos-barajas\/\"},\"author\":{\"name\":\"Javier De La Cruz\",\"@id\":\"https:\/\/esbozodeportivo.com\/#\/schema\/person\/7277119c98823aec37bbb84e125efd44\"},\"headline\":\"\u201cEn las visorias hemos visto una cantidad impresionante de talento en el f\u00f9tbol 7\u201d: Carlos Barajas\",\"datePublished\":\"2023-12-11T05:05:39+00:00\",\"dateModified\":\"2023-12-11T05:06:55+00:00\",\"mainEntityOfPage\":{\"@id\":\"https:\/\/esbozodeportivo.com\/index.php\/2023\/12\/11\/en-las-visorias-hemos-visto-una-cantidad-impresionante-de-talento-en-el-futbol-7-carlos-barajas\/\"},\"wordCount\":618,\"commentCount\":0,\"publisher\":{\"@id\":\"https:\/\/esbozodeportivo.com\/#organization\"},\"image\":{\"@id\":\"https:\/\/esbozodeportivo.com\/index.php\/2023\/12\/11\/en-las-visorias-hemos-visto-una-cantidad-impresionante-de-talento-en-el-futbol-7-carlos-barajas\/#primaryimage\"},\"thumbnailUrl\":\"https:\/\/esbozodeportivo.com\/wp-content\/uploads\/2023\/12\/Carlos-1-815x1024.jpg\",\"articleSection\":[\"Entrevista Exclusiva\"],\"inLanguage\":\"es\",\"potentialAction\":[{\"@type\":\"CommentAction\",\"name\":\"Comment\",\"target\":[\"https:\/\/esbozodeportivo.com\/index.php\/2023\/12\/11\/en-las-visorias-hemos-visto-una-cantidad-impresionante-de-talento-en-el-futbol-7-carlos-barajas\/#respond\"]}]},{\"@type\":\"WebPage\",\"@id\":\"https:\/\/esbozodeportivo.com\/index.php\/2023\/12\/11\/en-las-visorias-hemos-visto-una-cantidad-impresionante-de-talento-en-el-futbol-7-carlos-barajas\/\",\"url\":\"https:\/\/esbozodeportivo.com\/index.php\/2023\/12\/11\/en-las-visorias-hemos-visto-una-cantidad-impresionante-de-talento-en-el-futbol-7-carlos-barajas\/\",\"name\":\"\u201cEn las visorias hemos visto una cantidad impresionante de talento en el f\u00f9tbol 7\u201d: Carlos Barajas - Esbozo Deportivo\",\"isPartOf\":{\"@id\":\"https:\/\/esbozodeportivo.com\/#website\"},\"primaryImageOfPage\":{\"@id\":\"https:\/\/esbozodeportivo.com\/index.php\/2023\/12\/11\/en-las-visorias-hemos-visto-una-cantidad-impresionante-de-talento-en-el-futbol-7-carlos-barajas\/#primaryimage\"},\"image\":{\"@id\":\"https:\/\/esbozodeportivo.com\/index.php\/2023\/12\/11\/en-las-visorias-hemos-visto-una-cantidad-impresionante-de-talento-en-el-futbol-7-carlos-barajas\/#primaryimage\"},\"thumbnailUrl\":\"https:\/\/esbozodeportivo.com\/wp-content\/uploads\/2023\/12\/Carlos-1-815x1024.jpg\",\"datePublished\":\"2023-12-11T05:05:39+00:00\",\"dateModified\":\"2023-12-11T05:06:55+00:00\",\"breadcrumb\":{\"@id\":\"https:\/\/esbozodeportivo.com\/index.php\/2023\/12\/11\/en-las-visorias-hemos-visto-una-cantidad-impresionante-de-talento-en-el-futbol-7-carlos-barajas\/#breadcrumb\"},\"inLanguage\":\"es\",\"potentialAction\":[{\"@type\":\"ReadAction\",\"target\":[\"https:\/\/esbozodeportivo.com\/index.php\/2023\/12\/11\/en-las-visorias-hemos-visto-una-cantidad-impresionante-de-talento-en-el-futbol-7-carlos-barajas\/\"]}]},{\"@type\":\"ImageObject\",\"inLanguage\":\"es\",\"@id\":\"https:\/\/esbozodeportivo.com\/index.php\/2023\/12\/11\/en-las-visorias-hemos-visto-una-cantidad-impresionante-de-talento-en-el-futbol-7-carlos-barajas\/#primaryimage\",\"url\":\"https:\/\/esbozodeportivo.com\/wp-content\/uploads\/2023\/12\/Carlos-1.jpg\",\"contentUrl\":\"https:\/\/esbozodeportivo.com\/wp-content\/uploads\/2023\/12\/Carlos-1.jpg\",\"width\":1080,\"height\":1357},{\"@type\":\"BreadcrumbList\",\"@id\":\"https:\/\/esbozodeportivo.com\/index.php\/2023\/12\/11\/en-las-visorias-hemos-visto-una-cantidad-impresionante-de-talento-en-el-futbol-7-carlos-barajas\/#breadcrumb\",\"itemListElement\":[{\"@type\":\"ListItem\",\"position\":1,\"name\":\"Inicio\",\"item\":\"https:\/\/esbozodeportivo.com\/\"},{\"@type\":\"ListItem\",\"position\":2,\"name\":\"\u201cEn las visorias hemos visto una cantidad impresionante de talento en el f\u00f9tbol 7\u201d: Carlos Barajas\"}]},{\"@type\":\"WebSite\",\"@id\":\"https:\/\/esbozodeportivo.com\/#website\",\"url\":\"https:\/\/esbozodeportivo.com\/\",\"name\":\"Esbozo Deportivo\",\"description\":\"Lo m\u00e1s importante del Deporte\",\"publisher\":{\"@id\":\"https:\/\/esbozodeportivo.com\/#organization\"},\"potentialAction\":[{\"@type\":\"SearchAction\",\"target\":{\"@type\":\"EntryPoint\",\"urlTemplate\":\"https:\/\/esbozodeportivo.com\/?s={search_term_string}\"},\"query-input\":{\"@type\":\"PropertyValueSpecification\",\"valueRequired\":true,\"valueName\":\"search_term_string\"}}],\"inLanguage\":\"es\"},{\"@type\":\"Organization\",\"@id\":\"https:\/\/esbozodeportivo.com\/#organization\",\"name\":\"Esbozo Deportivo\",\"url\":\"https:\/\/esbozodeportivo.com\/\",\"logo\":{\"@type\":\"ImageObject\",\"inLanguage\":\"es\",\"@id\":\"https:\/\/esbozodeportivo.com\/#\/schema\/logo\/image\/\",\"url\":\"https:\/\/esbozodeportivo.com\/wp-content\/uploads\/2022\/08\/cropped-Logo-Esbozo-Web-2.png\",\"contentUrl\":\"https:\/\/esbozodeportivo.com\/wp-content\/uploads\/2022\/08\/cropped-Logo-Esbozo-Web-2.png\",\"width\":180,\"height\":50,\"caption\":\"Esbozo Deportivo\"},\"image\":{\"@id\":\"https:\/\/esbozodeportivo.com\/#\/schema\/logo\/image\/\"}},{\"@type\":\"Person\",\"@id\":\"https:\/\/esbozodeportivo.com\/#\/schema\/person\/7277119c98823aec37bbb84e125efd44\",\"name\":\"Javier De La Cruz\",\"image\":{\"@type\":\"ImageObject\",\"inLanguage\":\"es\",\"@id\":\"https:\/\/esbozodeportivo.com\/#\/schema\/person\/image\/\",\"url\":\"https:\/\/secure.gravatar.com\/avatar\/366235a56d20f1a6e8e3d0b295897639357bea880470ddf261d17bb0bc052eb1?s=96&d=mm&r=g\",\"contentUrl\":\"https:\/\/secure.gravatar.com\/avatar\/366235a56d20f1a6e8e3d0b295897639357bea880470ddf261d17bb0bc052eb1?s=96&d=mm&r=g\",\"caption\":\"Javier De La Cruz\"},\"url\":\"https:\/\/esbozodeportivo.com\/index.php\/author\/javier-de-la-cruz-de-la-cruz\/\"}]}<\/script>\n<!-- \/ Yoast SEO plugin. -->","yoast_head_json":{"title":"\u201cEn las visorias hemos visto una cantidad impresionante de talento en el f\u00f9tbol 7\u201d: Carlos Barajas - Esbozo Deportivo","robots":{"index":"index","follow":"follow","max-snippet":"max-snippet:-1","max-image-preview":"max-image-preview:large","max-video-preview":"max-video-preview:-1"},"canonical":"https:\/\/esbozodeportivo.com\/index.php\/2023\/12\/11\/en-las-visorias-hemos-visto-una-cantidad-impresionante-de-talento-en-el-futbol-7-carlos-barajas\/","og_locale":"es_MX","og_type":"article","og_title":"\u201cEn las visorias hemos visto una cantidad impresionante de talento en el f\u00f9tbol 7\u201d: Carlos Barajas - Esbozo Deportivo","og_description":"(Foto: FMF7) Por: Antonio P\u00e9rez Como se mencion\u00f3 anteriormente, al t\u00e9rmino de este Torneo Panamericana,","og_url":"https:\/\/esbozodeportivo.com\/index.php\/2023\/12\/11\/en-las-visorias-hemos-visto-una-cantidad-impresionante-de-talento-en-el-futbol-7-carlos-barajas\/","og_site_name":"Esbozo Deportivo","article_published_time":"2023-12-11T05:05:39+00:00","article_modified_time":"2023-12-11T05:06:55+00:00","og_image":[{"url":"https:\/\/esbozodeportivo.com\/wp-content\/uploads\/2023\/12\/Carlos-1-815x1024.jpg","type":"","width":"","height":""}],"author":"Javier De La Cruz","twitter_card":"summary_large_image","twitter_misc":{"Escrito por":"Javier De La Cruz","Tiempo de lectura":"3 minutos"},"schema":{"@context":"https:\/\/schema.org","@graph":[{"@type":"Article","@id":"https:\/\/esbozodeportivo.com\/index.php\/2023\/12\/11\/en-las-visorias-hemos-visto-una-cantidad-impresionante-de-talento-en-el-futbol-7-carlos-barajas\/#article","isPartOf":{"@id":"https:\/\/esbozodeportivo.com\/index.php\/2023\/12\/11\/en-las-visorias-hemos-visto-una-cantidad-impresionante-de-talento-en-el-futbol-7-carlos-barajas\/"},"author":{"name":"Javier De La Cruz","@id":"https:\/\/esbozodeportivo.com\/#\/schema\/person\/7277119c98823aec37bbb84e125efd44"},"headline":"\u201cEn las visorias hemos visto una cantidad impresionante de talento en el f\u00f9tbol 7\u201d: Carlos Barajas","datePublished":"2023-12-11T05:05:39+00:00","dateModified":"2023-12-11T05:06:55+00:00","mainEntityOfPage":{"@id":"https:\/\/esbozodeportivo.com\/index.php\/2023\/12\/11\/en-las-visorias-hemos-visto-una-cantidad-impresionante-de-talento-en-el-futbol-7-carlos-barajas\/"},"wordCount":618,"commentCount":0,"publisher":{"@id":"https:\/\/esbozodeportivo.com\/#organization"},"image":{"@id":"https:\/\/esbozodeportivo.com\/index.php\/2023\/12\/11\/en-las-visorias-hemos-visto-una-cantidad-impresionante-de-talento-en-el-futbol-7-carlos-barajas\/#primaryimage"},"thumbnailUrl":"https:\/\/esbozodeportivo.com\/wp-content\/uploads\/2023\/12\/Carlos-1-815x1024.jpg","articleSection":["Entrevista Exclusiva"],"inLanguage":"es","potentialAction":[{"@type":"CommentAction","name":"Comment","target":["https:\/\/esbozodeportivo.com\/index.php\/2023\/12\/11\/en-las-visorias-hemos-visto-una-cantidad-impresionante-de-talento-en-el-futbol-7-carlos-barajas\/#respond"]}]},{"@type":"WebPage","@id":"https:\/\/esbozodeportivo.com\/index.php\/2023\/12\/11\/en-las-visorias-hemos-visto-una-cantidad-impresionante-de-talento-en-el-futbol-7-carlos-barajas\/","url":"https:\/\/esbozodeportivo.com\/index.php\/2023\/12\/11\/en-las-visorias-hemos-visto-una-cantidad-impresionante-de-talento-en-el-futbol-7-carlos-barajas\/","name":"\u201cEn las visorias hemos visto una cantidad impresionante de talento en el f\u00f9tbol 7\u201d: Carlos Barajas - Esbozo Deportivo","isPartOf":{"@id":"https:\/\/esbozodeportivo.com\/#website"},"primaryImageOfPage":{"@id":"https:\/\/esbozodeportivo.com\/index.php\/2023\/12\/11\/en-las-visorias-hemos-visto-una-cantidad-impresionante-de-talento-en-el-futbol-7-carlos-barajas\/#primaryimage"},"image":{"@id":"https:\/\/esbozodeportivo.com\/index.php\/2023\/12\/11\/en-las-visorias-hemos-visto-una-cantidad-impresionante-de-talento-en-el-futbol-7-carlos-barajas\/#primaryimage"},"thumbnailUrl":"https:\/\/esbozodeportivo.com\/wp-content\/uploads\/2023\/12\/Carlos-1-815x1024.jpg","datePublished":"2023-12-11T05:05:39+00:00","dateModified":"2023-12-11T05:06:55+00:00","breadcrumb":{"@id":"https:\/\/esbozodeportivo.com\/index.php\/2023\/12\/11\/en-las-visorias-hemos-visto-una-cantidad-impresionante-de-talento-en-el-futbol-7-carlos-barajas\/#breadcrumb"},"inLanguage":"es","potentialAction":[{"@type":"ReadAction","target":["https:\/\/esbozodeportivo.com\/index.php\/2023\/12\/11\/en-las-visorias-hemos-visto-una-cantidad-impresionante-de-talento-en-el-futbol-7-carlos-barajas\/"]}]},{"@type":"ImageObject","inLanguage":"es","@id":"https:\/\/esbozodeportivo.com\/index.php\/2023\/12\/11\/en-las-visorias-hemos-visto-una-cantidad-impresionante-de-talento-en-el-futbol-7-carlos-barajas\/#primaryimage","url":"https:\/\/esbozodeportivo.com\/wp-content\/uploads\/2023\/12\/Carlos-1.jpg","contentUrl":"https:\/\/esbozodeportivo.com\/wp-content\/uploads\/2023\/12\/Carlos-1.jpg","width":1080,"height":1357},{"@type":"BreadcrumbList","@id":"https:\/\/esbozodeportivo.com\/index.php\/2023\/12\/11\/en-las-visorias-hemos-visto-una-cantidad-impresionante-de-talento-en-el-futbol-7-carlos-barajas\/#breadcrumb","itemListElement":[{"@type":"ListItem","position":1,"name":"Inicio","item":"https:\/\/esbozodeportivo.com\/"},{"@type":"ListItem","position":2,"name":"\u201cEn las visorias hemos visto una cantidad impresionante de talento en el f\u00f9tbol 7\u201d: Carlos Barajas"}]},{"@type":"WebSite","@id":"https:\/\/esbozodeportivo.com\/#website","url":"https:\/\/esbozodeportivo.com\/","name":"Esbozo Deportivo","description":"Lo m\u00e1s importante del Deporte","publisher":{"@id":"https:\/\/esbozodeportivo.com\/#organization"},"potentialAction":[{"@type":"SearchAction","target":{"@type":"EntryPoint","urlTemplate":"https:\/\/esbozodeportivo.com\/?s={search_term_string}"},"query-input":{"@type":"PropertyValueSpecification","valueRequired":true,"valueName":"search_term_string"}}],"inLanguage":"es"},{"@type":"Organization","@id":"https:\/\/esbozodeportivo.com\/#organization","name":"Esbozo Deportivo","url":"https:\/\/esbozodeportivo.com\/","logo":{"@type":"ImageObject","inLanguage":"es","@id":"https:\/\/esbozodeportivo.com\/#\/schema\/logo\/image\/","url":"https:\/\/esbozodeportivo.com\/wp-content\/uploads\/2022\/08\/cropped-Logo-Esbozo-Web-2.png","contentUrl":"https:\/\/esbozodeportivo.com\/wp-content\/uploads\/2022\/08\/cropped-Logo-Esbozo-Web-2.png","width":180,"height":50,"caption":"Esbozo Deportivo"},"image":{"@id":"https:\/\/esbozodeportivo.com\/#\/schema\/logo\/image\/"}},{"@type":"Person","@id":"https:\/\/esbozodeportivo.com\/#\/schema\/person\/7277119c98823aec37bbb84e125efd44","name":"Javier De La Cruz","image":{"@type":"ImageObject","inLanguage":"es","@id":"https:\/\/esbozodeportivo.com\/#\/schema\/person\/image\/","url":"https:\/\/secure.gravatar.com\/avatar\/366235a56d20f1a6e8e3d0b295897639357bea880470ddf261d17bb0bc052eb1?s=96&d=mm&r=g","contentUrl":"https:\/\/secure.gravatar.com\/avatar\/366235a56d20f1a6e8e3d0b295897639357bea880470ddf261d17bb0bc052eb1?s=96&d=mm&r=g","caption":"Javier De La Cruz"},"url":"https:\/\/esbozodeportivo.com\/index.php\/author\/javier-de-la-cruz-de-la-cruz\/"}]}},"jetpack_featured_media_url":"","jetpack_sharing_enabled":true,"_links":{"self":[{"href":"https:\/\/esbozodeportivo.com\/index.php\/wp-json\/wp\/v2\/posts\/2125","targetHints":{"allow":["GET"]}}],"collection":[{"href":"https:\/\/esbozodeportivo.com\/index.php\/wp-json\/wp\/v2\/posts"}],"about":[{"href":"https:\/\/esbozodeportivo.com\/index.php\/wp-json\/wp\/v2\/types\/post"}],"author":[{"embeddable":true,"href":"https:\/\/esbozodeportivo.com\/index.php\/wp-json\/wp\/v2\/users\/2"}],"replies":[{"embeddable":true,"href":"https:\/\/esbozodeportivo.com\/index.php\/wp-json\/wp\/v2\/comments?post=2125"}],"version-history":[{"count":3,"href":"https:\/\/esbozodeportivo.com\/index.php\/wp-json\/wp\/v2\/posts\/2125\/revisions"}],"predecessor-version":[{"id":2131,"href":"https:\/\/esbozodeportivo.com\/index.php\/wp-json\/wp\/v2\/posts\/2125\/revisions\/2131"}],"wp:attachment":[{"href":"https:\/\/esbozodeportivo.com\/index.php\/wp-json\/wp\/v2\/media?parent=2125"}],"wp:term":[{"taxonomy":"category","embeddable":true,"href":"https:\/\/esbozodeportivo.com\/index.php\/wp-json\/wp\/v2\/categories?post=2125"},{"taxonomy":"post_tag","embeddable":true,"href":"https:\/\/esbozodeportivo.com\/index.php\/wp-json\/wp\/v2\/tags?post=2125"}],"curies":[{"name":"wp","href":"https:\/\/api.w.org\/{rel}","templated":true}]}}