{"id":2145,"date":"2023-12-11T06:02:03","date_gmt":"2023-12-11T06:02:03","guid":{"rendered":"https:\/\/esbozodeportivo.com\/?p=2145"},"modified":"2023-12-11T06:03:48","modified_gmt":"2023-12-11T06:03:48","slug":"las-aguilas-se-meten-a-la-final-del-apertura","status":"publish","type":"post","link":"https:\/\/esbozodeportivo.com\/index.php\/2023\/12\/11\/las-aguilas-se-meten-a-la-final-del-apertura\/","title":{"rendered":"Las \u00c1guilas se meten a la final del Apertura"},"content":{"rendered":"<style>\/*! elementor - v3.18.0 - 08-12-2023 *\/\n.elementor-widget-image{text-align:center}.elementor-widget-image a{display:inline-block}.elementor-widget-image a img[src$=\".svg\"]{width:48px}.elementor-widget-image img{vertical-align:middle;display:inline-block}<\/style>\n<p>\t\t\t\t\t\t\t\t\t\t\t\t<img loading=\"lazy\" decoding=\"async\" width=\"600\" height=\"400\" src=\"https:\/\/esbozodeportivo.com\/wp-content\/uploads\/2023\/12\/Finalistas.jpg\" alt=\"\" srcset=\"https:\/\/esbozodeportivo.com\/wp-content\/uploads\/2023\/12\/Finalistas.jpg 600w, https:\/\/esbozodeportivo.com\/wp-content\/uploads\/2023\/12\/Finalistas-300x200.jpg 300w\" sizes=\"auto, (max-width: 600px) 100vw, 600px\" \/>\t\t\t\t\t\t\t\t\t\t\t\t\t\t\t<\/p>\n<p>(Foto: Agencias)\u00a0<\/p>\n<p>CIUDAD DE M\u00c9XICO (Agencias).- \u00c1ngel Zald\u00edvar firm\u00f3 un doblete en el segundo tiempo y el Atl\u00e9tico de San Luis derrot\u00f3 el s\u00e1bado 2-0 a un descafeinado Am\u00e9rica que logr\u00f3 clasificarse a la final del torneo Apertura mexicano tras dominar 5-2 en el marcador global.<\/p>\n<p>Zald\u00edvar concret\u00f3 el primer tanto del encuentro a los 48 minutos y aument\u00f3 a los 87 para que san Luis saliera con el pu\u00f1o en alto en la visita al Estadio Azteca.<\/p>\n<p>Am\u00e9rica, que no perd\u00eda desde la primera fecha y vio rota una cadena de 19 partidos sin derrotas, espera al ganador de la semifinal entre Tigres y Pumas que se dirime el domingo por la noche.<\/p>\n<p>Am\u00e9rica quebr\u00f3 una racha de tres eliminaciones consecutivas en semifinales y estar\u00e1 en su primera final desde el torneo Apertura 2019 cuando perdi\u00f3 con Monterrey. Buscar\u00e1 su primer t\u00edtulo desde el Apertura 2018 cuando derrot\u00f3 a Cruz Azul para alzar la 13ra corona en su historia.<\/p>\n<p>El equipo dirigido por el brasile\u00f1o Andr\u00e9 Jardine lleg\u00f3 a la liguilla como el favorito principal al campeonato luego de terminar como l\u00edder con una cosecha de 40 puntos, adem\u00e1s de ser el equipo con m\u00e1s goles anotados y menos recibidos.<\/p>\n<p>San Luis buscaba su primera final desde el torneo Clausura 2006.<\/p>\n<p>Con la ventaja de 5-0 conseguida en la ida, Am\u00e9rica realiz\u00f3 seis cambios en su alineaci\u00f3n titular. San Luis fue mejor y estuvo cerca del primer gol a los 10 minutos con un disparo de Dieter Villalpando que fue rechazado por el portero Luis Malag\u00f3n.<\/p>\n<p>La filial del Atl\u00e9tico de Madrid en M\u00e9xico volvi\u00f3 a tocar a puerta a los 15 con un remate de cabeza de Javier G\u00fcemez que pas\u00f3 ligeramente desviado y de nueva cuenta a los 23 con un cabezazo de Jordan Silva que fue desviado con apuros por Malag\u00f3n.<\/p>\n<p>Am\u00e9rica tuvo su primer disparo peligroso hasta los 37 con un intento del lateral Kevin \u00c1lvarez que fue rechazado por el portero visitante.<\/p>\n<p>El dominio de San Luis se reflej\u00f3 en el marcador en el arranque del segundo tiempo cuando Zald\u00edvar recibi\u00f3 un centro por izquierda y concret\u00f3 con un disparo rasante.<\/p>\n<p>Ya con la desventaja, Jardine mand\u00f3 al campo al colombiano Juli\u00e1n Qui\u00f1ones, al espa\u00f1ol \u00c1lvaro Fidalgo y al estadounidense Alejandro Zendejas y las \u00c1guilas mejoraron y tuvieron m\u00e1s profundidad, pero no lograron finalizar en el \u00faltimo tercio.<\/p>\n<p>En una jugada de tiro de esquina, Zald\u00edvar aprovech\u00f3 un rebote en el \u00e1rea chica y sac\u00f3 un tiro que super\u00f3 a Malag\u00f3n para el 2-0 definitivo.<\/p>\n","protected":false},"excerpt":{"rendered":"<p>(Foto: Agencias)\u00a0 CIUDAD DE M\u00c9XICO (Agencias).- \u00c1ngel Zald\u00edvar firm\u00f3 un doblete en el segundo tiempo<\/p>\n","protected":false},"author":2,"featured_media":0,"comment_status":"open","ping_status":"open","sticky":false,"template":"","format":"standard","meta":{"_jetpack_memberships_contains_paid_content":false,"footnotes":""},"categories":[20],"tags":[],"class_list":["post-2145","post","type-post","status-publish","format-standard","hentry","category-liga"],"yoast_head":"<!-- This site is optimized with the Yoast SEO plugin v25.7 - https:\/\/yoast.com\/wordpress\/plugins\/seo\/ -->\n<title>Las \u00c1guilas se meten a la final del Apertura - Esbozo Deportivo<\/title>\n<meta name=\"robots\" content=\"index, follow, max-snippet:-1, max-image-preview:large, max-video-preview:-1\" \/>\n<link rel=\"canonical\" href=\"https:\/\/esbozodeportivo.com\/index.php\/2023\/12\/11\/las-aguilas-se-meten-a-la-final-del-apertura\/\" \/>\n<meta property=\"og:locale\" content=\"es_MX\" \/>\n<meta property=\"og:type\" content=\"article\" \/>\n<meta property=\"og:title\" content=\"Las \u00c1guilas se meten a la final del Apertura - Esbozo Deportivo\" \/>\n<meta property=\"og:description\" content=\"(Foto: Agencias)\u00a0 CIUDAD DE M\u00c9XICO (Agencias).- \u00c1ngel Zald\u00edvar firm\u00f3 un doblete en el segundo tiempo\" \/>\n<meta property=\"og:url\" content=\"https:\/\/esbozodeportivo.com\/index.php\/2023\/12\/11\/las-aguilas-se-meten-a-la-final-del-apertura\/\" \/>\n<meta property=\"og:site_name\" content=\"Esbozo Deportivo\" \/>\n<meta property=\"article:published_time\" content=\"2023-12-11T06:02:03+00:00\" \/>\n<meta property=\"article:modified_time\" content=\"2023-12-11T06:03:48+00:00\" \/>\n<meta property=\"og:image\" content=\"https:\/\/esbozodeportivo.com\/wp-content\/uploads\/2023\/12\/Finalistas.jpg\" \/>\n<meta name=\"author\" content=\"Javier De La Cruz\" \/>\n<meta name=\"twitter:card\" content=\"summary_large_image\" \/>\n<meta name=\"twitter:label1\" content=\"Escrito por\" \/>\n\t<meta name=\"twitter:data1\" content=\"Javier De La Cruz\" \/>\n\t<meta name=\"twitter:label2\" content=\"Tiempo de lectura\" \/>\n\t<meta name=\"twitter:data2\" content=\"2 minutos\" \/>\n<script type=\"application\/ld+json\" class=\"yoast-schema-graph\">{\"@context\":\"https:\/\/schema.org\",\"@graph\":[{\"@type\":\"Article\",\"@id\":\"https:\/\/esbozodeportivo.com\/index.php\/2023\/12\/11\/las-aguilas-se-meten-a-la-final-del-apertura\/#article\",\"isPartOf\":{\"@id\":\"https:\/\/esbozodeportivo.com\/index.php\/2023\/12\/11\/las-aguilas-se-meten-a-la-final-del-apertura\/\"},\"author\":{\"name\":\"Javier De La Cruz\",\"@id\":\"https:\/\/esbozodeportivo.com\/#\/schema\/person\/7277119c98823aec37bbb84e125efd44\"},\"headline\":\"Las \u00c1guilas se meten a la final del Apertura\",\"datePublished\":\"2023-12-11T06:02:03+00:00\",\"dateModified\":\"2023-12-11T06:03:48+00:00\",\"mainEntityOfPage\":{\"@id\":\"https:\/\/esbozodeportivo.com\/index.php\/2023\/12\/11\/las-aguilas-se-meten-a-la-final-del-apertura\/\"},\"wordCount\":450,\"commentCount\":0,\"publisher\":{\"@id\":\"https:\/\/esbozodeportivo.com\/#organization\"},\"image\":{\"@id\":\"https:\/\/esbozodeportivo.com\/index.php\/2023\/12\/11\/las-aguilas-se-meten-a-la-final-del-apertura\/#primaryimage\"},\"thumbnailUrl\":\"https:\/\/esbozodeportivo.com\/wp-content\/uploads\/2023\/12\/Finalistas.jpg\",\"articleSection\":[\"Liga MX\"],\"inLanguage\":\"es\",\"potentialAction\":[{\"@type\":\"CommentAction\",\"name\":\"Comment\",\"target\":[\"https:\/\/esbozodeportivo.com\/index.php\/2023\/12\/11\/las-aguilas-se-meten-a-la-final-del-apertura\/#respond\"]}]},{\"@type\":\"WebPage\",\"@id\":\"https:\/\/esbozodeportivo.com\/index.php\/2023\/12\/11\/las-aguilas-se-meten-a-la-final-del-apertura\/\",\"url\":\"https:\/\/esbozodeportivo.com\/index.php\/2023\/12\/11\/las-aguilas-se-meten-a-la-final-del-apertura\/\",\"name\":\"Las \u00c1guilas se meten a la final del Apertura - Esbozo Deportivo\",\"isPartOf\":{\"@id\":\"https:\/\/esbozodeportivo.com\/#website\"},\"primaryImageOfPage\":{\"@id\":\"https:\/\/esbozodeportivo.com\/index.php\/2023\/12\/11\/las-aguilas-se-meten-a-la-final-del-apertura\/#primaryimage\"},\"image\":{\"@id\":\"https:\/\/esbozodeportivo.com\/index.php\/2023\/12\/11\/las-aguilas-se-meten-a-la-final-del-apertura\/#primaryimage\"},\"thumbnailUrl\":\"https:\/\/esbozodeportivo.com\/wp-content\/uploads\/2023\/12\/Finalistas.jpg\",\"datePublished\":\"2023-12-11T06:02:03+00:00\",\"dateModified\":\"2023-12-11T06:03:48+00:00\",\"breadcrumb\":{\"@id\":\"https:\/\/esbozodeportivo.com\/index.php\/2023\/12\/11\/las-aguilas-se-meten-a-la-final-del-apertura\/#breadcrumb\"},\"inLanguage\":\"es\",\"potentialAction\":[{\"@type\":\"ReadAction\",\"target\":[\"https:\/\/esbozodeportivo.com\/index.php\/2023\/12\/11\/las-aguilas-se-meten-a-la-final-del-apertura\/\"]}]},{\"@type\":\"ImageObject\",\"inLanguage\":\"es\",\"@id\":\"https:\/\/esbozodeportivo.com\/index.php\/2023\/12\/11\/las-aguilas-se-meten-a-la-final-del-apertura\/#primaryimage\",\"url\":\"https:\/\/esbozodeportivo.com\/wp-content\/uploads\/2023\/12\/Finalistas.jpg\",\"contentUrl\":\"https:\/\/esbozodeportivo.com\/wp-content\/uploads\/2023\/12\/Finalistas.jpg\",\"width\":600,\"height\":400},{\"@type\":\"BreadcrumbList\",\"@id\":\"https:\/\/esbozodeportivo.com\/index.php\/2023\/12\/11\/las-aguilas-se-meten-a-la-final-del-apertura\/#breadcrumb\",\"itemListElement\":[{\"@type\":\"ListItem\",\"position\":1,\"name\":\"Inicio\",\"item\":\"https:\/\/esbozodeportivo.com\/\"},{\"@type\":\"ListItem\",\"position\":2,\"name\":\"Las \u00c1guilas se meten a la final del Apertura\"}]},{\"@type\":\"WebSite\",\"@id\":\"https:\/\/esbozodeportivo.com\/#website\",\"url\":\"https:\/\/esbozodeportivo.com\/\",\"name\":\"Esbozo Deportivo\",\"description\":\"Lo m\u00e1s importante del Deporte\",\"publisher\":{\"@id\":\"https:\/\/esbozodeportivo.com\/#organization\"},\"potentialAction\":[{\"@type\":\"SearchAction\",\"target\":{\"@type\":\"EntryPoint\",\"urlTemplate\":\"https:\/\/esbozodeportivo.com\/?s={search_term_string}\"},\"query-input\":{\"@type\":\"PropertyValueSpecification\",\"valueRequired\":true,\"valueName\":\"search_term_string\"}}],\"inLanguage\":\"es\"},{\"@type\":\"Organization\",\"@id\":\"https:\/\/esbozodeportivo.com\/#organization\",\"name\":\"Esbozo Deportivo\",\"url\":\"https:\/\/esbozodeportivo.com\/\",\"logo\":{\"@type\":\"ImageObject\",\"inLanguage\":\"es\",\"@id\":\"https:\/\/esbozodeportivo.com\/#\/schema\/logo\/image\/\",\"url\":\"https:\/\/esbozodeportivo.com\/wp-content\/uploads\/2022\/08\/cropped-Logo-Esbozo-Web-2.png\",\"contentUrl\":\"https:\/\/esbozodeportivo.com\/wp-content\/uploads\/2022\/08\/cropped-Logo-Esbozo-Web-2.png\",\"width\":180,\"height\":50,\"caption\":\"Esbozo Deportivo\"},\"image\":{\"@id\":\"https:\/\/esbozodeportivo.com\/#\/schema\/logo\/image\/\"}},{\"@type\":\"Person\",\"@id\":\"https:\/\/esbozodeportivo.com\/#\/schema\/person\/7277119c98823aec37bbb84e125efd44\",\"name\":\"Javier De La Cruz\",\"image\":{\"@type\":\"ImageObject\",\"inLanguage\":\"es\",\"@id\":\"https:\/\/esbozodeportivo.com\/#\/schema\/person\/image\/\",\"url\":\"https:\/\/secure.gravatar.com\/avatar\/366235a56d20f1a6e8e3d0b295897639357bea880470ddf261d17bb0bc052eb1?s=96&d=mm&r=g\",\"contentUrl\":\"https:\/\/secure.gravatar.com\/avatar\/366235a56d20f1a6e8e3d0b295897639357bea880470ddf261d17bb0bc052eb1?s=96&d=mm&r=g\",\"caption\":\"Javier De La Cruz\"},\"url\":\"https:\/\/esbozodeportivo.com\/index.php\/author\/javier-de-la-cruz-de-la-cruz\/\"}]}<\/script>\n<!-- \/ Yoast SEO plugin. -->","yoast_head_json":{"title":"Las \u00c1guilas se meten a la final del Apertura - Esbozo Deportivo","robots":{"index":"index","follow":"follow","max-snippet":"max-snippet:-1","max-image-preview":"max-image-preview:large","max-video-preview":"max-video-preview:-1"},"canonical":"https:\/\/esbozodeportivo.com\/index.php\/2023\/12\/11\/las-aguilas-se-meten-a-la-final-del-apertura\/","og_locale":"es_MX","og_type":"article","og_title":"Las \u00c1guilas se meten a la final del Apertura - Esbozo Deportivo","og_description":"(Foto: Agencias)\u00a0 CIUDAD DE M\u00c9XICO (Agencias).- \u00c1ngel Zald\u00edvar firm\u00f3 un doblete en el segundo tiempo","og_url":"https:\/\/esbozodeportivo.com\/index.php\/2023\/12\/11\/las-aguilas-se-meten-a-la-final-del-apertura\/","og_site_name":"Esbozo Deportivo","article_published_time":"2023-12-11T06:02:03+00:00","article_modified_time":"2023-12-11T06:03:48+00:00","og_image":[{"url":"https:\/\/esbozodeportivo.com\/wp-content\/uploads\/2023\/12\/Finalistas.jpg","type":"","width":"","height":""}],"author":"Javier De La Cruz","twitter_card":"summary_large_image","twitter_misc":{"Escrito por":"Javier De La Cruz","Tiempo de lectura":"2 minutos"},"schema":{"@context":"https:\/\/schema.org","@graph":[{"@type":"Article","@id":"https:\/\/esbozodeportivo.com\/index.php\/2023\/12\/11\/las-aguilas-se-meten-a-la-final-del-apertura\/#article","isPartOf":{"@id":"https:\/\/esbozodeportivo.com\/index.php\/2023\/12\/11\/las-aguilas-se-meten-a-la-final-del-apertura\/"},"author":{"name":"Javier De La Cruz","@id":"https:\/\/esbozodeportivo.com\/#\/schema\/person\/7277119c98823aec37bbb84e125efd44"},"headline":"Las \u00c1guilas se meten a la final del Apertura","datePublished":"2023-12-11T06:02:03+00:00","dateModified":"2023-12-11T06:03:48+00:00","mainEntityOfPage":{"@id":"https:\/\/esbozodeportivo.com\/index.php\/2023\/12\/11\/las-aguilas-se-meten-a-la-final-del-apertura\/"},"wordCount":450,"commentCount":0,"publisher":{"@id":"https:\/\/esbozodeportivo.com\/#organization"},"image":{"@id":"https:\/\/esbozodeportivo.com\/index.php\/2023\/12\/11\/las-aguilas-se-meten-a-la-final-del-apertura\/#primaryimage"},"thumbnailUrl":"https:\/\/esbozodeportivo.com\/wp-content\/uploads\/2023\/12\/Finalistas.jpg","articleSection":["Liga MX"],"inLanguage":"es","potentialAction":[{"@type":"CommentAction","name":"Comment","target":["https:\/\/esbozodeportivo.com\/index.php\/2023\/12\/11\/las-aguilas-se-meten-a-la-final-del-apertura\/#respond"]}]},{"@type":"WebPage","@id":"https:\/\/esbozodeportivo.com\/index.php\/2023\/12\/11\/las-aguilas-se-meten-a-la-final-del-apertura\/","url":"https:\/\/esbozodeportivo.com\/index.php\/2023\/12\/11\/las-aguilas-se-meten-a-la-final-del-apertura\/","name":"Las \u00c1guilas se meten a la final del Apertura - Esbozo Deportivo","isPartOf":{"@id":"https:\/\/esbozodeportivo.com\/#website"},"primaryImageOfPage":{"@id":"https:\/\/esbozodeportivo.com\/index.php\/2023\/12\/11\/las-aguilas-se-meten-a-la-final-del-apertura\/#primaryimage"},"image":{"@id":"https:\/\/esbozodeportivo.com\/index.php\/2023\/12\/11\/las-aguilas-se-meten-a-la-final-del-apertura\/#primaryimage"},"thumbnailUrl":"https:\/\/esbozodeportivo.com\/wp-content\/uploads\/2023\/12\/Finalistas.jpg","datePublished":"2023-12-11T06:02:03+00:00","dateModified":"2023-12-11T06:03:48+00:00","breadcrumb":{"@id":"https:\/\/esbozodeportivo.com\/index.php\/2023\/12\/11\/las-aguilas-se-meten-a-la-final-del-apertura\/#breadcrumb"},"inLanguage":"es","potentialAction":[{"@type":"ReadAction","target":["https:\/\/esbozodeportivo.com\/index.php\/2023\/12\/11\/las-aguilas-se-meten-a-la-final-del-apertura\/"]}]},{"@type":"ImageObject","inLanguage":"es","@id":"https:\/\/esbozodeportivo.com\/index.php\/2023\/12\/11\/las-aguilas-se-meten-a-la-final-del-apertura\/#primaryimage","url":"https:\/\/esbozodeportivo.com\/wp-content\/uploads\/2023\/12\/Finalistas.jpg","contentUrl":"https:\/\/esbozodeportivo.com\/wp-content\/uploads\/2023\/12\/Finalistas.jpg","width":600,"height":400},{"@type":"BreadcrumbList","@id":"https:\/\/esbozodeportivo.com\/index.php\/2023\/12\/11\/las-aguilas-se-meten-a-la-final-del-apertura\/#breadcrumb","itemListElement":[{"@type":"ListItem","position":1,"name":"Inicio","item":"https:\/\/esbozodeportivo.com\/"},{"@type":"ListItem","position":2,"name":"Las \u00c1guilas se meten a la final del Apertura"}]},{"@type":"WebSite","@id":"https:\/\/esbozodeportivo.com\/#website","url":"https:\/\/esbozodeportivo.com\/","name":"Esbozo Deportivo","description":"Lo m\u00e1s importante del Deporte","publisher":{"@id":"https:\/\/esbozodeportivo.com\/#organization"},"potentialAction":[{"@type":"SearchAction","target":{"@type":"EntryPoint","urlTemplate":"https:\/\/esbozodeportivo.com\/?s={search_term_string}"},"query-input":{"@type":"PropertyValueSpecification","valueRequired":true,"valueName":"search_term_string"}}],"inLanguage":"es"},{"@type":"Organization","@id":"https:\/\/esbozodeportivo.com\/#organization","name":"Esbozo Deportivo","url":"https:\/\/esbozodeportivo.com\/","logo":{"@type":"ImageObject","inLanguage":"es","@id":"https:\/\/esbozodeportivo.com\/#\/schema\/logo\/image\/","url":"https:\/\/esbozodeportivo.com\/wp-content\/uploads\/2022\/08\/cropped-Logo-Esbozo-Web-2.png","contentUrl":"https:\/\/esbozodeportivo.com\/wp-content\/uploads\/2022\/08\/cropped-Logo-Esbozo-Web-2.png","width":180,"height":50,"caption":"Esbozo Deportivo"},"image":{"@id":"https:\/\/esbozodeportivo.com\/#\/schema\/logo\/image\/"}},{"@type":"Person","@id":"https:\/\/esbozodeportivo.com\/#\/schema\/person\/7277119c98823aec37bbb84e125efd44","name":"Javier De La Cruz","image":{"@type":"ImageObject","inLanguage":"es","@id":"https:\/\/esbozodeportivo.com\/#\/schema\/person\/image\/","url":"https:\/\/secure.gravatar.com\/avatar\/366235a56d20f1a6e8e3d0b295897639357bea880470ddf261d17bb0bc052eb1?s=96&d=mm&r=g","contentUrl":"https:\/\/secure.gravatar.com\/avatar\/366235a56d20f1a6e8e3d0b295897639357bea880470ddf261d17bb0bc052eb1?s=96&d=mm&r=g","caption":"Javier De La Cruz"},"url":"https:\/\/esbozodeportivo.com\/index.php\/author\/javier-de-la-cruz-de-la-cruz\/"}]}},"jetpack_featured_media_url":"","jetpack_sharing_enabled":true,"_links":{"self":[{"href":"https:\/\/esbozodeportivo.com\/index.php\/wp-json\/wp\/v2\/posts\/2145","targetHints":{"allow":["GET"]}}],"collection":[{"href":"https:\/\/esbozodeportivo.com\/index.php\/wp-json\/wp\/v2\/posts"}],"about":[{"href":"https:\/\/esbozodeportivo.com\/index.php\/wp-json\/wp\/v2\/types\/post"}],"author":[{"embeddable":true,"href":"https:\/\/esbozodeportivo.com\/index.php\/wp-json\/wp\/v2\/users\/2"}],"replies":[{"embeddable":true,"href":"https:\/\/esbozodeportivo.com\/index.php\/wp-json\/wp\/v2\/comments?post=2145"}],"version-history":[{"count":4,"href":"https:\/\/esbozodeportivo.com\/index.php\/wp-json\/wp\/v2\/posts\/2145\/revisions"}],"predecessor-version":[{"id":2150,"href":"https:\/\/esbozodeportivo.com\/index.php\/wp-json\/wp\/v2\/posts\/2145\/revisions\/2150"}],"wp:attachment":[{"href":"https:\/\/esbozodeportivo.com\/index.php\/wp-json\/wp\/v2\/media?parent=2145"}],"wp:term":[{"taxonomy":"category","embeddable":true,"href":"https:\/\/esbozodeportivo.com\/index.php\/wp-json\/wp\/v2\/categories?post=2145"},{"taxonomy":"post_tag","embeddable":true,"href":"https:\/\/esbozodeportivo.com\/index.php\/wp-json\/wp\/v2\/tags?post=2145"}],"curies":[{"name":"wp","href":"https:\/\/api.w.org\/{rel}","templated":true}]}}