{"id":2322,"date":"2024-01-11T06:04:50","date_gmt":"2024-01-11T06:04:50","guid":{"rendered":"https:\/\/esbozodeportivo.com\/?p=2322"},"modified":"2024-01-11T06:07:50","modified_gmt":"2024-01-11T06:07:50","slug":"margarita-hernandez-se-presenta-en-el-nacional-de-campo-traviesa","status":"publish","type":"post","link":"https:\/\/esbozodeportivo.com\/index.php\/2024\/01\/11\/margarita-hernandez-se-presenta-en-el-nacional-de-campo-traviesa\/","title":{"rendered":"Margarita Hern\u00e1ndez se presenta en el Nacional de Campo Traviesa"},"content":{"rendered":"<style>\/*! elementor - v3.18.0 - 20-12-2023 *\/\n.elementor-widget-image{text-align:center}.elementor-widget-image a{display:inline-block}.elementor-widget-image a img[src$=\".svg\"]{width:48px}.elementor-widget-image img{vertical-align:middle;display:inline-block}<\/style>\n<p>\t\t\t\t\t\t\t\t\t\t\t\t<img loading=\"lazy\" decoding=\"async\" width=\"640\" height=\"552\" src=\"https:\/\/esbozodeportivo.com\/wp-content\/uploads\/2024\/01\/Atleta1.jpg\" alt=\"\" srcset=\"https:\/\/esbozodeportivo.com\/wp-content\/uploads\/2024\/01\/Atleta1.jpg 828w, https:\/\/esbozodeportivo.com\/wp-content\/uploads\/2024\/01\/Atleta1-300x259.jpg 300w, https:\/\/esbozodeportivo.com\/wp-content\/uploads\/2024\/01\/Atleta1-768x662.jpg 768w\" sizes=\"auto, (max-width: 640px) 100vw, 640px\" \/>\t\t\t\t\t\t\t\t\t\t\t\t\t\t\t<\/p>\n<p>(Foto: Fedmxatle)<\/p>\n<p>El municipio de Quer\u00e9ndaro, Michoac\u00e1n, ser\u00e1 la sede del Campeonato Nacional de Campo Traviesa, selectivo para integrar la delegaci\u00f3n nacional que competir\u00e1 en el Campeonato Mundial de Belgrado, a disputarse el 30 de marzo en Belgrado como parte del calendario 2024 avalado por la World Athletics.<\/p>\n<p>M\u00e1s de 250 corredores de ambas ramas, encabezados por la maratonista Margarita Hern\u00e1ndez Flores, procedentes de 25 estados del pa\u00eds, integran la lista de participantes en el Campeonato Nacional de Campo Traviesa, programado para disputarse el pr\u00f3ximo s\u00e1bado 13 de enero en Quer\u00e9ndaro.<\/p>\n<p>\t\t\t\t\t\t\t\t\t\t\t\t\t\t\t<img loading=\"lazy\" decoding=\"async\" width=\"640\" height=\"323\" src=\"https:\/\/esbozodeportivo.com\/wp-content\/uploads\/2024\/01\/Atleta-.jpg\" alt=\"\" srcset=\"https:\/\/esbozodeportivo.com\/wp-content\/uploads\/2024\/01\/Atleta-.jpg 828w, https:\/\/esbozodeportivo.com\/wp-content\/uploads\/2024\/01\/Atleta--300x151.jpg 300w, https:\/\/esbozodeportivo.com\/wp-content\/uploads\/2024\/01\/Atleta--768x388.jpg 768w, https:\/\/esbozodeportivo.com\/wp-content\/uploads\/2024\/01\/Atleta--825x418.jpg 825w\" sizes=\"auto, (max-width: 640px) 100vw, 640px\" \/>\t\t\t\t\t\t\t\t\t\t\t\t\t\t\t<\/p>\n<p>(Foto: Fedmxatle)<\/p>\n<p>En la lista se encuentra tambi\u00e9n Adela Honorato, ganadora del Medio Marat\u00f3n de la Ciudad de M\u00e9xico 2023, la joven capitalina de 18 a\u00f1os de edad quien buscar\u00e1 integrarse al equipo femenil que representar\u00e1 al pa\u00eds en el Campeonato Mundial de Belgrado.; tambi\u00e9n aparece Brenda Flores, medallista centroamericana y panamericana, con un amplio historial internacional.<\/p>\n<p>La guanajuatense Arian Chia, medallista de plata en la prueba de los 3 mil metros steeplechase de los Juegos Centroamericanos y del Caribe de El Salvador, forma parte de las corredoras de elite femenil registradas para tomar la salida en este Nacional de Campo Traviesa Quer\u00e9ndaro 2024, as\u00ed como la guanajuatense Sabrina Salcedo, mundialista juvenil.<\/p>\n<p>De acuerdo a la lista de participantes, la Federaci\u00f3n Mexicana de Asociaciones de Atletismo dio a conocer que se registraron corredores de Aguascalientes, Baja California Sur, Sinaloa, Michoac\u00e1n, Ciudad de M\u00e9xico, Durango, Nayarit, Hidalgo, Sonora, Tlaxcala, Baja California, UNAM, IPN, Oaxaca, Puebla, Quer\u00e9taro, Veracruz, Estado de M\u00e9xico, Chihuahua, San Luis Potos\u00ed, Jalisco, Morelos y Zacatecas.<\/p>\n","protected":false},"excerpt":{"rendered":"<p>(Foto: Fedmxatle) El municipio de Quer\u00e9ndaro, Michoac\u00e1n, ser\u00e1 la sede del Campeonato Nacional de Campo<\/p>\n","protected":false},"author":2,"featured_media":0,"comment_status":"open","ping_status":"open","sticky":false,"template":"","format":"standard","meta":{"_jetpack_memberships_contains_paid_content":false,"footnotes":""},"categories":[5],"tags":[],"class_list":["post-2322","post","type-post","status-publish","format-standard","hentry","category-amateur"],"yoast_head":"<!-- This site is optimized with the Yoast SEO plugin v25.7 - https:\/\/yoast.com\/wordpress\/plugins\/seo\/ -->\n<title>Margarita Hern\u00e1ndez se presenta en el Nacional de Campo Traviesa - Esbozo Deportivo<\/title>\n<meta name=\"robots\" content=\"index, follow, max-snippet:-1, max-image-preview:large, max-video-preview:-1\" \/>\n<link rel=\"canonical\" href=\"https:\/\/esbozodeportivo.com\/index.php\/2024\/01\/11\/margarita-hernandez-se-presenta-en-el-nacional-de-campo-traviesa\/\" \/>\n<meta property=\"og:locale\" content=\"es_MX\" \/>\n<meta property=\"og:type\" content=\"article\" \/>\n<meta property=\"og:title\" content=\"Margarita Hern\u00e1ndez se presenta en el Nacional de Campo Traviesa - Esbozo Deportivo\" \/>\n<meta property=\"og:description\" content=\"(Foto: Fedmxatle) El municipio de Quer\u00e9ndaro, Michoac\u00e1n, ser\u00e1 la sede del Campeonato Nacional de Campo\" \/>\n<meta property=\"og:url\" content=\"https:\/\/esbozodeportivo.com\/index.php\/2024\/01\/11\/margarita-hernandez-se-presenta-en-el-nacional-de-campo-traviesa\/\" \/>\n<meta property=\"og:site_name\" content=\"Esbozo Deportivo\" \/>\n<meta property=\"article:published_time\" content=\"2024-01-11T06:04:50+00:00\" \/>\n<meta property=\"article:modified_time\" content=\"2024-01-11T06:07:50+00:00\" \/>\n<meta property=\"og:image\" content=\"https:\/\/esbozodeportivo.com\/wp-content\/uploads\/2024\/01\/Atleta1.jpg\" \/>\n<meta name=\"author\" content=\"Javier De La Cruz\" \/>\n<meta name=\"twitter:card\" content=\"summary_large_image\" \/>\n<meta name=\"twitter:label1\" content=\"Escrito por\" \/>\n\t<meta name=\"twitter:data1\" content=\"Javier De La Cruz\" \/>\n\t<meta name=\"twitter:label2\" content=\"Tiempo de lectura\" \/>\n\t<meta name=\"twitter:data2\" content=\"1 minuto\" \/>\n<script type=\"application\/ld+json\" class=\"yoast-schema-graph\">{\"@context\":\"https:\/\/schema.org\",\"@graph\":[{\"@type\":\"Article\",\"@id\":\"https:\/\/esbozodeportivo.com\/index.php\/2024\/01\/11\/margarita-hernandez-se-presenta-en-el-nacional-de-campo-traviesa\/#article\",\"isPartOf\":{\"@id\":\"https:\/\/esbozodeportivo.com\/index.php\/2024\/01\/11\/margarita-hernandez-se-presenta-en-el-nacional-de-campo-traviesa\/\"},\"author\":{\"name\":\"Javier De La Cruz\",\"@id\":\"https:\/\/esbozodeportivo.com\/#\/schema\/person\/7277119c98823aec37bbb84e125efd44\"},\"headline\":\"Margarita Hern\u00e1ndez se presenta en el Nacional de Campo Traviesa\",\"datePublished\":\"2024-01-11T06:04:50+00:00\",\"dateModified\":\"2024-01-11T06:07:50+00:00\",\"mainEntityOfPage\":{\"@id\":\"https:\/\/esbozodeportivo.com\/index.php\/2024\/01\/11\/margarita-hernandez-se-presenta-en-el-nacional-de-campo-traviesa\/\"},\"wordCount\":281,\"commentCount\":0,\"publisher\":{\"@id\":\"https:\/\/esbozodeportivo.com\/#organization\"},\"image\":{\"@id\":\"https:\/\/esbozodeportivo.com\/index.php\/2024\/01\/11\/margarita-hernandez-se-presenta-en-el-nacional-de-campo-traviesa\/#primaryimage\"},\"thumbnailUrl\":\"https:\/\/esbozodeportivo.com\/wp-content\/uploads\/2024\/01\/Atleta1.jpg\",\"articleSection\":[\"Amateur\"],\"inLanguage\":\"es\",\"potentialAction\":[{\"@type\":\"CommentAction\",\"name\":\"Comment\",\"target\":[\"https:\/\/esbozodeportivo.com\/index.php\/2024\/01\/11\/margarita-hernandez-se-presenta-en-el-nacional-de-campo-traviesa\/#respond\"]}]},{\"@type\":\"WebPage\",\"@id\":\"https:\/\/esbozodeportivo.com\/index.php\/2024\/01\/11\/margarita-hernandez-se-presenta-en-el-nacional-de-campo-traviesa\/\",\"url\":\"https:\/\/esbozodeportivo.com\/index.php\/2024\/01\/11\/margarita-hernandez-se-presenta-en-el-nacional-de-campo-traviesa\/\",\"name\":\"Margarita Hern\u00e1ndez se presenta en el Nacional de Campo Traviesa - Esbozo Deportivo\",\"isPartOf\":{\"@id\":\"https:\/\/esbozodeportivo.com\/#website\"},\"primaryImageOfPage\":{\"@id\":\"https:\/\/esbozodeportivo.com\/index.php\/2024\/01\/11\/margarita-hernandez-se-presenta-en-el-nacional-de-campo-traviesa\/#primaryimage\"},\"image\":{\"@id\":\"https:\/\/esbozodeportivo.com\/index.php\/2024\/01\/11\/margarita-hernandez-se-presenta-en-el-nacional-de-campo-traviesa\/#primaryimage\"},\"thumbnailUrl\":\"https:\/\/esbozodeportivo.com\/wp-content\/uploads\/2024\/01\/Atleta1.jpg\",\"datePublished\":\"2024-01-11T06:04:50+00:00\",\"dateModified\":\"2024-01-11T06:07:50+00:00\",\"breadcrumb\":{\"@id\":\"https:\/\/esbozodeportivo.com\/index.php\/2024\/01\/11\/margarita-hernandez-se-presenta-en-el-nacional-de-campo-traviesa\/#breadcrumb\"},\"inLanguage\":\"es\",\"potentialAction\":[{\"@type\":\"ReadAction\",\"target\":[\"https:\/\/esbozodeportivo.com\/index.php\/2024\/01\/11\/margarita-hernandez-se-presenta-en-el-nacional-de-campo-traviesa\/\"]}]},{\"@type\":\"ImageObject\",\"inLanguage\":\"es\",\"@id\":\"https:\/\/esbozodeportivo.com\/index.php\/2024\/01\/11\/margarita-hernandez-se-presenta-en-el-nacional-de-campo-traviesa\/#primaryimage\",\"url\":\"https:\/\/esbozodeportivo.com\/wp-content\/uploads\/2024\/01\/Atleta1.jpg\",\"contentUrl\":\"https:\/\/esbozodeportivo.com\/wp-content\/uploads\/2024\/01\/Atleta1.jpg\",\"width\":828,\"height\":714},{\"@type\":\"BreadcrumbList\",\"@id\":\"https:\/\/esbozodeportivo.com\/index.php\/2024\/01\/11\/margarita-hernandez-se-presenta-en-el-nacional-de-campo-traviesa\/#breadcrumb\",\"itemListElement\":[{\"@type\":\"ListItem\",\"position\":1,\"name\":\"Inicio\",\"item\":\"https:\/\/esbozodeportivo.com\/\"},{\"@type\":\"ListItem\",\"position\":2,\"name\":\"Margarita Hern\u00e1ndez se presenta en el Nacional de Campo Traviesa\"}]},{\"@type\":\"WebSite\",\"@id\":\"https:\/\/esbozodeportivo.com\/#website\",\"url\":\"https:\/\/esbozodeportivo.com\/\",\"name\":\"Esbozo Deportivo\",\"description\":\"Lo m\u00e1s importante del Deporte\",\"publisher\":{\"@id\":\"https:\/\/esbozodeportivo.com\/#organization\"},\"potentialAction\":[{\"@type\":\"SearchAction\",\"target\":{\"@type\":\"EntryPoint\",\"urlTemplate\":\"https:\/\/esbozodeportivo.com\/?s={search_term_string}\"},\"query-input\":{\"@type\":\"PropertyValueSpecification\",\"valueRequired\":true,\"valueName\":\"search_term_string\"}}],\"inLanguage\":\"es\"},{\"@type\":\"Organization\",\"@id\":\"https:\/\/esbozodeportivo.com\/#organization\",\"name\":\"Esbozo Deportivo\",\"url\":\"https:\/\/esbozodeportivo.com\/\",\"logo\":{\"@type\":\"ImageObject\",\"inLanguage\":\"es\",\"@id\":\"https:\/\/esbozodeportivo.com\/#\/schema\/logo\/image\/\",\"url\":\"https:\/\/esbozodeportivo.com\/wp-content\/uploads\/2022\/08\/cropped-Logo-Esbozo-Web-2.png\",\"contentUrl\":\"https:\/\/esbozodeportivo.com\/wp-content\/uploads\/2022\/08\/cropped-Logo-Esbozo-Web-2.png\",\"width\":180,\"height\":50,\"caption\":\"Esbozo Deportivo\"},\"image\":{\"@id\":\"https:\/\/esbozodeportivo.com\/#\/schema\/logo\/image\/\"}},{\"@type\":\"Person\",\"@id\":\"https:\/\/esbozodeportivo.com\/#\/schema\/person\/7277119c98823aec37bbb84e125efd44\",\"name\":\"Javier De La Cruz\",\"image\":{\"@type\":\"ImageObject\",\"inLanguage\":\"es\",\"@id\":\"https:\/\/esbozodeportivo.com\/#\/schema\/person\/image\/\",\"url\":\"https:\/\/secure.gravatar.com\/avatar\/366235a56d20f1a6e8e3d0b295897639357bea880470ddf261d17bb0bc052eb1?s=96&d=mm&r=g\",\"contentUrl\":\"https:\/\/secure.gravatar.com\/avatar\/366235a56d20f1a6e8e3d0b295897639357bea880470ddf261d17bb0bc052eb1?s=96&d=mm&r=g\",\"caption\":\"Javier De La Cruz\"},\"url\":\"https:\/\/esbozodeportivo.com\/index.php\/author\/javier-de-la-cruz-de-la-cruz\/\"}]}<\/script>\n<!-- \/ Yoast SEO plugin. -->","yoast_head_json":{"title":"Margarita Hern\u00e1ndez se presenta en el Nacional de Campo Traviesa - Esbozo Deportivo","robots":{"index":"index","follow":"follow","max-snippet":"max-snippet:-1","max-image-preview":"max-image-preview:large","max-video-preview":"max-video-preview:-1"},"canonical":"https:\/\/esbozodeportivo.com\/index.php\/2024\/01\/11\/margarita-hernandez-se-presenta-en-el-nacional-de-campo-traviesa\/","og_locale":"es_MX","og_type":"article","og_title":"Margarita Hern\u00e1ndez se presenta en el Nacional de Campo Traviesa - Esbozo Deportivo","og_description":"(Foto: Fedmxatle) El municipio de Quer\u00e9ndaro, Michoac\u00e1n, ser\u00e1 la sede del Campeonato Nacional de Campo","og_url":"https:\/\/esbozodeportivo.com\/index.php\/2024\/01\/11\/margarita-hernandez-se-presenta-en-el-nacional-de-campo-traviesa\/","og_site_name":"Esbozo Deportivo","article_published_time":"2024-01-11T06:04:50+00:00","article_modified_time":"2024-01-11T06:07:50+00:00","og_image":[{"url":"https:\/\/esbozodeportivo.com\/wp-content\/uploads\/2024\/01\/Atleta1.jpg","type":"","width":"","height":""}],"author":"Javier De La Cruz","twitter_card":"summary_large_image","twitter_misc":{"Escrito por":"Javier De La Cruz","Tiempo de lectura":"1 minuto"},"schema":{"@context":"https:\/\/schema.org","@graph":[{"@type":"Article","@id":"https:\/\/esbozodeportivo.com\/index.php\/2024\/01\/11\/margarita-hernandez-se-presenta-en-el-nacional-de-campo-traviesa\/#article","isPartOf":{"@id":"https:\/\/esbozodeportivo.com\/index.php\/2024\/01\/11\/margarita-hernandez-se-presenta-en-el-nacional-de-campo-traviesa\/"},"author":{"name":"Javier De La Cruz","@id":"https:\/\/esbozodeportivo.com\/#\/schema\/person\/7277119c98823aec37bbb84e125efd44"},"headline":"Margarita Hern\u00e1ndez se presenta en el Nacional de Campo Traviesa","datePublished":"2024-01-11T06:04:50+00:00","dateModified":"2024-01-11T06:07:50+00:00","mainEntityOfPage":{"@id":"https:\/\/esbozodeportivo.com\/index.php\/2024\/01\/11\/margarita-hernandez-se-presenta-en-el-nacional-de-campo-traviesa\/"},"wordCount":281,"commentCount":0,"publisher":{"@id":"https:\/\/esbozodeportivo.com\/#organization"},"image":{"@id":"https:\/\/esbozodeportivo.com\/index.php\/2024\/01\/11\/margarita-hernandez-se-presenta-en-el-nacional-de-campo-traviesa\/#primaryimage"},"thumbnailUrl":"https:\/\/esbozodeportivo.com\/wp-content\/uploads\/2024\/01\/Atleta1.jpg","articleSection":["Amateur"],"inLanguage":"es","potentialAction":[{"@type":"CommentAction","name":"Comment","target":["https:\/\/esbozodeportivo.com\/index.php\/2024\/01\/11\/margarita-hernandez-se-presenta-en-el-nacional-de-campo-traviesa\/#respond"]}]},{"@type":"WebPage","@id":"https:\/\/esbozodeportivo.com\/index.php\/2024\/01\/11\/margarita-hernandez-se-presenta-en-el-nacional-de-campo-traviesa\/","url":"https:\/\/esbozodeportivo.com\/index.php\/2024\/01\/11\/margarita-hernandez-se-presenta-en-el-nacional-de-campo-traviesa\/","name":"Margarita Hern\u00e1ndez se presenta en el Nacional de Campo Traviesa - Esbozo Deportivo","isPartOf":{"@id":"https:\/\/esbozodeportivo.com\/#website"},"primaryImageOfPage":{"@id":"https:\/\/esbozodeportivo.com\/index.php\/2024\/01\/11\/margarita-hernandez-se-presenta-en-el-nacional-de-campo-traviesa\/#primaryimage"},"image":{"@id":"https:\/\/esbozodeportivo.com\/index.php\/2024\/01\/11\/margarita-hernandez-se-presenta-en-el-nacional-de-campo-traviesa\/#primaryimage"},"thumbnailUrl":"https:\/\/esbozodeportivo.com\/wp-content\/uploads\/2024\/01\/Atleta1.jpg","datePublished":"2024-01-11T06:04:50+00:00","dateModified":"2024-01-11T06:07:50+00:00","breadcrumb":{"@id":"https:\/\/esbozodeportivo.com\/index.php\/2024\/01\/11\/margarita-hernandez-se-presenta-en-el-nacional-de-campo-traviesa\/#breadcrumb"},"inLanguage":"es","potentialAction":[{"@type":"ReadAction","target":["https:\/\/esbozodeportivo.com\/index.php\/2024\/01\/11\/margarita-hernandez-se-presenta-en-el-nacional-de-campo-traviesa\/"]}]},{"@type":"ImageObject","inLanguage":"es","@id":"https:\/\/esbozodeportivo.com\/index.php\/2024\/01\/11\/margarita-hernandez-se-presenta-en-el-nacional-de-campo-traviesa\/#primaryimage","url":"https:\/\/esbozodeportivo.com\/wp-content\/uploads\/2024\/01\/Atleta1.jpg","contentUrl":"https:\/\/esbozodeportivo.com\/wp-content\/uploads\/2024\/01\/Atleta1.jpg","width":828,"height":714},{"@type":"BreadcrumbList","@id":"https:\/\/esbozodeportivo.com\/index.php\/2024\/01\/11\/margarita-hernandez-se-presenta-en-el-nacional-de-campo-traviesa\/#breadcrumb","itemListElement":[{"@type":"ListItem","position":1,"name":"Inicio","item":"https:\/\/esbozodeportivo.com\/"},{"@type":"ListItem","position":2,"name":"Margarita Hern\u00e1ndez se presenta en el Nacional de Campo Traviesa"}]},{"@type":"WebSite","@id":"https:\/\/esbozodeportivo.com\/#website","url":"https:\/\/esbozodeportivo.com\/","name":"Esbozo Deportivo","description":"Lo m\u00e1s importante del Deporte","publisher":{"@id":"https:\/\/esbozodeportivo.com\/#organization"},"potentialAction":[{"@type":"SearchAction","target":{"@type":"EntryPoint","urlTemplate":"https:\/\/esbozodeportivo.com\/?s={search_term_string}"},"query-input":{"@type":"PropertyValueSpecification","valueRequired":true,"valueName":"search_term_string"}}],"inLanguage":"es"},{"@type":"Organization","@id":"https:\/\/esbozodeportivo.com\/#organization","name":"Esbozo Deportivo","url":"https:\/\/esbozodeportivo.com\/","logo":{"@type":"ImageObject","inLanguage":"es","@id":"https:\/\/esbozodeportivo.com\/#\/schema\/logo\/image\/","url":"https:\/\/esbozodeportivo.com\/wp-content\/uploads\/2022\/08\/cropped-Logo-Esbozo-Web-2.png","contentUrl":"https:\/\/esbozodeportivo.com\/wp-content\/uploads\/2022\/08\/cropped-Logo-Esbozo-Web-2.png","width":180,"height":50,"caption":"Esbozo Deportivo"},"image":{"@id":"https:\/\/esbozodeportivo.com\/#\/schema\/logo\/image\/"}},{"@type":"Person","@id":"https:\/\/esbozodeportivo.com\/#\/schema\/person\/7277119c98823aec37bbb84e125efd44","name":"Javier De La Cruz","image":{"@type":"ImageObject","inLanguage":"es","@id":"https:\/\/esbozodeportivo.com\/#\/schema\/person\/image\/","url":"https:\/\/secure.gravatar.com\/avatar\/366235a56d20f1a6e8e3d0b295897639357bea880470ddf261d17bb0bc052eb1?s=96&d=mm&r=g","contentUrl":"https:\/\/secure.gravatar.com\/avatar\/366235a56d20f1a6e8e3d0b295897639357bea880470ddf261d17bb0bc052eb1?s=96&d=mm&r=g","caption":"Javier De La Cruz"},"url":"https:\/\/esbozodeportivo.com\/index.php\/author\/javier-de-la-cruz-de-la-cruz\/"}]}},"jetpack_featured_media_url":"","jetpack_sharing_enabled":true,"_links":{"self":[{"href":"https:\/\/esbozodeportivo.com\/index.php\/wp-json\/wp\/v2\/posts\/2322","targetHints":{"allow":["GET"]}}],"collection":[{"href":"https:\/\/esbozodeportivo.com\/index.php\/wp-json\/wp\/v2\/posts"}],"about":[{"href":"https:\/\/esbozodeportivo.com\/index.php\/wp-json\/wp\/v2\/types\/post"}],"author":[{"embeddable":true,"href":"https:\/\/esbozodeportivo.com\/index.php\/wp-json\/wp\/v2\/users\/2"}],"replies":[{"embeddable":true,"href":"https:\/\/esbozodeportivo.com\/index.php\/wp-json\/wp\/v2\/comments?post=2322"}],"version-history":[{"count":4,"href":"https:\/\/esbozodeportivo.com\/index.php\/wp-json\/wp\/v2\/posts\/2322\/revisions"}],"predecessor-version":[{"id":2328,"href":"https:\/\/esbozodeportivo.com\/index.php\/wp-json\/wp\/v2\/posts\/2322\/revisions\/2328"}],"wp:attachment":[{"href":"https:\/\/esbozodeportivo.com\/index.php\/wp-json\/wp\/v2\/media?parent=2322"}],"wp:term":[{"taxonomy":"category","embeddable":true,"href":"https:\/\/esbozodeportivo.com\/index.php\/wp-json\/wp\/v2\/categories?post=2322"},{"taxonomy":"post_tag","embeddable":true,"href":"https:\/\/esbozodeportivo.com\/index.php\/wp-json\/wp\/v2\/tags?post=2322"}],"curies":[{"name":"wp","href":"https:\/\/api.w.org\/{rel}","templated":true}]}}