{"id":2395,"date":"2024-01-25T06:37:51","date_gmt":"2024-01-25T06:37:51","guid":{"rendered":"https:\/\/esbozodeportivo.com\/?p=2395"},"modified":"2024-01-25T06:39:35","modified_gmt":"2024-01-25T06:39:35","slug":"javier-hernandez-se-vestira-de-chiva-en-el-clausura-2024","status":"publish","type":"post","link":"https:\/\/esbozodeportivo.com\/index.php\/2024\/01\/25\/javier-hernandez-se-vestira-de-chiva-en-el-clausura-2024\/","title":{"rendered":"Javier Hern\u00e1ndez, se vestir\u00e1 de \u201cChiva\u201d en el Clausura 2024"},"content":{"rendered":"<style>\/*! elementor - v3.18.0 - 20-12-2023 *\/\n.elementor-widget-image{text-align:center}.elementor-widget-image a{display:inline-block}.elementor-widget-image a img[src$=\".svg\"]{width:48px}.elementor-widget-image img{vertical-align:middle;display:inline-block}<\/style>\n<p>\t\t\t\t\t\t\t\t\t\t\t\t<img loading=\"lazy\" decoding=\"async\" width=\"640\" height=\"361\" src=\"https:\/\/esbozodeportivo.com\/wp-content\/uploads\/2024\/01\/Chicharo-1024x577.jpg\" alt=\"\" srcset=\"https:\/\/esbozodeportivo.com\/wp-content\/uploads\/2024\/01\/Chicharo-1024x577.jpg 1024w, https:\/\/esbozodeportivo.com\/wp-content\/uploads\/2024\/01\/Chicharo-300x169.jpg 300w, https:\/\/esbozodeportivo.com\/wp-content\/uploads\/2024\/01\/Chicharo-768x432.jpg 768w, https:\/\/esbozodeportivo.com\/wp-content\/uploads\/2024\/01\/Chicharo-1536x865.jpg 1536w, https:\/\/esbozodeportivo.com\/wp-content\/uploads\/2024\/01\/Chicharo-2048x1153.jpg 2048w\" sizes=\"auto, (max-width: 640px) 100vw, 640px\" \/>\t\t\t\t\t\t\t\t\t\t\t\t\t\t\t<\/p>\n<p>(Foto: @WestHam)<\/p>\n<p>Catorce a\u00f1os despu\u00e9s, el n\u00famero 14 est\u00e1 de regreso. Javier \u201cChicharito\u201d Hern\u00e1ndez, el goleador hist\u00f3rico de la selecci\u00f3n mexicana, volver\u00e1 a Chivas para disputar el torneo Clausura 2024, anunci\u00f3 el club el mi\u00e9rcoles.<\/p>\n<p>Hern\u00e1ndez, de 35 a\u00f1os, debut\u00f3 y jug\u00f3 con el Guadalajara hasta 2010. Fue cuando dio al salto a Europa para firmar una de las carreras m\u00e1s exitosas de un futbolista mexicano en la historia que lo vio ganar dos t\u00edtulos de la Liga Premier con el Manchester United.<\/p>\n<p>El \u201cReba\u00f1o Sagrado\u201d no dio a conocer datos concretos sobre la duraci\u00f3n del acuerdo ni el salario del atacante. El \u201cChicharito\u201d es la apuesta de la dirigencia del Guadalajara para ayudar en la delantera, uno de los puntos d\u00e9biles del equipo que intenta lograr su primer campeonato de liga desde el Clausura 2017.<\/p>\n<p>Ricardo Mar\u00edn, quien militaba en la segunda divisi\u00f3n hasta hace seis meses, hab\u00eda sido el \u00faltimo ariete que intentaba consolidarse como el nueve del Guadalajara sin mucho \u00e9xito. Mar\u00edn tuvo que ceder el n\u00famero 14 en su dorsal para Hern\u00e1ndez.<\/p>\n<p>Aunque el \u201cChicharito\u201d ya tiene un acuerdo para jugar con Chivas su eventual regreso a un campo de f\u00fatbol es incierto. En junio pasado se rompi\u00f3 el ligamento cruzado de la rodilla y sigue en rehabilitaci\u00f3n.<\/p>\n<p>El Galaxy hab\u00eda dado un pron\u00f3stico inicial de recuperaci\u00f3n para finales de enero. El torneo Clausura ha disputado ya dos fechas y est\u00e1 por iniciar la tercera.<\/p>\n<p>Luego de salir de Chivas en 2010, Hern\u00e1ndez firm\u00f3 con el United y despu\u00e9s fue cedido al Real Madrid en 2014. Tambi\u00e9n form\u00f3 parte de Bayer Leverkusen, West Ham y Sevilla hasta su arribo al Galaxy en enero de 2020.<\/p>\n<p>Con la selecci\u00f3n mexicana, Hern\u00e1ndez es el \u00fanico jugador en anotar goles en tres Copas del Mundo distintas (2010, 2014 y 2018), adem\u00e1s de ser el goleador hist\u00f3rico con 52 anotaciones en 109 encuentros.<\/p>\n<p>El \u201cChicharito\u201d mantiene esa posici\u00f3n a pesar de que fue relegado del combinado mexicano desde septiembre de 2019, cuando particip\u00f3 en una fiesta que no fue autorizada por los dirigentes. No fue convocado para el Mundial de Qatar 2022.<\/p>\n","protected":false},"excerpt":{"rendered":"<p>(Foto: @WestHam) Catorce a\u00f1os despu\u00e9s, el n\u00famero 14 est\u00e1 de regreso. Javier \u201cChicharito\u201d Hern\u00e1ndez, el<\/p>\n","protected":false},"author":2,"featured_media":0,"comment_status":"open","ping_status":"open","sticky":false,"template":"","format":"standard","meta":{"_jetpack_memberships_contains_paid_content":false,"footnotes":""},"categories":[20],"tags":[],"class_list":["post-2395","post","type-post","status-publish","format-standard","hentry","category-liga"],"yoast_head":"<!-- This site is optimized with the Yoast SEO plugin v25.7 - https:\/\/yoast.com\/wordpress\/plugins\/seo\/ -->\n<title>Javier Hern\u00e1ndez, se vestir\u00e1 de \u201cChiva\u201d en el Clausura 2024 - Esbozo Deportivo<\/title>\n<meta name=\"robots\" content=\"index, follow, max-snippet:-1, max-image-preview:large, max-video-preview:-1\" \/>\n<link rel=\"canonical\" href=\"https:\/\/esbozodeportivo.com\/index.php\/2024\/01\/25\/javier-hernandez-se-vestira-de-chiva-en-el-clausura-2024\/\" \/>\n<meta property=\"og:locale\" content=\"es_MX\" \/>\n<meta property=\"og:type\" content=\"article\" \/>\n<meta property=\"og:title\" content=\"Javier Hern\u00e1ndez, se vestir\u00e1 de \u201cChiva\u201d en el Clausura 2024 - Esbozo Deportivo\" \/>\n<meta property=\"og:description\" content=\"(Foto: @WestHam) Catorce a\u00f1os despu\u00e9s, el n\u00famero 14 est\u00e1 de regreso. Javier \u201cChicharito\u201d Hern\u00e1ndez, el\" \/>\n<meta property=\"og:url\" content=\"https:\/\/esbozodeportivo.com\/index.php\/2024\/01\/25\/javier-hernandez-se-vestira-de-chiva-en-el-clausura-2024\/\" \/>\n<meta property=\"og:site_name\" content=\"Esbozo Deportivo\" \/>\n<meta property=\"article:published_time\" content=\"2024-01-25T06:37:51+00:00\" \/>\n<meta property=\"article:modified_time\" content=\"2024-01-25T06:39:35+00:00\" \/>\n<meta property=\"og:image\" content=\"https:\/\/esbozodeportivo.com\/wp-content\/uploads\/2024\/01\/Chicharo-1024x577.jpg\" \/>\n<meta name=\"author\" content=\"Javier De La Cruz\" \/>\n<meta name=\"twitter:card\" content=\"summary_large_image\" \/>\n<meta name=\"twitter:label1\" content=\"Escrito por\" \/>\n\t<meta name=\"twitter:data1\" content=\"Javier De La Cruz\" \/>\n\t<meta name=\"twitter:label2\" content=\"Tiempo de lectura\" \/>\n\t<meta name=\"twitter:data2\" content=\"2 minutos\" \/>\n<script type=\"application\/ld+json\" class=\"yoast-schema-graph\">{\"@context\":\"https:\/\/schema.org\",\"@graph\":[{\"@type\":\"Article\",\"@id\":\"https:\/\/esbozodeportivo.com\/index.php\/2024\/01\/25\/javier-hernandez-se-vestira-de-chiva-en-el-clausura-2024\/#article\",\"isPartOf\":{\"@id\":\"https:\/\/esbozodeportivo.com\/index.php\/2024\/01\/25\/javier-hernandez-se-vestira-de-chiva-en-el-clausura-2024\/\"},\"author\":{\"name\":\"Javier De La Cruz\",\"@id\":\"https:\/\/esbozodeportivo.com\/#\/schema\/person\/7277119c98823aec37bbb84e125efd44\"},\"headline\":\"Javier Hern\u00e1ndez, se vestir\u00e1 de \u201cChiva\u201d en el Clausura 2024\",\"datePublished\":\"2024-01-25T06:37:51+00:00\",\"dateModified\":\"2024-01-25T06:39:35+00:00\",\"mainEntityOfPage\":{\"@id\":\"https:\/\/esbozodeportivo.com\/index.php\/2024\/01\/25\/javier-hernandez-se-vestira-de-chiva-en-el-clausura-2024\/\"},\"wordCount\":379,\"commentCount\":0,\"publisher\":{\"@id\":\"https:\/\/esbozodeportivo.com\/#organization\"},\"image\":{\"@id\":\"https:\/\/esbozodeportivo.com\/index.php\/2024\/01\/25\/javier-hernandez-se-vestira-de-chiva-en-el-clausura-2024\/#primaryimage\"},\"thumbnailUrl\":\"https:\/\/esbozodeportivo.com\/wp-content\/uploads\/2024\/01\/Chicharo-1024x577.jpg\",\"articleSection\":[\"Liga MX\"],\"inLanguage\":\"es\",\"potentialAction\":[{\"@type\":\"CommentAction\",\"name\":\"Comment\",\"target\":[\"https:\/\/esbozodeportivo.com\/index.php\/2024\/01\/25\/javier-hernandez-se-vestira-de-chiva-en-el-clausura-2024\/#respond\"]}]},{\"@type\":\"WebPage\",\"@id\":\"https:\/\/esbozodeportivo.com\/index.php\/2024\/01\/25\/javier-hernandez-se-vestira-de-chiva-en-el-clausura-2024\/\",\"url\":\"https:\/\/esbozodeportivo.com\/index.php\/2024\/01\/25\/javier-hernandez-se-vestira-de-chiva-en-el-clausura-2024\/\",\"name\":\"Javier Hern\u00e1ndez, se vestir\u00e1 de \u201cChiva\u201d en el Clausura 2024 - Esbozo Deportivo\",\"isPartOf\":{\"@id\":\"https:\/\/esbozodeportivo.com\/#website\"},\"primaryImageOfPage\":{\"@id\":\"https:\/\/esbozodeportivo.com\/index.php\/2024\/01\/25\/javier-hernandez-se-vestira-de-chiva-en-el-clausura-2024\/#primaryimage\"},\"image\":{\"@id\":\"https:\/\/esbozodeportivo.com\/index.php\/2024\/01\/25\/javier-hernandez-se-vestira-de-chiva-en-el-clausura-2024\/#primaryimage\"},\"thumbnailUrl\":\"https:\/\/esbozodeportivo.com\/wp-content\/uploads\/2024\/01\/Chicharo-1024x577.jpg\",\"datePublished\":\"2024-01-25T06:37:51+00:00\",\"dateModified\":\"2024-01-25T06:39:35+00:00\",\"breadcrumb\":{\"@id\":\"https:\/\/esbozodeportivo.com\/index.php\/2024\/01\/25\/javier-hernandez-se-vestira-de-chiva-en-el-clausura-2024\/#breadcrumb\"},\"inLanguage\":\"es\",\"potentialAction\":[{\"@type\":\"ReadAction\",\"target\":[\"https:\/\/esbozodeportivo.com\/index.php\/2024\/01\/25\/javier-hernandez-se-vestira-de-chiva-en-el-clausura-2024\/\"]}]},{\"@type\":\"ImageObject\",\"inLanguage\":\"es\",\"@id\":\"https:\/\/esbozodeportivo.com\/index.php\/2024\/01\/25\/javier-hernandez-se-vestira-de-chiva-en-el-clausura-2024\/#primaryimage\",\"url\":\"https:\/\/esbozodeportivo.com\/wp-content\/uploads\/2024\/01\/Chicharo-scaled.jpg\",\"contentUrl\":\"https:\/\/esbozodeportivo.com\/wp-content\/uploads\/2024\/01\/Chicharo-scaled.jpg\",\"width\":2560,\"height\":1441},{\"@type\":\"BreadcrumbList\",\"@id\":\"https:\/\/esbozodeportivo.com\/index.php\/2024\/01\/25\/javier-hernandez-se-vestira-de-chiva-en-el-clausura-2024\/#breadcrumb\",\"itemListElement\":[{\"@type\":\"ListItem\",\"position\":1,\"name\":\"Inicio\",\"item\":\"https:\/\/esbozodeportivo.com\/\"},{\"@type\":\"ListItem\",\"position\":2,\"name\":\"Javier Hern\u00e1ndez, se vestir\u00e1 de \u201cChiva\u201d en el Clausura 2024\"}]},{\"@type\":\"WebSite\",\"@id\":\"https:\/\/esbozodeportivo.com\/#website\",\"url\":\"https:\/\/esbozodeportivo.com\/\",\"name\":\"Esbozo Deportivo\",\"description\":\"Lo m\u00e1s importante del Deporte\",\"publisher\":{\"@id\":\"https:\/\/esbozodeportivo.com\/#organization\"},\"potentialAction\":[{\"@type\":\"SearchAction\",\"target\":{\"@type\":\"EntryPoint\",\"urlTemplate\":\"https:\/\/esbozodeportivo.com\/?s={search_term_string}\"},\"query-input\":{\"@type\":\"PropertyValueSpecification\",\"valueRequired\":true,\"valueName\":\"search_term_string\"}}],\"inLanguage\":\"es\"},{\"@type\":\"Organization\",\"@id\":\"https:\/\/esbozodeportivo.com\/#organization\",\"name\":\"Esbozo Deportivo\",\"url\":\"https:\/\/esbozodeportivo.com\/\",\"logo\":{\"@type\":\"ImageObject\",\"inLanguage\":\"es\",\"@id\":\"https:\/\/esbozodeportivo.com\/#\/schema\/logo\/image\/\",\"url\":\"https:\/\/esbozodeportivo.com\/wp-content\/uploads\/2022\/08\/cropped-Logo-Esbozo-Web-2.png\",\"contentUrl\":\"https:\/\/esbozodeportivo.com\/wp-content\/uploads\/2022\/08\/cropped-Logo-Esbozo-Web-2.png\",\"width\":180,\"height\":50,\"caption\":\"Esbozo Deportivo\"},\"image\":{\"@id\":\"https:\/\/esbozodeportivo.com\/#\/schema\/logo\/image\/\"}},{\"@type\":\"Person\",\"@id\":\"https:\/\/esbozodeportivo.com\/#\/schema\/person\/7277119c98823aec37bbb84e125efd44\",\"name\":\"Javier De La Cruz\",\"image\":{\"@type\":\"ImageObject\",\"inLanguage\":\"es\",\"@id\":\"https:\/\/esbozodeportivo.com\/#\/schema\/person\/image\/\",\"url\":\"https:\/\/secure.gravatar.com\/avatar\/366235a56d20f1a6e8e3d0b295897639357bea880470ddf261d17bb0bc052eb1?s=96&d=mm&r=g\",\"contentUrl\":\"https:\/\/secure.gravatar.com\/avatar\/366235a56d20f1a6e8e3d0b295897639357bea880470ddf261d17bb0bc052eb1?s=96&d=mm&r=g\",\"caption\":\"Javier De La Cruz\"},\"url\":\"https:\/\/esbozodeportivo.com\/index.php\/author\/javier-de-la-cruz-de-la-cruz\/\"}]}<\/script>\n<!-- \/ Yoast SEO plugin. -->","yoast_head_json":{"title":"Javier Hern\u00e1ndez, se vestir\u00e1 de \u201cChiva\u201d en el Clausura 2024 - Esbozo Deportivo","robots":{"index":"index","follow":"follow","max-snippet":"max-snippet:-1","max-image-preview":"max-image-preview:large","max-video-preview":"max-video-preview:-1"},"canonical":"https:\/\/esbozodeportivo.com\/index.php\/2024\/01\/25\/javier-hernandez-se-vestira-de-chiva-en-el-clausura-2024\/","og_locale":"es_MX","og_type":"article","og_title":"Javier Hern\u00e1ndez, se vestir\u00e1 de \u201cChiva\u201d en el Clausura 2024 - Esbozo Deportivo","og_description":"(Foto: @WestHam) Catorce a\u00f1os despu\u00e9s, el n\u00famero 14 est\u00e1 de regreso. Javier \u201cChicharito\u201d Hern\u00e1ndez, el","og_url":"https:\/\/esbozodeportivo.com\/index.php\/2024\/01\/25\/javier-hernandez-se-vestira-de-chiva-en-el-clausura-2024\/","og_site_name":"Esbozo Deportivo","article_published_time":"2024-01-25T06:37:51+00:00","article_modified_time":"2024-01-25T06:39:35+00:00","og_image":[{"url":"https:\/\/esbozodeportivo.com\/wp-content\/uploads\/2024\/01\/Chicharo-1024x577.jpg","type":"","width":"","height":""}],"author":"Javier De La Cruz","twitter_card":"summary_large_image","twitter_misc":{"Escrito por":"Javier De La Cruz","Tiempo de lectura":"2 minutos"},"schema":{"@context":"https:\/\/schema.org","@graph":[{"@type":"Article","@id":"https:\/\/esbozodeportivo.com\/index.php\/2024\/01\/25\/javier-hernandez-se-vestira-de-chiva-en-el-clausura-2024\/#article","isPartOf":{"@id":"https:\/\/esbozodeportivo.com\/index.php\/2024\/01\/25\/javier-hernandez-se-vestira-de-chiva-en-el-clausura-2024\/"},"author":{"name":"Javier De La Cruz","@id":"https:\/\/esbozodeportivo.com\/#\/schema\/person\/7277119c98823aec37bbb84e125efd44"},"headline":"Javier Hern\u00e1ndez, se vestir\u00e1 de \u201cChiva\u201d en el Clausura 2024","datePublished":"2024-01-25T06:37:51+00:00","dateModified":"2024-01-25T06:39:35+00:00","mainEntityOfPage":{"@id":"https:\/\/esbozodeportivo.com\/index.php\/2024\/01\/25\/javier-hernandez-se-vestira-de-chiva-en-el-clausura-2024\/"},"wordCount":379,"commentCount":0,"publisher":{"@id":"https:\/\/esbozodeportivo.com\/#organization"},"image":{"@id":"https:\/\/esbozodeportivo.com\/index.php\/2024\/01\/25\/javier-hernandez-se-vestira-de-chiva-en-el-clausura-2024\/#primaryimage"},"thumbnailUrl":"https:\/\/esbozodeportivo.com\/wp-content\/uploads\/2024\/01\/Chicharo-1024x577.jpg","articleSection":["Liga MX"],"inLanguage":"es","potentialAction":[{"@type":"CommentAction","name":"Comment","target":["https:\/\/esbozodeportivo.com\/index.php\/2024\/01\/25\/javier-hernandez-se-vestira-de-chiva-en-el-clausura-2024\/#respond"]}]},{"@type":"WebPage","@id":"https:\/\/esbozodeportivo.com\/index.php\/2024\/01\/25\/javier-hernandez-se-vestira-de-chiva-en-el-clausura-2024\/","url":"https:\/\/esbozodeportivo.com\/index.php\/2024\/01\/25\/javier-hernandez-se-vestira-de-chiva-en-el-clausura-2024\/","name":"Javier Hern\u00e1ndez, se vestir\u00e1 de \u201cChiva\u201d en el Clausura 2024 - Esbozo Deportivo","isPartOf":{"@id":"https:\/\/esbozodeportivo.com\/#website"},"primaryImageOfPage":{"@id":"https:\/\/esbozodeportivo.com\/index.php\/2024\/01\/25\/javier-hernandez-se-vestira-de-chiva-en-el-clausura-2024\/#primaryimage"},"image":{"@id":"https:\/\/esbozodeportivo.com\/index.php\/2024\/01\/25\/javier-hernandez-se-vestira-de-chiva-en-el-clausura-2024\/#primaryimage"},"thumbnailUrl":"https:\/\/esbozodeportivo.com\/wp-content\/uploads\/2024\/01\/Chicharo-1024x577.jpg","datePublished":"2024-01-25T06:37:51+00:00","dateModified":"2024-01-25T06:39:35+00:00","breadcrumb":{"@id":"https:\/\/esbozodeportivo.com\/index.php\/2024\/01\/25\/javier-hernandez-se-vestira-de-chiva-en-el-clausura-2024\/#breadcrumb"},"inLanguage":"es","potentialAction":[{"@type":"ReadAction","target":["https:\/\/esbozodeportivo.com\/index.php\/2024\/01\/25\/javier-hernandez-se-vestira-de-chiva-en-el-clausura-2024\/"]}]},{"@type":"ImageObject","inLanguage":"es","@id":"https:\/\/esbozodeportivo.com\/index.php\/2024\/01\/25\/javier-hernandez-se-vestira-de-chiva-en-el-clausura-2024\/#primaryimage","url":"https:\/\/esbozodeportivo.com\/wp-content\/uploads\/2024\/01\/Chicharo-scaled.jpg","contentUrl":"https:\/\/esbozodeportivo.com\/wp-content\/uploads\/2024\/01\/Chicharo-scaled.jpg","width":2560,"height":1441},{"@type":"BreadcrumbList","@id":"https:\/\/esbozodeportivo.com\/index.php\/2024\/01\/25\/javier-hernandez-se-vestira-de-chiva-en-el-clausura-2024\/#breadcrumb","itemListElement":[{"@type":"ListItem","position":1,"name":"Inicio","item":"https:\/\/esbozodeportivo.com\/"},{"@type":"ListItem","position":2,"name":"Javier Hern\u00e1ndez, se vestir\u00e1 de \u201cChiva\u201d en el Clausura 2024"}]},{"@type":"WebSite","@id":"https:\/\/esbozodeportivo.com\/#website","url":"https:\/\/esbozodeportivo.com\/","name":"Esbozo Deportivo","description":"Lo m\u00e1s importante del Deporte","publisher":{"@id":"https:\/\/esbozodeportivo.com\/#organization"},"potentialAction":[{"@type":"SearchAction","target":{"@type":"EntryPoint","urlTemplate":"https:\/\/esbozodeportivo.com\/?s={search_term_string}"},"query-input":{"@type":"PropertyValueSpecification","valueRequired":true,"valueName":"search_term_string"}}],"inLanguage":"es"},{"@type":"Organization","@id":"https:\/\/esbozodeportivo.com\/#organization","name":"Esbozo Deportivo","url":"https:\/\/esbozodeportivo.com\/","logo":{"@type":"ImageObject","inLanguage":"es","@id":"https:\/\/esbozodeportivo.com\/#\/schema\/logo\/image\/","url":"https:\/\/esbozodeportivo.com\/wp-content\/uploads\/2022\/08\/cropped-Logo-Esbozo-Web-2.png","contentUrl":"https:\/\/esbozodeportivo.com\/wp-content\/uploads\/2022\/08\/cropped-Logo-Esbozo-Web-2.png","width":180,"height":50,"caption":"Esbozo Deportivo"},"image":{"@id":"https:\/\/esbozodeportivo.com\/#\/schema\/logo\/image\/"}},{"@type":"Person","@id":"https:\/\/esbozodeportivo.com\/#\/schema\/person\/7277119c98823aec37bbb84e125efd44","name":"Javier De La Cruz","image":{"@type":"ImageObject","inLanguage":"es","@id":"https:\/\/esbozodeportivo.com\/#\/schema\/person\/image\/","url":"https:\/\/secure.gravatar.com\/avatar\/366235a56d20f1a6e8e3d0b295897639357bea880470ddf261d17bb0bc052eb1?s=96&d=mm&r=g","contentUrl":"https:\/\/secure.gravatar.com\/avatar\/366235a56d20f1a6e8e3d0b295897639357bea880470ddf261d17bb0bc052eb1?s=96&d=mm&r=g","caption":"Javier De La Cruz"},"url":"https:\/\/esbozodeportivo.com\/index.php\/author\/javier-de-la-cruz-de-la-cruz\/"}]}},"jetpack_featured_media_url":"","jetpack_sharing_enabled":true,"_links":{"self":[{"href":"https:\/\/esbozodeportivo.com\/index.php\/wp-json\/wp\/v2\/posts\/2395","targetHints":{"allow":["GET"]}}],"collection":[{"href":"https:\/\/esbozodeportivo.com\/index.php\/wp-json\/wp\/v2\/posts"}],"about":[{"href":"https:\/\/esbozodeportivo.com\/index.php\/wp-json\/wp\/v2\/types\/post"}],"author":[{"embeddable":true,"href":"https:\/\/esbozodeportivo.com\/index.php\/wp-json\/wp\/v2\/users\/2"}],"replies":[{"embeddable":true,"href":"https:\/\/esbozodeportivo.com\/index.php\/wp-json\/wp\/v2\/comments?post=2395"}],"version-history":[{"count":4,"href":"https:\/\/esbozodeportivo.com\/index.php\/wp-json\/wp\/v2\/posts\/2395\/revisions"}],"predecessor-version":[{"id":2400,"href":"https:\/\/esbozodeportivo.com\/index.php\/wp-json\/wp\/v2\/posts\/2395\/revisions\/2400"}],"wp:attachment":[{"href":"https:\/\/esbozodeportivo.com\/index.php\/wp-json\/wp\/v2\/media?parent=2395"}],"wp:term":[{"taxonomy":"category","embeddable":true,"href":"https:\/\/esbozodeportivo.com\/index.php\/wp-json\/wp\/v2\/categories?post=2395"},{"taxonomy":"post_tag","embeddable":true,"href":"https:\/\/esbozodeportivo.com\/index.php\/wp-json\/wp\/v2\/tags?post=2395"}],"curies":[{"name":"wp","href":"https:\/\/api.w.org\/{rel}","templated":true}]}}