{"id":2476,"date":"2024-01-29T04:17:09","date_gmt":"2024-01-29T04:17:09","guid":{"rendered":"https:\/\/esbozodeportivo.com\/?p=2476"},"modified":"2024-01-29T04:18:32","modified_gmt":"2024-01-29T04:18:32","slug":"javier-hernandez-vuelve-a-casa","status":"publish","type":"post","link":"https:\/\/esbozodeportivo.com\/index.php\/2024\/01\/29\/javier-hernandez-vuelve-a-casa\/","title":{"rendered":"Javier Hern\u00e1ndez vuelve a casa"},"content":{"rendered":"<style>\/*! elementor - v3.18.0 - 20-12-2023 *\/\n.elementor-widget-image{text-align:center}.elementor-widget-image a{display:inline-block}.elementor-widget-image a img[src$=\".svg\"]{width:48px}.elementor-widget-image img{vertical-align:middle;display:inline-block}<\/style>\n<p>\t\t\t\t\t\t\t\t\t\t\t\t<img loading=\"lazy\" decoding=\"async\" width=\"640\" height=\"960\" src=\"https:\/\/esbozodeportivo.com\/wp-content\/uploads\/2024\/01\/Chicharo-1-683x1024.jpg\" alt=\"\" srcset=\"https:\/\/esbozodeportivo.com\/wp-content\/uploads\/2024\/01\/Chicharo-1-683x1024.jpg 683w, https:\/\/esbozodeportivo.com\/wp-content\/uploads\/2024\/01\/Chicharo-1-200x300.jpg 200w, https:\/\/esbozodeportivo.com\/wp-content\/uploads\/2024\/01\/Chicharo-1-768x1152.jpg 768w, https:\/\/esbozodeportivo.com\/wp-content\/uploads\/2024\/01\/Chicharo-1-1024x1536.jpg 1024w, https:\/\/esbozodeportivo.com\/wp-content\/uploads\/2024\/01\/Chicharo-1-1365x2048.jpg 1365w, https:\/\/esbozodeportivo.com\/wp-content\/uploads\/2024\/01\/Chicharo-1-scaled.jpg 1707w\" sizes=\"auto, (max-width: 640px) 100vw, 640px\" \/>\t\t\t\t\t\t\t\t\t\t\t\t\t\t\t<\/p>\n<p>(Foto: @Chivas)<\/p>\n<p>\u00a0<\/p>\n<p>GUADALAJARA, JALISCO (Agencias).-\u00a0 Cuando Jorge Vergara vendi\u00f3 a Javier Hern\u00e1ndez al Manchester United lo hizo con la idea que alg\u00fan d\u00eda el delantero volver\u00eda al club que lo vio nacer. \u201cChicharito\u201d Hern\u00e1ndez cumpli\u00f3 el s\u00e1bado con ese anhelo del fallecido due\u00f1o del Guadalajara.<\/p>\n<p>En una emotiva ceremonia, el \u201cChicharito\u201d fue presentado el s\u00e1bado como nuevo jugador de Chivas para el torneo Clausura de M\u00e9xico.<\/p>\n<p>El equipo hab\u00eda hecho oficial el fichaje a media semana, pero esper\u00f3 unos d\u00edas m\u00e1s antes de presentarlo con sus aficionados en el estadio Akron.<\/p>\n<p>\u201c\u2019Chicha\u2019 cumpliste con tu promesa (de volver), y todos te queremos dar la bienvenida a tu casa. Esta es tu casa\u201d, dijo Amaury Verga, hijo de Jorge, quien ahora tiene el control del equipo, mientras abrazaba al delantero.<\/p>\n<p>Hern\u00e1ndez, de 35 a\u00f1os, es el l\u00edder anotador de la selecci\u00f3n mexicana de f\u00fatbol y el \u00fanico jugador de este pa\u00eds que ha marcado goles en tres Copas del Mundo distintas.<\/p>\n<p>Despu\u00e9s de quedar libre al finalizar su relaci\u00f3n contractual con el Galaxy, se comenz\u00f3 a especular que era el momento para el regreso de Hern\u00e1ndez, quien dijo que ten\u00eda otras ofertas de la MLS y de otros equipos del mundo, pero decidi\u00f3 volver a su casa.<\/p>\n<p>\u201cLlevo todo el d\u00eda con un nudo en la garganta porque regresar a casa como he regresado\u2026no tengo palabras para agradecer\u201d, dijo Hern\u00e1ndez a los aficionados que acudieron al estadio Akron, mientras se limpiaba las l\u00e1grimas de las mejillas.<\/p>\n<p>Vestido con un traje de color negro, Hern\u00e1ndez arrib\u00f3 al estadio y salud\u00f3 a integrantes del equipo femenino y de las inferiores. Luego salud\u00f3 y abraz\u00f3 a exjugadores de Chivas, como Ram\u00f3n Morales, Adolfo Bautista y Carlos Salcido.<\/p>\n<p>Despu\u00e9s acudi\u00f3 al vestuario donde salud\u00f3 y abraz\u00f3 a sus pr\u00f3ximos compa\u00f1eros y se coloc\u00f3 el uniforme del equipo con su tradicional 14 en la espalda para salir al campo del inmueble.<\/p>\n<p>\u201cS\u00e9 que jugaron ayer y no ten\u00edan obligaci\u00f3n de estar ac\u00e1, deseo que esto pase ya porque lo m\u00e1s importante es el f\u00fatbol\u201d, les dijo Hern\u00e1ndez. \u201cEn lo que les pueda ayudar lo har\u00e9 dentro y fuera del campo\u201d.<\/p>\n<p>El regreso al campo para Hern\u00e1ndez sigue siendo un misterio. En junio pasado se rompi\u00f3 el ligamento cruzado de la rodilla derecha y todav\u00eda no reaparece, aunque en sus redes sociales ha mostrado un notable progreso.<\/p>\n","protected":false},"excerpt":{"rendered":"<p>(Foto: @Chivas) \u00a0 GUADALAJARA, JALISCO (Agencias).-\u00a0 Cuando Jorge Vergara vendi\u00f3 a Javier Hern\u00e1ndez al Manchester<\/p>\n","protected":false},"author":2,"featured_media":0,"comment_status":"open","ping_status":"open","sticky":false,"template":"","format":"standard","meta":{"_jetpack_memberships_contains_paid_content":false,"footnotes":""},"categories":[20],"tags":[],"class_list":["post-2476","post","type-post","status-publish","format-standard","hentry","category-liga"],"yoast_head":"<!-- This site is optimized with the Yoast SEO plugin v25.7 - https:\/\/yoast.com\/wordpress\/plugins\/seo\/ -->\n<title>Javier Hern\u00e1ndez vuelve a casa - Esbozo Deportivo<\/title>\n<meta name=\"robots\" content=\"index, follow, max-snippet:-1, max-image-preview:large, max-video-preview:-1\" \/>\n<link rel=\"canonical\" href=\"https:\/\/esbozodeportivo.com\/index.php\/2024\/01\/29\/javier-hernandez-vuelve-a-casa\/\" \/>\n<meta property=\"og:locale\" content=\"es_MX\" \/>\n<meta property=\"og:type\" content=\"article\" \/>\n<meta property=\"og:title\" content=\"Javier Hern\u00e1ndez vuelve a casa - Esbozo Deportivo\" \/>\n<meta property=\"og:description\" content=\"(Foto: @Chivas) \u00a0 GUADALAJARA, JALISCO (Agencias).-\u00a0 Cuando Jorge Vergara vendi\u00f3 a Javier Hern\u00e1ndez al Manchester\" \/>\n<meta property=\"og:url\" content=\"https:\/\/esbozodeportivo.com\/index.php\/2024\/01\/29\/javier-hernandez-vuelve-a-casa\/\" \/>\n<meta property=\"og:site_name\" content=\"Esbozo Deportivo\" \/>\n<meta property=\"article:published_time\" content=\"2024-01-29T04:17:09+00:00\" \/>\n<meta property=\"article:modified_time\" content=\"2024-01-29T04:18:32+00:00\" \/>\n<meta property=\"og:image\" content=\"https:\/\/esbozodeportivo.com\/wp-content\/uploads\/2024\/01\/Chicharo-1-683x1024.jpg\" \/>\n<meta name=\"author\" content=\"Javier De La Cruz\" \/>\n<meta name=\"twitter:card\" content=\"summary_large_image\" \/>\n<meta name=\"twitter:label1\" content=\"Escrito por\" \/>\n\t<meta name=\"twitter:data1\" content=\"Javier De La Cruz\" \/>\n\t<meta name=\"twitter:label2\" content=\"Tiempo de lectura\" \/>\n\t<meta name=\"twitter:data2\" content=\"2 minutos\" \/>\n<script type=\"application\/ld+json\" class=\"yoast-schema-graph\">{\"@context\":\"https:\/\/schema.org\",\"@graph\":[{\"@type\":\"Article\",\"@id\":\"https:\/\/esbozodeportivo.com\/index.php\/2024\/01\/29\/javier-hernandez-vuelve-a-casa\/#article\",\"isPartOf\":{\"@id\":\"https:\/\/esbozodeportivo.com\/index.php\/2024\/01\/29\/javier-hernandez-vuelve-a-casa\/\"},\"author\":{\"name\":\"Javier De La Cruz\",\"@id\":\"https:\/\/esbozodeportivo.com\/#\/schema\/person\/7277119c98823aec37bbb84e125efd44\"},\"headline\":\"Javier Hern\u00e1ndez vuelve a casa\",\"datePublished\":\"2024-01-29T04:17:09+00:00\",\"dateModified\":\"2024-01-29T04:18:32+00:00\",\"mainEntityOfPage\":{\"@id\":\"https:\/\/esbozodeportivo.com\/index.php\/2024\/01\/29\/javier-hernandez-vuelve-a-casa\/\"},\"wordCount\":433,\"commentCount\":0,\"publisher\":{\"@id\":\"https:\/\/esbozodeportivo.com\/#organization\"},\"image\":{\"@id\":\"https:\/\/esbozodeportivo.com\/index.php\/2024\/01\/29\/javier-hernandez-vuelve-a-casa\/#primaryimage\"},\"thumbnailUrl\":\"https:\/\/esbozodeportivo.com\/wp-content\/uploads\/2024\/01\/Chicharo-1-683x1024.jpg\",\"articleSection\":[\"Liga MX\"],\"inLanguage\":\"es\",\"potentialAction\":[{\"@type\":\"CommentAction\",\"name\":\"Comment\",\"target\":[\"https:\/\/esbozodeportivo.com\/index.php\/2024\/01\/29\/javier-hernandez-vuelve-a-casa\/#respond\"]}]},{\"@type\":\"WebPage\",\"@id\":\"https:\/\/esbozodeportivo.com\/index.php\/2024\/01\/29\/javier-hernandez-vuelve-a-casa\/\",\"url\":\"https:\/\/esbozodeportivo.com\/index.php\/2024\/01\/29\/javier-hernandez-vuelve-a-casa\/\",\"name\":\"Javier Hern\u00e1ndez vuelve a casa - Esbozo Deportivo\",\"isPartOf\":{\"@id\":\"https:\/\/esbozodeportivo.com\/#website\"},\"primaryImageOfPage\":{\"@id\":\"https:\/\/esbozodeportivo.com\/index.php\/2024\/01\/29\/javier-hernandez-vuelve-a-casa\/#primaryimage\"},\"image\":{\"@id\":\"https:\/\/esbozodeportivo.com\/index.php\/2024\/01\/29\/javier-hernandez-vuelve-a-casa\/#primaryimage\"},\"thumbnailUrl\":\"https:\/\/esbozodeportivo.com\/wp-content\/uploads\/2024\/01\/Chicharo-1-683x1024.jpg\",\"datePublished\":\"2024-01-29T04:17:09+00:00\",\"dateModified\":\"2024-01-29T04:18:32+00:00\",\"breadcrumb\":{\"@id\":\"https:\/\/esbozodeportivo.com\/index.php\/2024\/01\/29\/javier-hernandez-vuelve-a-casa\/#breadcrumb\"},\"inLanguage\":\"es\",\"potentialAction\":[{\"@type\":\"ReadAction\",\"target\":[\"https:\/\/esbozodeportivo.com\/index.php\/2024\/01\/29\/javier-hernandez-vuelve-a-casa\/\"]}]},{\"@type\":\"ImageObject\",\"inLanguage\":\"es\",\"@id\":\"https:\/\/esbozodeportivo.com\/index.php\/2024\/01\/29\/javier-hernandez-vuelve-a-casa\/#primaryimage\",\"url\":\"https:\/\/esbozodeportivo.com\/wp-content\/uploads\/2024\/01\/Chicharo-1-scaled.jpg\",\"contentUrl\":\"https:\/\/esbozodeportivo.com\/wp-content\/uploads\/2024\/01\/Chicharo-1-scaled.jpg\",\"width\":1707,\"height\":2560},{\"@type\":\"BreadcrumbList\",\"@id\":\"https:\/\/esbozodeportivo.com\/index.php\/2024\/01\/29\/javier-hernandez-vuelve-a-casa\/#breadcrumb\",\"itemListElement\":[{\"@type\":\"ListItem\",\"position\":1,\"name\":\"Inicio\",\"item\":\"https:\/\/esbozodeportivo.com\/\"},{\"@type\":\"ListItem\",\"position\":2,\"name\":\"Javier Hern\u00e1ndez vuelve a casa\"}]},{\"@type\":\"WebSite\",\"@id\":\"https:\/\/esbozodeportivo.com\/#website\",\"url\":\"https:\/\/esbozodeportivo.com\/\",\"name\":\"Esbozo Deportivo\",\"description\":\"Lo m\u00e1s importante del Deporte\",\"publisher\":{\"@id\":\"https:\/\/esbozodeportivo.com\/#organization\"},\"potentialAction\":[{\"@type\":\"SearchAction\",\"target\":{\"@type\":\"EntryPoint\",\"urlTemplate\":\"https:\/\/esbozodeportivo.com\/?s={search_term_string}\"},\"query-input\":{\"@type\":\"PropertyValueSpecification\",\"valueRequired\":true,\"valueName\":\"search_term_string\"}}],\"inLanguage\":\"es\"},{\"@type\":\"Organization\",\"@id\":\"https:\/\/esbozodeportivo.com\/#organization\",\"name\":\"Esbozo Deportivo\",\"url\":\"https:\/\/esbozodeportivo.com\/\",\"logo\":{\"@type\":\"ImageObject\",\"inLanguage\":\"es\",\"@id\":\"https:\/\/esbozodeportivo.com\/#\/schema\/logo\/image\/\",\"url\":\"https:\/\/esbozodeportivo.com\/wp-content\/uploads\/2022\/08\/cropped-Logo-Esbozo-Web-2.png\",\"contentUrl\":\"https:\/\/esbozodeportivo.com\/wp-content\/uploads\/2022\/08\/cropped-Logo-Esbozo-Web-2.png\",\"width\":180,\"height\":50,\"caption\":\"Esbozo Deportivo\"},\"image\":{\"@id\":\"https:\/\/esbozodeportivo.com\/#\/schema\/logo\/image\/\"}},{\"@type\":\"Person\",\"@id\":\"https:\/\/esbozodeportivo.com\/#\/schema\/person\/7277119c98823aec37bbb84e125efd44\",\"name\":\"Javier De La Cruz\",\"image\":{\"@type\":\"ImageObject\",\"inLanguage\":\"es\",\"@id\":\"https:\/\/esbozodeportivo.com\/#\/schema\/person\/image\/\",\"url\":\"https:\/\/secure.gravatar.com\/avatar\/366235a56d20f1a6e8e3d0b295897639357bea880470ddf261d17bb0bc052eb1?s=96&d=mm&r=g\",\"contentUrl\":\"https:\/\/secure.gravatar.com\/avatar\/366235a56d20f1a6e8e3d0b295897639357bea880470ddf261d17bb0bc052eb1?s=96&d=mm&r=g\",\"caption\":\"Javier De La Cruz\"},\"url\":\"https:\/\/esbozodeportivo.com\/index.php\/author\/javier-de-la-cruz-de-la-cruz\/\"}]}<\/script>\n<!-- \/ Yoast SEO plugin. -->","yoast_head_json":{"title":"Javier Hern\u00e1ndez vuelve a casa - Esbozo Deportivo","robots":{"index":"index","follow":"follow","max-snippet":"max-snippet:-1","max-image-preview":"max-image-preview:large","max-video-preview":"max-video-preview:-1"},"canonical":"https:\/\/esbozodeportivo.com\/index.php\/2024\/01\/29\/javier-hernandez-vuelve-a-casa\/","og_locale":"es_MX","og_type":"article","og_title":"Javier Hern\u00e1ndez vuelve a casa - Esbozo Deportivo","og_description":"(Foto: @Chivas) \u00a0 GUADALAJARA, JALISCO (Agencias).-\u00a0 Cuando Jorge Vergara vendi\u00f3 a Javier Hern\u00e1ndez al Manchester","og_url":"https:\/\/esbozodeportivo.com\/index.php\/2024\/01\/29\/javier-hernandez-vuelve-a-casa\/","og_site_name":"Esbozo Deportivo","article_published_time":"2024-01-29T04:17:09+00:00","article_modified_time":"2024-01-29T04:18:32+00:00","og_image":[{"url":"https:\/\/esbozodeportivo.com\/wp-content\/uploads\/2024\/01\/Chicharo-1-683x1024.jpg","type":"","width":"","height":""}],"author":"Javier De La Cruz","twitter_card":"summary_large_image","twitter_misc":{"Escrito por":"Javier De La Cruz","Tiempo de lectura":"2 minutos"},"schema":{"@context":"https:\/\/schema.org","@graph":[{"@type":"Article","@id":"https:\/\/esbozodeportivo.com\/index.php\/2024\/01\/29\/javier-hernandez-vuelve-a-casa\/#article","isPartOf":{"@id":"https:\/\/esbozodeportivo.com\/index.php\/2024\/01\/29\/javier-hernandez-vuelve-a-casa\/"},"author":{"name":"Javier De La Cruz","@id":"https:\/\/esbozodeportivo.com\/#\/schema\/person\/7277119c98823aec37bbb84e125efd44"},"headline":"Javier Hern\u00e1ndez vuelve a casa","datePublished":"2024-01-29T04:17:09+00:00","dateModified":"2024-01-29T04:18:32+00:00","mainEntityOfPage":{"@id":"https:\/\/esbozodeportivo.com\/index.php\/2024\/01\/29\/javier-hernandez-vuelve-a-casa\/"},"wordCount":433,"commentCount":0,"publisher":{"@id":"https:\/\/esbozodeportivo.com\/#organization"},"image":{"@id":"https:\/\/esbozodeportivo.com\/index.php\/2024\/01\/29\/javier-hernandez-vuelve-a-casa\/#primaryimage"},"thumbnailUrl":"https:\/\/esbozodeportivo.com\/wp-content\/uploads\/2024\/01\/Chicharo-1-683x1024.jpg","articleSection":["Liga MX"],"inLanguage":"es","potentialAction":[{"@type":"CommentAction","name":"Comment","target":["https:\/\/esbozodeportivo.com\/index.php\/2024\/01\/29\/javier-hernandez-vuelve-a-casa\/#respond"]}]},{"@type":"WebPage","@id":"https:\/\/esbozodeportivo.com\/index.php\/2024\/01\/29\/javier-hernandez-vuelve-a-casa\/","url":"https:\/\/esbozodeportivo.com\/index.php\/2024\/01\/29\/javier-hernandez-vuelve-a-casa\/","name":"Javier Hern\u00e1ndez vuelve a casa - Esbozo Deportivo","isPartOf":{"@id":"https:\/\/esbozodeportivo.com\/#website"},"primaryImageOfPage":{"@id":"https:\/\/esbozodeportivo.com\/index.php\/2024\/01\/29\/javier-hernandez-vuelve-a-casa\/#primaryimage"},"image":{"@id":"https:\/\/esbozodeportivo.com\/index.php\/2024\/01\/29\/javier-hernandez-vuelve-a-casa\/#primaryimage"},"thumbnailUrl":"https:\/\/esbozodeportivo.com\/wp-content\/uploads\/2024\/01\/Chicharo-1-683x1024.jpg","datePublished":"2024-01-29T04:17:09+00:00","dateModified":"2024-01-29T04:18:32+00:00","breadcrumb":{"@id":"https:\/\/esbozodeportivo.com\/index.php\/2024\/01\/29\/javier-hernandez-vuelve-a-casa\/#breadcrumb"},"inLanguage":"es","potentialAction":[{"@type":"ReadAction","target":["https:\/\/esbozodeportivo.com\/index.php\/2024\/01\/29\/javier-hernandez-vuelve-a-casa\/"]}]},{"@type":"ImageObject","inLanguage":"es","@id":"https:\/\/esbozodeportivo.com\/index.php\/2024\/01\/29\/javier-hernandez-vuelve-a-casa\/#primaryimage","url":"https:\/\/esbozodeportivo.com\/wp-content\/uploads\/2024\/01\/Chicharo-1-scaled.jpg","contentUrl":"https:\/\/esbozodeportivo.com\/wp-content\/uploads\/2024\/01\/Chicharo-1-scaled.jpg","width":1707,"height":2560},{"@type":"BreadcrumbList","@id":"https:\/\/esbozodeportivo.com\/index.php\/2024\/01\/29\/javier-hernandez-vuelve-a-casa\/#breadcrumb","itemListElement":[{"@type":"ListItem","position":1,"name":"Inicio","item":"https:\/\/esbozodeportivo.com\/"},{"@type":"ListItem","position":2,"name":"Javier Hern\u00e1ndez vuelve a casa"}]},{"@type":"WebSite","@id":"https:\/\/esbozodeportivo.com\/#website","url":"https:\/\/esbozodeportivo.com\/","name":"Esbozo Deportivo","description":"Lo m\u00e1s importante del Deporte","publisher":{"@id":"https:\/\/esbozodeportivo.com\/#organization"},"potentialAction":[{"@type":"SearchAction","target":{"@type":"EntryPoint","urlTemplate":"https:\/\/esbozodeportivo.com\/?s={search_term_string}"},"query-input":{"@type":"PropertyValueSpecification","valueRequired":true,"valueName":"search_term_string"}}],"inLanguage":"es"},{"@type":"Organization","@id":"https:\/\/esbozodeportivo.com\/#organization","name":"Esbozo Deportivo","url":"https:\/\/esbozodeportivo.com\/","logo":{"@type":"ImageObject","inLanguage":"es","@id":"https:\/\/esbozodeportivo.com\/#\/schema\/logo\/image\/","url":"https:\/\/esbozodeportivo.com\/wp-content\/uploads\/2022\/08\/cropped-Logo-Esbozo-Web-2.png","contentUrl":"https:\/\/esbozodeportivo.com\/wp-content\/uploads\/2022\/08\/cropped-Logo-Esbozo-Web-2.png","width":180,"height":50,"caption":"Esbozo Deportivo"},"image":{"@id":"https:\/\/esbozodeportivo.com\/#\/schema\/logo\/image\/"}},{"@type":"Person","@id":"https:\/\/esbozodeportivo.com\/#\/schema\/person\/7277119c98823aec37bbb84e125efd44","name":"Javier De La Cruz","image":{"@type":"ImageObject","inLanguage":"es","@id":"https:\/\/esbozodeportivo.com\/#\/schema\/person\/image\/","url":"https:\/\/secure.gravatar.com\/avatar\/366235a56d20f1a6e8e3d0b295897639357bea880470ddf261d17bb0bc052eb1?s=96&d=mm&r=g","contentUrl":"https:\/\/secure.gravatar.com\/avatar\/366235a56d20f1a6e8e3d0b295897639357bea880470ddf261d17bb0bc052eb1?s=96&d=mm&r=g","caption":"Javier De La Cruz"},"url":"https:\/\/esbozodeportivo.com\/index.php\/author\/javier-de-la-cruz-de-la-cruz\/"}]}},"jetpack_featured_media_url":"","jetpack_sharing_enabled":true,"_links":{"self":[{"href":"https:\/\/esbozodeportivo.com\/index.php\/wp-json\/wp\/v2\/posts\/2476","targetHints":{"allow":["GET"]}}],"collection":[{"href":"https:\/\/esbozodeportivo.com\/index.php\/wp-json\/wp\/v2\/posts"}],"about":[{"href":"https:\/\/esbozodeportivo.com\/index.php\/wp-json\/wp\/v2\/types\/post"}],"author":[{"embeddable":true,"href":"https:\/\/esbozodeportivo.com\/index.php\/wp-json\/wp\/v2\/users\/2"}],"replies":[{"embeddable":true,"href":"https:\/\/esbozodeportivo.com\/index.php\/wp-json\/wp\/v2\/comments?post=2476"}],"version-history":[{"count":4,"href":"https:\/\/esbozodeportivo.com\/index.php\/wp-json\/wp\/v2\/posts\/2476\/revisions"}],"predecessor-version":[{"id":2480,"href":"https:\/\/esbozodeportivo.com\/index.php\/wp-json\/wp\/v2\/posts\/2476\/revisions\/2480"}],"wp:attachment":[{"href":"https:\/\/esbozodeportivo.com\/index.php\/wp-json\/wp\/v2\/media?parent=2476"}],"wp:term":[{"taxonomy":"category","embeddable":true,"href":"https:\/\/esbozodeportivo.com\/index.php\/wp-json\/wp\/v2\/categories?post=2476"},{"taxonomy":"post_tag","embeddable":true,"href":"https:\/\/esbozodeportivo.com\/index.php\/wp-json\/wp\/v2\/tags?post=2476"}],"curies":[{"name":"wp","href":"https:\/\/api.w.org\/{rel}","templated":true}]}}