{"id":2545,"date":"2024-02-01T06:41:40","date_gmt":"2024-02-01T06:41:40","guid":{"rendered":"https:\/\/esbozodeportivo.com\/?p=2545"},"modified":"2024-02-01T06:43:26","modified_gmt":"2024-02-01T06:43:26","slug":"messi-y-el-inter-miami-quieren-el-subcampeonato","status":"publish","type":"post","link":"https:\/\/esbozodeportivo.com\/index.php\/2024\/02\/01\/messi-y-el-inter-miami-quieren-el-subcampeonato\/","title":{"rendered":"Messi y el Inter Miami quieren el subcampeonato"},"content":{"rendered":"<style>\/*! elementor - v3.19.0 - 29-01-2024 *\/\n.elementor-widget-image{text-align:center}.elementor-widget-image a{display:inline-block}.elementor-widget-image a img[src$=\".svg\"]{width:48px}.elementor-widget-image img{vertical-align:middle;display:inline-block}<\/style>\n<p>\t\t\t\t\t\t\t\t\t\t<img loading=\"lazy\" decoding=\"async\" width=\"640\" height=\"799\" src=\"https:\/\/esbozodeportivo.com\/wp-content\/uploads\/2024\/02\/Inter-messi-820x1024.jpg\" alt=\"\" srcset=\"https:\/\/esbozodeportivo.com\/wp-content\/uploads\/2024\/02\/Inter-messi-820x1024.jpg 820w, https:\/\/esbozodeportivo.com\/wp-content\/uploads\/2024\/02\/Inter-messi-240x300.jpg 240w, https:\/\/esbozodeportivo.com\/wp-content\/uploads\/2024\/02\/Inter-messi-768x959.jpg 768w, https:\/\/esbozodeportivo.com\/wp-content\/uploads\/2024\/02\/Inter-messi-1230x1536.jpg 1230w, https:\/\/esbozodeportivo.com\/wp-content\/uploads\/2024\/02\/Inter-messi-1024x1279.jpg 1024w, https:\/\/esbozodeportivo.com\/wp-content\/uploads\/2024\/02\/Inter-messi.jpg 1640w\" sizes=\"auto, (max-width: 640px) 100vw, 640px\" \/>\t\t\t\t\t\t\t\t\t\t\t\t\t<\/p>\n<p>(Foto:@InterMiamiCF)<\/p>\n<p>NUEVA YORK (Agencias).- Con un nuevo formato de sedes que premia a los equipos m\u00e1s regulares en cada liga, la CONCACAF anunci\u00f3 el mi\u00e9rcoles los 16 grupos que conformar\u00e1n la pr\u00f3xima edici\u00f3n de la Leagues Cup, el torneo binacional de clubes entre equipos de la MLS y la Liga MX.<\/p>\n<p>La pr\u00f3xima edici\u00f3n de Leagues Cup se jugar\u00e1 del 26 de julio al 25 de agosto pr\u00f3ximo en canchas de Estados Unidos. Las sedes para todos los encuentros ser\u00e1n anunciadas m\u00e1s adelante, indic\u00f3 la CONCACAF.<\/p>\n<p>La primera edici\u00f3n fue ganada por el Inter Miami \u2014 el primer t\u00edtulo del club \u2014 inmediatamente despu\u00e9s del impactante fichaje del astro argentino Lionel Messi. Enfrentar\u00e1n a Tigres y Puebla en el Grupo 3.<\/p>\n<p>El Am\u00e9rica, actual campe\u00f3n de M\u00e9xico, tendr\u00e1 pase directo a los dieciseisavos de final junto con el Columbus Crew, ganador de la Copa MLS en 2023.<\/p>\n<p>Para esta edici\u00f3n, a diferencia de la anterior, algunos clubes mexicanos tendr\u00e1n una carga menor de viajes dentro de Estados Unidos.<\/p>\n<p>La CONCACAF determin\u00f3 realizar una clasificaci\u00f3n de equipos tomando en cuenta la posici\u00f3n en la clasificaci\u00f3n en los dos torneos que se disputan en M\u00e9xico y para los de la MLS los puntos obtenidos en la Supporters Shields.<\/p>\n<p>Con esa clasificaci\u00f3n en cuenta, cuatro equipos mexicanos tendr\u00e1n el privilegio de tener sedes predeterminadas para jugar como locales en Estados Unidos. Am\u00e9rica, por ejemplo, no saldr\u00e1 de la ciudad que le designen hasta las semifinales, Monterrey hasta octavos de final, Chivas hasta dieciseisavos y Tigres s\u00f3lo en fase de grupos.<\/p>\n<p>En la pasada edici\u00f3n, los dirigentes, entrenadores y jugadores de los equipos de la Liga MX se quejaron de disparidad respecto a sus oponentes por tener que cambiar de sede en cada partido, mientras los equipos de la MLS recib\u00edan sus partidos en casa.<\/p>\n<p>El Monterrey, que es uno de los equipos mexicanos con privilegios de viaje, enfrentar\u00e1 a Pumas y el Austin FC en partidos por el Grupo 1 del Oeste.<\/p>\n<p>Chivas, uno de los dos equipos m\u00e1s populares en M\u00e9xico, y que tiene menores privilegios chocar\u00e1 en el Grupo 2 del Oeste con San Jos\u00e9 Earthquakes y con el LA Galaxy en lo que podr\u00eda ser el reencuentro de Javier \u201cChicharito\u201d Hern\u00e1ndez ante sus excompa\u00f1eros.<\/p>\n<p>El Le\u00f3n, campe\u00f3n reinante de la CONCACAF y con Andr\u00e9s Guardado en sus filas, qued\u00f3 en el Grupo 5 del Oeste y se enfrentar\u00e1 con los Timbers de Portland y los Rapids de Colorado.<\/p>\n<p>Cruz Azul, otro de los equipos con mayor arrastre en M\u00e9xico, qued\u00f3 sembrado en el Gripo 4 del Este y se medir\u00e1 con el Filadelfia Union y el Charlotte FC.<\/p>\n<p>Los dos mejores de cada sector avanzan a la ronda de dieciseisavos de final.<\/p>\n<p>\u00a0<\/p>\n","protected":false},"excerpt":{"rendered":"<p>(Foto:@InterMiamiCF) NUEVA YORK (Agencias).- Con un nuevo formato de sedes que premia a los equipos<\/p>\n","protected":false},"author":2,"featured_media":0,"comment_status":"open","ping_status":"open","sticky":false,"template":"","format":"standard","meta":{"_jetpack_memberships_contains_paid_content":false,"footnotes":""},"categories":[14],"tags":[],"class_list":["post-2545","post","type-post","status-publish","format-standard","hentry","category-futbol"],"yoast_head":"<!-- This site is optimized with the Yoast SEO plugin v25.7 - https:\/\/yoast.com\/wordpress\/plugins\/seo\/ -->\n<title>Messi y el Inter Miami quieren el subcampeonato - Esbozo Deportivo<\/title>\n<meta name=\"robots\" content=\"index, follow, max-snippet:-1, max-image-preview:large, max-video-preview:-1\" \/>\n<link rel=\"canonical\" href=\"https:\/\/esbozodeportivo.com\/index.php\/2024\/02\/01\/messi-y-el-inter-miami-quieren-el-subcampeonato\/\" \/>\n<meta property=\"og:locale\" content=\"es_MX\" \/>\n<meta property=\"og:type\" content=\"article\" \/>\n<meta property=\"og:title\" content=\"Messi y el Inter Miami quieren el subcampeonato - Esbozo Deportivo\" \/>\n<meta property=\"og:description\" content=\"(Foto:@InterMiamiCF) NUEVA YORK (Agencias).- Con un nuevo formato de sedes que premia a los equipos\" \/>\n<meta property=\"og:url\" content=\"https:\/\/esbozodeportivo.com\/index.php\/2024\/02\/01\/messi-y-el-inter-miami-quieren-el-subcampeonato\/\" \/>\n<meta property=\"og:site_name\" content=\"Esbozo Deportivo\" \/>\n<meta property=\"article:published_time\" content=\"2024-02-01T06:41:40+00:00\" \/>\n<meta property=\"article:modified_time\" content=\"2024-02-01T06:43:26+00:00\" \/>\n<meta property=\"og:image\" content=\"https:\/\/esbozodeportivo.com\/wp-content\/uploads\/2024\/02\/Inter-messi-820x1024.jpg\" \/>\n<meta name=\"author\" content=\"Javier De La Cruz\" \/>\n<meta name=\"twitter:card\" content=\"summary_large_image\" \/>\n<meta name=\"twitter:label1\" content=\"Escrito por\" \/>\n\t<meta name=\"twitter:data1\" content=\"Javier De La Cruz\" \/>\n\t<meta name=\"twitter:label2\" content=\"Tiempo de lectura\" \/>\n\t<meta name=\"twitter:data2\" content=\"2 minutos\" \/>\n<script type=\"application\/ld+json\" class=\"yoast-schema-graph\">{\"@context\":\"https:\/\/schema.org\",\"@graph\":[{\"@type\":\"Article\",\"@id\":\"https:\/\/esbozodeportivo.com\/index.php\/2024\/02\/01\/messi-y-el-inter-miami-quieren-el-subcampeonato\/#article\",\"isPartOf\":{\"@id\":\"https:\/\/esbozodeportivo.com\/index.php\/2024\/02\/01\/messi-y-el-inter-miami-quieren-el-subcampeonato\/\"},\"author\":{\"name\":\"Javier De La Cruz\",\"@id\":\"https:\/\/esbozodeportivo.com\/#\/schema\/person\/7277119c98823aec37bbb84e125efd44\"},\"headline\":\"Messi y el Inter Miami quieren el subcampeonato\",\"datePublished\":\"2024-02-01T06:41:40+00:00\",\"dateModified\":\"2024-02-01T06:43:26+00:00\",\"mainEntityOfPage\":{\"@id\":\"https:\/\/esbozodeportivo.com\/index.php\/2024\/02\/01\/messi-y-el-inter-miami-quieren-el-subcampeonato\/\"},\"wordCount\":489,\"commentCount\":0,\"publisher\":{\"@id\":\"https:\/\/esbozodeportivo.com\/#organization\"},\"image\":{\"@id\":\"https:\/\/esbozodeportivo.com\/index.php\/2024\/02\/01\/messi-y-el-inter-miami-quieren-el-subcampeonato\/#primaryimage\"},\"thumbnailUrl\":\"https:\/\/esbozodeportivo.com\/wp-content\/uploads\/2024\/02\/Inter-messi-820x1024.jpg\",\"articleSection\":[\"Futbol Internacional\"],\"inLanguage\":\"es\",\"potentialAction\":[{\"@type\":\"CommentAction\",\"name\":\"Comment\",\"target\":[\"https:\/\/esbozodeportivo.com\/index.php\/2024\/02\/01\/messi-y-el-inter-miami-quieren-el-subcampeonato\/#respond\"]}]},{\"@type\":\"WebPage\",\"@id\":\"https:\/\/esbozodeportivo.com\/index.php\/2024\/02\/01\/messi-y-el-inter-miami-quieren-el-subcampeonato\/\",\"url\":\"https:\/\/esbozodeportivo.com\/index.php\/2024\/02\/01\/messi-y-el-inter-miami-quieren-el-subcampeonato\/\",\"name\":\"Messi y el Inter Miami quieren el subcampeonato - Esbozo Deportivo\",\"isPartOf\":{\"@id\":\"https:\/\/esbozodeportivo.com\/#website\"},\"primaryImageOfPage\":{\"@id\":\"https:\/\/esbozodeportivo.com\/index.php\/2024\/02\/01\/messi-y-el-inter-miami-quieren-el-subcampeonato\/#primaryimage\"},\"image\":{\"@id\":\"https:\/\/esbozodeportivo.com\/index.php\/2024\/02\/01\/messi-y-el-inter-miami-quieren-el-subcampeonato\/#primaryimage\"},\"thumbnailUrl\":\"https:\/\/esbozodeportivo.com\/wp-content\/uploads\/2024\/02\/Inter-messi-820x1024.jpg\",\"datePublished\":\"2024-02-01T06:41:40+00:00\",\"dateModified\":\"2024-02-01T06:43:26+00:00\",\"breadcrumb\":{\"@id\":\"https:\/\/esbozodeportivo.com\/index.php\/2024\/02\/01\/messi-y-el-inter-miami-quieren-el-subcampeonato\/#breadcrumb\"},\"inLanguage\":\"es\",\"potentialAction\":[{\"@type\":\"ReadAction\",\"target\":[\"https:\/\/esbozodeportivo.com\/index.php\/2024\/02\/01\/messi-y-el-inter-miami-quieren-el-subcampeonato\/\"]}]},{\"@type\":\"ImageObject\",\"inLanguage\":\"es\",\"@id\":\"https:\/\/esbozodeportivo.com\/index.php\/2024\/02\/01\/messi-y-el-inter-miami-quieren-el-subcampeonato\/#primaryimage\",\"url\":\"https:\/\/esbozodeportivo.com\/wp-content\/uploads\/2024\/02\/Inter-messi.jpg\",\"contentUrl\":\"https:\/\/esbozodeportivo.com\/wp-content\/uploads\/2024\/02\/Inter-messi.jpg\",\"width\":1640,\"height\":2048},{\"@type\":\"BreadcrumbList\",\"@id\":\"https:\/\/esbozodeportivo.com\/index.php\/2024\/02\/01\/messi-y-el-inter-miami-quieren-el-subcampeonato\/#breadcrumb\",\"itemListElement\":[{\"@type\":\"ListItem\",\"position\":1,\"name\":\"Inicio\",\"item\":\"https:\/\/esbozodeportivo.com\/\"},{\"@type\":\"ListItem\",\"position\":2,\"name\":\"Messi y el Inter Miami quieren el subcampeonato\"}]},{\"@type\":\"WebSite\",\"@id\":\"https:\/\/esbozodeportivo.com\/#website\",\"url\":\"https:\/\/esbozodeportivo.com\/\",\"name\":\"Esbozo Deportivo\",\"description\":\"Lo m\u00e1s importante del Deporte\",\"publisher\":{\"@id\":\"https:\/\/esbozodeportivo.com\/#organization\"},\"potentialAction\":[{\"@type\":\"SearchAction\",\"target\":{\"@type\":\"EntryPoint\",\"urlTemplate\":\"https:\/\/esbozodeportivo.com\/?s={search_term_string}\"},\"query-input\":{\"@type\":\"PropertyValueSpecification\",\"valueRequired\":true,\"valueName\":\"search_term_string\"}}],\"inLanguage\":\"es\"},{\"@type\":\"Organization\",\"@id\":\"https:\/\/esbozodeportivo.com\/#organization\",\"name\":\"Esbozo Deportivo\",\"url\":\"https:\/\/esbozodeportivo.com\/\",\"logo\":{\"@type\":\"ImageObject\",\"inLanguage\":\"es\",\"@id\":\"https:\/\/esbozodeportivo.com\/#\/schema\/logo\/image\/\",\"url\":\"https:\/\/esbozodeportivo.com\/wp-content\/uploads\/2022\/08\/cropped-Logo-Esbozo-Web-2.png\",\"contentUrl\":\"https:\/\/esbozodeportivo.com\/wp-content\/uploads\/2022\/08\/cropped-Logo-Esbozo-Web-2.png\",\"width\":180,\"height\":50,\"caption\":\"Esbozo Deportivo\"},\"image\":{\"@id\":\"https:\/\/esbozodeportivo.com\/#\/schema\/logo\/image\/\"}},{\"@type\":\"Person\",\"@id\":\"https:\/\/esbozodeportivo.com\/#\/schema\/person\/7277119c98823aec37bbb84e125efd44\",\"name\":\"Javier De La Cruz\",\"image\":{\"@type\":\"ImageObject\",\"inLanguage\":\"es\",\"@id\":\"https:\/\/esbozodeportivo.com\/#\/schema\/person\/image\/\",\"url\":\"https:\/\/secure.gravatar.com\/avatar\/366235a56d20f1a6e8e3d0b295897639357bea880470ddf261d17bb0bc052eb1?s=96&d=mm&r=g\",\"contentUrl\":\"https:\/\/secure.gravatar.com\/avatar\/366235a56d20f1a6e8e3d0b295897639357bea880470ddf261d17bb0bc052eb1?s=96&d=mm&r=g\",\"caption\":\"Javier De La Cruz\"},\"url\":\"https:\/\/esbozodeportivo.com\/index.php\/author\/javier-de-la-cruz-de-la-cruz\/\"}]}<\/script>\n<!-- \/ Yoast SEO plugin. -->","yoast_head_json":{"title":"Messi y el Inter Miami quieren el subcampeonato - Esbozo Deportivo","robots":{"index":"index","follow":"follow","max-snippet":"max-snippet:-1","max-image-preview":"max-image-preview:large","max-video-preview":"max-video-preview:-1"},"canonical":"https:\/\/esbozodeportivo.com\/index.php\/2024\/02\/01\/messi-y-el-inter-miami-quieren-el-subcampeonato\/","og_locale":"es_MX","og_type":"article","og_title":"Messi y el Inter Miami quieren el subcampeonato - Esbozo Deportivo","og_description":"(Foto:@InterMiamiCF) NUEVA YORK (Agencias).- Con un nuevo formato de sedes que premia a los equipos","og_url":"https:\/\/esbozodeportivo.com\/index.php\/2024\/02\/01\/messi-y-el-inter-miami-quieren-el-subcampeonato\/","og_site_name":"Esbozo Deportivo","article_published_time":"2024-02-01T06:41:40+00:00","article_modified_time":"2024-02-01T06:43:26+00:00","og_image":[{"url":"https:\/\/esbozodeportivo.com\/wp-content\/uploads\/2024\/02\/Inter-messi-820x1024.jpg","type":"","width":"","height":""}],"author":"Javier De La Cruz","twitter_card":"summary_large_image","twitter_misc":{"Escrito por":"Javier De La Cruz","Tiempo de lectura":"2 minutos"},"schema":{"@context":"https:\/\/schema.org","@graph":[{"@type":"Article","@id":"https:\/\/esbozodeportivo.com\/index.php\/2024\/02\/01\/messi-y-el-inter-miami-quieren-el-subcampeonato\/#article","isPartOf":{"@id":"https:\/\/esbozodeportivo.com\/index.php\/2024\/02\/01\/messi-y-el-inter-miami-quieren-el-subcampeonato\/"},"author":{"name":"Javier De La Cruz","@id":"https:\/\/esbozodeportivo.com\/#\/schema\/person\/7277119c98823aec37bbb84e125efd44"},"headline":"Messi y el Inter Miami quieren el subcampeonato","datePublished":"2024-02-01T06:41:40+00:00","dateModified":"2024-02-01T06:43:26+00:00","mainEntityOfPage":{"@id":"https:\/\/esbozodeportivo.com\/index.php\/2024\/02\/01\/messi-y-el-inter-miami-quieren-el-subcampeonato\/"},"wordCount":489,"commentCount":0,"publisher":{"@id":"https:\/\/esbozodeportivo.com\/#organization"},"image":{"@id":"https:\/\/esbozodeportivo.com\/index.php\/2024\/02\/01\/messi-y-el-inter-miami-quieren-el-subcampeonato\/#primaryimage"},"thumbnailUrl":"https:\/\/esbozodeportivo.com\/wp-content\/uploads\/2024\/02\/Inter-messi-820x1024.jpg","articleSection":["Futbol Internacional"],"inLanguage":"es","potentialAction":[{"@type":"CommentAction","name":"Comment","target":["https:\/\/esbozodeportivo.com\/index.php\/2024\/02\/01\/messi-y-el-inter-miami-quieren-el-subcampeonato\/#respond"]}]},{"@type":"WebPage","@id":"https:\/\/esbozodeportivo.com\/index.php\/2024\/02\/01\/messi-y-el-inter-miami-quieren-el-subcampeonato\/","url":"https:\/\/esbozodeportivo.com\/index.php\/2024\/02\/01\/messi-y-el-inter-miami-quieren-el-subcampeonato\/","name":"Messi y el Inter Miami quieren el subcampeonato - Esbozo Deportivo","isPartOf":{"@id":"https:\/\/esbozodeportivo.com\/#website"},"primaryImageOfPage":{"@id":"https:\/\/esbozodeportivo.com\/index.php\/2024\/02\/01\/messi-y-el-inter-miami-quieren-el-subcampeonato\/#primaryimage"},"image":{"@id":"https:\/\/esbozodeportivo.com\/index.php\/2024\/02\/01\/messi-y-el-inter-miami-quieren-el-subcampeonato\/#primaryimage"},"thumbnailUrl":"https:\/\/esbozodeportivo.com\/wp-content\/uploads\/2024\/02\/Inter-messi-820x1024.jpg","datePublished":"2024-02-01T06:41:40+00:00","dateModified":"2024-02-01T06:43:26+00:00","breadcrumb":{"@id":"https:\/\/esbozodeportivo.com\/index.php\/2024\/02\/01\/messi-y-el-inter-miami-quieren-el-subcampeonato\/#breadcrumb"},"inLanguage":"es","potentialAction":[{"@type":"ReadAction","target":["https:\/\/esbozodeportivo.com\/index.php\/2024\/02\/01\/messi-y-el-inter-miami-quieren-el-subcampeonato\/"]}]},{"@type":"ImageObject","inLanguage":"es","@id":"https:\/\/esbozodeportivo.com\/index.php\/2024\/02\/01\/messi-y-el-inter-miami-quieren-el-subcampeonato\/#primaryimage","url":"https:\/\/esbozodeportivo.com\/wp-content\/uploads\/2024\/02\/Inter-messi.jpg","contentUrl":"https:\/\/esbozodeportivo.com\/wp-content\/uploads\/2024\/02\/Inter-messi.jpg","width":1640,"height":2048},{"@type":"BreadcrumbList","@id":"https:\/\/esbozodeportivo.com\/index.php\/2024\/02\/01\/messi-y-el-inter-miami-quieren-el-subcampeonato\/#breadcrumb","itemListElement":[{"@type":"ListItem","position":1,"name":"Inicio","item":"https:\/\/esbozodeportivo.com\/"},{"@type":"ListItem","position":2,"name":"Messi y el Inter Miami quieren el subcampeonato"}]},{"@type":"WebSite","@id":"https:\/\/esbozodeportivo.com\/#website","url":"https:\/\/esbozodeportivo.com\/","name":"Esbozo Deportivo","description":"Lo m\u00e1s importante del Deporte","publisher":{"@id":"https:\/\/esbozodeportivo.com\/#organization"},"potentialAction":[{"@type":"SearchAction","target":{"@type":"EntryPoint","urlTemplate":"https:\/\/esbozodeportivo.com\/?s={search_term_string}"},"query-input":{"@type":"PropertyValueSpecification","valueRequired":true,"valueName":"search_term_string"}}],"inLanguage":"es"},{"@type":"Organization","@id":"https:\/\/esbozodeportivo.com\/#organization","name":"Esbozo Deportivo","url":"https:\/\/esbozodeportivo.com\/","logo":{"@type":"ImageObject","inLanguage":"es","@id":"https:\/\/esbozodeportivo.com\/#\/schema\/logo\/image\/","url":"https:\/\/esbozodeportivo.com\/wp-content\/uploads\/2022\/08\/cropped-Logo-Esbozo-Web-2.png","contentUrl":"https:\/\/esbozodeportivo.com\/wp-content\/uploads\/2022\/08\/cropped-Logo-Esbozo-Web-2.png","width":180,"height":50,"caption":"Esbozo Deportivo"},"image":{"@id":"https:\/\/esbozodeportivo.com\/#\/schema\/logo\/image\/"}},{"@type":"Person","@id":"https:\/\/esbozodeportivo.com\/#\/schema\/person\/7277119c98823aec37bbb84e125efd44","name":"Javier De La Cruz","image":{"@type":"ImageObject","inLanguage":"es","@id":"https:\/\/esbozodeportivo.com\/#\/schema\/person\/image\/","url":"https:\/\/secure.gravatar.com\/avatar\/366235a56d20f1a6e8e3d0b295897639357bea880470ddf261d17bb0bc052eb1?s=96&d=mm&r=g","contentUrl":"https:\/\/secure.gravatar.com\/avatar\/366235a56d20f1a6e8e3d0b295897639357bea880470ddf261d17bb0bc052eb1?s=96&d=mm&r=g","caption":"Javier De La Cruz"},"url":"https:\/\/esbozodeportivo.com\/index.php\/author\/javier-de-la-cruz-de-la-cruz\/"}]}},"jetpack_featured_media_url":"","jetpack_sharing_enabled":true,"_links":{"self":[{"href":"https:\/\/esbozodeportivo.com\/index.php\/wp-json\/wp\/v2\/posts\/2545","targetHints":{"allow":["GET"]}}],"collection":[{"href":"https:\/\/esbozodeportivo.com\/index.php\/wp-json\/wp\/v2\/posts"}],"about":[{"href":"https:\/\/esbozodeportivo.com\/index.php\/wp-json\/wp\/v2\/types\/post"}],"author":[{"embeddable":true,"href":"https:\/\/esbozodeportivo.com\/index.php\/wp-json\/wp\/v2\/users\/2"}],"replies":[{"embeddable":true,"href":"https:\/\/esbozodeportivo.com\/index.php\/wp-json\/wp\/v2\/comments?post=2545"}],"version-history":[{"count":4,"href":"https:\/\/esbozodeportivo.com\/index.php\/wp-json\/wp\/v2\/posts\/2545\/revisions"}],"predecessor-version":[{"id":2550,"href":"https:\/\/esbozodeportivo.com\/index.php\/wp-json\/wp\/v2\/posts\/2545\/revisions\/2550"}],"wp:attachment":[{"href":"https:\/\/esbozodeportivo.com\/index.php\/wp-json\/wp\/v2\/media?parent=2545"}],"wp:term":[{"taxonomy":"category","embeddable":true,"href":"https:\/\/esbozodeportivo.com\/index.php\/wp-json\/wp\/v2\/categories?post=2545"},{"taxonomy":"post_tag","embeddable":true,"href":"https:\/\/esbozodeportivo.com\/index.php\/wp-json\/wp\/v2\/tags?post=2545"}],"curies":[{"name":"wp","href":"https:\/\/api.w.org\/{rel}","templated":true}]}}