{"id":258,"date":"2022-08-27T00:52:18","date_gmt":"2022-08-27T00:52:18","guid":{"rendered":"https:\/\/esbozodeportivo.com\/?p=258"},"modified":"2022-09-10T05:32:57","modified_gmt":"2022-09-10T05:32:57","slug":"javier-hidalgo-inaugura-expo-maraton-cdmx-telcel-2022","status":"publish","type":"post","link":"https:\/\/esbozodeportivo.com\/index.php\/2022\/08\/27\/javier-hidalgo-inaugura-expo-maraton-cdmx-telcel-2022\/","title":{"rendered":"Javier Hidalgo, inaugura Expo Marat\u00f3n CDMX Telcel 2022"},"content":{"rendered":"<p>(Bolet\u00edn).- Se llev\u00f3 a cabo la inauguraci\u00f3n del Expo Marat\u00f3n de la Ciudad de M\u00e9xico Telcel 2022, en el World Trace Center, la cual encabez\u00f3 el director de INDEPORTE, Javier Hidalgo Ponce, quien estuvo acompa\u00f1ado por patrocinadores del evento y atletas destacados de maratones anteriores.<\/p>\n<p>Antes y durante la inauguraci\u00f3n de la Expo, los atletas participantes pudieron recoger su kit de corredor, la cual incluye unas bebidas, un jersey Adidas con la mejor tecnolog\u00eda deportivamente hablando, as\u00ed como recorrer cada uno de los stands de art\u00edculos relacionados a la carrera.<\/p>\n<style>\/*! elementor - v3.7.2 - 21-08-2022 *\/\n.elementor-widget-image{text-align:center}.elementor-widget-image a{display:inline-block}.elementor-widget-image a img[src$=\".svg\"]{width:48px}.elementor-widget-image img{vertical-align:middle;display:inline-block}<\/style>\n<p>\t\t\t\t\t\t\t\t\t\t\t\t<img decoding=\"async\" width=\"640\" height=\"426\" src=\"https:\/\/esbozodeportivo.com\/wp-content\/uploads\/2022\/08\/Expo-Maraton-1024x682.jpg\" alt=\"\" loading=\"lazy\" srcset=\"https:\/\/esbozodeportivo.com\/wp-content\/uploads\/2022\/08\/Expo-Maraton-1024x682.jpg 1024w, https:\/\/esbozodeportivo.com\/wp-content\/uploads\/2022\/08\/Expo-Maraton-300x200.jpg 300w, https:\/\/esbozodeportivo.com\/wp-content\/uploads\/2022\/08\/Expo-Maraton-768x512.jpg 768w, https:\/\/esbozodeportivo.com\/wp-content\/uploads\/2022\/08\/Expo-Maraton.jpg 1426w\" sizes=\"auto, (max-width: 640px) 100vw, 640px\" \/>\t\t\t\t\t\t\t\t\t\t\t\t\t\t\t<\/p>\n<p>Al tomar la palabra el director de INDEPORTE, se\u00f1al\u00f3 \u201cEstamos muy emocionados porque lleg\u00f3 esta gran fecha. Ha sido mucho tiempo de entrenamiento, de sacrificio y de convicci\u00f3n para los corredores. Vemos este Marat\u00f3n 2022 como un renacer tras la pandemia\u201d.<\/p>\n<p>Tambi\u00e9n apunt\u00f3 \u201cEl a\u00f1o pasado se inscribieron 13 mil corredoras y corredores, de los cuales terminaron 10 mil, y ahora estamos cerrando el registro con 19 mil 310 corredoras y corredores, esto habla del revivir de la Ciudad de M\u00e9xico y de este marat\u00f3n\u201d.<\/p>\n<p>\t\t\t\t\t\t\t\t\t\t\t\t\t\t\t<img decoding=\"async\" width=\"640\" height=\"426\" src=\"https:\/\/esbozodeportivo.com\/wp-content\/uploads\/2022\/08\/Expo-Maraton1-1024x682.jpg\" alt=\"\" loading=\"lazy\" srcset=\"https:\/\/esbozodeportivo.com\/wp-content\/uploads\/2022\/08\/Expo-Maraton1-1024x682.jpg 1024w, https:\/\/esbozodeportivo.com\/wp-content\/uploads\/2022\/08\/Expo-Maraton1-300x200.jpg 300w, https:\/\/esbozodeportivo.com\/wp-content\/uploads\/2022\/08\/Expo-Maraton1-768x512.jpg 768w, https:\/\/esbozodeportivo.com\/wp-content\/uploads\/2022\/08\/Expo-Maraton1-1536x1023.jpg 1536w, https:\/\/esbozodeportivo.com\/wp-content\/uploads\/2022\/08\/Expo-Maraton1.jpg 1600w\" sizes=\"auto, (max-width: 640px) 100vw, 640px\" \/>\t\t\t\t\t\t\t\t\t\t\t\t\t\t\t<\/p>\n<p>\u201cMantenemos la certificaci\u00f3n EVERGREEN, as\u00ed como la de la inclusi\u00f3n y la social con programas como \u201cPonte Pila\u201d y las cortes\u00edas que se dieron. El Marat\u00f3n de la Ciudad de M\u00e9xico Telcel 2022 se consolida como el mejor en Latinoam\u00e9rica\u201d.<\/p>\n<p>Adem\u00e1s, fue presentado el contingente de corredoras y corredores rar\u00e1muris: \u201cNos sentimos complacidos de que nuestros invitados de honor sean corredoras y corredores rar\u00e1muris que son un ejemplo para M\u00e9xico\u201d.<\/p>\n<p>\t\t\t\t\t\t\t\t\t\t\t\t\t\t\t<img decoding=\"async\" width=\"640\" height=\"427\" src=\"https:\/\/esbozodeportivo.com\/wp-content\/uploads\/2022\/08\/Expo-Maraton2-1024x683.jpg\" alt=\"\" loading=\"lazy\" srcset=\"https:\/\/esbozodeportivo.com\/wp-content\/uploads\/2022\/08\/Expo-Maraton2-1024x683.jpg 1024w, https:\/\/esbozodeportivo.com\/wp-content\/uploads\/2022\/08\/Expo-Maraton2-300x200.jpg 300w, https:\/\/esbozodeportivo.com\/wp-content\/uploads\/2022\/08\/Expo-Maraton2-768x512.jpg 768w, https:\/\/esbozodeportivo.com\/wp-content\/uploads\/2022\/08\/Expo-Maraton2.jpg 1500w\" sizes=\"auto, (max-width: 640px) 100vw, 640px\" \/>\t\t\t\t\t\t\t\t\t\t\t\t\t\t\t<\/p>\n<p>Adem\u00e1s, Miguel Vargas, quien hasta ahora hab\u00eda corrido en todas las ediciones del Marat\u00f3n de la Ciudad de M\u00e9xico (solamente interrumpido en 2020 por la pandemia), anunci\u00f3 que romper\u00e1 su racha y no participar\u00e1 en 2022 debido a las secuelas que le dej\u00f3 el COVID-19.<\/p>\n<p>\t\t\t\t\t\t\t\t\t\t\t\t\t\t\t<img decoding=\"async\" width=\"640\" height=\"426\" src=\"https:\/\/esbozodeportivo.com\/wp-content\/uploads\/2022\/08\/Expo-Maraton3-1024x682.jpg\" alt=\"\" loading=\"lazy\" srcset=\"https:\/\/esbozodeportivo.com\/wp-content\/uploads\/2022\/08\/Expo-Maraton3-1024x682.jpg 1024w, https:\/\/esbozodeportivo.com\/wp-content\/uploads\/2022\/08\/Expo-Maraton3-300x200.jpg 300w, https:\/\/esbozodeportivo.com\/wp-content\/uploads\/2022\/08\/Expo-Maraton3-768x512.jpg 768w, https:\/\/esbozodeportivo.com\/wp-content\/uploads\/2022\/08\/Expo-Maraton3-1536x1023.jpg 1536w, https:\/\/esbozodeportivo.com\/wp-content\/uploads\/2022\/08\/Expo-Maraton3.jpg 1600w\" sizes=\"auto, (max-width: 640px) 100vw, 640px\" \/>\t\t\t\t\t\t\t\t\t\t\t\t\t\t\t<\/p>\n<p>\u201cEstoy aqu\u00ed para notificarles que doy por terminado mi r\u00e9cord de 38 Maratones de la Ciudad de M\u00e9xico, de 1983 a 2021. He participado con mucho orgullo, dedicaci\u00f3n a Dios, a mi querida Ciudad de M\u00e9xico, al p\u00fablico, familia y amigos que me han motivado\u201d, declar\u00f3 Vargas durante la Expo Marat\u00f3n.<\/p>\n<p>\t\t\t\t\t\t\t\t\t\t\t\t\t\t\t<img decoding=\"async\" width=\"640\" height=\"458\" src=\"https:\/\/esbozodeportivo.com\/wp-content\/uploads\/2022\/08\/Expo-Maraton4-1024x733.jpg\" alt=\"\" loading=\"lazy\" srcset=\"https:\/\/esbozodeportivo.com\/wp-content\/uploads\/2022\/08\/Expo-Maraton4-1024x733.jpg 1024w, https:\/\/esbozodeportivo.com\/wp-content\/uploads\/2022\/08\/Expo-Maraton4-300x215.jpg 300w, https:\/\/esbozodeportivo.com\/wp-content\/uploads\/2022\/08\/Expo-Maraton4-768x550.jpg 768w, https:\/\/esbozodeportivo.com\/wp-content\/uploads\/2022\/08\/Expo-Maraton4-1536x1099.jpg 1536w, https:\/\/esbozodeportivo.com\/wp-content\/uploads\/2022\/08\/Expo-Maraton4.jpg 1600w\" sizes=\"auto, (max-width: 640px) 100vw, 640px\" \/>\t\t\t\t\t\t\t\t\t\t\t\t\t\t\t<\/p>\n<p style=\"margin: 0cm; margin-bottom: .0001pt; text-align: justify;\">(Fotos: INDEPORTE) <\/p>\n","protected":false},"excerpt":{"rendered":"<p>(Bolet\u00edn).- Se llev\u00f3 a cabo la inauguraci\u00f3n del Expo Marat\u00f3n de la Ciudad de M\u00e9xico<\/p>\n","protected":false},"author":2,"featured_media":0,"comment_status":"open","ping_status":"open","sticky":false,"template":"","format":"standard","meta":{"_jetpack_memberships_contains_paid_content":false,"footnotes":""},"categories":[5],"tags":[],"class_list":["post-258","post","type-post","status-publish","format-standard","hentry","category-amateur"],"yoast_head":"<!-- This site is optimized with the Yoast SEO plugin v25.7 - https:\/\/yoast.com\/wordpress\/plugins\/seo\/ -->\n<title>Javier Hidalgo, inaugura Expo Marat\u00f3n CDMX Telcel 2022 - Esbozo Deportivo<\/title>\n<meta name=\"robots\" content=\"index, follow, max-snippet:-1, max-image-preview:large, max-video-preview:-1\" \/>\n<link rel=\"canonical\" href=\"https:\/\/esbozodeportivo.com\/index.php\/2022\/08\/27\/javier-hidalgo-inaugura-expo-maraton-cdmx-telcel-2022\/\" \/>\n<meta property=\"og:locale\" content=\"es_MX\" \/>\n<meta property=\"og:type\" content=\"article\" \/>\n<meta property=\"og:title\" content=\"Javier Hidalgo, inaugura Expo Marat\u00f3n CDMX Telcel 2022 - Esbozo Deportivo\" \/>\n<meta property=\"og:description\" content=\"(Bolet\u00edn).- Se llev\u00f3 a cabo la inauguraci\u00f3n del Expo Marat\u00f3n de la Ciudad de M\u00e9xico\" \/>\n<meta property=\"og:url\" content=\"https:\/\/esbozodeportivo.com\/index.php\/2022\/08\/27\/javier-hidalgo-inaugura-expo-maraton-cdmx-telcel-2022\/\" \/>\n<meta property=\"og:site_name\" content=\"Esbozo Deportivo\" \/>\n<meta property=\"article:published_time\" content=\"2022-08-27T00:52:18+00:00\" \/>\n<meta property=\"article:modified_time\" content=\"2022-09-10T05:32:57+00:00\" \/>\n<meta property=\"og:image\" content=\"https:\/\/esbozodeportivo.com\/wp-content\/uploads\/2022\/08\/Expo-Maraton-1024x682.jpg\" \/>\n<meta name=\"author\" content=\"Javier De La Cruz\" \/>\n<meta name=\"twitter:card\" content=\"summary_large_image\" \/>\n<meta name=\"twitter:label1\" content=\"Escrito por\" \/>\n\t<meta name=\"twitter:data1\" content=\"Javier De La Cruz\" \/>\n\t<meta name=\"twitter:label2\" content=\"Tiempo de lectura\" \/>\n\t<meta name=\"twitter:data2\" content=\"2 minutos\" \/>\n<script type=\"application\/ld+json\" class=\"yoast-schema-graph\">{\"@context\":\"https:\/\/schema.org\",\"@graph\":[{\"@type\":\"Article\",\"@id\":\"https:\/\/esbozodeportivo.com\/index.php\/2022\/08\/27\/javier-hidalgo-inaugura-expo-maraton-cdmx-telcel-2022\/#article\",\"isPartOf\":{\"@id\":\"https:\/\/esbozodeportivo.com\/index.php\/2022\/08\/27\/javier-hidalgo-inaugura-expo-maraton-cdmx-telcel-2022\/\"},\"author\":{\"name\":\"Javier De La Cruz\",\"@id\":\"https:\/\/esbozodeportivo.com\/#\/schema\/person\/7277119c98823aec37bbb84e125efd44\"},\"headline\":\"Javier Hidalgo, inaugura Expo Marat\u00f3n CDMX Telcel 2022\",\"datePublished\":\"2022-08-27T00:52:18+00:00\",\"dateModified\":\"2022-09-10T05:32:57+00:00\",\"mainEntityOfPage\":{\"@id\":\"https:\/\/esbozodeportivo.com\/index.php\/2022\/08\/27\/javier-hidalgo-inaugura-expo-maraton-cdmx-telcel-2022\/\"},\"wordCount\":375,\"commentCount\":0,\"publisher\":{\"@id\":\"https:\/\/esbozodeportivo.com\/#organization\"},\"image\":{\"@id\":\"https:\/\/esbozodeportivo.com\/index.php\/2022\/08\/27\/javier-hidalgo-inaugura-expo-maraton-cdmx-telcel-2022\/#primaryimage\"},\"thumbnailUrl\":\"https:\/\/esbozodeportivo.com\/wp-content\/uploads\/2022\/08\/Expo-Maraton-1024x682.jpg\",\"articleSection\":[\"Amateur\"],\"inLanguage\":\"es\",\"potentialAction\":[{\"@type\":\"CommentAction\",\"name\":\"Comment\",\"target\":[\"https:\/\/esbozodeportivo.com\/index.php\/2022\/08\/27\/javier-hidalgo-inaugura-expo-maraton-cdmx-telcel-2022\/#respond\"]}]},{\"@type\":\"WebPage\",\"@id\":\"https:\/\/esbozodeportivo.com\/index.php\/2022\/08\/27\/javier-hidalgo-inaugura-expo-maraton-cdmx-telcel-2022\/\",\"url\":\"https:\/\/esbozodeportivo.com\/index.php\/2022\/08\/27\/javier-hidalgo-inaugura-expo-maraton-cdmx-telcel-2022\/\",\"name\":\"Javier Hidalgo, inaugura Expo Marat\u00f3n CDMX Telcel 2022 - Esbozo Deportivo\",\"isPartOf\":{\"@id\":\"https:\/\/esbozodeportivo.com\/#website\"},\"primaryImageOfPage\":{\"@id\":\"https:\/\/esbozodeportivo.com\/index.php\/2022\/08\/27\/javier-hidalgo-inaugura-expo-maraton-cdmx-telcel-2022\/#primaryimage\"},\"image\":{\"@id\":\"https:\/\/esbozodeportivo.com\/index.php\/2022\/08\/27\/javier-hidalgo-inaugura-expo-maraton-cdmx-telcel-2022\/#primaryimage\"},\"thumbnailUrl\":\"https:\/\/esbozodeportivo.com\/wp-content\/uploads\/2022\/08\/Expo-Maraton-1024x682.jpg\",\"datePublished\":\"2022-08-27T00:52:18+00:00\",\"dateModified\":\"2022-09-10T05:32:57+00:00\",\"breadcrumb\":{\"@id\":\"https:\/\/esbozodeportivo.com\/index.php\/2022\/08\/27\/javier-hidalgo-inaugura-expo-maraton-cdmx-telcel-2022\/#breadcrumb\"},\"inLanguage\":\"es\",\"potentialAction\":[{\"@type\":\"ReadAction\",\"target\":[\"https:\/\/esbozodeportivo.com\/index.php\/2022\/08\/27\/javier-hidalgo-inaugura-expo-maraton-cdmx-telcel-2022\/\"]}]},{\"@type\":\"ImageObject\",\"inLanguage\":\"es\",\"@id\":\"https:\/\/esbozodeportivo.com\/index.php\/2022\/08\/27\/javier-hidalgo-inaugura-expo-maraton-cdmx-telcel-2022\/#primaryimage\",\"url\":\"https:\/\/esbozodeportivo.com\/wp-content\/uploads\/2022\/08\/Expo-Maraton.jpg\",\"contentUrl\":\"https:\/\/esbozodeportivo.com\/wp-content\/uploads\/2022\/08\/Expo-Maraton.jpg\",\"width\":1426,\"height\":950},{\"@type\":\"BreadcrumbList\",\"@id\":\"https:\/\/esbozodeportivo.com\/index.php\/2022\/08\/27\/javier-hidalgo-inaugura-expo-maraton-cdmx-telcel-2022\/#breadcrumb\",\"itemListElement\":[{\"@type\":\"ListItem\",\"position\":1,\"name\":\"Inicio\",\"item\":\"https:\/\/esbozodeportivo.com\/\"},{\"@type\":\"ListItem\",\"position\":2,\"name\":\"Javier Hidalgo, inaugura Expo Marat\u00f3n CDMX Telcel 2022\"}]},{\"@type\":\"WebSite\",\"@id\":\"https:\/\/esbozodeportivo.com\/#website\",\"url\":\"https:\/\/esbozodeportivo.com\/\",\"name\":\"Esbozo Deportivo\",\"description\":\"Lo m\u00e1s importante del Deporte\",\"publisher\":{\"@id\":\"https:\/\/esbozodeportivo.com\/#organization\"},\"potentialAction\":[{\"@type\":\"SearchAction\",\"target\":{\"@type\":\"EntryPoint\",\"urlTemplate\":\"https:\/\/esbozodeportivo.com\/?s={search_term_string}\"},\"query-input\":{\"@type\":\"PropertyValueSpecification\",\"valueRequired\":true,\"valueName\":\"search_term_string\"}}],\"inLanguage\":\"es\"},{\"@type\":\"Organization\",\"@id\":\"https:\/\/esbozodeportivo.com\/#organization\",\"name\":\"Esbozo Deportivo\",\"url\":\"https:\/\/esbozodeportivo.com\/\",\"logo\":{\"@type\":\"ImageObject\",\"inLanguage\":\"es\",\"@id\":\"https:\/\/esbozodeportivo.com\/#\/schema\/logo\/image\/\",\"url\":\"https:\/\/esbozodeportivo.com\/wp-content\/uploads\/2022\/08\/cropped-Logo-Esbozo-Web-2.png\",\"contentUrl\":\"https:\/\/esbozodeportivo.com\/wp-content\/uploads\/2022\/08\/cropped-Logo-Esbozo-Web-2.png\",\"width\":180,\"height\":50,\"caption\":\"Esbozo Deportivo\"},\"image\":{\"@id\":\"https:\/\/esbozodeportivo.com\/#\/schema\/logo\/image\/\"}},{\"@type\":\"Person\",\"@id\":\"https:\/\/esbozodeportivo.com\/#\/schema\/person\/7277119c98823aec37bbb84e125efd44\",\"name\":\"Javier De La Cruz\",\"image\":{\"@type\":\"ImageObject\",\"inLanguage\":\"es\",\"@id\":\"https:\/\/esbozodeportivo.com\/#\/schema\/person\/image\/\",\"url\":\"https:\/\/secure.gravatar.com\/avatar\/366235a56d20f1a6e8e3d0b295897639357bea880470ddf261d17bb0bc052eb1?s=96&d=mm&r=g\",\"contentUrl\":\"https:\/\/secure.gravatar.com\/avatar\/366235a56d20f1a6e8e3d0b295897639357bea880470ddf261d17bb0bc052eb1?s=96&d=mm&r=g\",\"caption\":\"Javier De La Cruz\"},\"url\":\"https:\/\/esbozodeportivo.com\/index.php\/author\/javier-de-la-cruz-de-la-cruz\/\"}]}<\/script>\n<!-- \/ Yoast SEO plugin. -->","yoast_head_json":{"title":"Javier Hidalgo, inaugura Expo Marat\u00f3n CDMX Telcel 2022 - Esbozo Deportivo","robots":{"index":"index","follow":"follow","max-snippet":"max-snippet:-1","max-image-preview":"max-image-preview:large","max-video-preview":"max-video-preview:-1"},"canonical":"https:\/\/esbozodeportivo.com\/index.php\/2022\/08\/27\/javier-hidalgo-inaugura-expo-maraton-cdmx-telcel-2022\/","og_locale":"es_MX","og_type":"article","og_title":"Javier Hidalgo, inaugura Expo Marat\u00f3n CDMX Telcel 2022 - Esbozo Deportivo","og_description":"(Bolet\u00edn).- Se llev\u00f3 a cabo la inauguraci\u00f3n del Expo Marat\u00f3n de la Ciudad de M\u00e9xico","og_url":"https:\/\/esbozodeportivo.com\/index.php\/2022\/08\/27\/javier-hidalgo-inaugura-expo-maraton-cdmx-telcel-2022\/","og_site_name":"Esbozo Deportivo","article_published_time":"2022-08-27T00:52:18+00:00","article_modified_time":"2022-09-10T05:32:57+00:00","og_image":[{"url":"https:\/\/esbozodeportivo.com\/wp-content\/uploads\/2022\/08\/Expo-Maraton-1024x682.jpg","type":"","width":"","height":""}],"author":"Javier De La Cruz","twitter_card":"summary_large_image","twitter_misc":{"Escrito por":"Javier De La Cruz","Tiempo de lectura":"2 minutos"},"schema":{"@context":"https:\/\/schema.org","@graph":[{"@type":"Article","@id":"https:\/\/esbozodeportivo.com\/index.php\/2022\/08\/27\/javier-hidalgo-inaugura-expo-maraton-cdmx-telcel-2022\/#article","isPartOf":{"@id":"https:\/\/esbozodeportivo.com\/index.php\/2022\/08\/27\/javier-hidalgo-inaugura-expo-maraton-cdmx-telcel-2022\/"},"author":{"name":"Javier De La Cruz","@id":"https:\/\/esbozodeportivo.com\/#\/schema\/person\/7277119c98823aec37bbb84e125efd44"},"headline":"Javier Hidalgo, inaugura Expo Marat\u00f3n CDMX Telcel 2022","datePublished":"2022-08-27T00:52:18+00:00","dateModified":"2022-09-10T05:32:57+00:00","mainEntityOfPage":{"@id":"https:\/\/esbozodeportivo.com\/index.php\/2022\/08\/27\/javier-hidalgo-inaugura-expo-maraton-cdmx-telcel-2022\/"},"wordCount":375,"commentCount":0,"publisher":{"@id":"https:\/\/esbozodeportivo.com\/#organization"},"image":{"@id":"https:\/\/esbozodeportivo.com\/index.php\/2022\/08\/27\/javier-hidalgo-inaugura-expo-maraton-cdmx-telcel-2022\/#primaryimage"},"thumbnailUrl":"https:\/\/esbozodeportivo.com\/wp-content\/uploads\/2022\/08\/Expo-Maraton-1024x682.jpg","articleSection":["Amateur"],"inLanguage":"es","potentialAction":[{"@type":"CommentAction","name":"Comment","target":["https:\/\/esbozodeportivo.com\/index.php\/2022\/08\/27\/javier-hidalgo-inaugura-expo-maraton-cdmx-telcel-2022\/#respond"]}]},{"@type":"WebPage","@id":"https:\/\/esbozodeportivo.com\/index.php\/2022\/08\/27\/javier-hidalgo-inaugura-expo-maraton-cdmx-telcel-2022\/","url":"https:\/\/esbozodeportivo.com\/index.php\/2022\/08\/27\/javier-hidalgo-inaugura-expo-maraton-cdmx-telcel-2022\/","name":"Javier Hidalgo, inaugura Expo Marat\u00f3n CDMX Telcel 2022 - Esbozo Deportivo","isPartOf":{"@id":"https:\/\/esbozodeportivo.com\/#website"},"primaryImageOfPage":{"@id":"https:\/\/esbozodeportivo.com\/index.php\/2022\/08\/27\/javier-hidalgo-inaugura-expo-maraton-cdmx-telcel-2022\/#primaryimage"},"image":{"@id":"https:\/\/esbozodeportivo.com\/index.php\/2022\/08\/27\/javier-hidalgo-inaugura-expo-maraton-cdmx-telcel-2022\/#primaryimage"},"thumbnailUrl":"https:\/\/esbozodeportivo.com\/wp-content\/uploads\/2022\/08\/Expo-Maraton-1024x682.jpg","datePublished":"2022-08-27T00:52:18+00:00","dateModified":"2022-09-10T05:32:57+00:00","breadcrumb":{"@id":"https:\/\/esbozodeportivo.com\/index.php\/2022\/08\/27\/javier-hidalgo-inaugura-expo-maraton-cdmx-telcel-2022\/#breadcrumb"},"inLanguage":"es","potentialAction":[{"@type":"ReadAction","target":["https:\/\/esbozodeportivo.com\/index.php\/2022\/08\/27\/javier-hidalgo-inaugura-expo-maraton-cdmx-telcel-2022\/"]}]},{"@type":"ImageObject","inLanguage":"es","@id":"https:\/\/esbozodeportivo.com\/index.php\/2022\/08\/27\/javier-hidalgo-inaugura-expo-maraton-cdmx-telcel-2022\/#primaryimage","url":"https:\/\/esbozodeportivo.com\/wp-content\/uploads\/2022\/08\/Expo-Maraton.jpg","contentUrl":"https:\/\/esbozodeportivo.com\/wp-content\/uploads\/2022\/08\/Expo-Maraton.jpg","width":1426,"height":950},{"@type":"BreadcrumbList","@id":"https:\/\/esbozodeportivo.com\/index.php\/2022\/08\/27\/javier-hidalgo-inaugura-expo-maraton-cdmx-telcel-2022\/#breadcrumb","itemListElement":[{"@type":"ListItem","position":1,"name":"Inicio","item":"https:\/\/esbozodeportivo.com\/"},{"@type":"ListItem","position":2,"name":"Javier Hidalgo, inaugura Expo Marat\u00f3n CDMX Telcel 2022"}]},{"@type":"WebSite","@id":"https:\/\/esbozodeportivo.com\/#website","url":"https:\/\/esbozodeportivo.com\/","name":"Esbozo Deportivo","description":"Lo m\u00e1s importante del Deporte","publisher":{"@id":"https:\/\/esbozodeportivo.com\/#organization"},"potentialAction":[{"@type":"SearchAction","target":{"@type":"EntryPoint","urlTemplate":"https:\/\/esbozodeportivo.com\/?s={search_term_string}"},"query-input":{"@type":"PropertyValueSpecification","valueRequired":true,"valueName":"search_term_string"}}],"inLanguage":"es"},{"@type":"Organization","@id":"https:\/\/esbozodeportivo.com\/#organization","name":"Esbozo Deportivo","url":"https:\/\/esbozodeportivo.com\/","logo":{"@type":"ImageObject","inLanguage":"es","@id":"https:\/\/esbozodeportivo.com\/#\/schema\/logo\/image\/","url":"https:\/\/esbozodeportivo.com\/wp-content\/uploads\/2022\/08\/cropped-Logo-Esbozo-Web-2.png","contentUrl":"https:\/\/esbozodeportivo.com\/wp-content\/uploads\/2022\/08\/cropped-Logo-Esbozo-Web-2.png","width":180,"height":50,"caption":"Esbozo Deportivo"},"image":{"@id":"https:\/\/esbozodeportivo.com\/#\/schema\/logo\/image\/"}},{"@type":"Person","@id":"https:\/\/esbozodeportivo.com\/#\/schema\/person\/7277119c98823aec37bbb84e125efd44","name":"Javier De La Cruz","image":{"@type":"ImageObject","inLanguage":"es","@id":"https:\/\/esbozodeportivo.com\/#\/schema\/person\/image\/","url":"https:\/\/secure.gravatar.com\/avatar\/366235a56d20f1a6e8e3d0b295897639357bea880470ddf261d17bb0bc052eb1?s=96&d=mm&r=g","contentUrl":"https:\/\/secure.gravatar.com\/avatar\/366235a56d20f1a6e8e3d0b295897639357bea880470ddf261d17bb0bc052eb1?s=96&d=mm&r=g","caption":"Javier De La Cruz"},"url":"https:\/\/esbozodeportivo.com\/index.php\/author\/javier-de-la-cruz-de-la-cruz\/"}]}},"jetpack_featured_media_url":"","jetpack_sharing_enabled":true,"_links":{"self":[{"href":"https:\/\/esbozodeportivo.com\/index.php\/wp-json\/wp\/v2\/posts\/258","targetHints":{"allow":["GET"]}}],"collection":[{"href":"https:\/\/esbozodeportivo.com\/index.php\/wp-json\/wp\/v2\/posts"}],"about":[{"href":"https:\/\/esbozodeportivo.com\/index.php\/wp-json\/wp\/v2\/types\/post"}],"author":[{"embeddable":true,"href":"https:\/\/esbozodeportivo.com\/index.php\/wp-json\/wp\/v2\/users\/2"}],"replies":[{"embeddable":true,"href":"https:\/\/esbozodeportivo.com\/index.php\/wp-json\/wp\/v2\/comments?post=258"}],"version-history":[{"count":4,"href":"https:\/\/esbozodeportivo.com\/index.php\/wp-json\/wp\/v2\/posts\/258\/revisions"}],"predecessor-version":[{"id":267,"href":"https:\/\/esbozodeportivo.com\/index.php\/wp-json\/wp\/v2\/posts\/258\/revisions\/267"}],"wp:attachment":[{"href":"https:\/\/esbozodeportivo.com\/index.php\/wp-json\/wp\/v2\/media?parent=258"}],"wp:term":[{"taxonomy":"category","embeddable":true,"href":"https:\/\/esbozodeportivo.com\/index.php\/wp-json\/wp\/v2\/categories?post=258"},{"taxonomy":"post_tag","embeddable":true,"href":"https:\/\/esbozodeportivo.com\/index.php\/wp-json\/wp\/v2\/tags?post=258"}],"curies":[{"name":"wp","href":"https:\/\/api.w.org\/{rel}","templated":true}]}}