{"id":2625,"date":"2024-02-03T06:30:13","date_gmt":"2024-02-03T06:30:13","guid":{"rendered":"https:\/\/esbozodeportivo.com\/?p=2625"},"modified":"2024-02-03T06:31:44","modified_gmt":"2024-02-03T06:31:44","slug":"mexico-se-queda-con-la-plata-en-el-mundial-de-natacion","status":"publish","type":"post","link":"https:\/\/esbozodeportivo.com\/index.php\/2024\/02\/03\/mexico-se-queda-con-la-plata-en-el-mundial-de-natacion\/","title":{"rendered":"M\u00e9xico se queda con la plata en el Mundial de Nataci\u00f3n"},"content":{"rendered":"<style>\/*! elementor - v3.19.0 - 29-01-2024 *\/\n.elementor-widget-image{text-align:center}.elementor-widget-image a{display:inline-block}.elementor-widget-image a img[src$=\".svg\"]{width:48px}.elementor-widget-image img{vertical-align:middle;display:inline-block}<\/style>\n<p>\t\t\t\t\t\t\t\t\t\t<img loading=\"lazy\" decoding=\"async\" width=\"640\" height=\"480\" src=\"https:\/\/esbozodeportivo.com\/wp-content\/uploads\/2024\/02\/Natacion.jpg\" alt=\"\" srcset=\"https:\/\/esbozodeportivo.com\/wp-content\/uploads\/2024\/02\/Natacion.jpg 830w, https:\/\/esbozodeportivo.com\/wp-content\/uploads\/2024\/02\/Natacion-300x225.jpg 300w, https:\/\/esbozodeportivo.com\/wp-content\/uploads\/2024\/02\/Natacion-768x576.jpg 768w\" sizes=\"auto, (max-width: 640px) 100vw, 640px\" \/>\t\t\t\t\t\t\t\t\t\t\t\t\t<\/p>\n<p>(Foto: Agencias)\u00a0<\/p>\n<p>DOHA (Agencias).- M\u00e9xico consigui\u00f3 su primera medalla en el Campeonato Mundial de Deportes Acu\u00e1ticos Doha 2024, luego de que la cuarteta nacional consiguiera presea de plata en equipos mixtos de clavados 3 y 10 metros, prueba que se realiz\u00f3 en el Hamad Aquatics Centre.<\/p>\n<p>Es la segunda medalla de plata que consigue la cuarteta en su participaci\u00f3n en un Campeonato Mundial de Deportes Acu\u00e1ticos, luego de la que consiguieron en Fukuoka 2023.<\/p>\n<p>\u201cMe siento contenta con el resultado de hoy en la prueba de equipo mixto en el mundial de Doha, Qatar, es mi segunda medalla mundial, la primera tambi\u00e9n fue en esta prueba -el a\u00f1o pasado en Fukuoka-, es bastante emocionante, diferente a todas las dem\u00e1s, donde cada uno tiene que poner de su parte, y ahora s\u00ed que es trabajar en equipo y que todo M\u00e9xico se una para tener un buen resultado, entonces feliz con este resultado\u201d, mencion\u00f3 Gaby Agundez.<\/p>\n<p>La medalla de oro fue para el Reino Unido. Thomas Daley, Scarlett Mew Jensen, Daniel Goodfellow y Andrea Spendolini, lograron un total de 421.65 unidades.<\/p>\n<p>La presea de bronce fue para el representativo de Australia con 385.35 puntos.<\/p>\n","protected":false},"excerpt":{"rendered":"<p>(Foto: Agencias)\u00a0 DOHA (Agencias).- M\u00e9xico consigui\u00f3 su primera medalla en el Campeonato Mundial de Deportes<\/p>\n","protected":false},"author":2,"featured_media":0,"comment_status":"open","ping_status":"open","sticky":false,"template":"","format":"standard","meta":{"_jetpack_memberships_contains_paid_content":false,"footnotes":""},"categories":[29],"tags":[],"class_list":["post-2625","post","type-post","status-publish","format-standard","hentry","category-agua-plataforma"],"yoast_head":"<!-- This site is optimized with the Yoast SEO plugin v25.7 - https:\/\/yoast.com\/wordpress\/plugins\/seo\/ -->\n<title>M\u00e9xico se queda con la plata en el Mundial de Nataci\u00f3n - Esbozo Deportivo<\/title>\n<meta name=\"robots\" content=\"index, follow, max-snippet:-1, max-image-preview:large, max-video-preview:-1\" \/>\n<link rel=\"canonical\" href=\"https:\/\/esbozodeportivo.com\/index.php\/2024\/02\/03\/mexico-se-queda-con-la-plata-en-el-mundial-de-natacion\/\" \/>\n<meta property=\"og:locale\" content=\"es_MX\" \/>\n<meta property=\"og:type\" content=\"article\" \/>\n<meta property=\"og:title\" content=\"M\u00e9xico se queda con la plata en el Mundial de Nataci\u00f3n - Esbozo Deportivo\" \/>\n<meta property=\"og:description\" content=\"(Foto: Agencias)\u00a0 DOHA (Agencias).- M\u00e9xico consigui\u00f3 su primera medalla en el Campeonato Mundial de Deportes\" \/>\n<meta property=\"og:url\" content=\"https:\/\/esbozodeportivo.com\/index.php\/2024\/02\/03\/mexico-se-queda-con-la-plata-en-el-mundial-de-natacion\/\" \/>\n<meta property=\"og:site_name\" content=\"Esbozo Deportivo\" \/>\n<meta property=\"article:published_time\" content=\"2024-02-03T06:30:13+00:00\" \/>\n<meta property=\"article:modified_time\" content=\"2024-02-03T06:31:44+00:00\" \/>\n<meta property=\"og:image\" content=\"https:\/\/esbozodeportivo.com\/wp-content\/uploads\/2024\/02\/Natacion.jpg\" \/>\n<meta name=\"author\" content=\"Javier De La Cruz\" \/>\n<meta name=\"twitter:card\" content=\"summary_large_image\" \/>\n<meta name=\"twitter:label1\" content=\"Escrito por\" \/>\n\t<meta name=\"twitter:data1\" content=\"Javier De La Cruz\" \/>\n\t<meta name=\"twitter:label2\" content=\"Tiempo de lectura\" \/>\n\t<meta name=\"twitter:data2\" content=\"1 minuto\" \/>\n<script type=\"application\/ld+json\" class=\"yoast-schema-graph\">{\"@context\":\"https:\/\/schema.org\",\"@graph\":[{\"@type\":\"Article\",\"@id\":\"https:\/\/esbozodeportivo.com\/index.php\/2024\/02\/03\/mexico-se-queda-con-la-plata-en-el-mundial-de-natacion\/#article\",\"isPartOf\":{\"@id\":\"https:\/\/esbozodeportivo.com\/index.php\/2024\/02\/03\/mexico-se-queda-con-la-plata-en-el-mundial-de-natacion\/\"},\"author\":{\"name\":\"Javier De La Cruz\",\"@id\":\"https:\/\/esbozodeportivo.com\/#\/schema\/person\/7277119c98823aec37bbb84e125efd44\"},\"headline\":\"M\u00e9xico se queda con la plata en el Mundial de Nataci\u00f3n\",\"datePublished\":\"2024-02-03T06:30:13+00:00\",\"dateModified\":\"2024-02-03T06:31:44+00:00\",\"mainEntityOfPage\":{\"@id\":\"https:\/\/esbozodeportivo.com\/index.php\/2024\/02\/03\/mexico-se-queda-con-la-plata-en-el-mundial-de-natacion\/\"},\"wordCount\":209,\"commentCount\":0,\"publisher\":{\"@id\":\"https:\/\/esbozodeportivo.com\/#organization\"},\"image\":{\"@id\":\"https:\/\/esbozodeportivo.com\/index.php\/2024\/02\/03\/mexico-se-queda-con-la-plata-en-el-mundial-de-natacion\/#primaryimage\"},\"thumbnailUrl\":\"https:\/\/esbozodeportivo.com\/wp-content\/uploads\/2024\/02\/Natacion.jpg\",\"articleSection\":[\"Nataci\u00f3n\"],\"inLanguage\":\"es\",\"potentialAction\":[{\"@type\":\"CommentAction\",\"name\":\"Comment\",\"target\":[\"https:\/\/esbozodeportivo.com\/index.php\/2024\/02\/03\/mexico-se-queda-con-la-plata-en-el-mundial-de-natacion\/#respond\"]}]},{\"@type\":\"WebPage\",\"@id\":\"https:\/\/esbozodeportivo.com\/index.php\/2024\/02\/03\/mexico-se-queda-con-la-plata-en-el-mundial-de-natacion\/\",\"url\":\"https:\/\/esbozodeportivo.com\/index.php\/2024\/02\/03\/mexico-se-queda-con-la-plata-en-el-mundial-de-natacion\/\",\"name\":\"M\u00e9xico se queda con la plata en el Mundial de Nataci\u00f3n - Esbozo Deportivo\",\"isPartOf\":{\"@id\":\"https:\/\/esbozodeportivo.com\/#website\"},\"primaryImageOfPage\":{\"@id\":\"https:\/\/esbozodeportivo.com\/index.php\/2024\/02\/03\/mexico-se-queda-con-la-plata-en-el-mundial-de-natacion\/#primaryimage\"},\"image\":{\"@id\":\"https:\/\/esbozodeportivo.com\/index.php\/2024\/02\/03\/mexico-se-queda-con-la-plata-en-el-mundial-de-natacion\/#primaryimage\"},\"thumbnailUrl\":\"https:\/\/esbozodeportivo.com\/wp-content\/uploads\/2024\/02\/Natacion.jpg\",\"datePublished\":\"2024-02-03T06:30:13+00:00\",\"dateModified\":\"2024-02-03T06:31:44+00:00\",\"breadcrumb\":{\"@id\":\"https:\/\/esbozodeportivo.com\/index.php\/2024\/02\/03\/mexico-se-queda-con-la-plata-en-el-mundial-de-natacion\/#breadcrumb\"},\"inLanguage\":\"es\",\"potentialAction\":[{\"@type\":\"ReadAction\",\"target\":[\"https:\/\/esbozodeportivo.com\/index.php\/2024\/02\/03\/mexico-se-queda-con-la-plata-en-el-mundial-de-natacion\/\"]}]},{\"@type\":\"ImageObject\",\"inLanguage\":\"es\",\"@id\":\"https:\/\/esbozodeportivo.com\/index.php\/2024\/02\/03\/mexico-se-queda-con-la-plata-en-el-mundial-de-natacion\/#primaryimage\",\"url\":\"https:\/\/esbozodeportivo.com\/wp-content\/uploads\/2024\/02\/Natacion.jpg\",\"contentUrl\":\"https:\/\/esbozodeportivo.com\/wp-content\/uploads\/2024\/02\/Natacion.jpg\",\"width\":830,\"height\":623},{\"@type\":\"BreadcrumbList\",\"@id\":\"https:\/\/esbozodeportivo.com\/index.php\/2024\/02\/03\/mexico-se-queda-con-la-plata-en-el-mundial-de-natacion\/#breadcrumb\",\"itemListElement\":[{\"@type\":\"ListItem\",\"position\":1,\"name\":\"Inicio\",\"item\":\"https:\/\/esbozodeportivo.com\/\"},{\"@type\":\"ListItem\",\"position\":2,\"name\":\"M\u00e9xico se queda con la plata en el Mundial de Nataci\u00f3n\"}]},{\"@type\":\"WebSite\",\"@id\":\"https:\/\/esbozodeportivo.com\/#website\",\"url\":\"https:\/\/esbozodeportivo.com\/\",\"name\":\"Esbozo Deportivo\",\"description\":\"Lo m\u00e1s importante del Deporte\",\"publisher\":{\"@id\":\"https:\/\/esbozodeportivo.com\/#organization\"},\"potentialAction\":[{\"@type\":\"SearchAction\",\"target\":{\"@type\":\"EntryPoint\",\"urlTemplate\":\"https:\/\/esbozodeportivo.com\/?s={search_term_string}\"},\"query-input\":{\"@type\":\"PropertyValueSpecification\",\"valueRequired\":true,\"valueName\":\"search_term_string\"}}],\"inLanguage\":\"es\"},{\"@type\":\"Organization\",\"@id\":\"https:\/\/esbozodeportivo.com\/#organization\",\"name\":\"Esbozo Deportivo\",\"url\":\"https:\/\/esbozodeportivo.com\/\",\"logo\":{\"@type\":\"ImageObject\",\"inLanguage\":\"es\",\"@id\":\"https:\/\/esbozodeportivo.com\/#\/schema\/logo\/image\/\",\"url\":\"https:\/\/esbozodeportivo.com\/wp-content\/uploads\/2022\/08\/cropped-Logo-Esbozo-Web-2.png\",\"contentUrl\":\"https:\/\/esbozodeportivo.com\/wp-content\/uploads\/2022\/08\/cropped-Logo-Esbozo-Web-2.png\",\"width\":180,\"height\":50,\"caption\":\"Esbozo Deportivo\"},\"image\":{\"@id\":\"https:\/\/esbozodeportivo.com\/#\/schema\/logo\/image\/\"}},{\"@type\":\"Person\",\"@id\":\"https:\/\/esbozodeportivo.com\/#\/schema\/person\/7277119c98823aec37bbb84e125efd44\",\"name\":\"Javier De La Cruz\",\"image\":{\"@type\":\"ImageObject\",\"inLanguage\":\"es\",\"@id\":\"https:\/\/esbozodeportivo.com\/#\/schema\/person\/image\/\",\"url\":\"https:\/\/secure.gravatar.com\/avatar\/366235a56d20f1a6e8e3d0b295897639357bea880470ddf261d17bb0bc052eb1?s=96&d=mm&r=g\",\"contentUrl\":\"https:\/\/secure.gravatar.com\/avatar\/366235a56d20f1a6e8e3d0b295897639357bea880470ddf261d17bb0bc052eb1?s=96&d=mm&r=g\",\"caption\":\"Javier De La Cruz\"},\"url\":\"https:\/\/esbozodeportivo.com\/index.php\/author\/javier-de-la-cruz-de-la-cruz\/\"}]}<\/script>\n<!-- \/ Yoast SEO plugin. -->","yoast_head_json":{"title":"M\u00e9xico se queda con la plata en el Mundial de Nataci\u00f3n - Esbozo Deportivo","robots":{"index":"index","follow":"follow","max-snippet":"max-snippet:-1","max-image-preview":"max-image-preview:large","max-video-preview":"max-video-preview:-1"},"canonical":"https:\/\/esbozodeportivo.com\/index.php\/2024\/02\/03\/mexico-se-queda-con-la-plata-en-el-mundial-de-natacion\/","og_locale":"es_MX","og_type":"article","og_title":"M\u00e9xico se queda con la plata en el Mundial de Nataci\u00f3n - Esbozo Deportivo","og_description":"(Foto: Agencias)\u00a0 DOHA (Agencias).- M\u00e9xico consigui\u00f3 su primera medalla en el Campeonato Mundial de Deportes","og_url":"https:\/\/esbozodeportivo.com\/index.php\/2024\/02\/03\/mexico-se-queda-con-la-plata-en-el-mundial-de-natacion\/","og_site_name":"Esbozo Deportivo","article_published_time":"2024-02-03T06:30:13+00:00","article_modified_time":"2024-02-03T06:31:44+00:00","og_image":[{"url":"https:\/\/esbozodeportivo.com\/wp-content\/uploads\/2024\/02\/Natacion.jpg","type":"","width":"","height":""}],"author":"Javier De La Cruz","twitter_card":"summary_large_image","twitter_misc":{"Escrito por":"Javier De La Cruz","Tiempo de lectura":"1 minuto"},"schema":{"@context":"https:\/\/schema.org","@graph":[{"@type":"Article","@id":"https:\/\/esbozodeportivo.com\/index.php\/2024\/02\/03\/mexico-se-queda-con-la-plata-en-el-mundial-de-natacion\/#article","isPartOf":{"@id":"https:\/\/esbozodeportivo.com\/index.php\/2024\/02\/03\/mexico-se-queda-con-la-plata-en-el-mundial-de-natacion\/"},"author":{"name":"Javier De La Cruz","@id":"https:\/\/esbozodeportivo.com\/#\/schema\/person\/7277119c98823aec37bbb84e125efd44"},"headline":"M\u00e9xico se queda con la plata en el Mundial de Nataci\u00f3n","datePublished":"2024-02-03T06:30:13+00:00","dateModified":"2024-02-03T06:31:44+00:00","mainEntityOfPage":{"@id":"https:\/\/esbozodeportivo.com\/index.php\/2024\/02\/03\/mexico-se-queda-con-la-plata-en-el-mundial-de-natacion\/"},"wordCount":209,"commentCount":0,"publisher":{"@id":"https:\/\/esbozodeportivo.com\/#organization"},"image":{"@id":"https:\/\/esbozodeportivo.com\/index.php\/2024\/02\/03\/mexico-se-queda-con-la-plata-en-el-mundial-de-natacion\/#primaryimage"},"thumbnailUrl":"https:\/\/esbozodeportivo.com\/wp-content\/uploads\/2024\/02\/Natacion.jpg","articleSection":["Nataci\u00f3n"],"inLanguage":"es","potentialAction":[{"@type":"CommentAction","name":"Comment","target":["https:\/\/esbozodeportivo.com\/index.php\/2024\/02\/03\/mexico-se-queda-con-la-plata-en-el-mundial-de-natacion\/#respond"]}]},{"@type":"WebPage","@id":"https:\/\/esbozodeportivo.com\/index.php\/2024\/02\/03\/mexico-se-queda-con-la-plata-en-el-mundial-de-natacion\/","url":"https:\/\/esbozodeportivo.com\/index.php\/2024\/02\/03\/mexico-se-queda-con-la-plata-en-el-mundial-de-natacion\/","name":"M\u00e9xico se queda con la plata en el Mundial de Nataci\u00f3n - Esbozo Deportivo","isPartOf":{"@id":"https:\/\/esbozodeportivo.com\/#website"},"primaryImageOfPage":{"@id":"https:\/\/esbozodeportivo.com\/index.php\/2024\/02\/03\/mexico-se-queda-con-la-plata-en-el-mundial-de-natacion\/#primaryimage"},"image":{"@id":"https:\/\/esbozodeportivo.com\/index.php\/2024\/02\/03\/mexico-se-queda-con-la-plata-en-el-mundial-de-natacion\/#primaryimage"},"thumbnailUrl":"https:\/\/esbozodeportivo.com\/wp-content\/uploads\/2024\/02\/Natacion.jpg","datePublished":"2024-02-03T06:30:13+00:00","dateModified":"2024-02-03T06:31:44+00:00","breadcrumb":{"@id":"https:\/\/esbozodeportivo.com\/index.php\/2024\/02\/03\/mexico-se-queda-con-la-plata-en-el-mundial-de-natacion\/#breadcrumb"},"inLanguage":"es","potentialAction":[{"@type":"ReadAction","target":["https:\/\/esbozodeportivo.com\/index.php\/2024\/02\/03\/mexico-se-queda-con-la-plata-en-el-mundial-de-natacion\/"]}]},{"@type":"ImageObject","inLanguage":"es","@id":"https:\/\/esbozodeportivo.com\/index.php\/2024\/02\/03\/mexico-se-queda-con-la-plata-en-el-mundial-de-natacion\/#primaryimage","url":"https:\/\/esbozodeportivo.com\/wp-content\/uploads\/2024\/02\/Natacion.jpg","contentUrl":"https:\/\/esbozodeportivo.com\/wp-content\/uploads\/2024\/02\/Natacion.jpg","width":830,"height":623},{"@type":"BreadcrumbList","@id":"https:\/\/esbozodeportivo.com\/index.php\/2024\/02\/03\/mexico-se-queda-con-la-plata-en-el-mundial-de-natacion\/#breadcrumb","itemListElement":[{"@type":"ListItem","position":1,"name":"Inicio","item":"https:\/\/esbozodeportivo.com\/"},{"@type":"ListItem","position":2,"name":"M\u00e9xico se queda con la plata en el Mundial de Nataci\u00f3n"}]},{"@type":"WebSite","@id":"https:\/\/esbozodeportivo.com\/#website","url":"https:\/\/esbozodeportivo.com\/","name":"Esbozo Deportivo","description":"Lo m\u00e1s importante del Deporte","publisher":{"@id":"https:\/\/esbozodeportivo.com\/#organization"},"potentialAction":[{"@type":"SearchAction","target":{"@type":"EntryPoint","urlTemplate":"https:\/\/esbozodeportivo.com\/?s={search_term_string}"},"query-input":{"@type":"PropertyValueSpecification","valueRequired":true,"valueName":"search_term_string"}}],"inLanguage":"es"},{"@type":"Organization","@id":"https:\/\/esbozodeportivo.com\/#organization","name":"Esbozo Deportivo","url":"https:\/\/esbozodeportivo.com\/","logo":{"@type":"ImageObject","inLanguage":"es","@id":"https:\/\/esbozodeportivo.com\/#\/schema\/logo\/image\/","url":"https:\/\/esbozodeportivo.com\/wp-content\/uploads\/2022\/08\/cropped-Logo-Esbozo-Web-2.png","contentUrl":"https:\/\/esbozodeportivo.com\/wp-content\/uploads\/2022\/08\/cropped-Logo-Esbozo-Web-2.png","width":180,"height":50,"caption":"Esbozo Deportivo"},"image":{"@id":"https:\/\/esbozodeportivo.com\/#\/schema\/logo\/image\/"}},{"@type":"Person","@id":"https:\/\/esbozodeportivo.com\/#\/schema\/person\/7277119c98823aec37bbb84e125efd44","name":"Javier De La Cruz","image":{"@type":"ImageObject","inLanguage":"es","@id":"https:\/\/esbozodeportivo.com\/#\/schema\/person\/image\/","url":"https:\/\/secure.gravatar.com\/avatar\/366235a56d20f1a6e8e3d0b295897639357bea880470ddf261d17bb0bc052eb1?s=96&d=mm&r=g","contentUrl":"https:\/\/secure.gravatar.com\/avatar\/366235a56d20f1a6e8e3d0b295897639357bea880470ddf261d17bb0bc052eb1?s=96&d=mm&r=g","caption":"Javier De La Cruz"},"url":"https:\/\/esbozodeportivo.com\/index.php\/author\/javier-de-la-cruz-de-la-cruz\/"}]}},"jetpack_featured_media_url":"","jetpack_sharing_enabled":true,"_links":{"self":[{"href":"https:\/\/esbozodeportivo.com\/index.php\/wp-json\/wp\/v2\/posts\/2625","targetHints":{"allow":["GET"]}}],"collection":[{"href":"https:\/\/esbozodeportivo.com\/index.php\/wp-json\/wp\/v2\/posts"}],"about":[{"href":"https:\/\/esbozodeportivo.com\/index.php\/wp-json\/wp\/v2\/types\/post"}],"author":[{"embeddable":true,"href":"https:\/\/esbozodeportivo.com\/index.php\/wp-json\/wp\/v2\/users\/2"}],"replies":[{"embeddable":true,"href":"https:\/\/esbozodeportivo.com\/index.php\/wp-json\/wp\/v2\/comments?post=2625"}],"version-history":[{"count":4,"href":"https:\/\/esbozodeportivo.com\/index.php\/wp-json\/wp\/v2\/posts\/2625\/revisions"}],"predecessor-version":[{"id":2630,"href":"https:\/\/esbozodeportivo.com\/index.php\/wp-json\/wp\/v2\/posts\/2625\/revisions\/2630"}],"wp:attachment":[{"href":"https:\/\/esbozodeportivo.com\/index.php\/wp-json\/wp\/v2\/media?parent=2625"}],"wp:term":[{"taxonomy":"category","embeddable":true,"href":"https:\/\/esbozodeportivo.com\/index.php\/wp-json\/wp\/v2\/categories?post=2625"},{"taxonomy":"post_tag","embeddable":true,"href":"https:\/\/esbozodeportivo.com\/index.php\/wp-json\/wp\/v2\/tags?post=2625"}],"curies":[{"name":"wp","href":"https:\/\/api.w.org\/{rel}","templated":true}]}}