{"id":268,"date":"2022-08-27T01:31:07","date_gmt":"2022-08-27T01:31:07","guid":{"rendered":"https:\/\/esbozodeportivo.com\/?p=268"},"modified":"2022-09-10T05:32:49","modified_gmt":"2022-09-10T05:32:49","slug":"seis-mexicanos-en-la-elite-de-la-world-athetics","status":"publish","type":"post","link":"https:\/\/esbozodeportivo.com\/index.php\/2022\/08\/27\/seis-mexicanos-en-la-elite-de-la-world-athetics\/","title":{"rendered":"Seis mexicanos en la \u00e9lite de la World Athetics"},"content":{"rendered":"<p>(Bolet\u00edn).- Uno de los momentos m\u00e1s relevantes en la Expo Marat\u00f3n Ciudad de M\u00e9xico Telcel 2022, fue la presentaci\u00f3n de los corredores \u00e9lite que estar\u00e1n presentes en el evento del domingo 28 de junio.<\/p>\n<p>El evento estuvo encabezado por el director del Instituto del Deporte (INDEPORTE), Javier Hidalgo Ponce, present\u00f3 a los corredores de \u00e9lite que correr\u00e1n el domingo por las principales calles de la Ciudad de M\u00e9xico, el grupo de atletas que son avalados por la World Athetics (WA) es encabezado por siete kenianos, seis mexicanos, cinco et\u00edopes, una marroqu\u00ed, una peruana, y un uruguayo.<\/p>\n<style>\/*! elementor - v3.7.2 - 21-08-2022 *\/\n.elementor-widget-image{text-align:center}.elementor-widget-image a{display:inline-block}.elementor-widget-image a img[src$=\".svg\"]{width:48px}.elementor-widget-image img{vertical-align:middle;display:inline-block}<\/style>\n<p>\t\t\t\t\t\t\t\t\t\t\t\t<img decoding=\"async\" width=\"640\" height=\"426\" src=\"https:\/\/esbozodeportivo.com\/wp-content\/uploads\/2022\/08\/Atletas-1024x682.jpg\" alt=\"\" loading=\"lazy\" srcset=\"https:\/\/esbozodeportivo.com\/wp-content\/uploads\/2022\/08\/Atletas-1024x682.jpg 1024w, https:\/\/esbozodeportivo.com\/wp-content\/uploads\/2022\/08\/Atletas-300x200.jpg 300w, https:\/\/esbozodeportivo.com\/wp-content\/uploads\/2022\/08\/Atletas-768x512.jpg 768w, https:\/\/esbozodeportivo.com\/wp-content\/uploads\/2022\/08\/Atletas-1536x1023.jpg 1536w, https:\/\/esbozodeportivo.com\/wp-content\/uploads\/2022\/08\/Atletas.jpg 1600w\" sizes=\"auto, (max-width: 640px) 100vw, 640px\" \/>\t\t\t\t\t\t\t\t\t\t\t\t\t\t\t<\/p>\n<p>Amane Beriso Shankule, Cynthia Chepchirchir, Esther Wanjiru Macharia, Muliye Dekebo Haylemariyam, Tigist Teshome Ayanu, Jovana de la Cruz Capani, Soukaina Atanane, Mayra S\u00e1nchez Vidal, Argentina Valdepe\u00f1as Cerna, Ivon Dom\u00ednguez Acosta, Marisol Romero Rosales y Mitzari Lozano Gonz\u00e1lez son las corredoras de \u00e9lite que componen la rama femenil.<\/p>\n<p>\t\t\t\t\t\t\t\t\t\t\t\t\t\t\t<img decoding=\"async\" width=\"640\" height=\"426\" src=\"https:\/\/esbozodeportivo.com\/wp-content\/uploads\/2022\/08\/Atletas4-1024x682.jpg\" alt=\"\" loading=\"lazy\" srcset=\"https:\/\/esbozodeportivo.com\/wp-content\/uploads\/2022\/08\/Atletas4-1024x682.jpg 1024w, https:\/\/esbozodeportivo.com\/wp-content\/uploads\/2022\/08\/Atletas4-300x200.jpg 300w, https:\/\/esbozodeportivo.com\/wp-content\/uploads\/2022\/08\/Atletas4-768x512.jpg 768w, https:\/\/esbozodeportivo.com\/wp-content\/uploads\/2022\/08\/Atletas4-1536x1023.jpg 1536w, https:\/\/esbozodeportivo.com\/wp-content\/uploads\/2022\/08\/Atletas4.jpg 1600w\" sizes=\"auto, (max-width: 640px) 100vw, 640px\" \/>\t\t\t\t\t\t\t\t\t\t\t\t\t\t\t<\/p>\n<p>Por su parte, la rama varonil la integran Silas Kiprono Too, Edwin Kiprop Kiptoo, Dadi Yami Gemeda, Kenneth Kiplagat Limo, Endeshaw Negesse Shumi, Elisha Kiprop Barno, Ernesto Andr\u00e9s Zamora, Rhonzas Lokitam Kilimo y Eloy S\u00e1nchez Vidal.<\/p>\n<p>\t\t\t\t\t\t\t\t\t\t\t\t\t\t\t<img decoding=\"async\" width=\"640\" height=\"426\" src=\"https:\/\/esbozodeportivo.com\/wp-content\/uploads\/2022\/08\/Atletas3-1024x682.jpg\" alt=\"\" loading=\"lazy\" srcset=\"https:\/\/esbozodeportivo.com\/wp-content\/uploads\/2022\/08\/Atletas3-1024x682.jpg 1024w, https:\/\/esbozodeportivo.com\/wp-content\/uploads\/2022\/08\/Atletas3-300x200.jpg 300w, https:\/\/esbozodeportivo.com\/wp-content\/uploads\/2022\/08\/Atletas3-768x512.jpg 768w, https:\/\/esbozodeportivo.com\/wp-content\/uploads\/2022\/08\/Atletas3-1536x1023.jpg 1536w, https:\/\/esbozodeportivo.com\/wp-content\/uploads\/2022\/08\/Atletas3.jpg 1600w\" sizes=\"auto, (max-width: 640px) 100vw, 640px\" \/>\t\t\t\t\t\t\t\t\t\t\t\t\t\t\t<\/p>\n<p>Tambi\u00e9n, los atletas rar\u00e1muris que participar\u00e1n en la carrera estuvieron presentes en la Expo Marat\u00f3n: Lorena Ram\u00edrez, Juana Ram\u00edrez, Mario Ram\u00edrez, Antonio Ram\u00edrez, Onorio Tom\u00e1s y Santiago Ram\u00edrez.<\/p>\n<p>\t\t\t\t\t\t\t\t\t\t\t\t\t\t\t<img decoding=\"async\" width=\"640\" height=\"426\" src=\"https:\/\/esbozodeportivo.com\/wp-content\/uploads\/2022\/08\/Atletas2-1024x681.jpg\" alt=\"\" loading=\"lazy\" srcset=\"https:\/\/esbozodeportivo.com\/wp-content\/uploads\/2022\/08\/Atletas2-1024x681.jpg 1024w, https:\/\/esbozodeportivo.com\/wp-content\/uploads\/2022\/08\/Atletas2-300x199.jpg 300w, https:\/\/esbozodeportivo.com\/wp-content\/uploads\/2022\/08\/Atletas2-768x511.jpg 768w, https:\/\/esbozodeportivo.com\/wp-content\/uploads\/2022\/08\/Atletas2.jpg 1504w\" sizes=\"auto, (max-width: 640px) 100vw, 640px\" \/>\t\t\t\t\t\t\t\t\t\t\t\t\t\t\t<\/p>\n<p>\u201cSean bienvenidas y bienvenidos a la mejor carrera de Latinoam\u00e9rica: el Marat\u00f3n de la Ciudad de M\u00e9xico 2022. Nos enorgullece mucho tener esta competencia como una de las grandes fiestas deportivas del pa\u00eds, en donde m\u00e1s personas hacen ejercicio al mismo tiempo en nuestra ciudad. Estamos muy orgullosos de nuestras corredoras y corredores\u201d, declar\u00f3 el director general del INDEPORTE.<\/p>\n<p>\t\t\t\t\t\t\t\t\t\t\t\t\t\t\t<img decoding=\"async\" width=\"640\" height=\"426\" src=\"https:\/\/esbozodeportivo.com\/wp-content\/uploads\/2022\/08\/Atletas5-1024x682.jpg\" alt=\"\" loading=\"lazy\" srcset=\"https:\/\/esbozodeportivo.com\/wp-content\/uploads\/2022\/08\/Atletas5-1024x682.jpg 1024w, https:\/\/esbozodeportivo.com\/wp-content\/uploads\/2022\/08\/Atletas5-300x200.jpg 300w, https:\/\/esbozodeportivo.com\/wp-content\/uploads\/2022\/08\/Atletas5-768x512.jpg 768w, https:\/\/esbozodeportivo.com\/wp-content\/uploads\/2022\/08\/Atletas5-1536x1023.jpg 1536w, https:\/\/esbozodeportivo.com\/wp-content\/uploads\/2022\/08\/Atletas5.jpg 1600w\" sizes=\"auto, (max-width: 640px) 100vw, 640px\" \/>\t\t\t\t\t\t\t\t\t\t\t\t\t\t\t<\/p>\n<p>(Fotos: INDEPORTE)<\/p>\n","protected":false},"excerpt":{"rendered":"<p>(Bolet\u00edn).- Uno de los momentos m\u00e1s relevantes en la Expo Marat\u00f3n Ciudad de M\u00e9xico Telcel<\/p>\n","protected":false},"author":2,"featured_media":0,"comment_status":"open","ping_status":"open","sticky":false,"template":"","format":"standard","meta":{"_jetpack_memberships_contains_paid_content":false,"footnotes":""},"categories":[5],"tags":[],"class_list":["post-268","post","type-post","status-publish","format-standard","hentry","category-amateur"],"yoast_head":"<!-- This site is optimized with the Yoast SEO plugin v25.7 - https:\/\/yoast.com\/wordpress\/plugins\/seo\/ -->\n<title>Seis mexicanos en la \u00e9lite de la World Athetics - Esbozo Deportivo<\/title>\n<meta name=\"robots\" content=\"index, follow, max-snippet:-1, max-image-preview:large, max-video-preview:-1\" \/>\n<link rel=\"canonical\" href=\"https:\/\/esbozodeportivo.com\/index.php\/2022\/08\/27\/seis-mexicanos-en-la-elite-de-la-world-athetics\/\" \/>\n<meta property=\"og:locale\" content=\"es_MX\" \/>\n<meta property=\"og:type\" content=\"article\" \/>\n<meta property=\"og:title\" content=\"Seis mexicanos en la \u00e9lite de la World Athetics - Esbozo Deportivo\" \/>\n<meta property=\"og:description\" content=\"(Bolet\u00edn).- Uno de los momentos m\u00e1s relevantes en la Expo Marat\u00f3n Ciudad de M\u00e9xico Telcel\" \/>\n<meta property=\"og:url\" content=\"https:\/\/esbozodeportivo.com\/index.php\/2022\/08\/27\/seis-mexicanos-en-la-elite-de-la-world-athetics\/\" \/>\n<meta property=\"og:site_name\" content=\"Esbozo Deportivo\" \/>\n<meta property=\"article:published_time\" content=\"2022-08-27T01:31:07+00:00\" \/>\n<meta property=\"article:modified_time\" content=\"2022-09-10T05:32:49+00:00\" \/>\n<meta property=\"og:image\" content=\"https:\/\/esbozodeportivo.com\/wp-content\/uploads\/2022\/08\/Atletas-1024x682.jpg\" \/>\n<meta name=\"author\" content=\"Javier De La Cruz\" \/>\n<meta name=\"twitter:card\" content=\"summary_large_image\" \/>\n<meta name=\"twitter:label1\" content=\"Escrito por\" \/>\n\t<meta name=\"twitter:data1\" content=\"Javier De La Cruz\" \/>\n\t<meta name=\"twitter:label2\" content=\"Tiempo de lectura\" \/>\n\t<meta name=\"twitter:data2\" content=\"1 minuto\" \/>\n<script type=\"application\/ld+json\" class=\"yoast-schema-graph\">{\"@context\":\"https:\/\/schema.org\",\"@graph\":[{\"@type\":\"Article\",\"@id\":\"https:\/\/esbozodeportivo.com\/index.php\/2022\/08\/27\/seis-mexicanos-en-la-elite-de-la-world-athetics\/#article\",\"isPartOf\":{\"@id\":\"https:\/\/esbozodeportivo.com\/index.php\/2022\/08\/27\/seis-mexicanos-en-la-elite-de-la-world-athetics\/\"},\"author\":{\"name\":\"Javier De La Cruz\",\"@id\":\"https:\/\/esbozodeportivo.com\/#\/schema\/person\/7277119c98823aec37bbb84e125efd44\"},\"headline\":\"Seis mexicanos en la \u00e9lite de la World Athetics\",\"datePublished\":\"2022-08-27T01:31:07+00:00\",\"dateModified\":\"2022-09-10T05:32:49+00:00\",\"mainEntityOfPage\":{\"@id\":\"https:\/\/esbozodeportivo.com\/index.php\/2022\/08\/27\/seis-mexicanos-en-la-elite-de-la-world-athetics\/\"},\"wordCount\":305,\"commentCount\":0,\"publisher\":{\"@id\":\"https:\/\/esbozodeportivo.com\/#organization\"},\"image\":{\"@id\":\"https:\/\/esbozodeportivo.com\/index.php\/2022\/08\/27\/seis-mexicanos-en-la-elite-de-la-world-athetics\/#primaryimage\"},\"thumbnailUrl\":\"https:\/\/esbozodeportivo.com\/wp-content\/uploads\/2022\/08\/Atletas-1024x682.jpg\",\"articleSection\":[\"Amateur\"],\"inLanguage\":\"es\",\"potentialAction\":[{\"@type\":\"CommentAction\",\"name\":\"Comment\",\"target\":[\"https:\/\/esbozodeportivo.com\/index.php\/2022\/08\/27\/seis-mexicanos-en-la-elite-de-la-world-athetics\/#respond\"]}]},{\"@type\":\"WebPage\",\"@id\":\"https:\/\/esbozodeportivo.com\/index.php\/2022\/08\/27\/seis-mexicanos-en-la-elite-de-la-world-athetics\/\",\"url\":\"https:\/\/esbozodeportivo.com\/index.php\/2022\/08\/27\/seis-mexicanos-en-la-elite-de-la-world-athetics\/\",\"name\":\"Seis mexicanos en la \u00e9lite de la World Athetics - Esbozo Deportivo\",\"isPartOf\":{\"@id\":\"https:\/\/esbozodeportivo.com\/#website\"},\"primaryImageOfPage\":{\"@id\":\"https:\/\/esbozodeportivo.com\/index.php\/2022\/08\/27\/seis-mexicanos-en-la-elite-de-la-world-athetics\/#primaryimage\"},\"image\":{\"@id\":\"https:\/\/esbozodeportivo.com\/index.php\/2022\/08\/27\/seis-mexicanos-en-la-elite-de-la-world-athetics\/#primaryimage\"},\"thumbnailUrl\":\"https:\/\/esbozodeportivo.com\/wp-content\/uploads\/2022\/08\/Atletas-1024x682.jpg\",\"datePublished\":\"2022-08-27T01:31:07+00:00\",\"dateModified\":\"2022-09-10T05:32:49+00:00\",\"breadcrumb\":{\"@id\":\"https:\/\/esbozodeportivo.com\/index.php\/2022\/08\/27\/seis-mexicanos-en-la-elite-de-la-world-athetics\/#breadcrumb\"},\"inLanguage\":\"es\",\"potentialAction\":[{\"@type\":\"ReadAction\",\"target\":[\"https:\/\/esbozodeportivo.com\/index.php\/2022\/08\/27\/seis-mexicanos-en-la-elite-de-la-world-athetics\/\"]}]},{\"@type\":\"ImageObject\",\"inLanguage\":\"es\",\"@id\":\"https:\/\/esbozodeportivo.com\/index.php\/2022\/08\/27\/seis-mexicanos-en-la-elite-de-la-world-athetics\/#primaryimage\",\"url\":\"https:\/\/esbozodeportivo.com\/wp-content\/uploads\/2022\/08\/Atletas.jpg\",\"contentUrl\":\"https:\/\/esbozodeportivo.com\/wp-content\/uploads\/2022\/08\/Atletas.jpg\",\"width\":1600,\"height\":1066},{\"@type\":\"BreadcrumbList\",\"@id\":\"https:\/\/esbozodeportivo.com\/index.php\/2022\/08\/27\/seis-mexicanos-en-la-elite-de-la-world-athetics\/#breadcrumb\",\"itemListElement\":[{\"@type\":\"ListItem\",\"position\":1,\"name\":\"Inicio\",\"item\":\"https:\/\/esbozodeportivo.com\/\"},{\"@type\":\"ListItem\",\"position\":2,\"name\":\"Seis mexicanos en la \u00e9lite de la World Athetics\"}]},{\"@type\":\"WebSite\",\"@id\":\"https:\/\/esbozodeportivo.com\/#website\",\"url\":\"https:\/\/esbozodeportivo.com\/\",\"name\":\"Esbozo Deportivo\",\"description\":\"Lo m\u00e1s importante del Deporte\",\"publisher\":{\"@id\":\"https:\/\/esbozodeportivo.com\/#organization\"},\"potentialAction\":[{\"@type\":\"SearchAction\",\"target\":{\"@type\":\"EntryPoint\",\"urlTemplate\":\"https:\/\/esbozodeportivo.com\/?s={search_term_string}\"},\"query-input\":{\"@type\":\"PropertyValueSpecification\",\"valueRequired\":true,\"valueName\":\"search_term_string\"}}],\"inLanguage\":\"es\"},{\"@type\":\"Organization\",\"@id\":\"https:\/\/esbozodeportivo.com\/#organization\",\"name\":\"Esbozo Deportivo\",\"url\":\"https:\/\/esbozodeportivo.com\/\",\"logo\":{\"@type\":\"ImageObject\",\"inLanguage\":\"es\",\"@id\":\"https:\/\/esbozodeportivo.com\/#\/schema\/logo\/image\/\",\"url\":\"https:\/\/esbozodeportivo.com\/wp-content\/uploads\/2022\/08\/cropped-Logo-Esbozo-Web-2.png\",\"contentUrl\":\"https:\/\/esbozodeportivo.com\/wp-content\/uploads\/2022\/08\/cropped-Logo-Esbozo-Web-2.png\",\"width\":180,\"height\":50,\"caption\":\"Esbozo Deportivo\"},\"image\":{\"@id\":\"https:\/\/esbozodeportivo.com\/#\/schema\/logo\/image\/\"}},{\"@type\":\"Person\",\"@id\":\"https:\/\/esbozodeportivo.com\/#\/schema\/person\/7277119c98823aec37bbb84e125efd44\",\"name\":\"Javier De La Cruz\",\"image\":{\"@type\":\"ImageObject\",\"inLanguage\":\"es\",\"@id\":\"https:\/\/esbozodeportivo.com\/#\/schema\/person\/image\/\",\"url\":\"https:\/\/secure.gravatar.com\/avatar\/366235a56d20f1a6e8e3d0b295897639357bea880470ddf261d17bb0bc052eb1?s=96&d=mm&r=g\",\"contentUrl\":\"https:\/\/secure.gravatar.com\/avatar\/366235a56d20f1a6e8e3d0b295897639357bea880470ddf261d17bb0bc052eb1?s=96&d=mm&r=g\",\"caption\":\"Javier De La Cruz\"},\"url\":\"https:\/\/esbozodeportivo.com\/index.php\/author\/javier-de-la-cruz-de-la-cruz\/\"}]}<\/script>\n<!-- \/ Yoast SEO plugin. -->","yoast_head_json":{"title":"Seis mexicanos en la \u00e9lite de la World Athetics - Esbozo Deportivo","robots":{"index":"index","follow":"follow","max-snippet":"max-snippet:-1","max-image-preview":"max-image-preview:large","max-video-preview":"max-video-preview:-1"},"canonical":"https:\/\/esbozodeportivo.com\/index.php\/2022\/08\/27\/seis-mexicanos-en-la-elite-de-la-world-athetics\/","og_locale":"es_MX","og_type":"article","og_title":"Seis mexicanos en la \u00e9lite de la World Athetics - Esbozo Deportivo","og_description":"(Bolet\u00edn).- Uno de los momentos m\u00e1s relevantes en la Expo Marat\u00f3n Ciudad de M\u00e9xico Telcel","og_url":"https:\/\/esbozodeportivo.com\/index.php\/2022\/08\/27\/seis-mexicanos-en-la-elite-de-la-world-athetics\/","og_site_name":"Esbozo Deportivo","article_published_time":"2022-08-27T01:31:07+00:00","article_modified_time":"2022-09-10T05:32:49+00:00","og_image":[{"url":"https:\/\/esbozodeportivo.com\/wp-content\/uploads\/2022\/08\/Atletas-1024x682.jpg","type":"","width":"","height":""}],"author":"Javier De La Cruz","twitter_card":"summary_large_image","twitter_misc":{"Escrito por":"Javier De La Cruz","Tiempo de lectura":"1 minuto"},"schema":{"@context":"https:\/\/schema.org","@graph":[{"@type":"Article","@id":"https:\/\/esbozodeportivo.com\/index.php\/2022\/08\/27\/seis-mexicanos-en-la-elite-de-la-world-athetics\/#article","isPartOf":{"@id":"https:\/\/esbozodeportivo.com\/index.php\/2022\/08\/27\/seis-mexicanos-en-la-elite-de-la-world-athetics\/"},"author":{"name":"Javier De La Cruz","@id":"https:\/\/esbozodeportivo.com\/#\/schema\/person\/7277119c98823aec37bbb84e125efd44"},"headline":"Seis mexicanos en la \u00e9lite de la World Athetics","datePublished":"2022-08-27T01:31:07+00:00","dateModified":"2022-09-10T05:32:49+00:00","mainEntityOfPage":{"@id":"https:\/\/esbozodeportivo.com\/index.php\/2022\/08\/27\/seis-mexicanos-en-la-elite-de-la-world-athetics\/"},"wordCount":305,"commentCount":0,"publisher":{"@id":"https:\/\/esbozodeportivo.com\/#organization"},"image":{"@id":"https:\/\/esbozodeportivo.com\/index.php\/2022\/08\/27\/seis-mexicanos-en-la-elite-de-la-world-athetics\/#primaryimage"},"thumbnailUrl":"https:\/\/esbozodeportivo.com\/wp-content\/uploads\/2022\/08\/Atletas-1024x682.jpg","articleSection":["Amateur"],"inLanguage":"es","potentialAction":[{"@type":"CommentAction","name":"Comment","target":["https:\/\/esbozodeportivo.com\/index.php\/2022\/08\/27\/seis-mexicanos-en-la-elite-de-la-world-athetics\/#respond"]}]},{"@type":"WebPage","@id":"https:\/\/esbozodeportivo.com\/index.php\/2022\/08\/27\/seis-mexicanos-en-la-elite-de-la-world-athetics\/","url":"https:\/\/esbozodeportivo.com\/index.php\/2022\/08\/27\/seis-mexicanos-en-la-elite-de-la-world-athetics\/","name":"Seis mexicanos en la \u00e9lite de la World Athetics - Esbozo Deportivo","isPartOf":{"@id":"https:\/\/esbozodeportivo.com\/#website"},"primaryImageOfPage":{"@id":"https:\/\/esbozodeportivo.com\/index.php\/2022\/08\/27\/seis-mexicanos-en-la-elite-de-la-world-athetics\/#primaryimage"},"image":{"@id":"https:\/\/esbozodeportivo.com\/index.php\/2022\/08\/27\/seis-mexicanos-en-la-elite-de-la-world-athetics\/#primaryimage"},"thumbnailUrl":"https:\/\/esbozodeportivo.com\/wp-content\/uploads\/2022\/08\/Atletas-1024x682.jpg","datePublished":"2022-08-27T01:31:07+00:00","dateModified":"2022-09-10T05:32:49+00:00","breadcrumb":{"@id":"https:\/\/esbozodeportivo.com\/index.php\/2022\/08\/27\/seis-mexicanos-en-la-elite-de-la-world-athetics\/#breadcrumb"},"inLanguage":"es","potentialAction":[{"@type":"ReadAction","target":["https:\/\/esbozodeportivo.com\/index.php\/2022\/08\/27\/seis-mexicanos-en-la-elite-de-la-world-athetics\/"]}]},{"@type":"ImageObject","inLanguage":"es","@id":"https:\/\/esbozodeportivo.com\/index.php\/2022\/08\/27\/seis-mexicanos-en-la-elite-de-la-world-athetics\/#primaryimage","url":"https:\/\/esbozodeportivo.com\/wp-content\/uploads\/2022\/08\/Atletas.jpg","contentUrl":"https:\/\/esbozodeportivo.com\/wp-content\/uploads\/2022\/08\/Atletas.jpg","width":1600,"height":1066},{"@type":"BreadcrumbList","@id":"https:\/\/esbozodeportivo.com\/index.php\/2022\/08\/27\/seis-mexicanos-en-la-elite-de-la-world-athetics\/#breadcrumb","itemListElement":[{"@type":"ListItem","position":1,"name":"Inicio","item":"https:\/\/esbozodeportivo.com\/"},{"@type":"ListItem","position":2,"name":"Seis mexicanos en la \u00e9lite de la World Athetics"}]},{"@type":"WebSite","@id":"https:\/\/esbozodeportivo.com\/#website","url":"https:\/\/esbozodeportivo.com\/","name":"Esbozo Deportivo","description":"Lo m\u00e1s importante del Deporte","publisher":{"@id":"https:\/\/esbozodeportivo.com\/#organization"},"potentialAction":[{"@type":"SearchAction","target":{"@type":"EntryPoint","urlTemplate":"https:\/\/esbozodeportivo.com\/?s={search_term_string}"},"query-input":{"@type":"PropertyValueSpecification","valueRequired":true,"valueName":"search_term_string"}}],"inLanguage":"es"},{"@type":"Organization","@id":"https:\/\/esbozodeportivo.com\/#organization","name":"Esbozo Deportivo","url":"https:\/\/esbozodeportivo.com\/","logo":{"@type":"ImageObject","inLanguage":"es","@id":"https:\/\/esbozodeportivo.com\/#\/schema\/logo\/image\/","url":"https:\/\/esbozodeportivo.com\/wp-content\/uploads\/2022\/08\/cropped-Logo-Esbozo-Web-2.png","contentUrl":"https:\/\/esbozodeportivo.com\/wp-content\/uploads\/2022\/08\/cropped-Logo-Esbozo-Web-2.png","width":180,"height":50,"caption":"Esbozo Deportivo"},"image":{"@id":"https:\/\/esbozodeportivo.com\/#\/schema\/logo\/image\/"}},{"@type":"Person","@id":"https:\/\/esbozodeportivo.com\/#\/schema\/person\/7277119c98823aec37bbb84e125efd44","name":"Javier De La Cruz","image":{"@type":"ImageObject","inLanguage":"es","@id":"https:\/\/esbozodeportivo.com\/#\/schema\/person\/image\/","url":"https:\/\/secure.gravatar.com\/avatar\/366235a56d20f1a6e8e3d0b295897639357bea880470ddf261d17bb0bc052eb1?s=96&d=mm&r=g","contentUrl":"https:\/\/secure.gravatar.com\/avatar\/366235a56d20f1a6e8e3d0b295897639357bea880470ddf261d17bb0bc052eb1?s=96&d=mm&r=g","caption":"Javier De La Cruz"},"url":"https:\/\/esbozodeportivo.com\/index.php\/author\/javier-de-la-cruz-de-la-cruz\/"}]}},"jetpack_featured_media_url":"","jetpack_sharing_enabled":true,"_links":{"self":[{"href":"https:\/\/esbozodeportivo.com\/index.php\/wp-json\/wp\/v2\/posts\/268","targetHints":{"allow":["GET"]}}],"collection":[{"href":"https:\/\/esbozodeportivo.com\/index.php\/wp-json\/wp\/v2\/posts"}],"about":[{"href":"https:\/\/esbozodeportivo.com\/index.php\/wp-json\/wp\/v2\/types\/post"}],"author":[{"embeddable":true,"href":"https:\/\/esbozodeportivo.com\/index.php\/wp-json\/wp\/v2\/users\/2"}],"replies":[{"embeddable":true,"href":"https:\/\/esbozodeportivo.com\/index.php\/wp-json\/wp\/v2\/comments?post=268"}],"version-history":[{"count":4,"href":"https:\/\/esbozodeportivo.com\/index.php\/wp-json\/wp\/v2\/posts\/268\/revisions"}],"predecessor-version":[{"id":278,"href":"https:\/\/esbozodeportivo.com\/index.php\/wp-json\/wp\/v2\/posts\/268\/revisions\/278"}],"wp:attachment":[{"href":"https:\/\/esbozodeportivo.com\/index.php\/wp-json\/wp\/v2\/media?parent=268"}],"wp:term":[{"taxonomy":"category","embeddable":true,"href":"https:\/\/esbozodeportivo.com\/index.php\/wp-json\/wp\/v2\/categories?post=268"},{"taxonomy":"post_tag","embeddable":true,"href":"https:\/\/esbozodeportivo.com\/index.php\/wp-json\/wp\/v2\/tags?post=268"}],"curies":[{"name":"wp","href":"https:\/\/api.w.org\/{rel}","templated":true}]}}