{"id":2759,"date":"2024-02-09T06:38:02","date_gmt":"2024-02-09T06:38:02","guid":{"rendered":"https:\/\/esbozodeportivo.com\/?p=2759"},"modified":"2024-02-09T06:39:07","modified_gmt":"2024-02-09T06:39:07","slug":"nick-bosa-sera-titular-en-el-super-bowl","status":"publish","type":"post","link":"https:\/\/esbozodeportivo.com\/index.php\/2024\/02\/09\/nick-bosa-sera-titular-en-el-super-bowl\/","title":{"rendered":"Nick Bosa ser\u00e1 titular en el Super Bowl"},"content":{"rendered":"<style>\/*! elementor - v3.19.0 - 07-02-2024 *\/\n.elementor-widget-image{text-align:center}.elementor-widget-image a{display:inline-block}.elementor-widget-image a img[src$=\".svg\"]{width:48px}.elementor-widget-image img{vertical-align:middle;display:inline-block}<\/style>\n<p>\t\t\t\t\t\t\t\t\t\t<img loading=\"lazy\" decoding=\"async\" width=\"640\" height=\"427\" src=\"https:\/\/esbozodeportivo.com\/wp-content\/uploads\/2024\/02\/Bosa.jpg\" alt=\"\" srcset=\"https:\/\/esbozodeportivo.com\/wp-content\/uploads\/2024\/02\/Bosa.jpg 800w, https:\/\/esbozodeportivo.com\/wp-content\/uploads\/2024\/02\/Bosa-300x200.jpg 300w, https:\/\/esbozodeportivo.com\/wp-content\/uploads\/2024\/02\/Bosa-768x513.jpg 768w\" sizes=\"auto, (max-width: 640px) 100vw, 640px\" \/>\t\t\t\t\t\t\t\t\t\t\t\t\t<\/p>\n<p>(Foto: @nbsmallerbear)<\/p>\n<p>LAS VEGAS (Agencias).- Minutos despu\u00e9s de que los 49ers lograron una gran remontada para conquistar el campeonato de la Conferencia Nacional, el jugador defensivo estelar Nick Bosa record\u00f3 el ascenso mete\u00f3rico que ha tenido el quarterback Brock Purdy.<\/p>\n<p>En menos de 22 meses, pas\u00f3 de ser el \u201cSe\u00f1or Irrelevante\u201d, como la \u00faltima selecci\u00f3n del draft de 2022, a ser finalista en la votaci\u00f3n para el premio al Jugador M\u00e1s Valioso.<\/p>\n<p>Y el domingo ser\u00e1 el quarterback titular en el Super Bowl.<\/p>\n<p>Ha sido una de las historias de \u00e9xito m\u00e1s inesperadas en un draft en fechas recientes, y parece sorprender a todos, salvo a Purdy, quien afirma que siempre confi\u00f3 en lograrlo, si es que alguien le daba una oportunidad.<\/p>\n<p>\u201cLa gente puede ignorarte o no pensar que eres el mejor, el m\u00e1s r\u00e1pido o el m\u00e1s fuerte\u201d, explic\u00f3 Purdy. \u201cPero si crees en ti mismo y piensas que tienes lo que se requiere, y si realmente lo crees y no te rindes, puedes lograrlo\u201d.<\/p>\n<p>Cuando los 49ers llegaron al draft de 2022, un quarterback no era su prioridad. Sin embargo, esperaban reclutar a alguno en las \u00faltimas rondas para utilizarlo como reemplazo. Un a\u00f1o antes, los Niners hab\u00edan canjeado tres selecciones de primera ronda a fin de reclutar a Trey Lance como tercero general, y avizoraban que ser\u00eda su quarterback franquicia.<\/p>\n<p>El cazatalentos Steve Slowik se mostr\u00f3 cada vez m\u00e1s interesado por la actitud y producci\u00f3n de Purdy como titular de cuatro a\u00f1os en Iowa State. Lo puso en el radar del personal de entrenadores.<\/p>\n<p>Brian Griese y Klay Kubiak, entrenadores asistentes, dieron a Purdy las mejores evaluaciones entre los jugadores de las \u00faltimas rondas. Ello convenci\u00f3 al entrenador en jefe Kyle Shanahan, quien contempl\u00f3 la posibilidad de reclutarlo en las rondas intermedias.<\/p>\n<p>Pero los Niners pasaron buena parte de la jornada de aquel draft enriqueciendo sus trincheras y su secundaria. Lleg\u00f3 el momento de la \u00faltima selecci\u00f3n \u2014que se les otorg\u00f3 como compensaci\u00f3n por perder a C.J. Beathard como agente libre.<\/p>\n<p>Y San Francisco hizo el reclutamiento que, a juicio del tackle izquierdo Trent Williams, fue como ganarse la loter\u00eda.<\/p>\n<p>Purdy lleg\u00f3 e inmediatamente impresion\u00f3 a sus entrenadores y compa\u00f1eros, aunque recibi\u00f3 apenas unos cuantos centros en los entrenamientos. Despu\u00e9s de todo, ven\u00eda detr\u00e1s de Lance y del veterano suplente Nate Sudfeld.<\/p>\n<p>Lo hizo suficientemente bien para que Shanahan le dijera al due\u00f1o Jed York, una semana despu\u00e9s de iniciado el campamento de pr\u00e1ctica, que Purdy podr\u00eda ser ya mejor que Lance, Sudfeld o Jimmy Garoppolo, a quien el equipo buscaba ceder en canje antes de traerlo de vuelta en aquella campa\u00f1a, con un salario reducido.<\/p>\n<p>Result\u00f3 que Shanahan tuvo boca de profeta. Purdy reemplaz\u00f3 al lesionado Garoppolo en la semana 13 de la campa\u00f1a anterior. Ese d\u00eda, condujo a los Niners a un triunfo sobre Miami y luego a siete victorias seguidas como titular, hasta que sufri\u00f3 una lesi\u00f3n grave de codo en la primera serie ofensiva de la final de la Conferencia Nacional, una derrota en Filadelfia.<\/p>\n<p>Purdy se someti\u00f3 a cirug\u00eda en el receso previo a la campa\u00f1a. San Francisco lleg\u00f3 a preguntar si Tom Brady querr\u00eda jugar otra temporada.<\/p>\n<p>Cuando Brady mantuvo en pie su decisi\u00f3n de retirarse, los Niners se comprometieron totalmente con Purdy.<\/p>\n<p>\u201cCreyeron en m\u00ed desde el a\u00f1o pasado, cuando llegu\u00e9\u201d, dijo Purdy. \u201cDurante el a\u00f1o, creo que crec\u00ed. Crecimos juntos, as\u00ed que me siento definitivamente bendecido por tener conmigo a estos chicos en el vestuario. Definitivamente me han apoyado en las buenas y en las malas. Hemos pasado por algunas cosas dif\u00edciles este a\u00f1o. No todo ha sido perfecto\u201d.<\/p>\n<p>Purdy estuvo suficientemente saludable para comenzar un programa de lanzamiento de pases en mayo. Reanud\u00f3 los entrenamientos al comienzo del campamento y aport\u00f3 una de las campa\u00f1as m\u00e1s productivas en la historia por parte de un quarterback de San Francisco.<\/p>\n","protected":false},"excerpt":{"rendered":"<p>(Foto: @nbsmallerbear) LAS VEGAS (Agencias).- Minutos despu\u00e9s de que los 49ers lograron una gran remontada<\/p>\n","protected":false},"author":2,"featured_media":0,"comment_status":"open","ping_status":"open","sticky":false,"template":"","format":"standard","meta":{"_jetpack_memberships_contains_paid_content":false,"footnotes":""},"categories":[6],"tags":[],"class_list":["post-2759","post","type-post","status-publish","format-standard","hentry","category-nfl"],"yoast_head":"<!-- This site is optimized with the Yoast SEO plugin v25.7 - https:\/\/yoast.com\/wordpress\/plugins\/seo\/ -->\n<title>Nick Bosa ser\u00e1 titular en el Super Bowl - Esbozo Deportivo<\/title>\n<meta name=\"robots\" content=\"index, follow, max-snippet:-1, max-image-preview:large, max-video-preview:-1\" \/>\n<link rel=\"canonical\" href=\"https:\/\/esbozodeportivo.com\/index.php\/2024\/02\/09\/nick-bosa-sera-titular-en-el-super-bowl\/\" \/>\n<meta property=\"og:locale\" content=\"es_MX\" \/>\n<meta property=\"og:type\" content=\"article\" \/>\n<meta property=\"og:title\" content=\"Nick Bosa ser\u00e1 titular en el Super Bowl - Esbozo Deportivo\" \/>\n<meta property=\"og:description\" content=\"(Foto: @nbsmallerbear) LAS VEGAS (Agencias).- Minutos despu\u00e9s de que los 49ers lograron una gran remontada\" \/>\n<meta property=\"og:url\" content=\"https:\/\/esbozodeportivo.com\/index.php\/2024\/02\/09\/nick-bosa-sera-titular-en-el-super-bowl\/\" \/>\n<meta property=\"og:site_name\" content=\"Esbozo Deportivo\" \/>\n<meta property=\"article:published_time\" content=\"2024-02-09T06:38:02+00:00\" \/>\n<meta property=\"article:modified_time\" content=\"2024-02-09T06:39:07+00:00\" \/>\n<meta property=\"og:image\" content=\"https:\/\/esbozodeportivo.com\/wp-content\/uploads\/2024\/02\/Bosa.jpg\" \/>\n<meta name=\"author\" content=\"Javier De La Cruz\" \/>\n<meta name=\"twitter:card\" content=\"summary_large_image\" \/>\n<meta name=\"twitter:label1\" content=\"Escrito por\" \/>\n\t<meta name=\"twitter:data1\" content=\"Javier De La Cruz\" \/>\n\t<meta name=\"twitter:label2\" content=\"Tiempo de lectura\" \/>\n\t<meta name=\"twitter:data2\" content=\"3 minutos\" \/>\n<script type=\"application\/ld+json\" class=\"yoast-schema-graph\">{\"@context\":\"https:\/\/schema.org\",\"@graph\":[{\"@type\":\"Article\",\"@id\":\"https:\/\/esbozodeportivo.com\/index.php\/2024\/02\/09\/nick-bosa-sera-titular-en-el-super-bowl\/#article\",\"isPartOf\":{\"@id\":\"https:\/\/esbozodeportivo.com\/index.php\/2024\/02\/09\/nick-bosa-sera-titular-en-el-super-bowl\/\"},\"author\":{\"name\":\"Javier De La Cruz\",\"@id\":\"https:\/\/esbozodeportivo.com\/#\/schema\/person\/7277119c98823aec37bbb84e125efd44\"},\"headline\":\"Nick Bosa ser\u00e1 titular en el Super Bowl\",\"datePublished\":\"2024-02-09T06:38:02+00:00\",\"dateModified\":\"2024-02-09T06:39:07+00:00\",\"mainEntityOfPage\":{\"@id\":\"https:\/\/esbozodeportivo.com\/index.php\/2024\/02\/09\/nick-bosa-sera-titular-en-el-super-bowl\/\"},\"wordCount\":688,\"commentCount\":0,\"publisher\":{\"@id\":\"https:\/\/esbozodeportivo.com\/#organization\"},\"image\":{\"@id\":\"https:\/\/esbozodeportivo.com\/index.php\/2024\/02\/09\/nick-bosa-sera-titular-en-el-super-bowl\/#primaryimage\"},\"thumbnailUrl\":\"https:\/\/esbozodeportivo.com\/wp-content\/uploads\/2024\/02\/Bosa.jpg\",\"articleSection\":[\"NFL\"],\"inLanguage\":\"es\",\"potentialAction\":[{\"@type\":\"CommentAction\",\"name\":\"Comment\",\"target\":[\"https:\/\/esbozodeportivo.com\/index.php\/2024\/02\/09\/nick-bosa-sera-titular-en-el-super-bowl\/#respond\"]}]},{\"@type\":\"WebPage\",\"@id\":\"https:\/\/esbozodeportivo.com\/index.php\/2024\/02\/09\/nick-bosa-sera-titular-en-el-super-bowl\/\",\"url\":\"https:\/\/esbozodeportivo.com\/index.php\/2024\/02\/09\/nick-bosa-sera-titular-en-el-super-bowl\/\",\"name\":\"Nick Bosa ser\u00e1 titular en el Super Bowl - Esbozo Deportivo\",\"isPartOf\":{\"@id\":\"https:\/\/esbozodeportivo.com\/#website\"},\"primaryImageOfPage\":{\"@id\":\"https:\/\/esbozodeportivo.com\/index.php\/2024\/02\/09\/nick-bosa-sera-titular-en-el-super-bowl\/#primaryimage\"},\"image\":{\"@id\":\"https:\/\/esbozodeportivo.com\/index.php\/2024\/02\/09\/nick-bosa-sera-titular-en-el-super-bowl\/#primaryimage\"},\"thumbnailUrl\":\"https:\/\/esbozodeportivo.com\/wp-content\/uploads\/2024\/02\/Bosa.jpg\",\"datePublished\":\"2024-02-09T06:38:02+00:00\",\"dateModified\":\"2024-02-09T06:39:07+00:00\",\"breadcrumb\":{\"@id\":\"https:\/\/esbozodeportivo.com\/index.php\/2024\/02\/09\/nick-bosa-sera-titular-en-el-super-bowl\/#breadcrumb\"},\"inLanguage\":\"es\",\"potentialAction\":[{\"@type\":\"ReadAction\",\"target\":[\"https:\/\/esbozodeportivo.com\/index.php\/2024\/02\/09\/nick-bosa-sera-titular-en-el-super-bowl\/\"]}]},{\"@type\":\"ImageObject\",\"inLanguage\":\"es\",\"@id\":\"https:\/\/esbozodeportivo.com\/index.php\/2024\/02\/09\/nick-bosa-sera-titular-en-el-super-bowl\/#primaryimage\",\"url\":\"https:\/\/esbozodeportivo.com\/wp-content\/uploads\/2024\/02\/Bosa.jpg\",\"contentUrl\":\"https:\/\/esbozodeportivo.com\/wp-content\/uploads\/2024\/02\/Bosa.jpg\",\"width\":800,\"height\":534},{\"@type\":\"BreadcrumbList\",\"@id\":\"https:\/\/esbozodeportivo.com\/index.php\/2024\/02\/09\/nick-bosa-sera-titular-en-el-super-bowl\/#breadcrumb\",\"itemListElement\":[{\"@type\":\"ListItem\",\"position\":1,\"name\":\"Inicio\",\"item\":\"https:\/\/esbozodeportivo.com\/\"},{\"@type\":\"ListItem\",\"position\":2,\"name\":\"Nick Bosa ser\u00e1 titular en el Super Bowl\"}]},{\"@type\":\"WebSite\",\"@id\":\"https:\/\/esbozodeportivo.com\/#website\",\"url\":\"https:\/\/esbozodeportivo.com\/\",\"name\":\"Esbozo Deportivo\",\"description\":\"Lo m\u00e1s importante del Deporte\",\"publisher\":{\"@id\":\"https:\/\/esbozodeportivo.com\/#organization\"},\"potentialAction\":[{\"@type\":\"SearchAction\",\"target\":{\"@type\":\"EntryPoint\",\"urlTemplate\":\"https:\/\/esbozodeportivo.com\/?s={search_term_string}\"},\"query-input\":{\"@type\":\"PropertyValueSpecification\",\"valueRequired\":true,\"valueName\":\"search_term_string\"}}],\"inLanguage\":\"es\"},{\"@type\":\"Organization\",\"@id\":\"https:\/\/esbozodeportivo.com\/#organization\",\"name\":\"Esbozo Deportivo\",\"url\":\"https:\/\/esbozodeportivo.com\/\",\"logo\":{\"@type\":\"ImageObject\",\"inLanguage\":\"es\",\"@id\":\"https:\/\/esbozodeportivo.com\/#\/schema\/logo\/image\/\",\"url\":\"https:\/\/esbozodeportivo.com\/wp-content\/uploads\/2022\/08\/cropped-Logo-Esbozo-Web-2.png\",\"contentUrl\":\"https:\/\/esbozodeportivo.com\/wp-content\/uploads\/2022\/08\/cropped-Logo-Esbozo-Web-2.png\",\"width\":180,\"height\":50,\"caption\":\"Esbozo Deportivo\"},\"image\":{\"@id\":\"https:\/\/esbozodeportivo.com\/#\/schema\/logo\/image\/\"}},{\"@type\":\"Person\",\"@id\":\"https:\/\/esbozodeportivo.com\/#\/schema\/person\/7277119c98823aec37bbb84e125efd44\",\"name\":\"Javier De La Cruz\",\"image\":{\"@type\":\"ImageObject\",\"inLanguage\":\"es\",\"@id\":\"https:\/\/esbozodeportivo.com\/#\/schema\/person\/image\/\",\"url\":\"https:\/\/secure.gravatar.com\/avatar\/366235a56d20f1a6e8e3d0b295897639357bea880470ddf261d17bb0bc052eb1?s=96&d=mm&r=g\",\"contentUrl\":\"https:\/\/secure.gravatar.com\/avatar\/366235a56d20f1a6e8e3d0b295897639357bea880470ddf261d17bb0bc052eb1?s=96&d=mm&r=g\",\"caption\":\"Javier De La Cruz\"},\"url\":\"https:\/\/esbozodeportivo.com\/index.php\/author\/javier-de-la-cruz-de-la-cruz\/\"}]}<\/script>\n<!-- \/ Yoast SEO plugin. -->","yoast_head_json":{"title":"Nick Bosa ser\u00e1 titular en el Super Bowl - Esbozo Deportivo","robots":{"index":"index","follow":"follow","max-snippet":"max-snippet:-1","max-image-preview":"max-image-preview:large","max-video-preview":"max-video-preview:-1"},"canonical":"https:\/\/esbozodeportivo.com\/index.php\/2024\/02\/09\/nick-bosa-sera-titular-en-el-super-bowl\/","og_locale":"es_MX","og_type":"article","og_title":"Nick Bosa ser\u00e1 titular en el Super Bowl - Esbozo Deportivo","og_description":"(Foto: @nbsmallerbear) LAS VEGAS (Agencias).- Minutos despu\u00e9s de que los 49ers lograron una gran remontada","og_url":"https:\/\/esbozodeportivo.com\/index.php\/2024\/02\/09\/nick-bosa-sera-titular-en-el-super-bowl\/","og_site_name":"Esbozo Deportivo","article_published_time":"2024-02-09T06:38:02+00:00","article_modified_time":"2024-02-09T06:39:07+00:00","og_image":[{"url":"https:\/\/esbozodeportivo.com\/wp-content\/uploads\/2024\/02\/Bosa.jpg","type":"","width":"","height":""}],"author":"Javier De La Cruz","twitter_card":"summary_large_image","twitter_misc":{"Escrito por":"Javier De La Cruz","Tiempo de lectura":"3 minutos"},"schema":{"@context":"https:\/\/schema.org","@graph":[{"@type":"Article","@id":"https:\/\/esbozodeportivo.com\/index.php\/2024\/02\/09\/nick-bosa-sera-titular-en-el-super-bowl\/#article","isPartOf":{"@id":"https:\/\/esbozodeportivo.com\/index.php\/2024\/02\/09\/nick-bosa-sera-titular-en-el-super-bowl\/"},"author":{"name":"Javier De La Cruz","@id":"https:\/\/esbozodeportivo.com\/#\/schema\/person\/7277119c98823aec37bbb84e125efd44"},"headline":"Nick Bosa ser\u00e1 titular en el Super Bowl","datePublished":"2024-02-09T06:38:02+00:00","dateModified":"2024-02-09T06:39:07+00:00","mainEntityOfPage":{"@id":"https:\/\/esbozodeportivo.com\/index.php\/2024\/02\/09\/nick-bosa-sera-titular-en-el-super-bowl\/"},"wordCount":688,"commentCount":0,"publisher":{"@id":"https:\/\/esbozodeportivo.com\/#organization"},"image":{"@id":"https:\/\/esbozodeportivo.com\/index.php\/2024\/02\/09\/nick-bosa-sera-titular-en-el-super-bowl\/#primaryimage"},"thumbnailUrl":"https:\/\/esbozodeportivo.com\/wp-content\/uploads\/2024\/02\/Bosa.jpg","articleSection":["NFL"],"inLanguage":"es","potentialAction":[{"@type":"CommentAction","name":"Comment","target":["https:\/\/esbozodeportivo.com\/index.php\/2024\/02\/09\/nick-bosa-sera-titular-en-el-super-bowl\/#respond"]}]},{"@type":"WebPage","@id":"https:\/\/esbozodeportivo.com\/index.php\/2024\/02\/09\/nick-bosa-sera-titular-en-el-super-bowl\/","url":"https:\/\/esbozodeportivo.com\/index.php\/2024\/02\/09\/nick-bosa-sera-titular-en-el-super-bowl\/","name":"Nick Bosa ser\u00e1 titular en el Super Bowl - Esbozo Deportivo","isPartOf":{"@id":"https:\/\/esbozodeportivo.com\/#website"},"primaryImageOfPage":{"@id":"https:\/\/esbozodeportivo.com\/index.php\/2024\/02\/09\/nick-bosa-sera-titular-en-el-super-bowl\/#primaryimage"},"image":{"@id":"https:\/\/esbozodeportivo.com\/index.php\/2024\/02\/09\/nick-bosa-sera-titular-en-el-super-bowl\/#primaryimage"},"thumbnailUrl":"https:\/\/esbozodeportivo.com\/wp-content\/uploads\/2024\/02\/Bosa.jpg","datePublished":"2024-02-09T06:38:02+00:00","dateModified":"2024-02-09T06:39:07+00:00","breadcrumb":{"@id":"https:\/\/esbozodeportivo.com\/index.php\/2024\/02\/09\/nick-bosa-sera-titular-en-el-super-bowl\/#breadcrumb"},"inLanguage":"es","potentialAction":[{"@type":"ReadAction","target":["https:\/\/esbozodeportivo.com\/index.php\/2024\/02\/09\/nick-bosa-sera-titular-en-el-super-bowl\/"]}]},{"@type":"ImageObject","inLanguage":"es","@id":"https:\/\/esbozodeportivo.com\/index.php\/2024\/02\/09\/nick-bosa-sera-titular-en-el-super-bowl\/#primaryimage","url":"https:\/\/esbozodeportivo.com\/wp-content\/uploads\/2024\/02\/Bosa.jpg","contentUrl":"https:\/\/esbozodeportivo.com\/wp-content\/uploads\/2024\/02\/Bosa.jpg","width":800,"height":534},{"@type":"BreadcrumbList","@id":"https:\/\/esbozodeportivo.com\/index.php\/2024\/02\/09\/nick-bosa-sera-titular-en-el-super-bowl\/#breadcrumb","itemListElement":[{"@type":"ListItem","position":1,"name":"Inicio","item":"https:\/\/esbozodeportivo.com\/"},{"@type":"ListItem","position":2,"name":"Nick Bosa ser\u00e1 titular en el Super Bowl"}]},{"@type":"WebSite","@id":"https:\/\/esbozodeportivo.com\/#website","url":"https:\/\/esbozodeportivo.com\/","name":"Esbozo Deportivo","description":"Lo m\u00e1s importante del Deporte","publisher":{"@id":"https:\/\/esbozodeportivo.com\/#organization"},"potentialAction":[{"@type":"SearchAction","target":{"@type":"EntryPoint","urlTemplate":"https:\/\/esbozodeportivo.com\/?s={search_term_string}"},"query-input":{"@type":"PropertyValueSpecification","valueRequired":true,"valueName":"search_term_string"}}],"inLanguage":"es"},{"@type":"Organization","@id":"https:\/\/esbozodeportivo.com\/#organization","name":"Esbozo Deportivo","url":"https:\/\/esbozodeportivo.com\/","logo":{"@type":"ImageObject","inLanguage":"es","@id":"https:\/\/esbozodeportivo.com\/#\/schema\/logo\/image\/","url":"https:\/\/esbozodeportivo.com\/wp-content\/uploads\/2022\/08\/cropped-Logo-Esbozo-Web-2.png","contentUrl":"https:\/\/esbozodeportivo.com\/wp-content\/uploads\/2022\/08\/cropped-Logo-Esbozo-Web-2.png","width":180,"height":50,"caption":"Esbozo Deportivo"},"image":{"@id":"https:\/\/esbozodeportivo.com\/#\/schema\/logo\/image\/"}},{"@type":"Person","@id":"https:\/\/esbozodeportivo.com\/#\/schema\/person\/7277119c98823aec37bbb84e125efd44","name":"Javier De La Cruz","image":{"@type":"ImageObject","inLanguage":"es","@id":"https:\/\/esbozodeportivo.com\/#\/schema\/person\/image\/","url":"https:\/\/secure.gravatar.com\/avatar\/366235a56d20f1a6e8e3d0b295897639357bea880470ddf261d17bb0bc052eb1?s=96&d=mm&r=g","contentUrl":"https:\/\/secure.gravatar.com\/avatar\/366235a56d20f1a6e8e3d0b295897639357bea880470ddf261d17bb0bc052eb1?s=96&d=mm&r=g","caption":"Javier De La Cruz"},"url":"https:\/\/esbozodeportivo.com\/index.php\/author\/javier-de-la-cruz-de-la-cruz\/"}]}},"jetpack_featured_media_url":"","jetpack_sharing_enabled":true,"_links":{"self":[{"href":"https:\/\/esbozodeportivo.com\/index.php\/wp-json\/wp\/v2\/posts\/2759","targetHints":{"allow":["GET"]}}],"collection":[{"href":"https:\/\/esbozodeportivo.com\/index.php\/wp-json\/wp\/v2\/posts"}],"about":[{"href":"https:\/\/esbozodeportivo.com\/index.php\/wp-json\/wp\/v2\/types\/post"}],"author":[{"embeddable":true,"href":"https:\/\/esbozodeportivo.com\/index.php\/wp-json\/wp\/v2\/users\/2"}],"replies":[{"embeddable":true,"href":"https:\/\/esbozodeportivo.com\/index.php\/wp-json\/wp\/v2\/comments?post=2759"}],"version-history":[{"count":4,"href":"https:\/\/esbozodeportivo.com\/index.php\/wp-json\/wp\/v2\/posts\/2759\/revisions"}],"predecessor-version":[{"id":2763,"href":"https:\/\/esbozodeportivo.com\/index.php\/wp-json\/wp\/v2\/posts\/2759\/revisions\/2763"}],"wp:attachment":[{"href":"https:\/\/esbozodeportivo.com\/index.php\/wp-json\/wp\/v2\/media?parent=2759"}],"wp:term":[{"taxonomy":"category","embeddable":true,"href":"https:\/\/esbozodeportivo.com\/index.php\/wp-json\/wp\/v2\/categories?post=2759"},{"taxonomy":"post_tag","embeddable":true,"href":"https:\/\/esbozodeportivo.com\/index.php\/wp-json\/wp\/v2\/tags?post=2759"}],"curies":[{"name":"wp","href":"https:\/\/api.w.org\/{rel}","templated":true}]}}