{"id":2771,"date":"2024-02-09T06:43:19","date_gmt":"2024-02-09T06:43:19","guid":{"rendered":"https:\/\/esbozodeportivo.com\/?p=2771"},"modified":"2024-02-09T06:44:15","modified_gmt":"2024-02-09T06:44:15","slug":"olvera-gana-bronce-en-el-mundial-de-natacion","status":"publish","type":"post","link":"https:\/\/esbozodeportivo.com\/index.php\/2024\/02\/09\/olvera-gana-bronce-en-el-mundial-de-natacion\/","title":{"rendered":"Olvera gana bronce en el Mundial de Nataci\u00f3n"},"content":{"rendered":"<style>\/*! elementor - v3.19.0 - 07-02-2024 *\/\n.elementor-widget-image{text-align:center}.elementor-widget-image a{display:inline-block}.elementor-widget-image a img[src$=\".svg\"]{width:48px}.elementor-widget-image img{vertical-align:middle;display:inline-block}<\/style>\n<p>\t\t\t\t\t\t\t\t\t\t<img loading=\"lazy\" decoding=\"async\" width=\"640\" height=\"426\" src=\"https:\/\/esbozodeportivo.com\/wp-content\/uploads\/2024\/02\/Medallista.jpg\" alt=\"\" srcset=\"https:\/\/esbozodeportivo.com\/wp-content\/uploads\/2024\/02\/Medallista.jpg 980w, https:\/\/esbozodeportivo.com\/wp-content\/uploads\/2024\/02\/Medallista-300x200.jpg 300w, https:\/\/esbozodeportivo.com\/wp-content\/uploads\/2024\/02\/Medallista-768x512.jpg 768w\" sizes=\"auto, (max-width: 640px) 100vw, 640px\" \/>\t\t\t\t\t\t\t\t\t\t\t\t\t<\/p>\n<p>(Foto: Agencias)\u00a0<\/p>\n<p>DOHA, Qatar (Agencias) \u2014 El mexicano Osmar Olvera conquist\u00f3 el mi\u00e9rcoles una medalla de bronce en el trampol\u00edn de tres metros del Mundial de nataci\u00f3n en Doha.<\/p>\n<p>Olvera tuvo una puntuaci\u00f3n de 498.40 para quedar detr\u00e1s de los chinos Zongyuan Wang y de Siyi Xie, quienes totalizaron 538.70 unidades y 516.10, respectivamente, para adue\u00f1arse de la presea dorada y de plata.<\/p>\n<p>El clavadista mexicano de 19 a\u00f1os hab\u00eda ganado una presea de plata el a\u00f1o pasado en el Mundial de Fukuoka. Fue superado por Wang, quien gan\u00f3 la medalla de plata en los Juegos Ol\u00edmpicos de Tokio 2020, donde Xie se apropi\u00f3 del oro. Se trata de la segunda medalla en este Mundial para Olvera, quien conquist\u00f3 el oro en el trampol\u00edn de un metro. En su otra prueba, los sincronizados de tres metros junto a Rodrigo Diego, termin\u00f3 en la cuarta posici\u00f3n.<\/p>\n<p>El competidor de Jalisco es el mejor clavadista mexicano de la actualidad y lleg\u00f3 a Doha luego de ganar tres medallas de oro en los Juegos Panamericanos de Santiago. En el Mundial de Fukuoka, hace un a\u00f1o, gan\u00f3 plata en trampol\u00edn de un metro y la plata en el de tres.<\/p>\n<p>Sus logros los ha conseguido a pesar de que no recibe apoyo del gobierno mexicano, que le retir\u00f3 las becas a todos los deportistas acu\u00e1ticos desde enero del a\u00f1o pasado por una disputa existente con World Aquatics, organismo rector de la nataci\u00f3n en el orbe.<\/p>\n<p>SIN EQUIPO COMPLETO<\/p>\n<p>Las mexicanas Arantxa Ch\u00e1vez y Paola Pineda terminaron en el s\u00e9ptimo puesto de la prueba de trampol\u00edn sincronizado de tres metros y no pudieron conseguir su boleto para los Juegos Ol\u00edmpicos de Par\u00eds 2024.<\/p>\n<p>Ch\u00e1vez y Pineda necesitaban terminar como m\u00ednimo en la sexta posici\u00f3n para asegurar el cupo y que M\u00e9xico pudiera competir en Par\u00eds con representantes en cada una de las pruebas de clavados en esa justa. En Tokio 2020, M\u00e9xico compiti\u00f3 con equipo completo de clavados por primera vez en su historia.<\/p>\n","protected":false},"excerpt":{"rendered":"<p>(Foto: Agencias)\u00a0 DOHA, Qatar (Agencias) \u2014 El mexicano Osmar Olvera conquist\u00f3 el mi\u00e9rcoles una medalla<\/p>\n","protected":false},"author":2,"featured_media":0,"comment_status":"open","ping_status":"open","sticky":false,"template":"","format":"standard","meta":{"_jetpack_memberships_contains_paid_content":false,"footnotes":""},"categories":[29],"tags":[],"class_list":["post-2771","post","type-post","status-publish","format-standard","hentry","category-agua-plataforma"],"yoast_head":"<!-- This site is optimized with the Yoast SEO plugin v25.7 - https:\/\/yoast.com\/wordpress\/plugins\/seo\/ -->\n<title>Olvera gana bronce en el Mundial de Nataci\u00f3n - Esbozo Deportivo<\/title>\n<meta name=\"robots\" content=\"index, follow, max-snippet:-1, max-image-preview:large, max-video-preview:-1\" \/>\n<link rel=\"canonical\" href=\"https:\/\/esbozodeportivo.com\/index.php\/2024\/02\/09\/olvera-gana-bronce-en-el-mundial-de-natacion\/\" \/>\n<meta property=\"og:locale\" content=\"es_MX\" \/>\n<meta property=\"og:type\" content=\"article\" \/>\n<meta property=\"og:title\" content=\"Olvera gana bronce en el Mundial de Nataci\u00f3n - Esbozo Deportivo\" \/>\n<meta property=\"og:description\" content=\"(Foto: Agencias)\u00a0 DOHA, Qatar (Agencias) \u2014 El mexicano Osmar Olvera conquist\u00f3 el mi\u00e9rcoles una medalla\" \/>\n<meta property=\"og:url\" content=\"https:\/\/esbozodeportivo.com\/index.php\/2024\/02\/09\/olvera-gana-bronce-en-el-mundial-de-natacion\/\" \/>\n<meta property=\"og:site_name\" content=\"Esbozo Deportivo\" \/>\n<meta property=\"article:published_time\" content=\"2024-02-09T06:43:19+00:00\" \/>\n<meta property=\"article:modified_time\" content=\"2024-02-09T06:44:15+00:00\" \/>\n<meta property=\"og:image\" content=\"https:\/\/esbozodeportivo.com\/wp-content\/uploads\/2024\/02\/Medallista.jpg\" \/>\n<meta name=\"author\" content=\"Javier De La Cruz\" \/>\n<meta name=\"twitter:card\" content=\"summary_large_image\" \/>\n<meta name=\"twitter:label1\" content=\"Escrito por\" \/>\n\t<meta name=\"twitter:data1\" content=\"Javier De La Cruz\" \/>\n\t<meta name=\"twitter:label2\" content=\"Tiempo de lectura\" \/>\n\t<meta name=\"twitter:data2\" content=\"2 minutos\" \/>\n<script type=\"application\/ld+json\" class=\"yoast-schema-graph\">{\"@context\":\"https:\/\/schema.org\",\"@graph\":[{\"@type\":\"Article\",\"@id\":\"https:\/\/esbozodeportivo.com\/index.php\/2024\/02\/09\/olvera-gana-bronce-en-el-mundial-de-natacion\/#article\",\"isPartOf\":{\"@id\":\"https:\/\/esbozodeportivo.com\/index.php\/2024\/02\/09\/olvera-gana-bronce-en-el-mundial-de-natacion\/\"},\"author\":{\"name\":\"Javier De La Cruz\",\"@id\":\"https:\/\/esbozodeportivo.com\/#\/schema\/person\/7277119c98823aec37bbb84e125efd44\"},\"headline\":\"Olvera gana bronce en el Mundial de Nataci\u00f3n\",\"datePublished\":\"2024-02-09T06:43:19+00:00\",\"dateModified\":\"2024-02-09T06:44:15+00:00\",\"mainEntityOfPage\":{\"@id\":\"https:\/\/esbozodeportivo.com\/index.php\/2024\/02\/09\/olvera-gana-bronce-en-el-mundial-de-natacion\/\"},\"wordCount\":358,\"commentCount\":0,\"publisher\":{\"@id\":\"https:\/\/esbozodeportivo.com\/#organization\"},\"image\":{\"@id\":\"https:\/\/esbozodeportivo.com\/index.php\/2024\/02\/09\/olvera-gana-bronce-en-el-mundial-de-natacion\/#primaryimage\"},\"thumbnailUrl\":\"https:\/\/esbozodeportivo.com\/wp-content\/uploads\/2024\/02\/Medallista.jpg\",\"articleSection\":[\"Nataci\u00f3n\"],\"inLanguage\":\"es\",\"potentialAction\":[{\"@type\":\"CommentAction\",\"name\":\"Comment\",\"target\":[\"https:\/\/esbozodeportivo.com\/index.php\/2024\/02\/09\/olvera-gana-bronce-en-el-mundial-de-natacion\/#respond\"]}]},{\"@type\":\"WebPage\",\"@id\":\"https:\/\/esbozodeportivo.com\/index.php\/2024\/02\/09\/olvera-gana-bronce-en-el-mundial-de-natacion\/\",\"url\":\"https:\/\/esbozodeportivo.com\/index.php\/2024\/02\/09\/olvera-gana-bronce-en-el-mundial-de-natacion\/\",\"name\":\"Olvera gana bronce en el Mundial de Nataci\u00f3n - Esbozo Deportivo\",\"isPartOf\":{\"@id\":\"https:\/\/esbozodeportivo.com\/#website\"},\"primaryImageOfPage\":{\"@id\":\"https:\/\/esbozodeportivo.com\/index.php\/2024\/02\/09\/olvera-gana-bronce-en-el-mundial-de-natacion\/#primaryimage\"},\"image\":{\"@id\":\"https:\/\/esbozodeportivo.com\/index.php\/2024\/02\/09\/olvera-gana-bronce-en-el-mundial-de-natacion\/#primaryimage\"},\"thumbnailUrl\":\"https:\/\/esbozodeportivo.com\/wp-content\/uploads\/2024\/02\/Medallista.jpg\",\"datePublished\":\"2024-02-09T06:43:19+00:00\",\"dateModified\":\"2024-02-09T06:44:15+00:00\",\"breadcrumb\":{\"@id\":\"https:\/\/esbozodeportivo.com\/index.php\/2024\/02\/09\/olvera-gana-bronce-en-el-mundial-de-natacion\/#breadcrumb\"},\"inLanguage\":\"es\",\"potentialAction\":[{\"@type\":\"ReadAction\",\"target\":[\"https:\/\/esbozodeportivo.com\/index.php\/2024\/02\/09\/olvera-gana-bronce-en-el-mundial-de-natacion\/\"]}]},{\"@type\":\"ImageObject\",\"inLanguage\":\"es\",\"@id\":\"https:\/\/esbozodeportivo.com\/index.php\/2024\/02\/09\/olvera-gana-bronce-en-el-mundial-de-natacion\/#primaryimage\",\"url\":\"https:\/\/esbozodeportivo.com\/wp-content\/uploads\/2024\/02\/Medallista.jpg\",\"contentUrl\":\"https:\/\/esbozodeportivo.com\/wp-content\/uploads\/2024\/02\/Medallista.jpg\",\"width\":980,\"height\":653},{\"@type\":\"BreadcrumbList\",\"@id\":\"https:\/\/esbozodeportivo.com\/index.php\/2024\/02\/09\/olvera-gana-bronce-en-el-mundial-de-natacion\/#breadcrumb\",\"itemListElement\":[{\"@type\":\"ListItem\",\"position\":1,\"name\":\"Inicio\",\"item\":\"https:\/\/esbozodeportivo.com\/\"},{\"@type\":\"ListItem\",\"position\":2,\"name\":\"Olvera gana bronce en el Mundial de Nataci\u00f3n\"}]},{\"@type\":\"WebSite\",\"@id\":\"https:\/\/esbozodeportivo.com\/#website\",\"url\":\"https:\/\/esbozodeportivo.com\/\",\"name\":\"Esbozo Deportivo\",\"description\":\"Lo m\u00e1s importante del Deporte\",\"publisher\":{\"@id\":\"https:\/\/esbozodeportivo.com\/#organization\"},\"potentialAction\":[{\"@type\":\"SearchAction\",\"target\":{\"@type\":\"EntryPoint\",\"urlTemplate\":\"https:\/\/esbozodeportivo.com\/?s={search_term_string}\"},\"query-input\":{\"@type\":\"PropertyValueSpecification\",\"valueRequired\":true,\"valueName\":\"search_term_string\"}}],\"inLanguage\":\"es\"},{\"@type\":\"Organization\",\"@id\":\"https:\/\/esbozodeportivo.com\/#organization\",\"name\":\"Esbozo Deportivo\",\"url\":\"https:\/\/esbozodeportivo.com\/\",\"logo\":{\"@type\":\"ImageObject\",\"inLanguage\":\"es\",\"@id\":\"https:\/\/esbozodeportivo.com\/#\/schema\/logo\/image\/\",\"url\":\"https:\/\/esbozodeportivo.com\/wp-content\/uploads\/2022\/08\/cropped-Logo-Esbozo-Web-2.png\",\"contentUrl\":\"https:\/\/esbozodeportivo.com\/wp-content\/uploads\/2022\/08\/cropped-Logo-Esbozo-Web-2.png\",\"width\":180,\"height\":50,\"caption\":\"Esbozo Deportivo\"},\"image\":{\"@id\":\"https:\/\/esbozodeportivo.com\/#\/schema\/logo\/image\/\"}},{\"@type\":\"Person\",\"@id\":\"https:\/\/esbozodeportivo.com\/#\/schema\/person\/7277119c98823aec37bbb84e125efd44\",\"name\":\"Javier De La Cruz\",\"image\":{\"@type\":\"ImageObject\",\"inLanguage\":\"es\",\"@id\":\"https:\/\/esbozodeportivo.com\/#\/schema\/person\/image\/\",\"url\":\"https:\/\/secure.gravatar.com\/avatar\/366235a56d20f1a6e8e3d0b295897639357bea880470ddf261d17bb0bc052eb1?s=96&d=mm&r=g\",\"contentUrl\":\"https:\/\/secure.gravatar.com\/avatar\/366235a56d20f1a6e8e3d0b295897639357bea880470ddf261d17bb0bc052eb1?s=96&d=mm&r=g\",\"caption\":\"Javier De La Cruz\"},\"url\":\"https:\/\/esbozodeportivo.com\/index.php\/author\/javier-de-la-cruz-de-la-cruz\/\"}]}<\/script>\n<!-- \/ Yoast SEO plugin. -->","yoast_head_json":{"title":"Olvera gana bronce en el Mundial de Nataci\u00f3n - Esbozo Deportivo","robots":{"index":"index","follow":"follow","max-snippet":"max-snippet:-1","max-image-preview":"max-image-preview:large","max-video-preview":"max-video-preview:-1"},"canonical":"https:\/\/esbozodeportivo.com\/index.php\/2024\/02\/09\/olvera-gana-bronce-en-el-mundial-de-natacion\/","og_locale":"es_MX","og_type":"article","og_title":"Olvera gana bronce en el Mundial de Nataci\u00f3n - Esbozo Deportivo","og_description":"(Foto: Agencias)\u00a0 DOHA, Qatar (Agencias) \u2014 El mexicano Osmar Olvera conquist\u00f3 el mi\u00e9rcoles una medalla","og_url":"https:\/\/esbozodeportivo.com\/index.php\/2024\/02\/09\/olvera-gana-bronce-en-el-mundial-de-natacion\/","og_site_name":"Esbozo Deportivo","article_published_time":"2024-02-09T06:43:19+00:00","article_modified_time":"2024-02-09T06:44:15+00:00","og_image":[{"url":"https:\/\/esbozodeportivo.com\/wp-content\/uploads\/2024\/02\/Medallista.jpg","type":"","width":"","height":""}],"author":"Javier De La Cruz","twitter_card":"summary_large_image","twitter_misc":{"Escrito por":"Javier De La Cruz","Tiempo de lectura":"2 minutos"},"schema":{"@context":"https:\/\/schema.org","@graph":[{"@type":"Article","@id":"https:\/\/esbozodeportivo.com\/index.php\/2024\/02\/09\/olvera-gana-bronce-en-el-mundial-de-natacion\/#article","isPartOf":{"@id":"https:\/\/esbozodeportivo.com\/index.php\/2024\/02\/09\/olvera-gana-bronce-en-el-mundial-de-natacion\/"},"author":{"name":"Javier De La Cruz","@id":"https:\/\/esbozodeportivo.com\/#\/schema\/person\/7277119c98823aec37bbb84e125efd44"},"headline":"Olvera gana bronce en el Mundial de Nataci\u00f3n","datePublished":"2024-02-09T06:43:19+00:00","dateModified":"2024-02-09T06:44:15+00:00","mainEntityOfPage":{"@id":"https:\/\/esbozodeportivo.com\/index.php\/2024\/02\/09\/olvera-gana-bronce-en-el-mundial-de-natacion\/"},"wordCount":358,"commentCount":0,"publisher":{"@id":"https:\/\/esbozodeportivo.com\/#organization"},"image":{"@id":"https:\/\/esbozodeportivo.com\/index.php\/2024\/02\/09\/olvera-gana-bronce-en-el-mundial-de-natacion\/#primaryimage"},"thumbnailUrl":"https:\/\/esbozodeportivo.com\/wp-content\/uploads\/2024\/02\/Medallista.jpg","articleSection":["Nataci\u00f3n"],"inLanguage":"es","potentialAction":[{"@type":"CommentAction","name":"Comment","target":["https:\/\/esbozodeportivo.com\/index.php\/2024\/02\/09\/olvera-gana-bronce-en-el-mundial-de-natacion\/#respond"]}]},{"@type":"WebPage","@id":"https:\/\/esbozodeportivo.com\/index.php\/2024\/02\/09\/olvera-gana-bronce-en-el-mundial-de-natacion\/","url":"https:\/\/esbozodeportivo.com\/index.php\/2024\/02\/09\/olvera-gana-bronce-en-el-mundial-de-natacion\/","name":"Olvera gana bronce en el Mundial de Nataci\u00f3n - Esbozo Deportivo","isPartOf":{"@id":"https:\/\/esbozodeportivo.com\/#website"},"primaryImageOfPage":{"@id":"https:\/\/esbozodeportivo.com\/index.php\/2024\/02\/09\/olvera-gana-bronce-en-el-mundial-de-natacion\/#primaryimage"},"image":{"@id":"https:\/\/esbozodeportivo.com\/index.php\/2024\/02\/09\/olvera-gana-bronce-en-el-mundial-de-natacion\/#primaryimage"},"thumbnailUrl":"https:\/\/esbozodeportivo.com\/wp-content\/uploads\/2024\/02\/Medallista.jpg","datePublished":"2024-02-09T06:43:19+00:00","dateModified":"2024-02-09T06:44:15+00:00","breadcrumb":{"@id":"https:\/\/esbozodeportivo.com\/index.php\/2024\/02\/09\/olvera-gana-bronce-en-el-mundial-de-natacion\/#breadcrumb"},"inLanguage":"es","potentialAction":[{"@type":"ReadAction","target":["https:\/\/esbozodeportivo.com\/index.php\/2024\/02\/09\/olvera-gana-bronce-en-el-mundial-de-natacion\/"]}]},{"@type":"ImageObject","inLanguage":"es","@id":"https:\/\/esbozodeportivo.com\/index.php\/2024\/02\/09\/olvera-gana-bronce-en-el-mundial-de-natacion\/#primaryimage","url":"https:\/\/esbozodeportivo.com\/wp-content\/uploads\/2024\/02\/Medallista.jpg","contentUrl":"https:\/\/esbozodeportivo.com\/wp-content\/uploads\/2024\/02\/Medallista.jpg","width":980,"height":653},{"@type":"BreadcrumbList","@id":"https:\/\/esbozodeportivo.com\/index.php\/2024\/02\/09\/olvera-gana-bronce-en-el-mundial-de-natacion\/#breadcrumb","itemListElement":[{"@type":"ListItem","position":1,"name":"Inicio","item":"https:\/\/esbozodeportivo.com\/"},{"@type":"ListItem","position":2,"name":"Olvera gana bronce en el Mundial de Nataci\u00f3n"}]},{"@type":"WebSite","@id":"https:\/\/esbozodeportivo.com\/#website","url":"https:\/\/esbozodeportivo.com\/","name":"Esbozo Deportivo","description":"Lo m\u00e1s importante del Deporte","publisher":{"@id":"https:\/\/esbozodeportivo.com\/#organization"},"potentialAction":[{"@type":"SearchAction","target":{"@type":"EntryPoint","urlTemplate":"https:\/\/esbozodeportivo.com\/?s={search_term_string}"},"query-input":{"@type":"PropertyValueSpecification","valueRequired":true,"valueName":"search_term_string"}}],"inLanguage":"es"},{"@type":"Organization","@id":"https:\/\/esbozodeportivo.com\/#organization","name":"Esbozo Deportivo","url":"https:\/\/esbozodeportivo.com\/","logo":{"@type":"ImageObject","inLanguage":"es","@id":"https:\/\/esbozodeportivo.com\/#\/schema\/logo\/image\/","url":"https:\/\/esbozodeportivo.com\/wp-content\/uploads\/2022\/08\/cropped-Logo-Esbozo-Web-2.png","contentUrl":"https:\/\/esbozodeportivo.com\/wp-content\/uploads\/2022\/08\/cropped-Logo-Esbozo-Web-2.png","width":180,"height":50,"caption":"Esbozo Deportivo"},"image":{"@id":"https:\/\/esbozodeportivo.com\/#\/schema\/logo\/image\/"}},{"@type":"Person","@id":"https:\/\/esbozodeportivo.com\/#\/schema\/person\/7277119c98823aec37bbb84e125efd44","name":"Javier De La Cruz","image":{"@type":"ImageObject","inLanguage":"es","@id":"https:\/\/esbozodeportivo.com\/#\/schema\/person\/image\/","url":"https:\/\/secure.gravatar.com\/avatar\/366235a56d20f1a6e8e3d0b295897639357bea880470ddf261d17bb0bc052eb1?s=96&d=mm&r=g","contentUrl":"https:\/\/secure.gravatar.com\/avatar\/366235a56d20f1a6e8e3d0b295897639357bea880470ddf261d17bb0bc052eb1?s=96&d=mm&r=g","caption":"Javier De La Cruz"},"url":"https:\/\/esbozodeportivo.com\/index.php\/author\/javier-de-la-cruz-de-la-cruz\/"}]}},"jetpack_featured_media_url":"","jetpack_sharing_enabled":true,"_links":{"self":[{"href":"https:\/\/esbozodeportivo.com\/index.php\/wp-json\/wp\/v2\/posts\/2771","targetHints":{"allow":["GET"]}}],"collection":[{"href":"https:\/\/esbozodeportivo.com\/index.php\/wp-json\/wp\/v2\/posts"}],"about":[{"href":"https:\/\/esbozodeportivo.com\/index.php\/wp-json\/wp\/v2\/types\/post"}],"author":[{"embeddable":true,"href":"https:\/\/esbozodeportivo.com\/index.php\/wp-json\/wp\/v2\/users\/2"}],"replies":[{"embeddable":true,"href":"https:\/\/esbozodeportivo.com\/index.php\/wp-json\/wp\/v2\/comments?post=2771"}],"version-history":[{"count":4,"href":"https:\/\/esbozodeportivo.com\/index.php\/wp-json\/wp\/v2\/posts\/2771\/revisions"}],"predecessor-version":[{"id":2775,"href":"https:\/\/esbozodeportivo.com\/index.php\/wp-json\/wp\/v2\/posts\/2771\/revisions\/2775"}],"wp:attachment":[{"href":"https:\/\/esbozodeportivo.com\/index.php\/wp-json\/wp\/v2\/media?parent=2771"}],"wp:term":[{"taxonomy":"category","embeddable":true,"href":"https:\/\/esbozodeportivo.com\/index.php\/wp-json\/wp\/v2\/categories?post=2771"},{"taxonomy":"post_tag","embeddable":true,"href":"https:\/\/esbozodeportivo.com\/index.php\/wp-json\/wp\/v2\/tags?post=2771"}],"curies":[{"name":"wp","href":"https:\/\/api.w.org\/{rel}","templated":true}]}}