{"id":2776,"date":"2024-02-10T04:35:05","date_gmt":"2024-02-10T04:35:05","guid":{"rendered":"https:\/\/esbozodeportivo.com\/?p=2776"},"modified":"2024-02-10T04:38:29","modified_gmt":"2024-02-10T04:38:29","slug":"el-indet-presento-su-programa-2024-de-deporte-y-activacion-fisica","status":"publish","type":"post","link":"https:\/\/esbozodeportivo.com\/index.php\/2024\/02\/10\/el-indet-presento-su-programa-2024-de-deporte-y-activacion-fisica\/","title":{"rendered":"El INDET present\u00f3 su Programa 2024 de Deporte y Activaci\u00f3n F\u00edsica"},"content":{"rendered":"<style>\/*! elementor - v3.19.0 - 07-02-2024 *\/\n.elementor-widget-image{text-align:center}.elementor-widget-image a{display:inline-block}.elementor-widget-image a img[src$=\".svg\"]{width:48px}.elementor-widget-image img{vertical-align:middle;display:inline-block}<\/style>\n<p>\t\t\t\t\t\t\t\t\t\t<img loading=\"lazy\" decoding=\"async\" width=\"640\" height=\"480\" src=\"https:\/\/esbozodeportivo.com\/wp-content\/uploads\/2024\/02\/IMG_20240130_125139-1024x768.jpg\" alt=\"\" srcset=\"https:\/\/esbozodeportivo.com\/wp-content\/uploads\/2024\/02\/IMG_20240130_125139-1024x768.jpg 1024w, https:\/\/esbozodeportivo.com\/wp-content\/uploads\/2024\/02\/IMG_20240130_125139-300x225.jpg 300w, https:\/\/esbozodeportivo.com\/wp-content\/uploads\/2024\/02\/IMG_20240130_125139-768x576.jpg 768w, https:\/\/esbozodeportivo.com\/wp-content\/uploads\/2024\/02\/IMG_20240130_125139-1536x1152.jpg 1536w, https:\/\/esbozodeportivo.com\/wp-content\/uploads\/2024\/02\/IMG_20240130_125139-2048x1536.jpg 2048w\" sizes=\"auto, (max-width: 640px) 100vw, 640px\" \/>\t\t\t\t\t\t\t\t\t\t\t\t\t<\/p>\n<p>(Foto: INDET)<\/p>\n<p>El Instituto del Deporte de los Trabajadores inicia con gran actividad su calendario 2024, con la presentaci\u00f3n del Programa Nacional de Activaci\u00f3n F\u00edsica, Deporte y Recreaci\u00f3n para los Trabajadores, con eventos masivos en todo el pa\u00eds y con arranque en la Ciudad de M\u00e9xico.<\/p>\n<p>El Profesor Pablo Reyes Osorio, Secretario Ejecutivo del INDET, acompa\u00f1ado por\u00a0Secretarios de Fomento Deportivo de las Organizaciones Sindicales agrupadas en el Congreso del Trabajo y Organizaciones Sindicales no agrupadas, encabez\u00f3 la reuni\u00f3n en la que ratific\u00f3 el compromiso de brindar asesor\u00eda permanente a las organizaciones sindicales sociales, instituciones y empresas de todo el pa\u00eds para participar en el desarrollo de la activaci\u00f3n f\u00edsica, deporte y recreaci\u00f3n.<\/p>\n<p>\t\t\t\t\t\t\t\t\t\t\t\t\t<img loading=\"lazy\" decoding=\"async\" width=\"640\" height=\"480\" src=\"https:\/\/esbozodeportivo.com\/wp-content\/uploads\/2024\/02\/IMG_20240130_124900-1024x768.jpg\" alt=\"\" srcset=\"https:\/\/esbozodeportivo.com\/wp-content\/uploads\/2024\/02\/IMG_20240130_124900-1024x768.jpg 1024w, https:\/\/esbozodeportivo.com\/wp-content\/uploads\/2024\/02\/IMG_20240130_124900-300x225.jpg 300w, https:\/\/esbozodeportivo.com\/wp-content\/uploads\/2024\/02\/IMG_20240130_124900-768x576.jpg 768w, https:\/\/esbozodeportivo.com\/wp-content\/uploads\/2024\/02\/IMG_20240130_124900-1536x1152.jpg 1536w, https:\/\/esbozodeportivo.com\/wp-content\/uploads\/2024\/02\/IMG_20240130_124900-2048x1536.jpg 2048w\" sizes=\"auto, (max-width: 640px) 100vw, 640px\" \/>\t\t\t\t\t\t\t\t\t\t\t\t\t<\/p>\n<p>(Foto: INDET)<\/p>\n<p>Acompa\u00f1ado por el licenciado Alfonso de la Luz, Subdirector de Administraci\u00f3n del INDET, el Profesor Pablo Reyes ratific\u00f3 el compromiso del organismo para llevar la activaci\u00f3n f\u00edsica a los trabajadores y sus familias, compartir los eventos masivos en todo el pa\u00eds, las ferias magnas de activaci\u00f3n f\u00edsica y la organizaci\u00f3n de los Juegos Nacionales Deportivos y Recreativos de los Trabajadores.<\/p>\n<p>\u201cLos Juegos Nacionales Deportivos y Recreativos de los Trabajadores ser\u00e1n selectivos para formar la delegaci\u00f3n que en 2025 participar\u00e1 en los 8os. Juegos Mundiales que se desarrollar\u00e1n en Loraki, Grecia, as\u00ed que tendremos una gran temporada de promoci\u00f3n y difusi\u00f3n de nuestro calendario para los trabajadores y sus familias\u201d, dijo Reyes Osorio durante su mensaje de bienvenida.<\/p>\n<p>\t\t\t\t\t\t\t\t\t\t\t\t\t<img loading=\"lazy\" decoding=\"async\" width=\"640\" height=\"480\" src=\"https:\/\/esbozodeportivo.com\/wp-content\/uploads\/2024\/02\/IMG_20240130_124929-1024x768.jpg\" alt=\"\" srcset=\"https:\/\/esbozodeportivo.com\/wp-content\/uploads\/2024\/02\/IMG_20240130_124929-1024x768.jpg 1024w, https:\/\/esbozodeportivo.com\/wp-content\/uploads\/2024\/02\/IMG_20240130_124929-300x225.jpg 300w, https:\/\/esbozodeportivo.com\/wp-content\/uploads\/2024\/02\/IMG_20240130_124929-768x576.jpg 768w, https:\/\/esbozodeportivo.com\/wp-content\/uploads\/2024\/02\/IMG_20240130_124929-1536x1152.jpg 1536w, https:\/\/esbozodeportivo.com\/wp-content\/uploads\/2024\/02\/IMG_20240130_124929-2048x1536.jpg 2048w\" sizes=\"auto, (max-width: 640px) 100vw, 640px\" \/>\t\t\t\t\t\t\t\t\t\t\t\t\t<\/p>\n<p>(Foto: INDET)<\/p>\n<p>De esta manera, el Profesor Gonzalo Rodr\u00edguez Mart\u00ednez, Subdirector General del INDET, llev\u00f3 la conducci\u00f3n del programa 2024, las acciones y el rumbo para ratificar los compromisos de este organismo a favor de los trabajadores mexicanos y sus familias.<\/p>\n<p>La actividad arrancar\u00e1, entre otros puntos, con la etapa eliminatoria interior de mayo a junio, para dar paso a la fase estatal del 6 de julio a 31 de agosto y llevar a cabo la etapa final de los Juegos Nacionales Deportivos y Recreativos del 17 al 21 de noviembre en Oaxtepec, Morelos.<\/p>\n<p>\t\t\t\t\t\t\t\t\t\t\t\t\t<img loading=\"lazy\" decoding=\"async\" width=\"640\" height=\"480\" src=\"https:\/\/esbozodeportivo.com\/wp-content\/uploads\/2024\/02\/IMG_20240130_130145-1024x768.jpg\" alt=\"\" srcset=\"https:\/\/esbozodeportivo.com\/wp-content\/uploads\/2024\/02\/IMG_20240130_130145-1024x768.jpg 1024w, https:\/\/esbozodeportivo.com\/wp-content\/uploads\/2024\/02\/IMG_20240130_130145-300x225.jpg 300w, https:\/\/esbozodeportivo.com\/wp-content\/uploads\/2024\/02\/IMG_20240130_130145-768x576.jpg 768w, https:\/\/esbozodeportivo.com\/wp-content\/uploads\/2024\/02\/IMG_20240130_130145-1536x1152.jpg 1536w, https:\/\/esbozodeportivo.com\/wp-content\/uploads\/2024\/02\/IMG_20240130_130145-2048x1536.jpg 2048w\" sizes=\"auto, (max-width: 640px) 100vw, 640px\" \/>\t\t\t\t\t\t\t\t\t\t\t\t\t<\/p>\n<p>(Foto: INDET)<\/p>\n<p>Asimismo, se llevar\u00e1n a cabo las Ligas Deportivas de los Trabajadores 2024, a partir del 2 de marzo y culminando el 15 de diciembre con Campeonatos de Copa, de Liga y Liga Mayor en basquetbol, b\u00e9isbol, futbol, voleibol y voleibol de playa, con torneos de atletismo y nataci\u00f3n en octubre y diciembre.<\/p>\n<p>El programa de capacitaci\u00f3n deportiva integra el 40\u00ba. Curso Nacional de Capacitaci\u00f3n Deportiva para Dirigentes del Deporte Laboral en Activaci\u00f3n F\u00edsica, Administraci\u00f3n Deportiva, para Activadores F\u00edsicos, entrenadores deportivos, \u00e1rbitros de diferentes disciplinas, promotores del deporte laboral en la Ciudad de M\u00e9xico y estados del pa\u00eds que lo soliciten.<\/p>\n<p>Adem\u00e1s, se dieron a conocer algunos detalles sobre los Primeros Juegos Panamericanos de los Trabajadores, previstos para llevarse a cabo en M\u00e9xico, del 22 al 26 de septiembre, as\u00ed como los Primeros Juegos Panamericanos de B\u00e9isbol en Cuba y los Primeros Juegos Panamericanos de Ajedrez, entre otros.<\/p>\n<p>El cierre de la informaci\u00f3n se dio con la participaci\u00f3n de los hijos de los trabajadores en los Juegos Nacionales Conade 2024, entre otros eventos.<\/p>\n<p>\u00a0<\/p>\n","protected":false},"excerpt":{"rendered":"<p>(Foto: INDET) El Instituto del Deporte de los Trabajadores inicia con gran actividad su calendario<\/p>\n","protected":false},"author":2,"featured_media":0,"comment_status":"open","ping_status":"open","sticky":false,"template":"","format":"standard","meta":{"_jetpack_memberships_contains_paid_content":false,"footnotes":""},"categories":[5],"tags":[],"class_list":["post-2776","post","type-post","status-publish","format-standard","hentry","category-amateur"],"yoast_head":"<!-- This site is optimized with the Yoast SEO plugin v25.7 - https:\/\/yoast.com\/wordpress\/plugins\/seo\/ -->\n<title>El INDET present\u00f3 su Programa 2024 de Deporte y Activaci\u00f3n F\u00edsica - Esbozo Deportivo<\/title>\n<meta name=\"robots\" content=\"index, follow, max-snippet:-1, max-image-preview:large, max-video-preview:-1\" \/>\n<link rel=\"canonical\" href=\"https:\/\/esbozodeportivo.com\/index.php\/2024\/02\/10\/el-indet-presento-su-programa-2024-de-deporte-y-activacion-fisica\/\" \/>\n<meta property=\"og:locale\" content=\"es_MX\" \/>\n<meta property=\"og:type\" content=\"article\" \/>\n<meta property=\"og:title\" content=\"El INDET present\u00f3 su Programa 2024 de Deporte y Activaci\u00f3n F\u00edsica - Esbozo Deportivo\" \/>\n<meta property=\"og:description\" content=\"(Foto: INDET) El Instituto del Deporte de los Trabajadores inicia con gran actividad su calendario\" \/>\n<meta property=\"og:url\" content=\"https:\/\/esbozodeportivo.com\/index.php\/2024\/02\/10\/el-indet-presento-su-programa-2024-de-deporte-y-activacion-fisica\/\" \/>\n<meta property=\"og:site_name\" content=\"Esbozo Deportivo\" \/>\n<meta property=\"article:published_time\" content=\"2024-02-10T04:35:05+00:00\" \/>\n<meta property=\"article:modified_time\" content=\"2024-02-10T04:38:29+00:00\" \/>\n<meta property=\"og:image\" content=\"https:\/\/esbozodeportivo.com\/wp-content\/uploads\/2024\/02\/IMG_20240130_125139-1024x768.jpg\" \/>\n<meta name=\"author\" content=\"Javier De La Cruz\" \/>\n<meta name=\"twitter:card\" content=\"summary_large_image\" \/>\n<meta name=\"twitter:label1\" content=\"Escrito por\" \/>\n\t<meta name=\"twitter:data1\" content=\"Javier De La Cruz\" \/>\n\t<meta name=\"twitter:label2\" content=\"Tiempo de lectura\" \/>\n\t<meta name=\"twitter:data2\" content=\"3 minutos\" \/>\n<script type=\"application\/ld+json\" class=\"yoast-schema-graph\">{\"@context\":\"https:\/\/schema.org\",\"@graph\":[{\"@type\":\"Article\",\"@id\":\"https:\/\/esbozodeportivo.com\/index.php\/2024\/02\/10\/el-indet-presento-su-programa-2024-de-deporte-y-activacion-fisica\/#article\",\"isPartOf\":{\"@id\":\"https:\/\/esbozodeportivo.com\/index.php\/2024\/02\/10\/el-indet-presento-su-programa-2024-de-deporte-y-activacion-fisica\/\"},\"author\":{\"name\":\"Javier De La Cruz\",\"@id\":\"https:\/\/esbozodeportivo.com\/#\/schema\/person\/7277119c98823aec37bbb84e125efd44\"},\"headline\":\"El INDET present\u00f3 su Programa 2024 de Deporte y Activaci\u00f3n F\u00edsica\",\"datePublished\":\"2024-02-10T04:35:05+00:00\",\"dateModified\":\"2024-02-10T04:38:29+00:00\",\"mainEntityOfPage\":{\"@id\":\"https:\/\/esbozodeportivo.com\/index.php\/2024\/02\/10\/el-indet-presento-su-programa-2024-de-deporte-y-activacion-fisica\/\"},\"wordCount\":543,\"commentCount\":0,\"publisher\":{\"@id\":\"https:\/\/esbozodeportivo.com\/#organization\"},\"image\":{\"@id\":\"https:\/\/esbozodeportivo.com\/index.php\/2024\/02\/10\/el-indet-presento-su-programa-2024-de-deporte-y-activacion-fisica\/#primaryimage\"},\"thumbnailUrl\":\"https:\/\/esbozodeportivo.com\/wp-content\/uploads\/2024\/02\/IMG_20240130_125139-1024x768.jpg\",\"articleSection\":[\"Amateur\"],\"inLanguage\":\"es\",\"potentialAction\":[{\"@type\":\"CommentAction\",\"name\":\"Comment\",\"target\":[\"https:\/\/esbozodeportivo.com\/index.php\/2024\/02\/10\/el-indet-presento-su-programa-2024-de-deporte-y-activacion-fisica\/#respond\"]}]},{\"@type\":\"WebPage\",\"@id\":\"https:\/\/esbozodeportivo.com\/index.php\/2024\/02\/10\/el-indet-presento-su-programa-2024-de-deporte-y-activacion-fisica\/\",\"url\":\"https:\/\/esbozodeportivo.com\/index.php\/2024\/02\/10\/el-indet-presento-su-programa-2024-de-deporte-y-activacion-fisica\/\",\"name\":\"El INDET present\u00f3 su Programa 2024 de Deporte y Activaci\u00f3n F\u00edsica - Esbozo Deportivo\",\"isPartOf\":{\"@id\":\"https:\/\/esbozodeportivo.com\/#website\"},\"primaryImageOfPage\":{\"@id\":\"https:\/\/esbozodeportivo.com\/index.php\/2024\/02\/10\/el-indet-presento-su-programa-2024-de-deporte-y-activacion-fisica\/#primaryimage\"},\"image\":{\"@id\":\"https:\/\/esbozodeportivo.com\/index.php\/2024\/02\/10\/el-indet-presento-su-programa-2024-de-deporte-y-activacion-fisica\/#primaryimage\"},\"thumbnailUrl\":\"https:\/\/esbozodeportivo.com\/wp-content\/uploads\/2024\/02\/IMG_20240130_125139-1024x768.jpg\",\"datePublished\":\"2024-02-10T04:35:05+00:00\",\"dateModified\":\"2024-02-10T04:38:29+00:00\",\"breadcrumb\":{\"@id\":\"https:\/\/esbozodeportivo.com\/index.php\/2024\/02\/10\/el-indet-presento-su-programa-2024-de-deporte-y-activacion-fisica\/#breadcrumb\"},\"inLanguage\":\"es\",\"potentialAction\":[{\"@type\":\"ReadAction\",\"target\":[\"https:\/\/esbozodeportivo.com\/index.php\/2024\/02\/10\/el-indet-presento-su-programa-2024-de-deporte-y-activacion-fisica\/\"]}]},{\"@type\":\"ImageObject\",\"inLanguage\":\"es\",\"@id\":\"https:\/\/esbozodeportivo.com\/index.php\/2024\/02\/10\/el-indet-presento-su-programa-2024-de-deporte-y-activacion-fisica\/#primaryimage\",\"url\":\"https:\/\/esbozodeportivo.com\/wp-content\/uploads\/2024\/02\/IMG_20240130_125139-scaled.jpg\",\"contentUrl\":\"https:\/\/esbozodeportivo.com\/wp-content\/uploads\/2024\/02\/IMG_20240130_125139-scaled.jpg\",\"width\":2560,\"height\":1920,\"caption\":\"Exif_JPEG_420\"},{\"@type\":\"BreadcrumbList\",\"@id\":\"https:\/\/esbozodeportivo.com\/index.php\/2024\/02\/10\/el-indet-presento-su-programa-2024-de-deporte-y-activacion-fisica\/#breadcrumb\",\"itemListElement\":[{\"@type\":\"ListItem\",\"position\":1,\"name\":\"Inicio\",\"item\":\"https:\/\/esbozodeportivo.com\/\"},{\"@type\":\"ListItem\",\"position\":2,\"name\":\"El INDET present\u00f3 su Programa 2024 de Deporte y Activaci\u00f3n F\u00edsica\"}]},{\"@type\":\"WebSite\",\"@id\":\"https:\/\/esbozodeportivo.com\/#website\",\"url\":\"https:\/\/esbozodeportivo.com\/\",\"name\":\"Esbozo Deportivo\",\"description\":\"Lo m\u00e1s importante del Deporte\",\"publisher\":{\"@id\":\"https:\/\/esbozodeportivo.com\/#organization\"},\"potentialAction\":[{\"@type\":\"SearchAction\",\"target\":{\"@type\":\"EntryPoint\",\"urlTemplate\":\"https:\/\/esbozodeportivo.com\/?s={search_term_string}\"},\"query-input\":{\"@type\":\"PropertyValueSpecification\",\"valueRequired\":true,\"valueName\":\"search_term_string\"}}],\"inLanguage\":\"es\"},{\"@type\":\"Organization\",\"@id\":\"https:\/\/esbozodeportivo.com\/#organization\",\"name\":\"Esbozo Deportivo\",\"url\":\"https:\/\/esbozodeportivo.com\/\",\"logo\":{\"@type\":\"ImageObject\",\"inLanguage\":\"es\",\"@id\":\"https:\/\/esbozodeportivo.com\/#\/schema\/logo\/image\/\",\"url\":\"https:\/\/esbozodeportivo.com\/wp-content\/uploads\/2022\/08\/cropped-Logo-Esbozo-Web-2.png\",\"contentUrl\":\"https:\/\/esbozodeportivo.com\/wp-content\/uploads\/2022\/08\/cropped-Logo-Esbozo-Web-2.png\",\"width\":180,\"height\":50,\"caption\":\"Esbozo Deportivo\"},\"image\":{\"@id\":\"https:\/\/esbozodeportivo.com\/#\/schema\/logo\/image\/\"}},{\"@type\":\"Person\",\"@id\":\"https:\/\/esbozodeportivo.com\/#\/schema\/person\/7277119c98823aec37bbb84e125efd44\",\"name\":\"Javier De La Cruz\",\"image\":{\"@type\":\"ImageObject\",\"inLanguage\":\"es\",\"@id\":\"https:\/\/esbozodeportivo.com\/#\/schema\/person\/image\/\",\"url\":\"https:\/\/secure.gravatar.com\/avatar\/366235a56d20f1a6e8e3d0b295897639357bea880470ddf261d17bb0bc052eb1?s=96&d=mm&r=g\",\"contentUrl\":\"https:\/\/secure.gravatar.com\/avatar\/366235a56d20f1a6e8e3d0b295897639357bea880470ddf261d17bb0bc052eb1?s=96&d=mm&r=g\",\"caption\":\"Javier De La Cruz\"},\"url\":\"https:\/\/esbozodeportivo.com\/index.php\/author\/javier-de-la-cruz-de-la-cruz\/\"}]}<\/script>\n<!-- \/ Yoast SEO plugin. -->","yoast_head_json":{"title":"El INDET present\u00f3 su Programa 2024 de Deporte y Activaci\u00f3n F\u00edsica - Esbozo Deportivo","robots":{"index":"index","follow":"follow","max-snippet":"max-snippet:-1","max-image-preview":"max-image-preview:large","max-video-preview":"max-video-preview:-1"},"canonical":"https:\/\/esbozodeportivo.com\/index.php\/2024\/02\/10\/el-indet-presento-su-programa-2024-de-deporte-y-activacion-fisica\/","og_locale":"es_MX","og_type":"article","og_title":"El INDET present\u00f3 su Programa 2024 de Deporte y Activaci\u00f3n F\u00edsica - Esbozo Deportivo","og_description":"(Foto: INDET) El Instituto del Deporte de los Trabajadores inicia con gran actividad su calendario","og_url":"https:\/\/esbozodeportivo.com\/index.php\/2024\/02\/10\/el-indet-presento-su-programa-2024-de-deporte-y-activacion-fisica\/","og_site_name":"Esbozo Deportivo","article_published_time":"2024-02-10T04:35:05+00:00","article_modified_time":"2024-02-10T04:38:29+00:00","og_image":[{"url":"https:\/\/esbozodeportivo.com\/wp-content\/uploads\/2024\/02\/IMG_20240130_125139-1024x768.jpg","type":"","width":"","height":""}],"author":"Javier De La Cruz","twitter_card":"summary_large_image","twitter_misc":{"Escrito por":"Javier De La Cruz","Tiempo de lectura":"3 minutos"},"schema":{"@context":"https:\/\/schema.org","@graph":[{"@type":"Article","@id":"https:\/\/esbozodeportivo.com\/index.php\/2024\/02\/10\/el-indet-presento-su-programa-2024-de-deporte-y-activacion-fisica\/#article","isPartOf":{"@id":"https:\/\/esbozodeportivo.com\/index.php\/2024\/02\/10\/el-indet-presento-su-programa-2024-de-deporte-y-activacion-fisica\/"},"author":{"name":"Javier De La Cruz","@id":"https:\/\/esbozodeportivo.com\/#\/schema\/person\/7277119c98823aec37bbb84e125efd44"},"headline":"El INDET present\u00f3 su Programa 2024 de Deporte y Activaci\u00f3n F\u00edsica","datePublished":"2024-02-10T04:35:05+00:00","dateModified":"2024-02-10T04:38:29+00:00","mainEntityOfPage":{"@id":"https:\/\/esbozodeportivo.com\/index.php\/2024\/02\/10\/el-indet-presento-su-programa-2024-de-deporte-y-activacion-fisica\/"},"wordCount":543,"commentCount":0,"publisher":{"@id":"https:\/\/esbozodeportivo.com\/#organization"},"image":{"@id":"https:\/\/esbozodeportivo.com\/index.php\/2024\/02\/10\/el-indet-presento-su-programa-2024-de-deporte-y-activacion-fisica\/#primaryimage"},"thumbnailUrl":"https:\/\/esbozodeportivo.com\/wp-content\/uploads\/2024\/02\/IMG_20240130_125139-1024x768.jpg","articleSection":["Amateur"],"inLanguage":"es","potentialAction":[{"@type":"CommentAction","name":"Comment","target":["https:\/\/esbozodeportivo.com\/index.php\/2024\/02\/10\/el-indet-presento-su-programa-2024-de-deporte-y-activacion-fisica\/#respond"]}]},{"@type":"WebPage","@id":"https:\/\/esbozodeportivo.com\/index.php\/2024\/02\/10\/el-indet-presento-su-programa-2024-de-deporte-y-activacion-fisica\/","url":"https:\/\/esbozodeportivo.com\/index.php\/2024\/02\/10\/el-indet-presento-su-programa-2024-de-deporte-y-activacion-fisica\/","name":"El INDET present\u00f3 su Programa 2024 de Deporte y Activaci\u00f3n F\u00edsica - Esbozo Deportivo","isPartOf":{"@id":"https:\/\/esbozodeportivo.com\/#website"},"primaryImageOfPage":{"@id":"https:\/\/esbozodeportivo.com\/index.php\/2024\/02\/10\/el-indet-presento-su-programa-2024-de-deporte-y-activacion-fisica\/#primaryimage"},"image":{"@id":"https:\/\/esbozodeportivo.com\/index.php\/2024\/02\/10\/el-indet-presento-su-programa-2024-de-deporte-y-activacion-fisica\/#primaryimage"},"thumbnailUrl":"https:\/\/esbozodeportivo.com\/wp-content\/uploads\/2024\/02\/IMG_20240130_125139-1024x768.jpg","datePublished":"2024-02-10T04:35:05+00:00","dateModified":"2024-02-10T04:38:29+00:00","breadcrumb":{"@id":"https:\/\/esbozodeportivo.com\/index.php\/2024\/02\/10\/el-indet-presento-su-programa-2024-de-deporte-y-activacion-fisica\/#breadcrumb"},"inLanguage":"es","potentialAction":[{"@type":"ReadAction","target":["https:\/\/esbozodeportivo.com\/index.php\/2024\/02\/10\/el-indet-presento-su-programa-2024-de-deporte-y-activacion-fisica\/"]}]},{"@type":"ImageObject","inLanguage":"es","@id":"https:\/\/esbozodeportivo.com\/index.php\/2024\/02\/10\/el-indet-presento-su-programa-2024-de-deporte-y-activacion-fisica\/#primaryimage","url":"https:\/\/esbozodeportivo.com\/wp-content\/uploads\/2024\/02\/IMG_20240130_125139-scaled.jpg","contentUrl":"https:\/\/esbozodeportivo.com\/wp-content\/uploads\/2024\/02\/IMG_20240130_125139-scaled.jpg","width":2560,"height":1920,"caption":"Exif_JPEG_420"},{"@type":"BreadcrumbList","@id":"https:\/\/esbozodeportivo.com\/index.php\/2024\/02\/10\/el-indet-presento-su-programa-2024-de-deporte-y-activacion-fisica\/#breadcrumb","itemListElement":[{"@type":"ListItem","position":1,"name":"Inicio","item":"https:\/\/esbozodeportivo.com\/"},{"@type":"ListItem","position":2,"name":"El INDET present\u00f3 su Programa 2024 de Deporte y Activaci\u00f3n F\u00edsica"}]},{"@type":"WebSite","@id":"https:\/\/esbozodeportivo.com\/#website","url":"https:\/\/esbozodeportivo.com\/","name":"Esbozo Deportivo","description":"Lo m\u00e1s importante del Deporte","publisher":{"@id":"https:\/\/esbozodeportivo.com\/#organization"},"potentialAction":[{"@type":"SearchAction","target":{"@type":"EntryPoint","urlTemplate":"https:\/\/esbozodeportivo.com\/?s={search_term_string}"},"query-input":{"@type":"PropertyValueSpecification","valueRequired":true,"valueName":"search_term_string"}}],"inLanguage":"es"},{"@type":"Organization","@id":"https:\/\/esbozodeportivo.com\/#organization","name":"Esbozo Deportivo","url":"https:\/\/esbozodeportivo.com\/","logo":{"@type":"ImageObject","inLanguage":"es","@id":"https:\/\/esbozodeportivo.com\/#\/schema\/logo\/image\/","url":"https:\/\/esbozodeportivo.com\/wp-content\/uploads\/2022\/08\/cropped-Logo-Esbozo-Web-2.png","contentUrl":"https:\/\/esbozodeportivo.com\/wp-content\/uploads\/2022\/08\/cropped-Logo-Esbozo-Web-2.png","width":180,"height":50,"caption":"Esbozo Deportivo"},"image":{"@id":"https:\/\/esbozodeportivo.com\/#\/schema\/logo\/image\/"}},{"@type":"Person","@id":"https:\/\/esbozodeportivo.com\/#\/schema\/person\/7277119c98823aec37bbb84e125efd44","name":"Javier De La Cruz","image":{"@type":"ImageObject","inLanguage":"es","@id":"https:\/\/esbozodeportivo.com\/#\/schema\/person\/image\/","url":"https:\/\/secure.gravatar.com\/avatar\/366235a56d20f1a6e8e3d0b295897639357bea880470ddf261d17bb0bc052eb1?s=96&d=mm&r=g","contentUrl":"https:\/\/secure.gravatar.com\/avatar\/366235a56d20f1a6e8e3d0b295897639357bea880470ddf261d17bb0bc052eb1?s=96&d=mm&r=g","caption":"Javier De La Cruz"},"url":"https:\/\/esbozodeportivo.com\/index.php\/author\/javier-de-la-cruz-de-la-cruz\/"}]}},"jetpack_featured_media_url":"","jetpack_sharing_enabled":true,"_links":{"self":[{"href":"https:\/\/esbozodeportivo.com\/index.php\/wp-json\/wp\/v2\/posts\/2776","targetHints":{"allow":["GET"]}}],"collection":[{"href":"https:\/\/esbozodeportivo.com\/index.php\/wp-json\/wp\/v2\/posts"}],"about":[{"href":"https:\/\/esbozodeportivo.com\/index.php\/wp-json\/wp\/v2\/types\/post"}],"author":[{"embeddable":true,"href":"https:\/\/esbozodeportivo.com\/index.php\/wp-json\/wp\/v2\/users\/2"}],"replies":[{"embeddable":true,"href":"https:\/\/esbozodeportivo.com\/index.php\/wp-json\/wp\/v2\/comments?post=2776"}],"version-history":[{"count":4,"href":"https:\/\/esbozodeportivo.com\/index.php\/wp-json\/wp\/v2\/posts\/2776\/revisions"}],"predecessor-version":[{"id":2784,"href":"https:\/\/esbozodeportivo.com\/index.php\/wp-json\/wp\/v2\/posts\/2776\/revisions\/2784"}],"wp:attachment":[{"href":"https:\/\/esbozodeportivo.com\/index.php\/wp-json\/wp\/v2\/media?parent=2776"}],"wp:term":[{"taxonomy":"category","embeddable":true,"href":"https:\/\/esbozodeportivo.com\/index.php\/wp-json\/wp\/v2\/categories?post=2776"},{"taxonomy":"post_tag","embeddable":true,"href":"https:\/\/esbozodeportivo.com\/index.php\/wp-json\/wp\/v2\/tags?post=2776"}],"curies":[{"name":"wp","href":"https:\/\/api.w.org\/{rel}","templated":true}]}}