{"id":279,"date":"2022-08-27T01:54:33","date_gmt":"2022-08-27T01:54:33","guid":{"rendered":"https:\/\/esbozodeportivo.com\/?p=279"},"modified":"2022-09-10T05:32:40","modified_gmt":"2022-09-10T05:32:40","slug":"samantha-bricio-pilar-de-la-seleccion-mexicana-de-voleibol-de-sala","status":"publish","type":"post","link":"https:\/\/esbozodeportivo.com\/index.php\/2022\/08\/27\/samantha-bricio-pilar-de-la-seleccion-mexicana-de-voleibol-de-sala\/","title":{"rendered":"Samantha Bricio, pilar de la selecci\u00f3n mexicana de voleibol de sala"},"content":{"rendered":"<p style=\"background: white; margin: 12.0pt 0cm .0001pt 0cm;\">(CONADE).- A los 17 a\u00f1os, la mexicana Samantha Estephania Guadalupe Bricio Ramos comenz\u00f3 a labrar una exitosa carrera deportiva que la ha llevado a recorrer Estados Unidos, Italia, Rusia y ahora una nueva aventura en China, adem\u00e1s es pilar en la selecci\u00f3n nacional que busca escribir su historia en los pr\u00f3ximos Juegos Centroamericanos y del Caribe en San Salvador y los Panamericanos en Santiago, ambos en 2023.<\/p>\n<p style=\"background: white; margin: 12.0pt 0cm .0001pt 0cm;\">Samantha Bricio es una de las experimentadas jugadoras que forma parte del representativo mexicano en la XIX Copa Panamericana Femenil de Voleibol de Sala, que se efect\u00faa en Hermosillo, Sonora, en donde tienen la misi\u00f3n de llegar a la zona de medallas y emprender la haza\u00f1a de conquistar el 2023 con triunfos en la antesala a los Juegos Ol\u00edmpicos Par\u00eds 2024.<\/p>\n<style>\/*! elementor - v3.7.2 - 21-08-2022 *\/\n.elementor-widget-image{text-align:center}.elementor-widget-image a{display:inline-block}.elementor-widget-image a img[src$=\".svg\"]{width:48px}.elementor-widget-image img{vertical-align:middle;display:inline-block}<\/style>\n<p>\t\t\t\t\t\t\t\t\t\t\t\t<img decoding=\"async\" width=\"640\" height=\"432\" src=\"https:\/\/esbozodeportivo.com\/wp-content\/uploads\/2022\/08\/Voleibol-Sala4-1024x691.jpeg\" alt=\"\" loading=\"lazy\" srcset=\"https:\/\/esbozodeportivo.com\/wp-content\/uploads\/2022\/08\/Voleibol-Sala4-1024x691.jpeg 1024w, https:\/\/esbozodeportivo.com\/wp-content\/uploads\/2022\/08\/Voleibol-Sala4-300x203.jpeg 300w, https:\/\/esbozodeportivo.com\/wp-content\/uploads\/2022\/08\/Voleibol-Sala4-768x518.jpeg 768w, https:\/\/esbozodeportivo.com\/wp-content\/uploads\/2022\/08\/Voleibol-Sala4.jpeg 1280w\" sizes=\"auto, (max-width: 640px) 100vw, 640px\" \/>\t\t\t\t\t\t\t\t\t\t\t\t\t\t\t<\/p>\n<p style=\"background: white; margin: 12.0pt 0cm .0001pt 0cm;\">\u201cEl a\u00f1o que viene tenemos muchos eventos importantes, estamos luchando por estar entre los primeros 25 que van a jugar boletos para Par\u00eds 2024, pero tambi\u00e9n est\u00e1n los Juegos Centroamericanos y los Panamericanos que son dos torneos importantes\u201d, coment\u00f3 en entrevista con la Comisi\u00f3n Nacional de Cultura F\u00edsica y Deporte (CONADE).<\/p>\n<p style=\"background: white; margin: 12.0pt 0cm .0001pt 0cm;\">Bricio Ramos fue la primera mexicana que decidi\u00f3 probar suerte en el voleibol internacional y a los 13 a\u00f1os, la tapat\u00eda se fue a Estados Unidos becada por la Universidad del Sur de California en donde comenz\u00f3 a fraguar su destino.<\/p>\n<p style=\"background: white; margin: 12.0pt 0cm .0001pt 0cm;\">\u201cMe voy a China este a\u00f1o, ya estoy acostumbrada a estar lejos de mi pa\u00eds, desde los 17 a\u00f1os decid\u00ed ir a otros pa\u00edses en Europa\u201d, a\u00f1adi\u00f3 la competidora que en noviembre pr\u00f3ximo iniciar\u00e1 su aventura en con el Shangh\u00e1i, uno de los conjuntos que es protagonista en la liga local.<\/p>\n<p>\t\t\t\t\t\t\t\t\t\t\t\t\t\t\t<img decoding=\"async\" width=\"640\" height=\"416\" src=\"https:\/\/esbozodeportivo.com\/wp-content\/uploads\/2022\/08\/Voleibol-Sala2-1024x665.jpeg\" alt=\"\" loading=\"lazy\" srcset=\"https:\/\/esbozodeportivo.com\/wp-content\/uploads\/2022\/08\/Voleibol-Sala2-1024x665.jpeg 1024w, https:\/\/esbozodeportivo.com\/wp-content\/uploads\/2022\/08\/Voleibol-Sala2-300x195.jpeg 300w, https:\/\/esbozodeportivo.com\/wp-content\/uploads\/2022\/08\/Voleibol-Sala2-768x499.jpeg 768w, https:\/\/esbozodeportivo.com\/wp-content\/uploads\/2022\/08\/Voleibol-Sala2.jpeg 1280w\" sizes=\"auto, (max-width: 640px) 100vw, 640px\" \/>\t\t\t\t\t\t\t\t\t\t\t\t\t\t\t<\/p>\n<p style=\"background: white; margin: 12.0pt 0cm .0001pt 0cm;\">\u201cEs una ciudad grande y no ser\u00e1 problema para mi adaptaci\u00f3n, mucha gente habla ingl\u00e9s y creo que esa ser\u00e1 mi lengua principal\u201d, afirm\u00f3 la jugadora que en la duela sirve, bloquea o alza el vuelo para enviar el bal\u00f3n con potencia a la contrincante.<\/p>\n<p style=\"background: white; margin: 12.0pt 0cm .0001pt 0cm;\">Bricio asegur\u00f3 que el peregrinaje en su carrera deportiva le ha dado recompensas, pues aprendi\u00f3 estilos, t\u00e9cnicas y ser punta de lanza para que m\u00e1s jugadoras se atrevan a salir del pa\u00eds.<\/p>\n<p style=\"background: white; margin: 12.0pt 0cm .0001pt 0cm;\">\u201cEs incre\u00edble, cada dos a\u00f1os estoy experimentando cosas nuevas y la verdad es muy padre\u201d, agreg\u00f3.<\/p>\n<p style=\"background: white; margin: 12.0pt 0cm .0001pt 0cm;\">Dijo que es grato saber que ahora ya son m\u00e1s jugadoras las que juegan fuera de M\u00e9xico, \u201cson como seis o siete de la selecci\u00f3n que est\u00e1n en el extranjero, se van a Europa, poco a poquito somos m\u00e1s las que nos hemos decidido\u201d.<\/p>\n<p>\t\t\t\t\t\t\t\t\t\t\t\t\t\t\t<img decoding=\"async\" width=\"640\" height=\"386\" src=\"https:\/\/esbozodeportivo.com\/wp-content\/uploads\/2022\/08\/Voleibol-Sala-1024x618.jpeg\" alt=\"\" loading=\"lazy\" srcset=\"https:\/\/esbozodeportivo.com\/wp-content\/uploads\/2022\/08\/Voleibol-Sala-1024x618.jpeg 1024w, https:\/\/esbozodeportivo.com\/wp-content\/uploads\/2022\/08\/Voleibol-Sala-300x181.jpeg 300w, https:\/\/esbozodeportivo.com\/wp-content\/uploads\/2022\/08\/Voleibol-Sala-768x463.jpeg 768w, https:\/\/esbozodeportivo.com\/wp-content\/uploads\/2022\/08\/Voleibol-Sala.jpeg 1280w\" sizes=\"auto, (max-width: 640px) 100vw, 640px\" \/>\t\t\t\t\t\t\t\t\t\t\t\t\t\t\t<\/p>\n<p style=\"background: white; margin: 12.0pt 0cm .0001pt 0cm;\">La experimentada voleibolista ha vestido los colores de los cuadros italianos\u00a0Imoco Conegliano y el Savino del Bene Scandicci, en Turqu\u00eda los del Fenerbahce, en Rusia del Dinamo Kaz\u00e1n y ahora con el Shangh\u00e1i.<\/p>\n<p style=\"background: white; margin: 12.0pt 0cm .0001pt 0cm;\">Samantha Bricio, de 27 a\u00f1os, tiene el objetivo de llegar a la final de los Juegos Centroamericanos y del Caribe San Salvador 2023, en donde espera subir al podio luego del cuarto sitio de Barranquilla 2018, sin perder de vista y la ilusi\u00f3n de llegar a unos Juegos Ol\u00edmpicos, ahora en Par\u00eds 2024. <\/p>\n<p>\t\t\t\t\t\t\t\t\t\t\t\t\t\t\t<img decoding=\"async\" width=\"640\" height=\"421\" src=\"https:\/\/esbozodeportivo.com\/wp-content\/uploads\/2022\/08\/Voleibol-Sala1-1024x673.jpeg\" alt=\"\" loading=\"lazy\" srcset=\"https:\/\/esbozodeportivo.com\/wp-content\/uploads\/2022\/08\/Voleibol-Sala1-1024x673.jpeg 1024w, https:\/\/esbozodeportivo.com\/wp-content\/uploads\/2022\/08\/Voleibol-Sala1-300x197.jpeg 300w, https:\/\/esbozodeportivo.com\/wp-content\/uploads\/2022\/08\/Voleibol-Sala1-768x505.jpeg 768w, https:\/\/esbozodeportivo.com\/wp-content\/uploads\/2022\/08\/Voleibol-Sala1.jpeg 1280w\" sizes=\"auto, (max-width: 640px) 100vw, 640px\" \/>\t\t\t\t\t\t\t\t\t\t\t\t\t\t\t<\/p>\n<p>(Fotos: CONADE)<\/p>\n","protected":false},"excerpt":{"rendered":"<p>(CONADE).- A los 17 a\u00f1os, la mexicana Samantha Estephania Guadalupe Bricio Ramos comenz\u00f3 a labrar<\/p>\n","protected":false},"author":2,"featured_media":0,"comment_status":"open","ping_status":"open","sticky":false,"template":"","format":"standard","meta":{"_jetpack_memberships_contains_paid_content":false,"footnotes":""},"categories":[5],"tags":[],"class_list":["post-279","post","type-post","status-publish","format-standard","hentry","category-amateur"],"yoast_head":"<!-- This site is optimized with the Yoast SEO plugin v25.7 - https:\/\/yoast.com\/wordpress\/plugins\/seo\/ -->\n<title>Samantha Bricio, pilar de la selecci\u00f3n mexicana de voleibol de sala - Esbozo Deportivo<\/title>\n<meta name=\"robots\" content=\"index, follow, max-snippet:-1, max-image-preview:large, max-video-preview:-1\" \/>\n<link rel=\"canonical\" href=\"https:\/\/esbozodeportivo.com\/index.php\/2022\/08\/27\/samantha-bricio-pilar-de-la-seleccion-mexicana-de-voleibol-de-sala\/\" \/>\n<meta property=\"og:locale\" content=\"es_MX\" \/>\n<meta property=\"og:type\" content=\"article\" \/>\n<meta property=\"og:title\" content=\"Samantha Bricio, pilar de la selecci\u00f3n mexicana de voleibol de sala - Esbozo Deportivo\" \/>\n<meta property=\"og:description\" content=\"(CONADE).- A los 17 a\u00f1os, la mexicana Samantha Estephania Guadalupe Bricio Ramos comenz\u00f3 a labrar\" \/>\n<meta property=\"og:url\" content=\"https:\/\/esbozodeportivo.com\/index.php\/2022\/08\/27\/samantha-bricio-pilar-de-la-seleccion-mexicana-de-voleibol-de-sala\/\" \/>\n<meta property=\"og:site_name\" content=\"Esbozo Deportivo\" \/>\n<meta property=\"article:published_time\" content=\"2022-08-27T01:54:33+00:00\" \/>\n<meta property=\"article:modified_time\" content=\"2022-09-10T05:32:40+00:00\" \/>\n<meta property=\"og:image\" content=\"https:\/\/esbozodeportivo.com\/wp-content\/uploads\/2022\/08\/Voleibol-Sala4-1024x691.jpeg\" \/>\n<meta name=\"author\" content=\"Javier De La Cruz\" \/>\n<meta name=\"twitter:card\" content=\"summary_large_image\" \/>\n<meta name=\"twitter:label1\" content=\"Escrito por\" \/>\n\t<meta name=\"twitter:data1\" content=\"Javier De La Cruz\" \/>\n\t<meta name=\"twitter:label2\" content=\"Tiempo de lectura\" \/>\n\t<meta name=\"twitter:data2\" content=\"3 minutos\" \/>\n<script type=\"application\/ld+json\" class=\"yoast-schema-graph\">{\"@context\":\"https:\/\/schema.org\",\"@graph\":[{\"@type\":\"Article\",\"@id\":\"https:\/\/esbozodeportivo.com\/index.php\/2022\/08\/27\/samantha-bricio-pilar-de-la-seleccion-mexicana-de-voleibol-de-sala\/#article\",\"isPartOf\":{\"@id\":\"https:\/\/esbozodeportivo.com\/index.php\/2022\/08\/27\/samantha-bricio-pilar-de-la-seleccion-mexicana-de-voleibol-de-sala\/\"},\"author\":{\"name\":\"Javier De La Cruz\",\"@id\":\"https:\/\/esbozodeportivo.com\/#\/schema\/person\/7277119c98823aec37bbb84e125efd44\"},\"headline\":\"Samantha Bricio, pilar de la selecci\u00f3n mexicana de voleibol de sala\",\"datePublished\":\"2022-08-27T01:54:33+00:00\",\"dateModified\":\"2022-09-10T05:32:40+00:00\",\"mainEntityOfPage\":{\"@id\":\"https:\/\/esbozodeportivo.com\/index.php\/2022\/08\/27\/samantha-bricio-pilar-de-la-seleccion-mexicana-de-voleibol-de-sala\/\"},\"wordCount\":542,\"commentCount\":0,\"publisher\":{\"@id\":\"https:\/\/esbozodeportivo.com\/#organization\"},\"image\":{\"@id\":\"https:\/\/esbozodeportivo.com\/index.php\/2022\/08\/27\/samantha-bricio-pilar-de-la-seleccion-mexicana-de-voleibol-de-sala\/#primaryimage\"},\"thumbnailUrl\":\"https:\/\/esbozodeportivo.com\/wp-content\/uploads\/2022\/08\/Voleibol-Sala4-1024x691.jpeg\",\"articleSection\":[\"Amateur\"],\"inLanguage\":\"es\",\"potentialAction\":[{\"@type\":\"CommentAction\",\"name\":\"Comment\",\"target\":[\"https:\/\/esbozodeportivo.com\/index.php\/2022\/08\/27\/samantha-bricio-pilar-de-la-seleccion-mexicana-de-voleibol-de-sala\/#respond\"]}]},{\"@type\":\"WebPage\",\"@id\":\"https:\/\/esbozodeportivo.com\/index.php\/2022\/08\/27\/samantha-bricio-pilar-de-la-seleccion-mexicana-de-voleibol-de-sala\/\",\"url\":\"https:\/\/esbozodeportivo.com\/index.php\/2022\/08\/27\/samantha-bricio-pilar-de-la-seleccion-mexicana-de-voleibol-de-sala\/\",\"name\":\"Samantha Bricio, pilar de la selecci\u00f3n mexicana de voleibol de sala - Esbozo Deportivo\",\"isPartOf\":{\"@id\":\"https:\/\/esbozodeportivo.com\/#website\"},\"primaryImageOfPage\":{\"@id\":\"https:\/\/esbozodeportivo.com\/index.php\/2022\/08\/27\/samantha-bricio-pilar-de-la-seleccion-mexicana-de-voleibol-de-sala\/#primaryimage\"},\"image\":{\"@id\":\"https:\/\/esbozodeportivo.com\/index.php\/2022\/08\/27\/samantha-bricio-pilar-de-la-seleccion-mexicana-de-voleibol-de-sala\/#primaryimage\"},\"thumbnailUrl\":\"https:\/\/esbozodeportivo.com\/wp-content\/uploads\/2022\/08\/Voleibol-Sala4-1024x691.jpeg\",\"datePublished\":\"2022-08-27T01:54:33+00:00\",\"dateModified\":\"2022-09-10T05:32:40+00:00\",\"breadcrumb\":{\"@id\":\"https:\/\/esbozodeportivo.com\/index.php\/2022\/08\/27\/samantha-bricio-pilar-de-la-seleccion-mexicana-de-voleibol-de-sala\/#breadcrumb\"},\"inLanguage\":\"es\",\"potentialAction\":[{\"@type\":\"ReadAction\",\"target\":[\"https:\/\/esbozodeportivo.com\/index.php\/2022\/08\/27\/samantha-bricio-pilar-de-la-seleccion-mexicana-de-voleibol-de-sala\/\"]}]},{\"@type\":\"ImageObject\",\"inLanguage\":\"es\",\"@id\":\"https:\/\/esbozodeportivo.com\/index.php\/2022\/08\/27\/samantha-bricio-pilar-de-la-seleccion-mexicana-de-voleibol-de-sala\/#primaryimage\",\"url\":\"https:\/\/esbozodeportivo.com\/wp-content\/uploads\/2022\/08\/Voleibol-Sala4-1024x691.jpeg\",\"contentUrl\":\"https:\/\/esbozodeportivo.com\/wp-content\/uploads\/2022\/08\/Voleibol-Sala4-1024x691.jpeg\"},{\"@type\":\"BreadcrumbList\",\"@id\":\"https:\/\/esbozodeportivo.com\/index.php\/2022\/08\/27\/samantha-bricio-pilar-de-la-seleccion-mexicana-de-voleibol-de-sala\/#breadcrumb\",\"itemListElement\":[{\"@type\":\"ListItem\",\"position\":1,\"name\":\"Inicio\",\"item\":\"https:\/\/esbozodeportivo.com\/\"},{\"@type\":\"ListItem\",\"position\":2,\"name\":\"Samantha Bricio, pilar de la selecci\u00f3n mexicana de voleibol de sala\"}]},{\"@type\":\"WebSite\",\"@id\":\"https:\/\/esbozodeportivo.com\/#website\",\"url\":\"https:\/\/esbozodeportivo.com\/\",\"name\":\"Esbozo Deportivo\",\"description\":\"Lo m\u00e1s importante del Deporte\",\"publisher\":{\"@id\":\"https:\/\/esbozodeportivo.com\/#organization\"},\"potentialAction\":[{\"@type\":\"SearchAction\",\"target\":{\"@type\":\"EntryPoint\",\"urlTemplate\":\"https:\/\/esbozodeportivo.com\/?s={search_term_string}\"},\"query-input\":{\"@type\":\"PropertyValueSpecification\",\"valueRequired\":true,\"valueName\":\"search_term_string\"}}],\"inLanguage\":\"es\"},{\"@type\":\"Organization\",\"@id\":\"https:\/\/esbozodeportivo.com\/#organization\",\"name\":\"Esbozo Deportivo\",\"url\":\"https:\/\/esbozodeportivo.com\/\",\"logo\":{\"@type\":\"ImageObject\",\"inLanguage\":\"es\",\"@id\":\"https:\/\/esbozodeportivo.com\/#\/schema\/logo\/image\/\",\"url\":\"https:\/\/esbozodeportivo.com\/wp-content\/uploads\/2022\/08\/cropped-Logo-Esbozo-Web-2.png\",\"contentUrl\":\"https:\/\/esbozodeportivo.com\/wp-content\/uploads\/2022\/08\/cropped-Logo-Esbozo-Web-2.png\",\"width\":180,\"height\":50,\"caption\":\"Esbozo Deportivo\"},\"image\":{\"@id\":\"https:\/\/esbozodeportivo.com\/#\/schema\/logo\/image\/\"}},{\"@type\":\"Person\",\"@id\":\"https:\/\/esbozodeportivo.com\/#\/schema\/person\/7277119c98823aec37bbb84e125efd44\",\"name\":\"Javier De La Cruz\",\"image\":{\"@type\":\"ImageObject\",\"inLanguage\":\"es\",\"@id\":\"https:\/\/esbozodeportivo.com\/#\/schema\/person\/image\/\",\"url\":\"https:\/\/secure.gravatar.com\/avatar\/366235a56d20f1a6e8e3d0b295897639357bea880470ddf261d17bb0bc052eb1?s=96&d=mm&r=g\",\"contentUrl\":\"https:\/\/secure.gravatar.com\/avatar\/366235a56d20f1a6e8e3d0b295897639357bea880470ddf261d17bb0bc052eb1?s=96&d=mm&r=g\",\"caption\":\"Javier De La Cruz\"},\"url\":\"https:\/\/esbozodeportivo.com\/index.php\/author\/javier-de-la-cruz-de-la-cruz\/\"}]}<\/script>\n<!-- \/ Yoast SEO plugin. -->","yoast_head_json":{"title":"Samantha Bricio, pilar de la selecci\u00f3n mexicana de voleibol de sala - Esbozo Deportivo","robots":{"index":"index","follow":"follow","max-snippet":"max-snippet:-1","max-image-preview":"max-image-preview:large","max-video-preview":"max-video-preview:-1"},"canonical":"https:\/\/esbozodeportivo.com\/index.php\/2022\/08\/27\/samantha-bricio-pilar-de-la-seleccion-mexicana-de-voleibol-de-sala\/","og_locale":"es_MX","og_type":"article","og_title":"Samantha Bricio, pilar de la selecci\u00f3n mexicana de voleibol de sala - Esbozo Deportivo","og_description":"(CONADE).- A los 17 a\u00f1os, la mexicana Samantha Estephania Guadalupe Bricio Ramos comenz\u00f3 a labrar","og_url":"https:\/\/esbozodeportivo.com\/index.php\/2022\/08\/27\/samantha-bricio-pilar-de-la-seleccion-mexicana-de-voleibol-de-sala\/","og_site_name":"Esbozo Deportivo","article_published_time":"2022-08-27T01:54:33+00:00","article_modified_time":"2022-09-10T05:32:40+00:00","og_image":[{"url":"https:\/\/esbozodeportivo.com\/wp-content\/uploads\/2022\/08\/Voleibol-Sala4-1024x691.jpeg","type":"","width":"","height":""}],"author":"Javier De La Cruz","twitter_card":"summary_large_image","twitter_misc":{"Escrito por":"Javier De La Cruz","Tiempo de lectura":"3 minutos"},"schema":{"@context":"https:\/\/schema.org","@graph":[{"@type":"Article","@id":"https:\/\/esbozodeportivo.com\/index.php\/2022\/08\/27\/samantha-bricio-pilar-de-la-seleccion-mexicana-de-voleibol-de-sala\/#article","isPartOf":{"@id":"https:\/\/esbozodeportivo.com\/index.php\/2022\/08\/27\/samantha-bricio-pilar-de-la-seleccion-mexicana-de-voleibol-de-sala\/"},"author":{"name":"Javier De La Cruz","@id":"https:\/\/esbozodeportivo.com\/#\/schema\/person\/7277119c98823aec37bbb84e125efd44"},"headline":"Samantha Bricio, pilar de la selecci\u00f3n mexicana de voleibol de sala","datePublished":"2022-08-27T01:54:33+00:00","dateModified":"2022-09-10T05:32:40+00:00","mainEntityOfPage":{"@id":"https:\/\/esbozodeportivo.com\/index.php\/2022\/08\/27\/samantha-bricio-pilar-de-la-seleccion-mexicana-de-voleibol-de-sala\/"},"wordCount":542,"commentCount":0,"publisher":{"@id":"https:\/\/esbozodeportivo.com\/#organization"},"image":{"@id":"https:\/\/esbozodeportivo.com\/index.php\/2022\/08\/27\/samantha-bricio-pilar-de-la-seleccion-mexicana-de-voleibol-de-sala\/#primaryimage"},"thumbnailUrl":"https:\/\/esbozodeportivo.com\/wp-content\/uploads\/2022\/08\/Voleibol-Sala4-1024x691.jpeg","articleSection":["Amateur"],"inLanguage":"es","potentialAction":[{"@type":"CommentAction","name":"Comment","target":["https:\/\/esbozodeportivo.com\/index.php\/2022\/08\/27\/samantha-bricio-pilar-de-la-seleccion-mexicana-de-voleibol-de-sala\/#respond"]}]},{"@type":"WebPage","@id":"https:\/\/esbozodeportivo.com\/index.php\/2022\/08\/27\/samantha-bricio-pilar-de-la-seleccion-mexicana-de-voleibol-de-sala\/","url":"https:\/\/esbozodeportivo.com\/index.php\/2022\/08\/27\/samantha-bricio-pilar-de-la-seleccion-mexicana-de-voleibol-de-sala\/","name":"Samantha Bricio, pilar de la selecci\u00f3n mexicana de voleibol de sala - Esbozo Deportivo","isPartOf":{"@id":"https:\/\/esbozodeportivo.com\/#website"},"primaryImageOfPage":{"@id":"https:\/\/esbozodeportivo.com\/index.php\/2022\/08\/27\/samantha-bricio-pilar-de-la-seleccion-mexicana-de-voleibol-de-sala\/#primaryimage"},"image":{"@id":"https:\/\/esbozodeportivo.com\/index.php\/2022\/08\/27\/samantha-bricio-pilar-de-la-seleccion-mexicana-de-voleibol-de-sala\/#primaryimage"},"thumbnailUrl":"https:\/\/esbozodeportivo.com\/wp-content\/uploads\/2022\/08\/Voleibol-Sala4-1024x691.jpeg","datePublished":"2022-08-27T01:54:33+00:00","dateModified":"2022-09-10T05:32:40+00:00","breadcrumb":{"@id":"https:\/\/esbozodeportivo.com\/index.php\/2022\/08\/27\/samantha-bricio-pilar-de-la-seleccion-mexicana-de-voleibol-de-sala\/#breadcrumb"},"inLanguage":"es","potentialAction":[{"@type":"ReadAction","target":["https:\/\/esbozodeportivo.com\/index.php\/2022\/08\/27\/samantha-bricio-pilar-de-la-seleccion-mexicana-de-voleibol-de-sala\/"]}]},{"@type":"ImageObject","inLanguage":"es","@id":"https:\/\/esbozodeportivo.com\/index.php\/2022\/08\/27\/samantha-bricio-pilar-de-la-seleccion-mexicana-de-voleibol-de-sala\/#primaryimage","url":"https:\/\/esbozodeportivo.com\/wp-content\/uploads\/2022\/08\/Voleibol-Sala4-1024x691.jpeg","contentUrl":"https:\/\/esbozodeportivo.com\/wp-content\/uploads\/2022\/08\/Voleibol-Sala4-1024x691.jpeg"},{"@type":"BreadcrumbList","@id":"https:\/\/esbozodeportivo.com\/index.php\/2022\/08\/27\/samantha-bricio-pilar-de-la-seleccion-mexicana-de-voleibol-de-sala\/#breadcrumb","itemListElement":[{"@type":"ListItem","position":1,"name":"Inicio","item":"https:\/\/esbozodeportivo.com\/"},{"@type":"ListItem","position":2,"name":"Samantha Bricio, pilar de la selecci\u00f3n mexicana de voleibol de sala"}]},{"@type":"WebSite","@id":"https:\/\/esbozodeportivo.com\/#website","url":"https:\/\/esbozodeportivo.com\/","name":"Esbozo Deportivo","description":"Lo m\u00e1s importante del Deporte","publisher":{"@id":"https:\/\/esbozodeportivo.com\/#organization"},"potentialAction":[{"@type":"SearchAction","target":{"@type":"EntryPoint","urlTemplate":"https:\/\/esbozodeportivo.com\/?s={search_term_string}"},"query-input":{"@type":"PropertyValueSpecification","valueRequired":true,"valueName":"search_term_string"}}],"inLanguage":"es"},{"@type":"Organization","@id":"https:\/\/esbozodeportivo.com\/#organization","name":"Esbozo Deportivo","url":"https:\/\/esbozodeportivo.com\/","logo":{"@type":"ImageObject","inLanguage":"es","@id":"https:\/\/esbozodeportivo.com\/#\/schema\/logo\/image\/","url":"https:\/\/esbozodeportivo.com\/wp-content\/uploads\/2022\/08\/cropped-Logo-Esbozo-Web-2.png","contentUrl":"https:\/\/esbozodeportivo.com\/wp-content\/uploads\/2022\/08\/cropped-Logo-Esbozo-Web-2.png","width":180,"height":50,"caption":"Esbozo Deportivo"},"image":{"@id":"https:\/\/esbozodeportivo.com\/#\/schema\/logo\/image\/"}},{"@type":"Person","@id":"https:\/\/esbozodeportivo.com\/#\/schema\/person\/7277119c98823aec37bbb84e125efd44","name":"Javier De La Cruz","image":{"@type":"ImageObject","inLanguage":"es","@id":"https:\/\/esbozodeportivo.com\/#\/schema\/person\/image\/","url":"https:\/\/secure.gravatar.com\/avatar\/366235a56d20f1a6e8e3d0b295897639357bea880470ddf261d17bb0bc052eb1?s=96&d=mm&r=g","contentUrl":"https:\/\/secure.gravatar.com\/avatar\/366235a56d20f1a6e8e3d0b295897639357bea880470ddf261d17bb0bc052eb1?s=96&d=mm&r=g","caption":"Javier De La Cruz"},"url":"https:\/\/esbozodeportivo.com\/index.php\/author\/javier-de-la-cruz-de-la-cruz\/"}]}},"jetpack_featured_media_url":"","jetpack_sharing_enabled":true,"_links":{"self":[{"href":"https:\/\/esbozodeportivo.com\/index.php\/wp-json\/wp\/v2\/posts\/279","targetHints":{"allow":["GET"]}}],"collection":[{"href":"https:\/\/esbozodeportivo.com\/index.php\/wp-json\/wp\/v2\/posts"}],"about":[{"href":"https:\/\/esbozodeportivo.com\/index.php\/wp-json\/wp\/v2\/types\/post"}],"author":[{"embeddable":true,"href":"https:\/\/esbozodeportivo.com\/index.php\/wp-json\/wp\/v2\/users\/2"}],"replies":[{"embeddable":true,"href":"https:\/\/esbozodeportivo.com\/index.php\/wp-json\/wp\/v2\/comments?post=279"}],"version-history":[{"count":4,"href":"https:\/\/esbozodeportivo.com\/index.php\/wp-json\/wp\/v2\/posts\/279\/revisions"}],"predecessor-version":[{"id":287,"href":"https:\/\/esbozodeportivo.com\/index.php\/wp-json\/wp\/v2\/posts\/279\/revisions\/287"}],"wp:attachment":[{"href":"https:\/\/esbozodeportivo.com\/index.php\/wp-json\/wp\/v2\/media?parent=279"}],"wp:term":[{"taxonomy":"category","embeddable":true,"href":"https:\/\/esbozodeportivo.com\/index.php\/wp-json\/wp\/v2\/categories?post=279"},{"taxonomy":"post_tag","embeddable":true,"href":"https:\/\/esbozodeportivo.com\/index.php\/wp-json\/wp\/v2\/tags?post=279"}],"curies":[{"name":"wp","href":"https:\/\/api.w.org\/{rel}","templated":true}]}}