{"id":2960,"date":"2024-02-15T20:56:38","date_gmt":"2024-02-15T20:56:38","guid":{"rendered":"https:\/\/esbozodeportivo.com\/?p=2960"},"modified":"2024-02-15T20:57:41","modified_gmt":"2024-02-15T20:57:41","slug":"bayern-munich-pierde-ante-lazio-1-0","status":"publish","type":"post","link":"https:\/\/esbozodeportivo.com\/index.php\/2024\/02\/15\/bayern-munich-pierde-ante-lazio-1-0\/","title":{"rendered":"Bayern M\u00fanich pierde ante Lazio 1-0"},"content":{"rendered":"<style>\/*! elementor - v3.19.0 - 07-02-2024 *\/\n.elementor-widget-image{text-align:center}.elementor-widget-image a{display:inline-block}.elementor-widget-image a img[src$=\".svg\"]{width:48px}.elementor-widget-image img{vertical-align:middle;display:inline-block}<\/style>\n<p>\t\t\t\t\t\t\t\t\t\t<img loading=\"lazy\" decoding=\"async\" width=\"640\" height=\"426\" src=\"https:\/\/esbozodeportivo.com\/wp-content\/uploads\/2024\/02\/Lazio.jpg\" alt=\"\" srcset=\"https:\/\/esbozodeportivo.com\/wp-content\/uploads\/2024\/02\/Lazio.jpg 980w, https:\/\/esbozodeportivo.com\/wp-content\/uploads\/2024\/02\/Lazio-300x200.jpg 300w, https:\/\/esbozodeportivo.com\/wp-content\/uploads\/2024\/02\/Lazio-768x512.jpg 768w\" sizes=\"auto, (max-width: 640px) 100vw, 640px\" \/>\t\t\t\t\t\t\t\t\t\t\t\t\t<\/p>\n<p>(Foto: @OfficialSSLazio)<\/p>\n<p>ROMA (Agencias) \u2014 Cuatro d\u00edas despu\u00e9s de sufrir una devastadora derrota en la Bundesliga, el Bayern M\u00fanich volvi\u00f3 a desinflarse al sucumbir 1-0 en su visita a la Lazio en el partido de ida de los octavos de final de la Liga de Campeones.<\/p>\n<p>Ciro Immobile anot\u00f3 de penal el solitario gol del conjunto italiano tras una falta que dej\u00f3 al Bayern con 10 hombres al promediar el segundo tiempo. Ya para entonces, el club alem\u00e1n hab\u00eda desperdiciado ya varias ocasiones para adelantarse.<\/p>\n<p>\u201cHa sido una semana complicada\u201d, reconoci\u00f3 el delantero del Bayern Harry Kane. \u201cIniciamos bien y tuvimos algunas buenas oportunidades. Yo tuve una, Jama (Musiala) tuvo una, Josh (Kimmich) tuvo una en el borde del \u00e1rea. En estos partidos, son momentos importantes que no pudimos aprovechar\u201d. Aunado a la derrota 3-0 en el feudo de Bayer Leverkusen el fin de semana, el tropiezo en Europa pone en m\u00e1s aprietos al t\u00e9cnico del Bayern Thomas Tuchel de cara al partido de vuelta el 5 de marzo.<\/p>\n<p>\u201cDesde mi perspectiva, mostramos una reacci\u00f3n (a la derrota ante Leverkusen) en la primera mitad\u201d, indic\u00f3 Thomas M\u00fcller del Bayern. \u201cDefinitivamente debimos irnos arriba en la primera mitad. Si hablamos de una reacci\u00f3n, no siempre puedes hablar del resultado \u2014que por supuesto es un producto lindo a esa reacci\u00f3n\u2014 pero primero, hablamos del enfoque\u201d.<\/p>\n<p>Seis veces campe\u00f3n de Europa, el Bayern se clasificado a los cuartos de final o m\u00e1s lejos en 11 de sus \u00faltimas 12 campa\u00f1as en la Liga de Campeones. La excepci\u00f3n fue la eliminaci\u00f3n en octavos a manos de Liverpool hace cinco a\u00f1os.<\/p>\n<p>La Lazio, s\u00e9ptima en la Serie A, perdi\u00f3 ante el Bayern en su \u00fanica presencia en la ronda de octavos hace tres a\u00f1os. Pero el equipo de Mauricio Sarri, que fue segundo en la temporada pasada, est\u00e1 en gran forma y suma cinco victorias en siete duelos de liga.<\/p>\n<p>El Bayern qued\u00f3 con 10 hombres desde los 67 minutos cuando su zaguero central Dayot Upamecano fue expulsado por una falta sobre Gustav Isaks. El capit\u00e1n Immobile se encarg\u00f3 de cobrar la pena m\u00e1ximo e hizo que el arquero Manuel Neuer se lanzara al lado equivocado.<\/p>\n<p>Immobile ha anotado los \u00faltimos cuatro goles de Lazio en el torneo europeo y ven\u00eda de alcanzar los 200 tantos en la Serie A el pasado fin de semana.<\/p>\n","protected":false},"excerpt":{"rendered":"<p>(Foto: @OfficialSSLazio) ROMA (Agencias) \u2014 Cuatro d\u00edas despu\u00e9s de sufrir una devastadora derrota en la<\/p>\n","protected":false},"author":2,"featured_media":0,"comment_status":"open","ping_status":"open","sticky":false,"template":"","format":"standard","meta":{"_jetpack_memberships_contains_paid_content":false,"footnotes":""},"categories":[14],"tags":[],"class_list":["post-2960","post","type-post","status-publish","format-standard","hentry","category-futbol"],"yoast_head":"<!-- This site is optimized with the Yoast SEO plugin v25.7 - https:\/\/yoast.com\/wordpress\/plugins\/seo\/ -->\n<title>Bayern M\u00fanich pierde ante Lazio 1-0 - Esbozo Deportivo<\/title>\n<meta name=\"robots\" content=\"index, follow, max-snippet:-1, max-image-preview:large, max-video-preview:-1\" \/>\n<link rel=\"canonical\" href=\"https:\/\/esbozodeportivo.com\/index.php\/2024\/02\/15\/bayern-munich-pierde-ante-lazio-1-0\/\" \/>\n<meta property=\"og:locale\" content=\"es_MX\" \/>\n<meta property=\"og:type\" content=\"article\" \/>\n<meta property=\"og:title\" content=\"Bayern M\u00fanich pierde ante Lazio 1-0 - Esbozo Deportivo\" \/>\n<meta property=\"og:description\" content=\"(Foto: @OfficialSSLazio) ROMA (Agencias) \u2014 Cuatro d\u00edas despu\u00e9s de sufrir una devastadora derrota en la\" \/>\n<meta property=\"og:url\" content=\"https:\/\/esbozodeportivo.com\/index.php\/2024\/02\/15\/bayern-munich-pierde-ante-lazio-1-0\/\" \/>\n<meta property=\"og:site_name\" content=\"Esbozo Deportivo\" \/>\n<meta property=\"article:published_time\" content=\"2024-02-15T20:56:38+00:00\" \/>\n<meta property=\"article:modified_time\" content=\"2024-02-15T20:57:41+00:00\" \/>\n<meta property=\"og:image\" content=\"https:\/\/esbozodeportivo.com\/wp-content\/uploads\/2024\/02\/Lazio.jpg\" \/>\n<meta name=\"author\" content=\"Javier De La Cruz\" \/>\n<meta name=\"twitter:card\" content=\"summary_large_image\" \/>\n<meta name=\"twitter:label1\" content=\"Escrito por\" \/>\n\t<meta name=\"twitter:data1\" content=\"Javier De La Cruz\" \/>\n\t<meta name=\"twitter:label2\" content=\"Tiempo de lectura\" \/>\n\t<meta name=\"twitter:data2\" content=\"2 minutos\" \/>\n<script type=\"application\/ld+json\" class=\"yoast-schema-graph\">{\"@context\":\"https:\/\/schema.org\",\"@graph\":[{\"@type\":\"Article\",\"@id\":\"https:\/\/esbozodeportivo.com\/index.php\/2024\/02\/15\/bayern-munich-pierde-ante-lazio-1-0\/#article\",\"isPartOf\":{\"@id\":\"https:\/\/esbozodeportivo.com\/index.php\/2024\/02\/15\/bayern-munich-pierde-ante-lazio-1-0\/\"},\"author\":{\"name\":\"Javier De La Cruz\",\"@id\":\"https:\/\/esbozodeportivo.com\/#\/schema\/person\/7277119c98823aec37bbb84e125efd44\"},\"headline\":\"Bayern M\u00fanich pierde ante Lazio 1-0\",\"datePublished\":\"2024-02-15T20:56:38+00:00\",\"dateModified\":\"2024-02-15T20:57:41+00:00\",\"mainEntityOfPage\":{\"@id\":\"https:\/\/esbozodeportivo.com\/index.php\/2024\/02\/15\/bayern-munich-pierde-ante-lazio-1-0\/\"},\"wordCount\":411,\"commentCount\":0,\"publisher\":{\"@id\":\"https:\/\/esbozodeportivo.com\/#organization\"},\"image\":{\"@id\":\"https:\/\/esbozodeportivo.com\/index.php\/2024\/02\/15\/bayern-munich-pierde-ante-lazio-1-0\/#primaryimage\"},\"thumbnailUrl\":\"https:\/\/esbozodeportivo.com\/wp-content\/uploads\/2024\/02\/Lazio.jpg\",\"articleSection\":[\"Futbol Internacional\"],\"inLanguage\":\"es\",\"potentialAction\":[{\"@type\":\"CommentAction\",\"name\":\"Comment\",\"target\":[\"https:\/\/esbozodeportivo.com\/index.php\/2024\/02\/15\/bayern-munich-pierde-ante-lazio-1-0\/#respond\"]}]},{\"@type\":\"WebPage\",\"@id\":\"https:\/\/esbozodeportivo.com\/index.php\/2024\/02\/15\/bayern-munich-pierde-ante-lazio-1-0\/\",\"url\":\"https:\/\/esbozodeportivo.com\/index.php\/2024\/02\/15\/bayern-munich-pierde-ante-lazio-1-0\/\",\"name\":\"Bayern M\u00fanich pierde ante Lazio 1-0 - Esbozo Deportivo\",\"isPartOf\":{\"@id\":\"https:\/\/esbozodeportivo.com\/#website\"},\"primaryImageOfPage\":{\"@id\":\"https:\/\/esbozodeportivo.com\/index.php\/2024\/02\/15\/bayern-munich-pierde-ante-lazio-1-0\/#primaryimage\"},\"image\":{\"@id\":\"https:\/\/esbozodeportivo.com\/index.php\/2024\/02\/15\/bayern-munich-pierde-ante-lazio-1-0\/#primaryimage\"},\"thumbnailUrl\":\"https:\/\/esbozodeportivo.com\/wp-content\/uploads\/2024\/02\/Lazio.jpg\",\"datePublished\":\"2024-02-15T20:56:38+00:00\",\"dateModified\":\"2024-02-15T20:57:41+00:00\",\"breadcrumb\":{\"@id\":\"https:\/\/esbozodeportivo.com\/index.php\/2024\/02\/15\/bayern-munich-pierde-ante-lazio-1-0\/#breadcrumb\"},\"inLanguage\":\"es\",\"potentialAction\":[{\"@type\":\"ReadAction\",\"target\":[\"https:\/\/esbozodeportivo.com\/index.php\/2024\/02\/15\/bayern-munich-pierde-ante-lazio-1-0\/\"]}]},{\"@type\":\"ImageObject\",\"inLanguage\":\"es\",\"@id\":\"https:\/\/esbozodeportivo.com\/index.php\/2024\/02\/15\/bayern-munich-pierde-ante-lazio-1-0\/#primaryimage\",\"url\":\"https:\/\/esbozodeportivo.com\/wp-content\/uploads\/2024\/02\/Lazio.jpg\",\"contentUrl\":\"https:\/\/esbozodeportivo.com\/wp-content\/uploads\/2024\/02\/Lazio.jpg\",\"width\":980,\"height\":653},{\"@type\":\"BreadcrumbList\",\"@id\":\"https:\/\/esbozodeportivo.com\/index.php\/2024\/02\/15\/bayern-munich-pierde-ante-lazio-1-0\/#breadcrumb\",\"itemListElement\":[{\"@type\":\"ListItem\",\"position\":1,\"name\":\"Inicio\",\"item\":\"https:\/\/esbozodeportivo.com\/\"},{\"@type\":\"ListItem\",\"position\":2,\"name\":\"Bayern M\u00fanich pierde ante Lazio 1-0\"}]},{\"@type\":\"WebSite\",\"@id\":\"https:\/\/esbozodeportivo.com\/#website\",\"url\":\"https:\/\/esbozodeportivo.com\/\",\"name\":\"Esbozo Deportivo\",\"description\":\"Lo m\u00e1s importante del Deporte\",\"publisher\":{\"@id\":\"https:\/\/esbozodeportivo.com\/#organization\"},\"potentialAction\":[{\"@type\":\"SearchAction\",\"target\":{\"@type\":\"EntryPoint\",\"urlTemplate\":\"https:\/\/esbozodeportivo.com\/?s={search_term_string}\"},\"query-input\":{\"@type\":\"PropertyValueSpecification\",\"valueRequired\":true,\"valueName\":\"search_term_string\"}}],\"inLanguage\":\"es\"},{\"@type\":\"Organization\",\"@id\":\"https:\/\/esbozodeportivo.com\/#organization\",\"name\":\"Esbozo Deportivo\",\"url\":\"https:\/\/esbozodeportivo.com\/\",\"logo\":{\"@type\":\"ImageObject\",\"inLanguage\":\"es\",\"@id\":\"https:\/\/esbozodeportivo.com\/#\/schema\/logo\/image\/\",\"url\":\"https:\/\/esbozodeportivo.com\/wp-content\/uploads\/2022\/08\/cropped-Logo-Esbozo-Web-2.png\",\"contentUrl\":\"https:\/\/esbozodeportivo.com\/wp-content\/uploads\/2022\/08\/cropped-Logo-Esbozo-Web-2.png\",\"width\":180,\"height\":50,\"caption\":\"Esbozo Deportivo\"},\"image\":{\"@id\":\"https:\/\/esbozodeportivo.com\/#\/schema\/logo\/image\/\"}},{\"@type\":\"Person\",\"@id\":\"https:\/\/esbozodeportivo.com\/#\/schema\/person\/7277119c98823aec37bbb84e125efd44\",\"name\":\"Javier De La Cruz\",\"image\":{\"@type\":\"ImageObject\",\"inLanguage\":\"es\",\"@id\":\"https:\/\/esbozodeportivo.com\/#\/schema\/person\/image\/\",\"url\":\"https:\/\/secure.gravatar.com\/avatar\/366235a56d20f1a6e8e3d0b295897639357bea880470ddf261d17bb0bc052eb1?s=96&d=mm&r=g\",\"contentUrl\":\"https:\/\/secure.gravatar.com\/avatar\/366235a56d20f1a6e8e3d0b295897639357bea880470ddf261d17bb0bc052eb1?s=96&d=mm&r=g\",\"caption\":\"Javier De La Cruz\"},\"url\":\"https:\/\/esbozodeportivo.com\/index.php\/author\/javier-de-la-cruz-de-la-cruz\/\"}]}<\/script>\n<!-- \/ Yoast SEO plugin. -->","yoast_head_json":{"title":"Bayern M\u00fanich pierde ante Lazio 1-0 - Esbozo Deportivo","robots":{"index":"index","follow":"follow","max-snippet":"max-snippet:-1","max-image-preview":"max-image-preview:large","max-video-preview":"max-video-preview:-1"},"canonical":"https:\/\/esbozodeportivo.com\/index.php\/2024\/02\/15\/bayern-munich-pierde-ante-lazio-1-0\/","og_locale":"es_MX","og_type":"article","og_title":"Bayern M\u00fanich pierde ante Lazio 1-0 - Esbozo Deportivo","og_description":"(Foto: @OfficialSSLazio) ROMA (Agencias) \u2014 Cuatro d\u00edas despu\u00e9s de sufrir una devastadora derrota en la","og_url":"https:\/\/esbozodeportivo.com\/index.php\/2024\/02\/15\/bayern-munich-pierde-ante-lazio-1-0\/","og_site_name":"Esbozo Deportivo","article_published_time":"2024-02-15T20:56:38+00:00","article_modified_time":"2024-02-15T20:57:41+00:00","og_image":[{"url":"https:\/\/esbozodeportivo.com\/wp-content\/uploads\/2024\/02\/Lazio.jpg","type":"","width":"","height":""}],"author":"Javier De La Cruz","twitter_card":"summary_large_image","twitter_misc":{"Escrito por":"Javier De La Cruz","Tiempo de lectura":"2 minutos"},"schema":{"@context":"https:\/\/schema.org","@graph":[{"@type":"Article","@id":"https:\/\/esbozodeportivo.com\/index.php\/2024\/02\/15\/bayern-munich-pierde-ante-lazio-1-0\/#article","isPartOf":{"@id":"https:\/\/esbozodeportivo.com\/index.php\/2024\/02\/15\/bayern-munich-pierde-ante-lazio-1-0\/"},"author":{"name":"Javier De La Cruz","@id":"https:\/\/esbozodeportivo.com\/#\/schema\/person\/7277119c98823aec37bbb84e125efd44"},"headline":"Bayern M\u00fanich pierde ante Lazio 1-0","datePublished":"2024-02-15T20:56:38+00:00","dateModified":"2024-02-15T20:57:41+00:00","mainEntityOfPage":{"@id":"https:\/\/esbozodeportivo.com\/index.php\/2024\/02\/15\/bayern-munich-pierde-ante-lazio-1-0\/"},"wordCount":411,"commentCount":0,"publisher":{"@id":"https:\/\/esbozodeportivo.com\/#organization"},"image":{"@id":"https:\/\/esbozodeportivo.com\/index.php\/2024\/02\/15\/bayern-munich-pierde-ante-lazio-1-0\/#primaryimage"},"thumbnailUrl":"https:\/\/esbozodeportivo.com\/wp-content\/uploads\/2024\/02\/Lazio.jpg","articleSection":["Futbol Internacional"],"inLanguage":"es","potentialAction":[{"@type":"CommentAction","name":"Comment","target":["https:\/\/esbozodeportivo.com\/index.php\/2024\/02\/15\/bayern-munich-pierde-ante-lazio-1-0\/#respond"]}]},{"@type":"WebPage","@id":"https:\/\/esbozodeportivo.com\/index.php\/2024\/02\/15\/bayern-munich-pierde-ante-lazio-1-0\/","url":"https:\/\/esbozodeportivo.com\/index.php\/2024\/02\/15\/bayern-munich-pierde-ante-lazio-1-0\/","name":"Bayern M\u00fanich pierde ante Lazio 1-0 - Esbozo Deportivo","isPartOf":{"@id":"https:\/\/esbozodeportivo.com\/#website"},"primaryImageOfPage":{"@id":"https:\/\/esbozodeportivo.com\/index.php\/2024\/02\/15\/bayern-munich-pierde-ante-lazio-1-0\/#primaryimage"},"image":{"@id":"https:\/\/esbozodeportivo.com\/index.php\/2024\/02\/15\/bayern-munich-pierde-ante-lazio-1-0\/#primaryimage"},"thumbnailUrl":"https:\/\/esbozodeportivo.com\/wp-content\/uploads\/2024\/02\/Lazio.jpg","datePublished":"2024-02-15T20:56:38+00:00","dateModified":"2024-02-15T20:57:41+00:00","breadcrumb":{"@id":"https:\/\/esbozodeportivo.com\/index.php\/2024\/02\/15\/bayern-munich-pierde-ante-lazio-1-0\/#breadcrumb"},"inLanguage":"es","potentialAction":[{"@type":"ReadAction","target":["https:\/\/esbozodeportivo.com\/index.php\/2024\/02\/15\/bayern-munich-pierde-ante-lazio-1-0\/"]}]},{"@type":"ImageObject","inLanguage":"es","@id":"https:\/\/esbozodeportivo.com\/index.php\/2024\/02\/15\/bayern-munich-pierde-ante-lazio-1-0\/#primaryimage","url":"https:\/\/esbozodeportivo.com\/wp-content\/uploads\/2024\/02\/Lazio.jpg","contentUrl":"https:\/\/esbozodeportivo.com\/wp-content\/uploads\/2024\/02\/Lazio.jpg","width":980,"height":653},{"@type":"BreadcrumbList","@id":"https:\/\/esbozodeportivo.com\/index.php\/2024\/02\/15\/bayern-munich-pierde-ante-lazio-1-0\/#breadcrumb","itemListElement":[{"@type":"ListItem","position":1,"name":"Inicio","item":"https:\/\/esbozodeportivo.com\/"},{"@type":"ListItem","position":2,"name":"Bayern M\u00fanich pierde ante Lazio 1-0"}]},{"@type":"WebSite","@id":"https:\/\/esbozodeportivo.com\/#website","url":"https:\/\/esbozodeportivo.com\/","name":"Esbozo Deportivo","description":"Lo m\u00e1s importante del Deporte","publisher":{"@id":"https:\/\/esbozodeportivo.com\/#organization"},"potentialAction":[{"@type":"SearchAction","target":{"@type":"EntryPoint","urlTemplate":"https:\/\/esbozodeportivo.com\/?s={search_term_string}"},"query-input":{"@type":"PropertyValueSpecification","valueRequired":true,"valueName":"search_term_string"}}],"inLanguage":"es"},{"@type":"Organization","@id":"https:\/\/esbozodeportivo.com\/#organization","name":"Esbozo Deportivo","url":"https:\/\/esbozodeportivo.com\/","logo":{"@type":"ImageObject","inLanguage":"es","@id":"https:\/\/esbozodeportivo.com\/#\/schema\/logo\/image\/","url":"https:\/\/esbozodeportivo.com\/wp-content\/uploads\/2022\/08\/cropped-Logo-Esbozo-Web-2.png","contentUrl":"https:\/\/esbozodeportivo.com\/wp-content\/uploads\/2022\/08\/cropped-Logo-Esbozo-Web-2.png","width":180,"height":50,"caption":"Esbozo Deportivo"},"image":{"@id":"https:\/\/esbozodeportivo.com\/#\/schema\/logo\/image\/"}},{"@type":"Person","@id":"https:\/\/esbozodeportivo.com\/#\/schema\/person\/7277119c98823aec37bbb84e125efd44","name":"Javier De La Cruz","image":{"@type":"ImageObject","inLanguage":"es","@id":"https:\/\/esbozodeportivo.com\/#\/schema\/person\/image\/","url":"https:\/\/secure.gravatar.com\/avatar\/366235a56d20f1a6e8e3d0b295897639357bea880470ddf261d17bb0bc052eb1?s=96&d=mm&r=g","contentUrl":"https:\/\/secure.gravatar.com\/avatar\/366235a56d20f1a6e8e3d0b295897639357bea880470ddf261d17bb0bc052eb1?s=96&d=mm&r=g","caption":"Javier De La Cruz"},"url":"https:\/\/esbozodeportivo.com\/index.php\/author\/javier-de-la-cruz-de-la-cruz\/"}]}},"jetpack_featured_media_url":"","jetpack_sharing_enabled":true,"_links":{"self":[{"href":"https:\/\/esbozodeportivo.com\/index.php\/wp-json\/wp\/v2\/posts\/2960","targetHints":{"allow":["GET"]}}],"collection":[{"href":"https:\/\/esbozodeportivo.com\/index.php\/wp-json\/wp\/v2\/posts"}],"about":[{"href":"https:\/\/esbozodeportivo.com\/index.php\/wp-json\/wp\/v2\/types\/post"}],"author":[{"embeddable":true,"href":"https:\/\/esbozodeportivo.com\/index.php\/wp-json\/wp\/v2\/users\/2"}],"replies":[{"embeddable":true,"href":"https:\/\/esbozodeportivo.com\/index.php\/wp-json\/wp\/v2\/comments?post=2960"}],"version-history":[{"count":4,"href":"https:\/\/esbozodeportivo.com\/index.php\/wp-json\/wp\/v2\/posts\/2960\/revisions"}],"predecessor-version":[{"id":2966,"href":"https:\/\/esbozodeportivo.com\/index.php\/wp-json\/wp\/v2\/posts\/2960\/revisions\/2966"}],"wp:attachment":[{"href":"https:\/\/esbozodeportivo.com\/index.php\/wp-json\/wp\/v2\/media?parent=2960"}],"wp:term":[{"taxonomy":"category","embeddable":true,"href":"https:\/\/esbozodeportivo.com\/index.php\/wp-json\/wp\/v2\/categories?post=2960"},{"taxonomy":"post_tag","embeddable":true,"href":"https:\/\/esbozodeportivo.com\/index.php\/wp-json\/wp\/v2\/tags?post=2960"}],"curies":[{"name":"wp","href":"https:\/\/api.w.org\/{rel}","templated":true}]}}