{"id":2967,"date":"2024-02-15T20:58:21","date_gmt":"2024-02-15T20:58:21","guid":{"rendered":"https:\/\/esbozodeportivo.com\/?p=2967"},"modified":"2024-02-15T20:59:30","modified_gmt":"2024-02-15T20:59:30","slug":"mbappe-da-el-triunfo-al-paris-saint-german","status":"publish","type":"post","link":"https:\/\/esbozodeportivo.com\/index.php\/2024\/02\/15\/mbappe-da-el-triunfo-al-paris-saint-german\/","title":{"rendered":"Mbapp\u00e9 da el triunfo al Par\u00eds Saint-German"},"content":{"rendered":"<style>\/*! elementor - v3.19.0 - 07-02-2024 *\/\n.elementor-widget-image{text-align:center}.elementor-widget-image a{display:inline-block}.elementor-widget-image a img[src$=\".svg\"]{width:48px}.elementor-widget-image img{vertical-align:middle;display:inline-block}<\/style>\n<p>\t\t\t\t\t\t\t\t\t\t<img loading=\"lazy\" decoding=\"async\" width=\"640\" height=\"800\" src=\"https:\/\/esbozodeportivo.com\/wp-content\/uploads\/2024\/02\/Paris-819x1024.jpg\" alt=\"\" srcset=\"https:\/\/esbozodeportivo.com\/wp-content\/uploads\/2024\/02\/Paris-819x1024.jpg 819w, https:\/\/esbozodeportivo.com\/wp-content\/uploads\/2024\/02\/Paris-240x300.jpg 240w, https:\/\/esbozodeportivo.com\/wp-content\/uploads\/2024\/02\/Paris-768x960.jpg 768w, https:\/\/esbozodeportivo.com\/wp-content\/uploads\/2024\/02\/Paris-1024x1280.jpg 1024w, https:\/\/esbozodeportivo.com\/wp-content\/uploads\/2024\/02\/Paris.jpg 1080w\" sizes=\"auto, (max-width: 640px) 100vw, 640px\" \/>\t\t\t\t\t\t\t\t\t\t\t\t\t<\/p>\n<p>(Foto: @PSG_espanol)<\/p>\n<p>PAR\u00cdS (Agencias).- Kylian Mbapp\u00e9 anot\u00f3 de nuevo en la Liga de Campeones, y el prometedor atacante Bradley Barcola firm\u00f3 el segundo tanto para que el Paris Saint-Germain derrotase el mi\u00e9rcoles 2-0 a la Real Sociedad en el partido de ida por los octavos de final.<\/p>\n<p>Mbapp\u00e9, de 25 a\u00f1os, se uni\u00f3 al PSG en 2017, mediante un acuerdo por 180 millones de euros (193 millones de d\u00f3lares), y desde entonces ha conseguido 243 goles, un r\u00e9cord del club. Barcola, de 21 a\u00f1os, lleg\u00f3 procedente de Lyon mediante un convenio por 50 millones de euros (54 millones de d\u00f3lares), que parec\u00eda oneroso para un futbolista pr\u00e1cticamente desconocido.<\/p>\n<p>Sin embargo, comienza a impresionar con su talento y actitud.<\/p>\n<p>\u201cEstoy realmente feliz esta noche\u201d, dijo Barcola. \u201cEs un sue\u00f1o de mi ni\u00f1ez, convertido en realidad\u201d.<\/p>\n<p>Sin embargo, la Real sali\u00f3 a tutear al campe\u00f3n de Francia y domin\u00f3 el partido durante largos pasajes pese a las ausencias de varios jugadores claves por lesiones. Pero Mbapp\u00e9 apareci\u00f3 a los 58 minutos para marcar diferencias ante el conjunto del Pa\u00eds Vasco.<\/p>\n<p>El primer tanto se gest\u00f3 cuando Marquinhos cabece\u00f3 el tiro de esquina que Ousmane Demb\u00e9l\u00e9 ejecut\u00f3 desde la derecha y Mbapp\u00e9 \u2014 en soledad en el segundo palo \u2014 defini\u00f3 con un remate de volea.<\/p>\n<p>\u201cLes hemos regalado ese primer gol. Creo que son cosas que no nos pueden pasar. Es un partido de Champions contra el PSG, una eliminatoria tan importante, defender un c\u00f3rner con uno menos&#8230; y ah\u00ed nos hemos ido del partido\u201d, lament\u00f3 el t\u00e9cnico del conjunto Txuri-urdin, Imanol Alguacil. \u201cY gracias porque solo hemos encajado dos y ah\u00ed s\u00ed que lo podr\u00edamos haber pagado mucho m\u00e1s caro\u201d,<\/p>\n<p>Minutos despu\u00e9s, otro remate de Mbapp\u00e9 desde el borde del \u00e1rea fue manoteado hacia el travesa\u00f1o por el arquero \u00c1lex Remiro.<\/p>\n<p>Remiro no pudo evitar el segundo a los 70. El veloz Barcola desbord\u00f3 por la izquierda, se quit\u00f3 de encima al lateral derecho Hamari Traor\u00e9 y mand\u00f3 el bal\u00f3n a la red, una anotaci\u00f3n que hizo que el t\u00e9cnico Luis Enrique saltara del banquillo para celebrar.<\/p>\n<p>Real Sociedad se fue sin gol por quinto duelo consecutivo en todas las competiciones.<\/p>\n<p>\u201cLogramos anotar en momentos clave del partido. Tenemos una buena ventaja\u201d, dijo Mbapp\u00e9 a la TV. \u201cNo recibir goles es importante para nosotros. Hemos estado buscando eso en la Liga de Campeones, aunque es verdad que ellos no han anotado mucho recientemente\u201d.<\/p>\n<p>Otro alivio para el PSG fue que Mbapp\u00e9 pudo jugar todo el partido. El atacante no pudo jugar el pasado fin de semana en la liga francesa por una dolencia en el tobillo izquierdo, pero no dio muestras de molestias.<\/p>\n<p>El partido de ida de la serie se jugar\u00e1 el 5 de marzo en San Sebasti\u00e1n.<\/p>\n","protected":false},"excerpt":{"rendered":"<p>(Foto: @PSG_espanol) PAR\u00cdS (Agencias).- Kylian Mbapp\u00e9 anot\u00f3 de nuevo en la Liga de Campeones, y<\/p>\n","protected":false},"author":2,"featured_media":0,"comment_status":"open","ping_status":"open","sticky":false,"template":"","format":"standard","meta":{"_jetpack_memberships_contains_paid_content":false,"footnotes":""},"categories":[14],"tags":[],"class_list":["post-2967","post","type-post","status-publish","format-standard","hentry","category-futbol"],"yoast_head":"<!-- This site is optimized with the Yoast SEO plugin v25.7 - https:\/\/yoast.com\/wordpress\/plugins\/seo\/ -->\n<title>Mbapp\u00e9 da el triunfo al Par\u00eds Saint-German - Esbozo Deportivo<\/title>\n<meta name=\"robots\" content=\"index, follow, max-snippet:-1, max-image-preview:large, max-video-preview:-1\" \/>\n<link rel=\"canonical\" href=\"https:\/\/esbozodeportivo.com\/index.php\/2024\/02\/15\/mbappe-da-el-triunfo-al-paris-saint-german\/\" \/>\n<meta property=\"og:locale\" content=\"es_MX\" \/>\n<meta property=\"og:type\" content=\"article\" \/>\n<meta property=\"og:title\" content=\"Mbapp\u00e9 da el triunfo al Par\u00eds Saint-German - Esbozo Deportivo\" \/>\n<meta property=\"og:description\" content=\"(Foto: @PSG_espanol) PAR\u00cdS (Agencias).- Kylian Mbapp\u00e9 anot\u00f3 de nuevo en la Liga de Campeones, y\" \/>\n<meta property=\"og:url\" content=\"https:\/\/esbozodeportivo.com\/index.php\/2024\/02\/15\/mbappe-da-el-triunfo-al-paris-saint-german\/\" \/>\n<meta property=\"og:site_name\" content=\"Esbozo Deportivo\" \/>\n<meta property=\"article:published_time\" content=\"2024-02-15T20:58:21+00:00\" \/>\n<meta property=\"article:modified_time\" content=\"2024-02-15T20:59:30+00:00\" \/>\n<meta property=\"og:image\" content=\"https:\/\/esbozodeportivo.com\/wp-content\/uploads\/2024\/02\/Paris-819x1024.jpg\" \/>\n<meta name=\"author\" content=\"Javier De La Cruz\" \/>\n<meta name=\"twitter:card\" content=\"summary_large_image\" \/>\n<meta name=\"twitter:label1\" content=\"Escrito por\" \/>\n\t<meta name=\"twitter:data1\" content=\"Javier De La Cruz\" \/>\n\t<meta name=\"twitter:label2\" content=\"Tiempo de lectura\" \/>\n\t<meta name=\"twitter:data2\" content=\"2 minutos\" \/>\n<script type=\"application\/ld+json\" class=\"yoast-schema-graph\">{\"@context\":\"https:\/\/schema.org\",\"@graph\":[{\"@type\":\"Article\",\"@id\":\"https:\/\/esbozodeportivo.com\/index.php\/2024\/02\/15\/mbappe-da-el-triunfo-al-paris-saint-german\/#article\",\"isPartOf\":{\"@id\":\"https:\/\/esbozodeportivo.com\/index.php\/2024\/02\/15\/mbappe-da-el-triunfo-al-paris-saint-german\/\"},\"author\":{\"name\":\"Javier De La Cruz\",\"@id\":\"https:\/\/esbozodeportivo.com\/#\/schema\/person\/7277119c98823aec37bbb84e125efd44\"},\"headline\":\"Mbapp\u00e9 da el triunfo al Par\u00eds Saint-German\",\"datePublished\":\"2024-02-15T20:58:21+00:00\",\"dateModified\":\"2024-02-15T20:59:30+00:00\",\"mainEntityOfPage\":{\"@id\":\"https:\/\/esbozodeportivo.com\/index.php\/2024\/02\/15\/mbappe-da-el-triunfo-al-paris-saint-german\/\"},\"wordCount\":479,\"commentCount\":0,\"publisher\":{\"@id\":\"https:\/\/esbozodeportivo.com\/#organization\"},\"image\":{\"@id\":\"https:\/\/esbozodeportivo.com\/index.php\/2024\/02\/15\/mbappe-da-el-triunfo-al-paris-saint-german\/#primaryimage\"},\"thumbnailUrl\":\"https:\/\/esbozodeportivo.com\/wp-content\/uploads\/2024\/02\/Paris-819x1024.jpg\",\"articleSection\":[\"Futbol Internacional\"],\"inLanguage\":\"es\",\"potentialAction\":[{\"@type\":\"CommentAction\",\"name\":\"Comment\",\"target\":[\"https:\/\/esbozodeportivo.com\/index.php\/2024\/02\/15\/mbappe-da-el-triunfo-al-paris-saint-german\/#respond\"]}]},{\"@type\":\"WebPage\",\"@id\":\"https:\/\/esbozodeportivo.com\/index.php\/2024\/02\/15\/mbappe-da-el-triunfo-al-paris-saint-german\/\",\"url\":\"https:\/\/esbozodeportivo.com\/index.php\/2024\/02\/15\/mbappe-da-el-triunfo-al-paris-saint-german\/\",\"name\":\"Mbapp\u00e9 da el triunfo al Par\u00eds Saint-German - Esbozo Deportivo\",\"isPartOf\":{\"@id\":\"https:\/\/esbozodeportivo.com\/#website\"},\"primaryImageOfPage\":{\"@id\":\"https:\/\/esbozodeportivo.com\/index.php\/2024\/02\/15\/mbappe-da-el-triunfo-al-paris-saint-german\/#primaryimage\"},\"image\":{\"@id\":\"https:\/\/esbozodeportivo.com\/index.php\/2024\/02\/15\/mbappe-da-el-triunfo-al-paris-saint-german\/#primaryimage\"},\"thumbnailUrl\":\"https:\/\/esbozodeportivo.com\/wp-content\/uploads\/2024\/02\/Paris-819x1024.jpg\",\"datePublished\":\"2024-02-15T20:58:21+00:00\",\"dateModified\":\"2024-02-15T20:59:30+00:00\",\"breadcrumb\":{\"@id\":\"https:\/\/esbozodeportivo.com\/index.php\/2024\/02\/15\/mbappe-da-el-triunfo-al-paris-saint-german\/#breadcrumb\"},\"inLanguage\":\"es\",\"potentialAction\":[{\"@type\":\"ReadAction\",\"target\":[\"https:\/\/esbozodeportivo.com\/index.php\/2024\/02\/15\/mbappe-da-el-triunfo-al-paris-saint-german\/\"]}]},{\"@type\":\"ImageObject\",\"inLanguage\":\"es\",\"@id\":\"https:\/\/esbozodeportivo.com\/index.php\/2024\/02\/15\/mbappe-da-el-triunfo-al-paris-saint-german\/#primaryimage\",\"url\":\"https:\/\/esbozodeportivo.com\/wp-content\/uploads\/2024\/02\/Paris.jpg\",\"contentUrl\":\"https:\/\/esbozodeportivo.com\/wp-content\/uploads\/2024\/02\/Paris.jpg\",\"width\":1080,\"height\":1350},{\"@type\":\"BreadcrumbList\",\"@id\":\"https:\/\/esbozodeportivo.com\/index.php\/2024\/02\/15\/mbappe-da-el-triunfo-al-paris-saint-german\/#breadcrumb\",\"itemListElement\":[{\"@type\":\"ListItem\",\"position\":1,\"name\":\"Inicio\",\"item\":\"https:\/\/esbozodeportivo.com\/\"},{\"@type\":\"ListItem\",\"position\":2,\"name\":\"Mbapp\u00e9 da el triunfo al Par\u00eds Saint-German\"}]},{\"@type\":\"WebSite\",\"@id\":\"https:\/\/esbozodeportivo.com\/#website\",\"url\":\"https:\/\/esbozodeportivo.com\/\",\"name\":\"Esbozo Deportivo\",\"description\":\"Lo m\u00e1s importante del Deporte\",\"publisher\":{\"@id\":\"https:\/\/esbozodeportivo.com\/#organization\"},\"potentialAction\":[{\"@type\":\"SearchAction\",\"target\":{\"@type\":\"EntryPoint\",\"urlTemplate\":\"https:\/\/esbozodeportivo.com\/?s={search_term_string}\"},\"query-input\":{\"@type\":\"PropertyValueSpecification\",\"valueRequired\":true,\"valueName\":\"search_term_string\"}}],\"inLanguage\":\"es\"},{\"@type\":\"Organization\",\"@id\":\"https:\/\/esbozodeportivo.com\/#organization\",\"name\":\"Esbozo Deportivo\",\"url\":\"https:\/\/esbozodeportivo.com\/\",\"logo\":{\"@type\":\"ImageObject\",\"inLanguage\":\"es\",\"@id\":\"https:\/\/esbozodeportivo.com\/#\/schema\/logo\/image\/\",\"url\":\"https:\/\/esbozodeportivo.com\/wp-content\/uploads\/2022\/08\/cropped-Logo-Esbozo-Web-2.png\",\"contentUrl\":\"https:\/\/esbozodeportivo.com\/wp-content\/uploads\/2022\/08\/cropped-Logo-Esbozo-Web-2.png\",\"width\":180,\"height\":50,\"caption\":\"Esbozo Deportivo\"},\"image\":{\"@id\":\"https:\/\/esbozodeportivo.com\/#\/schema\/logo\/image\/\"}},{\"@type\":\"Person\",\"@id\":\"https:\/\/esbozodeportivo.com\/#\/schema\/person\/7277119c98823aec37bbb84e125efd44\",\"name\":\"Javier De La Cruz\",\"image\":{\"@type\":\"ImageObject\",\"inLanguage\":\"es\",\"@id\":\"https:\/\/esbozodeportivo.com\/#\/schema\/person\/image\/\",\"url\":\"https:\/\/secure.gravatar.com\/avatar\/366235a56d20f1a6e8e3d0b295897639357bea880470ddf261d17bb0bc052eb1?s=96&d=mm&r=g\",\"contentUrl\":\"https:\/\/secure.gravatar.com\/avatar\/366235a56d20f1a6e8e3d0b295897639357bea880470ddf261d17bb0bc052eb1?s=96&d=mm&r=g\",\"caption\":\"Javier De La Cruz\"},\"url\":\"https:\/\/esbozodeportivo.com\/index.php\/author\/javier-de-la-cruz-de-la-cruz\/\"}]}<\/script>\n<!-- \/ Yoast SEO plugin. -->","yoast_head_json":{"title":"Mbapp\u00e9 da el triunfo al Par\u00eds Saint-German - Esbozo Deportivo","robots":{"index":"index","follow":"follow","max-snippet":"max-snippet:-1","max-image-preview":"max-image-preview:large","max-video-preview":"max-video-preview:-1"},"canonical":"https:\/\/esbozodeportivo.com\/index.php\/2024\/02\/15\/mbappe-da-el-triunfo-al-paris-saint-german\/","og_locale":"es_MX","og_type":"article","og_title":"Mbapp\u00e9 da el triunfo al Par\u00eds Saint-German - Esbozo Deportivo","og_description":"(Foto: @PSG_espanol) PAR\u00cdS (Agencias).- Kylian Mbapp\u00e9 anot\u00f3 de nuevo en la Liga de Campeones, y","og_url":"https:\/\/esbozodeportivo.com\/index.php\/2024\/02\/15\/mbappe-da-el-triunfo-al-paris-saint-german\/","og_site_name":"Esbozo Deportivo","article_published_time":"2024-02-15T20:58:21+00:00","article_modified_time":"2024-02-15T20:59:30+00:00","og_image":[{"url":"https:\/\/esbozodeportivo.com\/wp-content\/uploads\/2024\/02\/Paris-819x1024.jpg","type":"","width":"","height":""}],"author":"Javier De La Cruz","twitter_card":"summary_large_image","twitter_misc":{"Escrito por":"Javier De La Cruz","Tiempo de lectura":"2 minutos"},"schema":{"@context":"https:\/\/schema.org","@graph":[{"@type":"Article","@id":"https:\/\/esbozodeportivo.com\/index.php\/2024\/02\/15\/mbappe-da-el-triunfo-al-paris-saint-german\/#article","isPartOf":{"@id":"https:\/\/esbozodeportivo.com\/index.php\/2024\/02\/15\/mbappe-da-el-triunfo-al-paris-saint-german\/"},"author":{"name":"Javier De La Cruz","@id":"https:\/\/esbozodeportivo.com\/#\/schema\/person\/7277119c98823aec37bbb84e125efd44"},"headline":"Mbapp\u00e9 da el triunfo al Par\u00eds Saint-German","datePublished":"2024-02-15T20:58:21+00:00","dateModified":"2024-02-15T20:59:30+00:00","mainEntityOfPage":{"@id":"https:\/\/esbozodeportivo.com\/index.php\/2024\/02\/15\/mbappe-da-el-triunfo-al-paris-saint-german\/"},"wordCount":479,"commentCount":0,"publisher":{"@id":"https:\/\/esbozodeportivo.com\/#organization"},"image":{"@id":"https:\/\/esbozodeportivo.com\/index.php\/2024\/02\/15\/mbappe-da-el-triunfo-al-paris-saint-german\/#primaryimage"},"thumbnailUrl":"https:\/\/esbozodeportivo.com\/wp-content\/uploads\/2024\/02\/Paris-819x1024.jpg","articleSection":["Futbol Internacional"],"inLanguage":"es","potentialAction":[{"@type":"CommentAction","name":"Comment","target":["https:\/\/esbozodeportivo.com\/index.php\/2024\/02\/15\/mbappe-da-el-triunfo-al-paris-saint-german\/#respond"]}]},{"@type":"WebPage","@id":"https:\/\/esbozodeportivo.com\/index.php\/2024\/02\/15\/mbappe-da-el-triunfo-al-paris-saint-german\/","url":"https:\/\/esbozodeportivo.com\/index.php\/2024\/02\/15\/mbappe-da-el-triunfo-al-paris-saint-german\/","name":"Mbapp\u00e9 da el triunfo al Par\u00eds Saint-German - Esbozo Deportivo","isPartOf":{"@id":"https:\/\/esbozodeportivo.com\/#website"},"primaryImageOfPage":{"@id":"https:\/\/esbozodeportivo.com\/index.php\/2024\/02\/15\/mbappe-da-el-triunfo-al-paris-saint-german\/#primaryimage"},"image":{"@id":"https:\/\/esbozodeportivo.com\/index.php\/2024\/02\/15\/mbappe-da-el-triunfo-al-paris-saint-german\/#primaryimage"},"thumbnailUrl":"https:\/\/esbozodeportivo.com\/wp-content\/uploads\/2024\/02\/Paris-819x1024.jpg","datePublished":"2024-02-15T20:58:21+00:00","dateModified":"2024-02-15T20:59:30+00:00","breadcrumb":{"@id":"https:\/\/esbozodeportivo.com\/index.php\/2024\/02\/15\/mbappe-da-el-triunfo-al-paris-saint-german\/#breadcrumb"},"inLanguage":"es","potentialAction":[{"@type":"ReadAction","target":["https:\/\/esbozodeportivo.com\/index.php\/2024\/02\/15\/mbappe-da-el-triunfo-al-paris-saint-german\/"]}]},{"@type":"ImageObject","inLanguage":"es","@id":"https:\/\/esbozodeportivo.com\/index.php\/2024\/02\/15\/mbappe-da-el-triunfo-al-paris-saint-german\/#primaryimage","url":"https:\/\/esbozodeportivo.com\/wp-content\/uploads\/2024\/02\/Paris.jpg","contentUrl":"https:\/\/esbozodeportivo.com\/wp-content\/uploads\/2024\/02\/Paris.jpg","width":1080,"height":1350},{"@type":"BreadcrumbList","@id":"https:\/\/esbozodeportivo.com\/index.php\/2024\/02\/15\/mbappe-da-el-triunfo-al-paris-saint-german\/#breadcrumb","itemListElement":[{"@type":"ListItem","position":1,"name":"Inicio","item":"https:\/\/esbozodeportivo.com\/"},{"@type":"ListItem","position":2,"name":"Mbapp\u00e9 da el triunfo al Par\u00eds Saint-German"}]},{"@type":"WebSite","@id":"https:\/\/esbozodeportivo.com\/#website","url":"https:\/\/esbozodeportivo.com\/","name":"Esbozo Deportivo","description":"Lo m\u00e1s importante del Deporte","publisher":{"@id":"https:\/\/esbozodeportivo.com\/#organization"},"potentialAction":[{"@type":"SearchAction","target":{"@type":"EntryPoint","urlTemplate":"https:\/\/esbozodeportivo.com\/?s={search_term_string}"},"query-input":{"@type":"PropertyValueSpecification","valueRequired":true,"valueName":"search_term_string"}}],"inLanguage":"es"},{"@type":"Organization","@id":"https:\/\/esbozodeportivo.com\/#organization","name":"Esbozo Deportivo","url":"https:\/\/esbozodeportivo.com\/","logo":{"@type":"ImageObject","inLanguage":"es","@id":"https:\/\/esbozodeportivo.com\/#\/schema\/logo\/image\/","url":"https:\/\/esbozodeportivo.com\/wp-content\/uploads\/2022\/08\/cropped-Logo-Esbozo-Web-2.png","contentUrl":"https:\/\/esbozodeportivo.com\/wp-content\/uploads\/2022\/08\/cropped-Logo-Esbozo-Web-2.png","width":180,"height":50,"caption":"Esbozo Deportivo"},"image":{"@id":"https:\/\/esbozodeportivo.com\/#\/schema\/logo\/image\/"}},{"@type":"Person","@id":"https:\/\/esbozodeportivo.com\/#\/schema\/person\/7277119c98823aec37bbb84e125efd44","name":"Javier De La Cruz","image":{"@type":"ImageObject","inLanguage":"es","@id":"https:\/\/esbozodeportivo.com\/#\/schema\/person\/image\/","url":"https:\/\/secure.gravatar.com\/avatar\/366235a56d20f1a6e8e3d0b295897639357bea880470ddf261d17bb0bc052eb1?s=96&d=mm&r=g","contentUrl":"https:\/\/secure.gravatar.com\/avatar\/366235a56d20f1a6e8e3d0b295897639357bea880470ddf261d17bb0bc052eb1?s=96&d=mm&r=g","caption":"Javier De La Cruz"},"url":"https:\/\/esbozodeportivo.com\/index.php\/author\/javier-de-la-cruz-de-la-cruz\/"}]}},"jetpack_featured_media_url":"","jetpack_sharing_enabled":true,"_links":{"self":[{"href":"https:\/\/esbozodeportivo.com\/index.php\/wp-json\/wp\/v2\/posts\/2967","targetHints":{"allow":["GET"]}}],"collection":[{"href":"https:\/\/esbozodeportivo.com\/index.php\/wp-json\/wp\/v2\/posts"}],"about":[{"href":"https:\/\/esbozodeportivo.com\/index.php\/wp-json\/wp\/v2\/types\/post"}],"author":[{"embeddable":true,"href":"https:\/\/esbozodeportivo.com\/index.php\/wp-json\/wp\/v2\/users\/2"}],"replies":[{"embeddable":true,"href":"https:\/\/esbozodeportivo.com\/index.php\/wp-json\/wp\/v2\/comments?post=2967"}],"version-history":[{"count":4,"href":"https:\/\/esbozodeportivo.com\/index.php\/wp-json\/wp\/v2\/posts\/2967\/revisions"}],"predecessor-version":[{"id":2971,"href":"https:\/\/esbozodeportivo.com\/index.php\/wp-json\/wp\/v2\/posts\/2967\/revisions\/2971"}],"wp:attachment":[{"href":"https:\/\/esbozodeportivo.com\/index.php\/wp-json\/wp\/v2\/media?parent=2967"}],"wp:term":[{"taxonomy":"category","embeddable":true,"href":"https:\/\/esbozodeportivo.com\/index.php\/wp-json\/wp\/v2\/categories?post=2967"},{"taxonomy":"post_tag","embeddable":true,"href":"https:\/\/esbozodeportivo.com\/index.php\/wp-json\/wp\/v2\/tags?post=2967"}],"curies":[{"name":"wp","href":"https:\/\/api.w.org\/{rel}","templated":true}]}}