{"id":2978,"date":"2024-02-15T21:02:47","date_gmt":"2024-02-15T21:02:47","guid":{"rendered":"https:\/\/esbozodeportivo.com\/?p=2978"},"modified":"2024-02-15T21:05:30","modified_gmt":"2024-02-15T21:05:30","slug":"mexico-se-coloca-en-el-onceavo-lugar-en-el-mundo","status":"publish","type":"post","link":"https:\/\/esbozodeportivo.com\/index.php\/2024\/02\/15\/mexico-se-coloca-en-el-onceavo-lugar-en-el-mundo\/","title":{"rendered":"M\u00e9xico se coloca en el Onceavo lugar en el Mundo"},"content":{"rendered":"<style>\/*! elementor - v3.19.0 - 07-02-2024 *\/\n.elementor-widget-image{text-align:center}.elementor-widget-image a{display:inline-block}.elementor-widget-image a img[src$=\".svg\"]{width:48px}.elementor-widget-image img{vertical-align:middle;display:inline-block}<\/style>\n<p>\t\t\t\t\t\t\t\t\t\t<img loading=\"lazy\" decoding=\"async\" width=\"640\" height=\"394\" src=\"https:\/\/esbozodeportivo.com\/wp-content\/uploads\/2024\/02\/Natacion3-1024x631.jpg\" alt=\"\" srcset=\"https:\/\/esbozodeportivo.com\/wp-content\/uploads\/2024\/02\/Natacion3-1024x631.jpg 1024w, https:\/\/esbozodeportivo.com\/wp-content\/uploads\/2024\/02\/Natacion3-300x185.jpg 300w, https:\/\/esbozodeportivo.com\/wp-content\/uploads\/2024\/02\/Natacion3-768x473.jpg 768w, https:\/\/esbozodeportivo.com\/wp-content\/uploads\/2024\/02\/Natacion3.jpg 1170w\" sizes=\"auto, (max-width: 640px) 100vw, 640px\" \/>\t\t\t\t\t\t\t\t\t\t\t\t\t<\/p>\n<p>(Foto: acu\u00e1ticanelsonvargas)<\/p>\n<p>Dos semifinales se acaban de realizar en el marco del XXI Campeonato Mundial de Nataci\u00f3n, realizado en Doha \u2013 Catar, competencias que se organizaron para las 16 mejores atletas del planeta en la prueba de 200 m mariposa \u2013 damas, donde M\u00e9xico hizo presencia.<\/p>\n<p>La integrante de <strong><em>acu\u00e1tica nelsonvargas<\/em><\/strong>, Mar\u00eda Jos\u00e9 Mata Cocco, por su tiempo en las preliminares integr\u00f3 la semifinal 2, donde se enfrent\u00f3 a las representantes, de: Serbia, Singapur, Tailandia, Portugal, Grecia, Croacia y Finlandia. Con su resultado, nuestra representante se ubic\u00f3 en la posici\u00f3n 11\u00b0 de la prueba, esto al detener el cronometro, en: 2.11.17, un gran logr\u00f3 para una deportista de nuestro pa\u00eds que ha vivido en los \u00faltimos a\u00f1os todas las dificultades de apoyo y gesti\u00f3n para ocuparse exclusivamente de lo que debe hacer un atleta, la preparaci\u00f3n y competencia<\/p>\n<h5><u>Semifinales mundialistas \u2013 200 m mariposa: <\/u><\/h5>\n<table>\n<tbody>\n<tr>\n<td width=\"91\">\n<h5><strong>POSICI\u00d3N<\/strong><\/h5>\n<\/td>\n<td width=\"117\">\n<h5><strong>PA\u00cdS<\/strong><\/h5>\n<\/td>\n<td width=\"180\">\n<h5><strong>NOMBRE<\/strong><\/h5>\n<\/td>\n<td width=\"76\">\n<h5><strong>TIEMPO<\/strong><\/h5>\n<\/td>\n<\/tr>\n<tr>\n<td colspan=\"4\" width=\"463\">\n<h5><strong>SEMIFINAL 1<\/strong><\/h5>\n<\/td>\n<\/tr>\n<tr>\n<td width=\"91\">\n<h5>1<\/h5>\n<\/td>\n<td width=\"117\">\n<h5>Dinamarca<\/h5>\n<\/td>\n<td width=\"180\">\n<h5>Helena Rosendahl Bach<\/h5>\n<\/td>\n<td width=\"76\">\n<h5>2.07.45<\/h5>\n<\/td>\n<\/tr>\n<tr>\n<td width=\"91\">\n<h5>2<\/h5>\n<\/td>\n<td width=\"117\">\n<h5>Estados Unidos<\/h5>\n<\/td>\n<td width=\"180\">\n<h5>Rachel Klinker<\/h5>\n<\/td>\n<td width=\"76\">\n<h5>2.07.70<\/h5>\n<\/td>\n<\/tr>\n<tr>\n<td width=\"91\">\n<h5>3<\/h5>\n<\/td>\n<td width=\"117\">\n<h5>Gran Breta\u00f1a<\/h5>\n<\/td>\n<td width=\"180\">\n<h5>Laura Stephens<\/h5>\n<\/td>\n<td width=\"76\">\n<h5>2.07.97<\/h5>\n<\/td>\n<\/tr>\n<tr>\n<td width=\"91\">\n<h5>4<\/h5>\n<\/td>\n<td width=\"117\">\n<h5>Hungr\u00eda<\/h5>\n<\/td>\n<td width=\"180\">\n<h5>Boglarka Kapas<\/h5>\n<\/td>\n<td width=\"76\">\n<h5>2.08.48<\/h5>\n<\/td>\n<\/tr>\n<tr>\n<td width=\"91\">\n<h5>5<\/h5>\n<\/td>\n<td width=\"117\">\n<h5>China<\/h5>\n<\/td>\n<td width=\"180\">\n<h5>Yonghui Ma<\/h5>\n<\/td>\n<td width=\"76\">\n<h5>2.08.73<\/h5>\n<\/td>\n<\/tr>\n<tr>\n<td width=\"91\">\n<h5>6<\/h5>\n<\/td>\n<td width=\"117\">\n<h5>Hungr\u00eda<\/h5>\n<\/td>\n<td width=\"180\">\n<h5>Dalma Sebestyen<\/h5>\n<\/td>\n<td width=\"76\">\n<h5>2.09.14<\/h5>\n<\/td>\n<\/tr>\n<tr>\n<td width=\"91\">\n<h5>7<\/h5>\n<\/td>\n<td width=\"117\">\n<h5>Corea del Sur<\/h5>\n<\/td>\n<td width=\"180\">\n<h5>Sujin Park<\/h5>\n<\/td>\n<td width=\"76\">\n<h5>2.09.22<\/h5>\n<\/td>\n<\/tr>\n<tr>\n<td width=\"91\">\n<h5>8<\/h5>\n<\/td>\n<td width=\"117\">\n<h5>Bosnia<\/h5>\n<\/td>\n<td width=\"180\">\n<h5>Lana Pudar<\/h5>\n<\/td>\n<td width=\"76\">\n<h5>2.09.42<\/h5>\n<\/td>\n<\/tr>\n<tr>\n<td colspan=\"4\" width=\"463\">\n<h5><strong>SEMIFINAL 2 <\/strong><\/h5>\n<\/td>\n<\/tr>\n<tr>\n<td width=\"91\">\n<h5>9<\/h5>\n<\/td>\n<td width=\"117\">\n<h5>Serbia<\/h5>\n<\/td>\n<td width=\"180\">\n<h5>Anja Crevar<\/h5>\n<\/td>\n<td width=\"76\">\n<h5>2.10.23<\/h5>\n<\/td>\n<\/tr>\n<tr>\n<td width=\"91\">\n<h5>10<\/h5>\n<\/td>\n<td width=\"117\">\n<h5>Singapur<\/h5>\n<\/td>\n<td width=\"180\">\n<h5>Jin Wen Quah<\/h5>\n<\/td>\n<td width=\"76\">\n<h5>2.10.31<\/h5>\n<\/td>\n<\/tr>\n<tr>\n<td width=\"91\">\n<h5>11<\/h5>\n<\/td>\n<td width=\"117\">\n<h5>M\u00e9xico<\/h5>\n<\/td>\n<td width=\"180\">\n<h5>Mar\u00eda Jos\u00e9 Mata Cocco<\/h5>\n<\/td>\n<td width=\"76\">\n<h5>2.11.17<\/h5>\n<\/td>\n<\/tr>\n<tr>\n<td width=\"91\">\n<h5>12<\/h5>\n<\/td>\n<td width=\"117\">\n<h5>Tailandia<\/h5>\n<\/td>\n<td width=\"180\">\n<h5>Kamonchanok Kwanmuang<\/h5>\n<\/td>\n<td width=\"76\">\n<h5>2.12.14<\/h5>\n<\/td>\n<\/tr>\n<tr>\n<td width=\"91\">\n<h5>13<\/h5>\n<\/td>\n<td width=\"117\">\n<h5>Portugal<\/h5>\n<\/td>\n<td width=\"180\">\n<h5>Mariana Pacheco Cunha<\/h5>\n<\/td>\n<td width=\"76\">\n<h5>2.12.52<\/h5>\n<\/td>\n<\/tr>\n<tr>\n<td width=\"91\">\n<h5>14<\/h5>\n<\/td>\n<td width=\"117\">\n<h5>Grecia<\/h5>\n<\/td>\n<td width=\"180\">\n<h5>Georgia Damasioti<\/h5>\n<\/td>\n<td width=\"76\">\n<h5>2.13.07<\/h5>\n<\/td>\n<\/tr>\n<tr>\n<td width=\"91\">\n<h5>15<\/h5>\n<\/td>\n<td width=\"117\">\n<h5>Croacia<\/h5>\n<\/td>\n<td width=\"180\">\n<h5>Amina Kajtaz<\/h5>\n<\/td>\n<td width=\"76\">\n<h5>2.13.14<\/h5>\n<\/td>\n<\/tr>\n<tr>\n<td width=\"91\">\n<h5>16<\/h5>\n<\/td>\n<td width=\"117\">\n<h5>Finlandia<\/h5>\n<\/td>\n<td width=\"180\">\n<h5>Laura Lahtinen<\/h5>\n<\/td>\n<td width=\"76\">\n<h5>2.14.12<\/h5>\n<\/td>\n<\/tr>\n<\/tbody>\n<\/table>\n<h5>\u00a0<\/h5>\n<h5><u>Programaci\u00f3n: <\/u><\/h5>\n<table>\n<tbody>\n<tr>\n<td width=\"132\">\n<h5><strong>FECHA<\/strong><\/h5>\n<\/td>\n<td width=\"153\">\n<h5><strong>PRUEBA<\/strong><\/h5>\n<\/td>\n<td width=\"225\">\n<h5><strong>NOMBRE<\/strong><\/h5>\n<\/td>\n<td width=\"67\">\n<h5><strong>EDAD<\/strong><\/h5>\n<\/td>\n<\/tr>\n<tr>\n<td width=\"132\">\n<h5>Febrero 15. 01.03 h<\/h5>\n<\/td>\n<td width=\"153\">\n<h5>200 m espalda<\/h5>\n<\/td>\n<td width=\"225\">\n<h5>Diego Camacho Salgado<\/h5>\n<\/td>\n<td width=\"67\">\n<h5>21<\/h5>\n<\/td>\n<\/tr>\n<tr>\n<td width=\"132\">\n<h5>Febrero 15. 01.15 h<\/h5>\n<\/td>\n<td width=\"153\">\n<h5>200 m pecho<\/h5>\n<\/td>\n<td width=\"225\">\n<h5>Byanca Melissa Rodr\u00edguez V.<\/h5>\n<\/td>\n<td width=\"67\">\n<h5>29<\/h5>\n<\/td>\n<\/tr>\n<tr>\n<td width=\"132\">\n<h5>Febrero 15. 01.40 h<\/h5>\n<\/td>\n<td width=\"153\">\n<h5>200 m pecho<\/h5>\n<\/td>\n<td width=\"225\">\n<h5>Miguel Alejandro De Lara Ojeda<\/h5>\n<\/td>\n<td width=\"67\">\n<h5>29<\/h5>\n<\/td>\n<\/tr>\n<tr>\n<td width=\"132\">\n<h5>Febrero 16. 00.49 h<\/h5>\n<\/td>\n<td width=\"153\">\n<h5>100 m mariposa<\/h5>\n<\/td>\n<td width=\"225\">\n<h5>Jorge Iga<\/h5>\n<\/td>\n<td width=\"67\">\n<h5>27<\/h5>\n<\/td>\n<\/tr>\n<tr>\n<td width=\"132\">\n<h5>Febrero 16. 01.46 h<\/h5>\n<\/td>\n<td width=\"153\">\n<h5>50 m mariposa<\/h5>\n<\/td>\n<td width=\"225\">\n<h5>Tayde Sandores<\/h5>\n<\/td>\n<td width=\"67\">\n<h5>24<\/h5>\n<\/td>\n<\/tr>\n<tr>\n<td width=\"132\">\n<h5>Febrero 16. 01.59 h<\/h5>\n<\/td>\n<td width=\"153\">\n<h5>4&#215;200 m relevo libre<\/h5>\n<\/td>\n<td width=\"225\">\n<h5>M\u00e9xico<\/h5>\n<\/td>\n<td width=\"67\">\n<h5>\u00a0<\/h5>\n<\/td>\n<\/tr>\n<tr>\n<td width=\"132\">\n<h5>Febrero 17. 00.54 h<\/h5>\n<\/td>\n<td width=\"153\">\n<h5>50 m libre<\/h5>\n<\/td>\n<td width=\"225\">\n<h5>Tayde Ana Sofia Revilak Fonseca<\/h5>\n<\/td>\n<td width=\"67\">\n<h5>26<\/h5>\n<\/td>\n<\/tr>\n<tr>\n<td width=\"132\">\n<h5>Febrero 17. 01.05 h<\/h5>\n<\/td>\n<td width=\"153\">\n<h5>50 m espalda<\/h5>\n<\/td>\n<td width=\"225\">\n<h5>Diego Camacho Salgado<\/h5>\n<\/td>\n<td width=\"67\">\n<h5>21<\/h5>\n<\/td>\n<\/tr>\n<tr>\n<td width=\"132\">\n<h5>Febrero 17. 01.12 h<\/h5>\n<\/td>\n<td width=\"153\">\n<h5>50 m pecho<\/h5>\n<\/td>\n<td width=\"225\">\n<h5>Byanca Melissa Rodr\u00edguez V.<\/h5>\n<\/td>\n<td width=\"67\">\n<h5>29<\/h5>\n<\/td>\n<\/tr>\n<tr>\n<td width=\"132\">\n<h5>Febrero 17. 01.55 h<\/h5>\n<\/td>\n<td width=\"153\">\n<h5>1500 m libre<\/h5>\n<\/td>\n<td width=\"225\">\n<h5>Dylan Robert Porges \u00c1vila<\/h5>\n<\/td>\n<td width=\"67\">\n<h5>23<\/h5>\n<\/td>\n<\/tr>\n<tr>\n<td width=\"132\">\n<h5>Febrero 18. 01.14<\/h5>\n<\/td>\n<td width=\"153\">\n<h5>4&#215;100 relevo combinado<\/h5>\n<\/td>\n<td width=\"225\">\n<h5>M\u00e9xico varones<\/h5>\n<\/td>\n<td width=\"67\">\n<h5>\u00a0<\/h5>\n<\/td>\n<\/tr>\n<tr>\n<td width=\"132\">\n<h5>Febrero 18. 01.31<\/h5>\n<\/td>\n<td width=\"153\">\n<h5>4&#215;100 relevo combinado<\/h5>\n<\/td>\n<td width=\"225\">\n<h5>M\u00e9xico damas<\/h5>\n<\/td>\n<td width=\"67\">\n<p>\u00a0<\/p>\n<\/td>\n<\/tr>\n<\/tbody>\n<\/table>\n<p>\u00a0<\/p>\n","protected":false},"excerpt":{"rendered":"<p>(Foto: acu\u00e1ticanelsonvargas) Dos semifinales se acaban de realizar en el marco del XXI Campeonato Mundial<\/p>\n","protected":false},"author":2,"featured_media":0,"comment_status":"open","ping_status":"open","sticky":false,"template":"","format":"standard","meta":{"_jetpack_memberships_contains_paid_content":false,"footnotes":""},"categories":[5],"tags":[],"class_list":["post-2978","post","type-post","status-publish","format-standard","hentry","category-amateur"],"yoast_head":"<!-- This site is optimized with the Yoast SEO plugin v25.7 - https:\/\/yoast.com\/wordpress\/plugins\/seo\/ -->\n<title>M\u00e9xico se coloca en el Onceavo lugar en el Mundo - Esbozo Deportivo<\/title>\n<meta name=\"robots\" content=\"index, follow, max-snippet:-1, max-image-preview:large, max-video-preview:-1\" \/>\n<link rel=\"canonical\" href=\"https:\/\/esbozodeportivo.com\/index.php\/2024\/02\/15\/mexico-se-coloca-en-el-onceavo-lugar-en-el-mundo\/\" \/>\n<meta property=\"og:locale\" content=\"es_MX\" \/>\n<meta property=\"og:type\" content=\"article\" \/>\n<meta property=\"og:title\" content=\"M\u00e9xico se coloca en el Onceavo lugar en el Mundo - Esbozo Deportivo\" \/>\n<meta property=\"og:description\" content=\"(Foto: acu\u00e1ticanelsonvargas) Dos semifinales se acaban de realizar en el marco del XXI Campeonato Mundial\" \/>\n<meta property=\"og:url\" content=\"https:\/\/esbozodeportivo.com\/index.php\/2024\/02\/15\/mexico-se-coloca-en-el-onceavo-lugar-en-el-mundo\/\" \/>\n<meta property=\"og:site_name\" content=\"Esbozo Deportivo\" \/>\n<meta property=\"article:published_time\" content=\"2024-02-15T21:02:47+00:00\" \/>\n<meta property=\"article:modified_time\" content=\"2024-02-15T21:05:30+00:00\" \/>\n<meta property=\"og:image\" content=\"https:\/\/esbozodeportivo.com\/wp-content\/uploads\/2024\/02\/Natacion3-1024x631.jpg\" \/>\n<meta name=\"author\" content=\"Javier De La Cruz\" \/>\n<meta name=\"twitter:card\" content=\"summary_large_image\" \/>\n<meta name=\"twitter:label1\" content=\"Escrito por\" \/>\n\t<meta name=\"twitter:data1\" content=\"Javier De La Cruz\" \/>\n\t<meta name=\"twitter:label2\" content=\"Tiempo de lectura\" \/>\n\t<meta name=\"twitter:data2\" content=\"1 minuto\" \/>\n<script type=\"application\/ld+json\" class=\"yoast-schema-graph\">{\"@context\":\"https:\/\/schema.org\",\"@graph\":[{\"@type\":\"Article\",\"@id\":\"https:\/\/esbozodeportivo.com\/index.php\/2024\/02\/15\/mexico-se-coloca-en-el-onceavo-lugar-en-el-mundo\/#article\",\"isPartOf\":{\"@id\":\"https:\/\/esbozodeportivo.com\/index.php\/2024\/02\/15\/mexico-se-coloca-en-el-onceavo-lugar-en-el-mundo\/\"},\"author\":{\"name\":\"Javier De La Cruz\",\"@id\":\"https:\/\/esbozodeportivo.com\/#\/schema\/person\/7277119c98823aec37bbb84e125efd44\"},\"headline\":\"M\u00e9xico se coloca en el Onceavo lugar en el Mundo\",\"datePublished\":\"2024-02-15T21:02:47+00:00\",\"dateModified\":\"2024-02-15T21:05:30+00:00\",\"mainEntityOfPage\":{\"@id\":\"https:\/\/esbozodeportivo.com\/index.php\/2024\/02\/15\/mexico-se-coloca-en-el-onceavo-lugar-en-el-mundo\/\"},\"wordCount\":324,\"commentCount\":0,\"publisher\":{\"@id\":\"https:\/\/esbozodeportivo.com\/#organization\"},\"image\":{\"@id\":\"https:\/\/esbozodeportivo.com\/index.php\/2024\/02\/15\/mexico-se-coloca-en-el-onceavo-lugar-en-el-mundo\/#primaryimage\"},\"thumbnailUrl\":\"https:\/\/esbozodeportivo.com\/wp-content\/uploads\/2024\/02\/Natacion3-1024x631.jpg\",\"articleSection\":[\"Amateur\"],\"inLanguage\":\"es\",\"potentialAction\":[{\"@type\":\"CommentAction\",\"name\":\"Comment\",\"target\":[\"https:\/\/esbozodeportivo.com\/index.php\/2024\/02\/15\/mexico-se-coloca-en-el-onceavo-lugar-en-el-mundo\/#respond\"]}]},{\"@type\":\"WebPage\",\"@id\":\"https:\/\/esbozodeportivo.com\/index.php\/2024\/02\/15\/mexico-se-coloca-en-el-onceavo-lugar-en-el-mundo\/\",\"url\":\"https:\/\/esbozodeportivo.com\/index.php\/2024\/02\/15\/mexico-se-coloca-en-el-onceavo-lugar-en-el-mundo\/\",\"name\":\"M\u00e9xico se coloca en el Onceavo lugar en el Mundo - Esbozo Deportivo\",\"isPartOf\":{\"@id\":\"https:\/\/esbozodeportivo.com\/#website\"},\"primaryImageOfPage\":{\"@id\":\"https:\/\/esbozodeportivo.com\/index.php\/2024\/02\/15\/mexico-se-coloca-en-el-onceavo-lugar-en-el-mundo\/#primaryimage\"},\"image\":{\"@id\":\"https:\/\/esbozodeportivo.com\/index.php\/2024\/02\/15\/mexico-se-coloca-en-el-onceavo-lugar-en-el-mundo\/#primaryimage\"},\"thumbnailUrl\":\"https:\/\/esbozodeportivo.com\/wp-content\/uploads\/2024\/02\/Natacion3-1024x631.jpg\",\"datePublished\":\"2024-02-15T21:02:47+00:00\",\"dateModified\":\"2024-02-15T21:05:30+00:00\",\"breadcrumb\":{\"@id\":\"https:\/\/esbozodeportivo.com\/index.php\/2024\/02\/15\/mexico-se-coloca-en-el-onceavo-lugar-en-el-mundo\/#breadcrumb\"},\"inLanguage\":\"es\",\"potentialAction\":[{\"@type\":\"ReadAction\",\"target\":[\"https:\/\/esbozodeportivo.com\/index.php\/2024\/02\/15\/mexico-se-coloca-en-el-onceavo-lugar-en-el-mundo\/\"]}]},{\"@type\":\"ImageObject\",\"inLanguage\":\"es\",\"@id\":\"https:\/\/esbozodeportivo.com\/index.php\/2024\/02\/15\/mexico-se-coloca-en-el-onceavo-lugar-en-el-mundo\/#primaryimage\",\"url\":\"https:\/\/esbozodeportivo.com\/wp-content\/uploads\/2024\/02\/Natacion3.jpg\",\"contentUrl\":\"https:\/\/esbozodeportivo.com\/wp-content\/uploads\/2024\/02\/Natacion3.jpg\",\"width\":1170,\"height\":721},{\"@type\":\"BreadcrumbList\",\"@id\":\"https:\/\/esbozodeportivo.com\/index.php\/2024\/02\/15\/mexico-se-coloca-en-el-onceavo-lugar-en-el-mundo\/#breadcrumb\",\"itemListElement\":[{\"@type\":\"ListItem\",\"position\":1,\"name\":\"Inicio\",\"item\":\"https:\/\/esbozodeportivo.com\/\"},{\"@type\":\"ListItem\",\"position\":2,\"name\":\"M\u00e9xico se coloca en el Onceavo lugar en el Mundo\"}]},{\"@type\":\"WebSite\",\"@id\":\"https:\/\/esbozodeportivo.com\/#website\",\"url\":\"https:\/\/esbozodeportivo.com\/\",\"name\":\"Esbozo Deportivo\",\"description\":\"Lo m\u00e1s importante del Deporte\",\"publisher\":{\"@id\":\"https:\/\/esbozodeportivo.com\/#organization\"},\"potentialAction\":[{\"@type\":\"SearchAction\",\"target\":{\"@type\":\"EntryPoint\",\"urlTemplate\":\"https:\/\/esbozodeportivo.com\/?s={search_term_string}\"},\"query-input\":{\"@type\":\"PropertyValueSpecification\",\"valueRequired\":true,\"valueName\":\"search_term_string\"}}],\"inLanguage\":\"es\"},{\"@type\":\"Organization\",\"@id\":\"https:\/\/esbozodeportivo.com\/#organization\",\"name\":\"Esbozo Deportivo\",\"url\":\"https:\/\/esbozodeportivo.com\/\",\"logo\":{\"@type\":\"ImageObject\",\"inLanguage\":\"es\",\"@id\":\"https:\/\/esbozodeportivo.com\/#\/schema\/logo\/image\/\",\"url\":\"https:\/\/esbozodeportivo.com\/wp-content\/uploads\/2022\/08\/cropped-Logo-Esbozo-Web-2.png\",\"contentUrl\":\"https:\/\/esbozodeportivo.com\/wp-content\/uploads\/2022\/08\/cropped-Logo-Esbozo-Web-2.png\",\"width\":180,\"height\":50,\"caption\":\"Esbozo Deportivo\"},\"image\":{\"@id\":\"https:\/\/esbozodeportivo.com\/#\/schema\/logo\/image\/\"}},{\"@type\":\"Person\",\"@id\":\"https:\/\/esbozodeportivo.com\/#\/schema\/person\/7277119c98823aec37bbb84e125efd44\",\"name\":\"Javier De La Cruz\",\"image\":{\"@type\":\"ImageObject\",\"inLanguage\":\"es\",\"@id\":\"https:\/\/esbozodeportivo.com\/#\/schema\/person\/image\/\",\"url\":\"https:\/\/secure.gravatar.com\/avatar\/366235a56d20f1a6e8e3d0b295897639357bea880470ddf261d17bb0bc052eb1?s=96&d=mm&r=g\",\"contentUrl\":\"https:\/\/secure.gravatar.com\/avatar\/366235a56d20f1a6e8e3d0b295897639357bea880470ddf261d17bb0bc052eb1?s=96&d=mm&r=g\",\"caption\":\"Javier De La Cruz\"},\"url\":\"https:\/\/esbozodeportivo.com\/index.php\/author\/javier-de-la-cruz-de-la-cruz\/\"}]}<\/script>\n<!-- \/ Yoast SEO plugin. -->","yoast_head_json":{"title":"M\u00e9xico se coloca en el Onceavo lugar en el Mundo - Esbozo Deportivo","robots":{"index":"index","follow":"follow","max-snippet":"max-snippet:-1","max-image-preview":"max-image-preview:large","max-video-preview":"max-video-preview:-1"},"canonical":"https:\/\/esbozodeportivo.com\/index.php\/2024\/02\/15\/mexico-se-coloca-en-el-onceavo-lugar-en-el-mundo\/","og_locale":"es_MX","og_type":"article","og_title":"M\u00e9xico se coloca en el Onceavo lugar en el Mundo - Esbozo Deportivo","og_description":"(Foto: acu\u00e1ticanelsonvargas) Dos semifinales se acaban de realizar en el marco del XXI Campeonato Mundial","og_url":"https:\/\/esbozodeportivo.com\/index.php\/2024\/02\/15\/mexico-se-coloca-en-el-onceavo-lugar-en-el-mundo\/","og_site_name":"Esbozo Deportivo","article_published_time":"2024-02-15T21:02:47+00:00","article_modified_time":"2024-02-15T21:05:30+00:00","og_image":[{"url":"https:\/\/esbozodeportivo.com\/wp-content\/uploads\/2024\/02\/Natacion3-1024x631.jpg","type":"","width":"","height":""}],"author":"Javier De La Cruz","twitter_card":"summary_large_image","twitter_misc":{"Escrito por":"Javier De La Cruz","Tiempo de lectura":"1 minuto"},"schema":{"@context":"https:\/\/schema.org","@graph":[{"@type":"Article","@id":"https:\/\/esbozodeportivo.com\/index.php\/2024\/02\/15\/mexico-se-coloca-en-el-onceavo-lugar-en-el-mundo\/#article","isPartOf":{"@id":"https:\/\/esbozodeportivo.com\/index.php\/2024\/02\/15\/mexico-se-coloca-en-el-onceavo-lugar-en-el-mundo\/"},"author":{"name":"Javier De La Cruz","@id":"https:\/\/esbozodeportivo.com\/#\/schema\/person\/7277119c98823aec37bbb84e125efd44"},"headline":"M\u00e9xico se coloca en el Onceavo lugar en el Mundo","datePublished":"2024-02-15T21:02:47+00:00","dateModified":"2024-02-15T21:05:30+00:00","mainEntityOfPage":{"@id":"https:\/\/esbozodeportivo.com\/index.php\/2024\/02\/15\/mexico-se-coloca-en-el-onceavo-lugar-en-el-mundo\/"},"wordCount":324,"commentCount":0,"publisher":{"@id":"https:\/\/esbozodeportivo.com\/#organization"},"image":{"@id":"https:\/\/esbozodeportivo.com\/index.php\/2024\/02\/15\/mexico-se-coloca-en-el-onceavo-lugar-en-el-mundo\/#primaryimage"},"thumbnailUrl":"https:\/\/esbozodeportivo.com\/wp-content\/uploads\/2024\/02\/Natacion3-1024x631.jpg","articleSection":["Amateur"],"inLanguage":"es","potentialAction":[{"@type":"CommentAction","name":"Comment","target":["https:\/\/esbozodeportivo.com\/index.php\/2024\/02\/15\/mexico-se-coloca-en-el-onceavo-lugar-en-el-mundo\/#respond"]}]},{"@type":"WebPage","@id":"https:\/\/esbozodeportivo.com\/index.php\/2024\/02\/15\/mexico-se-coloca-en-el-onceavo-lugar-en-el-mundo\/","url":"https:\/\/esbozodeportivo.com\/index.php\/2024\/02\/15\/mexico-se-coloca-en-el-onceavo-lugar-en-el-mundo\/","name":"M\u00e9xico se coloca en el Onceavo lugar en el Mundo - Esbozo Deportivo","isPartOf":{"@id":"https:\/\/esbozodeportivo.com\/#website"},"primaryImageOfPage":{"@id":"https:\/\/esbozodeportivo.com\/index.php\/2024\/02\/15\/mexico-se-coloca-en-el-onceavo-lugar-en-el-mundo\/#primaryimage"},"image":{"@id":"https:\/\/esbozodeportivo.com\/index.php\/2024\/02\/15\/mexico-se-coloca-en-el-onceavo-lugar-en-el-mundo\/#primaryimage"},"thumbnailUrl":"https:\/\/esbozodeportivo.com\/wp-content\/uploads\/2024\/02\/Natacion3-1024x631.jpg","datePublished":"2024-02-15T21:02:47+00:00","dateModified":"2024-02-15T21:05:30+00:00","breadcrumb":{"@id":"https:\/\/esbozodeportivo.com\/index.php\/2024\/02\/15\/mexico-se-coloca-en-el-onceavo-lugar-en-el-mundo\/#breadcrumb"},"inLanguage":"es","potentialAction":[{"@type":"ReadAction","target":["https:\/\/esbozodeportivo.com\/index.php\/2024\/02\/15\/mexico-se-coloca-en-el-onceavo-lugar-en-el-mundo\/"]}]},{"@type":"ImageObject","inLanguage":"es","@id":"https:\/\/esbozodeportivo.com\/index.php\/2024\/02\/15\/mexico-se-coloca-en-el-onceavo-lugar-en-el-mundo\/#primaryimage","url":"https:\/\/esbozodeportivo.com\/wp-content\/uploads\/2024\/02\/Natacion3.jpg","contentUrl":"https:\/\/esbozodeportivo.com\/wp-content\/uploads\/2024\/02\/Natacion3.jpg","width":1170,"height":721},{"@type":"BreadcrumbList","@id":"https:\/\/esbozodeportivo.com\/index.php\/2024\/02\/15\/mexico-se-coloca-en-el-onceavo-lugar-en-el-mundo\/#breadcrumb","itemListElement":[{"@type":"ListItem","position":1,"name":"Inicio","item":"https:\/\/esbozodeportivo.com\/"},{"@type":"ListItem","position":2,"name":"M\u00e9xico se coloca en el Onceavo lugar en el Mundo"}]},{"@type":"WebSite","@id":"https:\/\/esbozodeportivo.com\/#website","url":"https:\/\/esbozodeportivo.com\/","name":"Esbozo Deportivo","description":"Lo m\u00e1s importante del Deporte","publisher":{"@id":"https:\/\/esbozodeportivo.com\/#organization"},"potentialAction":[{"@type":"SearchAction","target":{"@type":"EntryPoint","urlTemplate":"https:\/\/esbozodeportivo.com\/?s={search_term_string}"},"query-input":{"@type":"PropertyValueSpecification","valueRequired":true,"valueName":"search_term_string"}}],"inLanguage":"es"},{"@type":"Organization","@id":"https:\/\/esbozodeportivo.com\/#organization","name":"Esbozo Deportivo","url":"https:\/\/esbozodeportivo.com\/","logo":{"@type":"ImageObject","inLanguage":"es","@id":"https:\/\/esbozodeportivo.com\/#\/schema\/logo\/image\/","url":"https:\/\/esbozodeportivo.com\/wp-content\/uploads\/2022\/08\/cropped-Logo-Esbozo-Web-2.png","contentUrl":"https:\/\/esbozodeportivo.com\/wp-content\/uploads\/2022\/08\/cropped-Logo-Esbozo-Web-2.png","width":180,"height":50,"caption":"Esbozo Deportivo"},"image":{"@id":"https:\/\/esbozodeportivo.com\/#\/schema\/logo\/image\/"}},{"@type":"Person","@id":"https:\/\/esbozodeportivo.com\/#\/schema\/person\/7277119c98823aec37bbb84e125efd44","name":"Javier De La Cruz","image":{"@type":"ImageObject","inLanguage":"es","@id":"https:\/\/esbozodeportivo.com\/#\/schema\/person\/image\/","url":"https:\/\/secure.gravatar.com\/avatar\/366235a56d20f1a6e8e3d0b295897639357bea880470ddf261d17bb0bc052eb1?s=96&d=mm&r=g","contentUrl":"https:\/\/secure.gravatar.com\/avatar\/366235a56d20f1a6e8e3d0b295897639357bea880470ddf261d17bb0bc052eb1?s=96&d=mm&r=g","caption":"Javier De La Cruz"},"url":"https:\/\/esbozodeportivo.com\/index.php\/author\/javier-de-la-cruz-de-la-cruz\/"}]}},"jetpack_featured_media_url":"","jetpack_sharing_enabled":true,"_links":{"self":[{"href":"https:\/\/esbozodeportivo.com\/index.php\/wp-json\/wp\/v2\/posts\/2978","targetHints":{"allow":["GET"]}}],"collection":[{"href":"https:\/\/esbozodeportivo.com\/index.php\/wp-json\/wp\/v2\/posts"}],"about":[{"href":"https:\/\/esbozodeportivo.com\/index.php\/wp-json\/wp\/v2\/types\/post"}],"author":[{"embeddable":true,"href":"https:\/\/esbozodeportivo.com\/index.php\/wp-json\/wp\/v2\/users\/2"}],"replies":[{"embeddable":true,"href":"https:\/\/esbozodeportivo.com\/index.php\/wp-json\/wp\/v2\/comments?post=2978"}],"version-history":[{"count":4,"href":"https:\/\/esbozodeportivo.com\/index.php\/wp-json\/wp\/v2\/posts\/2978\/revisions"}],"predecessor-version":[{"id":2988,"href":"https:\/\/esbozodeportivo.com\/index.php\/wp-json\/wp\/v2\/posts\/2978\/revisions\/2988"}],"wp:attachment":[{"href":"https:\/\/esbozodeportivo.com\/index.php\/wp-json\/wp\/v2\/media?parent=2978"}],"wp:term":[{"taxonomy":"category","embeddable":true,"href":"https:\/\/esbozodeportivo.com\/index.php\/wp-json\/wp\/v2\/categories?post=2978"},{"taxonomy":"post_tag","embeddable":true,"href":"https:\/\/esbozodeportivo.com\/index.php\/wp-json\/wp\/v2\/tags?post=2978"}],"curies":[{"name":"wp","href":"https:\/\/api.w.org\/{rel}","templated":true}]}}