{"id":2989,"date":"2024-02-15T21:06:24","date_gmt":"2024-02-15T21:06:24","guid":{"rendered":"https:\/\/esbozodeportivo.com\/?p=2989"},"modified":"2025-03-11T23:26:13","modified_gmt":"2025-03-12T05:26:13","slug":"nadadores-mexicanos-en-semifinales-del-campeonato-mundial-de-la-especialidad","status":"publish","type":"post","link":"https:\/\/esbozodeportivo.com\/index.php\/2024\/02\/15\/nadadores-mexicanos-en-semifinales-del-campeonato-mundial-de-la-especialidad\/","title":{"rendered":"Nadadores mexicanos en semifinales del Campeonato Mundial de la especialidad"},"content":{"rendered":"<style>\/*! elementor - v3.19.0 - 07-02-2024 *\/\n.elementor-widget-image{text-align:center}.elementor-widget-image a{display:inline-block}.elementor-widget-image a img[src$=\".svg\"]{width:48px}.elementor-widget-image img{vertical-align:middle;display:inline-block}<\/style>\n<p>\t\t\t\t\t\t\t\t\t\t<img loading=\"lazy\" decoding=\"async\" width=\"640\" height=\"399\" src=\"https:\/\/esbozodeportivo.com\/wp-content\/uploads\/2024\/02\/ganadores1-1024x638.jpg\" alt=\"\" srcset=\"https:\/\/esbozodeportivo.com\/wp-content\/uploads\/2024\/02\/ganadores1-1024x638.jpg 1024w, https:\/\/esbozodeportivo.com\/wp-content\/uploads\/2024\/02\/ganadores1-300x187.jpg 300w, https:\/\/esbozodeportivo.com\/wp-content\/uploads\/2024\/02\/ganadores1-768x479.jpg 768w, https:\/\/esbozodeportivo.com\/wp-content\/uploads\/2024\/02\/ganadores1.jpg 1170w\" sizes=\"auto, (max-width: 640px) 100vw, 640px\" \/>\t\t\t\t\t\t\t\t\t\t\t\t\t<\/p>\n<p>(Foto: acu\u00e1ticanelsonvargas)<\/p>\n<p>Quinta jornada de competencias para la nataci\u00f3n en el XXI Campeonato Mundial de Nataci\u00f3n, realizado en Doha \u2013 Catar y all\u00ed, M\u00e9xico consolida dos lugares en las semifinales, esto, gracias a sus atletas, Byanca Melissa Rodr\u00edguez Villanueva y Miguel Alejandro De Lara Ojeda \u2013 <strong><em>ANV.<\/em><\/strong><\/p>\n<p>El primero en salir a competencia durante esta jornada fue Diego Camacho Salgado, quien en la prueba de 200 m espalda logr\u00f3 la posici\u00f3n 29\u00b0, con: 2.07.00. El l\u00edder de la clasificaci\u00f3n fue Apostolos Siskos de Grecia, con: 1.56.64.<\/p>\n<p>La \u00fanica dama de esta programaci\u00f3n, fue: Byanca Melissa Rodr\u00edguez Villanueva, quien represent\u00f3 al pa\u00eds en la prueba de 200 m pecho. Byanca Melissa logr\u00f3 la posici\u00f3n 16\u00b0, lugar que le otorga un cupo a la semifinal, dicho triunfo lo alcanza al detener el cronometro, en: 2.28.90. La primera plaza a la jornada de semifinales fue consolidada, por: Kate Douglass de los Estados Unidos, con: 2.24.15. La semifinal para Byanca Melissa, ser\u00e1 el 15 de febrero a las 11.26 h.<\/p>\n<p>Cerrando esta programaci\u00f3n de clasificaci\u00f3n, Miguel Alejandro De Lara Ojeda \u2013 <strong><em>ANV<\/em><\/strong>, hizo lo propio, esto al lograr un cupo a la semifinal de la prueba 200 m pecho, posicion\u00e1ndose en la plaza 15\u00b0, con: 2.12.50. El finland\u00e9s, Matti Mattson lidera el grupo de clasificaci\u00f3n, con: 2.09.15. La semifinal donde estar\u00e1 presente el tricolor nacional y el atleta de <strong><em>acu\u00e1tica nelsonvargas<\/em><\/strong>, ser\u00e1 el d\u00eda 15 de febrero a las 10.50 h.<\/p>\n<p>Con esto, M\u00e9xico apuntala dos plazas a las semifinales mundialistas. Un gran triunfo para los nadadores de nuestro pa\u00eds<\/p>\n<p><u>Cuadro de clasificadas en los 200 m pecho DAMAS: <\/u><\/p>\n<table>\n<tbody>\n<tr>\n<td width=\"91\">\n<h5><strong>POSICI\u00d3N<\/strong><\/h5>\n<\/td>\n<td width=\"117\">\n<h5><strong>PA\u00cdS<\/strong><\/h5>\n<\/td>\n<td width=\"180\">\n<h5><strong>NOMBRE<\/strong><\/h5>\n<\/td>\n<td width=\"76\">\n<h5><strong>TIEMPO<\/strong><\/h5>\n<\/td>\n<\/tr>\n<tr>\n<td width=\"91\">\n<h5>1<\/h5>\n<\/td>\n<td width=\"117\">\n<h5>Estados Unidos<\/h5>\n<\/td>\n<td width=\"180\">\n<h5>Kate Douglass<\/h5>\n<\/td>\n<td width=\"76\">\n<h5>2.24.15<\/h5>\n<\/td>\n<\/tr>\n<tr>\n<td width=\"91\">\n<h5>2<\/h5>\n<\/td>\n<td width=\"117\">\n<h5>Irlanda<\/h5>\n<\/td>\n<td width=\"180\">\n<h5>Mona Mc Sharry<\/h5>\n<\/td>\n<td width=\"76\">\n<h5>2.2.4.82<\/h5>\n<\/td>\n<\/tr>\n<tr>\n<td width=\"91\">\n<h5>3<\/h5>\n<\/td>\n<td width=\"117\">\n<h5>Lituania<\/h5>\n<\/td>\n<td width=\"180\">\n<h5>Kotryna Teterevkova<\/h5>\n<\/td>\n<td width=\"76\">\n<h5>2.25.09<\/h5>\n<\/td>\n<\/tr>\n<tr>\n<td width=\"91\">\n<h5>4<\/h5>\n<\/td>\n<td width=\"117\">\n<h5>Canad\u00e1<\/h5>\n<\/td>\n<td width=\"180\">\n<h5>Sydney Pickrem<\/h5>\n<\/td>\n<td width=\"76\">\n<h5>2.25.18<\/h5>\n<\/td>\n<\/tr>\n<tr>\n<td width=\"91\">\n<h5>5<\/h5>\n<\/td>\n<td width=\"117\">\n<h5>Holanda<\/h5>\n<\/td>\n<td width=\"180\">\n<h5>Tes Schouten<\/h5>\n<\/td>\n<td width=\"76\">\n<h5>2.25.90<\/h5>\n<\/td>\n<\/tr>\n<tr>\n<td width=\"91\">\n<h5>6<\/h5>\n<\/td>\n<td width=\"117\">\n<h5>Italia<\/h5>\n<\/td>\n<td width=\"180\">\n<h5>Francesca Fangio<\/h5>\n<\/td>\n<td width=\"76\">\n<h5>2.26.01<\/h5>\n<\/td>\n<\/tr>\n<tr>\n<td width=\"91\">\n<h5>7<\/h5>\n<\/td>\n<td width=\"117\">\n<h5>Brasil<\/h5>\n<\/td>\n<td width=\"180\">\n<h5>Gabrielle Silva<\/h5>\n<\/td>\n<td width=\"76\">\n<h5>2.26.28<\/h5>\n<\/td>\n<\/tr>\n<tr>\n<td width=\"91\">\n<h5>8<\/h5>\n<\/td>\n<td width=\"117\">\n<h5>World Aquatics<\/h5>\n<\/td>\n<td width=\"180\">\n<h5>Alina Zmushka<\/h5>\n<\/td>\n<td width=\"76\">\n<h5>2.26.31<\/h5>\n<\/td>\n<\/tr>\n<tr>\n<td width=\"91\">\n<h5>9<\/h5>\n<\/td>\n<td width=\"117\">\n<h5>Rep\u00fablica Checa<\/h5>\n<\/td>\n<td width=\"180\">\n<h5>Kristyna Horska<\/h5>\n<\/td>\n<td width=\"76\">\n<h5>2.26.71<\/h5>\n<\/td>\n<\/tr>\n<tr>\n<td width=\"91\">\n<h5>10<\/h5>\n<\/td>\n<td width=\"117\">\n<h5>Singapur<\/h5>\n<\/td>\n<td width=\"180\">\n<h5>En Yi Letitia Sim<\/h5>\n<\/td>\n<td width=\"76\">\n<h5>2.27.08<\/h5>\n<\/td>\n<\/tr>\n<tr>\n<td width=\"91\">\n<h5>11<\/h5>\n<\/td>\n<td width=\"117\">\n<h5>Suiza<\/h5>\n<\/td>\n<td width=\"180\">\n<h5>Lisa Mamie<\/h5>\n<\/td>\n<td width=\"76\">\n<h5>2.27.42<\/h5>\n<\/td>\n<\/tr>\n<tr>\n<td width=\"91\">\n<h5>12<\/h5>\n<\/td>\n<td width=\"117\">\n<h5>Espa\u00f1a<\/h5>\n<\/td>\n<td width=\"180\">\n<h5>Nayara Pineda<\/h5>\n<\/td>\n<td width=\"76\">\n<h5>2.27.45<\/h5>\n<\/td>\n<\/tr>\n<tr>\n<td width=\"91\">\n<h5>13<\/h5>\n<\/td>\n<td width=\"117\">\n<h5>Croacia<\/h5>\n<\/td>\n<td width=\"180\">\n<h5>Ana Blazevic<\/h5>\n<\/td>\n<td width=\"76\">\n<h5>2.27.51<\/h5>\n<\/td>\n<\/tr>\n<tr>\n<td width=\"91\">\n<h5>14<\/h5>\n<\/td>\n<td width=\"117\">\n<h5>Corea del Sur<\/h5>\n<\/td>\n<td width=\"180\">\n<h5>Sua Moon<\/h5>\n<\/td>\n<td width=\"76\">\n<h5>2.27.53<\/h5>\n<\/td>\n<\/tr>\n<tr>\n<td width=\"91\">\n<h5>15<\/h5>\n<\/td>\n<td width=\"117\">\n<h5>Grecia<\/h5>\n<\/td>\n<td width=\"180\">\n<h5>Eleni Kontogeorgou<\/h5>\n<\/td>\n<td width=\"76\">\n<h5>2.28.53<\/h5>\n<\/td>\n<\/tr>\n<tr>\n<td width=\"91\">\n<h5>16<\/h5>\n<\/td>\n<td width=\"117\">\n<h5>M\u00e9xico<\/h5>\n<\/td>\n<td width=\"180\">\n<h5>Byanca Melissa Rodr\u00edguez<\/h5>\n<\/td>\n<td width=\"76\">\n<h5>2.28.90<\/h5>\n<\/td>\n<\/tr>\n<\/tbody>\n<\/table>\n<h5>\u00a0<\/h5>\n<h5><u>Cuadro de clasificados en los 200 m pecho VARONES: <\/u><\/h5>\n<h5>\u00a0<\/h5>\n<table>\n<tbody>\n<tr>\n<td width=\"91\">\n<h5><strong>POSICI\u00d3N<\/strong><\/h5>\n<\/td>\n<td width=\"117\">\n<h5><strong>PA\u00cdS<\/strong><\/h5>\n<\/td>\n<td width=\"180\">\n<h5><strong>NOMBRE<\/strong><\/h5>\n<\/td>\n<td width=\"76\">\n<h5><strong>TIEMPO<\/strong><\/h5>\n<\/td>\n<\/tr>\n<tr>\n<td width=\"91\">\n<h5>1<\/h5>\n<\/td>\n<td width=\"117\">\n<h5>Finlandia<\/h5>\n<\/td>\n<td width=\"180\">\n<h5>Matti Mattsson<\/h5>\n<\/td>\n<td width=\"76\">\n<h5>2.09.15<\/h5>\n<\/td>\n<\/tr>\n<tr>\n<td width=\"91\">\n<h5>2<\/h5>\n<\/td>\n<td width=\"117\">\n<h5>Bulgaria<\/h5>\n<\/td>\n<td width=\"180\">\n<h5>Lyubomir Epitropov<\/h5>\n<\/td>\n<td width=\"76\">\n<h5>2.10.57<\/h5>\n<\/td>\n<\/tr>\n<tr>\n<td width=\"91\">\n<h5>3<\/h5>\n<\/td>\n<td width=\"117\">\n<h5>Jap\u00f3n<\/h5>\n<\/td>\n<td width=\"180\">\n<h5>Ikuru Hiroshima<\/h5>\n<\/td>\n<td width=\"76\">\n<h5>2.10.73<\/h5>\n<\/td>\n<\/tr>\n<tr>\n<td width=\"91\">\n<h5>4<\/h5>\n<\/td>\n<td width=\"117\">\n<h5>Pa\u00edses Bajos\u00a0<\/h5>\n<\/td>\n<td width=\"180\">\n<h5>Caspar Corbeau<\/h5>\n<\/td>\n<td width=\"76\">\n<h5>2.10.85<\/h5>\n<\/td>\n<\/tr>\n<tr>\n<td width=\"91\">\n<h5>5<\/h5>\n<\/td>\n<td width=\"117\">\n<h5>Suecia<\/h5>\n<\/td>\n<td width=\"180\">\n<h5>Erik Persson<\/h5>\n<\/td>\n<td width=\"76\">\n<h5>2.10.94<\/h5>\n<\/td>\n<\/tr>\n<tr>\n<td width=\"91\">\n<h5>6<\/h5>\n<\/td>\n<td width=\"117\">\n<h5>Estados Unidos<\/h5>\n<\/td>\n<td width=\"180\">\n<h5>Nic Fink<\/h5>\n<\/td>\n<td width=\"76\">\n<h5>2.11.00<\/h5>\n<\/td>\n<\/tr>\n<tr>\n<td width=\"91\">\n<h5>7<\/h5>\n<\/td>\n<td width=\"117\">\n<h5>China<\/h5>\n<\/td>\n<td width=\"180\">\n<h5>Zhihao Dong<\/h5>\n<\/td>\n<td width=\"76\">\n<h5>2.11.13<\/h5>\n<\/td>\n<\/tr>\n<tr>\n<td width=\"91\">\n<h5>8<\/h5>\n<\/td>\n<td width=\"117\">\n<h5>Pa\u00edses Bajos<\/h5>\n<\/td>\n<td width=\"180\">\n<h5>Arno Kamminga<\/h5>\n<\/td>\n<td width=\"76\">\n<h5>2.11.22<\/h5>\n<\/td>\n<\/tr>\n<tr>\n<td width=\"91\">\n<h5>9<\/h5>\n<\/td>\n<td width=\"117\">\n<h5>Estados Unidos<\/h5>\n<\/td>\n<td width=\"180\">\n<h5>Jake Foster<\/h5>\n<\/td>\n<td width=\"76\">\n<h5>2.11.27<\/h5>\n<\/td>\n<\/tr>\n<tr>\n<td width=\"91\">\n<h5>10<\/h5>\n<\/td>\n<td width=\"117\">\n<h5>Ucrania<\/h5>\n<\/td>\n<td width=\"180\">\n<h5>Maksym Ovchinnikov<\/h5>\n<\/td>\n<td width=\"76\">\n<h5>2.11.55<\/h5>\n<\/td>\n<\/tr>\n<tr>\n<td width=\"91\">\n<h5>11<\/h5>\n<\/td>\n<td width=\"117\">\n<h5>Hong Kong<\/h5>\n<\/td>\n<td width=\"180\">\n<h5>Adan John Chillingworth<\/h5>\n<\/td>\n<td width=\"76\">\n<h5>2.11.98<\/h5>\n<\/td>\n<\/tr>\n<tr>\n<td width=\"91\">\n<h5>12<\/h5>\n<\/td>\n<td width=\"117\">\n<h5>Kirguist\u00e1n<\/h5>\n<\/td>\n<td width=\"180\">\n<h5>Denis Petrashov<\/h5>\n<\/td>\n<td width=\"76\">\n<h5>2.12.23<\/h5>\n<\/td>\n<\/tr>\n<tr>\n<td width=\"91\">\n<h5>13<\/h5>\n<\/td>\n<td width=\"117\">\n<h5>Canad\u00e1<\/h5>\n<\/td>\n<td width=\"180\">\n<h5>James Dergousoff<\/h5>\n<\/td>\n<td width=\"76\">\n<h5>2.12.34<\/h5>\n<\/td>\n<\/tr>\n<tr>\n<td width=\"91\">\n<h5>14<\/h5>\n<\/td>\n<td width=\"117\">\n<h5>Corea del Sur<\/h5>\n<\/td>\n<td width=\"180\">\n<h5>Sanghoon Lee<\/h5>\n<\/td>\n<td width=\"76\">\n<h5>2.12.43<\/h5>\n<\/td>\n<\/tr>\n<tr>\n<td width=\"91\">\n<h5>15<\/h5>\n<\/td>\n<td width=\"117\">\n<h5>M\u00e9xico<\/h5>\n<\/td>\n<td width=\"180\">\n<h5>Miguel Alejandro De Lara <strong><em>ANV<\/em><\/strong><\/h5>\n<\/td>\n<td width=\"76\">\n<h5>2.12.50<\/h5>\n<\/td>\n<\/tr>\n<tr>\n<td width=\"91\">\n<h5>16<\/h5>\n<\/td>\n<td width=\"117\">\n<h5>Espa\u00f1a<\/h5>\n<\/td>\n<td width=\"180\">\n<h5>Carles Coll Mart\u00ed<\/h5>\n<\/td>\n<td width=\"76\">\n<h5>2.12.72<\/h5>\n<\/td>\n<\/tr>\n<\/tbody>\n<\/table>\n<h5><u>\u00a0<\/u><\/h5>\n<h5><u>Los resultados de la V Jornada: <\/u><\/h5>\n<table width=\"661\">\n<tbody>\n<tr>\n<td width=\"105\">\n<h5><strong>POSICI\u00d3N<\/strong><\/h5>\n<\/td>\n<td width=\"140\">\n<h5><strong>PRUEBA<\/strong><\/h5>\n<\/td>\n<td width=\"293\">\n<h5><strong>NOMBRE<\/strong><\/h5>\n<\/td>\n<td width=\"55\">\n<h5><strong>EDAD<\/strong><\/h5>\n<\/td>\n<td width=\"68\">\n<h5><strong>TIEMPO<\/strong><\/h5>\n<\/td>\n<\/tr>\n<tr>\n<td width=\"105\">\n<h5>15<\/h5>\n<\/td>\n<td width=\"140\">\n<h5>200 m pecho<\/h5>\n<\/td>\n<td width=\"293\">\n<h5>Miguel Alejandro De Lara Ojeda <strong><em>ANV<\/em><\/strong><\/h5>\n<\/td>\n<td width=\"55\">\n<h5>29<\/h5>\n<\/td>\n<td width=\"68\">\n<h5>2.12.50<\/h5>\n<\/td>\n<\/tr>\n<tr>\n<td width=\"105\">\n<h5>16<\/h5>\n<\/td>\n<td width=\"140\">\n<h5>200 m pecho<\/h5>\n<\/td>\n<td width=\"293\">\n<h5>Byanca Melissa Rodr\u00edguez V.<\/h5>\n<\/td>\n<td width=\"55\">\n<h5>29<\/h5>\n<\/td>\n<td width=\"68\">\n<h5>2.28.90<\/h5>\n<\/td>\n<\/tr>\n<tr>\n<td width=\"105\">\n<h5>29<\/h5>\n<\/td>\n<td width=\"140\">\n<h5>200 m espalda<\/h5>\n<\/td>\n<td width=\"293\">\n<h5>Diego Camacho Salgado<\/h5>\n<\/td>\n<td width=\"55\">\n<h5>21<\/h5>\n<\/td>\n<td width=\"68\">\n<h5>2.07.00<\/h5>\n<\/td>\n<\/tr>\n<\/tbody>\n<\/table>\n<p><u>\u00a0<\/u><\/p>\n<p><u>Programaci\u00f3n: <\/u><\/p>\n<table>\n<tbody>\n<tr>\n<td width=\"132\">\n<p><strong>FECHA<\/strong><\/p>\n<\/td>\n<td width=\"153\">\n<p><strong>PRUEBA<\/strong><\/p>\n<\/td>\n<td width=\"225\">\n<p><strong>NOMBRE<\/strong><\/p>\n<\/td>\n<td width=\"67\">\n<p><strong>EDAD<\/strong><\/p>\n<\/td>\n<\/tr>\n<tr>\n<td width=\"132\">\n<p>Febrero 16. 00.49 h<\/p>\n<\/td>\n<td width=\"153\">\n<p>100 m mariposa<\/p>\n<\/td>\n<td width=\"225\">\n<p>Jorge Iga<\/p>\n<\/td>\n<td width=\"67\">\n<p>27<\/p>\n<\/td>\n<\/tr>\n<tr>\n<td width=\"132\">\n<p>Febrero 16. 01.46 h<\/p>\n<\/td>\n<td width=\"153\">\n<p>50 m mariposa<\/p>\n<\/td>\n<td width=\"225\">\n<p>Tayde Sandores<\/p>\n<\/td>\n<td width=\"67\">\n<p>24<\/p>\n<\/td>\n<\/tr>\n<tr>\n<td width=\"132\">\n<p>Febrero 16. 01.59 h<\/p>\n<\/td>\n<td width=\"153\">\n<p>4&#215;200 m relevo libre<\/p>\n<\/td>\n<td width=\"225\">\n<p>M\u00e9xico<\/p>\n<\/td>\n<td width=\"67\">\n<p>\u00a0<\/p>\n<\/td>\n<\/tr>\n<tr>\n<td width=\"132\">\n<p>Febrero 17. 00.54 h<\/p>\n<\/td>\n<td width=\"153\">\n<p>50 m libre<\/p>\n<\/td>\n<td width=\"225\">\n<p>Tayde Ana Sofia Revilak Fonseca<\/p>\n<\/td>\n<td width=\"67\">\n<p>26<\/p>\n<\/td>\n<\/tr>\n<tr>\n<td width=\"132\">\n<p>Febrero 17. 01.05 h<\/p>\n<\/td>\n<td width=\"153\">\n<p>50 m espalda<\/p>\n<\/td>\n<td width=\"225\">\n<p>Diego Camacho Salgado<\/p>\n<\/td>\n<td width=\"67\">\n<p>21<\/p>\n<\/td>\n<\/tr>\n<tr>\n<td width=\"132\">\n<p>Febrero 17. 01.12 h<\/p>\n<\/td>\n<td width=\"153\">\n<p>50 m pecho<\/p>\n<\/td>\n<td width=\"225\">\n<p>Byanca Melissa Rodr\u00edguez V.<\/p>\n<\/td>\n<td width=\"67\">\n<p>29<\/p>\n<\/td>\n<\/tr>\n<tr>\n<td width=\"132\">\n<p>Febrero 17. 01.55 h<\/p>\n<\/td>\n<td width=\"153\">\n<p>1500 m libre<\/p>\n<\/td>\n<td width=\"225\">\n<p>Dylan Robert Porges \u00c1vila<\/p>\n<\/td>\n<td width=\"67\">\n<p>23<\/p>\n<\/td>\n<\/tr>\n<tr>\n<td width=\"132\">\n<p>Febrero 18. 01.14<\/p>\n<\/td>\n<td width=\"153\">\n<p>4&#215;100 relevo combinado<\/p>\n<\/td>\n<td width=\"225\">\n<p>M\u00e9xico varones<\/p>\n<\/td>\n<td width=\"67\">\n<p>\u00a0<\/p>\n<\/td>\n<\/tr>\n<tr>\n<td width=\"132\">\n<p>Febrero 18. 01.31<\/p>\n<\/td>\n<td width=\"153\">\n<p>4&#215;100 relevo combinado<\/p>\n<\/td>\n<td width=\"225\">\n<p>M\u00e9xico damas<\/p>\n<\/td>\n<td width=\"67\">\n<p>\u00a0<\/p>\n<\/td>\n<\/tr>\n<\/tbody>\n<\/table>\n<p>\u00a0<\/p>\n<p><u>Tabla de medallas: <\/u><\/p>\n<table>\n<tbody>\n<tr>\n<td width=\"75\">\n<p><strong>POSICI\u00d3N<\/strong><\/p>\n<\/td>\n<td width=\"170\">\n<p><strong>PA\u00cdS<\/strong><\/p>\n<\/td>\n<td width=\"47\">\n<p><strong>ORO<\/strong><\/p>\n<\/td>\n<td width=\"66\">\n<p><strong>PLATA<\/strong><\/p>\n<\/td>\n<td width=\"76\">\n<p><strong>BRONCE<\/strong><\/p>\n<\/td>\n<td width=\"57\">\n<p><strong>TOTAL<\/strong><\/p>\n<\/td>\n<\/tr>\n<tr>\n<td width=\"75\">\n<p>1<\/p>\n<\/td>\n<td width=\"170\">\n<p>Estados Unidos<\/p>\n<\/td>\n<td width=\"47\">\n<p>5<\/p>\n<\/td>\n<td width=\"66\">\n<p>2<\/p>\n<\/td>\n<td width=\"76\">\n<p>3<\/p>\n<\/td>\n<td width=\"57\">\n<p>10<\/p>\n<\/td>\n<\/tr>\n<tr>\n<td width=\"75\">\n<p>2<\/p>\n<\/td>\n<td width=\"170\">\n<p>Rep\u00fablica Popular de China<\/p>\n<\/td>\n<td width=\"47\">\n<p>2<\/p>\n<\/td>\n<td width=\"66\">\n<p>2<\/p>\n<\/td>\n<td width=\"76\">\n<p>1<\/p>\n<\/td>\n<td width=\"57\">\n<p>5<\/p>\n<\/td>\n<\/tr>\n<tr>\n<td width=\"75\">\n<p>3<\/p>\n<\/td>\n<td width=\"170\">\n<p>Rep\u00fablica de Corea<\/p>\n<\/td>\n<td width=\"47\">\n<p>2<\/p>\n<\/td>\n<td width=\"66\">\n<p>0<\/p>\n<\/td>\n<td width=\"76\">\n<p>0<\/p>\n<\/td>\n<td width=\"57\">\n<p>2<\/p>\n<\/td>\n<\/tr>\n<\/tbody>\n<\/table>\n<p>\u00a0<\/p>\n","protected":false},"excerpt":{"rendered":"<p>(Foto: acu\u00e1ticanelsonvargas) Quinta jornada de competencias para la nataci\u00f3n en el XXI Campeonato Mundial de<\/p>\n","protected":false},"author":2,"featured_media":0,"comment_status":"open","ping_status":"open","sticky":false,"template":"","format":"standard","meta":{"_jetpack_memberships_contains_paid_content":false,"footnotes":""},"categories":[29],"tags":[],"class_list":["post-2989","post","type-post","status-publish","format-standard","hentry","category-agua-plataforma"],"yoast_head":"<!-- This site is optimized with the Yoast SEO plugin v25.7 - https:\/\/yoast.com\/wordpress\/plugins\/seo\/ -->\n<title>Nadadores mexicanos en semifinales del Campeonato Mundial de la especialidad - Esbozo Deportivo<\/title>\n<meta name=\"robots\" content=\"index, follow, max-snippet:-1, max-image-preview:large, max-video-preview:-1\" \/>\n<link rel=\"canonical\" href=\"https:\/\/esbozodeportivo.com\/index.php\/2024\/02\/15\/nadadores-mexicanos-en-semifinales-del-campeonato-mundial-de-la-especialidad\/\" \/>\n<meta property=\"og:locale\" content=\"es_MX\" \/>\n<meta property=\"og:type\" content=\"article\" \/>\n<meta property=\"og:title\" content=\"Nadadores mexicanos en semifinales del Campeonato Mundial de la especialidad - Esbozo Deportivo\" \/>\n<meta property=\"og:description\" content=\"(Foto: acu\u00e1ticanelsonvargas) Quinta jornada de competencias para la nataci\u00f3n en el XXI Campeonato Mundial de\" \/>\n<meta property=\"og:url\" content=\"https:\/\/esbozodeportivo.com\/index.php\/2024\/02\/15\/nadadores-mexicanos-en-semifinales-del-campeonato-mundial-de-la-especialidad\/\" \/>\n<meta property=\"og:site_name\" content=\"Esbozo Deportivo\" \/>\n<meta property=\"article:published_time\" content=\"2024-02-15T21:06:24+00:00\" \/>\n<meta property=\"article:modified_time\" content=\"2025-03-12T05:26:13+00:00\" \/>\n<meta property=\"og:image\" content=\"https:\/\/esbozodeportivo.com\/wp-content\/uploads\/2024\/02\/ganadores1-1024x638.jpg\" \/>\n<meta name=\"author\" content=\"Javier De La Cruz\" \/>\n<meta name=\"twitter:card\" content=\"summary_large_image\" \/>\n<meta name=\"twitter:label1\" content=\"Escrito por\" \/>\n\t<meta name=\"twitter:data1\" content=\"Javier De La Cruz\" \/>\n\t<meta name=\"twitter:label2\" content=\"Tiempo de lectura\" \/>\n\t<meta name=\"twitter:data2\" content=\"2 minutos\" \/>\n<script type=\"application\/ld+json\" class=\"yoast-schema-graph\">{\"@context\":\"https:\/\/schema.org\",\"@graph\":[{\"@type\":\"Article\",\"@id\":\"https:\/\/esbozodeportivo.com\/index.php\/2024\/02\/15\/nadadores-mexicanos-en-semifinales-del-campeonato-mundial-de-la-especialidad\/#article\",\"isPartOf\":{\"@id\":\"https:\/\/esbozodeportivo.com\/index.php\/2024\/02\/15\/nadadores-mexicanos-en-semifinales-del-campeonato-mundial-de-la-especialidad\/\"},\"author\":{\"name\":\"Javier De La Cruz\",\"@id\":\"https:\/\/esbozodeportivo.com\/#\/schema\/person\/7277119c98823aec37bbb84e125efd44\"},\"headline\":\"Nadadores mexicanos en semifinales del Campeonato Mundial de la especialidad\",\"datePublished\":\"2024-02-15T21:06:24+00:00\",\"dateModified\":\"2025-03-12T05:26:13+00:00\",\"mainEntityOfPage\":{\"@id\":\"https:\/\/esbozodeportivo.com\/index.php\/2024\/02\/15\/nadadores-mexicanos-en-semifinales-del-campeonato-mundial-de-la-especialidad\/\"},\"wordCount\":550,\"commentCount\":0,\"publisher\":{\"@id\":\"https:\/\/esbozodeportivo.com\/#organization\"},\"image\":{\"@id\":\"https:\/\/esbozodeportivo.com\/index.php\/2024\/02\/15\/nadadores-mexicanos-en-semifinales-del-campeonato-mundial-de-la-especialidad\/#primaryimage\"},\"thumbnailUrl\":\"https:\/\/esbozodeportivo.com\/wp-content\/uploads\/2024\/02\/ganadores1-1024x638.jpg\",\"articleSection\":[\"Nataci\u00f3n\"],\"inLanguage\":\"es\",\"potentialAction\":[{\"@type\":\"CommentAction\",\"name\":\"Comment\",\"target\":[\"https:\/\/esbozodeportivo.com\/index.php\/2024\/02\/15\/nadadores-mexicanos-en-semifinales-del-campeonato-mundial-de-la-especialidad\/#respond\"]}]},{\"@type\":\"WebPage\",\"@id\":\"https:\/\/esbozodeportivo.com\/index.php\/2024\/02\/15\/nadadores-mexicanos-en-semifinales-del-campeonato-mundial-de-la-especialidad\/\",\"url\":\"https:\/\/esbozodeportivo.com\/index.php\/2024\/02\/15\/nadadores-mexicanos-en-semifinales-del-campeonato-mundial-de-la-especialidad\/\",\"name\":\"Nadadores mexicanos en semifinales del Campeonato Mundial de la especialidad - Esbozo Deportivo\",\"isPartOf\":{\"@id\":\"https:\/\/esbozodeportivo.com\/#website\"},\"primaryImageOfPage\":{\"@id\":\"https:\/\/esbozodeportivo.com\/index.php\/2024\/02\/15\/nadadores-mexicanos-en-semifinales-del-campeonato-mundial-de-la-especialidad\/#primaryimage\"},\"image\":{\"@id\":\"https:\/\/esbozodeportivo.com\/index.php\/2024\/02\/15\/nadadores-mexicanos-en-semifinales-del-campeonato-mundial-de-la-especialidad\/#primaryimage\"},\"thumbnailUrl\":\"https:\/\/esbozodeportivo.com\/wp-content\/uploads\/2024\/02\/ganadores1-1024x638.jpg\",\"datePublished\":\"2024-02-15T21:06:24+00:00\",\"dateModified\":\"2025-03-12T05:26:13+00:00\",\"breadcrumb\":{\"@id\":\"https:\/\/esbozodeportivo.com\/index.php\/2024\/02\/15\/nadadores-mexicanos-en-semifinales-del-campeonato-mundial-de-la-especialidad\/#breadcrumb\"},\"inLanguage\":\"es\",\"potentialAction\":[{\"@type\":\"ReadAction\",\"target\":[\"https:\/\/esbozodeportivo.com\/index.php\/2024\/02\/15\/nadadores-mexicanos-en-semifinales-del-campeonato-mundial-de-la-especialidad\/\"]}]},{\"@type\":\"ImageObject\",\"inLanguage\":\"es\",\"@id\":\"https:\/\/esbozodeportivo.com\/index.php\/2024\/02\/15\/nadadores-mexicanos-en-semifinales-del-campeonato-mundial-de-la-especialidad\/#primaryimage\",\"url\":\"https:\/\/esbozodeportivo.com\/wp-content\/uploads\/2024\/02\/ganadores1.jpg\",\"contentUrl\":\"https:\/\/esbozodeportivo.com\/wp-content\/uploads\/2024\/02\/ganadores1.jpg\",\"width\":1170,\"height\":729},{\"@type\":\"BreadcrumbList\",\"@id\":\"https:\/\/esbozodeportivo.com\/index.php\/2024\/02\/15\/nadadores-mexicanos-en-semifinales-del-campeonato-mundial-de-la-especialidad\/#breadcrumb\",\"itemListElement\":[{\"@type\":\"ListItem\",\"position\":1,\"name\":\"Inicio\",\"item\":\"https:\/\/esbozodeportivo.com\/\"},{\"@type\":\"ListItem\",\"position\":2,\"name\":\"Nadadores mexicanos en semifinales del Campeonato Mundial de la especialidad\"}]},{\"@type\":\"WebSite\",\"@id\":\"https:\/\/esbozodeportivo.com\/#website\",\"url\":\"https:\/\/esbozodeportivo.com\/\",\"name\":\"Esbozo Deportivo\",\"description\":\"Lo m\u00e1s importante del Deporte\",\"publisher\":{\"@id\":\"https:\/\/esbozodeportivo.com\/#organization\"},\"potentialAction\":[{\"@type\":\"SearchAction\",\"target\":{\"@type\":\"EntryPoint\",\"urlTemplate\":\"https:\/\/esbozodeportivo.com\/?s={search_term_string}\"},\"query-input\":{\"@type\":\"PropertyValueSpecification\",\"valueRequired\":true,\"valueName\":\"search_term_string\"}}],\"inLanguage\":\"es\"},{\"@type\":\"Organization\",\"@id\":\"https:\/\/esbozodeportivo.com\/#organization\",\"name\":\"Esbozo Deportivo\",\"url\":\"https:\/\/esbozodeportivo.com\/\",\"logo\":{\"@type\":\"ImageObject\",\"inLanguage\":\"es\",\"@id\":\"https:\/\/esbozodeportivo.com\/#\/schema\/logo\/image\/\",\"url\":\"https:\/\/esbozodeportivo.com\/wp-content\/uploads\/2022\/08\/cropped-Logo-Esbozo-Web-2.png\",\"contentUrl\":\"https:\/\/esbozodeportivo.com\/wp-content\/uploads\/2022\/08\/cropped-Logo-Esbozo-Web-2.png\",\"width\":180,\"height\":50,\"caption\":\"Esbozo Deportivo\"},\"image\":{\"@id\":\"https:\/\/esbozodeportivo.com\/#\/schema\/logo\/image\/\"}},{\"@type\":\"Person\",\"@id\":\"https:\/\/esbozodeportivo.com\/#\/schema\/person\/7277119c98823aec37bbb84e125efd44\",\"name\":\"Javier De La Cruz\",\"image\":{\"@type\":\"ImageObject\",\"inLanguage\":\"es\",\"@id\":\"https:\/\/esbozodeportivo.com\/#\/schema\/person\/image\/\",\"url\":\"https:\/\/secure.gravatar.com\/avatar\/366235a56d20f1a6e8e3d0b295897639357bea880470ddf261d17bb0bc052eb1?s=96&d=mm&r=g\",\"contentUrl\":\"https:\/\/secure.gravatar.com\/avatar\/366235a56d20f1a6e8e3d0b295897639357bea880470ddf261d17bb0bc052eb1?s=96&d=mm&r=g\",\"caption\":\"Javier De La Cruz\"},\"url\":\"https:\/\/esbozodeportivo.com\/index.php\/author\/javier-de-la-cruz-de-la-cruz\/\"}]}<\/script>\n<!-- \/ Yoast SEO plugin. -->","yoast_head_json":{"title":"Nadadores mexicanos en semifinales del Campeonato Mundial de la especialidad - Esbozo Deportivo","robots":{"index":"index","follow":"follow","max-snippet":"max-snippet:-1","max-image-preview":"max-image-preview:large","max-video-preview":"max-video-preview:-1"},"canonical":"https:\/\/esbozodeportivo.com\/index.php\/2024\/02\/15\/nadadores-mexicanos-en-semifinales-del-campeonato-mundial-de-la-especialidad\/","og_locale":"es_MX","og_type":"article","og_title":"Nadadores mexicanos en semifinales del Campeonato Mundial de la especialidad - Esbozo Deportivo","og_description":"(Foto: acu\u00e1ticanelsonvargas) Quinta jornada de competencias para la nataci\u00f3n en el XXI Campeonato Mundial de","og_url":"https:\/\/esbozodeportivo.com\/index.php\/2024\/02\/15\/nadadores-mexicanos-en-semifinales-del-campeonato-mundial-de-la-especialidad\/","og_site_name":"Esbozo Deportivo","article_published_time":"2024-02-15T21:06:24+00:00","article_modified_time":"2025-03-12T05:26:13+00:00","og_image":[{"url":"https:\/\/esbozodeportivo.com\/wp-content\/uploads\/2024\/02\/ganadores1-1024x638.jpg","type":"","width":"","height":""}],"author":"Javier De La Cruz","twitter_card":"summary_large_image","twitter_misc":{"Escrito por":"Javier De La Cruz","Tiempo de lectura":"2 minutos"},"schema":{"@context":"https:\/\/schema.org","@graph":[{"@type":"Article","@id":"https:\/\/esbozodeportivo.com\/index.php\/2024\/02\/15\/nadadores-mexicanos-en-semifinales-del-campeonato-mundial-de-la-especialidad\/#article","isPartOf":{"@id":"https:\/\/esbozodeportivo.com\/index.php\/2024\/02\/15\/nadadores-mexicanos-en-semifinales-del-campeonato-mundial-de-la-especialidad\/"},"author":{"name":"Javier De La Cruz","@id":"https:\/\/esbozodeportivo.com\/#\/schema\/person\/7277119c98823aec37bbb84e125efd44"},"headline":"Nadadores mexicanos en semifinales del Campeonato Mundial de la especialidad","datePublished":"2024-02-15T21:06:24+00:00","dateModified":"2025-03-12T05:26:13+00:00","mainEntityOfPage":{"@id":"https:\/\/esbozodeportivo.com\/index.php\/2024\/02\/15\/nadadores-mexicanos-en-semifinales-del-campeonato-mundial-de-la-especialidad\/"},"wordCount":550,"commentCount":0,"publisher":{"@id":"https:\/\/esbozodeportivo.com\/#organization"},"image":{"@id":"https:\/\/esbozodeportivo.com\/index.php\/2024\/02\/15\/nadadores-mexicanos-en-semifinales-del-campeonato-mundial-de-la-especialidad\/#primaryimage"},"thumbnailUrl":"https:\/\/esbozodeportivo.com\/wp-content\/uploads\/2024\/02\/ganadores1-1024x638.jpg","articleSection":["Nataci\u00f3n"],"inLanguage":"es","potentialAction":[{"@type":"CommentAction","name":"Comment","target":["https:\/\/esbozodeportivo.com\/index.php\/2024\/02\/15\/nadadores-mexicanos-en-semifinales-del-campeonato-mundial-de-la-especialidad\/#respond"]}]},{"@type":"WebPage","@id":"https:\/\/esbozodeportivo.com\/index.php\/2024\/02\/15\/nadadores-mexicanos-en-semifinales-del-campeonato-mundial-de-la-especialidad\/","url":"https:\/\/esbozodeportivo.com\/index.php\/2024\/02\/15\/nadadores-mexicanos-en-semifinales-del-campeonato-mundial-de-la-especialidad\/","name":"Nadadores mexicanos en semifinales del Campeonato Mundial de la especialidad - Esbozo Deportivo","isPartOf":{"@id":"https:\/\/esbozodeportivo.com\/#website"},"primaryImageOfPage":{"@id":"https:\/\/esbozodeportivo.com\/index.php\/2024\/02\/15\/nadadores-mexicanos-en-semifinales-del-campeonato-mundial-de-la-especialidad\/#primaryimage"},"image":{"@id":"https:\/\/esbozodeportivo.com\/index.php\/2024\/02\/15\/nadadores-mexicanos-en-semifinales-del-campeonato-mundial-de-la-especialidad\/#primaryimage"},"thumbnailUrl":"https:\/\/esbozodeportivo.com\/wp-content\/uploads\/2024\/02\/ganadores1-1024x638.jpg","datePublished":"2024-02-15T21:06:24+00:00","dateModified":"2025-03-12T05:26:13+00:00","breadcrumb":{"@id":"https:\/\/esbozodeportivo.com\/index.php\/2024\/02\/15\/nadadores-mexicanos-en-semifinales-del-campeonato-mundial-de-la-especialidad\/#breadcrumb"},"inLanguage":"es","potentialAction":[{"@type":"ReadAction","target":["https:\/\/esbozodeportivo.com\/index.php\/2024\/02\/15\/nadadores-mexicanos-en-semifinales-del-campeonato-mundial-de-la-especialidad\/"]}]},{"@type":"ImageObject","inLanguage":"es","@id":"https:\/\/esbozodeportivo.com\/index.php\/2024\/02\/15\/nadadores-mexicanos-en-semifinales-del-campeonato-mundial-de-la-especialidad\/#primaryimage","url":"https:\/\/esbozodeportivo.com\/wp-content\/uploads\/2024\/02\/ganadores1.jpg","contentUrl":"https:\/\/esbozodeportivo.com\/wp-content\/uploads\/2024\/02\/ganadores1.jpg","width":1170,"height":729},{"@type":"BreadcrumbList","@id":"https:\/\/esbozodeportivo.com\/index.php\/2024\/02\/15\/nadadores-mexicanos-en-semifinales-del-campeonato-mundial-de-la-especialidad\/#breadcrumb","itemListElement":[{"@type":"ListItem","position":1,"name":"Inicio","item":"https:\/\/esbozodeportivo.com\/"},{"@type":"ListItem","position":2,"name":"Nadadores mexicanos en semifinales del Campeonato Mundial de la especialidad"}]},{"@type":"WebSite","@id":"https:\/\/esbozodeportivo.com\/#website","url":"https:\/\/esbozodeportivo.com\/","name":"Esbozo Deportivo","description":"Lo m\u00e1s importante del Deporte","publisher":{"@id":"https:\/\/esbozodeportivo.com\/#organization"},"potentialAction":[{"@type":"SearchAction","target":{"@type":"EntryPoint","urlTemplate":"https:\/\/esbozodeportivo.com\/?s={search_term_string}"},"query-input":{"@type":"PropertyValueSpecification","valueRequired":true,"valueName":"search_term_string"}}],"inLanguage":"es"},{"@type":"Organization","@id":"https:\/\/esbozodeportivo.com\/#organization","name":"Esbozo Deportivo","url":"https:\/\/esbozodeportivo.com\/","logo":{"@type":"ImageObject","inLanguage":"es","@id":"https:\/\/esbozodeportivo.com\/#\/schema\/logo\/image\/","url":"https:\/\/esbozodeportivo.com\/wp-content\/uploads\/2022\/08\/cropped-Logo-Esbozo-Web-2.png","contentUrl":"https:\/\/esbozodeportivo.com\/wp-content\/uploads\/2022\/08\/cropped-Logo-Esbozo-Web-2.png","width":180,"height":50,"caption":"Esbozo Deportivo"},"image":{"@id":"https:\/\/esbozodeportivo.com\/#\/schema\/logo\/image\/"}},{"@type":"Person","@id":"https:\/\/esbozodeportivo.com\/#\/schema\/person\/7277119c98823aec37bbb84e125efd44","name":"Javier De La Cruz","image":{"@type":"ImageObject","inLanguage":"es","@id":"https:\/\/esbozodeportivo.com\/#\/schema\/person\/image\/","url":"https:\/\/secure.gravatar.com\/avatar\/366235a56d20f1a6e8e3d0b295897639357bea880470ddf261d17bb0bc052eb1?s=96&d=mm&r=g","contentUrl":"https:\/\/secure.gravatar.com\/avatar\/366235a56d20f1a6e8e3d0b295897639357bea880470ddf261d17bb0bc052eb1?s=96&d=mm&r=g","caption":"Javier De La Cruz"},"url":"https:\/\/esbozodeportivo.com\/index.php\/author\/javier-de-la-cruz-de-la-cruz\/"}]}},"jetpack_featured_media_url":"","jetpack_sharing_enabled":true,"_links":{"self":[{"href":"https:\/\/esbozodeportivo.com\/index.php\/wp-json\/wp\/v2\/posts\/2989","targetHints":{"allow":["GET"]}}],"collection":[{"href":"https:\/\/esbozodeportivo.com\/index.php\/wp-json\/wp\/v2\/posts"}],"about":[{"href":"https:\/\/esbozodeportivo.com\/index.php\/wp-json\/wp\/v2\/types\/post"}],"author":[{"embeddable":true,"href":"https:\/\/esbozodeportivo.com\/index.php\/wp-json\/wp\/v2\/users\/2"}],"replies":[{"embeddable":true,"href":"https:\/\/esbozodeportivo.com\/index.php\/wp-json\/wp\/v2\/comments?post=2989"}],"version-history":[{"count":4,"href":"https:\/\/esbozodeportivo.com\/index.php\/wp-json\/wp\/v2\/posts\/2989\/revisions"}],"predecessor-version":[{"id":2997,"href":"https:\/\/esbozodeportivo.com\/index.php\/wp-json\/wp\/v2\/posts\/2989\/revisions\/2997"}],"wp:attachment":[{"href":"https:\/\/esbozodeportivo.com\/index.php\/wp-json\/wp\/v2\/media?parent=2989"}],"wp:term":[{"taxonomy":"category","embeddable":true,"href":"https:\/\/esbozodeportivo.com\/index.php\/wp-json\/wp\/v2\/categories?post=2989"},{"taxonomy":"post_tag","embeddable":true,"href":"https:\/\/esbozodeportivo.com\/index.php\/wp-json\/wp\/v2\/tags?post=2989"}],"curies":[{"name":"wp","href":"https:\/\/api.w.org\/{rel}","templated":true}]}}