{"id":3045,"date":"2024-02-17T05:31:30","date_gmt":"2024-02-17T05:31:30","guid":{"rendered":"https:\/\/esbozodeportivo.com\/?p=3045"},"modified":"2024-02-17T05:35:09","modified_gmt":"2024-02-17T05:35:09","slug":"recibe-gobierno-de-acapulco-a-representantes-del-abierto-mexicano-de-tenis","status":"publish","type":"post","link":"https:\/\/esbozodeportivo.com\/index.php\/2024\/02\/17\/recibe-gobierno-de-acapulco-a-representantes-del-abierto-mexicano-de-tenis\/","title":{"rendered":"Recibe Gobierno de Acapulco a representantes del Abierto Mexicano de Tenis"},"content":{"rendered":"<style>\/*! elementor - v3.19.0 - 07-02-2024 *\/\n.elementor-widget-image{text-align:center}.elementor-widget-image a{display:inline-block}.elementor-widget-image a img[src$=\".svg\"]{width:48px}.elementor-widget-image img{vertical-align:middle;display:inline-block}<\/style>\n<p>\t\t\t\t\t\t\t\t\t\t<img loading=\"lazy\" decoding=\"async\" width=\"640\" height=\"426\" src=\"https:\/\/esbozodeportivo.com\/wp-content\/uploads\/2024\/02\/Reunion-1024x682.jpg\" alt=\"\" srcset=\"https:\/\/esbozodeportivo.com\/wp-content\/uploads\/2024\/02\/Reunion-1024x682.jpg 1024w, https:\/\/esbozodeportivo.com\/wp-content\/uploads\/2024\/02\/Reunion-300x200.jpg 300w, https:\/\/esbozodeportivo.com\/wp-content\/uploads\/2024\/02\/Reunion-768x512.jpg 768w, https:\/\/esbozodeportivo.com\/wp-content\/uploads\/2024\/02\/Reunion.jpg 1280w\" sizes=\"auto, (max-width: 640px) 100vw, 640px\" \/>\t\t\t\t\t\t\t\t\t\t\t\t\t<\/p>\n<p>(Foto: Cortesia)\u00a0<\/p>\n<p><strong>\u201cAcapulco est\u00e1 de pie, va para adelante y estamos listos con el apoyo del Ayuntamiento\u201d, se\u00f1ala directivo del torneo<\/strong><\/p>\n<p>Acapulco, Gro., 16 de febrero de 2024.- Continuando con la reactivaci\u00f3n econ\u00f3mica del municipio, con uno de los torneos m\u00e1s importantes del mundo, el Gobierno Municipal de Acapulco, se reuni\u00f3 con el director de Finanzas y de Planeaci\u00f3n Estrat\u00e9gica del Abierto Mexicano de Tenis, Guillermo Diez Barroso.<\/p>\n<p>En la oficina de Presidencia, junto a la regidora Hilda Sof\u00eda Corona Mijangos y la presidenta de la Asociaci\u00f3n de Restaurantes, Bares, Discotecas y Centros Nocturnos de Acapulco, Sof\u00eda del \u00c1ngel Mata Corona, la Presidenta municipal de Acapulco Abelina L\u00f3pez Rodr\u00edguez, recibi\u00f3 al directivo del torneo, que se celebrar\u00e1 del 26 de febrero al 02 de marzo en este destino tur\u00edstico.<\/p>\n<p>\t\t\t\t\t\t\t\t\t\t\t\t\t<img loading=\"lazy\" decoding=\"async\" width=\"640\" height=\"426\" src=\"https:\/\/esbozodeportivo.com\/wp-content\/uploads\/2024\/02\/Reunion1-1024x682.jpg\" alt=\"\" srcset=\"https:\/\/esbozodeportivo.com\/wp-content\/uploads\/2024\/02\/Reunion1-1024x682.jpg 1024w, https:\/\/esbozodeportivo.com\/wp-content\/uploads\/2024\/02\/Reunion1-300x200.jpg 300w, https:\/\/esbozodeportivo.com\/wp-content\/uploads\/2024\/02\/Reunion1-768x512.jpg 768w, https:\/\/esbozodeportivo.com\/wp-content\/uploads\/2024\/02\/Reunion1.jpg 1280w\" sizes=\"auto, (max-width: 640px) 100vw, 640px\" \/>\t\t\t\t\t\t\t\t\t\t\t\t\t<\/p>\n<p>(Foto: Cortesia)\u00a0<\/p>\n<p>La Alcaldesa agradeci\u00f3 al representante por seguir eligiendo al puerto como sede de este importante evento y destac\u00f3 que a casi cuatro meses del paso del hurac\u00e1n \u201cOtis\u201d, &#8220;Acapulco se encuentra de pie y listo para recibir a las y los visitantes que formar\u00e1n parte de este torneo&#8221;, afirm\u00f3.<\/p>\n<p>Durante la reuni\u00f3n, las autoridades municipales y el directivo, coincidieron en que el puerto de Acapulco se ha recuperado r\u00e1pidamente despu\u00e9s del fen\u00f3meno meteorol\u00f3gico, pues la franja tur\u00edstica se encuentra activa, con hoteles y negocios abiertos, ofreciendo sus servicios.<\/p>\n<p>\u201cEs muy importante que vean que Acapulco est\u00e1 de pie, va para adelante y estamos listos\u201d, expres\u00f3 Diez Barroso.<\/p>\n<p>Guillermo Diez, inform\u00f3 que se espera la presencia de visitantes de 60 pa\u00edses y 11 de los mejores jugadores del mundo en esta disciplina, adem\u00e1s, el torneo se transmitir\u00e1 a nivel internacional, con un alcance de m\u00e1s de 120 pa\u00edses.<\/p>\n<p>La Presidenta Municipal, agradeci\u00f3 de nueva cuenta el apoyo, solidaridad y el seguir apostando por Acapulco para este evento de talla mundial.<\/p>\n","protected":false},"excerpt":{"rendered":"<p>(Foto: Cortesia)\u00a0 \u201cAcapulco est\u00e1 de pie, va para adelante y estamos listos con el apoyo<\/p>\n","protected":false},"author":2,"featured_media":0,"comment_status":"open","ping_status":"open","sticky":false,"template":"","format":"standard","meta":{"_jetpack_memberships_contains_paid_content":false,"footnotes":""},"categories":[12],"tags":[],"class_list":["post-3045","post","type-post","status-publish","format-standard","hentry","category-tenis-internacional"],"yoast_head":"<!-- This site is optimized with the Yoast SEO plugin v25.7 - https:\/\/yoast.com\/wordpress\/plugins\/seo\/ -->\n<title>Recibe Gobierno de Acapulco a representantes del Abierto Mexicano de Tenis - Esbozo Deportivo<\/title>\n<meta name=\"robots\" content=\"index, follow, max-snippet:-1, max-image-preview:large, max-video-preview:-1\" \/>\n<link rel=\"canonical\" href=\"https:\/\/esbozodeportivo.com\/index.php\/2024\/02\/17\/recibe-gobierno-de-acapulco-a-representantes-del-abierto-mexicano-de-tenis\/\" \/>\n<meta property=\"og:locale\" content=\"es_MX\" \/>\n<meta property=\"og:type\" content=\"article\" \/>\n<meta property=\"og:title\" content=\"Recibe Gobierno de Acapulco a representantes del Abierto Mexicano de Tenis - Esbozo Deportivo\" \/>\n<meta property=\"og:description\" content=\"(Foto: Cortesia)\u00a0 \u201cAcapulco est\u00e1 de pie, va para adelante y estamos listos con el apoyo\" \/>\n<meta property=\"og:url\" content=\"https:\/\/esbozodeportivo.com\/index.php\/2024\/02\/17\/recibe-gobierno-de-acapulco-a-representantes-del-abierto-mexicano-de-tenis\/\" \/>\n<meta property=\"og:site_name\" content=\"Esbozo Deportivo\" \/>\n<meta property=\"article:published_time\" content=\"2024-02-17T05:31:30+00:00\" \/>\n<meta property=\"article:modified_time\" content=\"2024-02-17T05:35:09+00:00\" \/>\n<meta property=\"og:image\" content=\"https:\/\/esbozodeportivo.com\/wp-content\/uploads\/2024\/02\/Reunion-1024x682.jpg\" \/>\n<meta name=\"author\" content=\"Javier De La Cruz\" \/>\n<meta name=\"twitter:card\" content=\"summary_large_image\" \/>\n<meta name=\"twitter:label1\" content=\"Escrito por\" \/>\n\t<meta name=\"twitter:data1\" content=\"Javier De La Cruz\" \/>\n\t<meta name=\"twitter:label2\" content=\"Tiempo de lectura\" \/>\n\t<meta name=\"twitter:data2\" content=\"2 minutos\" \/>\n<script type=\"application\/ld+json\" class=\"yoast-schema-graph\">{\"@context\":\"https:\/\/schema.org\",\"@graph\":[{\"@type\":\"Article\",\"@id\":\"https:\/\/esbozodeportivo.com\/index.php\/2024\/02\/17\/recibe-gobierno-de-acapulco-a-representantes-del-abierto-mexicano-de-tenis\/#article\",\"isPartOf\":{\"@id\":\"https:\/\/esbozodeportivo.com\/index.php\/2024\/02\/17\/recibe-gobierno-de-acapulco-a-representantes-del-abierto-mexicano-de-tenis\/\"},\"author\":{\"name\":\"Javier De La Cruz\",\"@id\":\"https:\/\/esbozodeportivo.com\/#\/schema\/person\/7277119c98823aec37bbb84e125efd44\"},\"headline\":\"Recibe Gobierno de Acapulco a representantes del Abierto Mexicano de Tenis\",\"datePublished\":\"2024-02-17T05:31:30+00:00\",\"dateModified\":\"2024-02-17T05:35:09+00:00\",\"mainEntityOfPage\":{\"@id\":\"https:\/\/esbozodeportivo.com\/index.php\/2024\/02\/17\/recibe-gobierno-de-acapulco-a-representantes-del-abierto-mexicano-de-tenis\/\"},\"wordCount\":329,\"commentCount\":0,\"publisher\":{\"@id\":\"https:\/\/esbozodeportivo.com\/#organization\"},\"image\":{\"@id\":\"https:\/\/esbozodeportivo.com\/index.php\/2024\/02\/17\/recibe-gobierno-de-acapulco-a-representantes-del-abierto-mexicano-de-tenis\/#primaryimage\"},\"thumbnailUrl\":\"https:\/\/esbozodeportivo.com\/wp-content\/uploads\/2024\/02\/Reunion-1024x682.jpg\",\"articleSection\":[\"Tenis Internacional\"],\"inLanguage\":\"es\",\"potentialAction\":[{\"@type\":\"CommentAction\",\"name\":\"Comment\",\"target\":[\"https:\/\/esbozodeportivo.com\/index.php\/2024\/02\/17\/recibe-gobierno-de-acapulco-a-representantes-del-abierto-mexicano-de-tenis\/#respond\"]}]},{\"@type\":\"WebPage\",\"@id\":\"https:\/\/esbozodeportivo.com\/index.php\/2024\/02\/17\/recibe-gobierno-de-acapulco-a-representantes-del-abierto-mexicano-de-tenis\/\",\"url\":\"https:\/\/esbozodeportivo.com\/index.php\/2024\/02\/17\/recibe-gobierno-de-acapulco-a-representantes-del-abierto-mexicano-de-tenis\/\",\"name\":\"Recibe Gobierno de Acapulco a representantes del Abierto Mexicano de Tenis - Esbozo Deportivo\",\"isPartOf\":{\"@id\":\"https:\/\/esbozodeportivo.com\/#website\"},\"primaryImageOfPage\":{\"@id\":\"https:\/\/esbozodeportivo.com\/index.php\/2024\/02\/17\/recibe-gobierno-de-acapulco-a-representantes-del-abierto-mexicano-de-tenis\/#primaryimage\"},\"image\":{\"@id\":\"https:\/\/esbozodeportivo.com\/index.php\/2024\/02\/17\/recibe-gobierno-de-acapulco-a-representantes-del-abierto-mexicano-de-tenis\/#primaryimage\"},\"thumbnailUrl\":\"https:\/\/esbozodeportivo.com\/wp-content\/uploads\/2024\/02\/Reunion-1024x682.jpg\",\"datePublished\":\"2024-02-17T05:31:30+00:00\",\"dateModified\":\"2024-02-17T05:35:09+00:00\",\"breadcrumb\":{\"@id\":\"https:\/\/esbozodeportivo.com\/index.php\/2024\/02\/17\/recibe-gobierno-de-acapulco-a-representantes-del-abierto-mexicano-de-tenis\/#breadcrumb\"},\"inLanguage\":\"es\",\"potentialAction\":[{\"@type\":\"ReadAction\",\"target\":[\"https:\/\/esbozodeportivo.com\/index.php\/2024\/02\/17\/recibe-gobierno-de-acapulco-a-representantes-del-abierto-mexicano-de-tenis\/\"]}]},{\"@type\":\"ImageObject\",\"inLanguage\":\"es\",\"@id\":\"https:\/\/esbozodeportivo.com\/index.php\/2024\/02\/17\/recibe-gobierno-de-acapulco-a-representantes-del-abierto-mexicano-de-tenis\/#primaryimage\",\"url\":\"https:\/\/esbozodeportivo.com\/wp-content\/uploads\/2024\/02\/Reunion.jpg\",\"contentUrl\":\"https:\/\/esbozodeportivo.com\/wp-content\/uploads\/2024\/02\/Reunion.jpg\",\"width\":1280,\"height\":853},{\"@type\":\"BreadcrumbList\",\"@id\":\"https:\/\/esbozodeportivo.com\/index.php\/2024\/02\/17\/recibe-gobierno-de-acapulco-a-representantes-del-abierto-mexicano-de-tenis\/#breadcrumb\",\"itemListElement\":[{\"@type\":\"ListItem\",\"position\":1,\"name\":\"Inicio\",\"item\":\"https:\/\/esbozodeportivo.com\/\"},{\"@type\":\"ListItem\",\"position\":2,\"name\":\"Recibe Gobierno de Acapulco a representantes del Abierto Mexicano de Tenis\"}]},{\"@type\":\"WebSite\",\"@id\":\"https:\/\/esbozodeportivo.com\/#website\",\"url\":\"https:\/\/esbozodeportivo.com\/\",\"name\":\"Esbozo Deportivo\",\"description\":\"Lo m\u00e1s importante del Deporte\",\"publisher\":{\"@id\":\"https:\/\/esbozodeportivo.com\/#organization\"},\"potentialAction\":[{\"@type\":\"SearchAction\",\"target\":{\"@type\":\"EntryPoint\",\"urlTemplate\":\"https:\/\/esbozodeportivo.com\/?s={search_term_string}\"},\"query-input\":{\"@type\":\"PropertyValueSpecification\",\"valueRequired\":true,\"valueName\":\"search_term_string\"}}],\"inLanguage\":\"es\"},{\"@type\":\"Organization\",\"@id\":\"https:\/\/esbozodeportivo.com\/#organization\",\"name\":\"Esbozo Deportivo\",\"url\":\"https:\/\/esbozodeportivo.com\/\",\"logo\":{\"@type\":\"ImageObject\",\"inLanguage\":\"es\",\"@id\":\"https:\/\/esbozodeportivo.com\/#\/schema\/logo\/image\/\",\"url\":\"https:\/\/esbozodeportivo.com\/wp-content\/uploads\/2022\/08\/cropped-Logo-Esbozo-Web-2.png\",\"contentUrl\":\"https:\/\/esbozodeportivo.com\/wp-content\/uploads\/2022\/08\/cropped-Logo-Esbozo-Web-2.png\",\"width\":180,\"height\":50,\"caption\":\"Esbozo Deportivo\"},\"image\":{\"@id\":\"https:\/\/esbozodeportivo.com\/#\/schema\/logo\/image\/\"}},{\"@type\":\"Person\",\"@id\":\"https:\/\/esbozodeportivo.com\/#\/schema\/person\/7277119c98823aec37bbb84e125efd44\",\"name\":\"Javier De La Cruz\",\"image\":{\"@type\":\"ImageObject\",\"inLanguage\":\"es\",\"@id\":\"https:\/\/esbozodeportivo.com\/#\/schema\/person\/image\/\",\"url\":\"https:\/\/secure.gravatar.com\/avatar\/366235a56d20f1a6e8e3d0b295897639357bea880470ddf261d17bb0bc052eb1?s=96&d=mm&r=g\",\"contentUrl\":\"https:\/\/secure.gravatar.com\/avatar\/366235a56d20f1a6e8e3d0b295897639357bea880470ddf261d17bb0bc052eb1?s=96&d=mm&r=g\",\"caption\":\"Javier De La Cruz\"},\"url\":\"https:\/\/esbozodeportivo.com\/index.php\/author\/javier-de-la-cruz-de-la-cruz\/\"}]}<\/script>\n<!-- \/ Yoast SEO plugin. -->","yoast_head_json":{"title":"Recibe Gobierno de Acapulco a representantes del Abierto Mexicano de Tenis - Esbozo Deportivo","robots":{"index":"index","follow":"follow","max-snippet":"max-snippet:-1","max-image-preview":"max-image-preview:large","max-video-preview":"max-video-preview:-1"},"canonical":"https:\/\/esbozodeportivo.com\/index.php\/2024\/02\/17\/recibe-gobierno-de-acapulco-a-representantes-del-abierto-mexicano-de-tenis\/","og_locale":"es_MX","og_type":"article","og_title":"Recibe Gobierno de Acapulco a representantes del Abierto Mexicano de Tenis - Esbozo Deportivo","og_description":"(Foto: Cortesia)\u00a0 \u201cAcapulco est\u00e1 de pie, va para adelante y estamos listos con el apoyo","og_url":"https:\/\/esbozodeportivo.com\/index.php\/2024\/02\/17\/recibe-gobierno-de-acapulco-a-representantes-del-abierto-mexicano-de-tenis\/","og_site_name":"Esbozo Deportivo","article_published_time":"2024-02-17T05:31:30+00:00","article_modified_time":"2024-02-17T05:35:09+00:00","og_image":[{"url":"https:\/\/esbozodeportivo.com\/wp-content\/uploads\/2024\/02\/Reunion-1024x682.jpg","type":"","width":"","height":""}],"author":"Javier De La Cruz","twitter_card":"summary_large_image","twitter_misc":{"Escrito por":"Javier De La Cruz","Tiempo de lectura":"2 minutos"},"schema":{"@context":"https:\/\/schema.org","@graph":[{"@type":"Article","@id":"https:\/\/esbozodeportivo.com\/index.php\/2024\/02\/17\/recibe-gobierno-de-acapulco-a-representantes-del-abierto-mexicano-de-tenis\/#article","isPartOf":{"@id":"https:\/\/esbozodeportivo.com\/index.php\/2024\/02\/17\/recibe-gobierno-de-acapulco-a-representantes-del-abierto-mexicano-de-tenis\/"},"author":{"name":"Javier De La Cruz","@id":"https:\/\/esbozodeportivo.com\/#\/schema\/person\/7277119c98823aec37bbb84e125efd44"},"headline":"Recibe Gobierno de Acapulco a representantes del Abierto Mexicano de Tenis","datePublished":"2024-02-17T05:31:30+00:00","dateModified":"2024-02-17T05:35:09+00:00","mainEntityOfPage":{"@id":"https:\/\/esbozodeportivo.com\/index.php\/2024\/02\/17\/recibe-gobierno-de-acapulco-a-representantes-del-abierto-mexicano-de-tenis\/"},"wordCount":329,"commentCount":0,"publisher":{"@id":"https:\/\/esbozodeportivo.com\/#organization"},"image":{"@id":"https:\/\/esbozodeportivo.com\/index.php\/2024\/02\/17\/recibe-gobierno-de-acapulco-a-representantes-del-abierto-mexicano-de-tenis\/#primaryimage"},"thumbnailUrl":"https:\/\/esbozodeportivo.com\/wp-content\/uploads\/2024\/02\/Reunion-1024x682.jpg","articleSection":["Tenis Internacional"],"inLanguage":"es","potentialAction":[{"@type":"CommentAction","name":"Comment","target":["https:\/\/esbozodeportivo.com\/index.php\/2024\/02\/17\/recibe-gobierno-de-acapulco-a-representantes-del-abierto-mexicano-de-tenis\/#respond"]}]},{"@type":"WebPage","@id":"https:\/\/esbozodeportivo.com\/index.php\/2024\/02\/17\/recibe-gobierno-de-acapulco-a-representantes-del-abierto-mexicano-de-tenis\/","url":"https:\/\/esbozodeportivo.com\/index.php\/2024\/02\/17\/recibe-gobierno-de-acapulco-a-representantes-del-abierto-mexicano-de-tenis\/","name":"Recibe Gobierno de Acapulco a representantes del Abierto Mexicano de Tenis - Esbozo Deportivo","isPartOf":{"@id":"https:\/\/esbozodeportivo.com\/#website"},"primaryImageOfPage":{"@id":"https:\/\/esbozodeportivo.com\/index.php\/2024\/02\/17\/recibe-gobierno-de-acapulco-a-representantes-del-abierto-mexicano-de-tenis\/#primaryimage"},"image":{"@id":"https:\/\/esbozodeportivo.com\/index.php\/2024\/02\/17\/recibe-gobierno-de-acapulco-a-representantes-del-abierto-mexicano-de-tenis\/#primaryimage"},"thumbnailUrl":"https:\/\/esbozodeportivo.com\/wp-content\/uploads\/2024\/02\/Reunion-1024x682.jpg","datePublished":"2024-02-17T05:31:30+00:00","dateModified":"2024-02-17T05:35:09+00:00","breadcrumb":{"@id":"https:\/\/esbozodeportivo.com\/index.php\/2024\/02\/17\/recibe-gobierno-de-acapulco-a-representantes-del-abierto-mexicano-de-tenis\/#breadcrumb"},"inLanguage":"es","potentialAction":[{"@type":"ReadAction","target":["https:\/\/esbozodeportivo.com\/index.php\/2024\/02\/17\/recibe-gobierno-de-acapulco-a-representantes-del-abierto-mexicano-de-tenis\/"]}]},{"@type":"ImageObject","inLanguage":"es","@id":"https:\/\/esbozodeportivo.com\/index.php\/2024\/02\/17\/recibe-gobierno-de-acapulco-a-representantes-del-abierto-mexicano-de-tenis\/#primaryimage","url":"https:\/\/esbozodeportivo.com\/wp-content\/uploads\/2024\/02\/Reunion.jpg","contentUrl":"https:\/\/esbozodeportivo.com\/wp-content\/uploads\/2024\/02\/Reunion.jpg","width":1280,"height":853},{"@type":"BreadcrumbList","@id":"https:\/\/esbozodeportivo.com\/index.php\/2024\/02\/17\/recibe-gobierno-de-acapulco-a-representantes-del-abierto-mexicano-de-tenis\/#breadcrumb","itemListElement":[{"@type":"ListItem","position":1,"name":"Inicio","item":"https:\/\/esbozodeportivo.com\/"},{"@type":"ListItem","position":2,"name":"Recibe Gobierno de Acapulco a representantes del Abierto Mexicano de Tenis"}]},{"@type":"WebSite","@id":"https:\/\/esbozodeportivo.com\/#website","url":"https:\/\/esbozodeportivo.com\/","name":"Esbozo Deportivo","description":"Lo m\u00e1s importante del Deporte","publisher":{"@id":"https:\/\/esbozodeportivo.com\/#organization"},"potentialAction":[{"@type":"SearchAction","target":{"@type":"EntryPoint","urlTemplate":"https:\/\/esbozodeportivo.com\/?s={search_term_string}"},"query-input":{"@type":"PropertyValueSpecification","valueRequired":true,"valueName":"search_term_string"}}],"inLanguage":"es"},{"@type":"Organization","@id":"https:\/\/esbozodeportivo.com\/#organization","name":"Esbozo Deportivo","url":"https:\/\/esbozodeportivo.com\/","logo":{"@type":"ImageObject","inLanguage":"es","@id":"https:\/\/esbozodeportivo.com\/#\/schema\/logo\/image\/","url":"https:\/\/esbozodeportivo.com\/wp-content\/uploads\/2022\/08\/cropped-Logo-Esbozo-Web-2.png","contentUrl":"https:\/\/esbozodeportivo.com\/wp-content\/uploads\/2022\/08\/cropped-Logo-Esbozo-Web-2.png","width":180,"height":50,"caption":"Esbozo Deportivo"},"image":{"@id":"https:\/\/esbozodeportivo.com\/#\/schema\/logo\/image\/"}},{"@type":"Person","@id":"https:\/\/esbozodeportivo.com\/#\/schema\/person\/7277119c98823aec37bbb84e125efd44","name":"Javier De La Cruz","image":{"@type":"ImageObject","inLanguage":"es","@id":"https:\/\/esbozodeportivo.com\/#\/schema\/person\/image\/","url":"https:\/\/secure.gravatar.com\/avatar\/366235a56d20f1a6e8e3d0b295897639357bea880470ddf261d17bb0bc052eb1?s=96&d=mm&r=g","contentUrl":"https:\/\/secure.gravatar.com\/avatar\/366235a56d20f1a6e8e3d0b295897639357bea880470ddf261d17bb0bc052eb1?s=96&d=mm&r=g","caption":"Javier De La Cruz"},"url":"https:\/\/esbozodeportivo.com\/index.php\/author\/javier-de-la-cruz-de-la-cruz\/"}]}},"jetpack_featured_media_url":"","jetpack_sharing_enabled":true,"_links":{"self":[{"href":"https:\/\/esbozodeportivo.com\/index.php\/wp-json\/wp\/v2\/posts\/3045","targetHints":{"allow":["GET"]}}],"collection":[{"href":"https:\/\/esbozodeportivo.com\/index.php\/wp-json\/wp\/v2\/posts"}],"about":[{"href":"https:\/\/esbozodeportivo.com\/index.php\/wp-json\/wp\/v2\/types\/post"}],"author":[{"embeddable":true,"href":"https:\/\/esbozodeportivo.com\/index.php\/wp-json\/wp\/v2\/users\/2"}],"replies":[{"embeddable":true,"href":"https:\/\/esbozodeportivo.com\/index.php\/wp-json\/wp\/v2\/comments?post=3045"}],"version-history":[{"count":4,"href":"https:\/\/esbozodeportivo.com\/index.php\/wp-json\/wp\/v2\/posts\/3045\/revisions"}],"predecessor-version":[{"id":3051,"href":"https:\/\/esbozodeportivo.com\/index.php\/wp-json\/wp\/v2\/posts\/3045\/revisions\/3051"}],"wp:attachment":[{"href":"https:\/\/esbozodeportivo.com\/index.php\/wp-json\/wp\/v2\/media?parent=3045"}],"wp:term":[{"taxonomy":"category","embeddable":true,"href":"https:\/\/esbozodeportivo.com\/index.php\/wp-json\/wp\/v2\/categories?post=3045"},{"taxonomy":"post_tag","embeddable":true,"href":"https:\/\/esbozodeportivo.com\/index.php\/wp-json\/wp\/v2\/tags?post=3045"}],"curies":[{"name":"wp","href":"https:\/\/api.w.org\/{rel}","templated":true}]}}