{"id":3052,"date":"2024-02-19T05:08:39","date_gmt":"2024-02-19T05:08:39","guid":{"rendered":"https:\/\/esbozodeportivo.com\/?p=3052"},"modified":"2024-02-19T05:13:28","modified_gmt":"2024-02-19T05:13:28","slug":"buscaran-13-mexicanos-plazas-al-maraton-de-juegos-olimpicos-de-paris-2024","status":"publish","type":"post","link":"https:\/\/esbozodeportivo.com\/index.php\/2024\/02\/19\/buscaran-13-mexicanos-plazas-al-maraton-de-juegos-olimpicos-de-paris-2024\/","title":{"rendered":"Buscar\u00e1n 13 mexicanos plazas al marat\u00f3n de Juegos Ol\u00edmpicos de Paris 2024"},"content":{"rendered":"<style>\/*! elementor - v3.19.0 - 07-02-2024 *\/\n.elementor-widget-image{text-align:center}.elementor-widget-image a{display:inline-block}.elementor-widget-image a img[src$=\".svg\"]{width:48px}.elementor-widget-image img{vertical-align:middle;display:inline-block}<\/style>\n<p>\t\t\t\t\t\t\t\t\t\t<img loading=\"lazy\" decoding=\"async\" width=\"583\" height=\"1024\" src=\"https:\/\/esbozodeportivo.com\/wp-content\/uploads\/2024\/02\/Adela_Honorato1-583x1024.jpg\" alt=\"\" srcset=\"https:\/\/esbozodeportivo.com\/wp-content\/uploads\/2024\/02\/Adela_Honorato1-583x1024.jpg 583w, https:\/\/esbozodeportivo.com\/wp-content\/uploads\/2024\/02\/Adela_Honorato1-171x300.jpg 171w, https:\/\/esbozodeportivo.com\/wp-content\/uploads\/2024\/02\/Adela_Honorato1-768x1349.jpg 768w, https:\/\/esbozodeportivo.com\/wp-content\/uploads\/2024\/02\/Adela_Honorato1-874x1536.jpg 874w, https:\/\/esbozodeportivo.com\/wp-content\/uploads\/2024\/02\/Adela_Honorato1-1024x1799.jpg 1024w, https:\/\/esbozodeportivo.com\/wp-content\/uploads\/2024\/02\/Adela_Honorato1.jpg 1027w\" sizes=\"auto, (max-width: 583px) 100vw, 583px\" \/>\t\t\t\t\t\t\t\t\t\t\t\t\t<\/p>\n<p>Adela Honorato <strong>(Foto: Fedmxatle)<\/strong><strong>\u00a0<\/strong><\/p>\n<p>La selecci\u00f3n mexicana de fondo est\u00e1 lista para participar este domingo en el Marat\u00f3n de Sevilla 2024, en el que 13 corredores de ambas ramas encabezados por Adela Honorato y Juan Joel Pacheco, respectivamente, buscar\u00e1n cumplir con la marcas para clasificar a los Juegos Ol\u00edmpicos de Paris 2024.<\/p>\n<p>La Federaci\u00f3n Mexicana de Asociaciones de Atletismo, dio a conocer que se tienen cinco fondistas registradas con Adela Honorato, quien tiene una marca de 2 horas, 33 minutos y 59 segundos, quien ser\u00e1 acompa\u00f1ada por Risper Biyaki, con 2:26.55, as\u00ed como Isabel Oropeza, con 2:30.05 y Marla Valtierra, con 2:39.29 en la distancia.<\/p>\n<p>\t\t\t\t\t\t\t\t\t\t\t\t\t<img loading=\"lazy\" decoding=\"async\" width=\"236\" height=\"425\" src=\"https:\/\/esbozodeportivo.com\/wp-content\/uploads\/2024\/02\/jua-jose.jpg\" alt=\"\" srcset=\"https:\/\/esbozodeportivo.com\/wp-content\/uploads\/2024\/02\/jua-jose.jpg 236w, https:\/\/esbozodeportivo.com\/wp-content\/uploads\/2024\/02\/jua-jose-167x300.jpg 167w\" sizes=\"auto, (max-width: 236px) 100vw, 236px\" \/>\t\t\t\t\t\t\t\t\t\t\t\t\t<\/p>\n<p>Juan Jos\u00e9 <strong>(Foto: Fedmxatle)<\/strong><strong>\u00a0<\/strong><\/p>\n<p>Por lo que respecta a la rama femenil, los corredores mexicanos que intervendr\u00e1n en la prueba este domingo, son Juan Joel Pacheco, quien tiene una marca de\u00a0 2 horas, 09 minutos y 45 segundos; Jos\u00e9 Antonio Uribe, con 2:08.55; Rn\u00e9 Ortiz, con 2 horas, 12 minutos y 16 segundos.<\/p>\n<p>De igual forma, la Federaci\u00f3n Mexicana de Asociaciones de Atletismo, confirm\u00f3 que el evento forma parte del proceso clasificatorio a los Juegos Ol\u00edmpicos de Paris, al estar reconocido por la World Athletics. Hasta el momento, la fondista mexicana Margarita Hern\u00e1ndez tiene su boleto para competir en el marat\u00f3n de Paris 2024.<\/p>\n<p>\t\t\t\t\t\t\t\t\t\t\t\t\t<img loading=\"lazy\" decoding=\"async\" width=\"507\" height=\"1024\" src=\"https:\/\/esbozodeportivo.com\/wp-content\/uploads\/2024\/02\/Risper-507x1024.jpg\" alt=\"\" srcset=\"https:\/\/esbozodeportivo.com\/wp-content\/uploads\/2024\/02\/Risper-507x1024.jpg 507w, https:\/\/esbozodeportivo.com\/wp-content\/uploads\/2024\/02\/Risper-148x300.jpg 148w, https:\/\/esbozodeportivo.com\/wp-content\/uploads\/2024\/02\/Risper.jpg 682w\" sizes=\"auto, (max-width: 507px) 100vw, 507px\" \/>\t\t\t\t\t\t\t\t\t\t\t\t\t<\/p>\n<p>Risper <strong>(Foto: Fedmxatle)<\/strong><strong>\u00a0<\/strong><\/p>\n<p>La lista de la integran tambi\u00e9n Hesiquio Flores, con su mejor marca de 2 horas, 11 minutos y 57 segundos; Juan Alberto Mena, con 2 horas, 13 minutos y 08 segundos, adem\u00e1s de Daniel Valdez, con 2:13.27, Jorge Luis Cruz (2:19.45 y Tirso Hern\u00e1ndez, con 2:19.51.<\/p>\n<p>La capitalina Adela Honorato arranc\u00f3 la temporada con su triunfo en el Campeonato Nacional de Campo Traviesa, realizado en Quer\u00e9ndaro, Michoac\u00e1n, al clasificar al Campeonato Panamericano que se llevar\u00e1 a cabo en El Salvador.<\/p>\n<p>\t\t\t\t\t\t\t\t\t\t\t\t\t<img loading=\"lazy\" decoding=\"async\" width=\"640\" height=\"612\" src=\"https:\/\/esbozodeportivo.com\/wp-content\/uploads\/2024\/02\/Adela_Honorato-1024x979.jpg\" alt=\"\" srcset=\"https:\/\/esbozodeportivo.com\/wp-content\/uploads\/2024\/02\/Adela_Honorato-1024x979.jpg 1024w, https:\/\/esbozodeportivo.com\/wp-content\/uploads\/2024\/02\/Adela_Honorato-300x287.jpg 300w, https:\/\/esbozodeportivo.com\/wp-content\/uploads\/2024\/02\/Adela_Honorato-768x734.jpg 768w, https:\/\/esbozodeportivo.com\/wp-content\/uploads\/2024\/02\/Adela_Honorato-1536x1468.jpg 1536w, https:\/\/esbozodeportivo.com\/wp-content\/uploads\/2024\/02\/Adela_Honorato-2048x1958.jpg 2048w\" sizes=\"auto, (max-width: 640px) 100vw, 640px\" \/>\t\t\t\t\t\t\t\t\t\t\t\t\t<\/p>\n<p>Adela Honorato <strong>(Foto: Fedmxatle)<\/strong><strong>\u00a0<\/strong><\/p>\n<p>La marca tope para hombres en el marat\u00f3n es de 2 horas, 08 minutos y 10 segundos, mientras que para mujeres\u00a0 es de 2 horas, 26 minutos y 50 segundos.<\/p>\n<p>\u00a0<\/p>\n","protected":false},"excerpt":{"rendered":"<p>Adela Honorato (Foto: Fedmxatle)\u00a0 La selecci\u00f3n mexicana de fondo est\u00e1 lista para participar este domingo<\/p>\n","protected":false},"author":2,"featured_media":0,"comment_status":"open","ping_status":"open","sticky":false,"template":"","format":"standard","meta":{"_jetpack_memberships_contains_paid_content":false,"footnotes":""},"categories":[5],"tags":[],"class_list":["post-3052","post","type-post","status-publish","format-standard","hentry","category-amateur"],"yoast_head":"<!-- This site is optimized with the Yoast SEO plugin v25.7 - https:\/\/yoast.com\/wordpress\/plugins\/seo\/ -->\n<title>Buscar\u00e1n 13 mexicanos plazas al marat\u00f3n de Juegos Ol\u00edmpicos de Paris 2024 - Esbozo Deportivo<\/title>\n<meta name=\"robots\" content=\"index, follow, max-snippet:-1, max-image-preview:large, max-video-preview:-1\" \/>\n<link rel=\"canonical\" href=\"https:\/\/esbozodeportivo.com\/index.php\/2024\/02\/19\/buscaran-13-mexicanos-plazas-al-maraton-de-juegos-olimpicos-de-paris-2024\/\" \/>\n<meta property=\"og:locale\" content=\"es_MX\" \/>\n<meta property=\"og:type\" content=\"article\" \/>\n<meta property=\"og:title\" content=\"Buscar\u00e1n 13 mexicanos plazas al marat\u00f3n de Juegos Ol\u00edmpicos de Paris 2024 - Esbozo Deportivo\" \/>\n<meta property=\"og:description\" content=\"Adela Honorato (Foto: Fedmxatle)\u00a0 La selecci\u00f3n mexicana de fondo est\u00e1 lista para participar este domingo\" \/>\n<meta property=\"og:url\" content=\"https:\/\/esbozodeportivo.com\/index.php\/2024\/02\/19\/buscaran-13-mexicanos-plazas-al-maraton-de-juegos-olimpicos-de-paris-2024\/\" \/>\n<meta property=\"og:site_name\" content=\"Esbozo Deportivo\" \/>\n<meta property=\"article:published_time\" content=\"2024-02-19T05:08:39+00:00\" \/>\n<meta property=\"article:modified_time\" content=\"2024-02-19T05:13:28+00:00\" \/>\n<meta property=\"og:image\" content=\"https:\/\/esbozodeportivo.com\/wp-content\/uploads\/2024\/02\/Adela_Honorato1-583x1024.jpg\" \/>\n<meta name=\"author\" content=\"Javier De La Cruz\" \/>\n<meta name=\"twitter:card\" content=\"summary_large_image\" \/>\n<meta name=\"twitter:label1\" content=\"Escrito por\" \/>\n\t<meta name=\"twitter:data1\" content=\"Javier De La Cruz\" \/>\n\t<meta name=\"twitter:label2\" content=\"Tiempo de lectura\" \/>\n\t<meta name=\"twitter:data2\" content=\"2 minutos\" \/>\n<script type=\"application\/ld+json\" class=\"yoast-schema-graph\">{\"@context\":\"https:\/\/schema.org\",\"@graph\":[{\"@type\":\"Article\",\"@id\":\"https:\/\/esbozodeportivo.com\/index.php\/2024\/02\/19\/buscaran-13-mexicanos-plazas-al-maraton-de-juegos-olimpicos-de-paris-2024\/#article\",\"isPartOf\":{\"@id\":\"https:\/\/esbozodeportivo.com\/index.php\/2024\/02\/19\/buscaran-13-mexicanos-plazas-al-maraton-de-juegos-olimpicos-de-paris-2024\/\"},\"author\":{\"name\":\"Javier De La Cruz\",\"@id\":\"https:\/\/esbozodeportivo.com\/#\/schema\/person\/7277119c98823aec37bbb84e125efd44\"},\"headline\":\"Buscar\u00e1n 13 mexicanos plazas al marat\u00f3n de Juegos Ol\u00edmpicos de Paris 2024\",\"datePublished\":\"2024-02-19T05:08:39+00:00\",\"dateModified\":\"2024-02-19T05:13:28+00:00\",\"mainEntityOfPage\":{\"@id\":\"https:\/\/esbozodeportivo.com\/index.php\/2024\/02\/19\/buscaran-13-mexicanos-plazas-al-maraton-de-juegos-olimpicos-de-paris-2024\/\"},\"wordCount\":324,\"commentCount\":0,\"publisher\":{\"@id\":\"https:\/\/esbozodeportivo.com\/#organization\"},\"image\":{\"@id\":\"https:\/\/esbozodeportivo.com\/index.php\/2024\/02\/19\/buscaran-13-mexicanos-plazas-al-maraton-de-juegos-olimpicos-de-paris-2024\/#primaryimage\"},\"thumbnailUrl\":\"https:\/\/esbozodeportivo.com\/wp-content\/uploads\/2024\/02\/Adela_Honorato1-583x1024.jpg\",\"articleSection\":[\"Amateur\"],\"inLanguage\":\"es\",\"potentialAction\":[{\"@type\":\"CommentAction\",\"name\":\"Comment\",\"target\":[\"https:\/\/esbozodeportivo.com\/index.php\/2024\/02\/19\/buscaran-13-mexicanos-plazas-al-maraton-de-juegos-olimpicos-de-paris-2024\/#respond\"]}]},{\"@type\":\"WebPage\",\"@id\":\"https:\/\/esbozodeportivo.com\/index.php\/2024\/02\/19\/buscaran-13-mexicanos-plazas-al-maraton-de-juegos-olimpicos-de-paris-2024\/\",\"url\":\"https:\/\/esbozodeportivo.com\/index.php\/2024\/02\/19\/buscaran-13-mexicanos-plazas-al-maraton-de-juegos-olimpicos-de-paris-2024\/\",\"name\":\"Buscar\u00e1n 13 mexicanos plazas al marat\u00f3n de Juegos Ol\u00edmpicos de Paris 2024 - Esbozo Deportivo\",\"isPartOf\":{\"@id\":\"https:\/\/esbozodeportivo.com\/#website\"},\"primaryImageOfPage\":{\"@id\":\"https:\/\/esbozodeportivo.com\/index.php\/2024\/02\/19\/buscaran-13-mexicanos-plazas-al-maraton-de-juegos-olimpicos-de-paris-2024\/#primaryimage\"},\"image\":{\"@id\":\"https:\/\/esbozodeportivo.com\/index.php\/2024\/02\/19\/buscaran-13-mexicanos-plazas-al-maraton-de-juegos-olimpicos-de-paris-2024\/#primaryimage\"},\"thumbnailUrl\":\"https:\/\/esbozodeportivo.com\/wp-content\/uploads\/2024\/02\/Adela_Honorato1-583x1024.jpg\",\"datePublished\":\"2024-02-19T05:08:39+00:00\",\"dateModified\":\"2024-02-19T05:13:28+00:00\",\"breadcrumb\":{\"@id\":\"https:\/\/esbozodeportivo.com\/index.php\/2024\/02\/19\/buscaran-13-mexicanos-plazas-al-maraton-de-juegos-olimpicos-de-paris-2024\/#breadcrumb\"},\"inLanguage\":\"es\",\"potentialAction\":[{\"@type\":\"ReadAction\",\"target\":[\"https:\/\/esbozodeportivo.com\/index.php\/2024\/02\/19\/buscaran-13-mexicanos-plazas-al-maraton-de-juegos-olimpicos-de-paris-2024\/\"]}]},{\"@type\":\"ImageObject\",\"inLanguage\":\"es\",\"@id\":\"https:\/\/esbozodeportivo.com\/index.php\/2024\/02\/19\/buscaran-13-mexicanos-plazas-al-maraton-de-juegos-olimpicos-de-paris-2024\/#primaryimage\",\"url\":\"https:\/\/esbozodeportivo.com\/wp-content\/uploads\/2024\/02\/Adela_Honorato1.jpg\",\"contentUrl\":\"https:\/\/esbozodeportivo.com\/wp-content\/uploads\/2024\/02\/Adela_Honorato1.jpg\",\"width\":1027,\"height\":1804,\"caption\":\"Exif_JPEG_420\"},{\"@type\":\"BreadcrumbList\",\"@id\":\"https:\/\/esbozodeportivo.com\/index.php\/2024\/02\/19\/buscaran-13-mexicanos-plazas-al-maraton-de-juegos-olimpicos-de-paris-2024\/#breadcrumb\",\"itemListElement\":[{\"@type\":\"ListItem\",\"position\":1,\"name\":\"Inicio\",\"item\":\"https:\/\/esbozodeportivo.com\/\"},{\"@type\":\"ListItem\",\"position\":2,\"name\":\"Buscar\u00e1n 13 mexicanos plazas al marat\u00f3n de Juegos Ol\u00edmpicos de Paris 2024\"}]},{\"@type\":\"WebSite\",\"@id\":\"https:\/\/esbozodeportivo.com\/#website\",\"url\":\"https:\/\/esbozodeportivo.com\/\",\"name\":\"Esbozo Deportivo\",\"description\":\"Lo m\u00e1s importante del Deporte\",\"publisher\":{\"@id\":\"https:\/\/esbozodeportivo.com\/#organization\"},\"potentialAction\":[{\"@type\":\"SearchAction\",\"target\":{\"@type\":\"EntryPoint\",\"urlTemplate\":\"https:\/\/esbozodeportivo.com\/?s={search_term_string}\"},\"query-input\":{\"@type\":\"PropertyValueSpecification\",\"valueRequired\":true,\"valueName\":\"search_term_string\"}}],\"inLanguage\":\"es\"},{\"@type\":\"Organization\",\"@id\":\"https:\/\/esbozodeportivo.com\/#organization\",\"name\":\"Esbozo Deportivo\",\"url\":\"https:\/\/esbozodeportivo.com\/\",\"logo\":{\"@type\":\"ImageObject\",\"inLanguage\":\"es\",\"@id\":\"https:\/\/esbozodeportivo.com\/#\/schema\/logo\/image\/\",\"url\":\"https:\/\/esbozodeportivo.com\/wp-content\/uploads\/2022\/08\/cropped-Logo-Esbozo-Web-2.png\",\"contentUrl\":\"https:\/\/esbozodeportivo.com\/wp-content\/uploads\/2022\/08\/cropped-Logo-Esbozo-Web-2.png\",\"width\":180,\"height\":50,\"caption\":\"Esbozo Deportivo\"},\"image\":{\"@id\":\"https:\/\/esbozodeportivo.com\/#\/schema\/logo\/image\/\"}},{\"@type\":\"Person\",\"@id\":\"https:\/\/esbozodeportivo.com\/#\/schema\/person\/7277119c98823aec37bbb84e125efd44\",\"name\":\"Javier De La Cruz\",\"image\":{\"@type\":\"ImageObject\",\"inLanguage\":\"es\",\"@id\":\"https:\/\/esbozodeportivo.com\/#\/schema\/person\/image\/\",\"url\":\"https:\/\/secure.gravatar.com\/avatar\/366235a56d20f1a6e8e3d0b295897639357bea880470ddf261d17bb0bc052eb1?s=96&d=mm&r=g\",\"contentUrl\":\"https:\/\/secure.gravatar.com\/avatar\/366235a56d20f1a6e8e3d0b295897639357bea880470ddf261d17bb0bc052eb1?s=96&d=mm&r=g\",\"caption\":\"Javier De La Cruz\"},\"url\":\"https:\/\/esbozodeportivo.com\/index.php\/author\/javier-de-la-cruz-de-la-cruz\/\"}]}<\/script>\n<!-- \/ Yoast SEO plugin. -->","yoast_head_json":{"title":"Buscar\u00e1n 13 mexicanos plazas al marat\u00f3n de Juegos Ol\u00edmpicos de Paris 2024 - Esbozo Deportivo","robots":{"index":"index","follow":"follow","max-snippet":"max-snippet:-1","max-image-preview":"max-image-preview:large","max-video-preview":"max-video-preview:-1"},"canonical":"https:\/\/esbozodeportivo.com\/index.php\/2024\/02\/19\/buscaran-13-mexicanos-plazas-al-maraton-de-juegos-olimpicos-de-paris-2024\/","og_locale":"es_MX","og_type":"article","og_title":"Buscar\u00e1n 13 mexicanos plazas al marat\u00f3n de Juegos Ol\u00edmpicos de Paris 2024 - Esbozo Deportivo","og_description":"Adela Honorato (Foto: Fedmxatle)\u00a0 La selecci\u00f3n mexicana de fondo est\u00e1 lista para participar este domingo","og_url":"https:\/\/esbozodeportivo.com\/index.php\/2024\/02\/19\/buscaran-13-mexicanos-plazas-al-maraton-de-juegos-olimpicos-de-paris-2024\/","og_site_name":"Esbozo Deportivo","article_published_time":"2024-02-19T05:08:39+00:00","article_modified_time":"2024-02-19T05:13:28+00:00","og_image":[{"url":"https:\/\/esbozodeportivo.com\/wp-content\/uploads\/2024\/02\/Adela_Honorato1-583x1024.jpg","type":"","width":"","height":""}],"author":"Javier De La Cruz","twitter_card":"summary_large_image","twitter_misc":{"Escrito por":"Javier De La Cruz","Tiempo de lectura":"2 minutos"},"schema":{"@context":"https:\/\/schema.org","@graph":[{"@type":"Article","@id":"https:\/\/esbozodeportivo.com\/index.php\/2024\/02\/19\/buscaran-13-mexicanos-plazas-al-maraton-de-juegos-olimpicos-de-paris-2024\/#article","isPartOf":{"@id":"https:\/\/esbozodeportivo.com\/index.php\/2024\/02\/19\/buscaran-13-mexicanos-plazas-al-maraton-de-juegos-olimpicos-de-paris-2024\/"},"author":{"name":"Javier De La Cruz","@id":"https:\/\/esbozodeportivo.com\/#\/schema\/person\/7277119c98823aec37bbb84e125efd44"},"headline":"Buscar\u00e1n 13 mexicanos plazas al marat\u00f3n de Juegos Ol\u00edmpicos de Paris 2024","datePublished":"2024-02-19T05:08:39+00:00","dateModified":"2024-02-19T05:13:28+00:00","mainEntityOfPage":{"@id":"https:\/\/esbozodeportivo.com\/index.php\/2024\/02\/19\/buscaran-13-mexicanos-plazas-al-maraton-de-juegos-olimpicos-de-paris-2024\/"},"wordCount":324,"commentCount":0,"publisher":{"@id":"https:\/\/esbozodeportivo.com\/#organization"},"image":{"@id":"https:\/\/esbozodeportivo.com\/index.php\/2024\/02\/19\/buscaran-13-mexicanos-plazas-al-maraton-de-juegos-olimpicos-de-paris-2024\/#primaryimage"},"thumbnailUrl":"https:\/\/esbozodeportivo.com\/wp-content\/uploads\/2024\/02\/Adela_Honorato1-583x1024.jpg","articleSection":["Amateur"],"inLanguage":"es","potentialAction":[{"@type":"CommentAction","name":"Comment","target":["https:\/\/esbozodeportivo.com\/index.php\/2024\/02\/19\/buscaran-13-mexicanos-plazas-al-maraton-de-juegos-olimpicos-de-paris-2024\/#respond"]}]},{"@type":"WebPage","@id":"https:\/\/esbozodeportivo.com\/index.php\/2024\/02\/19\/buscaran-13-mexicanos-plazas-al-maraton-de-juegos-olimpicos-de-paris-2024\/","url":"https:\/\/esbozodeportivo.com\/index.php\/2024\/02\/19\/buscaran-13-mexicanos-plazas-al-maraton-de-juegos-olimpicos-de-paris-2024\/","name":"Buscar\u00e1n 13 mexicanos plazas al marat\u00f3n de Juegos Ol\u00edmpicos de Paris 2024 - Esbozo Deportivo","isPartOf":{"@id":"https:\/\/esbozodeportivo.com\/#website"},"primaryImageOfPage":{"@id":"https:\/\/esbozodeportivo.com\/index.php\/2024\/02\/19\/buscaran-13-mexicanos-plazas-al-maraton-de-juegos-olimpicos-de-paris-2024\/#primaryimage"},"image":{"@id":"https:\/\/esbozodeportivo.com\/index.php\/2024\/02\/19\/buscaran-13-mexicanos-plazas-al-maraton-de-juegos-olimpicos-de-paris-2024\/#primaryimage"},"thumbnailUrl":"https:\/\/esbozodeportivo.com\/wp-content\/uploads\/2024\/02\/Adela_Honorato1-583x1024.jpg","datePublished":"2024-02-19T05:08:39+00:00","dateModified":"2024-02-19T05:13:28+00:00","breadcrumb":{"@id":"https:\/\/esbozodeportivo.com\/index.php\/2024\/02\/19\/buscaran-13-mexicanos-plazas-al-maraton-de-juegos-olimpicos-de-paris-2024\/#breadcrumb"},"inLanguage":"es","potentialAction":[{"@type":"ReadAction","target":["https:\/\/esbozodeportivo.com\/index.php\/2024\/02\/19\/buscaran-13-mexicanos-plazas-al-maraton-de-juegos-olimpicos-de-paris-2024\/"]}]},{"@type":"ImageObject","inLanguage":"es","@id":"https:\/\/esbozodeportivo.com\/index.php\/2024\/02\/19\/buscaran-13-mexicanos-plazas-al-maraton-de-juegos-olimpicos-de-paris-2024\/#primaryimage","url":"https:\/\/esbozodeportivo.com\/wp-content\/uploads\/2024\/02\/Adela_Honorato1.jpg","contentUrl":"https:\/\/esbozodeportivo.com\/wp-content\/uploads\/2024\/02\/Adela_Honorato1.jpg","width":1027,"height":1804,"caption":"Exif_JPEG_420"},{"@type":"BreadcrumbList","@id":"https:\/\/esbozodeportivo.com\/index.php\/2024\/02\/19\/buscaran-13-mexicanos-plazas-al-maraton-de-juegos-olimpicos-de-paris-2024\/#breadcrumb","itemListElement":[{"@type":"ListItem","position":1,"name":"Inicio","item":"https:\/\/esbozodeportivo.com\/"},{"@type":"ListItem","position":2,"name":"Buscar\u00e1n 13 mexicanos plazas al marat\u00f3n de Juegos Ol\u00edmpicos de Paris 2024"}]},{"@type":"WebSite","@id":"https:\/\/esbozodeportivo.com\/#website","url":"https:\/\/esbozodeportivo.com\/","name":"Esbozo Deportivo","description":"Lo m\u00e1s importante del Deporte","publisher":{"@id":"https:\/\/esbozodeportivo.com\/#organization"},"potentialAction":[{"@type":"SearchAction","target":{"@type":"EntryPoint","urlTemplate":"https:\/\/esbozodeportivo.com\/?s={search_term_string}"},"query-input":{"@type":"PropertyValueSpecification","valueRequired":true,"valueName":"search_term_string"}}],"inLanguage":"es"},{"@type":"Organization","@id":"https:\/\/esbozodeportivo.com\/#organization","name":"Esbozo Deportivo","url":"https:\/\/esbozodeportivo.com\/","logo":{"@type":"ImageObject","inLanguage":"es","@id":"https:\/\/esbozodeportivo.com\/#\/schema\/logo\/image\/","url":"https:\/\/esbozodeportivo.com\/wp-content\/uploads\/2022\/08\/cropped-Logo-Esbozo-Web-2.png","contentUrl":"https:\/\/esbozodeportivo.com\/wp-content\/uploads\/2022\/08\/cropped-Logo-Esbozo-Web-2.png","width":180,"height":50,"caption":"Esbozo Deportivo"},"image":{"@id":"https:\/\/esbozodeportivo.com\/#\/schema\/logo\/image\/"}},{"@type":"Person","@id":"https:\/\/esbozodeportivo.com\/#\/schema\/person\/7277119c98823aec37bbb84e125efd44","name":"Javier De La Cruz","image":{"@type":"ImageObject","inLanguage":"es","@id":"https:\/\/esbozodeportivo.com\/#\/schema\/person\/image\/","url":"https:\/\/secure.gravatar.com\/avatar\/366235a56d20f1a6e8e3d0b295897639357bea880470ddf261d17bb0bc052eb1?s=96&d=mm&r=g","contentUrl":"https:\/\/secure.gravatar.com\/avatar\/366235a56d20f1a6e8e3d0b295897639357bea880470ddf261d17bb0bc052eb1?s=96&d=mm&r=g","caption":"Javier De La Cruz"},"url":"https:\/\/esbozodeportivo.com\/index.php\/author\/javier-de-la-cruz-de-la-cruz\/"}]}},"jetpack_featured_media_url":"","jetpack_sharing_enabled":true,"_links":{"self":[{"href":"https:\/\/esbozodeportivo.com\/index.php\/wp-json\/wp\/v2\/posts\/3052","targetHints":{"allow":["GET"]}}],"collection":[{"href":"https:\/\/esbozodeportivo.com\/index.php\/wp-json\/wp\/v2\/posts"}],"about":[{"href":"https:\/\/esbozodeportivo.com\/index.php\/wp-json\/wp\/v2\/types\/post"}],"author":[{"embeddable":true,"href":"https:\/\/esbozodeportivo.com\/index.php\/wp-json\/wp\/v2\/users\/2"}],"replies":[{"embeddable":true,"href":"https:\/\/esbozodeportivo.com\/index.php\/wp-json\/wp\/v2\/comments?post=3052"}],"version-history":[{"count":4,"href":"https:\/\/esbozodeportivo.com\/index.php\/wp-json\/wp\/v2\/posts\/3052\/revisions"}],"predecessor-version":[{"id":3060,"href":"https:\/\/esbozodeportivo.com\/index.php\/wp-json\/wp\/v2\/posts\/3052\/revisions\/3060"}],"wp:attachment":[{"href":"https:\/\/esbozodeportivo.com\/index.php\/wp-json\/wp\/v2\/media?parent=3052"}],"wp:term":[{"taxonomy":"category","embeddable":true,"href":"https:\/\/esbozodeportivo.com\/index.php\/wp-json\/wp\/v2\/categories?post=3052"},{"taxonomy":"post_tag","embeddable":true,"href":"https:\/\/esbozodeportivo.com\/index.php\/wp-json\/wp\/v2\/tags?post=3052"}],"curies":[{"name":"wp","href":"https:\/\/api.w.org\/{rel}","templated":true}]}}