{"id":3061,"date":"2024-02-19T05:39:42","date_gmt":"2024-02-19T05:39:42","guid":{"rendered":"https:\/\/esbozodeportivo.com\/?p=3061"},"modified":"2024-02-19T05:50:06","modified_gmt":"2024-02-19T05:50:06","slug":"en-el-ultimo-dia-del-mundial-de-natacion-cierra-con-record-nacional","status":"publish","type":"post","link":"https:\/\/esbozodeportivo.com\/index.php\/2024\/02\/19\/en-el-ultimo-dia-del-mundial-de-natacion-cierra-con-record-nacional\/","title":{"rendered":"En el \u00faltimo d\u00eda del Mundial de Nataci\u00f3n cierra con r\u00e9cord nacional"},"content":{"rendered":"<style>\/*! elementor - v3.19.0 - 07-02-2024 *\/\n.elementor-widget-image{text-align:center}.elementor-widget-image a{display:inline-block}.elementor-widget-image a img[src$=\".svg\"]{width:48px}.elementor-widget-image img{vertical-align:middle;display:inline-block}<\/style>\n<p>\t\t\t\t\t\t\t\t\t\t<img loading=\"lazy\" decoding=\"async\" width=\"640\" height=\"426\" src=\"https:\/\/esbozodeportivo.com\/wp-content\/uploads\/2024\/02\/nadadores1-1024x682.jpg\" alt=\"\" srcset=\"https:\/\/esbozodeportivo.com\/wp-content\/uploads\/2024\/02\/nadadores1-1024x682.jpg 1024w, https:\/\/esbozodeportivo.com\/wp-content\/uploads\/2024\/02\/nadadores1-300x200.jpg 300w, https:\/\/esbozodeportivo.com\/wp-content\/uploads\/2024\/02\/nadadores1-768x512.jpg 768w, https:\/\/esbozodeportivo.com\/wp-content\/uploads\/2024\/02\/nadadores1.jpg 1280w\" sizes=\"auto, (max-width: 640px) 100vw, 640px\" \/>\t\t\t\t\t\t\t\t\t\t\t\t\t<\/p>\n<p>(Foto: acu\u00e1ticanelsonvargas)<\/p>\n<p><strong>El alcalde de la Magdalena Contreras trabaja con intensidad por sus deportistas<\/strong><\/p>\n<p>Las concentraciones de selecciones son la clave para los mejores resultados<\/p>\n<p><strong><em>\u00a0<\/em><\/strong>Durante la jornada de hoy, se llev\u00f3 a cabo el inicio de un importante convenio para el futuro del deporte en la alcald\u00eda Magdalena Contreras y esto se debe a la gesti\u00f3n, medidas y sobre todo el uso de los recursos de manera eficiente para que, los atletas que all\u00ed pertenecen tengan un mejor desarrollo y desempe\u00f1o en sus actividades.<\/p>\n<p>El Lic. Luis Gerardo Quijano, alcalde de la Magdalena Contreras hizo hoy presencia en <strong><em>la acu\u00e1tica nelsonvargas<\/em><\/strong> \u2013 San Jer\u00f3nimo, para que, sus atletas: Mariana Canseco Tolentino, Refina Chavarr\u00eda Gonz\u00e1lez, Regina P\u00e9rez Mat\u00edas y Dasha Navarro Cabrera, aprovechar\u00e1n el convenio interinstitucional gestado por estas dos entidades.<\/p>\n<p>\t\t\t\t\t\t\t\t\t\t\t\t\t<img loading=\"lazy\" decoding=\"async\" width=\"640\" height=\"320\" src=\"https:\/\/esbozodeportivo.com\/wp-content\/uploads\/2024\/02\/nadadores2-1024x512.jpg\" alt=\"\" srcset=\"https:\/\/esbozodeportivo.com\/wp-content\/uploads\/2024\/02\/nadadores2-1024x512.jpg 1024w, https:\/\/esbozodeportivo.com\/wp-content\/uploads\/2024\/02\/nadadores2-300x150.jpg 300w, https:\/\/esbozodeportivo.com\/wp-content\/uploads\/2024\/02\/nadadores2-768x384.jpg 768w, https:\/\/esbozodeportivo.com\/wp-content\/uploads\/2024\/02\/nadadores2.jpg 1280w\" sizes=\"auto, (max-width: 640px) 100vw, 640px\" \/>\t\t\t\t\t\t\t\t\t\t\t\t\t<\/p>\n<p>(Foto: acu\u00e1ticanelsonvargas)<\/p>\n<p>All\u00ed, en <strong><em>acu\u00e1tica nelsonvargas<\/em><\/strong> y de la mano del entrenador de nataci\u00f3n y especialista en biomec\u00e1nica Neldo Treto, se realiz\u00f3 una evaluaci\u00f3n biomec\u00e1nica a cada una de estas deportistas, aprovechando nuestro laboratorio acu\u00e1tico y donde se logra de la mano del conocimiento el perfeccionamiento t\u00e9cnico, por lo que, cada una de estas nadadoras conocieron sus virtudes y dificultades en sus t\u00e9cnicas y las mejores estrateg\u00edas de mejorar sus sistemas de entrenamiento.<\/p>\n<p>Para el Lic. Luis Gerardo, este convenio, es: <em>\u201c\u2026 Un inter\u00e9s fundamental para apoyar a nuestras nadadoras que ya tienen un nivel un poco m\u00e1s alto, con capacidad para competir a nivel nacional. Acercarnos al Profesor Nelson Vargas, es acercarnos a toda la tecnolog\u00eda que traen, a la t\u00e9cnica, a la experiencia que tiene \u00e9l y su empresa, logrando as\u00ed trabajar de manera conjunta y que nuestras deportistas puedan alcanzar un nivel m\u00e1s profesional\u2026\u201d.<\/em><\/p>\n<p>\t\t\t\t\t\t\t\t\t\t\t\t\t<img loading=\"lazy\" decoding=\"async\" width=\"640\" height=\"561\" src=\"https:\/\/esbozodeportivo.com\/wp-content\/uploads\/2024\/02\/Record.jpg\" alt=\"\" srcset=\"https:\/\/esbozodeportivo.com\/wp-content\/uploads\/2024\/02\/Record.jpg 886w, https:\/\/esbozodeportivo.com\/wp-content\/uploads\/2024\/02\/Record-300x263.jpg 300w, https:\/\/esbozodeportivo.com\/wp-content\/uploads\/2024\/02\/Record-768x673.jpg 768w\" sizes=\"auto, (max-width: 640px) 100vw, 640px\" \/>\t\t\t\t\t\t\t\t\t\t\t\t\t<\/p>\n<p>(Foto: acu\u00e1ticanelsonvargas)<\/p>\n<h3><strong>Con r\u00e9cord nacional absoluto se cierra el mundial de nataci\u00f3n 2024<\/strong><\/h3>\n<p>Jornada final de preliminares en el XXI Campeonato Mundial de Nataci\u00f3n en Doha \u2013 Catar, all\u00ed, M\u00e9xico hizo presencia con dos cuartetos que nos representaron en los relevos 4&#215;100 m combinado femenino y masculino.<\/p>\n<p>Los primeros en salir a competencia fueron los nadadores: Diego Camacho Salgado, Miguel Alejandro De Lara &#8211; <strong><em>ANV<\/em><\/strong>, Jorge Iga &#8211; <strong><em>ANV<\/em><\/strong> y Andr\u00e9s Dupont Cabrera, quienes instalaron su nombre en los R\u00e9cords Nacionales Mexicanos, esto al detener el cronometro, en; 3.36.88, mejorando el tiempo ya establecido el 30 de julio de 2023 en Fukuoka, Jap\u00f3n, cuando se realiz\u00f3 el Campeonato del Mundo y donde se detuvo el cronometro, en: 3.37.25.<\/p>\n<p>\t\t\t\t\t\t\t\t\t\t\t\t\t<img loading=\"lazy\" decoding=\"async\" width=\"640\" height=\"358\" src=\"https:\/\/esbozodeportivo.com\/wp-content\/uploads\/2024\/02\/Record1-1024x572.jpg\" alt=\"\" srcset=\"https:\/\/esbozodeportivo.com\/wp-content\/uploads\/2024\/02\/Record1-1024x572.jpg 1024w, https:\/\/esbozodeportivo.com\/wp-content\/uploads\/2024\/02\/Record1-300x168.jpg 300w, https:\/\/esbozodeportivo.com\/wp-content\/uploads\/2024\/02\/Record1-768x429.jpg 768w, https:\/\/esbozodeportivo.com\/wp-content\/uploads\/2024\/02\/Record1.jpg 1170w\" sizes=\"auto, (max-width: 640px) 100vw, 640px\" \/>\t\t\t\t\t\t\t\t\t\t\t\t\t<\/p>\n<p>(Foto: acu\u00e1ticanelsonvargas)<\/p>\n<p>En esta prueba el tricolor nacional se posicion\u00f3 en el lugar 14\u00b0, con: 3.36.88. De tenerse en cuenta que tan s\u00f3lo se presentaron 22 equipos del planeta, por lo que pasan a final directa ocho (8) de los cuartetos participantes. La primera plaza de clasificaci\u00f3n se la llev\u00f3 el equipo de Estados Unidos, con: 3.32.53.<\/p>\n<p>Minutos m\u00e1s tarde se hicieron presentes las damas en esta misma prueba, ellas fueron: Tayde Sansores, Byanca Melissa Rodr\u00edguez Villanueva, Mar\u00eda Jos\u00e9 Mata Cocco \u2013 <strong><em>ANV<\/em><\/strong> y Tayde Ana Sofia Revilak Fonseca, quienes en un trabajo en conjunto lograron un tiempo, de: 4.08.30, lo que las ubic\u00f3 en la posici\u00f3n 16\u00b0. El equipo l\u00edder de la preliminar fue Canad\u00e1, quienes lograron la primera plaza, con: 3.58.63.<\/p>\n<p>\u00a0<\/p>\n<p>\t\t\t\t\t\t\t\t\t\t\t\t\t<img loading=\"lazy\" decoding=\"async\" width=\"640\" height=\"675\" src=\"https:\/\/esbozodeportivo.com\/wp-content\/uploads\/2024\/02\/Record2-971x1024.jpg\" alt=\"\" srcset=\"https:\/\/esbozodeportivo.com\/wp-content\/uploads\/2024\/02\/Record2-971x1024.jpg 971w, https:\/\/esbozodeportivo.com\/wp-content\/uploads\/2024\/02\/Record2-284x300.jpg 284w, https:\/\/esbozodeportivo.com\/wp-content\/uploads\/2024\/02\/Record2-768x810.jpg 768w, https:\/\/esbozodeportivo.com\/wp-content\/uploads\/2024\/02\/Record2-1024x1080.jpg 1024w, https:\/\/esbozodeportivo.com\/wp-content\/uploads\/2024\/02\/Record2.jpg 1170w\" sizes=\"auto, (max-width: 640px) 100vw, 640px\" \/>\t\t\t\t\t\t\t\t\t\t\t\t\t<\/p>\n<p>(Foto: acu\u00e1ticanelsonvargas)<\/p>\n<h5>Con esto concluye la participaci\u00f3n de nuestro pa\u00eds y sus deportistas en el XXI Campeonato Mundial de Nataci\u00f3n,<\/h5>\n<h5>\u00a0<\/h5>\n<h5>Los resultados de la VIII Jornada:<\/h5>\n<table width=\"663\">\n<tbody>\n<tr>\n<td width=\"55\">\n<h6><strong>LUGAR <\/strong><\/h6>\n<\/td>\n<td width=\"123\">\n<h6><strong>PRUEBA<\/strong><\/h6>\n<\/td>\n<td width=\"160\">\n<h6><strong>NOMBRE<\/strong><\/h6>\n<\/td>\n<td width=\"47\">\n<h6><strong>EDAD<\/strong><\/h6>\n<\/td>\n<td width=\"40\">\n<h6><strong>RT<\/strong><\/h6>\n<\/td>\n<td width=\"75\">\n<h6><strong>DISTANCIA<\/strong><\/h6>\n<\/td>\n<td width=\"77\">\n<h6><strong>SPLIT TIME <\/strong><\/h6>\n<\/td>\n<td width=\"86\">\n<h6><strong>TIEMPO ACUMULADO<\/strong><\/h6>\n<\/td>\n<\/tr>\n<tr>\n<td rowspan=\"8\" width=\"55\">\n<h6>14<\/h6>\n<\/td>\n<td rowspan=\"8\" width=\"123\">\n<h6>4&#215;100 relevo combinado<\/h6>\n<\/td>\n<td width=\"160\">\n<h6>Diego Camacho Salgado<\/h6>\n<\/td>\n<td width=\"47\">\n<h6>21<\/h6>\n<\/td>\n<td width=\"40\">\n<h6>0.52<\/h6>\n<\/td>\n<td width=\"75\">\n<h6>50 m<\/h6>\n<\/td>\n<td width=\"77\">\n<h6>27.07<\/h6>\n<\/td>\n<td width=\"86\">\n<h6>27.07<\/h6>\n<\/td>\n<\/tr>\n<tr>\n<td width=\"160\">\u00a0<\/td>\n<td width=\"47\">\u00a0<\/td>\n<td width=\"40\">\u00a0<\/td>\n<td width=\"75\">\n<h6>100 m<\/h6>\n<\/td>\n<td width=\"77\">\n<h6>28.76<\/h6>\n<\/td>\n<td width=\"86\">\n<h6>55.83<\/h6>\n<\/td>\n<\/tr>\n<tr>\n<td width=\"160\">\n<h6>Miguel Alejandro De Lara<\/h6>\n<\/td>\n<td width=\"47\">\n<h6>29<\/h6>\n<\/td>\n<td width=\"40\">\n<h6>0.32<\/h6>\n<\/td>\n<td width=\"75\">\n<h6>150 m<\/h6>\n<\/td>\n<td width=\"77\">\n<h6>27.79<\/h6>\n<\/td>\n<td width=\"86\">\n<h6>01.23.62<\/h6>\n<\/td>\n<\/tr>\n<tr>\n<td width=\"160\">\u00a0<\/td>\n<td width=\"47\">\u00a0<\/td>\n<td width=\"40\">\u00a0<\/td>\n<td width=\"75\">\n<h6>200 m<\/h6>\n<\/td>\n<td width=\"77\">\n<h6>32.73<\/h6>\n<\/td>\n<td width=\"86\">\n<h6>01.56.35<\/h6>\n<\/td>\n<\/tr>\n<tr>\n<td width=\"160\">\n<h6>Jorge Iga<\/h6>\n<\/td>\n<td width=\"47\">\n<h6>27<\/h6>\n<\/td>\n<td width=\"40\">\n<h6>0.27<\/h6>\n<\/td>\n<td width=\"75\">\n<h6>250 m<\/h6>\n<\/td>\n<td width=\"77\">\n<h6>24.29<\/h6>\n<\/td>\n<td width=\"86\">\n<h6>02.20.64<\/h6>\n<\/td>\n<\/tr>\n<tr>\n<td width=\"160\">\u00a0<\/td>\n<td width=\"47\">\u00a0<\/td>\n<td width=\"40\">\u00a0<\/td>\n<td width=\"75\">\n<h6>300 m<\/h6>\n<\/td>\n<td width=\"77\">\n<h6>28.17<\/h6>\n<\/td>\n<td width=\"86\">\n<h6>02.48.81<\/h6>\n<\/td>\n<\/tr>\n<tr>\n<td width=\"160\">\n<h6>Andr\u00e9s Dupont Cabrera<\/h6>\n<\/td>\n<td width=\"47\">\n<h6>20<\/h6>\n<\/td>\n<td width=\"40\">\n<h6>0.18<\/h6>\n<\/td>\n<td width=\"75\">\n<h6>350 m<\/h6>\n<\/td>\n<td width=\"77\">\n<h6>22.84<\/h6>\n<\/td>\n<td width=\"86\">\n<h6>03.11.65<\/h6>\n<\/td>\n<\/tr>\n<tr>\n<td width=\"160\">\u00a0<\/td>\n<td width=\"47\">\u00a0<\/td>\n<td width=\"40\">\u00a0<\/td>\n<td width=\"75\">\n<h6>400 m<\/h6>\n<\/td>\n<td width=\"77\">\n<h6>25.23<\/h6>\n<\/td>\n<td width=\"86\">\n<h6>03.36.88<\/h6>\n<\/td>\n<\/tr>\n<tr>\n<td rowspan=\"4\" width=\"55\">\n<h6>16<\/h6>\n<\/td>\n<td rowspan=\"4\" width=\"123\">\n<h6>4&#215;100 relevo combinado<\/h6>\n<\/td>\n<td width=\"160\">\n<h6>Tayde Sansores<\/h6>\n<\/td>\n<td width=\"47\">\n<h6>24<\/h6>\n<\/td>\n<td width=\"40\">\u00a0<\/td>\n<td width=\"75\">\u00a0<\/td>\n<td width=\"77\">\u00a0<\/td>\n<td rowspan=\"4\" width=\"86\">\n<h6>04.08.30<\/h6>\n<\/td>\n<\/tr>\n<tr>\n<td width=\"160\">\n<h6>Byanca Melissa Rodr\u00edguez<\/h6>\n<\/td>\n<td width=\"47\">\n<h6>29<\/h6>\n<\/td>\n<td width=\"40\">\u00a0<\/td>\n<td width=\"75\">\u00a0<\/td>\n<td width=\"77\">\u00a0<\/td>\n<\/tr>\n<tr>\n<td width=\"160\">\n<h6>Mar\u00eda Jos\u00e9 Mata Cocco<\/h6>\n<\/td>\n<td width=\"47\">\n<h6>29<\/h6>\n<\/td>\n<td width=\"40\">\u00a0<\/td>\n<td width=\"75\">\u00a0<\/td>\n<td width=\"77\">\u00a0<\/td>\n<\/tr>\n<tr>\n<td width=\"160\">\n<h6>Tayde Ana Sof\u00eda Revilak<\/h6>\n<\/td>\n<td width=\"47\">\n<h6>26<\/h6>\n<\/td>\n<td width=\"40\">\u00a0<\/td>\n<td width=\"75\">\u00a0<\/td>\n<td width=\"77\">\u00a0<\/td>\n<\/tr>\n<\/tbody>\n<\/table>\n<h6><u>\u00a0<\/u><\/h6>\n<h6><u>Tabla de medallas: <\/u><\/h6>\n<table>\n<tbody>\n<tr>\n<td width=\"75\">\n<h6><strong>POSICI\u00d3N<\/strong><\/h6>\n<\/td>\n<td width=\"170\">\n<h6><strong>PA\u00cdS<\/strong><\/h6>\n<\/td>\n<td width=\"47\">\n<h6><strong>ORO<\/strong><\/h6>\n<\/td>\n<td width=\"66\">\n<h6><strong>PLATA<\/strong><\/h6>\n<\/td>\n<td width=\"76\">\n<h6><strong>BRONCE<\/strong><\/h6>\n<\/td>\n<td width=\"57\">\n<h6><strong>TOTAL<\/strong><\/h6>\n<\/td>\n<\/tr>\n<tr>\n<td width=\"75\">\n<h6>1<\/h6>\n<\/td>\n<td width=\"170\">\n<h6>Estados Unidos<\/h6>\n<\/td>\n<td width=\"47\">\n<h6>7<\/h6>\n<\/td>\n<td width=\"66\">\n<h6>4<\/h6>\n<\/td>\n<td width=\"76\">\n<h6>6<\/h6>\n<\/td>\n<td width=\"57\">\n<h6>17<\/h6>\n<\/td>\n<\/tr>\n<tr>\n<td width=\"75\">\n<h6>2<\/h6>\n<\/td>\n<td width=\"170\">\n<h6>Rep\u00fablica Popular de China<\/h6>\n<\/td>\n<td width=\"47\">\n<h6>7<\/h6>\n<\/td>\n<td width=\"66\">\n<h6>2<\/h6>\n<\/td>\n<td width=\"76\">\n<h6>1<\/h6>\n<\/td>\n<td width=\"57\">\n<h6>10<\/h6>\n<\/td>\n<\/tr>\n<tr>\n<td width=\"75\">\n<h6>3<\/h6>\n<\/td>\n<td width=\"170\">\n<h6>Pa\u00edses Bajos<\/h6>\n<\/td>\n<td width=\"47\">\n<h6>3<\/h6>\n<\/td>\n<td width=\"66\">\n<h6>2<\/h6>\n<\/td>\n<td width=\"76\">\n<h6>0<\/h6>\n<\/td>\n<td width=\"57\">\n<h6>5<\/h6>\n<\/td>\n<\/tr>\n<\/tbody>\n<\/table>\n<p>\t\t\t\t\t\t\t\t\t\t\t\t\t<img loading=\"lazy\" decoding=\"async\" width=\"640\" height=\"478\" src=\"https:\/\/esbozodeportivo.com\/wp-content\/uploads\/2024\/02\/Record3.jpg\" alt=\"\" srcset=\"https:\/\/esbozodeportivo.com\/wp-content\/uploads\/2024\/02\/Record3.jpg 720w, https:\/\/esbozodeportivo.com\/wp-content\/uploads\/2024\/02\/Record3-300x224.jpg 300w\" sizes=\"auto, (max-width: 640px) 100vw, 640px\" \/>\t\t\t\t\t\t\t\t\t\t\t\t\t<\/p>\n<p>(Foto: acu\u00e1ticanelsonvargas)<\/p>\n<p><strong>Las concentraciones de selecciones son la clave para los mejores resultados<\/strong><strong>: <\/strong><\/p>\n<p><strong>\u00a0<\/strong>Durante esta misma programaci\u00f3n se llevo a cabo una concentraci\u00f3n y entrenamiento para la Pre Selecci\u00f3n Infantil B, esto en <strong><em>acu\u00e1tica nelsonvargas<\/em><\/strong> \u2013 Centro de Entrenamiento, donde los nadadores, padres de familia y entrenadores, lograron un extraordinario trabajo en conjunto.<\/p>\n<p>All\u00ed, paralelamente, se realiz\u00f3 una charla de orientaci\u00f3n sobre la importancia de esta categor\u00eda para la organizaci\u00f3n, brindando, adem\u00e1s, un direccionamiento a los padres de familia sobre la ruta a seguir para el desarrollo de los nadadores infantiles. Creando, adicionalmente, la continuidad del trabajo bajo las mejores orientaciones metodol\u00f3gicas.<\/p>\n<p>Los atletas seleccionados para este trabajo de desarrollo y mejoramiento, fueron:<\/p>\n<table>\n<tbody>\n<tr>\n<td width=\"47\">\n<h5><strong>No.<\/strong><\/h5>\n<\/td>\n<td width=\"283\">\n<h5><strong>NOMBRE<\/strong><\/h5>\n<\/td>\n<td width=\"19\">\n<h5><strong>\u00a0<\/strong><\/h5>\n<\/td>\n<td width=\"38\">\n<h5><strong>No.<\/strong><\/h5>\n<\/td>\n<td width=\"276\">\n<h5><strong>NOMBRE<\/strong><\/h5>\n<\/td>\n<\/tr>\n<tr>\n<td width=\"47\">\n<h5>1<\/h5>\n<\/td>\n<td width=\"283\">\n<h5>Amaia Cruz Guzm\u00e1n<\/h5>\n<\/td>\n<td width=\"19\">\n<h5>\u00a0<\/h5>\n<\/td>\n<td width=\"38\">\n<h5>1<\/h5>\n<\/td>\n<td width=\"276\">\n<h5>Oscar Alejandro Hern\u00e1ndez Rosales<\/h5>\n<\/td>\n<\/tr>\n<tr>\n<td width=\"47\">\n<h5>2<\/h5>\n<\/td>\n<td width=\"283\">\n<h5>Michelle Carrillo Ter\u00e1n<\/h5>\n<\/td>\n<td width=\"19\">\n<h5>\u00a0<\/h5>\n<\/td>\n<td width=\"38\">\n<h5>2<\/h5>\n<\/td>\n<td width=\"276\">\n<h5>Yosgart Vargas Guerrero<\/h5>\n<\/td>\n<\/tr>\n<tr>\n<td width=\"47\">\n<h5>3<\/h5>\n<\/td>\n<td width=\"283\">\n<h5>Romina Rangel Zamarripa<\/h5>\n<\/td>\n<td width=\"19\">\n<h5>\u00a0<\/h5>\n<\/td>\n<td width=\"38\">\n<h5>3<\/h5>\n<\/td>\n<td width=\"276\">\n<h5>Cesar Said Moran Guzm\u00e1n<\/h5>\n<\/td>\n<\/tr>\n<tr>\n<td width=\"47\">\n<h5>4<\/h5>\n<\/td>\n<td width=\"283\">\n<h5>Eleonor Mae Kee Miron<\/h5>\n<\/td>\n<td width=\"19\">\n<h5>\u00a0<\/h5>\n<\/td>\n<td width=\"38\">\n<h5>4<\/h5>\n<\/td>\n<td width=\"276\">\n<h5>Santiago Acevedo S\u00e1nchez<\/h5>\n<\/td>\n<\/tr>\n<tr>\n<td width=\"47\">\n<h5>5<\/h5>\n<\/td>\n<td width=\"283\">\n<h5>Mar\u00eda Jos\u00e9 Correa Rivas<\/h5>\n<\/td>\n<td width=\"19\">\n<h5>\u00a0<\/h5>\n<\/td>\n<td width=\"38\">\n<h5>5<\/h5>\n<\/td>\n<td width=\"276\">\n<h5>Bruno Aguilar Ortiz<\/h5>\n<\/td>\n<\/tr>\n<tr>\n<td width=\"47\">\n<h5>6<\/h5>\n<\/td>\n<td width=\"283\">\n<h5>Jessica Perla Garc\u00eda God\u00ednez<\/h5>\n<\/td>\n<td width=\"19\">\n<h5>\u00a0<\/h5>\n<\/td>\n<td width=\"38\">\n<h5>6<\/h5>\n<\/td>\n<td width=\"276\">\n<h5>Diego Benjam\u00edn Sixtos<\/h5>\n<\/td>\n<\/tr>\n<tr>\n<td width=\"47\">\n<h5>7<\/h5>\n<\/td>\n<td width=\"283\">\n<h5>Valentina Gonz\u00e1lez Pe\u00f1aflor<\/h5>\n<\/td>\n<td width=\"19\">\n<h5>\u00a0<\/h5>\n<\/td>\n<td width=\"38\">\n<h5>7<\/h5>\n<\/td>\n<td width=\"276\">\n<h5>Dami\u00e1n Isaac Olvera Santiago<\/h5>\n<\/td>\n<\/tr>\n<tr>\n<td width=\"47\">\n<h5>8<\/h5>\n<\/td>\n<td width=\"283\">\n<h5>Ana Berenice Mart\u00ednez Ort\u00edz<\/h5>\n<\/td>\n<td width=\"19\">\n<h5>\u00a0<\/h5>\n<\/td>\n<td width=\"38\">\n<h5>8<\/h5>\n<\/td>\n<td width=\"276\">\n<h5>Juan Pablo Quiroz Hern\u00e1ndez<\/h5>\n<\/td>\n<\/tr>\n<tr>\n<td width=\"47\">\n<h5>9<\/h5>\n<\/td>\n<td width=\"283\">\n<h5>Alessandra Olivares Silve<\/h5>\n<\/td>\n<td width=\"19\">\n<h5>\u00a0<\/h5>\n<\/td>\n<td width=\"38\">\n<h5>9<\/h5>\n<\/td>\n<td width=\"276\">\n<h5>Juan Cruz Ugarrechea<\/h5>\n<\/td>\n<\/tr>\n<tr>\n<td width=\"47\">\n<h5>10<\/h5>\n<\/td>\n<td width=\"283\">\n<h5>Ana Isabel Rosas Rubio<\/h5>\n<\/td>\n<td width=\"19\">\n<h5>\u00a0<\/h5>\n<\/td>\n<td width=\"38\">\n<h5>10<\/h5>\n<\/td>\n<td width=\"276\">\n<h5>Ander Mauricio Vega Reyna<\/h5>\n<\/td>\n<\/tr>\n<tr>\n<td width=\"47\">\n<h5>11<\/h5>\n<\/td>\n<td width=\"283\">\n<h5>Natalia Hidalgo Gil<\/h5>\n<\/td>\n<td width=\"19\">\n<h5>\u00a0<\/h5>\n<\/td>\n<td width=\"38\">\n<h5>11<\/h5>\n<\/td>\n<td width=\"276\">\n<h5>David Guerrero Espinosa<\/h5>\n<\/td>\n<\/tr>\n<tr>\n<td width=\"47\">\n<h5>12<\/h5>\n<\/td>\n<td width=\"283\">\n<h5>Nicole Joseline Gonz\u00e1lez<\/h5>\n<\/td>\n<td width=\"19\">\n<h5>\u00a0<\/h5>\n<\/td>\n<td width=\"38\">\n<h5>12<\/h5>\n<\/td>\n<td width=\"276\">\n<h5>Lucca Recoder B\u00e1rcenas<\/h5>\n<\/td>\n<\/tr>\n<tr>\n<td width=\"47\">\n<h5>13<\/h5>\n<\/td>\n<td width=\"283\">\n<h5>Elsi Abril Rodr\u00edguez Morales<\/h5>\n<\/td>\n<td width=\"19\">\n<h5>\u00a0<\/h5>\n<\/td>\n<td width=\"38\">\n<h5>13<\/h5>\n<\/td>\n<td width=\"276\">\n<h5>Emmanuel Villegas Rosas<\/h5>\n<\/td>\n<\/tr>\n<tr>\n<td width=\"47\">\n<h5>14<\/h5>\n<\/td>\n<td width=\"283\">\n<h5>Valeria Toscano Ledesma<\/h5>\n<\/td>\n<td width=\"19\">\n<h5>\u00a0<\/h5>\n<\/td>\n<td width=\"38\">\n<h5>14<\/h5>\n<\/td>\n<td width=\"276\">\n<h5>Sebasti\u00e1n Vargas Vergara<\/h5>\n<\/td>\n<\/tr>\n<tr>\n<td width=\"47\">\n<h5>15<\/h5>\n<\/td>\n<td width=\"283\">\n<h5>Arantx Perez Squadrito<\/h5>\n<\/td>\n<td width=\"19\">\n<h5>\u00a0<\/h5>\n<\/td>\n<td width=\"38\">\n<h5>15<\/h5>\n<\/td>\n<td width=\"276\">\n<h5>Nicolas L\u00f3pez Roble<\/h5>\n<\/td>\n<\/tr>\n<tr>\n<td width=\"47\">\n<h5>16<\/h5>\n<\/td>\n<td width=\"283\">\n<h5>Abigail Canchola Padilla<\/h5>\n<\/td>\n<td width=\"19\">\n<h5>\u00a0<\/h5>\n<\/td>\n<td width=\"38\">\n<h5>16<\/h5>\n<\/td>\n<td width=\"276\">\n<h5>Miguel Ortega Esp\u00edritu<\/h5>\n<\/td>\n<\/tr>\n<\/tbody>\n<\/table>\n","protected":false},"excerpt":{"rendered":"<p>(Foto: acu\u00e1ticanelsonvargas) El alcalde de la Magdalena Contreras trabaja con intensidad por sus deportistas Las<\/p>\n","protected":false},"author":2,"featured_media":0,"comment_status":"open","ping_status":"open","sticky":false,"template":"","format":"standard","meta":{"_jetpack_memberships_contains_paid_content":false,"footnotes":""},"categories":[5],"tags":[],"class_list":["post-3061","post","type-post","status-publish","format-standard","hentry","category-amateur"],"yoast_head":"<!-- This site is optimized with the Yoast SEO plugin v25.7 - https:\/\/yoast.com\/wordpress\/plugins\/seo\/ -->\n<title>En el \u00faltimo d\u00eda del Mundial de Nataci\u00f3n cierra con r\u00e9cord nacional - Esbozo Deportivo<\/title>\n<meta name=\"robots\" content=\"index, follow, max-snippet:-1, max-image-preview:large, max-video-preview:-1\" \/>\n<link rel=\"canonical\" href=\"https:\/\/esbozodeportivo.com\/index.php\/2024\/02\/19\/en-el-ultimo-dia-del-mundial-de-natacion-cierra-con-record-nacional\/\" \/>\n<meta property=\"og:locale\" content=\"es_MX\" \/>\n<meta property=\"og:type\" content=\"article\" \/>\n<meta property=\"og:title\" content=\"En el \u00faltimo d\u00eda del Mundial de Nataci\u00f3n cierra con r\u00e9cord nacional - Esbozo Deportivo\" \/>\n<meta property=\"og:description\" content=\"(Foto: acu\u00e1ticanelsonvargas) El alcalde de la Magdalena Contreras trabaja con intensidad por sus deportistas Las\" \/>\n<meta property=\"og:url\" content=\"https:\/\/esbozodeportivo.com\/index.php\/2024\/02\/19\/en-el-ultimo-dia-del-mundial-de-natacion-cierra-con-record-nacional\/\" \/>\n<meta property=\"og:site_name\" content=\"Esbozo Deportivo\" \/>\n<meta property=\"article:published_time\" content=\"2024-02-19T05:39:42+00:00\" \/>\n<meta property=\"article:modified_time\" content=\"2024-02-19T05:50:06+00:00\" \/>\n<meta property=\"og:image\" content=\"https:\/\/esbozodeportivo.com\/wp-content\/uploads\/2024\/02\/nadadores1-1024x682.jpg\" \/>\n<meta name=\"author\" content=\"Javier De La Cruz\" \/>\n<meta name=\"twitter:card\" content=\"summary_large_image\" \/>\n<meta name=\"twitter:label1\" content=\"Escrito por\" \/>\n\t<meta name=\"twitter:data1\" content=\"Javier De La Cruz\" \/>\n\t<meta name=\"twitter:label2\" content=\"Tiempo de lectura\" \/>\n\t<meta name=\"twitter:data2\" content=\"4 minutos\" \/>\n<script type=\"application\/ld+json\" class=\"yoast-schema-graph\">{\"@context\":\"https:\/\/schema.org\",\"@graph\":[{\"@type\":\"Article\",\"@id\":\"https:\/\/esbozodeportivo.com\/index.php\/2024\/02\/19\/en-el-ultimo-dia-del-mundial-de-natacion-cierra-con-record-nacional\/#article\",\"isPartOf\":{\"@id\":\"https:\/\/esbozodeportivo.com\/index.php\/2024\/02\/19\/en-el-ultimo-dia-del-mundial-de-natacion-cierra-con-record-nacional\/\"},\"author\":{\"name\":\"Javier De La Cruz\",\"@id\":\"https:\/\/esbozodeportivo.com\/#\/schema\/person\/7277119c98823aec37bbb84e125efd44\"},\"headline\":\"En el \u00faltimo d\u00eda del Mundial de Nataci\u00f3n cierra con r\u00e9cord nacional\",\"datePublished\":\"2024-02-19T05:39:42+00:00\",\"dateModified\":\"2024-02-19T05:50:06+00:00\",\"mainEntityOfPage\":{\"@id\":\"https:\/\/esbozodeportivo.com\/index.php\/2024\/02\/19\/en-el-ultimo-dia-del-mundial-de-natacion-cierra-con-record-nacional\/\"},\"wordCount\":917,\"commentCount\":0,\"publisher\":{\"@id\":\"https:\/\/esbozodeportivo.com\/#organization\"},\"image\":{\"@id\":\"https:\/\/esbozodeportivo.com\/index.php\/2024\/02\/19\/en-el-ultimo-dia-del-mundial-de-natacion-cierra-con-record-nacional\/#primaryimage\"},\"thumbnailUrl\":\"https:\/\/esbozodeportivo.com\/wp-content\/uploads\/2024\/02\/nadadores1-1024x682.jpg\",\"articleSection\":[\"Amateur\"],\"inLanguage\":\"es\",\"potentialAction\":[{\"@type\":\"CommentAction\",\"name\":\"Comment\",\"target\":[\"https:\/\/esbozodeportivo.com\/index.php\/2024\/02\/19\/en-el-ultimo-dia-del-mundial-de-natacion-cierra-con-record-nacional\/#respond\"]}]},{\"@type\":\"WebPage\",\"@id\":\"https:\/\/esbozodeportivo.com\/index.php\/2024\/02\/19\/en-el-ultimo-dia-del-mundial-de-natacion-cierra-con-record-nacional\/\",\"url\":\"https:\/\/esbozodeportivo.com\/index.php\/2024\/02\/19\/en-el-ultimo-dia-del-mundial-de-natacion-cierra-con-record-nacional\/\",\"name\":\"En el \u00faltimo d\u00eda del Mundial de Nataci\u00f3n cierra con r\u00e9cord nacional - Esbozo Deportivo\",\"isPartOf\":{\"@id\":\"https:\/\/esbozodeportivo.com\/#website\"},\"primaryImageOfPage\":{\"@id\":\"https:\/\/esbozodeportivo.com\/index.php\/2024\/02\/19\/en-el-ultimo-dia-del-mundial-de-natacion-cierra-con-record-nacional\/#primaryimage\"},\"image\":{\"@id\":\"https:\/\/esbozodeportivo.com\/index.php\/2024\/02\/19\/en-el-ultimo-dia-del-mundial-de-natacion-cierra-con-record-nacional\/#primaryimage\"},\"thumbnailUrl\":\"https:\/\/esbozodeportivo.com\/wp-content\/uploads\/2024\/02\/nadadores1-1024x682.jpg\",\"datePublished\":\"2024-02-19T05:39:42+00:00\",\"dateModified\":\"2024-02-19T05:50:06+00:00\",\"breadcrumb\":{\"@id\":\"https:\/\/esbozodeportivo.com\/index.php\/2024\/02\/19\/en-el-ultimo-dia-del-mundial-de-natacion-cierra-con-record-nacional\/#breadcrumb\"},\"inLanguage\":\"es\",\"potentialAction\":[{\"@type\":\"ReadAction\",\"target\":[\"https:\/\/esbozodeportivo.com\/index.php\/2024\/02\/19\/en-el-ultimo-dia-del-mundial-de-natacion-cierra-con-record-nacional\/\"]}]},{\"@type\":\"ImageObject\",\"inLanguage\":\"es\",\"@id\":\"https:\/\/esbozodeportivo.com\/index.php\/2024\/02\/19\/en-el-ultimo-dia-del-mundial-de-natacion-cierra-con-record-nacional\/#primaryimage\",\"url\":\"https:\/\/esbozodeportivo.com\/wp-content\/uploads\/2024\/02\/nadadores1.jpg\",\"contentUrl\":\"https:\/\/esbozodeportivo.com\/wp-content\/uploads\/2024\/02\/nadadores1.jpg\",\"width\":1280,\"height\":853},{\"@type\":\"BreadcrumbList\",\"@id\":\"https:\/\/esbozodeportivo.com\/index.php\/2024\/02\/19\/en-el-ultimo-dia-del-mundial-de-natacion-cierra-con-record-nacional\/#breadcrumb\",\"itemListElement\":[{\"@type\":\"ListItem\",\"position\":1,\"name\":\"Inicio\",\"item\":\"https:\/\/esbozodeportivo.com\/\"},{\"@type\":\"ListItem\",\"position\":2,\"name\":\"En el \u00faltimo d\u00eda del Mundial de Nataci\u00f3n cierra con r\u00e9cord nacional\"}]},{\"@type\":\"WebSite\",\"@id\":\"https:\/\/esbozodeportivo.com\/#website\",\"url\":\"https:\/\/esbozodeportivo.com\/\",\"name\":\"Esbozo Deportivo\",\"description\":\"Lo m\u00e1s importante del Deporte\",\"publisher\":{\"@id\":\"https:\/\/esbozodeportivo.com\/#organization\"},\"potentialAction\":[{\"@type\":\"SearchAction\",\"target\":{\"@type\":\"EntryPoint\",\"urlTemplate\":\"https:\/\/esbozodeportivo.com\/?s={search_term_string}\"},\"query-input\":{\"@type\":\"PropertyValueSpecification\",\"valueRequired\":true,\"valueName\":\"search_term_string\"}}],\"inLanguage\":\"es\"},{\"@type\":\"Organization\",\"@id\":\"https:\/\/esbozodeportivo.com\/#organization\",\"name\":\"Esbozo Deportivo\",\"url\":\"https:\/\/esbozodeportivo.com\/\",\"logo\":{\"@type\":\"ImageObject\",\"inLanguage\":\"es\",\"@id\":\"https:\/\/esbozodeportivo.com\/#\/schema\/logo\/image\/\",\"url\":\"https:\/\/esbozodeportivo.com\/wp-content\/uploads\/2022\/08\/cropped-Logo-Esbozo-Web-2.png\",\"contentUrl\":\"https:\/\/esbozodeportivo.com\/wp-content\/uploads\/2022\/08\/cropped-Logo-Esbozo-Web-2.png\",\"width\":180,\"height\":50,\"caption\":\"Esbozo Deportivo\"},\"image\":{\"@id\":\"https:\/\/esbozodeportivo.com\/#\/schema\/logo\/image\/\"}},{\"@type\":\"Person\",\"@id\":\"https:\/\/esbozodeportivo.com\/#\/schema\/person\/7277119c98823aec37bbb84e125efd44\",\"name\":\"Javier De La Cruz\",\"image\":{\"@type\":\"ImageObject\",\"inLanguage\":\"es\",\"@id\":\"https:\/\/esbozodeportivo.com\/#\/schema\/person\/image\/\",\"url\":\"https:\/\/secure.gravatar.com\/avatar\/366235a56d20f1a6e8e3d0b295897639357bea880470ddf261d17bb0bc052eb1?s=96&d=mm&r=g\",\"contentUrl\":\"https:\/\/secure.gravatar.com\/avatar\/366235a56d20f1a6e8e3d0b295897639357bea880470ddf261d17bb0bc052eb1?s=96&d=mm&r=g\",\"caption\":\"Javier De La Cruz\"},\"url\":\"https:\/\/esbozodeportivo.com\/index.php\/author\/javier-de-la-cruz-de-la-cruz\/\"}]}<\/script>\n<!-- \/ Yoast SEO plugin. -->","yoast_head_json":{"title":"En el \u00faltimo d\u00eda del Mundial de Nataci\u00f3n cierra con r\u00e9cord nacional - Esbozo Deportivo","robots":{"index":"index","follow":"follow","max-snippet":"max-snippet:-1","max-image-preview":"max-image-preview:large","max-video-preview":"max-video-preview:-1"},"canonical":"https:\/\/esbozodeportivo.com\/index.php\/2024\/02\/19\/en-el-ultimo-dia-del-mundial-de-natacion-cierra-con-record-nacional\/","og_locale":"es_MX","og_type":"article","og_title":"En el \u00faltimo d\u00eda del Mundial de Nataci\u00f3n cierra con r\u00e9cord nacional - Esbozo Deportivo","og_description":"(Foto: acu\u00e1ticanelsonvargas) El alcalde de la Magdalena Contreras trabaja con intensidad por sus deportistas Las","og_url":"https:\/\/esbozodeportivo.com\/index.php\/2024\/02\/19\/en-el-ultimo-dia-del-mundial-de-natacion-cierra-con-record-nacional\/","og_site_name":"Esbozo Deportivo","article_published_time":"2024-02-19T05:39:42+00:00","article_modified_time":"2024-02-19T05:50:06+00:00","og_image":[{"url":"https:\/\/esbozodeportivo.com\/wp-content\/uploads\/2024\/02\/nadadores1-1024x682.jpg","type":"","width":"","height":""}],"author":"Javier De La Cruz","twitter_card":"summary_large_image","twitter_misc":{"Escrito por":"Javier De La Cruz","Tiempo de lectura":"4 minutos"},"schema":{"@context":"https:\/\/schema.org","@graph":[{"@type":"Article","@id":"https:\/\/esbozodeportivo.com\/index.php\/2024\/02\/19\/en-el-ultimo-dia-del-mundial-de-natacion-cierra-con-record-nacional\/#article","isPartOf":{"@id":"https:\/\/esbozodeportivo.com\/index.php\/2024\/02\/19\/en-el-ultimo-dia-del-mundial-de-natacion-cierra-con-record-nacional\/"},"author":{"name":"Javier De La Cruz","@id":"https:\/\/esbozodeportivo.com\/#\/schema\/person\/7277119c98823aec37bbb84e125efd44"},"headline":"En el \u00faltimo d\u00eda del Mundial de Nataci\u00f3n cierra con r\u00e9cord nacional","datePublished":"2024-02-19T05:39:42+00:00","dateModified":"2024-02-19T05:50:06+00:00","mainEntityOfPage":{"@id":"https:\/\/esbozodeportivo.com\/index.php\/2024\/02\/19\/en-el-ultimo-dia-del-mundial-de-natacion-cierra-con-record-nacional\/"},"wordCount":917,"commentCount":0,"publisher":{"@id":"https:\/\/esbozodeportivo.com\/#organization"},"image":{"@id":"https:\/\/esbozodeportivo.com\/index.php\/2024\/02\/19\/en-el-ultimo-dia-del-mundial-de-natacion-cierra-con-record-nacional\/#primaryimage"},"thumbnailUrl":"https:\/\/esbozodeportivo.com\/wp-content\/uploads\/2024\/02\/nadadores1-1024x682.jpg","articleSection":["Amateur"],"inLanguage":"es","potentialAction":[{"@type":"CommentAction","name":"Comment","target":["https:\/\/esbozodeportivo.com\/index.php\/2024\/02\/19\/en-el-ultimo-dia-del-mundial-de-natacion-cierra-con-record-nacional\/#respond"]}]},{"@type":"WebPage","@id":"https:\/\/esbozodeportivo.com\/index.php\/2024\/02\/19\/en-el-ultimo-dia-del-mundial-de-natacion-cierra-con-record-nacional\/","url":"https:\/\/esbozodeportivo.com\/index.php\/2024\/02\/19\/en-el-ultimo-dia-del-mundial-de-natacion-cierra-con-record-nacional\/","name":"En el \u00faltimo d\u00eda del Mundial de Nataci\u00f3n cierra con r\u00e9cord nacional - Esbozo Deportivo","isPartOf":{"@id":"https:\/\/esbozodeportivo.com\/#website"},"primaryImageOfPage":{"@id":"https:\/\/esbozodeportivo.com\/index.php\/2024\/02\/19\/en-el-ultimo-dia-del-mundial-de-natacion-cierra-con-record-nacional\/#primaryimage"},"image":{"@id":"https:\/\/esbozodeportivo.com\/index.php\/2024\/02\/19\/en-el-ultimo-dia-del-mundial-de-natacion-cierra-con-record-nacional\/#primaryimage"},"thumbnailUrl":"https:\/\/esbozodeportivo.com\/wp-content\/uploads\/2024\/02\/nadadores1-1024x682.jpg","datePublished":"2024-02-19T05:39:42+00:00","dateModified":"2024-02-19T05:50:06+00:00","breadcrumb":{"@id":"https:\/\/esbozodeportivo.com\/index.php\/2024\/02\/19\/en-el-ultimo-dia-del-mundial-de-natacion-cierra-con-record-nacional\/#breadcrumb"},"inLanguage":"es","potentialAction":[{"@type":"ReadAction","target":["https:\/\/esbozodeportivo.com\/index.php\/2024\/02\/19\/en-el-ultimo-dia-del-mundial-de-natacion-cierra-con-record-nacional\/"]}]},{"@type":"ImageObject","inLanguage":"es","@id":"https:\/\/esbozodeportivo.com\/index.php\/2024\/02\/19\/en-el-ultimo-dia-del-mundial-de-natacion-cierra-con-record-nacional\/#primaryimage","url":"https:\/\/esbozodeportivo.com\/wp-content\/uploads\/2024\/02\/nadadores1.jpg","contentUrl":"https:\/\/esbozodeportivo.com\/wp-content\/uploads\/2024\/02\/nadadores1.jpg","width":1280,"height":853},{"@type":"BreadcrumbList","@id":"https:\/\/esbozodeportivo.com\/index.php\/2024\/02\/19\/en-el-ultimo-dia-del-mundial-de-natacion-cierra-con-record-nacional\/#breadcrumb","itemListElement":[{"@type":"ListItem","position":1,"name":"Inicio","item":"https:\/\/esbozodeportivo.com\/"},{"@type":"ListItem","position":2,"name":"En el \u00faltimo d\u00eda del Mundial de Nataci\u00f3n cierra con r\u00e9cord nacional"}]},{"@type":"WebSite","@id":"https:\/\/esbozodeportivo.com\/#website","url":"https:\/\/esbozodeportivo.com\/","name":"Esbozo Deportivo","description":"Lo m\u00e1s importante del Deporte","publisher":{"@id":"https:\/\/esbozodeportivo.com\/#organization"},"potentialAction":[{"@type":"SearchAction","target":{"@type":"EntryPoint","urlTemplate":"https:\/\/esbozodeportivo.com\/?s={search_term_string}"},"query-input":{"@type":"PropertyValueSpecification","valueRequired":true,"valueName":"search_term_string"}}],"inLanguage":"es"},{"@type":"Organization","@id":"https:\/\/esbozodeportivo.com\/#organization","name":"Esbozo Deportivo","url":"https:\/\/esbozodeportivo.com\/","logo":{"@type":"ImageObject","inLanguage":"es","@id":"https:\/\/esbozodeportivo.com\/#\/schema\/logo\/image\/","url":"https:\/\/esbozodeportivo.com\/wp-content\/uploads\/2022\/08\/cropped-Logo-Esbozo-Web-2.png","contentUrl":"https:\/\/esbozodeportivo.com\/wp-content\/uploads\/2022\/08\/cropped-Logo-Esbozo-Web-2.png","width":180,"height":50,"caption":"Esbozo Deportivo"},"image":{"@id":"https:\/\/esbozodeportivo.com\/#\/schema\/logo\/image\/"}},{"@type":"Person","@id":"https:\/\/esbozodeportivo.com\/#\/schema\/person\/7277119c98823aec37bbb84e125efd44","name":"Javier De La Cruz","image":{"@type":"ImageObject","inLanguage":"es","@id":"https:\/\/esbozodeportivo.com\/#\/schema\/person\/image\/","url":"https:\/\/secure.gravatar.com\/avatar\/366235a56d20f1a6e8e3d0b295897639357bea880470ddf261d17bb0bc052eb1?s=96&d=mm&r=g","contentUrl":"https:\/\/secure.gravatar.com\/avatar\/366235a56d20f1a6e8e3d0b295897639357bea880470ddf261d17bb0bc052eb1?s=96&d=mm&r=g","caption":"Javier De La Cruz"},"url":"https:\/\/esbozodeportivo.com\/index.php\/author\/javier-de-la-cruz-de-la-cruz\/"}]}},"jetpack_featured_media_url":"","jetpack_sharing_enabled":true,"_links":{"self":[{"href":"https:\/\/esbozodeportivo.com\/index.php\/wp-json\/wp\/v2\/posts\/3061","targetHints":{"allow":["GET"]}}],"collection":[{"href":"https:\/\/esbozodeportivo.com\/index.php\/wp-json\/wp\/v2\/posts"}],"about":[{"href":"https:\/\/esbozodeportivo.com\/index.php\/wp-json\/wp\/v2\/types\/post"}],"author":[{"embeddable":true,"href":"https:\/\/esbozodeportivo.com\/index.php\/wp-json\/wp\/v2\/users\/2"}],"replies":[{"embeddable":true,"href":"https:\/\/esbozodeportivo.com\/index.php\/wp-json\/wp\/v2\/comments?post=3061"}],"version-history":[{"count":4,"href":"https:\/\/esbozodeportivo.com\/index.php\/wp-json\/wp\/v2\/posts\/3061\/revisions"}],"predecessor-version":[{"id":3071,"href":"https:\/\/esbozodeportivo.com\/index.php\/wp-json\/wp\/v2\/posts\/3061\/revisions\/3071"}],"wp:attachment":[{"href":"https:\/\/esbozodeportivo.com\/index.php\/wp-json\/wp\/v2\/media?parent=3061"}],"wp:term":[{"taxonomy":"category","embeddable":true,"href":"https:\/\/esbozodeportivo.com\/index.php\/wp-json\/wp\/v2\/categories?post=3061"},{"taxonomy":"post_tag","embeddable":true,"href":"https:\/\/esbozodeportivo.com\/index.php\/wp-json\/wp\/v2\/tags?post=3061"}],"curies":[{"name":"wp","href":"https:\/\/api.w.org\/{rel}","templated":true}]}}