{"id":3173,"date":"2024-02-25T07:50:50","date_gmt":"2024-02-25T07:50:50","guid":{"rendered":"https:\/\/esbozodeportivo.com\/?p=3173"},"modified":"2024-02-25T07:54:47","modified_gmt":"2024-02-25T07:54:47","slug":"dos-de-oro-y-una-de-plata-para-mexico-en-el-panamericano-de-campo-traviesa","status":"publish","type":"post","link":"https:\/\/esbozodeportivo.com\/index.php\/2024\/02\/25\/dos-de-oro-y-una-de-plata-para-mexico-en-el-panamericano-de-campo-traviesa\/","title":{"rendered":"Dos de oro y una de plata para M\u00e9xico en el Panamericano de Campo Traviesa \u00a0"},"content":{"rendered":"<style>\/*! elementor - v3.19.0 - 07-02-2024 *\/\n.elementor-widget-image{text-align:center}.elementor-widget-image a{display:inline-block}.elementor-widget-image a img[src$=\".svg\"]{width:48px}.elementor-widget-image img{vertical-align:middle;display:inline-block}<\/style>\n<p>\t\t\t\t\t\t\t\t\t\t<img loading=\"lazy\" decoding=\"async\" width=\"640\" height=\"480\" src=\"https:\/\/esbozodeportivo.com\/wp-content\/uploads\/2024\/02\/IMG-20240224-WA0007.jpg\" alt=\"\" srcset=\"https:\/\/esbozodeportivo.com\/wp-content\/uploads\/2024\/02\/IMG-20240224-WA0007.jpg 800w, https:\/\/esbozodeportivo.com\/wp-content\/uploads\/2024\/02\/IMG-20240224-WA0007-300x225.jpg 300w, https:\/\/esbozodeportivo.com\/wp-content\/uploads\/2024\/02\/IMG-20240224-WA0007-768x576.jpg 768w\" sizes=\"auto, (max-width: 640px) 100vw, 640px\" \/>\t\t\t\t\t\t\t\t\t\t\t\t\t<\/p>\n<p><strong>(Foto: Fedmxatle)<\/strong><strong>\u00a0<\/strong><\/p>\n<p>Los corredores mexicanos V\u00edctor Daniel P\u00e9rez y \u00c1ngel Luis Reyes se llevaron las medallas de oro y plata, respectivamente, en la prueba de 8 kil\u00f3metros que se desarroll\u00f3 en el marco del Campeonato Panamericanos de Campo Traviesa, en el que el relevo mixto tricolor se llev\u00f3 el metal dorado en el programa desarrollado en El Salvador, en el evento el que nuestro pa\u00eds particip\u00f3 con 15 atletas de amas ramas.<\/p>\n<p>La delegaci\u00f3n nacional avalada por la Federaci\u00f3n Mexicana de Asociaciones de Atletismo, particip\u00f3 en este evento que forma parte del proceso para integrar la selecci\u00f3n que competir\u00e1 en el Campeonato Mundial de Campo Traviesa, a realizarse en marzo en la ciudad de Serbia.<\/p>\n<p>\t\t\t\t\t\t\t\t\t\t\t\t\t<img loading=\"lazy\" decoding=\"async\" width=\"640\" height=\"360\" src=\"https:\/\/esbozodeportivo.com\/wp-content\/uploads\/2024\/02\/IMG-20240224-WA0001-1024x576.jpg\" alt=\"\" srcset=\"https:\/\/esbozodeportivo.com\/wp-content\/uploads\/2024\/02\/IMG-20240224-WA0001-1024x576.jpg 1024w, https:\/\/esbozodeportivo.com\/wp-content\/uploads\/2024\/02\/IMG-20240224-WA0001-300x169.jpg 300w, https:\/\/esbozodeportivo.com\/wp-content\/uploads\/2024\/02\/IMG-20240224-WA0001-768x432.jpg 768w, https:\/\/esbozodeportivo.com\/wp-content\/uploads\/2024\/02\/IMG-20240224-WA0001-1536x864.jpg 1536w, https:\/\/esbozodeportivo.com\/wp-content\/uploads\/2024\/02\/IMG-20240224-WA0001.jpg 1600w\" sizes=\"auto, (max-width: 640px) 100vw, 640px\" \/>\t\t\t\t\t\t\t\t\t\t\t\t\t<\/p>\n<p><strong>(Foto: Fedmxatle)<\/strong><strong>\u00a0<\/strong><\/p>\n<p>En la distancia de 8 kil\u00f3metros para la categor\u00eda Sub 20, Daniel P\u00e9rez registr\u00f3 tiempo de 24 minutos y 53 segundos, mientras que \u00c1ngel Luis Reyes ocup\u00f3 la segunda plaza con 25:01 minutos; la tercera posici\u00f3n fue para el colombiano Dylan Joel Carasco, con 25:01:37.<\/p>\n<p>Mientras que en la prueba femenil, el oro fue para la colombiana Laura Valentina Camargo, con 21:43.00, en cuya prueba las mexicanas M\u00f3nica Lizeth Mart\u00ednez y Miranda Michelle Dur\u00e1n, ocuparon las posiciones cuatro y cinco, respectivamente; Ximena L\u00f3pez se clasific\u00f3 en el octavo sitio de un total de 20 corredoras.<\/p>\n<p>\t\t\t\t\t\t\t\t\t\t\t\t\t<img loading=\"lazy\" decoding=\"async\" width=\"640\" height=\"360\" src=\"https:\/\/esbozodeportivo.com\/wp-content\/uploads\/2024\/02\/IMG-20240224-WA0003-1024x576.jpg\" alt=\"\" srcset=\"https:\/\/esbozodeportivo.com\/wp-content\/uploads\/2024\/02\/IMG-20240224-WA0003-1024x576.jpg 1024w, https:\/\/esbozodeportivo.com\/wp-content\/uploads\/2024\/02\/IMG-20240224-WA0003-300x169.jpg 300w, https:\/\/esbozodeportivo.com\/wp-content\/uploads\/2024\/02\/IMG-20240224-WA0003-768x432.jpg 768w, https:\/\/esbozodeportivo.com\/wp-content\/uploads\/2024\/02\/IMG-20240224-WA0003-1536x864.jpg 1536w, https:\/\/esbozodeportivo.com\/wp-content\/uploads\/2024\/02\/IMG-20240224-WA0003.jpg 1600w\" sizes=\"auto, (max-width: 640px) 100vw, 640px\" \/>\t\t\t\t\t\t\t\t\t\t\t\t\t<\/p>\n<p><strong>(Foto: Fedmxatle)<\/strong><strong>\u00a0<\/strong><\/p>\n<p>Las corredoras mexicanas Margarita Hern\u00e1ndez, quien ya tiene boleto para participar en el marat\u00f3n de los Juegos Ol\u00edmpicos de Paris, acompa\u00f1ada por Gabriela Flores y Adela Honorato, finalizaron en las posiciones 5, 6 y 7, respectivamente, mientras que Arian Ch\u00eda lleg\u00f3 en el lugar 10, en la competencia de 10 kil\u00f3metros para la categor\u00eda mayor, la cual fue dominada por la colombiana Esther Sarmiento, con 35 minutos y 06 segundos.<\/p>\n<p>\t\t\t\t\t\t\t\t\t\t\t\t\t<img loading=\"lazy\" decoding=\"async\" width=\"640\" height=\"480\" src=\"https:\/\/esbozodeportivo.com\/wp-content\/uploads\/2024\/02\/IMG-20240224-WA0010-1024x768.jpg\" alt=\"\" srcset=\"https:\/\/esbozodeportivo.com\/wp-content\/uploads\/2024\/02\/IMG-20240224-WA0010-1024x768.jpg 1024w, https:\/\/esbozodeportivo.com\/wp-content\/uploads\/2024\/02\/IMG-20240224-WA0010-300x225.jpg 300w, https:\/\/esbozodeportivo.com\/wp-content\/uploads\/2024\/02\/IMG-20240224-WA0010-768x576.jpg 768w, https:\/\/esbozodeportivo.com\/wp-content\/uploads\/2024\/02\/IMG-20240224-WA0010-1536x1152.jpg 1536w, https:\/\/esbozodeportivo.com\/wp-content\/uploads\/2024\/02\/IMG-20240224-WA0010.jpg 1600w\" sizes=\"auto, (max-width: 640px) 100vw, 640px\" \/>\t\t\t\t\t\t\t\t\t\t\t\t\t<\/p>\n<p><strong>(Foto: Fedmxatle)<\/strong><strong>\u00a0<\/strong><\/p>\n<p>El ecuatoriano Oswaldo Jami se qued\u00f3 con el primer lugar de los 10 kil\u00f3metros varonil de la categor\u00eda mayor, con 29 minutos y 35 segundos; los mexicanos C\u00e9sar Daniel G\u00f3mez, Francisco Gonz\u00e1lez y Emmanuel \u00c1ngel Reyes, se clasificaron en las posiciones 6, 10 y 14, respectivamente.<\/p>\n<p>El relevo mixto mexicano formado por C\u00e9sar G\u00f3mez, Emmanuel Reyes, Margarita Hern\u00e1ndez y Adela Honorato cerr\u00f3 en forma espectacular el evento, al llevarse la medalla de oro en los 8 kil\u00f3metros de la categor\u00eda abierta, con tiempo de 24 minutos y 04 segundos, para dejar a Brasil y Colombia con las medallas de plata y bronce, en ese orden.<\/p>\n<p>\u00a0<\/p>\n","protected":false},"excerpt":{"rendered":"<p>(Foto: Fedmxatle)\u00a0 Los corredores mexicanos V\u00edctor Daniel P\u00e9rez y \u00c1ngel Luis Reyes se llevaron las<\/p>\n","protected":false},"author":2,"featured_media":0,"comment_status":"open","ping_status":"open","sticky":false,"template":"","format":"standard","meta":{"_jetpack_memberships_contains_paid_content":false,"footnotes":""},"categories":[5],"tags":[],"class_list":["post-3173","post","type-post","status-publish","format-standard","hentry","category-amateur"],"yoast_head":"<!-- This site is optimized with the Yoast SEO plugin v25.7 - https:\/\/yoast.com\/wordpress\/plugins\/seo\/ -->\n<title>Dos de oro y una de plata para M\u00e9xico en el Panamericano de Campo Traviesa \u00a0 - Esbozo Deportivo<\/title>\n<meta name=\"robots\" content=\"index, follow, max-snippet:-1, max-image-preview:large, max-video-preview:-1\" \/>\n<link rel=\"canonical\" href=\"https:\/\/esbozodeportivo.com\/index.php\/2024\/02\/25\/dos-de-oro-y-una-de-plata-para-mexico-en-el-panamericano-de-campo-traviesa\/\" \/>\n<meta property=\"og:locale\" content=\"es_MX\" \/>\n<meta property=\"og:type\" content=\"article\" \/>\n<meta property=\"og:title\" content=\"Dos de oro y una de plata para M\u00e9xico en el Panamericano de Campo Traviesa \u00a0 - Esbozo Deportivo\" \/>\n<meta property=\"og:description\" content=\"(Foto: Fedmxatle)\u00a0 Los corredores mexicanos V\u00edctor Daniel P\u00e9rez y \u00c1ngel Luis Reyes se llevaron las\" \/>\n<meta property=\"og:url\" content=\"https:\/\/esbozodeportivo.com\/index.php\/2024\/02\/25\/dos-de-oro-y-una-de-plata-para-mexico-en-el-panamericano-de-campo-traviesa\/\" \/>\n<meta property=\"og:site_name\" content=\"Esbozo Deportivo\" \/>\n<meta property=\"article:published_time\" content=\"2024-02-25T07:50:50+00:00\" \/>\n<meta property=\"article:modified_time\" content=\"2024-02-25T07:54:47+00:00\" \/>\n<meta property=\"og:image\" content=\"https:\/\/esbozodeportivo.com\/wp-content\/uploads\/2024\/02\/IMG-20240224-WA0007.jpg\" \/>\n<meta name=\"author\" content=\"Javier De La Cruz\" \/>\n<meta name=\"twitter:card\" content=\"summary_large_image\" \/>\n<meta name=\"twitter:label1\" content=\"Escrito por\" \/>\n\t<meta name=\"twitter:data1\" content=\"Javier De La Cruz\" \/>\n\t<meta name=\"twitter:label2\" content=\"Tiempo de lectura\" \/>\n\t<meta name=\"twitter:data2\" content=\"2 minutos\" \/>\n<script type=\"application\/ld+json\" class=\"yoast-schema-graph\">{\"@context\":\"https:\/\/schema.org\",\"@graph\":[{\"@type\":\"Article\",\"@id\":\"https:\/\/esbozodeportivo.com\/index.php\/2024\/02\/25\/dos-de-oro-y-una-de-plata-para-mexico-en-el-panamericano-de-campo-traviesa\/#article\",\"isPartOf\":{\"@id\":\"https:\/\/esbozodeportivo.com\/index.php\/2024\/02\/25\/dos-de-oro-y-una-de-plata-para-mexico-en-el-panamericano-de-campo-traviesa\/\"},\"author\":{\"name\":\"Javier De La Cruz\",\"@id\":\"https:\/\/esbozodeportivo.com\/#\/schema\/person\/7277119c98823aec37bbb84e125efd44\"},\"headline\":\"Dos de oro y una de plata para M\u00e9xico en el Panamericano de Campo Traviesa \u00a0\",\"datePublished\":\"2024-02-25T07:50:50+00:00\",\"dateModified\":\"2024-02-25T07:54:47+00:00\",\"mainEntityOfPage\":{\"@id\":\"https:\/\/esbozodeportivo.com\/index.php\/2024\/02\/25\/dos-de-oro-y-una-de-plata-para-mexico-en-el-panamericano-de-campo-traviesa\/\"},\"wordCount\":413,\"commentCount\":0,\"publisher\":{\"@id\":\"https:\/\/esbozodeportivo.com\/#organization\"},\"image\":{\"@id\":\"https:\/\/esbozodeportivo.com\/index.php\/2024\/02\/25\/dos-de-oro-y-una-de-plata-para-mexico-en-el-panamericano-de-campo-traviesa\/#primaryimage\"},\"thumbnailUrl\":\"https:\/\/esbozodeportivo.com\/wp-content\/uploads\/2024\/02\/IMG-20240224-WA0007.jpg\",\"articleSection\":[\"Amateur\"],\"inLanguage\":\"es\",\"potentialAction\":[{\"@type\":\"CommentAction\",\"name\":\"Comment\",\"target\":[\"https:\/\/esbozodeportivo.com\/index.php\/2024\/02\/25\/dos-de-oro-y-una-de-plata-para-mexico-en-el-panamericano-de-campo-traviesa\/#respond\"]}]},{\"@type\":\"WebPage\",\"@id\":\"https:\/\/esbozodeportivo.com\/index.php\/2024\/02\/25\/dos-de-oro-y-una-de-plata-para-mexico-en-el-panamericano-de-campo-traviesa\/\",\"url\":\"https:\/\/esbozodeportivo.com\/index.php\/2024\/02\/25\/dos-de-oro-y-una-de-plata-para-mexico-en-el-panamericano-de-campo-traviesa\/\",\"name\":\"Dos de oro y una de plata para M\u00e9xico en el Panamericano de Campo Traviesa \u00a0 - Esbozo Deportivo\",\"isPartOf\":{\"@id\":\"https:\/\/esbozodeportivo.com\/#website\"},\"primaryImageOfPage\":{\"@id\":\"https:\/\/esbozodeportivo.com\/index.php\/2024\/02\/25\/dos-de-oro-y-una-de-plata-para-mexico-en-el-panamericano-de-campo-traviesa\/#primaryimage\"},\"image\":{\"@id\":\"https:\/\/esbozodeportivo.com\/index.php\/2024\/02\/25\/dos-de-oro-y-una-de-plata-para-mexico-en-el-panamericano-de-campo-traviesa\/#primaryimage\"},\"thumbnailUrl\":\"https:\/\/esbozodeportivo.com\/wp-content\/uploads\/2024\/02\/IMG-20240224-WA0007.jpg\",\"datePublished\":\"2024-02-25T07:50:50+00:00\",\"dateModified\":\"2024-02-25T07:54:47+00:00\",\"breadcrumb\":{\"@id\":\"https:\/\/esbozodeportivo.com\/index.php\/2024\/02\/25\/dos-de-oro-y-una-de-plata-para-mexico-en-el-panamericano-de-campo-traviesa\/#breadcrumb\"},\"inLanguage\":\"es\",\"potentialAction\":[{\"@type\":\"ReadAction\",\"target\":[\"https:\/\/esbozodeportivo.com\/index.php\/2024\/02\/25\/dos-de-oro-y-una-de-plata-para-mexico-en-el-panamericano-de-campo-traviesa\/\"]}]},{\"@type\":\"ImageObject\",\"inLanguage\":\"es\",\"@id\":\"https:\/\/esbozodeportivo.com\/index.php\/2024\/02\/25\/dos-de-oro-y-una-de-plata-para-mexico-en-el-panamericano-de-campo-traviesa\/#primaryimage\",\"url\":\"https:\/\/esbozodeportivo.com\/wp-content\/uploads\/2024\/02\/IMG-20240224-WA0007.jpg\",\"contentUrl\":\"https:\/\/esbozodeportivo.com\/wp-content\/uploads\/2024\/02\/IMG-20240224-WA0007.jpg\",\"width\":800,\"height\":600},{\"@type\":\"BreadcrumbList\",\"@id\":\"https:\/\/esbozodeportivo.com\/index.php\/2024\/02\/25\/dos-de-oro-y-una-de-plata-para-mexico-en-el-panamericano-de-campo-traviesa\/#breadcrumb\",\"itemListElement\":[{\"@type\":\"ListItem\",\"position\":1,\"name\":\"Inicio\",\"item\":\"https:\/\/esbozodeportivo.com\/\"},{\"@type\":\"ListItem\",\"position\":2,\"name\":\"Dos de oro y una de plata para M\u00e9xico en el Panamericano de Campo Traviesa \u00a0\"}]},{\"@type\":\"WebSite\",\"@id\":\"https:\/\/esbozodeportivo.com\/#website\",\"url\":\"https:\/\/esbozodeportivo.com\/\",\"name\":\"Esbozo Deportivo\",\"description\":\"Lo m\u00e1s importante del Deporte\",\"publisher\":{\"@id\":\"https:\/\/esbozodeportivo.com\/#organization\"},\"potentialAction\":[{\"@type\":\"SearchAction\",\"target\":{\"@type\":\"EntryPoint\",\"urlTemplate\":\"https:\/\/esbozodeportivo.com\/?s={search_term_string}\"},\"query-input\":{\"@type\":\"PropertyValueSpecification\",\"valueRequired\":true,\"valueName\":\"search_term_string\"}}],\"inLanguage\":\"es\"},{\"@type\":\"Organization\",\"@id\":\"https:\/\/esbozodeportivo.com\/#organization\",\"name\":\"Esbozo Deportivo\",\"url\":\"https:\/\/esbozodeportivo.com\/\",\"logo\":{\"@type\":\"ImageObject\",\"inLanguage\":\"es\",\"@id\":\"https:\/\/esbozodeportivo.com\/#\/schema\/logo\/image\/\",\"url\":\"https:\/\/esbozodeportivo.com\/wp-content\/uploads\/2022\/08\/cropped-Logo-Esbozo-Web-2.png\",\"contentUrl\":\"https:\/\/esbozodeportivo.com\/wp-content\/uploads\/2022\/08\/cropped-Logo-Esbozo-Web-2.png\",\"width\":180,\"height\":50,\"caption\":\"Esbozo Deportivo\"},\"image\":{\"@id\":\"https:\/\/esbozodeportivo.com\/#\/schema\/logo\/image\/\"}},{\"@type\":\"Person\",\"@id\":\"https:\/\/esbozodeportivo.com\/#\/schema\/person\/7277119c98823aec37bbb84e125efd44\",\"name\":\"Javier De La Cruz\",\"image\":{\"@type\":\"ImageObject\",\"inLanguage\":\"es\",\"@id\":\"https:\/\/esbozodeportivo.com\/#\/schema\/person\/image\/\",\"url\":\"https:\/\/secure.gravatar.com\/avatar\/366235a56d20f1a6e8e3d0b295897639357bea880470ddf261d17bb0bc052eb1?s=96&d=mm&r=g\",\"contentUrl\":\"https:\/\/secure.gravatar.com\/avatar\/366235a56d20f1a6e8e3d0b295897639357bea880470ddf261d17bb0bc052eb1?s=96&d=mm&r=g\",\"caption\":\"Javier De La Cruz\"},\"url\":\"https:\/\/esbozodeportivo.com\/index.php\/author\/javier-de-la-cruz-de-la-cruz\/\"}]}<\/script>\n<!-- \/ Yoast SEO plugin. -->","yoast_head_json":{"title":"Dos de oro y una de plata para M\u00e9xico en el Panamericano de Campo Traviesa \u00a0 - Esbozo Deportivo","robots":{"index":"index","follow":"follow","max-snippet":"max-snippet:-1","max-image-preview":"max-image-preview:large","max-video-preview":"max-video-preview:-1"},"canonical":"https:\/\/esbozodeportivo.com\/index.php\/2024\/02\/25\/dos-de-oro-y-una-de-plata-para-mexico-en-el-panamericano-de-campo-traviesa\/","og_locale":"es_MX","og_type":"article","og_title":"Dos de oro y una de plata para M\u00e9xico en el Panamericano de Campo Traviesa \u00a0 - Esbozo Deportivo","og_description":"(Foto: Fedmxatle)\u00a0 Los corredores mexicanos V\u00edctor Daniel P\u00e9rez y \u00c1ngel Luis Reyes se llevaron las","og_url":"https:\/\/esbozodeportivo.com\/index.php\/2024\/02\/25\/dos-de-oro-y-una-de-plata-para-mexico-en-el-panamericano-de-campo-traviesa\/","og_site_name":"Esbozo Deportivo","article_published_time":"2024-02-25T07:50:50+00:00","article_modified_time":"2024-02-25T07:54:47+00:00","og_image":[{"url":"https:\/\/esbozodeportivo.com\/wp-content\/uploads\/2024\/02\/IMG-20240224-WA0007.jpg","type":"","width":"","height":""}],"author":"Javier De La Cruz","twitter_card":"summary_large_image","twitter_misc":{"Escrito por":"Javier De La Cruz","Tiempo de lectura":"2 minutos"},"schema":{"@context":"https:\/\/schema.org","@graph":[{"@type":"Article","@id":"https:\/\/esbozodeportivo.com\/index.php\/2024\/02\/25\/dos-de-oro-y-una-de-plata-para-mexico-en-el-panamericano-de-campo-traviesa\/#article","isPartOf":{"@id":"https:\/\/esbozodeportivo.com\/index.php\/2024\/02\/25\/dos-de-oro-y-una-de-plata-para-mexico-en-el-panamericano-de-campo-traviesa\/"},"author":{"name":"Javier De La Cruz","@id":"https:\/\/esbozodeportivo.com\/#\/schema\/person\/7277119c98823aec37bbb84e125efd44"},"headline":"Dos de oro y una de plata para M\u00e9xico en el Panamericano de Campo Traviesa \u00a0","datePublished":"2024-02-25T07:50:50+00:00","dateModified":"2024-02-25T07:54:47+00:00","mainEntityOfPage":{"@id":"https:\/\/esbozodeportivo.com\/index.php\/2024\/02\/25\/dos-de-oro-y-una-de-plata-para-mexico-en-el-panamericano-de-campo-traviesa\/"},"wordCount":413,"commentCount":0,"publisher":{"@id":"https:\/\/esbozodeportivo.com\/#organization"},"image":{"@id":"https:\/\/esbozodeportivo.com\/index.php\/2024\/02\/25\/dos-de-oro-y-una-de-plata-para-mexico-en-el-panamericano-de-campo-traviesa\/#primaryimage"},"thumbnailUrl":"https:\/\/esbozodeportivo.com\/wp-content\/uploads\/2024\/02\/IMG-20240224-WA0007.jpg","articleSection":["Amateur"],"inLanguage":"es","potentialAction":[{"@type":"CommentAction","name":"Comment","target":["https:\/\/esbozodeportivo.com\/index.php\/2024\/02\/25\/dos-de-oro-y-una-de-plata-para-mexico-en-el-panamericano-de-campo-traviesa\/#respond"]}]},{"@type":"WebPage","@id":"https:\/\/esbozodeportivo.com\/index.php\/2024\/02\/25\/dos-de-oro-y-una-de-plata-para-mexico-en-el-panamericano-de-campo-traviesa\/","url":"https:\/\/esbozodeportivo.com\/index.php\/2024\/02\/25\/dos-de-oro-y-una-de-plata-para-mexico-en-el-panamericano-de-campo-traviesa\/","name":"Dos de oro y una de plata para M\u00e9xico en el Panamericano de Campo Traviesa \u00a0 - Esbozo Deportivo","isPartOf":{"@id":"https:\/\/esbozodeportivo.com\/#website"},"primaryImageOfPage":{"@id":"https:\/\/esbozodeportivo.com\/index.php\/2024\/02\/25\/dos-de-oro-y-una-de-plata-para-mexico-en-el-panamericano-de-campo-traviesa\/#primaryimage"},"image":{"@id":"https:\/\/esbozodeportivo.com\/index.php\/2024\/02\/25\/dos-de-oro-y-una-de-plata-para-mexico-en-el-panamericano-de-campo-traviesa\/#primaryimage"},"thumbnailUrl":"https:\/\/esbozodeportivo.com\/wp-content\/uploads\/2024\/02\/IMG-20240224-WA0007.jpg","datePublished":"2024-02-25T07:50:50+00:00","dateModified":"2024-02-25T07:54:47+00:00","breadcrumb":{"@id":"https:\/\/esbozodeportivo.com\/index.php\/2024\/02\/25\/dos-de-oro-y-una-de-plata-para-mexico-en-el-panamericano-de-campo-traviesa\/#breadcrumb"},"inLanguage":"es","potentialAction":[{"@type":"ReadAction","target":["https:\/\/esbozodeportivo.com\/index.php\/2024\/02\/25\/dos-de-oro-y-una-de-plata-para-mexico-en-el-panamericano-de-campo-traviesa\/"]}]},{"@type":"ImageObject","inLanguage":"es","@id":"https:\/\/esbozodeportivo.com\/index.php\/2024\/02\/25\/dos-de-oro-y-una-de-plata-para-mexico-en-el-panamericano-de-campo-traviesa\/#primaryimage","url":"https:\/\/esbozodeportivo.com\/wp-content\/uploads\/2024\/02\/IMG-20240224-WA0007.jpg","contentUrl":"https:\/\/esbozodeportivo.com\/wp-content\/uploads\/2024\/02\/IMG-20240224-WA0007.jpg","width":800,"height":600},{"@type":"BreadcrumbList","@id":"https:\/\/esbozodeportivo.com\/index.php\/2024\/02\/25\/dos-de-oro-y-una-de-plata-para-mexico-en-el-panamericano-de-campo-traviesa\/#breadcrumb","itemListElement":[{"@type":"ListItem","position":1,"name":"Inicio","item":"https:\/\/esbozodeportivo.com\/"},{"@type":"ListItem","position":2,"name":"Dos de oro y una de plata para M\u00e9xico en el Panamericano de Campo Traviesa \u00a0"}]},{"@type":"WebSite","@id":"https:\/\/esbozodeportivo.com\/#website","url":"https:\/\/esbozodeportivo.com\/","name":"Esbozo Deportivo","description":"Lo m\u00e1s importante del Deporte","publisher":{"@id":"https:\/\/esbozodeportivo.com\/#organization"},"potentialAction":[{"@type":"SearchAction","target":{"@type":"EntryPoint","urlTemplate":"https:\/\/esbozodeportivo.com\/?s={search_term_string}"},"query-input":{"@type":"PropertyValueSpecification","valueRequired":true,"valueName":"search_term_string"}}],"inLanguage":"es"},{"@type":"Organization","@id":"https:\/\/esbozodeportivo.com\/#organization","name":"Esbozo Deportivo","url":"https:\/\/esbozodeportivo.com\/","logo":{"@type":"ImageObject","inLanguage":"es","@id":"https:\/\/esbozodeportivo.com\/#\/schema\/logo\/image\/","url":"https:\/\/esbozodeportivo.com\/wp-content\/uploads\/2022\/08\/cropped-Logo-Esbozo-Web-2.png","contentUrl":"https:\/\/esbozodeportivo.com\/wp-content\/uploads\/2022\/08\/cropped-Logo-Esbozo-Web-2.png","width":180,"height":50,"caption":"Esbozo Deportivo"},"image":{"@id":"https:\/\/esbozodeportivo.com\/#\/schema\/logo\/image\/"}},{"@type":"Person","@id":"https:\/\/esbozodeportivo.com\/#\/schema\/person\/7277119c98823aec37bbb84e125efd44","name":"Javier De La Cruz","image":{"@type":"ImageObject","inLanguage":"es","@id":"https:\/\/esbozodeportivo.com\/#\/schema\/person\/image\/","url":"https:\/\/secure.gravatar.com\/avatar\/366235a56d20f1a6e8e3d0b295897639357bea880470ddf261d17bb0bc052eb1?s=96&d=mm&r=g","contentUrl":"https:\/\/secure.gravatar.com\/avatar\/366235a56d20f1a6e8e3d0b295897639357bea880470ddf261d17bb0bc052eb1?s=96&d=mm&r=g","caption":"Javier De La Cruz"},"url":"https:\/\/esbozodeportivo.com\/index.php\/author\/javier-de-la-cruz-de-la-cruz\/"}]}},"jetpack_featured_media_url":"","jetpack_sharing_enabled":true,"_links":{"self":[{"href":"https:\/\/esbozodeportivo.com\/index.php\/wp-json\/wp\/v2\/posts\/3173","targetHints":{"allow":["GET"]}}],"collection":[{"href":"https:\/\/esbozodeportivo.com\/index.php\/wp-json\/wp\/v2\/posts"}],"about":[{"href":"https:\/\/esbozodeportivo.com\/index.php\/wp-json\/wp\/v2\/types\/post"}],"author":[{"embeddable":true,"href":"https:\/\/esbozodeportivo.com\/index.php\/wp-json\/wp\/v2\/users\/2"}],"replies":[{"embeddable":true,"href":"https:\/\/esbozodeportivo.com\/index.php\/wp-json\/wp\/v2\/comments?post=3173"}],"version-history":[{"count":4,"href":"https:\/\/esbozodeportivo.com\/index.php\/wp-json\/wp\/v2\/posts\/3173\/revisions"}],"predecessor-version":[{"id":3177,"href":"https:\/\/esbozodeportivo.com\/index.php\/wp-json\/wp\/v2\/posts\/3173\/revisions\/3177"}],"wp:attachment":[{"href":"https:\/\/esbozodeportivo.com\/index.php\/wp-json\/wp\/v2\/media?parent=3173"}],"wp:term":[{"taxonomy":"category","embeddable":true,"href":"https:\/\/esbozodeportivo.com\/index.php\/wp-json\/wp\/v2\/categories?post=3173"},{"taxonomy":"post_tag","embeddable":true,"href":"https:\/\/esbozodeportivo.com\/index.php\/wp-json\/wp\/v2\/tags?post=3173"}],"curies":[{"name":"wp","href":"https:\/\/api.w.org\/{rel}","templated":true}]}}