{"id":3194,"date":"2024-03-02T03:17:43","date_gmt":"2024-03-02T03:17:43","guid":{"rendered":"https:\/\/esbozodeportivo.com\/?p=3194"},"modified":"2024-03-02T03:20:45","modified_gmt":"2024-03-02T03:20:45","slug":"mexico-presenta-a-tres-atletas-en-el-campeonato-mundial-bajo-techo","status":"publish","type":"post","link":"https:\/\/esbozodeportivo.com\/index.php\/2024\/03\/02\/mexico-presenta-a-tres-atletas-en-el-campeonato-mundial-bajo-techo\/","title":{"rendered":"M\u00e9xico presenta a tres atletas en el Campeonato Mundial Bajo Techo"},"content":{"rendered":"<style>\/*! elementor - v3.19.0 - 28-02-2024 *\/\n.elementor-widget-image{text-align:center}.elementor-widget-image a{display:inline-block}.elementor-widget-image a img[src$=\".svg\"]{width:48px}.elementor-widget-image img{vertical-align:middle;display:inline-block}<\/style>\n<p>\t\t\t\t\t\t\t\t\t\t<img loading=\"lazy\" decoding=\"async\" width=\"640\" height=\"426\" src=\"https:\/\/esbozodeportivo.com\/wp-content\/uploads\/2024\/03\/edgar_rivera-1024x682.jpeg\" alt=\"\" srcset=\"https:\/\/esbozodeportivo.com\/wp-content\/uploads\/2024\/03\/edgar_rivera-1024x682.jpeg 1024w, https:\/\/esbozodeportivo.com\/wp-content\/uploads\/2024\/03\/edgar_rivera-300x200.jpeg 300w, https:\/\/esbozodeportivo.com\/wp-content\/uploads\/2024\/03\/edgar_rivera-768x512.jpeg 768w, https:\/\/esbozodeportivo.com\/wp-content\/uploads\/2024\/03\/edgar_rivera.jpeg 1280w\" sizes=\"auto, (max-width: 640px) 100vw, 640px\" \/>\t\t\t\t\t\t\t\t\t\t\t\t\t<\/p>\n<p><strong>(Foto: Fedmxatle)<\/strong><strong>\u00a0<\/strong><\/p>\n<p>La selecci\u00f3n mexicana de atletismo buscar\u00e1 una buena actuaci\u00f3n a partir del viernes, durante su participaci\u00f3n en el Campeonato Mundial de Atletismo Bajo Techo, a realizarse en Glasgow y en cuyo certamen se otorgar\u00e1n plazas rumbo a los Juegos Ol\u00edmpicos de Paris 2024.<\/p>\n<p>El equipo nacional, formado por el saltador de altura sonorense \u00c9dgar Rivera, el lanzador de bala Uziel Mu\u00f1oz y el corredor Eduardo Herrera, especialista en los 1,500 metros, ya se encuentra en Europa para participar en este evento en el que buscar\u00e1n su pase para los Juegos de Par\u00eds.<\/p>\n<p>La Federaci\u00f3n Mexicana de Asociaciones de Atletismo, inform\u00f3 que los tres deportistas cumplieron con el proceso y fueron registrados para representar al pa\u00eds, por lo que Luis Rivera, Uziel Mu\u00f1oz y Eduardo Herrera, est\u00e1n listos para participar en las pruebas de campo y pista, respectivamente.<\/p>\n<p>\t\t\t\t\t\t\t\t\t\t\t\t\t<img loading=\"lazy\" decoding=\"async\" width=\"640\" height=\"800\" src=\"https:\/\/esbozodeportivo.com\/wp-content\/uploads\/2024\/03\/uziel_munoz-819x1024.jpeg\" alt=\"\" srcset=\"https:\/\/esbozodeportivo.com\/wp-content\/uploads\/2024\/03\/uziel_munoz-819x1024.jpeg 819w, https:\/\/esbozodeportivo.com\/wp-content\/uploads\/2024\/03\/uziel_munoz-240x300.jpeg 240w, https:\/\/esbozodeportivo.com\/wp-content\/uploads\/2024\/03\/uziel_munoz-768x960.jpeg 768w, https:\/\/esbozodeportivo.com\/wp-content\/uploads\/2024\/03\/uziel_munoz.jpeg 1024w\" sizes=\"auto, (max-width: 640px) 100vw, 640px\" \/>\t\t\t\t\t\t\t\t\t\t\t\t\t<\/p>\n<p><strong>(Foto: Fedmxatle)<\/strong><strong>\u00a0<\/strong><\/p>\n<p>De esta manera, el sonorense Edgar Rivera llega con su mejor registro personal con 2 metros y 31 cent\u00edmetros en el salto de altura, en tanto que el lanzador Uziel Mu\u00f1oz tiene su mejor impulso con 21 metros y 88 cent\u00edmetros y Eduardo Herrera se presentar\u00e1 con su mejor marca de 3 minutos y 36 segundos en los 1,500 metros.<\/p>\n<p>\u00a0<\/p>\n","protected":false},"excerpt":{"rendered":"<p>(Foto: Fedmxatle)\u00a0 La selecci\u00f3n mexicana de atletismo buscar\u00e1 una buena actuaci\u00f3n a partir del viernes,<\/p>\n","protected":false},"author":2,"featured_media":0,"comment_status":"open","ping_status":"open","sticky":false,"template":"","format":"standard","meta":{"_jetpack_memberships_contains_paid_content":false,"footnotes":""},"categories":[5],"tags":[],"class_list":["post-3194","post","type-post","status-publish","format-standard","hentry","category-amateur"],"yoast_head":"<!-- This site is optimized with the Yoast SEO plugin v25.7 - https:\/\/yoast.com\/wordpress\/plugins\/seo\/ -->\n<title>M\u00e9xico presenta a tres atletas en el Campeonato Mundial Bajo Techo - Esbozo Deportivo<\/title>\n<meta name=\"robots\" content=\"index, follow, max-snippet:-1, max-image-preview:large, max-video-preview:-1\" \/>\n<link rel=\"canonical\" href=\"https:\/\/esbozodeportivo.com\/index.php\/2024\/03\/02\/mexico-presenta-a-tres-atletas-en-el-campeonato-mundial-bajo-techo\/\" \/>\n<meta property=\"og:locale\" content=\"es_MX\" \/>\n<meta property=\"og:type\" content=\"article\" \/>\n<meta property=\"og:title\" content=\"M\u00e9xico presenta a tres atletas en el Campeonato Mundial Bajo Techo - Esbozo Deportivo\" \/>\n<meta property=\"og:description\" content=\"(Foto: Fedmxatle)\u00a0 La selecci\u00f3n mexicana de atletismo buscar\u00e1 una buena actuaci\u00f3n a partir del viernes,\" \/>\n<meta property=\"og:url\" content=\"https:\/\/esbozodeportivo.com\/index.php\/2024\/03\/02\/mexico-presenta-a-tres-atletas-en-el-campeonato-mundial-bajo-techo\/\" \/>\n<meta property=\"og:site_name\" content=\"Esbozo Deportivo\" \/>\n<meta property=\"article:published_time\" content=\"2024-03-02T03:17:43+00:00\" \/>\n<meta property=\"article:modified_time\" content=\"2024-03-02T03:20:45+00:00\" \/>\n<meta property=\"og:image\" content=\"https:\/\/esbozodeportivo.com\/wp-content\/uploads\/2024\/03\/edgar_rivera-1024x682.jpeg\" \/>\n<meta name=\"author\" content=\"Javier De La Cruz\" \/>\n<meta name=\"twitter:card\" content=\"summary_large_image\" \/>\n<meta name=\"twitter:label1\" content=\"Escrito por\" \/>\n\t<meta name=\"twitter:data1\" content=\"Javier De La Cruz\" \/>\n\t<meta name=\"twitter:label2\" content=\"Tiempo de lectura\" \/>\n\t<meta name=\"twitter:data2\" content=\"1 minuto\" \/>\n<script type=\"application\/ld+json\" class=\"yoast-schema-graph\">{\"@context\":\"https:\/\/schema.org\",\"@graph\":[{\"@type\":\"Article\",\"@id\":\"https:\/\/esbozodeportivo.com\/index.php\/2024\/03\/02\/mexico-presenta-a-tres-atletas-en-el-campeonato-mundial-bajo-techo\/#article\",\"isPartOf\":{\"@id\":\"https:\/\/esbozodeportivo.com\/index.php\/2024\/03\/02\/mexico-presenta-a-tres-atletas-en-el-campeonato-mundial-bajo-techo\/\"},\"author\":{\"name\":\"Javier De La Cruz\",\"@id\":\"https:\/\/esbozodeportivo.com\/#\/schema\/person\/7277119c98823aec37bbb84e125efd44\"},\"headline\":\"M\u00e9xico presenta a tres atletas en el Campeonato Mundial Bajo Techo\",\"datePublished\":\"2024-03-02T03:17:43+00:00\",\"dateModified\":\"2024-03-02T03:20:45+00:00\",\"mainEntityOfPage\":{\"@id\":\"https:\/\/esbozodeportivo.com\/index.php\/2024\/03\/02\/mexico-presenta-a-tres-atletas-en-el-campeonato-mundial-bajo-techo\/\"},\"wordCount\":219,\"commentCount\":0,\"publisher\":{\"@id\":\"https:\/\/esbozodeportivo.com\/#organization\"},\"image\":{\"@id\":\"https:\/\/esbozodeportivo.com\/index.php\/2024\/03\/02\/mexico-presenta-a-tres-atletas-en-el-campeonato-mundial-bajo-techo\/#primaryimage\"},\"thumbnailUrl\":\"https:\/\/esbozodeportivo.com\/wp-content\/uploads\/2024\/03\/edgar_rivera-1024x682.jpeg\",\"articleSection\":[\"Amateur\"],\"inLanguage\":\"es\",\"potentialAction\":[{\"@type\":\"CommentAction\",\"name\":\"Comment\",\"target\":[\"https:\/\/esbozodeportivo.com\/index.php\/2024\/03\/02\/mexico-presenta-a-tres-atletas-en-el-campeonato-mundial-bajo-techo\/#respond\"]}]},{\"@type\":\"WebPage\",\"@id\":\"https:\/\/esbozodeportivo.com\/index.php\/2024\/03\/02\/mexico-presenta-a-tres-atletas-en-el-campeonato-mundial-bajo-techo\/\",\"url\":\"https:\/\/esbozodeportivo.com\/index.php\/2024\/03\/02\/mexico-presenta-a-tres-atletas-en-el-campeonato-mundial-bajo-techo\/\",\"name\":\"M\u00e9xico presenta a tres atletas en el Campeonato Mundial Bajo Techo - Esbozo Deportivo\",\"isPartOf\":{\"@id\":\"https:\/\/esbozodeportivo.com\/#website\"},\"primaryImageOfPage\":{\"@id\":\"https:\/\/esbozodeportivo.com\/index.php\/2024\/03\/02\/mexico-presenta-a-tres-atletas-en-el-campeonato-mundial-bajo-techo\/#primaryimage\"},\"image\":{\"@id\":\"https:\/\/esbozodeportivo.com\/index.php\/2024\/03\/02\/mexico-presenta-a-tres-atletas-en-el-campeonato-mundial-bajo-techo\/#primaryimage\"},\"thumbnailUrl\":\"https:\/\/esbozodeportivo.com\/wp-content\/uploads\/2024\/03\/edgar_rivera-1024x682.jpeg\",\"datePublished\":\"2024-03-02T03:17:43+00:00\",\"dateModified\":\"2024-03-02T03:20:45+00:00\",\"breadcrumb\":{\"@id\":\"https:\/\/esbozodeportivo.com\/index.php\/2024\/03\/02\/mexico-presenta-a-tres-atletas-en-el-campeonato-mundial-bajo-techo\/#breadcrumb\"},\"inLanguage\":\"es\",\"potentialAction\":[{\"@type\":\"ReadAction\",\"target\":[\"https:\/\/esbozodeportivo.com\/index.php\/2024\/03\/02\/mexico-presenta-a-tres-atletas-en-el-campeonato-mundial-bajo-techo\/\"]}]},{\"@type\":\"ImageObject\",\"inLanguage\":\"es\",\"@id\":\"https:\/\/esbozodeportivo.com\/index.php\/2024\/03\/02\/mexico-presenta-a-tres-atletas-en-el-campeonato-mundial-bajo-techo\/#primaryimage\",\"url\":\"https:\/\/esbozodeportivo.com\/wp-content\/uploads\/2024\/03\/edgar_rivera-1024x682.jpeg\",\"contentUrl\":\"https:\/\/esbozodeportivo.com\/wp-content\/uploads\/2024\/03\/edgar_rivera-1024x682.jpeg\"},{\"@type\":\"BreadcrumbList\",\"@id\":\"https:\/\/esbozodeportivo.com\/index.php\/2024\/03\/02\/mexico-presenta-a-tres-atletas-en-el-campeonato-mundial-bajo-techo\/#breadcrumb\",\"itemListElement\":[{\"@type\":\"ListItem\",\"position\":1,\"name\":\"Inicio\",\"item\":\"https:\/\/esbozodeportivo.com\/\"},{\"@type\":\"ListItem\",\"position\":2,\"name\":\"M\u00e9xico presenta a tres atletas en el Campeonato Mundial Bajo Techo\"}]},{\"@type\":\"WebSite\",\"@id\":\"https:\/\/esbozodeportivo.com\/#website\",\"url\":\"https:\/\/esbozodeportivo.com\/\",\"name\":\"Esbozo Deportivo\",\"description\":\"Lo m\u00e1s importante del Deporte\",\"publisher\":{\"@id\":\"https:\/\/esbozodeportivo.com\/#organization\"},\"potentialAction\":[{\"@type\":\"SearchAction\",\"target\":{\"@type\":\"EntryPoint\",\"urlTemplate\":\"https:\/\/esbozodeportivo.com\/?s={search_term_string}\"},\"query-input\":{\"@type\":\"PropertyValueSpecification\",\"valueRequired\":true,\"valueName\":\"search_term_string\"}}],\"inLanguage\":\"es\"},{\"@type\":\"Organization\",\"@id\":\"https:\/\/esbozodeportivo.com\/#organization\",\"name\":\"Esbozo Deportivo\",\"url\":\"https:\/\/esbozodeportivo.com\/\",\"logo\":{\"@type\":\"ImageObject\",\"inLanguage\":\"es\",\"@id\":\"https:\/\/esbozodeportivo.com\/#\/schema\/logo\/image\/\",\"url\":\"https:\/\/esbozodeportivo.com\/wp-content\/uploads\/2022\/08\/cropped-Logo-Esbozo-Web-2.png\",\"contentUrl\":\"https:\/\/esbozodeportivo.com\/wp-content\/uploads\/2022\/08\/cropped-Logo-Esbozo-Web-2.png\",\"width\":180,\"height\":50,\"caption\":\"Esbozo Deportivo\"},\"image\":{\"@id\":\"https:\/\/esbozodeportivo.com\/#\/schema\/logo\/image\/\"}},{\"@type\":\"Person\",\"@id\":\"https:\/\/esbozodeportivo.com\/#\/schema\/person\/7277119c98823aec37bbb84e125efd44\",\"name\":\"Javier De La Cruz\",\"image\":{\"@type\":\"ImageObject\",\"inLanguage\":\"es\",\"@id\":\"https:\/\/esbozodeportivo.com\/#\/schema\/person\/image\/\",\"url\":\"https:\/\/secure.gravatar.com\/avatar\/366235a56d20f1a6e8e3d0b295897639357bea880470ddf261d17bb0bc052eb1?s=96&d=mm&r=g\",\"contentUrl\":\"https:\/\/secure.gravatar.com\/avatar\/366235a56d20f1a6e8e3d0b295897639357bea880470ddf261d17bb0bc052eb1?s=96&d=mm&r=g\",\"caption\":\"Javier De La Cruz\"},\"url\":\"https:\/\/esbozodeportivo.com\/index.php\/author\/javier-de-la-cruz-de-la-cruz\/\"}]}<\/script>\n<!-- \/ Yoast SEO plugin. -->","yoast_head_json":{"title":"M\u00e9xico presenta a tres atletas en el Campeonato Mundial Bajo Techo - Esbozo Deportivo","robots":{"index":"index","follow":"follow","max-snippet":"max-snippet:-1","max-image-preview":"max-image-preview:large","max-video-preview":"max-video-preview:-1"},"canonical":"https:\/\/esbozodeportivo.com\/index.php\/2024\/03\/02\/mexico-presenta-a-tres-atletas-en-el-campeonato-mundial-bajo-techo\/","og_locale":"es_MX","og_type":"article","og_title":"M\u00e9xico presenta a tres atletas en el Campeonato Mundial Bajo Techo - Esbozo Deportivo","og_description":"(Foto: Fedmxatle)\u00a0 La selecci\u00f3n mexicana de atletismo buscar\u00e1 una buena actuaci\u00f3n a partir del viernes,","og_url":"https:\/\/esbozodeportivo.com\/index.php\/2024\/03\/02\/mexico-presenta-a-tres-atletas-en-el-campeonato-mundial-bajo-techo\/","og_site_name":"Esbozo Deportivo","article_published_time":"2024-03-02T03:17:43+00:00","article_modified_time":"2024-03-02T03:20:45+00:00","og_image":[{"url":"https:\/\/esbozodeportivo.com\/wp-content\/uploads\/2024\/03\/edgar_rivera-1024x682.jpeg","type":"","width":"","height":""}],"author":"Javier De La Cruz","twitter_card":"summary_large_image","twitter_misc":{"Escrito por":"Javier De La Cruz","Tiempo de lectura":"1 minuto"},"schema":{"@context":"https:\/\/schema.org","@graph":[{"@type":"Article","@id":"https:\/\/esbozodeportivo.com\/index.php\/2024\/03\/02\/mexico-presenta-a-tres-atletas-en-el-campeonato-mundial-bajo-techo\/#article","isPartOf":{"@id":"https:\/\/esbozodeportivo.com\/index.php\/2024\/03\/02\/mexico-presenta-a-tres-atletas-en-el-campeonato-mundial-bajo-techo\/"},"author":{"name":"Javier De La Cruz","@id":"https:\/\/esbozodeportivo.com\/#\/schema\/person\/7277119c98823aec37bbb84e125efd44"},"headline":"M\u00e9xico presenta a tres atletas en el Campeonato Mundial Bajo Techo","datePublished":"2024-03-02T03:17:43+00:00","dateModified":"2024-03-02T03:20:45+00:00","mainEntityOfPage":{"@id":"https:\/\/esbozodeportivo.com\/index.php\/2024\/03\/02\/mexico-presenta-a-tres-atletas-en-el-campeonato-mundial-bajo-techo\/"},"wordCount":219,"commentCount":0,"publisher":{"@id":"https:\/\/esbozodeportivo.com\/#organization"},"image":{"@id":"https:\/\/esbozodeportivo.com\/index.php\/2024\/03\/02\/mexico-presenta-a-tres-atletas-en-el-campeonato-mundial-bajo-techo\/#primaryimage"},"thumbnailUrl":"https:\/\/esbozodeportivo.com\/wp-content\/uploads\/2024\/03\/edgar_rivera-1024x682.jpeg","articleSection":["Amateur"],"inLanguage":"es","potentialAction":[{"@type":"CommentAction","name":"Comment","target":["https:\/\/esbozodeportivo.com\/index.php\/2024\/03\/02\/mexico-presenta-a-tres-atletas-en-el-campeonato-mundial-bajo-techo\/#respond"]}]},{"@type":"WebPage","@id":"https:\/\/esbozodeportivo.com\/index.php\/2024\/03\/02\/mexico-presenta-a-tres-atletas-en-el-campeonato-mundial-bajo-techo\/","url":"https:\/\/esbozodeportivo.com\/index.php\/2024\/03\/02\/mexico-presenta-a-tres-atletas-en-el-campeonato-mundial-bajo-techo\/","name":"M\u00e9xico presenta a tres atletas en el Campeonato Mundial Bajo Techo - Esbozo Deportivo","isPartOf":{"@id":"https:\/\/esbozodeportivo.com\/#website"},"primaryImageOfPage":{"@id":"https:\/\/esbozodeportivo.com\/index.php\/2024\/03\/02\/mexico-presenta-a-tres-atletas-en-el-campeonato-mundial-bajo-techo\/#primaryimage"},"image":{"@id":"https:\/\/esbozodeportivo.com\/index.php\/2024\/03\/02\/mexico-presenta-a-tres-atletas-en-el-campeonato-mundial-bajo-techo\/#primaryimage"},"thumbnailUrl":"https:\/\/esbozodeportivo.com\/wp-content\/uploads\/2024\/03\/edgar_rivera-1024x682.jpeg","datePublished":"2024-03-02T03:17:43+00:00","dateModified":"2024-03-02T03:20:45+00:00","breadcrumb":{"@id":"https:\/\/esbozodeportivo.com\/index.php\/2024\/03\/02\/mexico-presenta-a-tres-atletas-en-el-campeonato-mundial-bajo-techo\/#breadcrumb"},"inLanguage":"es","potentialAction":[{"@type":"ReadAction","target":["https:\/\/esbozodeportivo.com\/index.php\/2024\/03\/02\/mexico-presenta-a-tres-atletas-en-el-campeonato-mundial-bajo-techo\/"]}]},{"@type":"ImageObject","inLanguage":"es","@id":"https:\/\/esbozodeportivo.com\/index.php\/2024\/03\/02\/mexico-presenta-a-tres-atletas-en-el-campeonato-mundial-bajo-techo\/#primaryimage","url":"https:\/\/esbozodeportivo.com\/wp-content\/uploads\/2024\/03\/edgar_rivera-1024x682.jpeg","contentUrl":"https:\/\/esbozodeportivo.com\/wp-content\/uploads\/2024\/03\/edgar_rivera-1024x682.jpeg"},{"@type":"BreadcrumbList","@id":"https:\/\/esbozodeportivo.com\/index.php\/2024\/03\/02\/mexico-presenta-a-tres-atletas-en-el-campeonato-mundial-bajo-techo\/#breadcrumb","itemListElement":[{"@type":"ListItem","position":1,"name":"Inicio","item":"https:\/\/esbozodeportivo.com\/"},{"@type":"ListItem","position":2,"name":"M\u00e9xico presenta a tres atletas en el Campeonato Mundial Bajo Techo"}]},{"@type":"WebSite","@id":"https:\/\/esbozodeportivo.com\/#website","url":"https:\/\/esbozodeportivo.com\/","name":"Esbozo Deportivo","description":"Lo m\u00e1s importante del Deporte","publisher":{"@id":"https:\/\/esbozodeportivo.com\/#organization"},"potentialAction":[{"@type":"SearchAction","target":{"@type":"EntryPoint","urlTemplate":"https:\/\/esbozodeportivo.com\/?s={search_term_string}"},"query-input":{"@type":"PropertyValueSpecification","valueRequired":true,"valueName":"search_term_string"}}],"inLanguage":"es"},{"@type":"Organization","@id":"https:\/\/esbozodeportivo.com\/#organization","name":"Esbozo Deportivo","url":"https:\/\/esbozodeportivo.com\/","logo":{"@type":"ImageObject","inLanguage":"es","@id":"https:\/\/esbozodeportivo.com\/#\/schema\/logo\/image\/","url":"https:\/\/esbozodeportivo.com\/wp-content\/uploads\/2022\/08\/cropped-Logo-Esbozo-Web-2.png","contentUrl":"https:\/\/esbozodeportivo.com\/wp-content\/uploads\/2022\/08\/cropped-Logo-Esbozo-Web-2.png","width":180,"height":50,"caption":"Esbozo Deportivo"},"image":{"@id":"https:\/\/esbozodeportivo.com\/#\/schema\/logo\/image\/"}},{"@type":"Person","@id":"https:\/\/esbozodeportivo.com\/#\/schema\/person\/7277119c98823aec37bbb84e125efd44","name":"Javier De La Cruz","image":{"@type":"ImageObject","inLanguage":"es","@id":"https:\/\/esbozodeportivo.com\/#\/schema\/person\/image\/","url":"https:\/\/secure.gravatar.com\/avatar\/366235a56d20f1a6e8e3d0b295897639357bea880470ddf261d17bb0bc052eb1?s=96&d=mm&r=g","contentUrl":"https:\/\/secure.gravatar.com\/avatar\/366235a56d20f1a6e8e3d0b295897639357bea880470ddf261d17bb0bc052eb1?s=96&d=mm&r=g","caption":"Javier De La Cruz"},"url":"https:\/\/esbozodeportivo.com\/index.php\/author\/javier-de-la-cruz-de-la-cruz\/"}]}},"jetpack_featured_media_url":"","jetpack_sharing_enabled":true,"_links":{"self":[{"href":"https:\/\/esbozodeportivo.com\/index.php\/wp-json\/wp\/v2\/posts\/3194","targetHints":{"allow":["GET"]}}],"collection":[{"href":"https:\/\/esbozodeportivo.com\/index.php\/wp-json\/wp\/v2\/posts"}],"about":[{"href":"https:\/\/esbozodeportivo.com\/index.php\/wp-json\/wp\/v2\/types\/post"}],"author":[{"embeddable":true,"href":"https:\/\/esbozodeportivo.com\/index.php\/wp-json\/wp\/v2\/users\/2"}],"replies":[{"embeddable":true,"href":"https:\/\/esbozodeportivo.com\/index.php\/wp-json\/wp\/v2\/comments?post=3194"}],"version-history":[{"count":4,"href":"https:\/\/esbozodeportivo.com\/index.php\/wp-json\/wp\/v2\/posts\/3194\/revisions"}],"predecessor-version":[{"id":3200,"href":"https:\/\/esbozodeportivo.com\/index.php\/wp-json\/wp\/v2\/posts\/3194\/revisions\/3200"}],"wp:attachment":[{"href":"https:\/\/esbozodeportivo.com\/index.php\/wp-json\/wp\/v2\/media?parent=3194"}],"wp:term":[{"taxonomy":"category","embeddable":true,"href":"https:\/\/esbozodeportivo.com\/index.php\/wp-json\/wp\/v2\/categories?post=3194"},{"taxonomy":"post_tag","embeddable":true,"href":"https:\/\/esbozodeportivo.com\/index.php\/wp-json\/wp\/v2\/tags?post=3194"}],"curies":[{"name":"wp","href":"https:\/\/api.w.org\/{rel}","templated":true}]}}