{"id":3202,"date":"2024-03-02T03:27:02","date_gmt":"2024-03-02T03:27:02","guid":{"rendered":"https:\/\/esbozodeportivo.com\/?p=3202"},"modified":"2024-03-02T03:30:05","modified_gmt":"2024-03-02T03:30:05","slug":"el-indet-se-presentara-en-ajedrez-basquetbol-y-voleibol","status":"publish","type":"post","link":"https:\/\/esbozodeportivo.com\/index.php\/2024\/03\/02\/el-indet-se-presentara-en-ajedrez-basquetbol-y-voleibol\/","title":{"rendered":"El INDET se presentar\u00e1 en Ajedrez, Basquetbol y Voleibol"},"content":{"rendered":"<style>\/*! elementor - v3.19.0 - 28-02-2024 *\/\n.elementor-widget-image{text-align:center}.elementor-widget-image a{display:inline-block}.elementor-widget-image a img[src$=\".svg\"]{width:48px}.elementor-widget-image img{vertical-align:middle;display:inline-block}<\/style>\n<p>\t\t\t\t\t\t\t\t\t\t<img loading=\"lazy\" decoding=\"async\" width=\"640\" height=\"480\" src=\"https:\/\/esbozodeportivo.com\/wp-content\/uploads\/2024\/03\/IMG-20240223-WA0012-1-1024x768.jpg\" alt=\"\" srcset=\"https:\/\/esbozodeportivo.com\/wp-content\/uploads\/2024\/03\/IMG-20240223-WA0012-1-1024x768.jpg 1024w, https:\/\/esbozodeportivo.com\/wp-content\/uploads\/2024\/03\/IMG-20240223-WA0012-1-300x225.jpg 300w, https:\/\/esbozodeportivo.com\/wp-content\/uploads\/2024\/03\/IMG-20240223-WA0012-1-768x576.jpg 768w, https:\/\/esbozodeportivo.com\/wp-content\/uploads\/2024\/03\/IMG-20240223-WA0012-1-1536x1152.jpg 1536w, https:\/\/esbozodeportivo.com\/wp-content\/uploads\/2024\/03\/IMG-20240223-WA0012-1.jpg 1600w\" sizes=\"auto, (max-width: 640px) 100vw, 640px\" \/>\t\t\t\t\t\t\t\t\t\t\t\t\t<\/p>\n<h3>(Foto: INDET)<\/h3>\n<p>El Instituto del Deporte de los Trabajadores ser\u00e1 representado por las selecciones de los estados de M\u00e9xico, Michoac\u00e1n, Jalisco, Sonora y Morelos en los Juegos Nacionales CONADE 2024, luego de cumplir el proceso clasificatorio en las disciplinas de ajedrez, basquetbol, voleibol y voleibol de playa, en las actividades realizadas en el Centro Vacacional IMSS Oaxtepec.<\/p>\n<p>Las selecciones estatales que acudir\u00e1n a los Nacionales CONADE 2024, estar\u00e1n formadas por los hijos de los trabajadores que participan en el Programa del INDET, luego de ser reconocidos en el Sistema Nacional del Deporte (SINADE).<\/p>\n<p>\t\t\t\t\t\t\t\t\t\t\t\t\t<img loading=\"lazy\" decoding=\"async\" width=\"640\" height=\"480\" src=\"https:\/\/esbozodeportivo.com\/wp-content\/uploads\/2024\/03\/IMG-20240223-WA0051-1-1024x768.jpg\" alt=\"\" srcset=\"https:\/\/esbozodeportivo.com\/wp-content\/uploads\/2024\/03\/IMG-20240223-WA0051-1-1024x768.jpg 1024w, https:\/\/esbozodeportivo.com\/wp-content\/uploads\/2024\/03\/IMG-20240223-WA0051-1-300x225.jpg 300w, https:\/\/esbozodeportivo.com\/wp-content\/uploads\/2024\/03\/IMG-20240223-WA0051-1-768x576.jpg 768w, https:\/\/esbozodeportivo.com\/wp-content\/uploads\/2024\/03\/IMG-20240223-WA0051-1-1536x1152.jpg 1536w, https:\/\/esbozodeportivo.com\/wp-content\/uploads\/2024\/03\/IMG-20240223-WA0051-1.jpg 1600w\" sizes=\"auto, (max-width: 640px) 100vw, 640px\" \/>\t\t\t\t\t\t\t\t\t\t\t\t\t<\/p>\n<h3>(Foto: INDET)<\/h3>\n<p>De esta manera, se llev\u00f3 a cabo el proceso clasificatorio en el Centro Vacacional IMSS de Oaxtepec, cuyas instalaciones albergan la final de los Juegos Nacionales Deportivos y Recreativos de los Trabajadores que organiza el Congreso del Trabajo a trav\u00e9s del INDET.<\/p>\n<p>En la categor\u00eda de 12 a\u00f1os varonil, el torneo de ajedrez, clasificaron Diego Cadena, de Sonora, y Cristian Rojas, de Morelos, mientras que en 13-16 a\u00f1os femenil, obtuvieron su boleto Mar\u00eda Ochoa, de Sonora, y Melani S\u00e1nchez, de Morelos; en la varonil 13-16 a\u00f1os, se clasificaron Dayan Alatorre y Carlos L\u00f3pez, ambos de Sonora.<\/p>\n<p>Por lo que respecta al basquetbol, en la categor\u00eda 15-16 a\u00f1os varonil, se clasific\u00f3 el equipo de Michoac\u00e1n, mientras que en 17-18 a\u00f1os Chiapas; en basquetbol 3&#215;3 fue el Estado de M\u00e9xico y en la categor\u00eda de 17-18 a\u00f1os fue Estado de M\u00e9xico.<\/p>\n<p>Mientras que en el voleibol de sala se clasificaron los equipos de Jalisco y Chiapas en las categor\u00edas 15-16 a\u00f1os, 17-18 a\u00f1os y 15-16 a\u00f1os, en ese orden. Jalisco tambi\u00e9n ocup\u00f3 las plazas en juvenil menor varonil y juvenil mayor varonil.<\/p>\n<p>Finalmente, en el voleibol de playa Chiapas se lev\u00f3 el boleto en la categor\u00eda juvenil menor varonil y en la juvenil mayor varonil.<\/p>\n<p>\u00a0<\/p>\n","protected":false},"excerpt":{"rendered":"<p>(Foto: INDET) El Instituto del Deporte de los Trabajadores ser\u00e1 representado por las selecciones de<\/p>\n","protected":false},"author":2,"featured_media":0,"comment_status":"open","ping_status":"open","sticky":false,"template":"","format":"standard","meta":{"_jetpack_memberships_contains_paid_content":false,"footnotes":""},"categories":[5],"tags":[],"class_list":["post-3202","post","type-post","status-publish","format-standard","hentry","category-amateur"],"yoast_head":"<!-- This site is optimized with the Yoast SEO plugin v25.7 - https:\/\/yoast.com\/wordpress\/plugins\/seo\/ -->\n<title>El INDET se presentar\u00e1 en Ajedrez, Basquetbol y Voleibol - Esbozo Deportivo<\/title>\n<meta name=\"robots\" content=\"index, follow, max-snippet:-1, max-image-preview:large, max-video-preview:-1\" \/>\n<link rel=\"canonical\" href=\"https:\/\/esbozodeportivo.com\/index.php\/2024\/03\/02\/el-indet-se-presentara-en-ajedrez-basquetbol-y-voleibol\/\" \/>\n<meta property=\"og:locale\" content=\"es_MX\" \/>\n<meta property=\"og:type\" content=\"article\" \/>\n<meta property=\"og:title\" content=\"El INDET se presentar\u00e1 en Ajedrez, Basquetbol y Voleibol - Esbozo Deportivo\" \/>\n<meta property=\"og:description\" content=\"(Foto: INDET) El Instituto del Deporte de los Trabajadores ser\u00e1 representado por las selecciones de\" \/>\n<meta property=\"og:url\" content=\"https:\/\/esbozodeportivo.com\/index.php\/2024\/03\/02\/el-indet-se-presentara-en-ajedrez-basquetbol-y-voleibol\/\" \/>\n<meta property=\"og:site_name\" content=\"Esbozo Deportivo\" \/>\n<meta property=\"article:published_time\" content=\"2024-03-02T03:27:02+00:00\" \/>\n<meta property=\"article:modified_time\" content=\"2024-03-02T03:30:05+00:00\" \/>\n<meta property=\"og:image\" content=\"https:\/\/esbozodeportivo.com\/wp-content\/uploads\/2024\/03\/IMG-20240223-WA0012-1-1024x768.jpg\" \/>\n<meta name=\"author\" content=\"Javier De La Cruz\" \/>\n<meta name=\"twitter:card\" content=\"summary_large_image\" \/>\n<meta name=\"twitter:label1\" content=\"Escrito por\" \/>\n\t<meta name=\"twitter:data1\" content=\"Javier De La Cruz\" \/>\n\t<meta name=\"twitter:label2\" content=\"Tiempo de lectura\" \/>\n\t<meta name=\"twitter:data2\" content=\"2 minutos\" \/>\n<script type=\"application\/ld+json\" class=\"yoast-schema-graph\">{\"@context\":\"https:\/\/schema.org\",\"@graph\":[{\"@type\":\"Article\",\"@id\":\"https:\/\/esbozodeportivo.com\/index.php\/2024\/03\/02\/el-indet-se-presentara-en-ajedrez-basquetbol-y-voleibol\/#article\",\"isPartOf\":{\"@id\":\"https:\/\/esbozodeportivo.com\/index.php\/2024\/03\/02\/el-indet-se-presentara-en-ajedrez-basquetbol-y-voleibol\/\"},\"author\":{\"name\":\"Javier De La Cruz\",\"@id\":\"https:\/\/esbozodeportivo.com\/#\/schema\/person\/7277119c98823aec37bbb84e125efd44\"},\"headline\":\"El INDET se presentar\u00e1 en Ajedrez, Basquetbol y Voleibol\",\"datePublished\":\"2024-03-02T03:27:02+00:00\",\"dateModified\":\"2024-03-02T03:30:05+00:00\",\"mainEntityOfPage\":{\"@id\":\"https:\/\/esbozodeportivo.com\/index.php\/2024\/03\/02\/el-indet-se-presentara-en-ajedrez-basquetbol-y-voleibol\/\"},\"wordCount\":330,\"commentCount\":0,\"publisher\":{\"@id\":\"https:\/\/esbozodeportivo.com\/#organization\"},\"image\":{\"@id\":\"https:\/\/esbozodeportivo.com\/index.php\/2024\/03\/02\/el-indet-se-presentara-en-ajedrez-basquetbol-y-voleibol\/#primaryimage\"},\"thumbnailUrl\":\"https:\/\/esbozodeportivo.com\/wp-content\/uploads\/2024\/03\/IMG-20240223-WA0012-1-1024x768.jpg\",\"articleSection\":[\"Amateur\"],\"inLanguage\":\"es\",\"potentialAction\":[{\"@type\":\"CommentAction\",\"name\":\"Comment\",\"target\":[\"https:\/\/esbozodeportivo.com\/index.php\/2024\/03\/02\/el-indet-se-presentara-en-ajedrez-basquetbol-y-voleibol\/#respond\"]}]},{\"@type\":\"WebPage\",\"@id\":\"https:\/\/esbozodeportivo.com\/index.php\/2024\/03\/02\/el-indet-se-presentara-en-ajedrez-basquetbol-y-voleibol\/\",\"url\":\"https:\/\/esbozodeportivo.com\/index.php\/2024\/03\/02\/el-indet-se-presentara-en-ajedrez-basquetbol-y-voleibol\/\",\"name\":\"El INDET se presentar\u00e1 en Ajedrez, Basquetbol y Voleibol - Esbozo Deportivo\",\"isPartOf\":{\"@id\":\"https:\/\/esbozodeportivo.com\/#website\"},\"primaryImageOfPage\":{\"@id\":\"https:\/\/esbozodeportivo.com\/index.php\/2024\/03\/02\/el-indet-se-presentara-en-ajedrez-basquetbol-y-voleibol\/#primaryimage\"},\"image\":{\"@id\":\"https:\/\/esbozodeportivo.com\/index.php\/2024\/03\/02\/el-indet-se-presentara-en-ajedrez-basquetbol-y-voleibol\/#primaryimage\"},\"thumbnailUrl\":\"https:\/\/esbozodeportivo.com\/wp-content\/uploads\/2024\/03\/IMG-20240223-WA0012-1-1024x768.jpg\",\"datePublished\":\"2024-03-02T03:27:02+00:00\",\"dateModified\":\"2024-03-02T03:30:05+00:00\",\"breadcrumb\":{\"@id\":\"https:\/\/esbozodeportivo.com\/index.php\/2024\/03\/02\/el-indet-se-presentara-en-ajedrez-basquetbol-y-voleibol\/#breadcrumb\"},\"inLanguage\":\"es\",\"potentialAction\":[{\"@type\":\"ReadAction\",\"target\":[\"https:\/\/esbozodeportivo.com\/index.php\/2024\/03\/02\/el-indet-se-presentara-en-ajedrez-basquetbol-y-voleibol\/\"]}]},{\"@type\":\"ImageObject\",\"inLanguage\":\"es\",\"@id\":\"https:\/\/esbozodeportivo.com\/index.php\/2024\/03\/02\/el-indet-se-presentara-en-ajedrez-basquetbol-y-voleibol\/#primaryimage\",\"url\":\"https:\/\/esbozodeportivo.com\/wp-content\/uploads\/2024\/03\/IMG-20240223-WA0012-1.jpg\",\"contentUrl\":\"https:\/\/esbozodeportivo.com\/wp-content\/uploads\/2024\/03\/IMG-20240223-WA0012-1.jpg\",\"width\":1600,\"height\":1200},{\"@type\":\"BreadcrumbList\",\"@id\":\"https:\/\/esbozodeportivo.com\/index.php\/2024\/03\/02\/el-indet-se-presentara-en-ajedrez-basquetbol-y-voleibol\/#breadcrumb\",\"itemListElement\":[{\"@type\":\"ListItem\",\"position\":1,\"name\":\"Inicio\",\"item\":\"https:\/\/esbozodeportivo.com\/\"},{\"@type\":\"ListItem\",\"position\":2,\"name\":\"El INDET se presentar\u00e1 en Ajedrez, Basquetbol y Voleibol\"}]},{\"@type\":\"WebSite\",\"@id\":\"https:\/\/esbozodeportivo.com\/#website\",\"url\":\"https:\/\/esbozodeportivo.com\/\",\"name\":\"Esbozo Deportivo\",\"description\":\"Lo m\u00e1s importante del Deporte\",\"publisher\":{\"@id\":\"https:\/\/esbozodeportivo.com\/#organization\"},\"potentialAction\":[{\"@type\":\"SearchAction\",\"target\":{\"@type\":\"EntryPoint\",\"urlTemplate\":\"https:\/\/esbozodeportivo.com\/?s={search_term_string}\"},\"query-input\":{\"@type\":\"PropertyValueSpecification\",\"valueRequired\":true,\"valueName\":\"search_term_string\"}}],\"inLanguage\":\"es\"},{\"@type\":\"Organization\",\"@id\":\"https:\/\/esbozodeportivo.com\/#organization\",\"name\":\"Esbozo Deportivo\",\"url\":\"https:\/\/esbozodeportivo.com\/\",\"logo\":{\"@type\":\"ImageObject\",\"inLanguage\":\"es\",\"@id\":\"https:\/\/esbozodeportivo.com\/#\/schema\/logo\/image\/\",\"url\":\"https:\/\/esbozodeportivo.com\/wp-content\/uploads\/2022\/08\/cropped-Logo-Esbozo-Web-2.png\",\"contentUrl\":\"https:\/\/esbozodeportivo.com\/wp-content\/uploads\/2022\/08\/cropped-Logo-Esbozo-Web-2.png\",\"width\":180,\"height\":50,\"caption\":\"Esbozo Deportivo\"},\"image\":{\"@id\":\"https:\/\/esbozodeportivo.com\/#\/schema\/logo\/image\/\"}},{\"@type\":\"Person\",\"@id\":\"https:\/\/esbozodeportivo.com\/#\/schema\/person\/7277119c98823aec37bbb84e125efd44\",\"name\":\"Javier De La Cruz\",\"image\":{\"@type\":\"ImageObject\",\"inLanguage\":\"es\",\"@id\":\"https:\/\/esbozodeportivo.com\/#\/schema\/person\/image\/\",\"url\":\"https:\/\/secure.gravatar.com\/avatar\/366235a56d20f1a6e8e3d0b295897639357bea880470ddf261d17bb0bc052eb1?s=96&d=mm&r=g\",\"contentUrl\":\"https:\/\/secure.gravatar.com\/avatar\/366235a56d20f1a6e8e3d0b295897639357bea880470ddf261d17bb0bc052eb1?s=96&d=mm&r=g\",\"caption\":\"Javier De La Cruz\"},\"url\":\"https:\/\/esbozodeportivo.com\/index.php\/author\/javier-de-la-cruz-de-la-cruz\/\"}]}<\/script>\n<!-- \/ Yoast SEO plugin. -->","yoast_head_json":{"title":"El INDET se presentar\u00e1 en Ajedrez, Basquetbol y Voleibol - Esbozo Deportivo","robots":{"index":"index","follow":"follow","max-snippet":"max-snippet:-1","max-image-preview":"max-image-preview:large","max-video-preview":"max-video-preview:-1"},"canonical":"https:\/\/esbozodeportivo.com\/index.php\/2024\/03\/02\/el-indet-se-presentara-en-ajedrez-basquetbol-y-voleibol\/","og_locale":"es_MX","og_type":"article","og_title":"El INDET se presentar\u00e1 en Ajedrez, Basquetbol y Voleibol - Esbozo Deportivo","og_description":"(Foto: INDET) El Instituto del Deporte de los Trabajadores ser\u00e1 representado por las selecciones de","og_url":"https:\/\/esbozodeportivo.com\/index.php\/2024\/03\/02\/el-indet-se-presentara-en-ajedrez-basquetbol-y-voleibol\/","og_site_name":"Esbozo Deportivo","article_published_time":"2024-03-02T03:27:02+00:00","article_modified_time":"2024-03-02T03:30:05+00:00","og_image":[{"url":"https:\/\/esbozodeportivo.com\/wp-content\/uploads\/2024\/03\/IMG-20240223-WA0012-1-1024x768.jpg","type":"","width":"","height":""}],"author":"Javier De La Cruz","twitter_card":"summary_large_image","twitter_misc":{"Escrito por":"Javier De La Cruz","Tiempo de lectura":"2 minutos"},"schema":{"@context":"https:\/\/schema.org","@graph":[{"@type":"Article","@id":"https:\/\/esbozodeportivo.com\/index.php\/2024\/03\/02\/el-indet-se-presentara-en-ajedrez-basquetbol-y-voleibol\/#article","isPartOf":{"@id":"https:\/\/esbozodeportivo.com\/index.php\/2024\/03\/02\/el-indet-se-presentara-en-ajedrez-basquetbol-y-voleibol\/"},"author":{"name":"Javier De La Cruz","@id":"https:\/\/esbozodeportivo.com\/#\/schema\/person\/7277119c98823aec37bbb84e125efd44"},"headline":"El INDET se presentar\u00e1 en Ajedrez, Basquetbol y Voleibol","datePublished":"2024-03-02T03:27:02+00:00","dateModified":"2024-03-02T03:30:05+00:00","mainEntityOfPage":{"@id":"https:\/\/esbozodeportivo.com\/index.php\/2024\/03\/02\/el-indet-se-presentara-en-ajedrez-basquetbol-y-voleibol\/"},"wordCount":330,"commentCount":0,"publisher":{"@id":"https:\/\/esbozodeportivo.com\/#organization"},"image":{"@id":"https:\/\/esbozodeportivo.com\/index.php\/2024\/03\/02\/el-indet-se-presentara-en-ajedrez-basquetbol-y-voleibol\/#primaryimage"},"thumbnailUrl":"https:\/\/esbozodeportivo.com\/wp-content\/uploads\/2024\/03\/IMG-20240223-WA0012-1-1024x768.jpg","articleSection":["Amateur"],"inLanguage":"es","potentialAction":[{"@type":"CommentAction","name":"Comment","target":["https:\/\/esbozodeportivo.com\/index.php\/2024\/03\/02\/el-indet-se-presentara-en-ajedrez-basquetbol-y-voleibol\/#respond"]}]},{"@type":"WebPage","@id":"https:\/\/esbozodeportivo.com\/index.php\/2024\/03\/02\/el-indet-se-presentara-en-ajedrez-basquetbol-y-voleibol\/","url":"https:\/\/esbozodeportivo.com\/index.php\/2024\/03\/02\/el-indet-se-presentara-en-ajedrez-basquetbol-y-voleibol\/","name":"El INDET se presentar\u00e1 en Ajedrez, Basquetbol y Voleibol - Esbozo Deportivo","isPartOf":{"@id":"https:\/\/esbozodeportivo.com\/#website"},"primaryImageOfPage":{"@id":"https:\/\/esbozodeportivo.com\/index.php\/2024\/03\/02\/el-indet-se-presentara-en-ajedrez-basquetbol-y-voleibol\/#primaryimage"},"image":{"@id":"https:\/\/esbozodeportivo.com\/index.php\/2024\/03\/02\/el-indet-se-presentara-en-ajedrez-basquetbol-y-voleibol\/#primaryimage"},"thumbnailUrl":"https:\/\/esbozodeportivo.com\/wp-content\/uploads\/2024\/03\/IMG-20240223-WA0012-1-1024x768.jpg","datePublished":"2024-03-02T03:27:02+00:00","dateModified":"2024-03-02T03:30:05+00:00","breadcrumb":{"@id":"https:\/\/esbozodeportivo.com\/index.php\/2024\/03\/02\/el-indet-se-presentara-en-ajedrez-basquetbol-y-voleibol\/#breadcrumb"},"inLanguage":"es","potentialAction":[{"@type":"ReadAction","target":["https:\/\/esbozodeportivo.com\/index.php\/2024\/03\/02\/el-indet-se-presentara-en-ajedrez-basquetbol-y-voleibol\/"]}]},{"@type":"ImageObject","inLanguage":"es","@id":"https:\/\/esbozodeportivo.com\/index.php\/2024\/03\/02\/el-indet-se-presentara-en-ajedrez-basquetbol-y-voleibol\/#primaryimage","url":"https:\/\/esbozodeportivo.com\/wp-content\/uploads\/2024\/03\/IMG-20240223-WA0012-1.jpg","contentUrl":"https:\/\/esbozodeportivo.com\/wp-content\/uploads\/2024\/03\/IMG-20240223-WA0012-1.jpg","width":1600,"height":1200},{"@type":"BreadcrumbList","@id":"https:\/\/esbozodeportivo.com\/index.php\/2024\/03\/02\/el-indet-se-presentara-en-ajedrez-basquetbol-y-voleibol\/#breadcrumb","itemListElement":[{"@type":"ListItem","position":1,"name":"Inicio","item":"https:\/\/esbozodeportivo.com\/"},{"@type":"ListItem","position":2,"name":"El INDET se presentar\u00e1 en Ajedrez, Basquetbol y Voleibol"}]},{"@type":"WebSite","@id":"https:\/\/esbozodeportivo.com\/#website","url":"https:\/\/esbozodeportivo.com\/","name":"Esbozo Deportivo","description":"Lo m\u00e1s importante del Deporte","publisher":{"@id":"https:\/\/esbozodeportivo.com\/#organization"},"potentialAction":[{"@type":"SearchAction","target":{"@type":"EntryPoint","urlTemplate":"https:\/\/esbozodeportivo.com\/?s={search_term_string}"},"query-input":{"@type":"PropertyValueSpecification","valueRequired":true,"valueName":"search_term_string"}}],"inLanguage":"es"},{"@type":"Organization","@id":"https:\/\/esbozodeportivo.com\/#organization","name":"Esbozo Deportivo","url":"https:\/\/esbozodeportivo.com\/","logo":{"@type":"ImageObject","inLanguage":"es","@id":"https:\/\/esbozodeportivo.com\/#\/schema\/logo\/image\/","url":"https:\/\/esbozodeportivo.com\/wp-content\/uploads\/2022\/08\/cropped-Logo-Esbozo-Web-2.png","contentUrl":"https:\/\/esbozodeportivo.com\/wp-content\/uploads\/2022\/08\/cropped-Logo-Esbozo-Web-2.png","width":180,"height":50,"caption":"Esbozo Deportivo"},"image":{"@id":"https:\/\/esbozodeportivo.com\/#\/schema\/logo\/image\/"}},{"@type":"Person","@id":"https:\/\/esbozodeportivo.com\/#\/schema\/person\/7277119c98823aec37bbb84e125efd44","name":"Javier De La Cruz","image":{"@type":"ImageObject","inLanguage":"es","@id":"https:\/\/esbozodeportivo.com\/#\/schema\/person\/image\/","url":"https:\/\/secure.gravatar.com\/avatar\/366235a56d20f1a6e8e3d0b295897639357bea880470ddf261d17bb0bc052eb1?s=96&d=mm&r=g","contentUrl":"https:\/\/secure.gravatar.com\/avatar\/366235a56d20f1a6e8e3d0b295897639357bea880470ddf261d17bb0bc052eb1?s=96&d=mm&r=g","caption":"Javier De La Cruz"},"url":"https:\/\/esbozodeportivo.com\/index.php\/author\/javier-de-la-cruz-de-la-cruz\/"}]}},"jetpack_featured_media_url":"","jetpack_sharing_enabled":true,"_links":{"self":[{"href":"https:\/\/esbozodeportivo.com\/index.php\/wp-json\/wp\/v2\/posts\/3202","targetHints":{"allow":["GET"]}}],"collection":[{"href":"https:\/\/esbozodeportivo.com\/index.php\/wp-json\/wp\/v2\/posts"}],"about":[{"href":"https:\/\/esbozodeportivo.com\/index.php\/wp-json\/wp\/v2\/types\/post"}],"author":[{"embeddable":true,"href":"https:\/\/esbozodeportivo.com\/index.php\/wp-json\/wp\/v2\/users\/2"}],"replies":[{"embeddable":true,"href":"https:\/\/esbozodeportivo.com\/index.php\/wp-json\/wp\/v2\/comments?post=3202"}],"version-history":[{"count":4,"href":"https:\/\/esbozodeportivo.com\/index.php\/wp-json\/wp\/v2\/posts\/3202\/revisions"}],"predecessor-version":[{"id":3210,"href":"https:\/\/esbozodeportivo.com\/index.php\/wp-json\/wp\/v2\/posts\/3202\/revisions\/3210"}],"wp:attachment":[{"href":"https:\/\/esbozodeportivo.com\/index.php\/wp-json\/wp\/v2\/media?parent=3202"}],"wp:term":[{"taxonomy":"category","embeddable":true,"href":"https:\/\/esbozodeportivo.com\/index.php\/wp-json\/wp\/v2\/categories?post=3202"},{"taxonomy":"post_tag","embeddable":true,"href":"https:\/\/esbozodeportivo.com\/index.php\/wp-json\/wp\/v2\/tags?post=3202"}],"curies":[{"name":"wp","href":"https:\/\/api.w.org\/{rel}","templated":true}]}}