{"id":3242,"date":"2024-03-06T05:37:23","date_gmt":"2024-03-06T05:37:23","guid":{"rendered":"https:\/\/esbozodeportivo.com\/?p=3242"},"modified":"2024-03-06T05:42:51","modified_gmt":"2024-03-06T05:42:51","slug":"alex-de-minaur-se-proclama-bicampeon-del-abierto-mexicano-de-tenis","status":"publish","type":"post","link":"https:\/\/esbozodeportivo.com\/index.php\/2024\/03\/06\/alex-de-minaur-se-proclama-bicampeon-del-abierto-mexicano-de-tenis\/","title":{"rendered":"Alex de Mi\u00f1aur se proclama bicampe\u00f3n del Abierto Mexicano de Tenis"},"content":{"rendered":"<style>\/*! elementor - v3.19.0 - 28-02-2024 *\/\n.elementor-widget-image{text-align:center}.elementor-widget-image a{display:inline-block}.elementor-widget-image a img[src$=\".svg\"]{width:48px}.elementor-widget-image img{vertical-align:middle;display:inline-block}<\/style>\n<p>\t\t\t\t\t\t\t\t\t\t<img loading=\"lazy\" decoding=\"async\" width=\"640\" height=\"800\" src=\"https:\/\/esbozodeportivo.com\/wp-content\/uploads\/2024\/03\/FinalAMT1-819x1024.jpg\" alt=\"\" srcset=\"https:\/\/esbozodeportivo.com\/wp-content\/uploads\/2024\/03\/FinalAMT1-819x1024.jpg 819w, https:\/\/esbozodeportivo.com\/wp-content\/uploads\/2024\/03\/FinalAMT1-240x300.jpg 240w, https:\/\/esbozodeportivo.com\/wp-content\/uploads\/2024\/03\/FinalAMT1-768x960.jpg 768w, https:\/\/esbozodeportivo.com\/wp-content\/uploads\/2024\/03\/FinalAMT1.jpg 1024w\" sizes=\"auto, (max-width: 640px) 100vw, 640px\" \/>\t\t\t\t\t\t\t\t\t\t\t\t\t<\/p>\n<h3 style=\"line-height: 15.0pt; background: white;\">(Foto: @AbiertoTelcel)<\/h3>\n<p>Termina una nueva edici\u00f3n del Abierto Mexicano de Tenis de Acapulco 2024 con la consagraci\u00f3n del tenista australiano Alex de Mi\u00f1aur al vencer en dos sets al noruego Casper Ruud con parciales de 6-4 y 6-4 en una hora y 57 minutos de juego. De esta manera, de Mi\u00f1aur, tercer sembrado en el torneo, consigue revalidar el campeonato obtenido el a\u00f1o pasado en tierras mexicanas y se une a jugadores como Thomas Muster (1993-96), Nicol\u00e1s Almagro (2008-09) y David Ferrer (2010-12) como los \u00fanicos cuatro ganadores en a\u00f1os consecutivos.<\/p>\n<p>\u00a0<\/p>\n<p>\t\t\t\t\t\t\t\t\t\t\t\t\t<img loading=\"lazy\" decoding=\"async\" width=\"640\" height=\"800\" src=\"https:\/\/esbozodeportivo.com\/wp-content\/uploads\/2024\/03\/FinalAMT2-819x1024.jpg\" alt=\"\" srcset=\"https:\/\/esbozodeportivo.com\/wp-content\/uploads\/2024\/03\/FinalAMT2-819x1024.jpg 819w, https:\/\/esbozodeportivo.com\/wp-content\/uploads\/2024\/03\/FinalAMT2-240x300.jpg 240w, https:\/\/esbozodeportivo.com\/wp-content\/uploads\/2024\/03\/FinalAMT2-768x960.jpg 768w, https:\/\/esbozodeportivo.com\/wp-content\/uploads\/2024\/03\/FinalAMT2-1024x1280.jpg 1024w, https:\/\/esbozodeportivo.com\/wp-content\/uploads\/2024\/03\/FinalAMT2.jpg 1080w\" sizes=\"auto, (max-width: 640px) 100vw, 640px\" \/>\t\t\t\t\t\t\t\t\t\t\t\t\t<\/p>\n<h3 style=\"line-height: 15.0pt; background: white;\">(Foto: @atptour)<\/h3>\n<p>El primer set fue de peloteo constante por parte de los dos jugadores que demostraron consistencia en sus tiros dentro de la cancha. El set transcurr\u00eda con pocos errores. Apenas en el tercer juego, con Ruud al saque, fue de Mi\u00f1aur quien quebr\u00f3 el servicio del noruego para irse al frente en los parciales quiebre arriba. Esta ventaja no la perder\u00eda en lo que restaba del set. Casper Ruud no encontraba la f\u00f3rmula para descifrar el juego r\u00e1pido y agresivo de Alex de Mi\u00f1aur que regresaba todo lo que enviaba el noruego y adem\u00e1s comet\u00eda pocos errores.<\/p>\n<p>\u00a0<\/p>\n<p>\t\t\t\t\t\t\t\t\t\t\t\t\t<img loading=\"lazy\" decoding=\"async\" width=\"640\" height=\"800\" src=\"https:\/\/esbozodeportivo.com\/wp-content\/uploads\/2024\/03\/FinalAMT3-819x1024.jpg\" alt=\"\" srcset=\"https:\/\/esbozodeportivo.com\/wp-content\/uploads\/2024\/03\/FinalAMT3-819x1024.jpg 819w, https:\/\/esbozodeportivo.com\/wp-content\/uploads\/2024\/03\/FinalAMT3-240x300.jpg 240w, https:\/\/esbozodeportivo.com\/wp-content\/uploads\/2024\/03\/FinalAMT3-768x960.jpg 768w, https:\/\/esbozodeportivo.com\/wp-content\/uploads\/2024\/03\/FinalAMT3-1024x1280.jpg 1024w, https:\/\/esbozodeportivo.com\/wp-content\/uploads\/2024\/03\/FinalAMT3.jpg 1080w\" sizes=\"auto, (max-width: 640px) 100vw, 640px\" \/>\t\t\t\t\t\t\t\t\t\t\t\t\t<\/p>\n<h3 style=\"line-height: 15.0pt; background: white;\">(Foto: @atptour)<\/h3>\n<p>En el segundo set, la batalla se torn\u00f3 m\u00e1s intensa. Casper Ruud, consciente de que si quer\u00eda ser campe\u00f3n no pod\u00eda dar m\u00e1s concesiones a de Mi\u00f1aur y as\u00ed fue. El noruego empez\u00f3 el set ganando juego con su saque y quebrando el del australiano para irse al frente 0-2. En el tomar una importante ventaja pero Alex de Mi\u00f1aur incre\u00edblemente remont\u00f3 el marcador para ponerse 1-2 en el tercer set y, sobre todo, ganar la partida an\u00edmica a Ruud. A partir de ese momento, de Mi\u00f1aur tom\u00f3 confianza para sacar puntos importantes y llevarse el set 6-4 convirti\u00e9ndose en bicampe\u00f3n del Abierto Mexciano de Tenis 2024. En cuanto a Casper Ruud, el noruego perdi\u00f3 su segunda final consecutiva en tierras aztecas, siendo que, la semana pasada perdi\u00f3 la final del Abierto de Los Cabos con el tambi\u00e9n australiano Jordan Thompson.<\/p>\n<p>\t\t\t\t\t\t\t\t\t\t\t\t\t<img loading=\"lazy\" decoding=\"async\" width=\"640\" height=\"359\" src=\"https:\/\/esbozodeportivo.com\/wp-content\/uploads\/2024\/03\/FinalAMT4-1024x575.jpg\" alt=\"\" srcset=\"https:\/\/esbozodeportivo.com\/wp-content\/uploads\/2024\/03\/FinalAMT4-1024x575.jpg 1024w, https:\/\/esbozodeportivo.com\/wp-content\/uploads\/2024\/03\/FinalAMT4-300x169.jpg 300w, https:\/\/esbozodeportivo.com\/wp-content\/uploads\/2024\/03\/FinalAMT4-768x431.jpg 768w, https:\/\/esbozodeportivo.com\/wp-content\/uploads\/2024\/03\/FinalAMT4-1536x863.jpg 1536w, https:\/\/esbozodeportivo.com\/wp-content\/uploads\/2024\/03\/FinalAMT4-2048x1151.jpg 2048w\" sizes=\"auto, (max-width: 640px) 100vw, 640px\" \/>\t\t\t\t\t\t\t\t\t\t\t\t\t<\/p>\n<h3 style=\"line-height: 15.0pt; background: white;\">(Foto: @AbiertoTelcel)<\/h3>\n<p>Al final, ya en la premiaci\u00f3n, el ahora bicampe\u00f3n Alex de Mi\u00f1aur dio unas palabras: \u201cA Ruud le quiero decir que es un gran jugador muy respetado en el circuito, gracias por un gran duelo. Acapulco es mi segunda ciudad favorita en el mundo, fue un placer venir y dar un poco de luz a esta ciudad. Acapulco brillar\u00e1 m\u00e1s ahora. Hasta el a\u00f1o que viene\u201d. Por su parte Ruud felicit\u00f3 al campe\u00f3n y espera regresar el siguiente a\u00f1o para por fin llevarse el campeonato.<\/p>\n","protected":false},"excerpt":{"rendered":"<p>(Foto: @AbiertoTelcel) Termina una nueva edici\u00f3n del Abierto Mexicano de Tenis de Acapulco 2024 con<\/p>\n","protected":false},"author":2,"featured_media":0,"comment_status":"open","ping_status":"open","sticky":false,"template":"","format":"standard","meta":{"_jetpack_memberships_contains_paid_content":false,"footnotes":""},"categories":[12],"tags":[],"class_list":["post-3242","post","type-post","status-publish","format-standard","hentry","category-tenis-internacional"],"yoast_head":"<!-- This site is optimized with the Yoast SEO plugin v25.7 - https:\/\/yoast.com\/wordpress\/plugins\/seo\/ -->\n<title>Alex de Mi\u00f1aur se proclama bicampe\u00f3n del Abierto Mexicano de Tenis - Esbozo Deportivo<\/title>\n<meta name=\"robots\" content=\"index, follow, max-snippet:-1, max-image-preview:large, max-video-preview:-1\" \/>\n<link rel=\"canonical\" href=\"https:\/\/esbozodeportivo.com\/index.php\/2024\/03\/06\/alex-de-minaur-se-proclama-bicampeon-del-abierto-mexicano-de-tenis\/\" \/>\n<meta property=\"og:locale\" content=\"es_MX\" \/>\n<meta property=\"og:type\" content=\"article\" \/>\n<meta property=\"og:title\" content=\"Alex de Mi\u00f1aur se proclama bicampe\u00f3n del Abierto Mexicano de Tenis - Esbozo Deportivo\" \/>\n<meta property=\"og:description\" content=\"(Foto: @AbiertoTelcel) Termina una nueva edici\u00f3n del Abierto Mexicano de Tenis de Acapulco 2024 con\" \/>\n<meta property=\"og:url\" content=\"https:\/\/esbozodeportivo.com\/index.php\/2024\/03\/06\/alex-de-minaur-se-proclama-bicampeon-del-abierto-mexicano-de-tenis\/\" \/>\n<meta property=\"og:site_name\" content=\"Esbozo Deportivo\" \/>\n<meta property=\"article:published_time\" content=\"2024-03-06T05:37:23+00:00\" \/>\n<meta property=\"article:modified_time\" content=\"2024-03-06T05:42:51+00:00\" \/>\n<meta property=\"og:image\" content=\"https:\/\/esbozodeportivo.com\/wp-content\/uploads\/2024\/03\/FinalAMT1-819x1024.jpg\" \/>\n<meta name=\"author\" content=\"Javier De La Cruz\" \/>\n<meta name=\"twitter:card\" content=\"summary_large_image\" \/>\n<meta name=\"twitter:label1\" content=\"Escrito por\" \/>\n\t<meta name=\"twitter:data1\" content=\"Javier De La Cruz\" \/>\n\t<meta name=\"twitter:label2\" content=\"Tiempo de lectura\" \/>\n\t<meta name=\"twitter:data2\" content=\"2 minutos\" \/>\n<script type=\"application\/ld+json\" class=\"yoast-schema-graph\">{\"@context\":\"https:\/\/schema.org\",\"@graph\":[{\"@type\":\"Article\",\"@id\":\"https:\/\/esbozodeportivo.com\/index.php\/2024\/03\/06\/alex-de-minaur-se-proclama-bicampeon-del-abierto-mexicano-de-tenis\/#article\",\"isPartOf\":{\"@id\":\"https:\/\/esbozodeportivo.com\/index.php\/2024\/03\/06\/alex-de-minaur-se-proclama-bicampeon-del-abierto-mexicano-de-tenis\/\"},\"author\":{\"name\":\"Javier De La Cruz\",\"@id\":\"https:\/\/esbozodeportivo.com\/#\/schema\/person\/7277119c98823aec37bbb84e125efd44\"},\"headline\":\"Alex de Mi\u00f1aur se proclama bicampe\u00f3n del Abierto Mexicano de Tenis\",\"datePublished\":\"2024-03-06T05:37:23+00:00\",\"dateModified\":\"2024-03-06T05:42:51+00:00\",\"mainEntityOfPage\":{\"@id\":\"https:\/\/esbozodeportivo.com\/index.php\/2024\/03\/06\/alex-de-minaur-se-proclama-bicampeon-del-abierto-mexicano-de-tenis\/\"},\"wordCount\":465,\"commentCount\":0,\"publisher\":{\"@id\":\"https:\/\/esbozodeportivo.com\/#organization\"},\"image\":{\"@id\":\"https:\/\/esbozodeportivo.com\/index.php\/2024\/03\/06\/alex-de-minaur-se-proclama-bicampeon-del-abierto-mexicano-de-tenis\/#primaryimage\"},\"thumbnailUrl\":\"https:\/\/esbozodeportivo.com\/wp-content\/uploads\/2024\/03\/FinalAMT1-819x1024.jpg\",\"articleSection\":[\"Tenis Internacional\"],\"inLanguage\":\"es\",\"potentialAction\":[{\"@type\":\"CommentAction\",\"name\":\"Comment\",\"target\":[\"https:\/\/esbozodeportivo.com\/index.php\/2024\/03\/06\/alex-de-minaur-se-proclama-bicampeon-del-abierto-mexicano-de-tenis\/#respond\"]}]},{\"@type\":\"WebPage\",\"@id\":\"https:\/\/esbozodeportivo.com\/index.php\/2024\/03\/06\/alex-de-minaur-se-proclama-bicampeon-del-abierto-mexicano-de-tenis\/\",\"url\":\"https:\/\/esbozodeportivo.com\/index.php\/2024\/03\/06\/alex-de-minaur-se-proclama-bicampeon-del-abierto-mexicano-de-tenis\/\",\"name\":\"Alex de Mi\u00f1aur se proclama bicampe\u00f3n del Abierto Mexicano de Tenis - Esbozo Deportivo\",\"isPartOf\":{\"@id\":\"https:\/\/esbozodeportivo.com\/#website\"},\"primaryImageOfPage\":{\"@id\":\"https:\/\/esbozodeportivo.com\/index.php\/2024\/03\/06\/alex-de-minaur-se-proclama-bicampeon-del-abierto-mexicano-de-tenis\/#primaryimage\"},\"image\":{\"@id\":\"https:\/\/esbozodeportivo.com\/index.php\/2024\/03\/06\/alex-de-minaur-se-proclama-bicampeon-del-abierto-mexicano-de-tenis\/#primaryimage\"},\"thumbnailUrl\":\"https:\/\/esbozodeportivo.com\/wp-content\/uploads\/2024\/03\/FinalAMT1-819x1024.jpg\",\"datePublished\":\"2024-03-06T05:37:23+00:00\",\"dateModified\":\"2024-03-06T05:42:51+00:00\",\"breadcrumb\":{\"@id\":\"https:\/\/esbozodeportivo.com\/index.php\/2024\/03\/06\/alex-de-minaur-se-proclama-bicampeon-del-abierto-mexicano-de-tenis\/#breadcrumb\"},\"inLanguage\":\"es\",\"potentialAction\":[{\"@type\":\"ReadAction\",\"target\":[\"https:\/\/esbozodeportivo.com\/index.php\/2024\/03\/06\/alex-de-minaur-se-proclama-bicampeon-del-abierto-mexicano-de-tenis\/\"]}]},{\"@type\":\"ImageObject\",\"inLanguage\":\"es\",\"@id\":\"https:\/\/esbozodeportivo.com\/index.php\/2024\/03\/06\/alex-de-minaur-se-proclama-bicampeon-del-abierto-mexicano-de-tenis\/#primaryimage\",\"url\":\"https:\/\/esbozodeportivo.com\/wp-content\/uploads\/2024\/03\/FinalAMT1.jpg\",\"contentUrl\":\"https:\/\/esbozodeportivo.com\/wp-content\/uploads\/2024\/03\/FinalAMT1.jpg\",\"width\":1024,\"height\":1280},{\"@type\":\"BreadcrumbList\",\"@id\":\"https:\/\/esbozodeportivo.com\/index.php\/2024\/03\/06\/alex-de-minaur-se-proclama-bicampeon-del-abierto-mexicano-de-tenis\/#breadcrumb\",\"itemListElement\":[{\"@type\":\"ListItem\",\"position\":1,\"name\":\"Inicio\",\"item\":\"https:\/\/esbozodeportivo.com\/\"},{\"@type\":\"ListItem\",\"position\":2,\"name\":\"Alex de Mi\u00f1aur se proclama bicampe\u00f3n del Abierto Mexicano de Tenis\"}]},{\"@type\":\"WebSite\",\"@id\":\"https:\/\/esbozodeportivo.com\/#website\",\"url\":\"https:\/\/esbozodeportivo.com\/\",\"name\":\"Esbozo Deportivo\",\"description\":\"Lo m\u00e1s importante del Deporte\",\"publisher\":{\"@id\":\"https:\/\/esbozodeportivo.com\/#organization\"},\"potentialAction\":[{\"@type\":\"SearchAction\",\"target\":{\"@type\":\"EntryPoint\",\"urlTemplate\":\"https:\/\/esbozodeportivo.com\/?s={search_term_string}\"},\"query-input\":{\"@type\":\"PropertyValueSpecification\",\"valueRequired\":true,\"valueName\":\"search_term_string\"}}],\"inLanguage\":\"es\"},{\"@type\":\"Organization\",\"@id\":\"https:\/\/esbozodeportivo.com\/#organization\",\"name\":\"Esbozo Deportivo\",\"url\":\"https:\/\/esbozodeportivo.com\/\",\"logo\":{\"@type\":\"ImageObject\",\"inLanguage\":\"es\",\"@id\":\"https:\/\/esbozodeportivo.com\/#\/schema\/logo\/image\/\",\"url\":\"https:\/\/esbozodeportivo.com\/wp-content\/uploads\/2022\/08\/cropped-Logo-Esbozo-Web-2.png\",\"contentUrl\":\"https:\/\/esbozodeportivo.com\/wp-content\/uploads\/2022\/08\/cropped-Logo-Esbozo-Web-2.png\",\"width\":180,\"height\":50,\"caption\":\"Esbozo Deportivo\"},\"image\":{\"@id\":\"https:\/\/esbozodeportivo.com\/#\/schema\/logo\/image\/\"}},{\"@type\":\"Person\",\"@id\":\"https:\/\/esbozodeportivo.com\/#\/schema\/person\/7277119c98823aec37bbb84e125efd44\",\"name\":\"Javier De La Cruz\",\"image\":{\"@type\":\"ImageObject\",\"inLanguage\":\"es\",\"@id\":\"https:\/\/esbozodeportivo.com\/#\/schema\/person\/image\/\",\"url\":\"https:\/\/secure.gravatar.com\/avatar\/366235a56d20f1a6e8e3d0b295897639357bea880470ddf261d17bb0bc052eb1?s=96&d=mm&r=g\",\"contentUrl\":\"https:\/\/secure.gravatar.com\/avatar\/366235a56d20f1a6e8e3d0b295897639357bea880470ddf261d17bb0bc052eb1?s=96&d=mm&r=g\",\"caption\":\"Javier De La Cruz\"},\"url\":\"https:\/\/esbozodeportivo.com\/index.php\/author\/javier-de-la-cruz-de-la-cruz\/\"}]}<\/script>\n<!-- \/ Yoast SEO plugin. -->","yoast_head_json":{"title":"Alex de Mi\u00f1aur se proclama bicampe\u00f3n del Abierto Mexicano de Tenis - Esbozo Deportivo","robots":{"index":"index","follow":"follow","max-snippet":"max-snippet:-1","max-image-preview":"max-image-preview:large","max-video-preview":"max-video-preview:-1"},"canonical":"https:\/\/esbozodeportivo.com\/index.php\/2024\/03\/06\/alex-de-minaur-se-proclama-bicampeon-del-abierto-mexicano-de-tenis\/","og_locale":"es_MX","og_type":"article","og_title":"Alex de Mi\u00f1aur se proclama bicampe\u00f3n del Abierto Mexicano de Tenis - Esbozo Deportivo","og_description":"(Foto: @AbiertoTelcel) Termina una nueva edici\u00f3n del Abierto Mexicano de Tenis de Acapulco 2024 con","og_url":"https:\/\/esbozodeportivo.com\/index.php\/2024\/03\/06\/alex-de-minaur-se-proclama-bicampeon-del-abierto-mexicano-de-tenis\/","og_site_name":"Esbozo Deportivo","article_published_time":"2024-03-06T05:37:23+00:00","article_modified_time":"2024-03-06T05:42:51+00:00","og_image":[{"url":"https:\/\/esbozodeportivo.com\/wp-content\/uploads\/2024\/03\/FinalAMT1-819x1024.jpg","type":"","width":"","height":""}],"author":"Javier De La Cruz","twitter_card":"summary_large_image","twitter_misc":{"Escrito por":"Javier De La Cruz","Tiempo de lectura":"2 minutos"},"schema":{"@context":"https:\/\/schema.org","@graph":[{"@type":"Article","@id":"https:\/\/esbozodeportivo.com\/index.php\/2024\/03\/06\/alex-de-minaur-se-proclama-bicampeon-del-abierto-mexicano-de-tenis\/#article","isPartOf":{"@id":"https:\/\/esbozodeportivo.com\/index.php\/2024\/03\/06\/alex-de-minaur-se-proclama-bicampeon-del-abierto-mexicano-de-tenis\/"},"author":{"name":"Javier De La Cruz","@id":"https:\/\/esbozodeportivo.com\/#\/schema\/person\/7277119c98823aec37bbb84e125efd44"},"headline":"Alex de Mi\u00f1aur se proclama bicampe\u00f3n del Abierto Mexicano de Tenis","datePublished":"2024-03-06T05:37:23+00:00","dateModified":"2024-03-06T05:42:51+00:00","mainEntityOfPage":{"@id":"https:\/\/esbozodeportivo.com\/index.php\/2024\/03\/06\/alex-de-minaur-se-proclama-bicampeon-del-abierto-mexicano-de-tenis\/"},"wordCount":465,"commentCount":0,"publisher":{"@id":"https:\/\/esbozodeportivo.com\/#organization"},"image":{"@id":"https:\/\/esbozodeportivo.com\/index.php\/2024\/03\/06\/alex-de-minaur-se-proclama-bicampeon-del-abierto-mexicano-de-tenis\/#primaryimage"},"thumbnailUrl":"https:\/\/esbozodeportivo.com\/wp-content\/uploads\/2024\/03\/FinalAMT1-819x1024.jpg","articleSection":["Tenis Internacional"],"inLanguage":"es","potentialAction":[{"@type":"CommentAction","name":"Comment","target":["https:\/\/esbozodeportivo.com\/index.php\/2024\/03\/06\/alex-de-minaur-se-proclama-bicampeon-del-abierto-mexicano-de-tenis\/#respond"]}]},{"@type":"WebPage","@id":"https:\/\/esbozodeportivo.com\/index.php\/2024\/03\/06\/alex-de-minaur-se-proclama-bicampeon-del-abierto-mexicano-de-tenis\/","url":"https:\/\/esbozodeportivo.com\/index.php\/2024\/03\/06\/alex-de-minaur-se-proclama-bicampeon-del-abierto-mexicano-de-tenis\/","name":"Alex de Mi\u00f1aur se proclama bicampe\u00f3n del Abierto Mexicano de Tenis - Esbozo Deportivo","isPartOf":{"@id":"https:\/\/esbozodeportivo.com\/#website"},"primaryImageOfPage":{"@id":"https:\/\/esbozodeportivo.com\/index.php\/2024\/03\/06\/alex-de-minaur-se-proclama-bicampeon-del-abierto-mexicano-de-tenis\/#primaryimage"},"image":{"@id":"https:\/\/esbozodeportivo.com\/index.php\/2024\/03\/06\/alex-de-minaur-se-proclama-bicampeon-del-abierto-mexicano-de-tenis\/#primaryimage"},"thumbnailUrl":"https:\/\/esbozodeportivo.com\/wp-content\/uploads\/2024\/03\/FinalAMT1-819x1024.jpg","datePublished":"2024-03-06T05:37:23+00:00","dateModified":"2024-03-06T05:42:51+00:00","breadcrumb":{"@id":"https:\/\/esbozodeportivo.com\/index.php\/2024\/03\/06\/alex-de-minaur-se-proclama-bicampeon-del-abierto-mexicano-de-tenis\/#breadcrumb"},"inLanguage":"es","potentialAction":[{"@type":"ReadAction","target":["https:\/\/esbozodeportivo.com\/index.php\/2024\/03\/06\/alex-de-minaur-se-proclama-bicampeon-del-abierto-mexicano-de-tenis\/"]}]},{"@type":"ImageObject","inLanguage":"es","@id":"https:\/\/esbozodeportivo.com\/index.php\/2024\/03\/06\/alex-de-minaur-se-proclama-bicampeon-del-abierto-mexicano-de-tenis\/#primaryimage","url":"https:\/\/esbozodeportivo.com\/wp-content\/uploads\/2024\/03\/FinalAMT1.jpg","contentUrl":"https:\/\/esbozodeportivo.com\/wp-content\/uploads\/2024\/03\/FinalAMT1.jpg","width":1024,"height":1280},{"@type":"BreadcrumbList","@id":"https:\/\/esbozodeportivo.com\/index.php\/2024\/03\/06\/alex-de-minaur-se-proclama-bicampeon-del-abierto-mexicano-de-tenis\/#breadcrumb","itemListElement":[{"@type":"ListItem","position":1,"name":"Inicio","item":"https:\/\/esbozodeportivo.com\/"},{"@type":"ListItem","position":2,"name":"Alex de Mi\u00f1aur se proclama bicampe\u00f3n del Abierto Mexicano de Tenis"}]},{"@type":"WebSite","@id":"https:\/\/esbozodeportivo.com\/#website","url":"https:\/\/esbozodeportivo.com\/","name":"Esbozo Deportivo","description":"Lo m\u00e1s importante del Deporte","publisher":{"@id":"https:\/\/esbozodeportivo.com\/#organization"},"potentialAction":[{"@type":"SearchAction","target":{"@type":"EntryPoint","urlTemplate":"https:\/\/esbozodeportivo.com\/?s={search_term_string}"},"query-input":{"@type":"PropertyValueSpecification","valueRequired":true,"valueName":"search_term_string"}}],"inLanguage":"es"},{"@type":"Organization","@id":"https:\/\/esbozodeportivo.com\/#organization","name":"Esbozo Deportivo","url":"https:\/\/esbozodeportivo.com\/","logo":{"@type":"ImageObject","inLanguage":"es","@id":"https:\/\/esbozodeportivo.com\/#\/schema\/logo\/image\/","url":"https:\/\/esbozodeportivo.com\/wp-content\/uploads\/2022\/08\/cropped-Logo-Esbozo-Web-2.png","contentUrl":"https:\/\/esbozodeportivo.com\/wp-content\/uploads\/2022\/08\/cropped-Logo-Esbozo-Web-2.png","width":180,"height":50,"caption":"Esbozo Deportivo"},"image":{"@id":"https:\/\/esbozodeportivo.com\/#\/schema\/logo\/image\/"}},{"@type":"Person","@id":"https:\/\/esbozodeportivo.com\/#\/schema\/person\/7277119c98823aec37bbb84e125efd44","name":"Javier De La Cruz","image":{"@type":"ImageObject","inLanguage":"es","@id":"https:\/\/esbozodeportivo.com\/#\/schema\/person\/image\/","url":"https:\/\/secure.gravatar.com\/avatar\/366235a56d20f1a6e8e3d0b295897639357bea880470ddf261d17bb0bc052eb1?s=96&d=mm&r=g","contentUrl":"https:\/\/secure.gravatar.com\/avatar\/366235a56d20f1a6e8e3d0b295897639357bea880470ddf261d17bb0bc052eb1?s=96&d=mm&r=g","caption":"Javier De La Cruz"},"url":"https:\/\/esbozodeportivo.com\/index.php\/author\/javier-de-la-cruz-de-la-cruz\/"}]}},"jetpack_featured_media_url":"","jetpack_sharing_enabled":true,"_links":{"self":[{"href":"https:\/\/esbozodeportivo.com\/index.php\/wp-json\/wp\/v2\/posts\/3242","targetHints":{"allow":["GET"]}}],"collection":[{"href":"https:\/\/esbozodeportivo.com\/index.php\/wp-json\/wp\/v2\/posts"}],"about":[{"href":"https:\/\/esbozodeportivo.com\/index.php\/wp-json\/wp\/v2\/types\/post"}],"author":[{"embeddable":true,"href":"https:\/\/esbozodeportivo.com\/index.php\/wp-json\/wp\/v2\/users\/2"}],"replies":[{"embeddable":true,"href":"https:\/\/esbozodeportivo.com\/index.php\/wp-json\/wp\/v2\/comments?post=3242"}],"version-history":[{"count":4,"href":"https:\/\/esbozodeportivo.com\/index.php\/wp-json\/wp\/v2\/posts\/3242\/revisions"}],"predecessor-version":[{"id":3250,"href":"https:\/\/esbozodeportivo.com\/index.php\/wp-json\/wp\/v2\/posts\/3242\/revisions\/3250"}],"wp:attachment":[{"href":"https:\/\/esbozodeportivo.com\/index.php\/wp-json\/wp\/v2\/media?parent=3242"}],"wp:term":[{"taxonomy":"category","embeddable":true,"href":"https:\/\/esbozodeportivo.com\/index.php\/wp-json\/wp\/v2\/categories?post=3242"},{"taxonomy":"post_tag","embeddable":true,"href":"https:\/\/esbozodeportivo.com\/index.php\/wp-json\/wp\/v2\/tags?post=3242"}],"curies":[{"name":"wp","href":"https:\/\/api.w.org\/{rel}","templated":true}]}}