{"id":3260,"date":"2024-03-08T04:42:14","date_gmt":"2024-03-08T04:42:14","guid":{"rendered":"https:\/\/esbozodeportivo.com\/?p=3260"},"modified":"2024-03-08T04:46:10","modified_gmt":"2024-03-08T04:46:10","slug":"jorge-andres-iga-de-la-acuatica-nelson-vargas-es-el-mejor-posicionado-en-el-tyr-pro-series-de-natacion-2024","status":"publish","type":"post","link":"https:\/\/esbozodeportivo.com\/index.php\/2024\/03\/08\/jorge-andres-iga-de-la-acuatica-nelson-vargas-es-el-mejor-posicionado-en-el-tyr-pro-series-de-natacion-2024\/","title":{"rendered":"Jorge Andr\u00e9s Iga, de la Acu\u00e1tica Nelson Vargas, es el mejor posicionado en el TYR Pro Series de nataci\u00f3n 2024"},"content":{"rendered":"<style>\/*! elementor - v3.19.0 - 28-02-2024 *\/\n.elementor-widget-image{text-align:center}.elementor-widget-image a{display:inline-block}.elementor-widget-image a img[src$=\".svg\"]{width:48px}.elementor-widget-image img{vertical-align:middle;display:inline-block}<\/style>\n<p>\t\t\t\t\t\t\t\t\t\t<img loading=\"lazy\" decoding=\"async\" width=\"640\" height=\"734\" src=\"https:\/\/esbozodeportivo.com\/wp-content\/uploads\/2024\/03\/nadador-1-893x1024.jpg\" alt=\"\" srcset=\"https:\/\/esbozodeportivo.com\/wp-content\/uploads\/2024\/03\/nadador-1-893x1024.jpg 893w, https:\/\/esbozodeportivo.com\/wp-content\/uploads\/2024\/03\/nadador-1-262x300.jpg 262w, https:\/\/esbozodeportivo.com\/wp-content\/uploads\/2024\/03\/nadador-1-768x881.jpg 768w, https:\/\/esbozodeportivo.com\/wp-content\/uploads\/2024\/03\/nadador-1-1024x1174.jpg 1024w, https:\/\/esbozodeportivo.com\/wp-content\/uploads\/2024\/03\/nadador-1.jpg 1092w\" sizes=\"auto, (max-width: 640px) 100vw, 640px\" \/>\t\t\t\t\t\t\t\t\t\t\t\t\t<\/p>\n<p><strong>(Foto: acu\u00e1ticanelsonvargas)<\/p>\n<p><\/strong><\/p>\n<p>Nueva programaci\u00f3n en el TYR Pro Series de Nataci\u00f3n 2024, evento que se lleva a cabo en Westmont, Illinois y donde compiten varios mexicanos buscando, nuevamente y de una u otra forma un excelente tiempo para clasificar a la fiesta de los aros, Paris 2024.<\/p>\n<p>La mejor posici\u00f3n de la jornada, la consolid\u00f3 nuestro representante e integrante de <strong><em>acu\u00e1tica nelsonvargas<\/em><\/strong>, Jorge Andr\u00e9s Iga, quien en la prueba de 200 m libre alcanz\u00f3 la cuarta posici\u00f3n con un tiempo, de: 1.47.62. El l\u00edder de esta prueba fue el nadador, Drew Kibler, con un registro, de: 1.46.02.<\/p>\n<p>\t\t\t\t\t\t\t\t\t\t\t\t\t<img loading=\"lazy\" decoding=\"async\" width=\"640\" height=\"358\" src=\"https:\/\/esbozodeportivo.com\/wp-content\/uploads\/2024\/03\/nadador-2-1024x572.jpg\" alt=\"\" srcset=\"https:\/\/esbozodeportivo.com\/wp-content\/uploads\/2024\/03\/nadador-2-1024x572.jpg 1024w, https:\/\/esbozodeportivo.com\/wp-content\/uploads\/2024\/03\/nadador-2-300x168.jpg 300w, https:\/\/esbozodeportivo.com\/wp-content\/uploads\/2024\/03\/nadador-2-768x429.jpg 768w, https:\/\/esbozodeportivo.com\/wp-content\/uploads\/2024\/03\/nadador-2.jpg 1170w\" sizes=\"auto, (max-width: 640px) 100vw, 640px\" \/>\t\t\t\t\t\t\t\t\t\t\t\t\t<\/p>\n<p><strong>(Foto: acu\u00e1ticanelsonvargas)<\/p>\n<p><\/strong><\/p>\n<p>A los pocos minutos, nuevamente, Jorge Andr\u00e9s Iga \u2013 <strong><em>anv<\/em><\/strong> salt\u00f3 a las finales de este evento, esto en la prueba de 100 m mariposa, donde consigui\u00f3 una quinta posici\u00f3n, lugar que fue un empate con el nadador Juli\u00e1n Trenton, los dos atletas detuvieron el cronometro, en: 53.01. La primera plaza de esta prueba fue para el seis veces campe\u00f3n ol\u00edmpico, Caeleb Dressel, con: 51.27<\/p>\n<p>En esta misma jornada hizo presencia, Byanca Melissa Rodr\u00edguez en los 100 m pecho, donde registro: 1.10.44. La primera posici\u00f3n de esta prueba fue Lilly King, con: 1.06.68.<\/p>\n<p>\u00a0<\/p>\n<p>\t\t\t\t\t\t\t\t\t\t\t\t\t<img loading=\"lazy\" decoding=\"async\" width=\"640\" height=\"675\" src=\"https:\/\/esbozodeportivo.com\/wp-content\/uploads\/2024\/03\/nadador-3-971x1024.jpg\" alt=\"\" srcset=\"https:\/\/esbozodeportivo.com\/wp-content\/uploads\/2024\/03\/nadador-3-971x1024.jpg 971w, https:\/\/esbozodeportivo.com\/wp-content\/uploads\/2024\/03\/nadador-3-284x300.jpg 284w, https:\/\/esbozodeportivo.com\/wp-content\/uploads\/2024\/03\/nadador-3-768x810.jpg 768w, https:\/\/esbozodeportivo.com\/wp-content\/uploads\/2024\/03\/nadador-3-1024x1080.jpg 1024w, https:\/\/esbozodeportivo.com\/wp-content\/uploads\/2024\/03\/nadador-3.jpg 1170w\" sizes=\"auto, (max-width: 640px) 100vw, 640px\" \/>\t\t\t\t\t\t\t\t\t\t\t\t\t<\/p>\n<p><strong>(Foto: acu\u00e1ticanelsonvargas)<\/p>\n<p><\/strong><\/p>\n<p><u>Resultados de las finales de esta jornada: <\/u><\/p>\n<p>\u00a0<\/p>\n<table>\n<tbody>\n<tr>\n<td width=\"72\">\n<h5><strong>POSICI\u00d3N<\/strong><\/h5>\n<\/td>\n<td width=\"208\">\n<h5><strong>NOMBRE<\/strong><\/h5>\n<\/td>\n<td width=\"132\">\n<h5><strong>PRUEBA<\/strong><\/h5>\n<\/td>\n<td width=\"76\">\n<h5><strong>TIEMPO<\/strong><\/h5>\n<\/td>\n<\/tr>\n<tr>\n<td width=\"72\">\n<h5>4<\/h5>\n<\/td>\n<td width=\"208\">\n<h5>Jorge Andr\u00e9s Iga <strong><em>&#8211; anv<\/em><\/strong><\/h5>\n<\/td>\n<td width=\"132\">\n<h5>200 m libre<\/h5>\n<\/td>\n<td width=\"76\">\n<h5>1.47.62<\/h5>\n<\/td>\n<\/tr>\n<tr>\n<td width=\"72\">\n<h5>5<\/h5>\n<\/td>\n<td width=\"208\">\n<h5>Jorge Andr\u00e9s Iga <strong><em>&#8211; anv<\/em><\/strong><\/h5>\n<h5>Juli\u00e1n Trenton<\/h5>\n<\/td>\n<td width=\"132\">\n<h5>100 m mariposa<\/h5>\n<\/td>\n<td width=\"76\">\n<h5>53.01<\/h5>\n<\/td>\n<\/tr>\n<tr>\n<td width=\"72\">\n<h5>7<\/h5>\n<\/td>\n<td width=\"208\">\n<h5>Byanca Melissa Rodr\u00edguez<\/h5>\n<\/td>\n<td width=\"132\">\n<h5>100 m pecho<\/h5>\n<\/td>\n<td width=\"76\">\n<h5>1.10.44<\/h5>\n<\/td>\n<\/tr>\n<tr>\n<td width=\"72\">\n<h5>8<\/h5>\n<\/td>\n<td width=\"208\">\n<h5>Andrea Sansores de la Fuente<\/h5>\n<\/td>\n<td width=\"132\">\n<h5>100 m mariposa<\/h5>\n<\/td>\n<td width=\"76\">\n<h5>1.00.20<\/h5>\n<\/td>\n<\/tr>\n<tr>\n<td width=\"72\">\n<h5>11<\/h5>\n<\/td>\n<td width=\"208\">\n<h5>Andr\u00e9s Puente Bustamante<\/h5>\n<\/td>\n<td width=\"132\">\n<h5>100 m pecho<\/h5>\n<\/td>\n<td width=\"76\">\n<h5>1.02.49<\/h5>\n<\/td>\n<\/tr>\n<tr>\n<td width=\"72\">\n<h5>14<\/h5>\n<\/td>\n<td width=\"208\">\n<h5>Miriam Carolina Guevara<\/h5>\n<\/td>\n<td width=\"132\">\n<h5>100 m mariposa<\/h5>\n<\/td>\n<td width=\"76\">\n<h5>1.01.11<\/h5>\n<\/td>\n<\/tr>\n<tr>\n<td width=\"72\">\n<h5>14<\/h5>\n<\/td>\n<td width=\"208\">\n<h5>\u00c1ngel Mart\u00ednez <strong><em>&#8211; anv<\/em><\/strong><\/h5>\n<\/td>\n<td width=\"132\">\n<h5>100 m mariposa<\/h5>\n<\/td>\n<td width=\"76\">\n<h5>53.64<\/h5>\n<\/td>\n<\/tr>\n<\/tbody>\n<\/table>\n<h5>\u00a0<\/h5>\n","protected":false},"excerpt":{"rendered":"<p>(Foto: acu\u00e1ticanelsonvargas) Nueva programaci\u00f3n en el TYR Pro Series de Nataci\u00f3n 2024, evento que se<\/p>\n","protected":false},"author":2,"featured_media":0,"comment_status":"open","ping_status":"open","sticky":false,"template":"","format":"standard","meta":{"_jetpack_memberships_contains_paid_content":false,"footnotes":""},"categories":[5],"tags":[],"class_list":["post-3260","post","type-post","status-publish","format-standard","hentry","category-amateur"],"yoast_head":"<!-- This site is optimized with the Yoast SEO plugin v25.7 - https:\/\/yoast.com\/wordpress\/plugins\/seo\/ -->\n<title>Jorge Andr\u00e9s Iga, de la Acu\u00e1tica Nelson Vargas, es el mejor posicionado en el TYR Pro Series de nataci\u00f3n 2024 - Esbozo Deportivo<\/title>\n<meta name=\"robots\" content=\"index, follow, max-snippet:-1, max-image-preview:large, max-video-preview:-1\" \/>\n<link rel=\"canonical\" href=\"https:\/\/esbozodeportivo.com\/index.php\/2024\/03\/08\/jorge-andres-iga-de-la-acuatica-nelson-vargas-es-el-mejor-posicionado-en-el-tyr-pro-series-de-natacion-2024\/\" \/>\n<meta property=\"og:locale\" content=\"es_MX\" \/>\n<meta property=\"og:type\" content=\"article\" \/>\n<meta property=\"og:title\" content=\"Jorge Andr\u00e9s Iga, de la Acu\u00e1tica Nelson Vargas, es el mejor posicionado en el TYR Pro Series de nataci\u00f3n 2024 - Esbozo Deportivo\" \/>\n<meta property=\"og:description\" content=\"(Foto: acu\u00e1ticanelsonvargas) Nueva programaci\u00f3n en el TYR Pro Series de Nataci\u00f3n 2024, evento que se\" \/>\n<meta property=\"og:url\" content=\"https:\/\/esbozodeportivo.com\/index.php\/2024\/03\/08\/jorge-andres-iga-de-la-acuatica-nelson-vargas-es-el-mejor-posicionado-en-el-tyr-pro-series-de-natacion-2024\/\" \/>\n<meta property=\"og:site_name\" content=\"Esbozo Deportivo\" \/>\n<meta property=\"article:published_time\" content=\"2024-03-08T04:42:14+00:00\" \/>\n<meta property=\"article:modified_time\" content=\"2024-03-08T04:46:10+00:00\" \/>\n<meta property=\"og:image\" content=\"https:\/\/esbozodeportivo.com\/wp-content\/uploads\/2024\/03\/nadador-1-893x1024.jpg\" \/>\n<meta name=\"author\" content=\"Javier De La Cruz\" \/>\n<meta name=\"twitter:card\" content=\"summary_large_image\" \/>\n<meta name=\"twitter:label1\" content=\"Escrito por\" \/>\n\t<meta name=\"twitter:data1\" content=\"Javier De La Cruz\" \/>\n\t<meta name=\"twitter:label2\" content=\"Tiempo de lectura\" \/>\n\t<meta name=\"twitter:data2\" content=\"1 minuto\" \/>\n<script type=\"application\/ld+json\" class=\"yoast-schema-graph\">{\"@context\":\"https:\/\/schema.org\",\"@graph\":[{\"@type\":\"Article\",\"@id\":\"https:\/\/esbozodeportivo.com\/index.php\/2024\/03\/08\/jorge-andres-iga-de-la-acuatica-nelson-vargas-es-el-mejor-posicionado-en-el-tyr-pro-series-de-natacion-2024\/#article\",\"isPartOf\":{\"@id\":\"https:\/\/esbozodeportivo.com\/index.php\/2024\/03\/08\/jorge-andres-iga-de-la-acuatica-nelson-vargas-es-el-mejor-posicionado-en-el-tyr-pro-series-de-natacion-2024\/\"},\"author\":{\"name\":\"Javier De La Cruz\",\"@id\":\"https:\/\/esbozodeportivo.com\/#\/schema\/person\/7277119c98823aec37bbb84e125efd44\"},\"headline\":\"Jorge Andr\u00e9s Iga, de la Acu\u00e1tica Nelson Vargas, es el mejor posicionado en el TYR Pro Series de nataci\u00f3n 2024\",\"datePublished\":\"2024-03-08T04:42:14+00:00\",\"dateModified\":\"2024-03-08T04:46:10+00:00\",\"mainEntityOfPage\":{\"@id\":\"https:\/\/esbozodeportivo.com\/index.php\/2024\/03\/08\/jorge-andres-iga-de-la-acuatica-nelson-vargas-es-el-mejor-posicionado-en-el-tyr-pro-series-de-natacion-2024\/\"},\"wordCount\":283,\"commentCount\":0,\"publisher\":{\"@id\":\"https:\/\/esbozodeportivo.com\/#organization\"},\"image\":{\"@id\":\"https:\/\/esbozodeportivo.com\/index.php\/2024\/03\/08\/jorge-andres-iga-de-la-acuatica-nelson-vargas-es-el-mejor-posicionado-en-el-tyr-pro-series-de-natacion-2024\/#primaryimage\"},\"thumbnailUrl\":\"https:\/\/esbozodeportivo.com\/wp-content\/uploads\/2024\/03\/nadador-1-893x1024.jpg\",\"articleSection\":[\"Amateur\"],\"inLanguage\":\"es\",\"potentialAction\":[{\"@type\":\"CommentAction\",\"name\":\"Comment\",\"target\":[\"https:\/\/esbozodeportivo.com\/index.php\/2024\/03\/08\/jorge-andres-iga-de-la-acuatica-nelson-vargas-es-el-mejor-posicionado-en-el-tyr-pro-series-de-natacion-2024\/#respond\"]}]},{\"@type\":\"WebPage\",\"@id\":\"https:\/\/esbozodeportivo.com\/index.php\/2024\/03\/08\/jorge-andres-iga-de-la-acuatica-nelson-vargas-es-el-mejor-posicionado-en-el-tyr-pro-series-de-natacion-2024\/\",\"url\":\"https:\/\/esbozodeportivo.com\/index.php\/2024\/03\/08\/jorge-andres-iga-de-la-acuatica-nelson-vargas-es-el-mejor-posicionado-en-el-tyr-pro-series-de-natacion-2024\/\",\"name\":\"Jorge Andr\u00e9s Iga, de la Acu\u00e1tica Nelson Vargas, es el mejor posicionado en el TYR Pro Series de nataci\u00f3n 2024 - Esbozo Deportivo\",\"isPartOf\":{\"@id\":\"https:\/\/esbozodeportivo.com\/#website\"},\"primaryImageOfPage\":{\"@id\":\"https:\/\/esbozodeportivo.com\/index.php\/2024\/03\/08\/jorge-andres-iga-de-la-acuatica-nelson-vargas-es-el-mejor-posicionado-en-el-tyr-pro-series-de-natacion-2024\/#primaryimage\"},\"image\":{\"@id\":\"https:\/\/esbozodeportivo.com\/index.php\/2024\/03\/08\/jorge-andres-iga-de-la-acuatica-nelson-vargas-es-el-mejor-posicionado-en-el-tyr-pro-series-de-natacion-2024\/#primaryimage\"},\"thumbnailUrl\":\"https:\/\/esbozodeportivo.com\/wp-content\/uploads\/2024\/03\/nadador-1-893x1024.jpg\",\"datePublished\":\"2024-03-08T04:42:14+00:00\",\"dateModified\":\"2024-03-08T04:46:10+00:00\",\"breadcrumb\":{\"@id\":\"https:\/\/esbozodeportivo.com\/index.php\/2024\/03\/08\/jorge-andres-iga-de-la-acuatica-nelson-vargas-es-el-mejor-posicionado-en-el-tyr-pro-series-de-natacion-2024\/#breadcrumb\"},\"inLanguage\":\"es\",\"potentialAction\":[{\"@type\":\"ReadAction\",\"target\":[\"https:\/\/esbozodeportivo.com\/index.php\/2024\/03\/08\/jorge-andres-iga-de-la-acuatica-nelson-vargas-es-el-mejor-posicionado-en-el-tyr-pro-series-de-natacion-2024\/\"]}]},{\"@type\":\"ImageObject\",\"inLanguage\":\"es\",\"@id\":\"https:\/\/esbozodeportivo.com\/index.php\/2024\/03\/08\/jorge-andres-iga-de-la-acuatica-nelson-vargas-es-el-mejor-posicionado-en-el-tyr-pro-series-de-natacion-2024\/#primaryimage\",\"url\":\"https:\/\/esbozodeportivo.com\/wp-content\/uploads\/2024\/03\/nadador-1.jpg\",\"contentUrl\":\"https:\/\/esbozodeportivo.com\/wp-content\/uploads\/2024\/03\/nadador-1.jpg\",\"width\":1092,\"height\":1252},{\"@type\":\"BreadcrumbList\",\"@id\":\"https:\/\/esbozodeportivo.com\/index.php\/2024\/03\/08\/jorge-andres-iga-de-la-acuatica-nelson-vargas-es-el-mejor-posicionado-en-el-tyr-pro-series-de-natacion-2024\/#breadcrumb\",\"itemListElement\":[{\"@type\":\"ListItem\",\"position\":1,\"name\":\"Inicio\",\"item\":\"https:\/\/esbozodeportivo.com\/\"},{\"@type\":\"ListItem\",\"position\":2,\"name\":\"Jorge Andr\u00e9s Iga, de la Acu\u00e1tica Nelson Vargas, es el mejor posicionado en el TYR Pro Series de nataci\u00f3n 2024\"}]},{\"@type\":\"WebSite\",\"@id\":\"https:\/\/esbozodeportivo.com\/#website\",\"url\":\"https:\/\/esbozodeportivo.com\/\",\"name\":\"Esbozo Deportivo\",\"description\":\"Lo m\u00e1s importante del Deporte\",\"publisher\":{\"@id\":\"https:\/\/esbozodeportivo.com\/#organization\"},\"potentialAction\":[{\"@type\":\"SearchAction\",\"target\":{\"@type\":\"EntryPoint\",\"urlTemplate\":\"https:\/\/esbozodeportivo.com\/?s={search_term_string}\"},\"query-input\":{\"@type\":\"PropertyValueSpecification\",\"valueRequired\":true,\"valueName\":\"search_term_string\"}}],\"inLanguage\":\"es\"},{\"@type\":\"Organization\",\"@id\":\"https:\/\/esbozodeportivo.com\/#organization\",\"name\":\"Esbozo Deportivo\",\"url\":\"https:\/\/esbozodeportivo.com\/\",\"logo\":{\"@type\":\"ImageObject\",\"inLanguage\":\"es\",\"@id\":\"https:\/\/esbozodeportivo.com\/#\/schema\/logo\/image\/\",\"url\":\"https:\/\/esbozodeportivo.com\/wp-content\/uploads\/2022\/08\/cropped-Logo-Esbozo-Web-2.png\",\"contentUrl\":\"https:\/\/esbozodeportivo.com\/wp-content\/uploads\/2022\/08\/cropped-Logo-Esbozo-Web-2.png\",\"width\":180,\"height\":50,\"caption\":\"Esbozo Deportivo\"},\"image\":{\"@id\":\"https:\/\/esbozodeportivo.com\/#\/schema\/logo\/image\/\"}},{\"@type\":\"Person\",\"@id\":\"https:\/\/esbozodeportivo.com\/#\/schema\/person\/7277119c98823aec37bbb84e125efd44\",\"name\":\"Javier De La Cruz\",\"image\":{\"@type\":\"ImageObject\",\"inLanguage\":\"es\",\"@id\":\"https:\/\/esbozodeportivo.com\/#\/schema\/person\/image\/\",\"url\":\"https:\/\/secure.gravatar.com\/avatar\/366235a56d20f1a6e8e3d0b295897639357bea880470ddf261d17bb0bc052eb1?s=96&d=mm&r=g\",\"contentUrl\":\"https:\/\/secure.gravatar.com\/avatar\/366235a56d20f1a6e8e3d0b295897639357bea880470ddf261d17bb0bc052eb1?s=96&d=mm&r=g\",\"caption\":\"Javier De La Cruz\"},\"url\":\"https:\/\/esbozodeportivo.com\/index.php\/author\/javier-de-la-cruz-de-la-cruz\/\"}]}<\/script>\n<!-- \/ Yoast SEO plugin. -->","yoast_head_json":{"title":"Jorge Andr\u00e9s Iga, de la Acu\u00e1tica Nelson Vargas, es el mejor posicionado en el TYR Pro Series de nataci\u00f3n 2024 - Esbozo Deportivo","robots":{"index":"index","follow":"follow","max-snippet":"max-snippet:-1","max-image-preview":"max-image-preview:large","max-video-preview":"max-video-preview:-1"},"canonical":"https:\/\/esbozodeportivo.com\/index.php\/2024\/03\/08\/jorge-andres-iga-de-la-acuatica-nelson-vargas-es-el-mejor-posicionado-en-el-tyr-pro-series-de-natacion-2024\/","og_locale":"es_MX","og_type":"article","og_title":"Jorge Andr\u00e9s Iga, de la Acu\u00e1tica Nelson Vargas, es el mejor posicionado en el TYR Pro Series de nataci\u00f3n 2024 - Esbozo Deportivo","og_description":"(Foto: acu\u00e1ticanelsonvargas) Nueva programaci\u00f3n en el TYR Pro Series de Nataci\u00f3n 2024, evento que se","og_url":"https:\/\/esbozodeportivo.com\/index.php\/2024\/03\/08\/jorge-andres-iga-de-la-acuatica-nelson-vargas-es-el-mejor-posicionado-en-el-tyr-pro-series-de-natacion-2024\/","og_site_name":"Esbozo Deportivo","article_published_time":"2024-03-08T04:42:14+00:00","article_modified_time":"2024-03-08T04:46:10+00:00","og_image":[{"url":"https:\/\/esbozodeportivo.com\/wp-content\/uploads\/2024\/03\/nadador-1-893x1024.jpg","type":"","width":"","height":""}],"author":"Javier De La Cruz","twitter_card":"summary_large_image","twitter_misc":{"Escrito por":"Javier De La Cruz","Tiempo de lectura":"1 minuto"},"schema":{"@context":"https:\/\/schema.org","@graph":[{"@type":"Article","@id":"https:\/\/esbozodeportivo.com\/index.php\/2024\/03\/08\/jorge-andres-iga-de-la-acuatica-nelson-vargas-es-el-mejor-posicionado-en-el-tyr-pro-series-de-natacion-2024\/#article","isPartOf":{"@id":"https:\/\/esbozodeportivo.com\/index.php\/2024\/03\/08\/jorge-andres-iga-de-la-acuatica-nelson-vargas-es-el-mejor-posicionado-en-el-tyr-pro-series-de-natacion-2024\/"},"author":{"name":"Javier De La Cruz","@id":"https:\/\/esbozodeportivo.com\/#\/schema\/person\/7277119c98823aec37bbb84e125efd44"},"headline":"Jorge Andr\u00e9s Iga, de la Acu\u00e1tica Nelson Vargas, es el mejor posicionado en el TYR Pro Series de nataci\u00f3n 2024","datePublished":"2024-03-08T04:42:14+00:00","dateModified":"2024-03-08T04:46:10+00:00","mainEntityOfPage":{"@id":"https:\/\/esbozodeportivo.com\/index.php\/2024\/03\/08\/jorge-andres-iga-de-la-acuatica-nelson-vargas-es-el-mejor-posicionado-en-el-tyr-pro-series-de-natacion-2024\/"},"wordCount":283,"commentCount":0,"publisher":{"@id":"https:\/\/esbozodeportivo.com\/#organization"},"image":{"@id":"https:\/\/esbozodeportivo.com\/index.php\/2024\/03\/08\/jorge-andres-iga-de-la-acuatica-nelson-vargas-es-el-mejor-posicionado-en-el-tyr-pro-series-de-natacion-2024\/#primaryimage"},"thumbnailUrl":"https:\/\/esbozodeportivo.com\/wp-content\/uploads\/2024\/03\/nadador-1-893x1024.jpg","articleSection":["Amateur"],"inLanguage":"es","potentialAction":[{"@type":"CommentAction","name":"Comment","target":["https:\/\/esbozodeportivo.com\/index.php\/2024\/03\/08\/jorge-andres-iga-de-la-acuatica-nelson-vargas-es-el-mejor-posicionado-en-el-tyr-pro-series-de-natacion-2024\/#respond"]}]},{"@type":"WebPage","@id":"https:\/\/esbozodeportivo.com\/index.php\/2024\/03\/08\/jorge-andres-iga-de-la-acuatica-nelson-vargas-es-el-mejor-posicionado-en-el-tyr-pro-series-de-natacion-2024\/","url":"https:\/\/esbozodeportivo.com\/index.php\/2024\/03\/08\/jorge-andres-iga-de-la-acuatica-nelson-vargas-es-el-mejor-posicionado-en-el-tyr-pro-series-de-natacion-2024\/","name":"Jorge Andr\u00e9s Iga, de la Acu\u00e1tica Nelson Vargas, es el mejor posicionado en el TYR Pro Series de nataci\u00f3n 2024 - Esbozo Deportivo","isPartOf":{"@id":"https:\/\/esbozodeportivo.com\/#website"},"primaryImageOfPage":{"@id":"https:\/\/esbozodeportivo.com\/index.php\/2024\/03\/08\/jorge-andres-iga-de-la-acuatica-nelson-vargas-es-el-mejor-posicionado-en-el-tyr-pro-series-de-natacion-2024\/#primaryimage"},"image":{"@id":"https:\/\/esbozodeportivo.com\/index.php\/2024\/03\/08\/jorge-andres-iga-de-la-acuatica-nelson-vargas-es-el-mejor-posicionado-en-el-tyr-pro-series-de-natacion-2024\/#primaryimage"},"thumbnailUrl":"https:\/\/esbozodeportivo.com\/wp-content\/uploads\/2024\/03\/nadador-1-893x1024.jpg","datePublished":"2024-03-08T04:42:14+00:00","dateModified":"2024-03-08T04:46:10+00:00","breadcrumb":{"@id":"https:\/\/esbozodeportivo.com\/index.php\/2024\/03\/08\/jorge-andres-iga-de-la-acuatica-nelson-vargas-es-el-mejor-posicionado-en-el-tyr-pro-series-de-natacion-2024\/#breadcrumb"},"inLanguage":"es","potentialAction":[{"@type":"ReadAction","target":["https:\/\/esbozodeportivo.com\/index.php\/2024\/03\/08\/jorge-andres-iga-de-la-acuatica-nelson-vargas-es-el-mejor-posicionado-en-el-tyr-pro-series-de-natacion-2024\/"]}]},{"@type":"ImageObject","inLanguage":"es","@id":"https:\/\/esbozodeportivo.com\/index.php\/2024\/03\/08\/jorge-andres-iga-de-la-acuatica-nelson-vargas-es-el-mejor-posicionado-en-el-tyr-pro-series-de-natacion-2024\/#primaryimage","url":"https:\/\/esbozodeportivo.com\/wp-content\/uploads\/2024\/03\/nadador-1.jpg","contentUrl":"https:\/\/esbozodeportivo.com\/wp-content\/uploads\/2024\/03\/nadador-1.jpg","width":1092,"height":1252},{"@type":"BreadcrumbList","@id":"https:\/\/esbozodeportivo.com\/index.php\/2024\/03\/08\/jorge-andres-iga-de-la-acuatica-nelson-vargas-es-el-mejor-posicionado-en-el-tyr-pro-series-de-natacion-2024\/#breadcrumb","itemListElement":[{"@type":"ListItem","position":1,"name":"Inicio","item":"https:\/\/esbozodeportivo.com\/"},{"@type":"ListItem","position":2,"name":"Jorge Andr\u00e9s Iga, de la Acu\u00e1tica Nelson Vargas, es el mejor posicionado en el TYR Pro Series de nataci\u00f3n 2024"}]},{"@type":"WebSite","@id":"https:\/\/esbozodeportivo.com\/#website","url":"https:\/\/esbozodeportivo.com\/","name":"Esbozo Deportivo","description":"Lo m\u00e1s importante del Deporte","publisher":{"@id":"https:\/\/esbozodeportivo.com\/#organization"},"potentialAction":[{"@type":"SearchAction","target":{"@type":"EntryPoint","urlTemplate":"https:\/\/esbozodeportivo.com\/?s={search_term_string}"},"query-input":{"@type":"PropertyValueSpecification","valueRequired":true,"valueName":"search_term_string"}}],"inLanguage":"es"},{"@type":"Organization","@id":"https:\/\/esbozodeportivo.com\/#organization","name":"Esbozo Deportivo","url":"https:\/\/esbozodeportivo.com\/","logo":{"@type":"ImageObject","inLanguage":"es","@id":"https:\/\/esbozodeportivo.com\/#\/schema\/logo\/image\/","url":"https:\/\/esbozodeportivo.com\/wp-content\/uploads\/2022\/08\/cropped-Logo-Esbozo-Web-2.png","contentUrl":"https:\/\/esbozodeportivo.com\/wp-content\/uploads\/2022\/08\/cropped-Logo-Esbozo-Web-2.png","width":180,"height":50,"caption":"Esbozo Deportivo"},"image":{"@id":"https:\/\/esbozodeportivo.com\/#\/schema\/logo\/image\/"}},{"@type":"Person","@id":"https:\/\/esbozodeportivo.com\/#\/schema\/person\/7277119c98823aec37bbb84e125efd44","name":"Javier De La Cruz","image":{"@type":"ImageObject","inLanguage":"es","@id":"https:\/\/esbozodeportivo.com\/#\/schema\/person\/image\/","url":"https:\/\/secure.gravatar.com\/avatar\/366235a56d20f1a6e8e3d0b295897639357bea880470ddf261d17bb0bc052eb1?s=96&d=mm&r=g","contentUrl":"https:\/\/secure.gravatar.com\/avatar\/366235a56d20f1a6e8e3d0b295897639357bea880470ddf261d17bb0bc052eb1?s=96&d=mm&r=g","caption":"Javier De La Cruz"},"url":"https:\/\/esbozodeportivo.com\/index.php\/author\/javier-de-la-cruz-de-la-cruz\/"}]}},"jetpack_featured_media_url":"","jetpack_sharing_enabled":true,"_links":{"self":[{"href":"https:\/\/esbozodeportivo.com\/index.php\/wp-json\/wp\/v2\/posts\/3260","targetHints":{"allow":["GET"]}}],"collection":[{"href":"https:\/\/esbozodeportivo.com\/index.php\/wp-json\/wp\/v2\/posts"}],"about":[{"href":"https:\/\/esbozodeportivo.com\/index.php\/wp-json\/wp\/v2\/types\/post"}],"author":[{"embeddable":true,"href":"https:\/\/esbozodeportivo.com\/index.php\/wp-json\/wp\/v2\/users\/2"}],"replies":[{"embeddable":true,"href":"https:\/\/esbozodeportivo.com\/index.php\/wp-json\/wp\/v2\/comments?post=3260"}],"version-history":[{"count":4,"href":"https:\/\/esbozodeportivo.com\/index.php\/wp-json\/wp\/v2\/posts\/3260\/revisions"}],"predecessor-version":[{"id":3267,"href":"https:\/\/esbozodeportivo.com\/index.php\/wp-json\/wp\/v2\/posts\/3260\/revisions\/3267"}],"wp:attachment":[{"href":"https:\/\/esbozodeportivo.com\/index.php\/wp-json\/wp\/v2\/media?parent=3260"}],"wp:term":[{"taxonomy":"category","embeddable":true,"href":"https:\/\/esbozodeportivo.com\/index.php\/wp-json\/wp\/v2\/categories?post=3260"},{"taxonomy":"post_tag","embeddable":true,"href":"https:\/\/esbozodeportivo.com\/index.php\/wp-json\/wp\/v2\/tags?post=3260"}],"curies":[{"name":"wp","href":"https:\/\/api.w.org\/{rel}","templated":true}]}}