{"id":3275,"date":"2024-03-10T04:06:43","date_gmt":"2024-03-10T04:06:43","guid":{"rendered":"https:\/\/esbozodeportivo.com\/?p=3275"},"modified":"2024-03-10T04:10:27","modified_gmt":"2024-03-10T04:10:27","slug":"byanca-melissa-rodriguez-se-coloca-en-el-quinto-lugar-de-la-tyr-pro-series-de-natacion","status":"publish","type":"post","link":"https:\/\/esbozodeportivo.com\/index.php\/2024\/03\/10\/byanca-melissa-rodriguez-se-coloca-en-el-quinto-lugar-de-la-tyr-pro-series-de-natacion\/","title":{"rendered":"Byanca Melissa Rodr\u00edguez, se coloca en el quinto lugar de la TYR Pro Series de Nataci\u00f3n"},"content":{"rendered":"<style>\/*! elementor - v3.19.0 - 28-02-2024 *\/\n.elementor-widget-image{text-align:center}.elementor-widget-image a{display:inline-block}.elementor-widget-image a img[src$=\".svg\"]{width:48px}.elementor-widget-image img{vertical-align:middle;display:inline-block}<\/style>\n<p>\t\t\t\t\t\t\t\t\t\t<img loading=\"lazy\" decoding=\"async\" width=\"640\" height=\"630\" src=\"https:\/\/esbozodeportivo.com\/wp-content\/uploads\/2024\/03\/mexicana1-copia-1024x1008.jpg\" alt=\"\" srcset=\"https:\/\/esbozodeportivo.com\/wp-content\/uploads\/2024\/03\/mexicana1-copia-1024x1008.jpg 1024w, https:\/\/esbozodeportivo.com\/wp-content\/uploads\/2024\/03\/mexicana1-copia-300x295.jpg 300w, https:\/\/esbozodeportivo.com\/wp-content\/uploads\/2024\/03\/mexicana1-copia-768x756.jpg 768w, https:\/\/esbozodeportivo.com\/wp-content\/uploads\/2024\/03\/mexicana1-copia.jpg 1170w\" sizes=\"auto, (max-width: 640px) 100vw, 640px\" \/>\t\t\t\t\t\t\t\t\t\t\t\t\t<\/p>\n<p><strong>(Foto: acu\u00e1ticanelsonvargas)<\/p>\n<p><\/strong><\/p>\n<p>Tercera jornada de competencia del TYR Pro Series de Nataci\u00f3n 2024, cita deportiva que, por su calidad y alto nivel convoca a atletas multimedallistas ol\u00edmpico y mundialistas, es por esto que en el mundo acu\u00e1tico esta cita competitiva es de tan alto reconocimiento.<\/p>\n<p>En Westmont, Illinois hace pocos minutos culmin\u00f3 esta programaci\u00f3n, donde la mejor posici\u00f3n de la jornada la consolid\u00f3 la deportista Byanca Melissa Rodr\u00edguez Villanueva, la portadora del tricolor nacional se ubic\u00f3 en la quinta plaza de la prueba 200 m pecho, donde logr\u00f3 detener el cronometro, en: 2.31.30. La l\u00edder de esta prueba es la cinco veces medallista ol\u00edmpica, Lilly King, la norteamericana se impuso en la primera plaza con un tiempo, de: 2.25.97.<\/p>\n<p>Por otra parte, es de destacarse que en esta jornada seis de nuestros representantes lograron llegar a la programaci\u00f3n de la tarde, dos de ellos en las finales B y los cuatro restantes en las finales C, esto es significativo, puesto que, como se mencion\u00f3 anteriormente es una competencia donde se encuentran los mejores atletas del planeta.<\/p>\n<p>\t\t\t\t\t\t\t\t\t\t\t\t\t<img loading=\"lazy\" decoding=\"async\" width=\"640\" height=\"695\" src=\"https:\/\/esbozodeportivo.com\/wp-content\/uploads\/2024\/03\/mexicana-943x1024.jpg\" alt=\"\" srcset=\"https:\/\/esbozodeportivo.com\/wp-content\/uploads\/2024\/03\/mexicana-943x1024.jpg 943w, https:\/\/esbozodeportivo.com\/wp-content\/uploads\/2024\/03\/mexicana-276x300.jpg 276w, https:\/\/esbozodeportivo.com\/wp-content\/uploads\/2024\/03\/mexicana-768x834.jpg 768w, https:\/\/esbozodeportivo.com\/wp-content\/uploads\/2024\/03\/mexicana.jpg 1017w\" sizes=\"auto, (max-width: 640px) 100vw, 640px\" \/>\t\t\t\t\t\t\t\t\t\t\t\t\t<\/p>\n<p><strong>(Foto: acu\u00e1ticanelsonvargas)<\/p>\n<p><\/strong><\/p>\n<p><u>Resultados de las finales de esta jornada: <\/u><\/p>\n<p>\u00a0<\/p>\n<table>\n<tbody>\n<tr>\n<td width=\"75\">\n<h5><strong>POSICI\u00d3N<\/strong><\/h5>\n<\/td>\n<td width=\"208\">\n<h5><strong>NOMBRE<\/strong><\/h5>\n<\/td>\n<td width=\"132\">\n<h5><strong>PRUEBA<\/strong><\/h5>\n<\/td>\n<td width=\"76\">\n<h5><strong>TIEMPO<\/strong><\/h5>\n<\/td>\n<\/tr>\n<tr>\n<td width=\"75\">\n<h5>5<\/h5>\n<\/td>\n<td width=\"208\">\n<h5>Byanca Melissa Rodr\u00edguez<\/h5>\n<\/td>\n<td width=\"132\">\n<h5>200 m pecho<\/h5>\n<\/td>\n<td width=\"76\">\n<h5>2.31.30<\/h5>\n<\/td>\n<\/tr>\n<tr>\n<td width=\"75\">\n<h5>9<\/h5>\n<\/td>\n<td width=\"208\">\n<h5>Andr\u00e9s Puente Bustamante &#8211; <strong><em>anv<\/em><\/strong><\/h5>\n<\/td>\n<td width=\"132\">\n<h5>200 m pecho<\/h5>\n<\/td>\n<td width=\"76\">\n<h5>2.15.63<\/h5>\n<\/td>\n<\/tr>\n<tr>\n<td width=\"75\">\n<h5>12<\/h5>\n<\/td>\n<td width=\"208\">\n<h5>H\u00e9ctor Ruvalcaba Cruz &#8211; <strong><em>anv<\/em><\/strong><\/h5>\n<\/td>\n<td width=\"132\">\n<h5>200 m mariposa<\/h5>\n<\/td>\n<td width=\"76\">\n<h5>2.01.89<\/h5>\n<\/td>\n<\/tr>\n<tr>\n<td width=\"75\">\n<h5>15<\/h5>\n<\/td>\n<td width=\"208\">\n<h5>Dylan Porges \u00c1vila<\/h5>\n<\/td>\n<td width=\"132\">\n<h5>200 m mariposa<\/h5>\n<\/td>\n<td width=\"76\">\n<h5>2.06.55<\/h5>\n<\/td>\n<\/tr>\n<tr>\n<td width=\"75\">\n<h5>16<\/h5>\n<\/td>\n<td width=\"208\">\n<h5>Santiago Guti\u00e9rrez &#8211; <strong><em>anv<\/em><\/strong><\/h5>\n<\/td>\n<td width=\"132\">\n<h5>400 m libre<\/h5>\n<\/td>\n<td width=\"76\">\n<h5>4.00.58<\/h5>\n<\/td>\n<\/tr>\n<tr>\n<td width=\"75\">\n<h5>18<\/h5>\n<\/td>\n<td width=\"208\">\n<h5>Sofia Revilak Fonseca &#8211; <strong><em>anv<\/em><\/strong><\/h5>\n<\/td>\n<td width=\"132\">\n<h5>50 m libre<\/h5>\n<\/td>\n<td width=\"76\">\n<h5>25.92<\/h5>\n<\/td>\n<\/tr>\n<tr>\n<td width=\"75\">\n<h5>19<\/h5>\n<\/td>\n<td width=\"208\">\n<h5>Andrea Sansores de la Fuente<\/h5>\n<\/td>\n<td width=\"132\">\n<h5>50 m libre<\/h5>\n<\/td>\n<td width=\"76\">\n<h5>25.96<\/h5>\n<\/td>\n<\/tr>\n<\/tbody>\n<\/table>\n","protected":false},"excerpt":{"rendered":"<p>(Foto: acu\u00e1ticanelsonvargas) Tercera jornada de competencia del TYR Pro Series de Nataci\u00f3n 2024, cita deportiva<\/p>\n","protected":false},"author":2,"featured_media":0,"comment_status":"open","ping_status":"open","sticky":false,"template":"","format":"standard","meta":{"_jetpack_memberships_contains_paid_content":false,"footnotes":""},"categories":[5],"tags":[],"class_list":["post-3275","post","type-post","status-publish","format-standard","hentry","category-amateur"],"yoast_head":"<!-- This site is optimized with the Yoast SEO plugin v25.7 - https:\/\/yoast.com\/wordpress\/plugins\/seo\/ -->\n<title>Byanca Melissa Rodr\u00edguez, se coloca en el quinto lugar de la TYR Pro Series de Nataci\u00f3n - Esbozo Deportivo<\/title>\n<meta name=\"robots\" content=\"index, follow, max-snippet:-1, max-image-preview:large, max-video-preview:-1\" \/>\n<link rel=\"canonical\" href=\"https:\/\/esbozodeportivo.com\/index.php\/2024\/03\/10\/byanca-melissa-rodriguez-se-coloca-en-el-quinto-lugar-de-la-tyr-pro-series-de-natacion\/\" \/>\n<meta property=\"og:locale\" content=\"es_MX\" \/>\n<meta property=\"og:type\" content=\"article\" \/>\n<meta property=\"og:title\" content=\"Byanca Melissa Rodr\u00edguez, se coloca en el quinto lugar de la TYR Pro Series de Nataci\u00f3n - Esbozo Deportivo\" \/>\n<meta property=\"og:description\" content=\"(Foto: acu\u00e1ticanelsonvargas) Tercera jornada de competencia del TYR Pro Series de Nataci\u00f3n 2024, cita deportiva\" \/>\n<meta property=\"og:url\" content=\"https:\/\/esbozodeportivo.com\/index.php\/2024\/03\/10\/byanca-melissa-rodriguez-se-coloca-en-el-quinto-lugar-de-la-tyr-pro-series-de-natacion\/\" \/>\n<meta property=\"og:site_name\" content=\"Esbozo Deportivo\" \/>\n<meta property=\"article:published_time\" content=\"2024-03-10T04:06:43+00:00\" \/>\n<meta property=\"article:modified_time\" content=\"2024-03-10T04:10:27+00:00\" \/>\n<meta property=\"og:image\" content=\"https:\/\/esbozodeportivo.com\/wp-content\/uploads\/2024\/03\/mexicana1-copia-1024x1008.jpg\" \/>\n<meta name=\"author\" content=\"Javier De La Cruz\" \/>\n<meta name=\"twitter:card\" content=\"summary_large_image\" \/>\n<meta name=\"twitter:label1\" content=\"Escrito por\" \/>\n\t<meta name=\"twitter:data1\" content=\"Javier De La Cruz\" \/>\n\t<meta name=\"twitter:label2\" content=\"Tiempo de lectura\" \/>\n\t<meta name=\"twitter:data2\" content=\"1 minuto\" \/>\n<script type=\"application\/ld+json\" class=\"yoast-schema-graph\">{\"@context\":\"https:\/\/schema.org\",\"@graph\":[{\"@type\":\"Article\",\"@id\":\"https:\/\/esbozodeportivo.com\/index.php\/2024\/03\/10\/byanca-melissa-rodriguez-se-coloca-en-el-quinto-lugar-de-la-tyr-pro-series-de-natacion\/#article\",\"isPartOf\":{\"@id\":\"https:\/\/esbozodeportivo.com\/index.php\/2024\/03\/10\/byanca-melissa-rodriguez-se-coloca-en-el-quinto-lugar-de-la-tyr-pro-series-de-natacion\/\"},\"author\":{\"name\":\"Javier De La Cruz\",\"@id\":\"https:\/\/esbozodeportivo.com\/#\/schema\/person\/7277119c98823aec37bbb84e125efd44\"},\"headline\":\"Byanca Melissa Rodr\u00edguez, se coloca en el quinto lugar de la TYR Pro Series de Nataci\u00f3n\",\"datePublished\":\"2024-03-10T04:06:43+00:00\",\"dateModified\":\"2024-03-10T04:10:27+00:00\",\"mainEntityOfPage\":{\"@id\":\"https:\/\/esbozodeportivo.com\/index.php\/2024\/03\/10\/byanca-melissa-rodriguez-se-coloca-en-el-quinto-lugar-de-la-tyr-pro-series-de-natacion\/\"},\"wordCount\":263,\"commentCount\":0,\"publisher\":{\"@id\":\"https:\/\/esbozodeportivo.com\/#organization\"},\"image\":{\"@id\":\"https:\/\/esbozodeportivo.com\/index.php\/2024\/03\/10\/byanca-melissa-rodriguez-se-coloca-en-el-quinto-lugar-de-la-tyr-pro-series-de-natacion\/#primaryimage\"},\"thumbnailUrl\":\"https:\/\/esbozodeportivo.com\/wp-content\/uploads\/2024\/03\/mexicana1-copia-1024x1008.jpg\",\"articleSection\":[\"Amateur\"],\"inLanguage\":\"es\",\"potentialAction\":[{\"@type\":\"CommentAction\",\"name\":\"Comment\",\"target\":[\"https:\/\/esbozodeportivo.com\/index.php\/2024\/03\/10\/byanca-melissa-rodriguez-se-coloca-en-el-quinto-lugar-de-la-tyr-pro-series-de-natacion\/#respond\"]}]},{\"@type\":\"WebPage\",\"@id\":\"https:\/\/esbozodeportivo.com\/index.php\/2024\/03\/10\/byanca-melissa-rodriguez-se-coloca-en-el-quinto-lugar-de-la-tyr-pro-series-de-natacion\/\",\"url\":\"https:\/\/esbozodeportivo.com\/index.php\/2024\/03\/10\/byanca-melissa-rodriguez-se-coloca-en-el-quinto-lugar-de-la-tyr-pro-series-de-natacion\/\",\"name\":\"Byanca Melissa Rodr\u00edguez, se coloca en el quinto lugar de la TYR Pro Series de Nataci\u00f3n - Esbozo Deportivo\",\"isPartOf\":{\"@id\":\"https:\/\/esbozodeportivo.com\/#website\"},\"primaryImageOfPage\":{\"@id\":\"https:\/\/esbozodeportivo.com\/index.php\/2024\/03\/10\/byanca-melissa-rodriguez-se-coloca-en-el-quinto-lugar-de-la-tyr-pro-series-de-natacion\/#primaryimage\"},\"image\":{\"@id\":\"https:\/\/esbozodeportivo.com\/index.php\/2024\/03\/10\/byanca-melissa-rodriguez-se-coloca-en-el-quinto-lugar-de-la-tyr-pro-series-de-natacion\/#primaryimage\"},\"thumbnailUrl\":\"https:\/\/esbozodeportivo.com\/wp-content\/uploads\/2024\/03\/mexicana1-copia-1024x1008.jpg\",\"datePublished\":\"2024-03-10T04:06:43+00:00\",\"dateModified\":\"2024-03-10T04:10:27+00:00\",\"breadcrumb\":{\"@id\":\"https:\/\/esbozodeportivo.com\/index.php\/2024\/03\/10\/byanca-melissa-rodriguez-se-coloca-en-el-quinto-lugar-de-la-tyr-pro-series-de-natacion\/#breadcrumb\"},\"inLanguage\":\"es\",\"potentialAction\":[{\"@type\":\"ReadAction\",\"target\":[\"https:\/\/esbozodeportivo.com\/index.php\/2024\/03\/10\/byanca-melissa-rodriguez-se-coloca-en-el-quinto-lugar-de-la-tyr-pro-series-de-natacion\/\"]}]},{\"@type\":\"ImageObject\",\"inLanguage\":\"es\",\"@id\":\"https:\/\/esbozodeportivo.com\/index.php\/2024\/03\/10\/byanca-melissa-rodriguez-se-coloca-en-el-quinto-lugar-de-la-tyr-pro-series-de-natacion\/#primaryimage\",\"url\":\"https:\/\/esbozodeportivo.com\/wp-content\/uploads\/2024\/03\/mexicana1-copia.jpg\",\"contentUrl\":\"https:\/\/esbozodeportivo.com\/wp-content\/uploads\/2024\/03\/mexicana1-copia.jpg\",\"width\":1170,\"height\":1152},{\"@type\":\"BreadcrumbList\",\"@id\":\"https:\/\/esbozodeportivo.com\/index.php\/2024\/03\/10\/byanca-melissa-rodriguez-se-coloca-en-el-quinto-lugar-de-la-tyr-pro-series-de-natacion\/#breadcrumb\",\"itemListElement\":[{\"@type\":\"ListItem\",\"position\":1,\"name\":\"Inicio\",\"item\":\"https:\/\/esbozodeportivo.com\/\"},{\"@type\":\"ListItem\",\"position\":2,\"name\":\"Byanca Melissa Rodr\u00edguez, se coloca en el quinto lugar de la TYR Pro Series de Nataci\u00f3n\"}]},{\"@type\":\"WebSite\",\"@id\":\"https:\/\/esbozodeportivo.com\/#website\",\"url\":\"https:\/\/esbozodeportivo.com\/\",\"name\":\"Esbozo Deportivo\",\"description\":\"Lo m\u00e1s importante del Deporte\",\"publisher\":{\"@id\":\"https:\/\/esbozodeportivo.com\/#organization\"},\"potentialAction\":[{\"@type\":\"SearchAction\",\"target\":{\"@type\":\"EntryPoint\",\"urlTemplate\":\"https:\/\/esbozodeportivo.com\/?s={search_term_string}\"},\"query-input\":{\"@type\":\"PropertyValueSpecification\",\"valueRequired\":true,\"valueName\":\"search_term_string\"}}],\"inLanguage\":\"es\"},{\"@type\":\"Organization\",\"@id\":\"https:\/\/esbozodeportivo.com\/#organization\",\"name\":\"Esbozo Deportivo\",\"url\":\"https:\/\/esbozodeportivo.com\/\",\"logo\":{\"@type\":\"ImageObject\",\"inLanguage\":\"es\",\"@id\":\"https:\/\/esbozodeportivo.com\/#\/schema\/logo\/image\/\",\"url\":\"https:\/\/esbozodeportivo.com\/wp-content\/uploads\/2022\/08\/cropped-Logo-Esbozo-Web-2.png\",\"contentUrl\":\"https:\/\/esbozodeportivo.com\/wp-content\/uploads\/2022\/08\/cropped-Logo-Esbozo-Web-2.png\",\"width\":180,\"height\":50,\"caption\":\"Esbozo Deportivo\"},\"image\":{\"@id\":\"https:\/\/esbozodeportivo.com\/#\/schema\/logo\/image\/\"}},{\"@type\":\"Person\",\"@id\":\"https:\/\/esbozodeportivo.com\/#\/schema\/person\/7277119c98823aec37bbb84e125efd44\",\"name\":\"Javier De La Cruz\",\"image\":{\"@type\":\"ImageObject\",\"inLanguage\":\"es\",\"@id\":\"https:\/\/esbozodeportivo.com\/#\/schema\/person\/image\/\",\"url\":\"https:\/\/secure.gravatar.com\/avatar\/366235a56d20f1a6e8e3d0b295897639357bea880470ddf261d17bb0bc052eb1?s=96&d=mm&r=g\",\"contentUrl\":\"https:\/\/secure.gravatar.com\/avatar\/366235a56d20f1a6e8e3d0b295897639357bea880470ddf261d17bb0bc052eb1?s=96&d=mm&r=g\",\"caption\":\"Javier De La Cruz\"},\"url\":\"https:\/\/esbozodeportivo.com\/index.php\/author\/javier-de-la-cruz-de-la-cruz\/\"}]}<\/script>\n<!-- \/ Yoast SEO plugin. -->","yoast_head_json":{"title":"Byanca Melissa Rodr\u00edguez, se coloca en el quinto lugar de la TYR Pro Series de Nataci\u00f3n - Esbozo Deportivo","robots":{"index":"index","follow":"follow","max-snippet":"max-snippet:-1","max-image-preview":"max-image-preview:large","max-video-preview":"max-video-preview:-1"},"canonical":"https:\/\/esbozodeportivo.com\/index.php\/2024\/03\/10\/byanca-melissa-rodriguez-se-coloca-en-el-quinto-lugar-de-la-tyr-pro-series-de-natacion\/","og_locale":"es_MX","og_type":"article","og_title":"Byanca Melissa Rodr\u00edguez, se coloca en el quinto lugar de la TYR Pro Series de Nataci\u00f3n - Esbozo Deportivo","og_description":"(Foto: acu\u00e1ticanelsonvargas) Tercera jornada de competencia del TYR Pro Series de Nataci\u00f3n 2024, cita deportiva","og_url":"https:\/\/esbozodeportivo.com\/index.php\/2024\/03\/10\/byanca-melissa-rodriguez-se-coloca-en-el-quinto-lugar-de-la-tyr-pro-series-de-natacion\/","og_site_name":"Esbozo Deportivo","article_published_time":"2024-03-10T04:06:43+00:00","article_modified_time":"2024-03-10T04:10:27+00:00","og_image":[{"url":"https:\/\/esbozodeportivo.com\/wp-content\/uploads\/2024\/03\/mexicana1-copia-1024x1008.jpg","type":"","width":"","height":""}],"author":"Javier De La Cruz","twitter_card":"summary_large_image","twitter_misc":{"Escrito por":"Javier De La Cruz","Tiempo de lectura":"1 minuto"},"schema":{"@context":"https:\/\/schema.org","@graph":[{"@type":"Article","@id":"https:\/\/esbozodeportivo.com\/index.php\/2024\/03\/10\/byanca-melissa-rodriguez-se-coloca-en-el-quinto-lugar-de-la-tyr-pro-series-de-natacion\/#article","isPartOf":{"@id":"https:\/\/esbozodeportivo.com\/index.php\/2024\/03\/10\/byanca-melissa-rodriguez-se-coloca-en-el-quinto-lugar-de-la-tyr-pro-series-de-natacion\/"},"author":{"name":"Javier De La Cruz","@id":"https:\/\/esbozodeportivo.com\/#\/schema\/person\/7277119c98823aec37bbb84e125efd44"},"headline":"Byanca Melissa Rodr\u00edguez, se coloca en el quinto lugar de la TYR Pro Series de Nataci\u00f3n","datePublished":"2024-03-10T04:06:43+00:00","dateModified":"2024-03-10T04:10:27+00:00","mainEntityOfPage":{"@id":"https:\/\/esbozodeportivo.com\/index.php\/2024\/03\/10\/byanca-melissa-rodriguez-se-coloca-en-el-quinto-lugar-de-la-tyr-pro-series-de-natacion\/"},"wordCount":263,"commentCount":0,"publisher":{"@id":"https:\/\/esbozodeportivo.com\/#organization"},"image":{"@id":"https:\/\/esbozodeportivo.com\/index.php\/2024\/03\/10\/byanca-melissa-rodriguez-se-coloca-en-el-quinto-lugar-de-la-tyr-pro-series-de-natacion\/#primaryimage"},"thumbnailUrl":"https:\/\/esbozodeportivo.com\/wp-content\/uploads\/2024\/03\/mexicana1-copia-1024x1008.jpg","articleSection":["Amateur"],"inLanguage":"es","potentialAction":[{"@type":"CommentAction","name":"Comment","target":["https:\/\/esbozodeportivo.com\/index.php\/2024\/03\/10\/byanca-melissa-rodriguez-se-coloca-en-el-quinto-lugar-de-la-tyr-pro-series-de-natacion\/#respond"]}]},{"@type":"WebPage","@id":"https:\/\/esbozodeportivo.com\/index.php\/2024\/03\/10\/byanca-melissa-rodriguez-se-coloca-en-el-quinto-lugar-de-la-tyr-pro-series-de-natacion\/","url":"https:\/\/esbozodeportivo.com\/index.php\/2024\/03\/10\/byanca-melissa-rodriguez-se-coloca-en-el-quinto-lugar-de-la-tyr-pro-series-de-natacion\/","name":"Byanca Melissa Rodr\u00edguez, se coloca en el quinto lugar de la TYR Pro Series de Nataci\u00f3n - Esbozo Deportivo","isPartOf":{"@id":"https:\/\/esbozodeportivo.com\/#website"},"primaryImageOfPage":{"@id":"https:\/\/esbozodeportivo.com\/index.php\/2024\/03\/10\/byanca-melissa-rodriguez-se-coloca-en-el-quinto-lugar-de-la-tyr-pro-series-de-natacion\/#primaryimage"},"image":{"@id":"https:\/\/esbozodeportivo.com\/index.php\/2024\/03\/10\/byanca-melissa-rodriguez-se-coloca-en-el-quinto-lugar-de-la-tyr-pro-series-de-natacion\/#primaryimage"},"thumbnailUrl":"https:\/\/esbozodeportivo.com\/wp-content\/uploads\/2024\/03\/mexicana1-copia-1024x1008.jpg","datePublished":"2024-03-10T04:06:43+00:00","dateModified":"2024-03-10T04:10:27+00:00","breadcrumb":{"@id":"https:\/\/esbozodeportivo.com\/index.php\/2024\/03\/10\/byanca-melissa-rodriguez-se-coloca-en-el-quinto-lugar-de-la-tyr-pro-series-de-natacion\/#breadcrumb"},"inLanguage":"es","potentialAction":[{"@type":"ReadAction","target":["https:\/\/esbozodeportivo.com\/index.php\/2024\/03\/10\/byanca-melissa-rodriguez-se-coloca-en-el-quinto-lugar-de-la-tyr-pro-series-de-natacion\/"]}]},{"@type":"ImageObject","inLanguage":"es","@id":"https:\/\/esbozodeportivo.com\/index.php\/2024\/03\/10\/byanca-melissa-rodriguez-se-coloca-en-el-quinto-lugar-de-la-tyr-pro-series-de-natacion\/#primaryimage","url":"https:\/\/esbozodeportivo.com\/wp-content\/uploads\/2024\/03\/mexicana1-copia.jpg","contentUrl":"https:\/\/esbozodeportivo.com\/wp-content\/uploads\/2024\/03\/mexicana1-copia.jpg","width":1170,"height":1152},{"@type":"BreadcrumbList","@id":"https:\/\/esbozodeportivo.com\/index.php\/2024\/03\/10\/byanca-melissa-rodriguez-se-coloca-en-el-quinto-lugar-de-la-tyr-pro-series-de-natacion\/#breadcrumb","itemListElement":[{"@type":"ListItem","position":1,"name":"Inicio","item":"https:\/\/esbozodeportivo.com\/"},{"@type":"ListItem","position":2,"name":"Byanca Melissa Rodr\u00edguez, se coloca en el quinto lugar de la TYR Pro Series de Nataci\u00f3n"}]},{"@type":"WebSite","@id":"https:\/\/esbozodeportivo.com\/#website","url":"https:\/\/esbozodeportivo.com\/","name":"Esbozo Deportivo","description":"Lo m\u00e1s importante del Deporte","publisher":{"@id":"https:\/\/esbozodeportivo.com\/#organization"},"potentialAction":[{"@type":"SearchAction","target":{"@type":"EntryPoint","urlTemplate":"https:\/\/esbozodeportivo.com\/?s={search_term_string}"},"query-input":{"@type":"PropertyValueSpecification","valueRequired":true,"valueName":"search_term_string"}}],"inLanguage":"es"},{"@type":"Organization","@id":"https:\/\/esbozodeportivo.com\/#organization","name":"Esbozo Deportivo","url":"https:\/\/esbozodeportivo.com\/","logo":{"@type":"ImageObject","inLanguage":"es","@id":"https:\/\/esbozodeportivo.com\/#\/schema\/logo\/image\/","url":"https:\/\/esbozodeportivo.com\/wp-content\/uploads\/2022\/08\/cropped-Logo-Esbozo-Web-2.png","contentUrl":"https:\/\/esbozodeportivo.com\/wp-content\/uploads\/2022\/08\/cropped-Logo-Esbozo-Web-2.png","width":180,"height":50,"caption":"Esbozo Deportivo"},"image":{"@id":"https:\/\/esbozodeportivo.com\/#\/schema\/logo\/image\/"}},{"@type":"Person","@id":"https:\/\/esbozodeportivo.com\/#\/schema\/person\/7277119c98823aec37bbb84e125efd44","name":"Javier De La Cruz","image":{"@type":"ImageObject","inLanguage":"es","@id":"https:\/\/esbozodeportivo.com\/#\/schema\/person\/image\/","url":"https:\/\/secure.gravatar.com\/avatar\/366235a56d20f1a6e8e3d0b295897639357bea880470ddf261d17bb0bc052eb1?s=96&d=mm&r=g","contentUrl":"https:\/\/secure.gravatar.com\/avatar\/366235a56d20f1a6e8e3d0b295897639357bea880470ddf261d17bb0bc052eb1?s=96&d=mm&r=g","caption":"Javier De La Cruz"},"url":"https:\/\/esbozodeportivo.com\/index.php\/author\/javier-de-la-cruz-de-la-cruz\/"}]}},"jetpack_featured_media_url":"","jetpack_sharing_enabled":true,"_links":{"self":[{"href":"https:\/\/esbozodeportivo.com\/index.php\/wp-json\/wp\/v2\/posts\/3275","targetHints":{"allow":["GET"]}}],"collection":[{"href":"https:\/\/esbozodeportivo.com\/index.php\/wp-json\/wp\/v2\/posts"}],"about":[{"href":"https:\/\/esbozodeportivo.com\/index.php\/wp-json\/wp\/v2\/types\/post"}],"author":[{"embeddable":true,"href":"https:\/\/esbozodeportivo.com\/index.php\/wp-json\/wp\/v2\/users\/2"}],"replies":[{"embeddable":true,"href":"https:\/\/esbozodeportivo.com\/index.php\/wp-json\/wp\/v2\/comments?post=3275"}],"version-history":[{"count":4,"href":"https:\/\/esbozodeportivo.com\/index.php\/wp-json\/wp\/v2\/posts\/3275\/revisions"}],"predecessor-version":[{"id":3281,"href":"https:\/\/esbozodeportivo.com\/index.php\/wp-json\/wp\/v2\/posts\/3275\/revisions\/3281"}],"wp:attachment":[{"href":"https:\/\/esbozodeportivo.com\/index.php\/wp-json\/wp\/v2\/media?parent=3275"}],"wp:term":[{"taxonomy":"category","embeddable":true,"href":"https:\/\/esbozodeportivo.com\/index.php\/wp-json\/wp\/v2\/categories?post=3275"},{"taxonomy":"post_tag","embeddable":true,"href":"https:\/\/esbozodeportivo.com\/index.php\/wp-json\/wp\/v2\/tags?post=3275"}],"curies":[{"name":"wp","href":"https:\/\/api.w.org\/{rel}","templated":true}]}}