{"id":3282,"date":"2024-03-12T03:54:25","date_gmt":"2024-03-12T03:54:25","guid":{"rendered":"https:\/\/esbozodeportivo.com\/?p=3282"},"modified":"2024-03-12T03:57:58","modified_gmt":"2024-03-12T03:57:58","slug":"alegna-gonzalez-y-andres-olivas-se-quedan-en-la-sexta-posicion-en-el-criterium-internacional-de-relevo-mixto","status":"publish","type":"post","link":"https:\/\/esbozodeportivo.com\/index.php\/2024\/03\/12\/alegna-gonzalez-y-andres-olivas-se-quedan-en-la-sexta-posicion-en-el-criterium-internacional-de-relevo-mixto\/","title":{"rendered":"Alegna Gonz\u00e1lez y Andr\u00e9s Olivas se quedan en la sexta posici\u00f3n en el Crit\u00e9rium Internacional de Relevo Mixto"},"content":{"rendered":"<style>\/*! elementor - v3.20.0 - 11-03-2024 *\/\n.elementor-widget-image{text-align:center}.elementor-widget-image a{display:inline-block}.elementor-widget-image a img[src$=\".svg\"]{width:48px}.elementor-widget-image img{vertical-align:middle;display:inline-block}<\/style>\n<p>\t\t\t\t\t\t\t\t\t\t<img loading=\"lazy\" decoding=\"async\" width=\"387\" height=\"414\" src=\"https:\/\/esbozodeportivo.com\/wp-content\/uploads\/2024\/03\/AlegnaGonzalez.jpg\" alt=\"\" srcset=\"https:\/\/esbozodeportivo.com\/wp-content\/uploads\/2024\/03\/AlegnaGonzalez.jpg 387w, https:\/\/esbozodeportivo.com\/wp-content\/uploads\/2024\/03\/AlegnaGonzalez-280x300.jpg 280w\" sizes=\"auto, (max-width: 387px) 100vw, 387px\" \/>\t\t\t\t\t\t\t\t\t\t\t\t\t<\/p>\n<p><strong>(Foto: Fedmxatle)<\/strong><strong> Alegna Gonz\u00e1lez\u00a0<\/strong><\/p>\n<p>Los marchistas mexicanos Alegna Gonz\u00e1lez y Andr\u00e9s Olivas, ambos con marca para participar en la prueba individual de 20 kil\u00f3metros en los Juegos Ol\u00edmpicos de Paris 2024, terminaron en la sexta posici\u00f3n de la distancia de 42 kil\u00f3metros y 195 metros, en el Crit\u00e9rium Internacional de Relevo Mixto, realizado en Valencia, Espa\u00f1a.<\/p>\n<p>Los andarines mexicanos tuvieron una buena presentaci\u00f3n en el evento, el cual fue su primer par\u00e1metro internacional para enfrentar la prueba de relevos mixtos, con miras a buscar la marca en esta competencia rumbo a los Juegos Ol\u00edmpicos de Paris.<\/p>\n<p>\t\t\t\t\t\t\t\t\t\t\t\t\t<img loading=\"lazy\" decoding=\"async\" width=\"340\" height=\"389\" src=\"https:\/\/esbozodeportivo.com\/wp-content\/uploads\/2024\/03\/AndresOlivas.jpg\" alt=\"\" srcset=\"https:\/\/esbozodeportivo.com\/wp-content\/uploads\/2024\/03\/AndresOlivas.jpg 340w, https:\/\/esbozodeportivo.com\/wp-content\/uploads\/2024\/03\/AndresOlivas-262x300.jpg 262w\" sizes=\"auto, (max-width: 340px) 100vw, 340px\" \/>\t\t\t\t\t\t\t\t\t\t\t\t\t<\/p>\n<p><strong>(Foto: Fedmxatle)<\/strong><strong> Andr\u00e9s Olivas\u00a0<\/strong><\/p>\n<p>La competencia que se desarroll\u00f3 en Valencia, la dupla mexicana registr\u00f3 un tiempo de 3 horas, 3 minutos y 18 segundos, la cual esperan mejorar en su presentaci\u00f3n en el Campeonato Mundial de Marcha por Equipos, que se efectuar\u00e1 en Antalya, Turqu\u00eda, el cual repartir\u00e1 plazas para los Juegos Ol\u00edmpicos de Paris 2024.<\/p>\n<p>\u00a0<\/p>\n","protected":false},"excerpt":{"rendered":"<p>(Foto: Fedmxatle) Alegna Gonz\u00e1lez\u00a0 Los marchistas mexicanos Alegna Gonz\u00e1lez y Andr\u00e9s Olivas, ambos con marca<\/p>\n","protected":false},"author":2,"featured_media":0,"comment_status":"open","ping_status":"open","sticky":false,"template":"","format":"standard","meta":{"_jetpack_memberships_contains_paid_content":false,"footnotes":""},"categories":[5],"tags":[],"class_list":["post-3282","post","type-post","status-publish","format-standard","hentry","category-amateur"],"yoast_head":"<!-- This site is optimized with the Yoast SEO plugin v25.7 - https:\/\/yoast.com\/wordpress\/plugins\/seo\/ -->\n<title>Alegna Gonz\u00e1lez y Andr\u00e9s Olivas se quedan en la sexta posici\u00f3n en el Crit\u00e9rium Internacional de Relevo Mixto - Esbozo Deportivo<\/title>\n<meta name=\"robots\" content=\"index, follow, max-snippet:-1, max-image-preview:large, max-video-preview:-1\" \/>\n<link rel=\"canonical\" href=\"https:\/\/esbozodeportivo.com\/index.php\/2024\/03\/12\/alegna-gonzalez-y-andres-olivas-se-quedan-en-la-sexta-posicion-en-el-criterium-internacional-de-relevo-mixto\/\" \/>\n<meta property=\"og:locale\" content=\"es_MX\" \/>\n<meta property=\"og:type\" content=\"article\" \/>\n<meta property=\"og:title\" content=\"Alegna Gonz\u00e1lez y Andr\u00e9s Olivas se quedan en la sexta posici\u00f3n en el Crit\u00e9rium Internacional de Relevo Mixto - Esbozo Deportivo\" \/>\n<meta property=\"og:description\" content=\"(Foto: Fedmxatle) Alegna Gonz\u00e1lez\u00a0 Los marchistas mexicanos Alegna Gonz\u00e1lez y Andr\u00e9s Olivas, ambos con marca\" \/>\n<meta property=\"og:url\" content=\"https:\/\/esbozodeportivo.com\/index.php\/2024\/03\/12\/alegna-gonzalez-y-andres-olivas-se-quedan-en-la-sexta-posicion-en-el-criterium-internacional-de-relevo-mixto\/\" \/>\n<meta property=\"og:site_name\" content=\"Esbozo Deportivo\" \/>\n<meta property=\"article:published_time\" content=\"2024-03-12T03:54:25+00:00\" \/>\n<meta property=\"article:modified_time\" content=\"2024-03-12T03:57:58+00:00\" \/>\n<meta property=\"og:image\" content=\"https:\/\/esbozodeportivo.com\/wp-content\/uploads\/2024\/03\/AlegnaGonzalez.jpg\" \/>\n<meta name=\"author\" content=\"Javier De La Cruz\" \/>\n<meta name=\"twitter:card\" content=\"summary_large_image\" \/>\n<meta name=\"twitter:label1\" content=\"Escrito por\" \/>\n\t<meta name=\"twitter:data1\" content=\"Javier De La Cruz\" \/>\n\t<meta name=\"twitter:label2\" content=\"Tiempo de lectura\" \/>\n\t<meta name=\"twitter:data2\" content=\"1 minuto\" \/>\n<script type=\"application\/ld+json\" class=\"yoast-schema-graph\">{\"@context\":\"https:\/\/schema.org\",\"@graph\":[{\"@type\":\"Article\",\"@id\":\"https:\/\/esbozodeportivo.com\/index.php\/2024\/03\/12\/alegna-gonzalez-y-andres-olivas-se-quedan-en-la-sexta-posicion-en-el-criterium-internacional-de-relevo-mixto\/#article\",\"isPartOf\":{\"@id\":\"https:\/\/esbozodeportivo.com\/index.php\/2024\/03\/12\/alegna-gonzalez-y-andres-olivas-se-quedan-en-la-sexta-posicion-en-el-criterium-internacional-de-relevo-mixto\/\"},\"author\":{\"name\":\"Javier De La Cruz\",\"@id\":\"https:\/\/esbozodeportivo.com\/#\/schema\/person\/7277119c98823aec37bbb84e125efd44\"},\"headline\":\"Alegna Gonz\u00e1lez y Andr\u00e9s Olivas se quedan en la sexta posici\u00f3n en el Crit\u00e9rium Internacional de Relevo Mixto\",\"datePublished\":\"2024-03-12T03:54:25+00:00\",\"dateModified\":\"2024-03-12T03:57:58+00:00\",\"mainEntityOfPage\":{\"@id\":\"https:\/\/esbozodeportivo.com\/index.php\/2024\/03\/12\/alegna-gonzalez-y-andres-olivas-se-quedan-en-la-sexta-posicion-en-el-criterium-internacional-de-relevo-mixto\/\"},\"wordCount\":183,\"commentCount\":0,\"publisher\":{\"@id\":\"https:\/\/esbozodeportivo.com\/#organization\"},\"image\":{\"@id\":\"https:\/\/esbozodeportivo.com\/index.php\/2024\/03\/12\/alegna-gonzalez-y-andres-olivas-se-quedan-en-la-sexta-posicion-en-el-criterium-internacional-de-relevo-mixto\/#primaryimage\"},\"thumbnailUrl\":\"https:\/\/esbozodeportivo.com\/wp-content\/uploads\/2024\/03\/AlegnaGonzalez.jpg\",\"articleSection\":[\"Amateur\"],\"inLanguage\":\"es\",\"potentialAction\":[{\"@type\":\"CommentAction\",\"name\":\"Comment\",\"target\":[\"https:\/\/esbozodeportivo.com\/index.php\/2024\/03\/12\/alegna-gonzalez-y-andres-olivas-se-quedan-en-la-sexta-posicion-en-el-criterium-internacional-de-relevo-mixto\/#respond\"]}]},{\"@type\":\"WebPage\",\"@id\":\"https:\/\/esbozodeportivo.com\/index.php\/2024\/03\/12\/alegna-gonzalez-y-andres-olivas-se-quedan-en-la-sexta-posicion-en-el-criterium-internacional-de-relevo-mixto\/\",\"url\":\"https:\/\/esbozodeportivo.com\/index.php\/2024\/03\/12\/alegna-gonzalez-y-andres-olivas-se-quedan-en-la-sexta-posicion-en-el-criterium-internacional-de-relevo-mixto\/\",\"name\":\"Alegna Gonz\u00e1lez y Andr\u00e9s Olivas se quedan en la sexta posici\u00f3n en el Crit\u00e9rium Internacional de Relevo Mixto - Esbozo Deportivo\",\"isPartOf\":{\"@id\":\"https:\/\/esbozodeportivo.com\/#website\"},\"primaryImageOfPage\":{\"@id\":\"https:\/\/esbozodeportivo.com\/index.php\/2024\/03\/12\/alegna-gonzalez-y-andres-olivas-se-quedan-en-la-sexta-posicion-en-el-criterium-internacional-de-relevo-mixto\/#primaryimage\"},\"image\":{\"@id\":\"https:\/\/esbozodeportivo.com\/index.php\/2024\/03\/12\/alegna-gonzalez-y-andres-olivas-se-quedan-en-la-sexta-posicion-en-el-criterium-internacional-de-relevo-mixto\/#primaryimage\"},\"thumbnailUrl\":\"https:\/\/esbozodeportivo.com\/wp-content\/uploads\/2024\/03\/AlegnaGonzalez.jpg\",\"datePublished\":\"2024-03-12T03:54:25+00:00\",\"dateModified\":\"2024-03-12T03:57:58+00:00\",\"breadcrumb\":{\"@id\":\"https:\/\/esbozodeportivo.com\/index.php\/2024\/03\/12\/alegna-gonzalez-y-andres-olivas-se-quedan-en-la-sexta-posicion-en-el-criterium-internacional-de-relevo-mixto\/#breadcrumb\"},\"inLanguage\":\"es\",\"potentialAction\":[{\"@type\":\"ReadAction\",\"target\":[\"https:\/\/esbozodeportivo.com\/index.php\/2024\/03\/12\/alegna-gonzalez-y-andres-olivas-se-quedan-en-la-sexta-posicion-en-el-criterium-internacional-de-relevo-mixto\/\"]}]},{\"@type\":\"ImageObject\",\"inLanguage\":\"es\",\"@id\":\"https:\/\/esbozodeportivo.com\/index.php\/2024\/03\/12\/alegna-gonzalez-y-andres-olivas-se-quedan-en-la-sexta-posicion-en-el-criterium-internacional-de-relevo-mixto\/#primaryimage\",\"url\":\"https:\/\/esbozodeportivo.com\/wp-content\/uploads\/2024\/03\/AlegnaGonzalez.jpg\",\"contentUrl\":\"https:\/\/esbozodeportivo.com\/wp-content\/uploads\/2024\/03\/AlegnaGonzalez.jpg\",\"width\":387,\"height\":414},{\"@type\":\"BreadcrumbList\",\"@id\":\"https:\/\/esbozodeportivo.com\/index.php\/2024\/03\/12\/alegna-gonzalez-y-andres-olivas-se-quedan-en-la-sexta-posicion-en-el-criterium-internacional-de-relevo-mixto\/#breadcrumb\",\"itemListElement\":[{\"@type\":\"ListItem\",\"position\":1,\"name\":\"Inicio\",\"item\":\"https:\/\/esbozodeportivo.com\/\"},{\"@type\":\"ListItem\",\"position\":2,\"name\":\"Alegna Gonz\u00e1lez y Andr\u00e9s Olivas se quedan en la sexta posici\u00f3n en el Crit\u00e9rium Internacional de Relevo Mixto\"}]},{\"@type\":\"WebSite\",\"@id\":\"https:\/\/esbozodeportivo.com\/#website\",\"url\":\"https:\/\/esbozodeportivo.com\/\",\"name\":\"Esbozo Deportivo\",\"description\":\"Lo m\u00e1s importante del Deporte\",\"publisher\":{\"@id\":\"https:\/\/esbozodeportivo.com\/#organization\"},\"potentialAction\":[{\"@type\":\"SearchAction\",\"target\":{\"@type\":\"EntryPoint\",\"urlTemplate\":\"https:\/\/esbozodeportivo.com\/?s={search_term_string}\"},\"query-input\":{\"@type\":\"PropertyValueSpecification\",\"valueRequired\":true,\"valueName\":\"search_term_string\"}}],\"inLanguage\":\"es\"},{\"@type\":\"Organization\",\"@id\":\"https:\/\/esbozodeportivo.com\/#organization\",\"name\":\"Esbozo Deportivo\",\"url\":\"https:\/\/esbozodeportivo.com\/\",\"logo\":{\"@type\":\"ImageObject\",\"inLanguage\":\"es\",\"@id\":\"https:\/\/esbozodeportivo.com\/#\/schema\/logo\/image\/\",\"url\":\"https:\/\/esbozodeportivo.com\/wp-content\/uploads\/2022\/08\/cropped-Logo-Esbozo-Web-2.png\",\"contentUrl\":\"https:\/\/esbozodeportivo.com\/wp-content\/uploads\/2022\/08\/cropped-Logo-Esbozo-Web-2.png\",\"width\":180,\"height\":50,\"caption\":\"Esbozo Deportivo\"},\"image\":{\"@id\":\"https:\/\/esbozodeportivo.com\/#\/schema\/logo\/image\/\"}},{\"@type\":\"Person\",\"@id\":\"https:\/\/esbozodeportivo.com\/#\/schema\/person\/7277119c98823aec37bbb84e125efd44\",\"name\":\"Javier De La Cruz\",\"image\":{\"@type\":\"ImageObject\",\"inLanguage\":\"es\",\"@id\":\"https:\/\/esbozodeportivo.com\/#\/schema\/person\/image\/\",\"url\":\"https:\/\/secure.gravatar.com\/avatar\/366235a56d20f1a6e8e3d0b295897639357bea880470ddf261d17bb0bc052eb1?s=96&d=mm&r=g\",\"contentUrl\":\"https:\/\/secure.gravatar.com\/avatar\/366235a56d20f1a6e8e3d0b295897639357bea880470ddf261d17bb0bc052eb1?s=96&d=mm&r=g\",\"caption\":\"Javier De La Cruz\"},\"url\":\"https:\/\/esbozodeportivo.com\/index.php\/author\/javier-de-la-cruz-de-la-cruz\/\"}]}<\/script>\n<!-- \/ Yoast SEO plugin. -->","yoast_head_json":{"title":"Alegna Gonz\u00e1lez y Andr\u00e9s Olivas se quedan en la sexta posici\u00f3n en el Crit\u00e9rium Internacional de Relevo Mixto - Esbozo Deportivo","robots":{"index":"index","follow":"follow","max-snippet":"max-snippet:-1","max-image-preview":"max-image-preview:large","max-video-preview":"max-video-preview:-1"},"canonical":"https:\/\/esbozodeportivo.com\/index.php\/2024\/03\/12\/alegna-gonzalez-y-andres-olivas-se-quedan-en-la-sexta-posicion-en-el-criterium-internacional-de-relevo-mixto\/","og_locale":"es_MX","og_type":"article","og_title":"Alegna Gonz\u00e1lez y Andr\u00e9s Olivas se quedan en la sexta posici\u00f3n en el Crit\u00e9rium Internacional de Relevo Mixto - Esbozo Deportivo","og_description":"(Foto: Fedmxatle) Alegna Gonz\u00e1lez\u00a0 Los marchistas mexicanos Alegna Gonz\u00e1lez y Andr\u00e9s Olivas, ambos con marca","og_url":"https:\/\/esbozodeportivo.com\/index.php\/2024\/03\/12\/alegna-gonzalez-y-andres-olivas-se-quedan-en-la-sexta-posicion-en-el-criterium-internacional-de-relevo-mixto\/","og_site_name":"Esbozo Deportivo","article_published_time":"2024-03-12T03:54:25+00:00","article_modified_time":"2024-03-12T03:57:58+00:00","og_image":[{"url":"https:\/\/esbozodeportivo.com\/wp-content\/uploads\/2024\/03\/AlegnaGonzalez.jpg","type":"","width":"","height":""}],"author":"Javier De La Cruz","twitter_card":"summary_large_image","twitter_misc":{"Escrito por":"Javier De La Cruz","Tiempo de lectura":"1 minuto"},"schema":{"@context":"https:\/\/schema.org","@graph":[{"@type":"Article","@id":"https:\/\/esbozodeportivo.com\/index.php\/2024\/03\/12\/alegna-gonzalez-y-andres-olivas-se-quedan-en-la-sexta-posicion-en-el-criterium-internacional-de-relevo-mixto\/#article","isPartOf":{"@id":"https:\/\/esbozodeportivo.com\/index.php\/2024\/03\/12\/alegna-gonzalez-y-andres-olivas-se-quedan-en-la-sexta-posicion-en-el-criterium-internacional-de-relevo-mixto\/"},"author":{"name":"Javier De La Cruz","@id":"https:\/\/esbozodeportivo.com\/#\/schema\/person\/7277119c98823aec37bbb84e125efd44"},"headline":"Alegna Gonz\u00e1lez y Andr\u00e9s Olivas se quedan en la sexta posici\u00f3n en el Crit\u00e9rium Internacional de Relevo Mixto","datePublished":"2024-03-12T03:54:25+00:00","dateModified":"2024-03-12T03:57:58+00:00","mainEntityOfPage":{"@id":"https:\/\/esbozodeportivo.com\/index.php\/2024\/03\/12\/alegna-gonzalez-y-andres-olivas-se-quedan-en-la-sexta-posicion-en-el-criterium-internacional-de-relevo-mixto\/"},"wordCount":183,"commentCount":0,"publisher":{"@id":"https:\/\/esbozodeportivo.com\/#organization"},"image":{"@id":"https:\/\/esbozodeportivo.com\/index.php\/2024\/03\/12\/alegna-gonzalez-y-andres-olivas-se-quedan-en-la-sexta-posicion-en-el-criterium-internacional-de-relevo-mixto\/#primaryimage"},"thumbnailUrl":"https:\/\/esbozodeportivo.com\/wp-content\/uploads\/2024\/03\/AlegnaGonzalez.jpg","articleSection":["Amateur"],"inLanguage":"es","potentialAction":[{"@type":"CommentAction","name":"Comment","target":["https:\/\/esbozodeportivo.com\/index.php\/2024\/03\/12\/alegna-gonzalez-y-andres-olivas-se-quedan-en-la-sexta-posicion-en-el-criterium-internacional-de-relevo-mixto\/#respond"]}]},{"@type":"WebPage","@id":"https:\/\/esbozodeportivo.com\/index.php\/2024\/03\/12\/alegna-gonzalez-y-andres-olivas-se-quedan-en-la-sexta-posicion-en-el-criterium-internacional-de-relevo-mixto\/","url":"https:\/\/esbozodeportivo.com\/index.php\/2024\/03\/12\/alegna-gonzalez-y-andres-olivas-se-quedan-en-la-sexta-posicion-en-el-criterium-internacional-de-relevo-mixto\/","name":"Alegna Gonz\u00e1lez y Andr\u00e9s Olivas se quedan en la sexta posici\u00f3n en el Crit\u00e9rium Internacional de Relevo Mixto - Esbozo Deportivo","isPartOf":{"@id":"https:\/\/esbozodeportivo.com\/#website"},"primaryImageOfPage":{"@id":"https:\/\/esbozodeportivo.com\/index.php\/2024\/03\/12\/alegna-gonzalez-y-andres-olivas-se-quedan-en-la-sexta-posicion-en-el-criterium-internacional-de-relevo-mixto\/#primaryimage"},"image":{"@id":"https:\/\/esbozodeportivo.com\/index.php\/2024\/03\/12\/alegna-gonzalez-y-andres-olivas-se-quedan-en-la-sexta-posicion-en-el-criterium-internacional-de-relevo-mixto\/#primaryimage"},"thumbnailUrl":"https:\/\/esbozodeportivo.com\/wp-content\/uploads\/2024\/03\/AlegnaGonzalez.jpg","datePublished":"2024-03-12T03:54:25+00:00","dateModified":"2024-03-12T03:57:58+00:00","breadcrumb":{"@id":"https:\/\/esbozodeportivo.com\/index.php\/2024\/03\/12\/alegna-gonzalez-y-andres-olivas-se-quedan-en-la-sexta-posicion-en-el-criterium-internacional-de-relevo-mixto\/#breadcrumb"},"inLanguage":"es","potentialAction":[{"@type":"ReadAction","target":["https:\/\/esbozodeportivo.com\/index.php\/2024\/03\/12\/alegna-gonzalez-y-andres-olivas-se-quedan-en-la-sexta-posicion-en-el-criterium-internacional-de-relevo-mixto\/"]}]},{"@type":"ImageObject","inLanguage":"es","@id":"https:\/\/esbozodeportivo.com\/index.php\/2024\/03\/12\/alegna-gonzalez-y-andres-olivas-se-quedan-en-la-sexta-posicion-en-el-criterium-internacional-de-relevo-mixto\/#primaryimage","url":"https:\/\/esbozodeportivo.com\/wp-content\/uploads\/2024\/03\/AlegnaGonzalez.jpg","contentUrl":"https:\/\/esbozodeportivo.com\/wp-content\/uploads\/2024\/03\/AlegnaGonzalez.jpg","width":387,"height":414},{"@type":"BreadcrumbList","@id":"https:\/\/esbozodeportivo.com\/index.php\/2024\/03\/12\/alegna-gonzalez-y-andres-olivas-se-quedan-en-la-sexta-posicion-en-el-criterium-internacional-de-relevo-mixto\/#breadcrumb","itemListElement":[{"@type":"ListItem","position":1,"name":"Inicio","item":"https:\/\/esbozodeportivo.com\/"},{"@type":"ListItem","position":2,"name":"Alegna Gonz\u00e1lez y Andr\u00e9s Olivas se quedan en la sexta posici\u00f3n en el Crit\u00e9rium Internacional de Relevo Mixto"}]},{"@type":"WebSite","@id":"https:\/\/esbozodeportivo.com\/#website","url":"https:\/\/esbozodeportivo.com\/","name":"Esbozo Deportivo","description":"Lo m\u00e1s importante del Deporte","publisher":{"@id":"https:\/\/esbozodeportivo.com\/#organization"},"potentialAction":[{"@type":"SearchAction","target":{"@type":"EntryPoint","urlTemplate":"https:\/\/esbozodeportivo.com\/?s={search_term_string}"},"query-input":{"@type":"PropertyValueSpecification","valueRequired":true,"valueName":"search_term_string"}}],"inLanguage":"es"},{"@type":"Organization","@id":"https:\/\/esbozodeportivo.com\/#organization","name":"Esbozo Deportivo","url":"https:\/\/esbozodeportivo.com\/","logo":{"@type":"ImageObject","inLanguage":"es","@id":"https:\/\/esbozodeportivo.com\/#\/schema\/logo\/image\/","url":"https:\/\/esbozodeportivo.com\/wp-content\/uploads\/2022\/08\/cropped-Logo-Esbozo-Web-2.png","contentUrl":"https:\/\/esbozodeportivo.com\/wp-content\/uploads\/2022\/08\/cropped-Logo-Esbozo-Web-2.png","width":180,"height":50,"caption":"Esbozo Deportivo"},"image":{"@id":"https:\/\/esbozodeportivo.com\/#\/schema\/logo\/image\/"}},{"@type":"Person","@id":"https:\/\/esbozodeportivo.com\/#\/schema\/person\/7277119c98823aec37bbb84e125efd44","name":"Javier De La Cruz","image":{"@type":"ImageObject","inLanguage":"es","@id":"https:\/\/esbozodeportivo.com\/#\/schema\/person\/image\/","url":"https:\/\/secure.gravatar.com\/avatar\/366235a56d20f1a6e8e3d0b295897639357bea880470ddf261d17bb0bc052eb1?s=96&d=mm&r=g","contentUrl":"https:\/\/secure.gravatar.com\/avatar\/366235a56d20f1a6e8e3d0b295897639357bea880470ddf261d17bb0bc052eb1?s=96&d=mm&r=g","caption":"Javier De La Cruz"},"url":"https:\/\/esbozodeportivo.com\/index.php\/author\/javier-de-la-cruz-de-la-cruz\/"}]}},"jetpack_featured_media_url":"","jetpack_sharing_enabled":true,"_links":{"self":[{"href":"https:\/\/esbozodeportivo.com\/index.php\/wp-json\/wp\/v2\/posts\/3282","targetHints":{"allow":["GET"]}}],"collection":[{"href":"https:\/\/esbozodeportivo.com\/index.php\/wp-json\/wp\/v2\/posts"}],"about":[{"href":"https:\/\/esbozodeportivo.com\/index.php\/wp-json\/wp\/v2\/types\/post"}],"author":[{"embeddable":true,"href":"https:\/\/esbozodeportivo.com\/index.php\/wp-json\/wp\/v2\/users\/2"}],"replies":[{"embeddable":true,"href":"https:\/\/esbozodeportivo.com\/index.php\/wp-json\/wp\/v2\/comments?post=3282"}],"version-history":[{"count":4,"href":"https:\/\/esbozodeportivo.com\/index.php\/wp-json\/wp\/v2\/posts\/3282\/revisions"}],"predecessor-version":[{"id":3288,"href":"https:\/\/esbozodeportivo.com\/index.php\/wp-json\/wp\/v2\/posts\/3282\/revisions\/3288"}],"wp:attachment":[{"href":"https:\/\/esbozodeportivo.com\/index.php\/wp-json\/wp\/v2\/media?parent=3282"}],"wp:term":[{"taxonomy":"category","embeddable":true,"href":"https:\/\/esbozodeportivo.com\/index.php\/wp-json\/wp\/v2\/categories?post=3282"},{"taxonomy":"post_tag","embeddable":true,"href":"https:\/\/esbozodeportivo.com\/index.php\/wp-json\/wp\/v2\/tags?post=3282"}],"curies":[{"name":"wp","href":"https:\/\/api.w.org\/{rel}","templated":true}]}}