{"id":3289,"date":"2024-03-15T05:39:38","date_gmt":"2024-03-15T05:39:38","guid":{"rendered":"https:\/\/esbozodeportivo.com\/?p=3289"},"modified":"2024-03-15T05:42:57","modified_gmt":"2024-03-15T05:42:57","slug":"este-domingo-17-de-marzo-se-llevara-a-cabo-la-media-maraton-de-zapopan-jalisco","status":"publish","type":"post","link":"https:\/\/esbozodeportivo.com\/index.php\/2024\/03\/15\/este-domingo-17-de-marzo-se-llevara-a-cabo-la-media-maraton-de-zapopan-jalisco\/","title":{"rendered":"Este domingo 17 de marzo se llevar\u00e1 a cabo la Media Marat\u00f3n de Zapopan, Jalisco"},"content":{"rendered":"<style>\/*! elementor - v3.20.0 - 13-03-2024 *\/\n.elementor-widget-image{text-align:center}.elementor-widget-image a{display:inline-block}.elementor-widget-image a img[src$=\".svg\"]{width:48px}.elementor-widget-image img{vertical-align:middle;display:inline-block}<\/style>\n<p>\t\t\t\t\t\t\t\t\t\t<img loading=\"lazy\" decoding=\"async\" width=\"640\" height=\"360\" src=\"https:\/\/esbozodeportivo.com\/wp-content\/uploads\/2024\/03\/52775962274_802f3a640d_c-1.jpg\" alt=\"\" srcset=\"https:\/\/esbozodeportivo.com\/wp-content\/uploads\/2024\/03\/52775962274_802f3a640d_c-1.jpg 800w, https:\/\/esbozodeportivo.com\/wp-content\/uploads\/2024\/03\/52775962274_802f3a640d_c-1-300x169.jpg 300w, https:\/\/esbozodeportivo.com\/wp-content\/uploads\/2024\/03\/52775962274_802f3a640d_c-1-768x432.jpg 768w\" sizes=\"auto, (max-width: 640px) 100vw, 640px\" \/>\t\t\t\t\t\t\t\t\t\t\t\t\t<\/p>\n<p><strong>(Foto: Fedmxatle)<\/strong><strong>\u00a0<\/strong><\/p>\n<p>El pr\u00f3ximo domingo 17 de marzo se disputar\u00e1 el Medio Marat\u00f3n de Zapopan, Jalisco, con la participaci\u00f3n de seis mil corredores de diversas categor\u00edas, incluyendo silla sobre ruedas y ciegos y d\u00e9biles visuales, como parte del programa de promoci\u00f3n e impulso al deporte del gobierno municipal y el Consejo Municipal del Deporte de Zapopan.<\/p>\n<p>El comit\u00e9 organizador del Medio Marat\u00f3n de Zapopan 2024, dio a conocer que se tiene todo dispuesto para llevar a cabo el evento en el que se repartir\u00e1 una bolsa superior a los 250 mil pesos a repartirse entre los primeros cinco lugares de La categor\u00eda libre y tres primeros sitios del resto de las categor\u00edas convocadas en ambas ramas.<\/p>\n<p>\t\t\t\t\t\t\t\t\t\t\t\t\t<img loading=\"lazy\" decoding=\"async\" width=\"640\" height=\"427\" src=\"https:\/\/esbozodeportivo.com\/wp-content\/uploads\/2024\/03\/52772390657_fba44ae959_c.jpg\" alt=\"\" srcset=\"https:\/\/esbozodeportivo.com\/wp-content\/uploads\/2024\/03\/52772390657_fba44ae959_c.jpg 799w, https:\/\/esbozodeportivo.com\/wp-content\/uploads\/2024\/03\/52772390657_fba44ae959_c-300x200.jpg 300w, https:\/\/esbozodeportivo.com\/wp-content\/uploads\/2024\/03\/52772390657_fba44ae959_c-768x512.jpg 768w\" sizes=\"auto, (max-width: 640px) 100vw, 640px\" \/>\t\t\t\t\t\t\t\t\t\t\t\t\t<\/p>\n<p><strong>(Foto: Fedmxatle)<\/strong><strong>\u00a0<\/strong><\/p>\n<p>El certamen, que cuenta con el aval de la Federaci\u00f3n Mexicana de Asociaciones de Atletismo y reconocido en el calendario de la World Athletics, iniciar\u00e1 su recorrido a las 6:30 horas del pr\u00f3ximo domingo 17 de marzo, y tendr\u00e1 paso por las principales avenidas y calles de Zapopan, en el que se espera la convivencia de familias enteras y aficionados a las carreras pedestres.<\/p>\n<p>El recorrido contar\u00e1 con atletas como Isabel Guadalupe Oropeza, con marca personal de 1 hora, 11 minutos y 23 segundos, mientras que\u00a0 Fanny Jaqueline Oropeza, se presenta con 1 hora, 16 minutos y\u00a0 57 segundos, acompa\u00f1adas por Mayra S\u00e1nchez, Marla Valtierra y Vianey de la Rosa\u00a0 en la rama femenil.<\/p>\n<p>\t\t\t\t\t\t\t\t\t\t\t\t\t<img loading=\"lazy\" decoding=\"async\" width=\"640\" height=\"427\" src=\"https:\/\/esbozodeportivo.com\/wp-content\/uploads\/2024\/03\/52775169852_e2bfd4bb6a_c-1.jpg\" alt=\"\" srcset=\"https:\/\/esbozodeportivo.com\/wp-content\/uploads\/2024\/03\/52775169852_e2bfd4bb6a_c-1.jpg 799w, https:\/\/esbozodeportivo.com\/wp-content\/uploads\/2024\/03\/52775169852_e2bfd4bb6a_c-1-300x200.jpg 300w, https:\/\/esbozodeportivo.com\/wp-content\/uploads\/2024\/03\/52775169852_e2bfd4bb6a_c-1-768x512.jpg 768w\" sizes=\"auto, (max-width: 640px) 100vw, 640px\" \/>\t\t\t\t\t\t\t\t\t\t\t\t\t<\/p>\n<p><strong>(Foto: Fedmxatle)<\/strong><strong>\u00a0<\/strong><\/p>\n<p>Mientras que en la varonil aparecen en la lista los corredores encabezados por Rodrigo Elizalde y Jos\u00e9 Antonio Uribe, entre otros, quienes buscar\u00e1n ascender en el podio de este evento que forma parte del programa deportivo del COMUDE en Zapopan.<\/p>\n<p>La legi\u00f3n africana estar\u00e1 formada por los fondistas Rodgers Ondati, Julius Koskei, Leah Jebiwot y Eliud Kosgei, entre otros corredores internacionales.<\/p>\n<p>\u00a0<\/p>\n","protected":false},"excerpt":{"rendered":"<p>(Foto: Fedmxatle)\u00a0 El pr\u00f3ximo domingo 17 de marzo se disputar\u00e1 el Medio Marat\u00f3n de Zapopan,<\/p>\n","protected":false},"author":2,"featured_media":0,"comment_status":"open","ping_status":"open","sticky":false,"template":"","format":"standard","meta":{"_jetpack_memberships_contains_paid_content":false,"footnotes":""},"categories":[5],"tags":[],"class_list":["post-3289","post","type-post","status-publish","format-standard","hentry","category-amateur"],"yoast_head":"<!-- This site is optimized with the Yoast SEO plugin v25.7 - https:\/\/yoast.com\/wordpress\/plugins\/seo\/ -->\n<title>Este domingo 17 de marzo se llevar\u00e1 a cabo la Media Marat\u00f3n de Zapopan, Jalisco - Esbozo Deportivo<\/title>\n<meta name=\"robots\" content=\"index, follow, max-snippet:-1, max-image-preview:large, max-video-preview:-1\" \/>\n<link rel=\"canonical\" href=\"https:\/\/esbozodeportivo.com\/index.php\/2024\/03\/15\/este-domingo-17-de-marzo-se-llevara-a-cabo-la-media-maraton-de-zapopan-jalisco\/\" \/>\n<meta property=\"og:locale\" content=\"es_MX\" \/>\n<meta property=\"og:type\" content=\"article\" \/>\n<meta property=\"og:title\" content=\"Este domingo 17 de marzo se llevar\u00e1 a cabo la Media Marat\u00f3n de Zapopan, Jalisco - Esbozo Deportivo\" \/>\n<meta property=\"og:description\" content=\"(Foto: Fedmxatle)\u00a0 El pr\u00f3ximo domingo 17 de marzo se disputar\u00e1 el Medio Marat\u00f3n de Zapopan,\" \/>\n<meta property=\"og:url\" content=\"https:\/\/esbozodeportivo.com\/index.php\/2024\/03\/15\/este-domingo-17-de-marzo-se-llevara-a-cabo-la-media-maraton-de-zapopan-jalisco\/\" \/>\n<meta property=\"og:site_name\" content=\"Esbozo Deportivo\" \/>\n<meta property=\"article:published_time\" content=\"2024-03-15T05:39:38+00:00\" \/>\n<meta property=\"article:modified_time\" content=\"2024-03-15T05:42:57+00:00\" \/>\n<meta property=\"og:image\" content=\"https:\/\/esbozodeportivo.com\/wp-content\/uploads\/2024\/03\/52775962274_802f3a640d_c-1.jpg\" \/>\n<meta name=\"author\" content=\"Javier De La Cruz\" \/>\n<meta name=\"twitter:card\" content=\"summary_large_image\" \/>\n<meta name=\"twitter:label1\" content=\"Escrito por\" \/>\n\t<meta name=\"twitter:data1\" content=\"Javier De La Cruz\" \/>\n\t<meta name=\"twitter:label2\" content=\"Tiempo de lectura\" \/>\n\t<meta name=\"twitter:data2\" content=\"1 minuto\" \/>\n<script type=\"application\/ld+json\" class=\"yoast-schema-graph\">{\"@context\":\"https:\/\/schema.org\",\"@graph\":[{\"@type\":\"Article\",\"@id\":\"https:\/\/esbozodeportivo.com\/index.php\/2024\/03\/15\/este-domingo-17-de-marzo-se-llevara-a-cabo-la-media-maraton-de-zapopan-jalisco\/#article\",\"isPartOf\":{\"@id\":\"https:\/\/esbozodeportivo.com\/index.php\/2024\/03\/15\/este-domingo-17-de-marzo-se-llevara-a-cabo-la-media-maraton-de-zapopan-jalisco\/\"},\"author\":{\"name\":\"Javier De La Cruz\",\"@id\":\"https:\/\/esbozodeportivo.com\/#\/schema\/person\/7277119c98823aec37bbb84e125efd44\"},\"headline\":\"Este domingo 17 de marzo se llevar\u00e1 a cabo la Media Marat\u00f3n de Zapopan, Jalisco\",\"datePublished\":\"2024-03-15T05:39:38+00:00\",\"dateModified\":\"2024-03-15T05:42:57+00:00\",\"mainEntityOfPage\":{\"@id\":\"https:\/\/esbozodeportivo.com\/index.php\/2024\/03\/15\/este-domingo-17-de-marzo-se-llevara-a-cabo-la-media-maraton-de-zapopan-jalisco\/\"},\"wordCount\":314,\"commentCount\":0,\"publisher\":{\"@id\":\"https:\/\/esbozodeportivo.com\/#organization\"},\"image\":{\"@id\":\"https:\/\/esbozodeportivo.com\/index.php\/2024\/03\/15\/este-domingo-17-de-marzo-se-llevara-a-cabo-la-media-maraton-de-zapopan-jalisco\/#primaryimage\"},\"thumbnailUrl\":\"https:\/\/esbozodeportivo.com\/wp-content\/uploads\/2024\/03\/52775962274_802f3a640d_c-1.jpg\",\"articleSection\":[\"Amateur\"],\"inLanguage\":\"es\",\"potentialAction\":[{\"@type\":\"CommentAction\",\"name\":\"Comment\",\"target\":[\"https:\/\/esbozodeportivo.com\/index.php\/2024\/03\/15\/este-domingo-17-de-marzo-se-llevara-a-cabo-la-media-maraton-de-zapopan-jalisco\/#respond\"]}]},{\"@type\":\"WebPage\",\"@id\":\"https:\/\/esbozodeportivo.com\/index.php\/2024\/03\/15\/este-domingo-17-de-marzo-se-llevara-a-cabo-la-media-maraton-de-zapopan-jalisco\/\",\"url\":\"https:\/\/esbozodeportivo.com\/index.php\/2024\/03\/15\/este-domingo-17-de-marzo-se-llevara-a-cabo-la-media-maraton-de-zapopan-jalisco\/\",\"name\":\"Este domingo 17 de marzo se llevar\u00e1 a cabo la Media Marat\u00f3n de Zapopan, Jalisco - Esbozo Deportivo\",\"isPartOf\":{\"@id\":\"https:\/\/esbozodeportivo.com\/#website\"},\"primaryImageOfPage\":{\"@id\":\"https:\/\/esbozodeportivo.com\/index.php\/2024\/03\/15\/este-domingo-17-de-marzo-se-llevara-a-cabo-la-media-maraton-de-zapopan-jalisco\/#primaryimage\"},\"image\":{\"@id\":\"https:\/\/esbozodeportivo.com\/index.php\/2024\/03\/15\/este-domingo-17-de-marzo-se-llevara-a-cabo-la-media-maraton-de-zapopan-jalisco\/#primaryimage\"},\"thumbnailUrl\":\"https:\/\/esbozodeportivo.com\/wp-content\/uploads\/2024\/03\/52775962274_802f3a640d_c-1.jpg\",\"datePublished\":\"2024-03-15T05:39:38+00:00\",\"dateModified\":\"2024-03-15T05:42:57+00:00\",\"breadcrumb\":{\"@id\":\"https:\/\/esbozodeportivo.com\/index.php\/2024\/03\/15\/este-domingo-17-de-marzo-se-llevara-a-cabo-la-media-maraton-de-zapopan-jalisco\/#breadcrumb\"},\"inLanguage\":\"es\",\"potentialAction\":[{\"@type\":\"ReadAction\",\"target\":[\"https:\/\/esbozodeportivo.com\/index.php\/2024\/03\/15\/este-domingo-17-de-marzo-se-llevara-a-cabo-la-media-maraton-de-zapopan-jalisco\/\"]}]},{\"@type\":\"ImageObject\",\"inLanguage\":\"es\",\"@id\":\"https:\/\/esbozodeportivo.com\/index.php\/2024\/03\/15\/este-domingo-17-de-marzo-se-llevara-a-cabo-la-media-maraton-de-zapopan-jalisco\/#primaryimage\",\"url\":\"https:\/\/esbozodeportivo.com\/wp-content\/uploads\/2024\/03\/52775962274_802f3a640d_c-1.jpg\",\"contentUrl\":\"https:\/\/esbozodeportivo.com\/wp-content\/uploads\/2024\/03\/52775962274_802f3a640d_c-1.jpg\",\"width\":800,\"height\":450},{\"@type\":\"BreadcrumbList\",\"@id\":\"https:\/\/esbozodeportivo.com\/index.php\/2024\/03\/15\/este-domingo-17-de-marzo-se-llevara-a-cabo-la-media-maraton-de-zapopan-jalisco\/#breadcrumb\",\"itemListElement\":[{\"@type\":\"ListItem\",\"position\":1,\"name\":\"Inicio\",\"item\":\"https:\/\/esbozodeportivo.com\/\"},{\"@type\":\"ListItem\",\"position\":2,\"name\":\"Este domingo 17 de marzo se llevar\u00e1 a cabo la Media Marat\u00f3n de Zapopan, Jalisco\"}]},{\"@type\":\"WebSite\",\"@id\":\"https:\/\/esbozodeportivo.com\/#website\",\"url\":\"https:\/\/esbozodeportivo.com\/\",\"name\":\"Esbozo Deportivo\",\"description\":\"Lo m\u00e1s importante del Deporte\",\"publisher\":{\"@id\":\"https:\/\/esbozodeportivo.com\/#organization\"},\"potentialAction\":[{\"@type\":\"SearchAction\",\"target\":{\"@type\":\"EntryPoint\",\"urlTemplate\":\"https:\/\/esbozodeportivo.com\/?s={search_term_string}\"},\"query-input\":{\"@type\":\"PropertyValueSpecification\",\"valueRequired\":true,\"valueName\":\"search_term_string\"}}],\"inLanguage\":\"es\"},{\"@type\":\"Organization\",\"@id\":\"https:\/\/esbozodeportivo.com\/#organization\",\"name\":\"Esbozo Deportivo\",\"url\":\"https:\/\/esbozodeportivo.com\/\",\"logo\":{\"@type\":\"ImageObject\",\"inLanguage\":\"es\",\"@id\":\"https:\/\/esbozodeportivo.com\/#\/schema\/logo\/image\/\",\"url\":\"https:\/\/esbozodeportivo.com\/wp-content\/uploads\/2022\/08\/cropped-Logo-Esbozo-Web-2.png\",\"contentUrl\":\"https:\/\/esbozodeportivo.com\/wp-content\/uploads\/2022\/08\/cropped-Logo-Esbozo-Web-2.png\",\"width\":180,\"height\":50,\"caption\":\"Esbozo Deportivo\"},\"image\":{\"@id\":\"https:\/\/esbozodeportivo.com\/#\/schema\/logo\/image\/\"}},{\"@type\":\"Person\",\"@id\":\"https:\/\/esbozodeportivo.com\/#\/schema\/person\/7277119c98823aec37bbb84e125efd44\",\"name\":\"Javier De La Cruz\",\"image\":{\"@type\":\"ImageObject\",\"inLanguage\":\"es\",\"@id\":\"https:\/\/esbozodeportivo.com\/#\/schema\/person\/image\/\",\"url\":\"https:\/\/secure.gravatar.com\/avatar\/366235a56d20f1a6e8e3d0b295897639357bea880470ddf261d17bb0bc052eb1?s=96&d=mm&r=g\",\"contentUrl\":\"https:\/\/secure.gravatar.com\/avatar\/366235a56d20f1a6e8e3d0b295897639357bea880470ddf261d17bb0bc052eb1?s=96&d=mm&r=g\",\"caption\":\"Javier De La Cruz\"},\"url\":\"https:\/\/esbozodeportivo.com\/index.php\/author\/javier-de-la-cruz-de-la-cruz\/\"}]}<\/script>\n<!-- \/ Yoast SEO plugin. -->","yoast_head_json":{"title":"Este domingo 17 de marzo se llevar\u00e1 a cabo la Media Marat\u00f3n de Zapopan, Jalisco - Esbozo Deportivo","robots":{"index":"index","follow":"follow","max-snippet":"max-snippet:-1","max-image-preview":"max-image-preview:large","max-video-preview":"max-video-preview:-1"},"canonical":"https:\/\/esbozodeportivo.com\/index.php\/2024\/03\/15\/este-domingo-17-de-marzo-se-llevara-a-cabo-la-media-maraton-de-zapopan-jalisco\/","og_locale":"es_MX","og_type":"article","og_title":"Este domingo 17 de marzo se llevar\u00e1 a cabo la Media Marat\u00f3n de Zapopan, Jalisco - Esbozo Deportivo","og_description":"(Foto: Fedmxatle)\u00a0 El pr\u00f3ximo domingo 17 de marzo se disputar\u00e1 el Medio Marat\u00f3n de Zapopan,","og_url":"https:\/\/esbozodeportivo.com\/index.php\/2024\/03\/15\/este-domingo-17-de-marzo-se-llevara-a-cabo-la-media-maraton-de-zapopan-jalisco\/","og_site_name":"Esbozo Deportivo","article_published_time":"2024-03-15T05:39:38+00:00","article_modified_time":"2024-03-15T05:42:57+00:00","og_image":[{"url":"https:\/\/esbozodeportivo.com\/wp-content\/uploads\/2024\/03\/52775962274_802f3a640d_c-1.jpg","type":"","width":"","height":""}],"author":"Javier De La Cruz","twitter_card":"summary_large_image","twitter_misc":{"Escrito por":"Javier De La Cruz","Tiempo de lectura":"1 minuto"},"schema":{"@context":"https:\/\/schema.org","@graph":[{"@type":"Article","@id":"https:\/\/esbozodeportivo.com\/index.php\/2024\/03\/15\/este-domingo-17-de-marzo-se-llevara-a-cabo-la-media-maraton-de-zapopan-jalisco\/#article","isPartOf":{"@id":"https:\/\/esbozodeportivo.com\/index.php\/2024\/03\/15\/este-domingo-17-de-marzo-se-llevara-a-cabo-la-media-maraton-de-zapopan-jalisco\/"},"author":{"name":"Javier De La Cruz","@id":"https:\/\/esbozodeportivo.com\/#\/schema\/person\/7277119c98823aec37bbb84e125efd44"},"headline":"Este domingo 17 de marzo se llevar\u00e1 a cabo la Media Marat\u00f3n de Zapopan, Jalisco","datePublished":"2024-03-15T05:39:38+00:00","dateModified":"2024-03-15T05:42:57+00:00","mainEntityOfPage":{"@id":"https:\/\/esbozodeportivo.com\/index.php\/2024\/03\/15\/este-domingo-17-de-marzo-se-llevara-a-cabo-la-media-maraton-de-zapopan-jalisco\/"},"wordCount":314,"commentCount":0,"publisher":{"@id":"https:\/\/esbozodeportivo.com\/#organization"},"image":{"@id":"https:\/\/esbozodeportivo.com\/index.php\/2024\/03\/15\/este-domingo-17-de-marzo-se-llevara-a-cabo-la-media-maraton-de-zapopan-jalisco\/#primaryimage"},"thumbnailUrl":"https:\/\/esbozodeportivo.com\/wp-content\/uploads\/2024\/03\/52775962274_802f3a640d_c-1.jpg","articleSection":["Amateur"],"inLanguage":"es","potentialAction":[{"@type":"CommentAction","name":"Comment","target":["https:\/\/esbozodeportivo.com\/index.php\/2024\/03\/15\/este-domingo-17-de-marzo-se-llevara-a-cabo-la-media-maraton-de-zapopan-jalisco\/#respond"]}]},{"@type":"WebPage","@id":"https:\/\/esbozodeportivo.com\/index.php\/2024\/03\/15\/este-domingo-17-de-marzo-se-llevara-a-cabo-la-media-maraton-de-zapopan-jalisco\/","url":"https:\/\/esbozodeportivo.com\/index.php\/2024\/03\/15\/este-domingo-17-de-marzo-se-llevara-a-cabo-la-media-maraton-de-zapopan-jalisco\/","name":"Este domingo 17 de marzo se llevar\u00e1 a cabo la Media Marat\u00f3n de Zapopan, Jalisco - Esbozo Deportivo","isPartOf":{"@id":"https:\/\/esbozodeportivo.com\/#website"},"primaryImageOfPage":{"@id":"https:\/\/esbozodeportivo.com\/index.php\/2024\/03\/15\/este-domingo-17-de-marzo-se-llevara-a-cabo-la-media-maraton-de-zapopan-jalisco\/#primaryimage"},"image":{"@id":"https:\/\/esbozodeportivo.com\/index.php\/2024\/03\/15\/este-domingo-17-de-marzo-se-llevara-a-cabo-la-media-maraton-de-zapopan-jalisco\/#primaryimage"},"thumbnailUrl":"https:\/\/esbozodeportivo.com\/wp-content\/uploads\/2024\/03\/52775962274_802f3a640d_c-1.jpg","datePublished":"2024-03-15T05:39:38+00:00","dateModified":"2024-03-15T05:42:57+00:00","breadcrumb":{"@id":"https:\/\/esbozodeportivo.com\/index.php\/2024\/03\/15\/este-domingo-17-de-marzo-se-llevara-a-cabo-la-media-maraton-de-zapopan-jalisco\/#breadcrumb"},"inLanguage":"es","potentialAction":[{"@type":"ReadAction","target":["https:\/\/esbozodeportivo.com\/index.php\/2024\/03\/15\/este-domingo-17-de-marzo-se-llevara-a-cabo-la-media-maraton-de-zapopan-jalisco\/"]}]},{"@type":"ImageObject","inLanguage":"es","@id":"https:\/\/esbozodeportivo.com\/index.php\/2024\/03\/15\/este-domingo-17-de-marzo-se-llevara-a-cabo-la-media-maraton-de-zapopan-jalisco\/#primaryimage","url":"https:\/\/esbozodeportivo.com\/wp-content\/uploads\/2024\/03\/52775962274_802f3a640d_c-1.jpg","contentUrl":"https:\/\/esbozodeportivo.com\/wp-content\/uploads\/2024\/03\/52775962274_802f3a640d_c-1.jpg","width":800,"height":450},{"@type":"BreadcrumbList","@id":"https:\/\/esbozodeportivo.com\/index.php\/2024\/03\/15\/este-domingo-17-de-marzo-se-llevara-a-cabo-la-media-maraton-de-zapopan-jalisco\/#breadcrumb","itemListElement":[{"@type":"ListItem","position":1,"name":"Inicio","item":"https:\/\/esbozodeportivo.com\/"},{"@type":"ListItem","position":2,"name":"Este domingo 17 de marzo se llevar\u00e1 a cabo la Media Marat\u00f3n de Zapopan, Jalisco"}]},{"@type":"WebSite","@id":"https:\/\/esbozodeportivo.com\/#website","url":"https:\/\/esbozodeportivo.com\/","name":"Esbozo Deportivo","description":"Lo m\u00e1s importante del Deporte","publisher":{"@id":"https:\/\/esbozodeportivo.com\/#organization"},"potentialAction":[{"@type":"SearchAction","target":{"@type":"EntryPoint","urlTemplate":"https:\/\/esbozodeportivo.com\/?s={search_term_string}"},"query-input":{"@type":"PropertyValueSpecification","valueRequired":true,"valueName":"search_term_string"}}],"inLanguage":"es"},{"@type":"Organization","@id":"https:\/\/esbozodeportivo.com\/#organization","name":"Esbozo Deportivo","url":"https:\/\/esbozodeportivo.com\/","logo":{"@type":"ImageObject","inLanguage":"es","@id":"https:\/\/esbozodeportivo.com\/#\/schema\/logo\/image\/","url":"https:\/\/esbozodeportivo.com\/wp-content\/uploads\/2022\/08\/cropped-Logo-Esbozo-Web-2.png","contentUrl":"https:\/\/esbozodeportivo.com\/wp-content\/uploads\/2022\/08\/cropped-Logo-Esbozo-Web-2.png","width":180,"height":50,"caption":"Esbozo Deportivo"},"image":{"@id":"https:\/\/esbozodeportivo.com\/#\/schema\/logo\/image\/"}},{"@type":"Person","@id":"https:\/\/esbozodeportivo.com\/#\/schema\/person\/7277119c98823aec37bbb84e125efd44","name":"Javier De La Cruz","image":{"@type":"ImageObject","inLanguage":"es","@id":"https:\/\/esbozodeportivo.com\/#\/schema\/person\/image\/","url":"https:\/\/secure.gravatar.com\/avatar\/366235a56d20f1a6e8e3d0b295897639357bea880470ddf261d17bb0bc052eb1?s=96&d=mm&r=g","contentUrl":"https:\/\/secure.gravatar.com\/avatar\/366235a56d20f1a6e8e3d0b295897639357bea880470ddf261d17bb0bc052eb1?s=96&d=mm&r=g","caption":"Javier De La Cruz"},"url":"https:\/\/esbozodeportivo.com\/index.php\/author\/javier-de-la-cruz-de-la-cruz\/"}]}},"jetpack_featured_media_url":"","jetpack_sharing_enabled":true,"_links":{"self":[{"href":"https:\/\/esbozodeportivo.com\/index.php\/wp-json\/wp\/v2\/posts\/3289","targetHints":{"allow":["GET"]}}],"collection":[{"href":"https:\/\/esbozodeportivo.com\/index.php\/wp-json\/wp\/v2\/posts"}],"about":[{"href":"https:\/\/esbozodeportivo.com\/index.php\/wp-json\/wp\/v2\/types\/post"}],"author":[{"embeddable":true,"href":"https:\/\/esbozodeportivo.com\/index.php\/wp-json\/wp\/v2\/users\/2"}],"replies":[{"embeddable":true,"href":"https:\/\/esbozodeportivo.com\/index.php\/wp-json\/wp\/v2\/comments?post=3289"}],"version-history":[{"count":4,"href":"https:\/\/esbozodeportivo.com\/index.php\/wp-json\/wp\/v2\/posts\/3289\/revisions"}],"predecessor-version":[{"id":3296,"href":"https:\/\/esbozodeportivo.com\/index.php\/wp-json\/wp\/v2\/posts\/3289\/revisions\/3296"}],"wp:attachment":[{"href":"https:\/\/esbozodeportivo.com\/index.php\/wp-json\/wp\/v2\/media?parent=3289"}],"wp:term":[{"taxonomy":"category","embeddable":true,"href":"https:\/\/esbozodeportivo.com\/index.php\/wp-json\/wp\/v2\/categories?post=3289"},{"taxonomy":"post_tag","embeddable":true,"href":"https:\/\/esbozodeportivo.com\/index.php\/wp-json\/wp\/v2\/tags?post=3289"}],"curies":[{"name":"wp","href":"https:\/\/api.w.org\/{rel}","templated":true}]}}