{"id":3366,"date":"2024-04-10T06:50:16","date_gmt":"2024-04-10T06:50:16","guid":{"rendered":"https:\/\/esbozodeportivo.com\/?p=3366"},"modified":"2024-04-10T06:56:27","modified_gmt":"2024-04-10T06:56:27","slug":"relevo-mixto-4x400-califico-al-campeonato-mundial-en-bahamas","status":"publish","type":"post","link":"https:\/\/esbozodeportivo.com\/index.php\/2024\/04\/10\/relevo-mixto-4x400-califico-al-campeonato-mundial-en-bahamas\/","title":{"rendered":"Relevo mixto 4&#215;400 calific\u00f3 al Campeonato Mundial en Bahamas"},"content":{"rendered":"<style>\/*! elementor - v3.20.0 - 26-03-2024 *\/\n.elementor-widget-image{text-align:center}.elementor-widget-image a{display:inline-block}.elementor-widget-image a img[src$=\".svg\"]{width:48px}.elementor-widget-image img{vertical-align:middle;display:inline-block}<\/style>\n<p>\t\t\t\t\t\t\t\t\t\t<img loading=\"lazy\" decoding=\"async\" width=\"640\" height=\"427\" src=\"https:\/\/esbozodeportivo.com\/wp-content\/uploads\/2024\/04\/IMG-20240405-WA0058-1024x683.jpg\" alt=\"\" srcset=\"https:\/\/esbozodeportivo.com\/wp-content\/uploads\/2024\/04\/IMG-20240405-WA0058-1024x683.jpg 1024w, https:\/\/esbozodeportivo.com\/wp-content\/uploads\/2024\/04\/IMG-20240405-WA0058-300x200.jpg 300w, https:\/\/esbozodeportivo.com\/wp-content\/uploads\/2024\/04\/IMG-20240405-WA0058-768x512.jpg 768w, https:\/\/esbozodeportivo.com\/wp-content\/uploads\/2024\/04\/IMG-20240405-WA0058-1536x1024.jpg 1536w, https:\/\/esbozodeportivo.com\/wp-content\/uploads\/2024\/04\/IMG-20240405-WA0058.jpg 1599w\" sizes=\"auto, (max-width: 640px) 100vw, 640px\" \/>\t\t\t\t\t\t\t\t\t\t\t\t\t<\/p>\n<p><strong>(Foto: Fedmxatle)<\/strong><strong>\u00a0<\/strong><\/p>\n<p>El relevo mixto mexicano, integrado por Paola Mor\u00e1n, Mariana Gancedo, Valente Mendoza, Luis Antonio Avil\u00e9s, se clasific\u00f3 al Campeonato Mundial de Carrera de Relevos, que se llevar\u00e1 a cabo en Bahamas en mayo y adem\u00e1s impuso r\u00e9cord nacional en la prueba, con tiempo de 3:14.20 minutos y deja tras el anterior que impuesto a\u00f1o pasado en Puebla que era de 3:17.83\u00a0\u00a0<\/p>\n<p>\t\t\t\t\t\t\t\t\t\t\t\t\t<img loading=\"lazy\" decoding=\"async\" width=\"640\" height=\"427\" src=\"https:\/\/esbozodeportivo.com\/wp-content\/uploads\/2024\/04\/IMG-20240405-WA0056-1024x683.jpg\" alt=\"\" srcset=\"https:\/\/esbozodeportivo.com\/wp-content\/uploads\/2024\/04\/IMG-20240405-WA0056-1024x683.jpg 1024w, https:\/\/esbozodeportivo.com\/wp-content\/uploads\/2024\/04\/IMG-20240405-WA0056-300x200.jpg 300w, https:\/\/esbozodeportivo.com\/wp-content\/uploads\/2024\/04\/IMG-20240405-WA0056-768x512.jpg 768w, https:\/\/esbozodeportivo.com\/wp-content\/uploads\/2024\/04\/IMG-20240405-WA0056-1536x1024.jpg 1536w, https:\/\/esbozodeportivo.com\/wp-content\/uploads\/2024\/04\/IMG-20240405-WA0056.jpg 1599w\" sizes=\"auto, (max-width: 640px) 100vw, 640px\" \/>\t\t\t\t\t\t\t\t\t\t\t\t\t<\/p>\n<p><strong>(Foto: Fedmxatle)<\/strong><strong>\u00a0<\/strong><\/p>\n<p>Con una gran carrera en la pista del Centro Deportivo Ol\u00edmpico Mexicano (CDOM), los corredores coronaron su actuaci\u00f3n en el marco del Encuentro FMAA de Relevos, Pista y Campo \u201cProfesor C\u00e9sar Moreno Bravo 2024\u201d, al imponerse a la cuarteta de Colombia en el cierre de la competencia que reuni\u00f3 a selecciones de Paraguay y El Salvador.<\/p>\n<p>\u00a0<\/p>\n<p>\t\t\t\t\t\t\t\t\t\t\t\t\t<img loading=\"lazy\" decoding=\"async\" width=\"640\" height=\"427\" src=\"https:\/\/esbozodeportivo.com\/wp-content\/uploads\/2024\/04\/IMG-20240405-WA0051-1024x683.jpg\" alt=\"\" srcset=\"https:\/\/esbozodeportivo.com\/wp-content\/uploads\/2024\/04\/IMG-20240405-WA0051-1024x683.jpg 1024w, https:\/\/esbozodeportivo.com\/wp-content\/uploads\/2024\/04\/IMG-20240405-WA0051-300x200.jpg 300w, https:\/\/esbozodeportivo.com\/wp-content\/uploads\/2024\/04\/IMG-20240405-WA0051-768x512.jpg 768w, https:\/\/esbozodeportivo.com\/wp-content\/uploads\/2024\/04\/IMG-20240405-WA0051-1536x1024.jpg 1536w, https:\/\/esbozodeportivo.com\/wp-content\/uploads\/2024\/04\/IMG-20240405-WA0051.jpg 1599w\" sizes=\"auto, (max-width: 640px) 100vw, 640px\" \/>\t\t\t\t\t\t\t\t\t\t\t\t\t<\/p>\n<p><strong>(Foto: Fedmxatle)<\/strong><strong>\u00a0<\/strong><\/p>\n<p>De esta manera, Valente Mendoza, Mariana Gancedo, Luis Antonio Avil\u00e9s y Paola Mor\u00e1n lograron su pase al Campeonato Mundial de Relevos, en donde ir\u00e1n en busca de la plaza a los Juegos Ol\u00edmpicos Par\u00eds 2024.<\/p>\n<p>El equipo colombiano de Alejandro Perlaza, Esther Licona, Nicol\u00e1s Salinas y Jazm\u00edn Aguilar detuvo el crono en 3:14.48 minutos, en una contienda en donde exigieron a los mexicanos a mejorar su tiempo y de esta manera consumar su objetivo mundialista.<\/p>\n<p>\u00a0<\/p>\n<p>\t\t\t\t\t\t\t\t\t\t\t\t\t<img loading=\"lazy\" decoding=\"async\" width=\"640\" height=\"480\" src=\"https:\/\/esbozodeportivo.com\/wp-content\/uploads\/2024\/04\/IMG_20240407_151116-1024x768.jpg\" alt=\"\" srcset=\"https:\/\/esbozodeportivo.com\/wp-content\/uploads\/2024\/04\/IMG_20240407_151116-1024x768.jpg 1024w, https:\/\/esbozodeportivo.com\/wp-content\/uploads\/2024\/04\/IMG_20240407_151116-300x225.jpg 300w, https:\/\/esbozodeportivo.com\/wp-content\/uploads\/2024\/04\/IMG_20240407_151116-768x576.jpg 768w, https:\/\/esbozodeportivo.com\/wp-content\/uploads\/2024\/04\/IMG_20240407_151116-1536x1152.jpg 1536w, https:\/\/esbozodeportivo.com\/wp-content\/uploads\/2024\/04\/IMG_20240407_151116-2048x1536.jpg 2048w\" sizes=\"auto, (max-width: 640px) 100vw, 640px\" \/>\t\t\t\t\t\t\t\t\t\t\t\t\t<\/p>\n<p><strong>(Foto: Fedmxatle)<\/strong><strong>\u00a0<\/strong><\/p>\n<p>El otro cuarteto mexicano se ubic\u00f3 en el tercer puesto al detener el reloj en 3:22.17 con Alejandro Delgado, M\u00f3nica R\u00edos, Edgar Ram\u00edrez y Sof\u00eda Pineda.<\/p>\n<p>\u201cEstamos contentos por este resultado por estar clasificados al Mundial y por el nuevo record nacional. Tambi\u00e9n es un tiempo de Juegos Ol\u00edmpicos y hay que seguir trabajando para mejorar\u201d, dijo Luis Antonio Avil\u00e9s, quien fue el tercer relevo en esta ocasi\u00f3n.<\/p>\n<p>\t\t\t\t\t\t\t\t\t\t\t\t\t<img loading=\"lazy\" decoding=\"async\" width=\"640\" height=\"480\" src=\"https:\/\/esbozodeportivo.com\/wp-content\/uploads\/2024\/04\/IMG_20240407_150807-1024x768.jpg\" alt=\"\" srcset=\"https:\/\/esbozodeportivo.com\/wp-content\/uploads\/2024\/04\/IMG_20240407_150807-1024x768.jpg 1024w, https:\/\/esbozodeportivo.com\/wp-content\/uploads\/2024\/04\/IMG_20240407_150807-300x225.jpg 300w, https:\/\/esbozodeportivo.com\/wp-content\/uploads\/2024\/04\/IMG_20240407_150807-768x576.jpg 768w, https:\/\/esbozodeportivo.com\/wp-content\/uploads\/2024\/04\/IMG_20240407_150807-1536x1152.jpg 1536w, https:\/\/esbozodeportivo.com\/wp-content\/uploads\/2024\/04\/IMG_20240407_150807-2048x1536.jpg 2048w\" sizes=\"auto, (max-width: 640px) 100vw, 640px\" \/>\t\t\t\t\t\t\t\t\t\t\t\t\t<\/p>\n<p><strong>(Foto: Fedmxatle)<\/strong><strong>\u00a0<\/strong><\/p>\n<p>Ahora el reto de Avil\u00e9s est\u00e1 trazado en el relevo mixto que ir\u00e1 al Campeonato Mundial de Relevos en Nassau, Bahamas el 4 y 5 de mayo pr\u00f3ximo bajo el auspicio de la World Athletics en donde los 16 mejores elencos estar\u00e1n en la cita ol\u00edmpica de Par\u00eds 2024. Adem\u00e1s el relevo masculino tambi\u00e9n ver\u00e1 acci\u00f3n en este certamen mundial.<\/p>\n<p>En \u00faltima jornada del Encuentro FMAA de Relevos, Pista y Campo \u201cC\u00e9sar Moreno Bravo, sobre la pista del CDOM, en los cinco mil metros sub 20, el ganador fue Tlatoani Rosales con 15.33.66 minutos, seguido de \u00c1ngel Barrera con 16:18.99 y de Salvador Torres con 16:19.38.<\/p>\n<p>\t\t\t\t\t\t\t\t\t\t\t\t\t<img loading=\"lazy\" decoding=\"async\" width=\"640\" height=\"480\" src=\"https:\/\/esbozodeportivo.com\/wp-content\/uploads\/2024\/04\/IMG_20240407_150749-1024x768.jpg\" alt=\"\" srcset=\"https:\/\/esbozodeportivo.com\/wp-content\/uploads\/2024\/04\/IMG_20240407_150749-1024x768.jpg 1024w, https:\/\/esbozodeportivo.com\/wp-content\/uploads\/2024\/04\/IMG_20240407_150749-300x225.jpg 300w, https:\/\/esbozodeportivo.com\/wp-content\/uploads\/2024\/04\/IMG_20240407_150749-768x576.jpg 768w, https:\/\/esbozodeportivo.com\/wp-content\/uploads\/2024\/04\/IMG_20240407_150749-1536x1152.jpg 1536w, https:\/\/esbozodeportivo.com\/wp-content\/uploads\/2024\/04\/IMG_20240407_150749-2048x1536.jpg 2048w\" sizes=\"auto, (max-width: 640px) 100vw, 640px\" \/>\t\t\t\t\t\t\t\t\t\t\t\t\t<\/p>\n<p><strong>(Foto: Fedmxatle)<\/strong><strong>\u00a0<\/strong><\/p>\n<p>Mientras que en la categor\u00eda Libre, el vencedor fue Gustavo Rebollo con 16:23.11, en segundo arrib\u00f3 Javier Romero con 16:58.50 y de David Flores con 17:55.91 y en la femenil en el mismo rubro, la ganadora fue Adriana Arce con 21:01.61, la segunda plaza fue para Valeria Celaya con 21:12.91 y en tercero termin\u00f3 Erika Cuevas con 21:20.78.<\/p>\n<p>\u00a0<\/p>\n","protected":false},"excerpt":{"rendered":"<p>(Foto: Fedmxatle)\u00a0 El relevo mixto mexicano, integrado por Paola Mor\u00e1n, Mariana Gancedo, Valente Mendoza, Luis<\/p>\n","protected":false},"author":2,"featured_media":0,"comment_status":"open","ping_status":"open","sticky":false,"template":"","format":"standard","meta":{"_jetpack_memberships_contains_paid_content":false,"footnotes":""},"categories":[5],"tags":[],"class_list":["post-3366","post","type-post","status-publish","format-standard","hentry","category-amateur"],"yoast_head":"<!-- This site is optimized with the Yoast SEO plugin v25.7 - https:\/\/yoast.com\/wordpress\/plugins\/seo\/ -->\n<title>Relevo mixto 4x400 calific\u00f3 al Campeonato Mundial en Bahamas - Esbozo Deportivo<\/title>\n<meta name=\"robots\" content=\"index, follow, max-snippet:-1, max-image-preview:large, max-video-preview:-1\" \/>\n<link rel=\"canonical\" href=\"https:\/\/esbozodeportivo.com\/index.php\/2024\/04\/10\/relevo-mixto-4x400-califico-al-campeonato-mundial-en-bahamas\/\" \/>\n<meta property=\"og:locale\" content=\"es_MX\" \/>\n<meta property=\"og:type\" content=\"article\" \/>\n<meta property=\"og:title\" content=\"Relevo mixto 4x400 calific\u00f3 al Campeonato Mundial en Bahamas - Esbozo Deportivo\" \/>\n<meta property=\"og:description\" content=\"(Foto: Fedmxatle)\u00a0 El relevo mixto mexicano, integrado por Paola Mor\u00e1n, Mariana Gancedo, Valente Mendoza, Luis\" \/>\n<meta property=\"og:url\" content=\"https:\/\/esbozodeportivo.com\/index.php\/2024\/04\/10\/relevo-mixto-4x400-califico-al-campeonato-mundial-en-bahamas\/\" \/>\n<meta property=\"og:site_name\" content=\"Esbozo Deportivo\" \/>\n<meta property=\"article:published_time\" content=\"2024-04-10T06:50:16+00:00\" \/>\n<meta property=\"article:modified_time\" content=\"2024-04-10T06:56:27+00:00\" \/>\n<meta property=\"og:image\" content=\"https:\/\/esbozodeportivo.com\/wp-content\/uploads\/2024\/04\/IMG-20240405-WA0058-1024x683.jpg\" \/>\n<meta name=\"author\" content=\"Javier De La Cruz\" \/>\n<meta name=\"twitter:card\" content=\"summary_large_image\" \/>\n<meta name=\"twitter:label1\" content=\"Escrito por\" \/>\n\t<meta name=\"twitter:data1\" content=\"Javier De La Cruz\" \/>\n\t<meta name=\"twitter:label2\" content=\"Tiempo de lectura\" \/>\n\t<meta name=\"twitter:data2\" content=\"2 minutos\" \/>\n<script type=\"application\/ld+json\" class=\"yoast-schema-graph\">{\"@context\":\"https:\/\/schema.org\",\"@graph\":[{\"@type\":\"Article\",\"@id\":\"https:\/\/esbozodeportivo.com\/index.php\/2024\/04\/10\/relevo-mixto-4x400-califico-al-campeonato-mundial-en-bahamas\/#article\",\"isPartOf\":{\"@id\":\"https:\/\/esbozodeportivo.com\/index.php\/2024\/04\/10\/relevo-mixto-4x400-califico-al-campeonato-mundial-en-bahamas\/\"},\"author\":{\"name\":\"Javier De La Cruz\",\"@id\":\"https:\/\/esbozodeportivo.com\/#\/schema\/person\/7277119c98823aec37bbb84e125efd44\"},\"headline\":\"Relevo mixto 4&#215;400 calific\u00f3 al Campeonato Mundial en Bahamas\",\"datePublished\":\"2024-04-10T06:50:16+00:00\",\"dateModified\":\"2024-04-10T06:56:27+00:00\",\"mainEntityOfPage\":{\"@id\":\"https:\/\/esbozodeportivo.com\/index.php\/2024\/04\/10\/relevo-mixto-4x400-califico-al-campeonato-mundial-en-bahamas\/\"},\"wordCount\":458,\"commentCount\":0,\"publisher\":{\"@id\":\"https:\/\/esbozodeportivo.com\/#organization\"},\"image\":{\"@id\":\"https:\/\/esbozodeportivo.com\/index.php\/2024\/04\/10\/relevo-mixto-4x400-califico-al-campeonato-mundial-en-bahamas\/#primaryimage\"},\"thumbnailUrl\":\"https:\/\/esbozodeportivo.com\/wp-content\/uploads\/2024\/04\/IMG-20240405-WA0058-1024x683.jpg\",\"articleSection\":[\"Amateur\"],\"inLanguage\":\"es\",\"potentialAction\":[{\"@type\":\"CommentAction\",\"name\":\"Comment\",\"target\":[\"https:\/\/esbozodeportivo.com\/index.php\/2024\/04\/10\/relevo-mixto-4x400-califico-al-campeonato-mundial-en-bahamas\/#respond\"]}]},{\"@type\":\"WebPage\",\"@id\":\"https:\/\/esbozodeportivo.com\/index.php\/2024\/04\/10\/relevo-mixto-4x400-califico-al-campeonato-mundial-en-bahamas\/\",\"url\":\"https:\/\/esbozodeportivo.com\/index.php\/2024\/04\/10\/relevo-mixto-4x400-califico-al-campeonato-mundial-en-bahamas\/\",\"name\":\"Relevo mixto 4x400 calific\u00f3 al Campeonato Mundial en Bahamas - Esbozo Deportivo\",\"isPartOf\":{\"@id\":\"https:\/\/esbozodeportivo.com\/#website\"},\"primaryImageOfPage\":{\"@id\":\"https:\/\/esbozodeportivo.com\/index.php\/2024\/04\/10\/relevo-mixto-4x400-califico-al-campeonato-mundial-en-bahamas\/#primaryimage\"},\"image\":{\"@id\":\"https:\/\/esbozodeportivo.com\/index.php\/2024\/04\/10\/relevo-mixto-4x400-califico-al-campeonato-mundial-en-bahamas\/#primaryimage\"},\"thumbnailUrl\":\"https:\/\/esbozodeportivo.com\/wp-content\/uploads\/2024\/04\/IMG-20240405-WA0058-1024x683.jpg\",\"datePublished\":\"2024-04-10T06:50:16+00:00\",\"dateModified\":\"2024-04-10T06:56:27+00:00\",\"breadcrumb\":{\"@id\":\"https:\/\/esbozodeportivo.com\/index.php\/2024\/04\/10\/relevo-mixto-4x400-califico-al-campeonato-mundial-en-bahamas\/#breadcrumb\"},\"inLanguage\":\"es\",\"potentialAction\":[{\"@type\":\"ReadAction\",\"target\":[\"https:\/\/esbozodeportivo.com\/index.php\/2024\/04\/10\/relevo-mixto-4x400-califico-al-campeonato-mundial-en-bahamas\/\"]}]},{\"@type\":\"ImageObject\",\"inLanguage\":\"es\",\"@id\":\"https:\/\/esbozodeportivo.com\/index.php\/2024\/04\/10\/relevo-mixto-4x400-califico-al-campeonato-mundial-en-bahamas\/#primaryimage\",\"url\":\"https:\/\/esbozodeportivo.com\/wp-content\/uploads\/2024\/04\/IMG-20240405-WA0058.jpg\",\"contentUrl\":\"https:\/\/esbozodeportivo.com\/wp-content\/uploads\/2024\/04\/IMG-20240405-WA0058.jpg\",\"width\":1599,\"height\":1066},{\"@type\":\"BreadcrumbList\",\"@id\":\"https:\/\/esbozodeportivo.com\/index.php\/2024\/04\/10\/relevo-mixto-4x400-califico-al-campeonato-mundial-en-bahamas\/#breadcrumb\",\"itemListElement\":[{\"@type\":\"ListItem\",\"position\":1,\"name\":\"Inicio\",\"item\":\"https:\/\/esbozodeportivo.com\/\"},{\"@type\":\"ListItem\",\"position\":2,\"name\":\"Relevo mixto 4&#215;400 calific\u00f3 al Campeonato Mundial en Bahamas\"}]},{\"@type\":\"WebSite\",\"@id\":\"https:\/\/esbozodeportivo.com\/#website\",\"url\":\"https:\/\/esbozodeportivo.com\/\",\"name\":\"Esbozo Deportivo\",\"description\":\"Lo m\u00e1s importante del Deporte\",\"publisher\":{\"@id\":\"https:\/\/esbozodeportivo.com\/#organization\"},\"potentialAction\":[{\"@type\":\"SearchAction\",\"target\":{\"@type\":\"EntryPoint\",\"urlTemplate\":\"https:\/\/esbozodeportivo.com\/?s={search_term_string}\"},\"query-input\":{\"@type\":\"PropertyValueSpecification\",\"valueRequired\":true,\"valueName\":\"search_term_string\"}}],\"inLanguage\":\"es\"},{\"@type\":\"Organization\",\"@id\":\"https:\/\/esbozodeportivo.com\/#organization\",\"name\":\"Esbozo Deportivo\",\"url\":\"https:\/\/esbozodeportivo.com\/\",\"logo\":{\"@type\":\"ImageObject\",\"inLanguage\":\"es\",\"@id\":\"https:\/\/esbozodeportivo.com\/#\/schema\/logo\/image\/\",\"url\":\"https:\/\/esbozodeportivo.com\/wp-content\/uploads\/2022\/08\/cropped-Logo-Esbozo-Web-2.png\",\"contentUrl\":\"https:\/\/esbozodeportivo.com\/wp-content\/uploads\/2022\/08\/cropped-Logo-Esbozo-Web-2.png\",\"width\":180,\"height\":50,\"caption\":\"Esbozo Deportivo\"},\"image\":{\"@id\":\"https:\/\/esbozodeportivo.com\/#\/schema\/logo\/image\/\"}},{\"@type\":\"Person\",\"@id\":\"https:\/\/esbozodeportivo.com\/#\/schema\/person\/7277119c98823aec37bbb84e125efd44\",\"name\":\"Javier De La Cruz\",\"image\":{\"@type\":\"ImageObject\",\"inLanguage\":\"es\",\"@id\":\"https:\/\/esbozodeportivo.com\/#\/schema\/person\/image\/\",\"url\":\"https:\/\/secure.gravatar.com\/avatar\/366235a56d20f1a6e8e3d0b295897639357bea880470ddf261d17bb0bc052eb1?s=96&d=mm&r=g\",\"contentUrl\":\"https:\/\/secure.gravatar.com\/avatar\/366235a56d20f1a6e8e3d0b295897639357bea880470ddf261d17bb0bc052eb1?s=96&d=mm&r=g\",\"caption\":\"Javier De La Cruz\"},\"url\":\"https:\/\/esbozodeportivo.com\/index.php\/author\/javier-de-la-cruz-de-la-cruz\/\"}]}<\/script>\n<!-- \/ Yoast SEO plugin. -->","yoast_head_json":{"title":"Relevo mixto 4x400 calific\u00f3 al Campeonato Mundial en Bahamas - Esbozo Deportivo","robots":{"index":"index","follow":"follow","max-snippet":"max-snippet:-1","max-image-preview":"max-image-preview:large","max-video-preview":"max-video-preview:-1"},"canonical":"https:\/\/esbozodeportivo.com\/index.php\/2024\/04\/10\/relevo-mixto-4x400-califico-al-campeonato-mundial-en-bahamas\/","og_locale":"es_MX","og_type":"article","og_title":"Relevo mixto 4x400 calific\u00f3 al Campeonato Mundial en Bahamas - Esbozo Deportivo","og_description":"(Foto: Fedmxatle)\u00a0 El relevo mixto mexicano, integrado por Paola Mor\u00e1n, Mariana Gancedo, Valente Mendoza, Luis","og_url":"https:\/\/esbozodeportivo.com\/index.php\/2024\/04\/10\/relevo-mixto-4x400-califico-al-campeonato-mundial-en-bahamas\/","og_site_name":"Esbozo Deportivo","article_published_time":"2024-04-10T06:50:16+00:00","article_modified_time":"2024-04-10T06:56:27+00:00","og_image":[{"url":"https:\/\/esbozodeportivo.com\/wp-content\/uploads\/2024\/04\/IMG-20240405-WA0058-1024x683.jpg","type":"","width":"","height":""}],"author":"Javier De La Cruz","twitter_card":"summary_large_image","twitter_misc":{"Escrito por":"Javier De La Cruz","Tiempo de lectura":"2 minutos"},"schema":{"@context":"https:\/\/schema.org","@graph":[{"@type":"Article","@id":"https:\/\/esbozodeportivo.com\/index.php\/2024\/04\/10\/relevo-mixto-4x400-califico-al-campeonato-mundial-en-bahamas\/#article","isPartOf":{"@id":"https:\/\/esbozodeportivo.com\/index.php\/2024\/04\/10\/relevo-mixto-4x400-califico-al-campeonato-mundial-en-bahamas\/"},"author":{"name":"Javier De La Cruz","@id":"https:\/\/esbozodeportivo.com\/#\/schema\/person\/7277119c98823aec37bbb84e125efd44"},"headline":"Relevo mixto 4&#215;400 calific\u00f3 al Campeonato Mundial en Bahamas","datePublished":"2024-04-10T06:50:16+00:00","dateModified":"2024-04-10T06:56:27+00:00","mainEntityOfPage":{"@id":"https:\/\/esbozodeportivo.com\/index.php\/2024\/04\/10\/relevo-mixto-4x400-califico-al-campeonato-mundial-en-bahamas\/"},"wordCount":458,"commentCount":0,"publisher":{"@id":"https:\/\/esbozodeportivo.com\/#organization"},"image":{"@id":"https:\/\/esbozodeportivo.com\/index.php\/2024\/04\/10\/relevo-mixto-4x400-califico-al-campeonato-mundial-en-bahamas\/#primaryimage"},"thumbnailUrl":"https:\/\/esbozodeportivo.com\/wp-content\/uploads\/2024\/04\/IMG-20240405-WA0058-1024x683.jpg","articleSection":["Amateur"],"inLanguage":"es","potentialAction":[{"@type":"CommentAction","name":"Comment","target":["https:\/\/esbozodeportivo.com\/index.php\/2024\/04\/10\/relevo-mixto-4x400-califico-al-campeonato-mundial-en-bahamas\/#respond"]}]},{"@type":"WebPage","@id":"https:\/\/esbozodeportivo.com\/index.php\/2024\/04\/10\/relevo-mixto-4x400-califico-al-campeonato-mundial-en-bahamas\/","url":"https:\/\/esbozodeportivo.com\/index.php\/2024\/04\/10\/relevo-mixto-4x400-califico-al-campeonato-mundial-en-bahamas\/","name":"Relevo mixto 4x400 calific\u00f3 al Campeonato Mundial en Bahamas - Esbozo Deportivo","isPartOf":{"@id":"https:\/\/esbozodeportivo.com\/#website"},"primaryImageOfPage":{"@id":"https:\/\/esbozodeportivo.com\/index.php\/2024\/04\/10\/relevo-mixto-4x400-califico-al-campeonato-mundial-en-bahamas\/#primaryimage"},"image":{"@id":"https:\/\/esbozodeportivo.com\/index.php\/2024\/04\/10\/relevo-mixto-4x400-califico-al-campeonato-mundial-en-bahamas\/#primaryimage"},"thumbnailUrl":"https:\/\/esbozodeportivo.com\/wp-content\/uploads\/2024\/04\/IMG-20240405-WA0058-1024x683.jpg","datePublished":"2024-04-10T06:50:16+00:00","dateModified":"2024-04-10T06:56:27+00:00","breadcrumb":{"@id":"https:\/\/esbozodeportivo.com\/index.php\/2024\/04\/10\/relevo-mixto-4x400-califico-al-campeonato-mundial-en-bahamas\/#breadcrumb"},"inLanguage":"es","potentialAction":[{"@type":"ReadAction","target":["https:\/\/esbozodeportivo.com\/index.php\/2024\/04\/10\/relevo-mixto-4x400-califico-al-campeonato-mundial-en-bahamas\/"]}]},{"@type":"ImageObject","inLanguage":"es","@id":"https:\/\/esbozodeportivo.com\/index.php\/2024\/04\/10\/relevo-mixto-4x400-califico-al-campeonato-mundial-en-bahamas\/#primaryimage","url":"https:\/\/esbozodeportivo.com\/wp-content\/uploads\/2024\/04\/IMG-20240405-WA0058.jpg","contentUrl":"https:\/\/esbozodeportivo.com\/wp-content\/uploads\/2024\/04\/IMG-20240405-WA0058.jpg","width":1599,"height":1066},{"@type":"BreadcrumbList","@id":"https:\/\/esbozodeportivo.com\/index.php\/2024\/04\/10\/relevo-mixto-4x400-califico-al-campeonato-mundial-en-bahamas\/#breadcrumb","itemListElement":[{"@type":"ListItem","position":1,"name":"Inicio","item":"https:\/\/esbozodeportivo.com\/"},{"@type":"ListItem","position":2,"name":"Relevo mixto 4&#215;400 calific\u00f3 al Campeonato Mundial en Bahamas"}]},{"@type":"WebSite","@id":"https:\/\/esbozodeportivo.com\/#website","url":"https:\/\/esbozodeportivo.com\/","name":"Esbozo Deportivo","description":"Lo m\u00e1s importante del Deporte","publisher":{"@id":"https:\/\/esbozodeportivo.com\/#organization"},"potentialAction":[{"@type":"SearchAction","target":{"@type":"EntryPoint","urlTemplate":"https:\/\/esbozodeportivo.com\/?s={search_term_string}"},"query-input":{"@type":"PropertyValueSpecification","valueRequired":true,"valueName":"search_term_string"}}],"inLanguage":"es"},{"@type":"Organization","@id":"https:\/\/esbozodeportivo.com\/#organization","name":"Esbozo Deportivo","url":"https:\/\/esbozodeportivo.com\/","logo":{"@type":"ImageObject","inLanguage":"es","@id":"https:\/\/esbozodeportivo.com\/#\/schema\/logo\/image\/","url":"https:\/\/esbozodeportivo.com\/wp-content\/uploads\/2022\/08\/cropped-Logo-Esbozo-Web-2.png","contentUrl":"https:\/\/esbozodeportivo.com\/wp-content\/uploads\/2022\/08\/cropped-Logo-Esbozo-Web-2.png","width":180,"height":50,"caption":"Esbozo Deportivo"},"image":{"@id":"https:\/\/esbozodeportivo.com\/#\/schema\/logo\/image\/"}},{"@type":"Person","@id":"https:\/\/esbozodeportivo.com\/#\/schema\/person\/7277119c98823aec37bbb84e125efd44","name":"Javier De La Cruz","image":{"@type":"ImageObject","inLanguage":"es","@id":"https:\/\/esbozodeportivo.com\/#\/schema\/person\/image\/","url":"https:\/\/secure.gravatar.com\/avatar\/366235a56d20f1a6e8e3d0b295897639357bea880470ddf261d17bb0bc052eb1?s=96&d=mm&r=g","contentUrl":"https:\/\/secure.gravatar.com\/avatar\/366235a56d20f1a6e8e3d0b295897639357bea880470ddf261d17bb0bc052eb1?s=96&d=mm&r=g","caption":"Javier De La Cruz"},"url":"https:\/\/esbozodeportivo.com\/index.php\/author\/javier-de-la-cruz-de-la-cruz\/"}]}},"jetpack_featured_media_url":"","jetpack_sharing_enabled":true,"_links":{"self":[{"href":"https:\/\/esbozodeportivo.com\/index.php\/wp-json\/wp\/v2\/posts\/3366","targetHints":{"allow":["GET"]}}],"collection":[{"href":"https:\/\/esbozodeportivo.com\/index.php\/wp-json\/wp\/v2\/posts"}],"about":[{"href":"https:\/\/esbozodeportivo.com\/index.php\/wp-json\/wp\/v2\/types\/post"}],"author":[{"embeddable":true,"href":"https:\/\/esbozodeportivo.com\/index.php\/wp-json\/wp\/v2\/users\/2"}],"replies":[{"embeddable":true,"href":"https:\/\/esbozodeportivo.com\/index.php\/wp-json\/wp\/v2\/comments?post=3366"}],"version-history":[{"count":4,"href":"https:\/\/esbozodeportivo.com\/index.php\/wp-json\/wp\/v2\/posts\/3366\/revisions"}],"predecessor-version":[{"id":3376,"href":"https:\/\/esbozodeportivo.com\/index.php\/wp-json\/wp\/v2\/posts\/3366\/revisions\/3376"}],"wp:attachment":[{"href":"https:\/\/esbozodeportivo.com\/index.php\/wp-json\/wp\/v2\/media?parent=3366"}],"wp:term":[{"taxonomy":"category","embeddable":true,"href":"https:\/\/esbozodeportivo.com\/index.php\/wp-json\/wp\/v2\/categories?post=3366"},{"taxonomy":"post_tag","embeddable":true,"href":"https:\/\/esbozodeportivo.com\/index.php\/wp-json\/wp\/v2\/tags?post=3366"}],"curies":[{"name":"wp","href":"https:\/\/api.w.org\/{rel}","templated":true}]}}