{"id":3389,"date":"2024-04-22T04:03:14","date_gmt":"2024-04-22T04:03:14","guid":{"rendered":"https:\/\/esbozodeportivo.com\/?p=3389"},"modified":"2024-04-22T04:06:13","modified_gmt":"2024-04-22T04:06:13","slug":"la-caminata-mexicana-lista-para-su-participacion-en-el-mundial-de-la-especialidad","status":"publish","type":"post","link":"https:\/\/esbozodeportivo.com\/index.php\/2024\/04\/22\/la-caminata-mexicana-lista-para-su-participacion-en-el-mundial-de-la-especialidad\/","title":{"rendered":"La caminata mexicana lista para su participaci\u00f3n en el Mundial de la especialidad"},"content":{"rendered":"<style>\/*! elementor - v3.21.0 - 18-04-2024 *\/\n.elementor-widget-image{text-align:center}.elementor-widget-image a{display:inline-block}.elementor-widget-image a img[src$=\".svg\"]{width:48px}.elementor-widget-image img{vertical-align:middle;display:inline-block}<\/style>\n<p>\t\t\t\t\t\t\t\t\t\t<img loading=\"lazy\" decoding=\"async\" width=\"640\" height=\"446\" src=\"https:\/\/esbozodeportivo.com\/wp-content\/uploads\/2024\/04\/foto3-2-1024x713.jpeg\" alt=\"\" srcset=\"https:\/\/esbozodeportivo.com\/wp-content\/uploads\/2024\/04\/foto3-2-1024x713.jpeg 1024w, https:\/\/esbozodeportivo.com\/wp-content\/uploads\/2024\/04\/foto3-2-300x209.jpeg 300w, https:\/\/esbozodeportivo.com\/wp-content\/uploads\/2024\/04\/foto3-2-768x535.jpeg 768w, https:\/\/esbozodeportivo.com\/wp-content\/uploads\/2024\/04\/foto3-2-825x575.jpeg 825w, https:\/\/esbozodeportivo.com\/wp-content\/uploads\/2024\/04\/foto3-2-590x410.jpeg 590w, https:\/\/esbozodeportivo.com\/wp-content\/uploads\/2024\/04\/foto3-2.jpeg 1262w\" sizes=\"auto, (max-width: 640px) 100vw, 640px\" \/>\t\t\t\t\t\t\t\t\t\t\t\t\t<\/p>\n<p><strong>(Foto: Fedmxatle)<\/strong><strong>\u00a0<\/strong><\/p>\n<p>La selecci\u00f3n mexicana de caminata, integrada por un total de 15 andarines de ambas ramas, se encuentra en Turqu\u00eda para tomar parte en el Campeonato Mundial por Equipos, que se llevar\u00e1 a cabo este fin de semana en Antalya, como parte del calendario rumbo a los Juegos Ol\u00edmpicos de Par\u00eds 2024.<\/p>\n<p>El equipo mexicano est\u00e1 encabezado por Alegna Gonz\u00e1lez y Jos\u00e9 Luis Doctor, quienes ya tienen la marca para competir en los Juegos de Par\u00eds 2024 y van en busca de ratificar sus tiempos en este \u00a0Campeonato Mundial.<\/p>\n<p>\t\t\t\t\t\t\t\t\t\t\t\t\t<img loading=\"lazy\" decoding=\"async\" width=\"640\" height=\"853\" src=\"https:\/\/esbozodeportivo.com\/wp-content\/uploads\/2024\/04\/foto3-3-768x1024.jpeg\" alt=\"\" srcset=\"https:\/\/esbozodeportivo.com\/wp-content\/uploads\/2024\/04\/foto3-3-768x1024.jpeg 768w, https:\/\/esbozodeportivo.com\/wp-content\/uploads\/2024\/04\/foto3-3-225x300.jpeg 225w, https:\/\/esbozodeportivo.com\/wp-content\/uploads\/2024\/04\/foto3-3.jpeg 960w\" sizes=\"auto, (max-width: 640px) 100vw, 640px\" \/>\t\t\t\t\t\t\t\t\t\t\t\t\t<\/p>\n<p><strong>(Foto: Fedmxatle)<\/strong><strong>\u00a0<\/strong><\/p>\n<p>El Campeonato Mundial de Marcha por Equipos le ofrece la oportunidad a otros andarines de luchar por las marcas establecidas por la World Athletics para los Juegos de Paris, por lo que podr\u00edan darse cambios en las listas de clasificados en caso de mejorar los tiempos de aquellos que hasta el momento cubren las marcas..<\/p>\n<p>Entre el equipo se encuentran Noel Chama, Ever Palma y Eduardo Olivas, quienes tambi\u00e9n cuentan con marca para los Juegos Ol\u00edmpicos de Par\u00eds, adem\u00e1s de Ricardo Ortiz, Isaac Palma y Brandon Segura, mientras que en la femenil asisten Vivian Castillo, Ilse Guerrero, Renata Cort\u00e9s y Valeria Flores.<\/p>\n<p>\t\t\t\t\t\t\t\t\t\t\t\t\t<img loading=\"lazy\" decoding=\"async\" width=\"640\" height=\"522\" src=\"https:\/\/esbozodeportivo.com\/wp-content\/uploads\/2024\/04\/foto3-1-1024x835.jpeg\" alt=\"\" srcset=\"https:\/\/esbozodeportivo.com\/wp-content\/uploads\/2024\/04\/foto3-1-1024x835.jpeg 1024w, https:\/\/esbozodeportivo.com\/wp-content\/uploads\/2024\/04\/foto3-1-300x245.jpeg 300w, https:\/\/esbozodeportivo.com\/wp-content\/uploads\/2024\/04\/foto3-1-768x627.jpeg 768w, https:\/\/esbozodeportivo.com\/wp-content\/uploads\/2024\/04\/foto3-1.jpeg 1151w\" sizes=\"auto, (max-width: 640px) 100vw, 640px\" \/>\t\t\t\t\t\t\t\t\t\t\t\t\t<\/p>\n<p><strong>(Foto: Fedmxatle)<\/strong><strong>\u00a0<\/strong><\/p>\n<p>El cuerpo de entrenadores est\u00e1 registrado con Ra\u00fal Gonz\u00e1lez, Ignacio Zamudio y Miguel Rodr\u00edguez.<\/p>\n<p>De acuerdo al programa de competencias, el domingo 21 de abril se llevar\u00e1 la final de los 10 kil\u00f3metros Sub 20, posteriormente ser\u00e1 la prueba para la varonil de la categor\u00eda. El programa continuar\u00e1 con los 20 kil\u00f3metros femenil y dos horas m\u00e1s adelante ser\u00e1n los 20 kil\u00f3metros varonil para cerrar con el relevo mixto.<\/p>\n","protected":false},"excerpt":{"rendered":"<p>(Foto: Fedmxatle)\u00a0 La selecci\u00f3n mexicana de caminata, integrada por un total de 15 andarines de<\/p>\n","protected":false},"author":2,"featured_media":0,"comment_status":"open","ping_status":"open","sticky":false,"template":"","format":"standard","meta":{"_jetpack_memberships_contains_paid_content":false,"footnotes":""},"categories":[5],"tags":[],"class_list":["post-3389","post","type-post","status-publish","format-standard","hentry","category-amateur"],"yoast_head":"<!-- This site is optimized with the Yoast SEO plugin v25.7 - https:\/\/yoast.com\/wordpress\/plugins\/seo\/ -->\n<title>La caminata mexicana lista para su participaci\u00f3n en el Mundial de la especialidad - Esbozo Deportivo<\/title>\n<meta name=\"robots\" content=\"index, follow, max-snippet:-1, max-image-preview:large, max-video-preview:-1\" \/>\n<link rel=\"canonical\" href=\"https:\/\/esbozodeportivo.com\/index.php\/2024\/04\/22\/la-caminata-mexicana-lista-para-su-participacion-en-el-mundial-de-la-especialidad\/\" \/>\n<meta property=\"og:locale\" content=\"es_MX\" \/>\n<meta property=\"og:type\" content=\"article\" \/>\n<meta property=\"og:title\" content=\"La caminata mexicana lista para su participaci\u00f3n en el Mundial de la especialidad - Esbozo Deportivo\" \/>\n<meta property=\"og:description\" content=\"(Foto: Fedmxatle)\u00a0 La selecci\u00f3n mexicana de caminata, integrada por un total de 15 andarines de\" \/>\n<meta property=\"og:url\" content=\"https:\/\/esbozodeportivo.com\/index.php\/2024\/04\/22\/la-caminata-mexicana-lista-para-su-participacion-en-el-mundial-de-la-especialidad\/\" \/>\n<meta property=\"og:site_name\" content=\"Esbozo Deportivo\" \/>\n<meta property=\"article:published_time\" content=\"2024-04-22T04:03:14+00:00\" \/>\n<meta property=\"article:modified_time\" content=\"2024-04-22T04:06:13+00:00\" \/>\n<meta property=\"og:image\" content=\"https:\/\/esbozodeportivo.com\/wp-content\/uploads\/2024\/04\/foto3-2-1024x713.jpeg\" \/>\n<meta name=\"author\" content=\"Javier De La Cruz\" \/>\n<meta name=\"twitter:card\" content=\"summary_large_image\" \/>\n<meta name=\"twitter:label1\" content=\"Escrito por\" \/>\n\t<meta name=\"twitter:data1\" content=\"Javier De La Cruz\" \/>\n\t<meta name=\"twitter:label2\" content=\"Tiempo de lectura\" \/>\n\t<meta name=\"twitter:data2\" content=\"1 minuto\" \/>\n<script type=\"application\/ld+json\" class=\"yoast-schema-graph\">{\"@context\":\"https:\/\/schema.org\",\"@graph\":[{\"@type\":\"Article\",\"@id\":\"https:\/\/esbozodeportivo.com\/index.php\/2024\/04\/22\/la-caminata-mexicana-lista-para-su-participacion-en-el-mundial-de-la-especialidad\/#article\",\"isPartOf\":{\"@id\":\"https:\/\/esbozodeportivo.com\/index.php\/2024\/04\/22\/la-caminata-mexicana-lista-para-su-participacion-en-el-mundial-de-la-especialidad\/\"},\"author\":{\"name\":\"Javier De La Cruz\",\"@id\":\"https:\/\/esbozodeportivo.com\/#\/schema\/person\/7277119c98823aec37bbb84e125efd44\"},\"headline\":\"La caminata mexicana lista para su participaci\u00f3n en el Mundial de la especialidad\",\"datePublished\":\"2024-04-22T04:03:14+00:00\",\"dateModified\":\"2024-04-22T04:06:13+00:00\",\"mainEntityOfPage\":{\"@id\":\"https:\/\/esbozodeportivo.com\/index.php\/2024\/04\/22\/la-caminata-mexicana-lista-para-su-participacion-en-el-mundial-de-la-especialidad\/\"},\"wordCount\":292,\"commentCount\":0,\"publisher\":{\"@id\":\"https:\/\/esbozodeportivo.com\/#organization\"},\"image\":{\"@id\":\"https:\/\/esbozodeportivo.com\/index.php\/2024\/04\/22\/la-caminata-mexicana-lista-para-su-participacion-en-el-mundial-de-la-especialidad\/#primaryimage\"},\"thumbnailUrl\":\"https:\/\/esbozodeportivo.com\/wp-content\/uploads\/2024\/04\/foto3-2-1024x713.jpeg\",\"articleSection\":[\"Amateur\"],\"inLanguage\":\"es\",\"potentialAction\":[{\"@type\":\"CommentAction\",\"name\":\"Comment\",\"target\":[\"https:\/\/esbozodeportivo.com\/index.php\/2024\/04\/22\/la-caminata-mexicana-lista-para-su-participacion-en-el-mundial-de-la-especialidad\/#respond\"]}]},{\"@type\":\"WebPage\",\"@id\":\"https:\/\/esbozodeportivo.com\/index.php\/2024\/04\/22\/la-caminata-mexicana-lista-para-su-participacion-en-el-mundial-de-la-especialidad\/\",\"url\":\"https:\/\/esbozodeportivo.com\/index.php\/2024\/04\/22\/la-caminata-mexicana-lista-para-su-participacion-en-el-mundial-de-la-especialidad\/\",\"name\":\"La caminata mexicana lista para su participaci\u00f3n en el Mundial de la especialidad - Esbozo Deportivo\",\"isPartOf\":{\"@id\":\"https:\/\/esbozodeportivo.com\/#website\"},\"primaryImageOfPage\":{\"@id\":\"https:\/\/esbozodeportivo.com\/index.php\/2024\/04\/22\/la-caminata-mexicana-lista-para-su-participacion-en-el-mundial-de-la-especialidad\/#primaryimage\"},\"image\":{\"@id\":\"https:\/\/esbozodeportivo.com\/index.php\/2024\/04\/22\/la-caminata-mexicana-lista-para-su-participacion-en-el-mundial-de-la-especialidad\/#primaryimage\"},\"thumbnailUrl\":\"https:\/\/esbozodeportivo.com\/wp-content\/uploads\/2024\/04\/foto3-2-1024x713.jpeg\",\"datePublished\":\"2024-04-22T04:03:14+00:00\",\"dateModified\":\"2024-04-22T04:06:13+00:00\",\"breadcrumb\":{\"@id\":\"https:\/\/esbozodeportivo.com\/index.php\/2024\/04\/22\/la-caminata-mexicana-lista-para-su-participacion-en-el-mundial-de-la-especialidad\/#breadcrumb\"},\"inLanguage\":\"es\",\"potentialAction\":[{\"@type\":\"ReadAction\",\"target\":[\"https:\/\/esbozodeportivo.com\/index.php\/2024\/04\/22\/la-caminata-mexicana-lista-para-su-participacion-en-el-mundial-de-la-especialidad\/\"]}]},{\"@type\":\"ImageObject\",\"inLanguage\":\"es\",\"@id\":\"https:\/\/esbozodeportivo.com\/index.php\/2024\/04\/22\/la-caminata-mexicana-lista-para-su-participacion-en-el-mundial-de-la-especialidad\/#primaryimage\",\"url\":\"https:\/\/esbozodeportivo.com\/wp-content\/uploads\/2024\/04\/foto3-2-1024x713.jpeg\",\"contentUrl\":\"https:\/\/esbozodeportivo.com\/wp-content\/uploads\/2024\/04\/foto3-2-1024x713.jpeg\"},{\"@type\":\"BreadcrumbList\",\"@id\":\"https:\/\/esbozodeportivo.com\/index.php\/2024\/04\/22\/la-caminata-mexicana-lista-para-su-participacion-en-el-mundial-de-la-especialidad\/#breadcrumb\",\"itemListElement\":[{\"@type\":\"ListItem\",\"position\":1,\"name\":\"Inicio\",\"item\":\"https:\/\/esbozodeportivo.com\/\"},{\"@type\":\"ListItem\",\"position\":2,\"name\":\"La caminata mexicana lista para su participaci\u00f3n en el Mundial de la especialidad\"}]},{\"@type\":\"WebSite\",\"@id\":\"https:\/\/esbozodeportivo.com\/#website\",\"url\":\"https:\/\/esbozodeportivo.com\/\",\"name\":\"Esbozo Deportivo\",\"description\":\"Lo m\u00e1s importante del Deporte\",\"publisher\":{\"@id\":\"https:\/\/esbozodeportivo.com\/#organization\"},\"potentialAction\":[{\"@type\":\"SearchAction\",\"target\":{\"@type\":\"EntryPoint\",\"urlTemplate\":\"https:\/\/esbozodeportivo.com\/?s={search_term_string}\"},\"query-input\":{\"@type\":\"PropertyValueSpecification\",\"valueRequired\":true,\"valueName\":\"search_term_string\"}}],\"inLanguage\":\"es\"},{\"@type\":\"Organization\",\"@id\":\"https:\/\/esbozodeportivo.com\/#organization\",\"name\":\"Esbozo Deportivo\",\"url\":\"https:\/\/esbozodeportivo.com\/\",\"logo\":{\"@type\":\"ImageObject\",\"inLanguage\":\"es\",\"@id\":\"https:\/\/esbozodeportivo.com\/#\/schema\/logo\/image\/\",\"url\":\"https:\/\/esbozodeportivo.com\/wp-content\/uploads\/2022\/08\/cropped-Logo-Esbozo-Web-2.png\",\"contentUrl\":\"https:\/\/esbozodeportivo.com\/wp-content\/uploads\/2022\/08\/cropped-Logo-Esbozo-Web-2.png\",\"width\":180,\"height\":50,\"caption\":\"Esbozo Deportivo\"},\"image\":{\"@id\":\"https:\/\/esbozodeportivo.com\/#\/schema\/logo\/image\/\"}},{\"@type\":\"Person\",\"@id\":\"https:\/\/esbozodeportivo.com\/#\/schema\/person\/7277119c98823aec37bbb84e125efd44\",\"name\":\"Javier De La Cruz\",\"image\":{\"@type\":\"ImageObject\",\"inLanguage\":\"es\",\"@id\":\"https:\/\/esbozodeportivo.com\/#\/schema\/person\/image\/\",\"url\":\"https:\/\/secure.gravatar.com\/avatar\/366235a56d20f1a6e8e3d0b295897639357bea880470ddf261d17bb0bc052eb1?s=96&d=mm&r=g\",\"contentUrl\":\"https:\/\/secure.gravatar.com\/avatar\/366235a56d20f1a6e8e3d0b295897639357bea880470ddf261d17bb0bc052eb1?s=96&d=mm&r=g\",\"caption\":\"Javier De La Cruz\"},\"url\":\"https:\/\/esbozodeportivo.com\/index.php\/author\/javier-de-la-cruz-de-la-cruz\/\"}]}<\/script>\n<!-- \/ Yoast SEO plugin. -->","yoast_head_json":{"title":"La caminata mexicana lista para su participaci\u00f3n en el Mundial de la especialidad - Esbozo Deportivo","robots":{"index":"index","follow":"follow","max-snippet":"max-snippet:-1","max-image-preview":"max-image-preview:large","max-video-preview":"max-video-preview:-1"},"canonical":"https:\/\/esbozodeportivo.com\/index.php\/2024\/04\/22\/la-caminata-mexicana-lista-para-su-participacion-en-el-mundial-de-la-especialidad\/","og_locale":"es_MX","og_type":"article","og_title":"La caminata mexicana lista para su participaci\u00f3n en el Mundial de la especialidad - Esbozo Deportivo","og_description":"(Foto: Fedmxatle)\u00a0 La selecci\u00f3n mexicana de caminata, integrada por un total de 15 andarines de","og_url":"https:\/\/esbozodeportivo.com\/index.php\/2024\/04\/22\/la-caminata-mexicana-lista-para-su-participacion-en-el-mundial-de-la-especialidad\/","og_site_name":"Esbozo Deportivo","article_published_time":"2024-04-22T04:03:14+00:00","article_modified_time":"2024-04-22T04:06:13+00:00","og_image":[{"url":"https:\/\/esbozodeportivo.com\/wp-content\/uploads\/2024\/04\/foto3-2-1024x713.jpeg","type":"","width":"","height":""}],"author":"Javier De La Cruz","twitter_card":"summary_large_image","twitter_misc":{"Escrito por":"Javier De La Cruz","Tiempo de lectura":"1 minuto"},"schema":{"@context":"https:\/\/schema.org","@graph":[{"@type":"Article","@id":"https:\/\/esbozodeportivo.com\/index.php\/2024\/04\/22\/la-caminata-mexicana-lista-para-su-participacion-en-el-mundial-de-la-especialidad\/#article","isPartOf":{"@id":"https:\/\/esbozodeportivo.com\/index.php\/2024\/04\/22\/la-caminata-mexicana-lista-para-su-participacion-en-el-mundial-de-la-especialidad\/"},"author":{"name":"Javier De La Cruz","@id":"https:\/\/esbozodeportivo.com\/#\/schema\/person\/7277119c98823aec37bbb84e125efd44"},"headline":"La caminata mexicana lista para su participaci\u00f3n en el Mundial de la especialidad","datePublished":"2024-04-22T04:03:14+00:00","dateModified":"2024-04-22T04:06:13+00:00","mainEntityOfPage":{"@id":"https:\/\/esbozodeportivo.com\/index.php\/2024\/04\/22\/la-caminata-mexicana-lista-para-su-participacion-en-el-mundial-de-la-especialidad\/"},"wordCount":292,"commentCount":0,"publisher":{"@id":"https:\/\/esbozodeportivo.com\/#organization"},"image":{"@id":"https:\/\/esbozodeportivo.com\/index.php\/2024\/04\/22\/la-caminata-mexicana-lista-para-su-participacion-en-el-mundial-de-la-especialidad\/#primaryimage"},"thumbnailUrl":"https:\/\/esbozodeportivo.com\/wp-content\/uploads\/2024\/04\/foto3-2-1024x713.jpeg","articleSection":["Amateur"],"inLanguage":"es","potentialAction":[{"@type":"CommentAction","name":"Comment","target":["https:\/\/esbozodeportivo.com\/index.php\/2024\/04\/22\/la-caminata-mexicana-lista-para-su-participacion-en-el-mundial-de-la-especialidad\/#respond"]}]},{"@type":"WebPage","@id":"https:\/\/esbozodeportivo.com\/index.php\/2024\/04\/22\/la-caminata-mexicana-lista-para-su-participacion-en-el-mundial-de-la-especialidad\/","url":"https:\/\/esbozodeportivo.com\/index.php\/2024\/04\/22\/la-caminata-mexicana-lista-para-su-participacion-en-el-mundial-de-la-especialidad\/","name":"La caminata mexicana lista para su participaci\u00f3n en el Mundial de la especialidad - Esbozo Deportivo","isPartOf":{"@id":"https:\/\/esbozodeportivo.com\/#website"},"primaryImageOfPage":{"@id":"https:\/\/esbozodeportivo.com\/index.php\/2024\/04\/22\/la-caminata-mexicana-lista-para-su-participacion-en-el-mundial-de-la-especialidad\/#primaryimage"},"image":{"@id":"https:\/\/esbozodeportivo.com\/index.php\/2024\/04\/22\/la-caminata-mexicana-lista-para-su-participacion-en-el-mundial-de-la-especialidad\/#primaryimage"},"thumbnailUrl":"https:\/\/esbozodeportivo.com\/wp-content\/uploads\/2024\/04\/foto3-2-1024x713.jpeg","datePublished":"2024-04-22T04:03:14+00:00","dateModified":"2024-04-22T04:06:13+00:00","breadcrumb":{"@id":"https:\/\/esbozodeportivo.com\/index.php\/2024\/04\/22\/la-caminata-mexicana-lista-para-su-participacion-en-el-mundial-de-la-especialidad\/#breadcrumb"},"inLanguage":"es","potentialAction":[{"@type":"ReadAction","target":["https:\/\/esbozodeportivo.com\/index.php\/2024\/04\/22\/la-caminata-mexicana-lista-para-su-participacion-en-el-mundial-de-la-especialidad\/"]}]},{"@type":"ImageObject","inLanguage":"es","@id":"https:\/\/esbozodeportivo.com\/index.php\/2024\/04\/22\/la-caminata-mexicana-lista-para-su-participacion-en-el-mundial-de-la-especialidad\/#primaryimage","url":"https:\/\/esbozodeportivo.com\/wp-content\/uploads\/2024\/04\/foto3-2-1024x713.jpeg","contentUrl":"https:\/\/esbozodeportivo.com\/wp-content\/uploads\/2024\/04\/foto3-2-1024x713.jpeg"},{"@type":"BreadcrumbList","@id":"https:\/\/esbozodeportivo.com\/index.php\/2024\/04\/22\/la-caminata-mexicana-lista-para-su-participacion-en-el-mundial-de-la-especialidad\/#breadcrumb","itemListElement":[{"@type":"ListItem","position":1,"name":"Inicio","item":"https:\/\/esbozodeportivo.com\/"},{"@type":"ListItem","position":2,"name":"La caminata mexicana lista para su participaci\u00f3n en el Mundial de la especialidad"}]},{"@type":"WebSite","@id":"https:\/\/esbozodeportivo.com\/#website","url":"https:\/\/esbozodeportivo.com\/","name":"Esbozo Deportivo","description":"Lo m\u00e1s importante del Deporte","publisher":{"@id":"https:\/\/esbozodeportivo.com\/#organization"},"potentialAction":[{"@type":"SearchAction","target":{"@type":"EntryPoint","urlTemplate":"https:\/\/esbozodeportivo.com\/?s={search_term_string}"},"query-input":{"@type":"PropertyValueSpecification","valueRequired":true,"valueName":"search_term_string"}}],"inLanguage":"es"},{"@type":"Organization","@id":"https:\/\/esbozodeportivo.com\/#organization","name":"Esbozo Deportivo","url":"https:\/\/esbozodeportivo.com\/","logo":{"@type":"ImageObject","inLanguage":"es","@id":"https:\/\/esbozodeportivo.com\/#\/schema\/logo\/image\/","url":"https:\/\/esbozodeportivo.com\/wp-content\/uploads\/2022\/08\/cropped-Logo-Esbozo-Web-2.png","contentUrl":"https:\/\/esbozodeportivo.com\/wp-content\/uploads\/2022\/08\/cropped-Logo-Esbozo-Web-2.png","width":180,"height":50,"caption":"Esbozo Deportivo"},"image":{"@id":"https:\/\/esbozodeportivo.com\/#\/schema\/logo\/image\/"}},{"@type":"Person","@id":"https:\/\/esbozodeportivo.com\/#\/schema\/person\/7277119c98823aec37bbb84e125efd44","name":"Javier De La Cruz","image":{"@type":"ImageObject","inLanguage":"es","@id":"https:\/\/esbozodeportivo.com\/#\/schema\/person\/image\/","url":"https:\/\/secure.gravatar.com\/avatar\/366235a56d20f1a6e8e3d0b295897639357bea880470ddf261d17bb0bc052eb1?s=96&d=mm&r=g","contentUrl":"https:\/\/secure.gravatar.com\/avatar\/366235a56d20f1a6e8e3d0b295897639357bea880470ddf261d17bb0bc052eb1?s=96&d=mm&r=g","caption":"Javier De La Cruz"},"url":"https:\/\/esbozodeportivo.com\/index.php\/author\/javier-de-la-cruz-de-la-cruz\/"}]}},"jetpack_featured_media_url":"","jetpack_sharing_enabled":true,"_links":{"self":[{"href":"https:\/\/esbozodeportivo.com\/index.php\/wp-json\/wp\/v2\/posts\/3389","targetHints":{"allow":["GET"]}}],"collection":[{"href":"https:\/\/esbozodeportivo.com\/index.php\/wp-json\/wp\/v2\/posts"}],"about":[{"href":"https:\/\/esbozodeportivo.com\/index.php\/wp-json\/wp\/v2\/types\/post"}],"author":[{"embeddable":true,"href":"https:\/\/esbozodeportivo.com\/index.php\/wp-json\/wp\/v2\/users\/2"}],"replies":[{"embeddable":true,"href":"https:\/\/esbozodeportivo.com\/index.php\/wp-json\/wp\/v2\/comments?post=3389"}],"version-history":[{"count":4,"href":"https:\/\/esbozodeportivo.com\/index.php\/wp-json\/wp\/v2\/posts\/3389\/revisions"}],"predecessor-version":[{"id":3396,"href":"https:\/\/esbozodeportivo.com\/index.php\/wp-json\/wp\/v2\/posts\/3389\/revisions\/3396"}],"wp:attachment":[{"href":"https:\/\/esbozodeportivo.com\/index.php\/wp-json\/wp\/v2\/media?parent=3389"}],"wp:term":[{"taxonomy":"category","embeddable":true,"href":"https:\/\/esbozodeportivo.com\/index.php\/wp-json\/wp\/v2\/categories?post=3389"},{"taxonomy":"post_tag","embeddable":true,"href":"https:\/\/esbozodeportivo.com\/index.php\/wp-json\/wp\/v2\/tags?post=3389"}],"curies":[{"name":"wp","href":"https:\/\/api.w.org\/{rel}","templated":true}]}}