{"id":3397,"date":"2024-04-22T04:10:57","date_gmt":"2024-04-22T04:10:57","guid":{"rendered":"https:\/\/esbozodeportivo.com\/?p=3397"},"modified":"2024-04-22T04:14:01","modified_gmt":"2024-04-22T04:14:01","slug":"algena-gonzalez-y-ever-palma-consiguen-boleto-para-paris-2024","status":"publish","type":"post","link":"https:\/\/esbozodeportivo.com\/index.php\/2024\/04\/22\/algena-gonzalez-y-ever-palma-consiguen-boleto-para-paris-2024\/","title":{"rendered":"Algena Gonz\u00e1lez y Ever Palma, consiguen boleto para Par\u00eds 2024\u00a0"},"content":{"rendered":"<style>\/*! elementor - v3.21.0 - 18-04-2024 *\/\n.elementor-widget-image{text-align:center}.elementor-widget-image a{display:inline-block}.elementor-widget-image a img[src$=\".svg\"]{width:48px}.elementor-widget-image img{vertical-align:middle;display:inline-block}<\/style>\n<p>\t\t\t\t\t\t\t\t\t\t<img loading=\"lazy\" decoding=\"async\" width=\"640\" height=\"425\" src=\"https:\/\/esbozodeportivo.com\/wp-content\/uploads\/2024\/04\/foto2.jpeg\" alt=\"\" srcset=\"https:\/\/esbozodeportivo.com\/wp-content\/uploads\/2024\/04\/foto2.jpeg 877w, https:\/\/esbozodeportivo.com\/wp-content\/uploads\/2024\/04\/foto2-300x199.jpeg 300w, https:\/\/esbozodeportivo.com\/wp-content\/uploads\/2024\/04\/foto2-768x510.jpeg 768w\" sizes=\"auto, (max-width: 640px) 100vw, 640px\" \/>\t\t\t\t\t\t\t\t\t\t\t\t\t<\/p>\n<p><strong>(Foto: Fedmxatle)<\/strong><strong>\u00a0<\/strong><\/p>\n<p>La marcha mexicana ya tiene boleto para participar en la modalidad de relevo por equipo en los Juegos Ol\u00edmpicos de Paris 2024, con el cuarto lugar obtenido por Alegna Gonz\u00e1lez y Ever Palma durante el Campeonato Mundial de Antalya, Turq\u00eda, en el que culminaron con un tiempo de 2 horas, 57 minutos y 04 segundos.<\/p>\n<p>El presidente de la Federaci\u00f3n Mexicana de Asociaciones de Atletismo, Antonio Lozano Pineda, confirm\u00f3 que ya se tiene el boleto ol\u00edmpico para el pa\u00eds, por lo que se reunir\u00e1 con Mar\u00eda Jos\u00e9 Alcal\u00e1 Izguerra, titular del Comit\u00e9 Ol\u00edmpico Mexicano (COM) para hacer oficial el pase para los marchistas.<\/p>\n<p>\u201cHoy tanto Ever como Alegna han dado una plaza M\u00e9xico, y creo que ellos podr\u00edan mejorar el cuarto lugar que han obtenido en el Campeonato Mundial\u201d, dijo Antonio Lozano al t\u00e9rmino de la competencia.<\/p>\n<p>\t\t\t\t\t\t\t\t\t\t\t\t\t<img loading=\"lazy\" decoding=\"async\" width=\"640\" height=\"522\" src=\"https:\/\/esbozodeportivo.com\/wp-content\/uploads\/2024\/04\/foto3-1-1-1024x835.jpeg\" alt=\"\" srcset=\"https:\/\/esbozodeportivo.com\/wp-content\/uploads\/2024\/04\/foto3-1-1-1024x835.jpeg 1024w, https:\/\/esbozodeportivo.com\/wp-content\/uploads\/2024\/04\/foto3-1-1-300x245.jpeg 300w, https:\/\/esbozodeportivo.com\/wp-content\/uploads\/2024\/04\/foto3-1-1-768x627.jpeg 768w, https:\/\/esbozodeportivo.com\/wp-content\/uploads\/2024\/04\/foto3-1-1.jpeg 1151w\" sizes=\"auto, (max-width: 640px) 100vw, 640px\" \/>\t\t\t\t\t\t\t\t\t\t\t\t\t<\/p>\n<p><strong>(Foto: Fedmxatle)<\/strong><strong>\u00a0<\/strong><\/p>\n<p>Aunque no dio fecha de la pr\u00f3xima reuni\u00f3n con el Comit\u00e9 Ol\u00edmpico Mexicano, el titular del organismo explic\u00f3 que se tuvo una buena participaci\u00f3n de los 15 marchistas que compitieron en el Campeonato Mundial de Relevos por Equipo de Turqu\u00eda.<\/p>\n<p>\u201cSe tuvo un buen nivel contra lo mejor del mundo en esta competencia y hoy el atletismo mexicano tiene otra plaza, ahora para competir en la prueba de relevos. Felicito a todo el equipo que vino a dar su mejor esfuerzo\u201d., agreg\u00f3 el titular de la FMA.<\/p>\n<p>En la prueba de relevo por equipos, con recorrido de 42 mil 195 metros, Italia termin\u00f3 en el primer sitio, con Valentina Trapletti y Francesco Fortunato, con tiempo de 2:56:45, seguidos por los japoneses Koki Ikeda y Kumiko Okada, con 2:57.04 y en tercero se clasificaron los espa\u00f1oles Laura Garc\u00eda-Caro y \u00c1lvaro Mart\u00edn, 2:57:47.<\/p>\n","protected":false},"excerpt":{"rendered":"<p>(Foto: Fedmxatle)\u00a0 La marcha mexicana ya tiene boleto para participar en la modalidad de relevo<\/p>\n","protected":false},"author":2,"featured_media":0,"comment_status":"open","ping_status":"open","sticky":false,"template":"","format":"standard","meta":{"_jetpack_memberships_contains_paid_content":false,"footnotes":""},"categories":[5],"tags":[],"class_list":["post-3397","post","type-post","status-publish","format-standard","hentry","category-amateur"],"yoast_head":"<!-- This site is optimized with the Yoast SEO plugin v25.7 - https:\/\/yoast.com\/wordpress\/plugins\/seo\/ -->\n<title>Algena Gonz\u00e1lez y Ever Palma, consiguen boleto para Par\u00eds 2024\u00a0 - Esbozo Deportivo<\/title>\n<meta name=\"robots\" content=\"index, follow, max-snippet:-1, max-image-preview:large, max-video-preview:-1\" \/>\n<link rel=\"canonical\" href=\"https:\/\/esbozodeportivo.com\/index.php\/2024\/04\/22\/algena-gonzalez-y-ever-palma-consiguen-boleto-para-paris-2024\/\" \/>\n<meta property=\"og:locale\" content=\"es_MX\" \/>\n<meta property=\"og:type\" content=\"article\" \/>\n<meta property=\"og:title\" content=\"Algena Gonz\u00e1lez y Ever Palma, consiguen boleto para Par\u00eds 2024\u00a0 - Esbozo Deportivo\" \/>\n<meta property=\"og:description\" content=\"(Foto: Fedmxatle)\u00a0 La marcha mexicana ya tiene boleto para participar en la modalidad de relevo\" \/>\n<meta property=\"og:url\" content=\"https:\/\/esbozodeportivo.com\/index.php\/2024\/04\/22\/algena-gonzalez-y-ever-palma-consiguen-boleto-para-paris-2024\/\" \/>\n<meta property=\"og:site_name\" content=\"Esbozo Deportivo\" \/>\n<meta property=\"article:published_time\" content=\"2024-04-22T04:10:57+00:00\" \/>\n<meta property=\"article:modified_time\" content=\"2024-04-22T04:14:01+00:00\" \/>\n<meta property=\"og:image\" content=\"https:\/\/esbozodeportivo.com\/wp-content\/uploads\/2024\/04\/foto2.jpeg\" \/>\n<meta name=\"author\" content=\"Javier De La Cruz\" \/>\n<meta name=\"twitter:card\" content=\"summary_large_image\" \/>\n<meta name=\"twitter:label1\" content=\"Escrito por\" \/>\n\t<meta name=\"twitter:data1\" content=\"Javier De La Cruz\" \/>\n\t<meta name=\"twitter:label2\" content=\"Tiempo de lectura\" \/>\n\t<meta name=\"twitter:data2\" content=\"1 minuto\" \/>\n<script type=\"application\/ld+json\" class=\"yoast-schema-graph\">{\"@context\":\"https:\/\/schema.org\",\"@graph\":[{\"@type\":\"Article\",\"@id\":\"https:\/\/esbozodeportivo.com\/index.php\/2024\/04\/22\/algena-gonzalez-y-ever-palma-consiguen-boleto-para-paris-2024\/#article\",\"isPartOf\":{\"@id\":\"https:\/\/esbozodeportivo.com\/index.php\/2024\/04\/22\/algena-gonzalez-y-ever-palma-consiguen-boleto-para-paris-2024\/\"},\"author\":{\"name\":\"Javier De La Cruz\",\"@id\":\"https:\/\/esbozodeportivo.com\/#\/schema\/person\/7277119c98823aec37bbb84e125efd44\"},\"headline\":\"Algena Gonz\u00e1lez y Ever Palma, consiguen boleto para Par\u00eds 2024\u00a0\",\"datePublished\":\"2024-04-22T04:10:57+00:00\",\"dateModified\":\"2024-04-22T04:14:01+00:00\",\"mainEntityOfPage\":{\"@id\":\"https:\/\/esbozodeportivo.com\/index.php\/2024\/04\/22\/algena-gonzalez-y-ever-palma-consiguen-boleto-para-paris-2024\/\"},\"wordCount\":302,\"commentCount\":0,\"publisher\":{\"@id\":\"https:\/\/esbozodeportivo.com\/#organization\"},\"image\":{\"@id\":\"https:\/\/esbozodeportivo.com\/index.php\/2024\/04\/22\/algena-gonzalez-y-ever-palma-consiguen-boleto-para-paris-2024\/#primaryimage\"},\"thumbnailUrl\":\"https:\/\/esbozodeportivo.com\/wp-content\/uploads\/2024\/04\/foto2.jpeg\",\"articleSection\":[\"Amateur\"],\"inLanguage\":\"es\",\"potentialAction\":[{\"@type\":\"CommentAction\",\"name\":\"Comment\",\"target\":[\"https:\/\/esbozodeportivo.com\/index.php\/2024\/04\/22\/algena-gonzalez-y-ever-palma-consiguen-boleto-para-paris-2024\/#respond\"]}]},{\"@type\":\"WebPage\",\"@id\":\"https:\/\/esbozodeportivo.com\/index.php\/2024\/04\/22\/algena-gonzalez-y-ever-palma-consiguen-boleto-para-paris-2024\/\",\"url\":\"https:\/\/esbozodeportivo.com\/index.php\/2024\/04\/22\/algena-gonzalez-y-ever-palma-consiguen-boleto-para-paris-2024\/\",\"name\":\"Algena Gonz\u00e1lez y Ever Palma, consiguen boleto para Par\u00eds 2024\u00a0 - Esbozo Deportivo\",\"isPartOf\":{\"@id\":\"https:\/\/esbozodeportivo.com\/#website\"},\"primaryImageOfPage\":{\"@id\":\"https:\/\/esbozodeportivo.com\/index.php\/2024\/04\/22\/algena-gonzalez-y-ever-palma-consiguen-boleto-para-paris-2024\/#primaryimage\"},\"image\":{\"@id\":\"https:\/\/esbozodeportivo.com\/index.php\/2024\/04\/22\/algena-gonzalez-y-ever-palma-consiguen-boleto-para-paris-2024\/#primaryimage\"},\"thumbnailUrl\":\"https:\/\/esbozodeportivo.com\/wp-content\/uploads\/2024\/04\/foto2.jpeg\",\"datePublished\":\"2024-04-22T04:10:57+00:00\",\"dateModified\":\"2024-04-22T04:14:01+00:00\",\"breadcrumb\":{\"@id\":\"https:\/\/esbozodeportivo.com\/index.php\/2024\/04\/22\/algena-gonzalez-y-ever-palma-consiguen-boleto-para-paris-2024\/#breadcrumb\"},\"inLanguage\":\"es\",\"potentialAction\":[{\"@type\":\"ReadAction\",\"target\":[\"https:\/\/esbozodeportivo.com\/index.php\/2024\/04\/22\/algena-gonzalez-y-ever-palma-consiguen-boleto-para-paris-2024\/\"]}]},{\"@type\":\"ImageObject\",\"inLanguage\":\"es\",\"@id\":\"https:\/\/esbozodeportivo.com\/index.php\/2024\/04\/22\/algena-gonzalez-y-ever-palma-consiguen-boleto-para-paris-2024\/#primaryimage\",\"url\":\"https:\/\/esbozodeportivo.com\/wp-content\/uploads\/2024\/04\/foto2.jpeg\",\"contentUrl\":\"https:\/\/esbozodeportivo.com\/wp-content\/uploads\/2024\/04\/foto2.jpeg\",\"width\":877,\"height\":582},{\"@type\":\"BreadcrumbList\",\"@id\":\"https:\/\/esbozodeportivo.com\/index.php\/2024\/04\/22\/algena-gonzalez-y-ever-palma-consiguen-boleto-para-paris-2024\/#breadcrumb\",\"itemListElement\":[{\"@type\":\"ListItem\",\"position\":1,\"name\":\"Inicio\",\"item\":\"https:\/\/esbozodeportivo.com\/\"},{\"@type\":\"ListItem\",\"position\":2,\"name\":\"Algena Gonz\u00e1lez y Ever Palma, consiguen boleto para Par\u00eds 2024\u00a0\"}]},{\"@type\":\"WebSite\",\"@id\":\"https:\/\/esbozodeportivo.com\/#website\",\"url\":\"https:\/\/esbozodeportivo.com\/\",\"name\":\"Esbozo Deportivo\",\"description\":\"Lo m\u00e1s importante del Deporte\",\"publisher\":{\"@id\":\"https:\/\/esbozodeportivo.com\/#organization\"},\"potentialAction\":[{\"@type\":\"SearchAction\",\"target\":{\"@type\":\"EntryPoint\",\"urlTemplate\":\"https:\/\/esbozodeportivo.com\/?s={search_term_string}\"},\"query-input\":{\"@type\":\"PropertyValueSpecification\",\"valueRequired\":true,\"valueName\":\"search_term_string\"}}],\"inLanguage\":\"es\"},{\"@type\":\"Organization\",\"@id\":\"https:\/\/esbozodeportivo.com\/#organization\",\"name\":\"Esbozo Deportivo\",\"url\":\"https:\/\/esbozodeportivo.com\/\",\"logo\":{\"@type\":\"ImageObject\",\"inLanguage\":\"es\",\"@id\":\"https:\/\/esbozodeportivo.com\/#\/schema\/logo\/image\/\",\"url\":\"https:\/\/esbozodeportivo.com\/wp-content\/uploads\/2022\/08\/cropped-Logo-Esbozo-Web-2.png\",\"contentUrl\":\"https:\/\/esbozodeportivo.com\/wp-content\/uploads\/2022\/08\/cropped-Logo-Esbozo-Web-2.png\",\"width\":180,\"height\":50,\"caption\":\"Esbozo Deportivo\"},\"image\":{\"@id\":\"https:\/\/esbozodeportivo.com\/#\/schema\/logo\/image\/\"}},{\"@type\":\"Person\",\"@id\":\"https:\/\/esbozodeportivo.com\/#\/schema\/person\/7277119c98823aec37bbb84e125efd44\",\"name\":\"Javier De La Cruz\",\"image\":{\"@type\":\"ImageObject\",\"inLanguage\":\"es\",\"@id\":\"https:\/\/esbozodeportivo.com\/#\/schema\/person\/image\/\",\"url\":\"https:\/\/secure.gravatar.com\/avatar\/366235a56d20f1a6e8e3d0b295897639357bea880470ddf261d17bb0bc052eb1?s=96&d=mm&r=g\",\"contentUrl\":\"https:\/\/secure.gravatar.com\/avatar\/366235a56d20f1a6e8e3d0b295897639357bea880470ddf261d17bb0bc052eb1?s=96&d=mm&r=g\",\"caption\":\"Javier De La Cruz\"},\"url\":\"https:\/\/esbozodeportivo.com\/index.php\/author\/javier-de-la-cruz-de-la-cruz\/\"}]}<\/script>\n<!-- \/ Yoast SEO plugin. -->","yoast_head_json":{"title":"Algena Gonz\u00e1lez y Ever Palma, consiguen boleto para Par\u00eds 2024\u00a0 - Esbozo Deportivo","robots":{"index":"index","follow":"follow","max-snippet":"max-snippet:-1","max-image-preview":"max-image-preview:large","max-video-preview":"max-video-preview:-1"},"canonical":"https:\/\/esbozodeportivo.com\/index.php\/2024\/04\/22\/algena-gonzalez-y-ever-palma-consiguen-boleto-para-paris-2024\/","og_locale":"es_MX","og_type":"article","og_title":"Algena Gonz\u00e1lez y Ever Palma, consiguen boleto para Par\u00eds 2024\u00a0 - Esbozo Deportivo","og_description":"(Foto: Fedmxatle)\u00a0 La marcha mexicana ya tiene boleto para participar en la modalidad de relevo","og_url":"https:\/\/esbozodeportivo.com\/index.php\/2024\/04\/22\/algena-gonzalez-y-ever-palma-consiguen-boleto-para-paris-2024\/","og_site_name":"Esbozo Deportivo","article_published_time":"2024-04-22T04:10:57+00:00","article_modified_time":"2024-04-22T04:14:01+00:00","og_image":[{"url":"https:\/\/esbozodeportivo.com\/wp-content\/uploads\/2024\/04\/foto2.jpeg","type":"","width":"","height":""}],"author":"Javier De La Cruz","twitter_card":"summary_large_image","twitter_misc":{"Escrito por":"Javier De La Cruz","Tiempo de lectura":"1 minuto"},"schema":{"@context":"https:\/\/schema.org","@graph":[{"@type":"Article","@id":"https:\/\/esbozodeportivo.com\/index.php\/2024\/04\/22\/algena-gonzalez-y-ever-palma-consiguen-boleto-para-paris-2024\/#article","isPartOf":{"@id":"https:\/\/esbozodeportivo.com\/index.php\/2024\/04\/22\/algena-gonzalez-y-ever-palma-consiguen-boleto-para-paris-2024\/"},"author":{"name":"Javier De La Cruz","@id":"https:\/\/esbozodeportivo.com\/#\/schema\/person\/7277119c98823aec37bbb84e125efd44"},"headline":"Algena Gonz\u00e1lez y Ever Palma, consiguen boleto para Par\u00eds 2024\u00a0","datePublished":"2024-04-22T04:10:57+00:00","dateModified":"2024-04-22T04:14:01+00:00","mainEntityOfPage":{"@id":"https:\/\/esbozodeportivo.com\/index.php\/2024\/04\/22\/algena-gonzalez-y-ever-palma-consiguen-boleto-para-paris-2024\/"},"wordCount":302,"commentCount":0,"publisher":{"@id":"https:\/\/esbozodeportivo.com\/#organization"},"image":{"@id":"https:\/\/esbozodeportivo.com\/index.php\/2024\/04\/22\/algena-gonzalez-y-ever-palma-consiguen-boleto-para-paris-2024\/#primaryimage"},"thumbnailUrl":"https:\/\/esbozodeportivo.com\/wp-content\/uploads\/2024\/04\/foto2.jpeg","articleSection":["Amateur"],"inLanguage":"es","potentialAction":[{"@type":"CommentAction","name":"Comment","target":["https:\/\/esbozodeportivo.com\/index.php\/2024\/04\/22\/algena-gonzalez-y-ever-palma-consiguen-boleto-para-paris-2024\/#respond"]}]},{"@type":"WebPage","@id":"https:\/\/esbozodeportivo.com\/index.php\/2024\/04\/22\/algena-gonzalez-y-ever-palma-consiguen-boleto-para-paris-2024\/","url":"https:\/\/esbozodeportivo.com\/index.php\/2024\/04\/22\/algena-gonzalez-y-ever-palma-consiguen-boleto-para-paris-2024\/","name":"Algena Gonz\u00e1lez y Ever Palma, consiguen boleto para Par\u00eds 2024\u00a0 - Esbozo Deportivo","isPartOf":{"@id":"https:\/\/esbozodeportivo.com\/#website"},"primaryImageOfPage":{"@id":"https:\/\/esbozodeportivo.com\/index.php\/2024\/04\/22\/algena-gonzalez-y-ever-palma-consiguen-boleto-para-paris-2024\/#primaryimage"},"image":{"@id":"https:\/\/esbozodeportivo.com\/index.php\/2024\/04\/22\/algena-gonzalez-y-ever-palma-consiguen-boleto-para-paris-2024\/#primaryimage"},"thumbnailUrl":"https:\/\/esbozodeportivo.com\/wp-content\/uploads\/2024\/04\/foto2.jpeg","datePublished":"2024-04-22T04:10:57+00:00","dateModified":"2024-04-22T04:14:01+00:00","breadcrumb":{"@id":"https:\/\/esbozodeportivo.com\/index.php\/2024\/04\/22\/algena-gonzalez-y-ever-palma-consiguen-boleto-para-paris-2024\/#breadcrumb"},"inLanguage":"es","potentialAction":[{"@type":"ReadAction","target":["https:\/\/esbozodeportivo.com\/index.php\/2024\/04\/22\/algena-gonzalez-y-ever-palma-consiguen-boleto-para-paris-2024\/"]}]},{"@type":"ImageObject","inLanguage":"es","@id":"https:\/\/esbozodeportivo.com\/index.php\/2024\/04\/22\/algena-gonzalez-y-ever-palma-consiguen-boleto-para-paris-2024\/#primaryimage","url":"https:\/\/esbozodeportivo.com\/wp-content\/uploads\/2024\/04\/foto2.jpeg","contentUrl":"https:\/\/esbozodeportivo.com\/wp-content\/uploads\/2024\/04\/foto2.jpeg","width":877,"height":582},{"@type":"BreadcrumbList","@id":"https:\/\/esbozodeportivo.com\/index.php\/2024\/04\/22\/algena-gonzalez-y-ever-palma-consiguen-boleto-para-paris-2024\/#breadcrumb","itemListElement":[{"@type":"ListItem","position":1,"name":"Inicio","item":"https:\/\/esbozodeportivo.com\/"},{"@type":"ListItem","position":2,"name":"Algena Gonz\u00e1lez y Ever Palma, consiguen boleto para Par\u00eds 2024\u00a0"}]},{"@type":"WebSite","@id":"https:\/\/esbozodeportivo.com\/#website","url":"https:\/\/esbozodeportivo.com\/","name":"Esbozo Deportivo","description":"Lo m\u00e1s importante del Deporte","publisher":{"@id":"https:\/\/esbozodeportivo.com\/#organization"},"potentialAction":[{"@type":"SearchAction","target":{"@type":"EntryPoint","urlTemplate":"https:\/\/esbozodeportivo.com\/?s={search_term_string}"},"query-input":{"@type":"PropertyValueSpecification","valueRequired":true,"valueName":"search_term_string"}}],"inLanguage":"es"},{"@type":"Organization","@id":"https:\/\/esbozodeportivo.com\/#organization","name":"Esbozo Deportivo","url":"https:\/\/esbozodeportivo.com\/","logo":{"@type":"ImageObject","inLanguage":"es","@id":"https:\/\/esbozodeportivo.com\/#\/schema\/logo\/image\/","url":"https:\/\/esbozodeportivo.com\/wp-content\/uploads\/2022\/08\/cropped-Logo-Esbozo-Web-2.png","contentUrl":"https:\/\/esbozodeportivo.com\/wp-content\/uploads\/2022\/08\/cropped-Logo-Esbozo-Web-2.png","width":180,"height":50,"caption":"Esbozo Deportivo"},"image":{"@id":"https:\/\/esbozodeportivo.com\/#\/schema\/logo\/image\/"}},{"@type":"Person","@id":"https:\/\/esbozodeportivo.com\/#\/schema\/person\/7277119c98823aec37bbb84e125efd44","name":"Javier De La Cruz","image":{"@type":"ImageObject","inLanguage":"es","@id":"https:\/\/esbozodeportivo.com\/#\/schema\/person\/image\/","url":"https:\/\/secure.gravatar.com\/avatar\/366235a56d20f1a6e8e3d0b295897639357bea880470ddf261d17bb0bc052eb1?s=96&d=mm&r=g","contentUrl":"https:\/\/secure.gravatar.com\/avatar\/366235a56d20f1a6e8e3d0b295897639357bea880470ddf261d17bb0bc052eb1?s=96&d=mm&r=g","caption":"Javier De La Cruz"},"url":"https:\/\/esbozodeportivo.com\/index.php\/author\/javier-de-la-cruz-de-la-cruz\/"}]}},"jetpack_featured_media_url":"","jetpack_sharing_enabled":true,"_links":{"self":[{"href":"https:\/\/esbozodeportivo.com\/index.php\/wp-json\/wp\/v2\/posts\/3397","targetHints":{"allow":["GET"]}}],"collection":[{"href":"https:\/\/esbozodeportivo.com\/index.php\/wp-json\/wp\/v2\/posts"}],"about":[{"href":"https:\/\/esbozodeportivo.com\/index.php\/wp-json\/wp\/v2\/types\/post"}],"author":[{"embeddable":true,"href":"https:\/\/esbozodeportivo.com\/index.php\/wp-json\/wp\/v2\/users\/2"}],"replies":[{"embeddable":true,"href":"https:\/\/esbozodeportivo.com\/index.php\/wp-json\/wp\/v2\/comments?post=3397"}],"version-history":[{"count":4,"href":"https:\/\/esbozodeportivo.com\/index.php\/wp-json\/wp\/v2\/posts\/3397\/revisions"}],"predecessor-version":[{"id":3403,"href":"https:\/\/esbozodeportivo.com\/index.php\/wp-json\/wp\/v2\/posts\/3397\/revisions\/3403"}],"wp:attachment":[{"href":"https:\/\/esbozodeportivo.com\/index.php\/wp-json\/wp\/v2\/media?parent=3397"}],"wp:term":[{"taxonomy":"category","embeddable":true,"href":"https:\/\/esbozodeportivo.com\/index.php\/wp-json\/wp\/v2\/categories?post=3397"},{"taxonomy":"post_tag","embeddable":true,"href":"https:\/\/esbozodeportivo.com\/index.php\/wp-json\/wp\/v2\/tags?post=3397"}],"curies":[{"name":"wp","href":"https:\/\/api.w.org\/{rel}","templated":true}]}}