{"id":3404,"date":"2024-04-22T04:17:20","date_gmt":"2024-04-22T04:17:20","guid":{"rendered":"https:\/\/esbozodeportivo.com\/?p=3404"},"modified":"2024-04-22T04:19:14","modified_gmt":"2024-04-22T04:19:14","slug":"se-cumplieron-con-las-expectativas-alegna-gonzalez","status":"publish","type":"post","link":"https:\/\/esbozodeportivo.com\/index.php\/2024\/04\/22\/se-cumplieron-con-las-expectativas-alegna-gonzalez\/","title":{"rendered":"Se cumplieron con las expectativas: Alegna Gonz\u00e1lez"},"content":{"rendered":"<style>\/*! elementor - v3.21.0 - 18-04-2024 *\/\n.elementor-widget-image{text-align:center}.elementor-widget-image a{display:inline-block}.elementor-widget-image a img[src$=\".svg\"]{width:48px}.elementor-widget-image img{vertical-align:middle;display:inline-block}<\/style>\n<p>\t\t\t\t\t\t\t\t\t\t<img loading=\"lazy\" decoding=\"async\" width=\"640\" height=\"660\" src=\"https:\/\/esbozodeportivo.com\/wp-content\/uploads\/2024\/04\/FB_IMG_1713729704089.jpg\" alt=\"\" srcset=\"https:\/\/esbozodeportivo.com\/wp-content\/uploads\/2024\/04\/FB_IMG_1713729704089.jpg 720w, https:\/\/esbozodeportivo.com\/wp-content\/uploads\/2024\/04\/FB_IMG_1713729704089-291x300.jpg 291w\" sizes=\"auto, (max-width: 640px) 100vw, 640px\" \/>\t\t\t\t\t\t\t\t\t\t\t\t\t<\/p>\n<p><strong>(Foto: Fedmxatle)<\/strong><strong>\u00a0<\/strong><\/p>\n<p>Los mexicanos Alegna Gonz\u00e1lez y Ever Palma coincidieron en se\u00f1alar que cumplieron las expectativas en forma individual y su clasificaci\u00f3n como equipo a los Juegos Ol\u00edmpicos de Pa\u00eds 2024, al obtener la plaza durante el Campeonato Mundial de Marcha en Turqu\u00eda, en el que ocuparon la cuarta posici\u00f3n en la prueba de marat\u00f3n de marcha mixto.<\/p>\n<p>Los andarines se mostraron felices con este nuevo logro en su carrera deportiva, luego de enfrentar a las mejores parejas durante el campeonato mundial que termin\u00f3 este domingo y en la que tomaron parte 15 marchistas mexicanos.<\/p>\n<p>\u201cSiempre he sido muy individualista, primero que nada, porque creo que estamos en un deporte individual y por mi parte ahora que estoy haciendo equipo pues esper\u00e1bamos estar dentro de los primeros diez incluso cinco\u201d, destac\u00f3 la marchista chihuahuense al t\u00e9rmino de su competencia en la que registraron un tiempo de 2 horas, 57 minutos y 04 segundos.<\/p>\n<p>Mientras que el andar\u00edn Ever Palma reconoci\u00f3 que fue un buen desempe\u00f1o durante el recorrido y se mostr\u00f3 contento, sobre todo porque al igual que Alegna tendr\u00e1 la oportunidad de competir en dos pruebas en los Juegos Ol\u00edmpicos de Par\u00eds, siempre y cuando lo ratifique la Federaci\u00f3n Mexicana de Asociaciones de Atletismo.<\/p>\n<p>\u201cEs el trabajo al lado de muchas personas que est\u00e1n con nosotros. Ya ser\u00e1n mis terceros Juegos Ol\u00edmpicos y siempre es una gran ilusi\u00f3n poder representar a mi pa\u00eds y es una responsabilidad que tambi\u00e9n lo tomo con honor y respeto\u201d.<\/p>\n<p>El equipo mexicano de marcha, con 15 integrantes, tuvo un buen desempe\u00f1o en Antalya y ahora se dispondr\u00e1 a prepararse para la siguiente parada que ser\u00e1 en Espa\u00f1a.<\/p>\n<p>\u00a0<\/p>\n","protected":false},"excerpt":{"rendered":"<p>(Foto: Fedmxatle)\u00a0 Los mexicanos Alegna Gonz\u00e1lez y Ever Palma coincidieron en se\u00f1alar que cumplieron las<\/p>\n","protected":false},"author":2,"featured_media":0,"comment_status":"open","ping_status":"open","sticky":false,"template":"","format":"standard","meta":{"_jetpack_memberships_contains_paid_content":false,"footnotes":""},"categories":[5],"tags":[],"class_list":["post-3404","post","type-post","status-publish","format-standard","hentry","category-amateur"],"yoast_head":"<!-- This site is optimized with the Yoast SEO plugin v25.7 - https:\/\/yoast.com\/wordpress\/plugins\/seo\/ -->\n<title>Se cumplieron con las expectativas: Alegna Gonz\u00e1lez - Esbozo Deportivo<\/title>\n<meta name=\"robots\" content=\"index, follow, max-snippet:-1, max-image-preview:large, max-video-preview:-1\" \/>\n<link rel=\"canonical\" href=\"https:\/\/esbozodeportivo.com\/index.php\/2024\/04\/22\/se-cumplieron-con-las-expectativas-alegna-gonzalez\/\" \/>\n<meta property=\"og:locale\" content=\"es_MX\" \/>\n<meta property=\"og:type\" content=\"article\" \/>\n<meta property=\"og:title\" content=\"Se cumplieron con las expectativas: Alegna Gonz\u00e1lez - Esbozo Deportivo\" \/>\n<meta property=\"og:description\" content=\"(Foto: Fedmxatle)\u00a0 Los mexicanos Alegna Gonz\u00e1lez y Ever Palma coincidieron en se\u00f1alar que cumplieron las\" \/>\n<meta property=\"og:url\" content=\"https:\/\/esbozodeportivo.com\/index.php\/2024\/04\/22\/se-cumplieron-con-las-expectativas-alegna-gonzalez\/\" \/>\n<meta property=\"og:site_name\" content=\"Esbozo Deportivo\" \/>\n<meta property=\"article:published_time\" content=\"2024-04-22T04:17:20+00:00\" \/>\n<meta property=\"article:modified_time\" content=\"2024-04-22T04:19:14+00:00\" \/>\n<meta property=\"og:image\" content=\"https:\/\/esbozodeportivo.com\/wp-content\/uploads\/2024\/04\/FB_IMG_1713729704089.jpg\" \/>\n<meta name=\"author\" content=\"Javier De La Cruz\" \/>\n<meta name=\"twitter:card\" content=\"summary_large_image\" \/>\n<meta name=\"twitter:label1\" content=\"Escrito por\" \/>\n\t<meta name=\"twitter:data1\" content=\"Javier De La Cruz\" \/>\n\t<meta name=\"twitter:label2\" content=\"Tiempo de lectura\" \/>\n\t<meta name=\"twitter:data2\" content=\"1 minuto\" \/>\n<script type=\"application\/ld+json\" class=\"yoast-schema-graph\">{\"@context\":\"https:\/\/schema.org\",\"@graph\":[{\"@type\":\"Article\",\"@id\":\"https:\/\/esbozodeportivo.com\/index.php\/2024\/04\/22\/se-cumplieron-con-las-expectativas-alegna-gonzalez\/#article\",\"isPartOf\":{\"@id\":\"https:\/\/esbozodeportivo.com\/index.php\/2024\/04\/22\/se-cumplieron-con-las-expectativas-alegna-gonzalez\/\"},\"author\":{\"name\":\"Javier De La Cruz\",\"@id\":\"https:\/\/esbozodeportivo.com\/#\/schema\/person\/7277119c98823aec37bbb84e125efd44\"},\"headline\":\"Se cumplieron con las expectativas: Alegna Gonz\u00e1lez\",\"datePublished\":\"2024-04-22T04:17:20+00:00\",\"dateModified\":\"2024-04-22T04:19:14+00:00\",\"mainEntityOfPage\":{\"@id\":\"https:\/\/esbozodeportivo.com\/index.php\/2024\/04\/22\/se-cumplieron-con-las-expectativas-alegna-gonzalez\/\"},\"wordCount\":299,\"commentCount\":0,\"publisher\":{\"@id\":\"https:\/\/esbozodeportivo.com\/#organization\"},\"image\":{\"@id\":\"https:\/\/esbozodeportivo.com\/index.php\/2024\/04\/22\/se-cumplieron-con-las-expectativas-alegna-gonzalez\/#primaryimage\"},\"thumbnailUrl\":\"https:\/\/esbozodeportivo.com\/wp-content\/uploads\/2024\/04\/FB_IMG_1713729704089.jpg\",\"articleSection\":[\"Amateur\"],\"inLanguage\":\"es\",\"potentialAction\":[{\"@type\":\"CommentAction\",\"name\":\"Comment\",\"target\":[\"https:\/\/esbozodeportivo.com\/index.php\/2024\/04\/22\/se-cumplieron-con-las-expectativas-alegna-gonzalez\/#respond\"]}]},{\"@type\":\"WebPage\",\"@id\":\"https:\/\/esbozodeportivo.com\/index.php\/2024\/04\/22\/se-cumplieron-con-las-expectativas-alegna-gonzalez\/\",\"url\":\"https:\/\/esbozodeportivo.com\/index.php\/2024\/04\/22\/se-cumplieron-con-las-expectativas-alegna-gonzalez\/\",\"name\":\"Se cumplieron con las expectativas: Alegna Gonz\u00e1lez - Esbozo Deportivo\",\"isPartOf\":{\"@id\":\"https:\/\/esbozodeportivo.com\/#website\"},\"primaryImageOfPage\":{\"@id\":\"https:\/\/esbozodeportivo.com\/index.php\/2024\/04\/22\/se-cumplieron-con-las-expectativas-alegna-gonzalez\/#primaryimage\"},\"image\":{\"@id\":\"https:\/\/esbozodeportivo.com\/index.php\/2024\/04\/22\/se-cumplieron-con-las-expectativas-alegna-gonzalez\/#primaryimage\"},\"thumbnailUrl\":\"https:\/\/esbozodeportivo.com\/wp-content\/uploads\/2024\/04\/FB_IMG_1713729704089.jpg\",\"datePublished\":\"2024-04-22T04:17:20+00:00\",\"dateModified\":\"2024-04-22T04:19:14+00:00\",\"breadcrumb\":{\"@id\":\"https:\/\/esbozodeportivo.com\/index.php\/2024\/04\/22\/se-cumplieron-con-las-expectativas-alegna-gonzalez\/#breadcrumb\"},\"inLanguage\":\"es\",\"potentialAction\":[{\"@type\":\"ReadAction\",\"target\":[\"https:\/\/esbozodeportivo.com\/index.php\/2024\/04\/22\/se-cumplieron-con-las-expectativas-alegna-gonzalez\/\"]}]},{\"@type\":\"ImageObject\",\"inLanguage\":\"es\",\"@id\":\"https:\/\/esbozodeportivo.com\/index.php\/2024\/04\/22\/se-cumplieron-con-las-expectativas-alegna-gonzalez\/#primaryimage\",\"url\":\"https:\/\/esbozodeportivo.com\/wp-content\/uploads\/2024\/04\/FB_IMG_1713729704089.jpg\",\"contentUrl\":\"https:\/\/esbozodeportivo.com\/wp-content\/uploads\/2024\/04\/FB_IMG_1713729704089.jpg\",\"width\":720,\"height\":742},{\"@type\":\"BreadcrumbList\",\"@id\":\"https:\/\/esbozodeportivo.com\/index.php\/2024\/04\/22\/se-cumplieron-con-las-expectativas-alegna-gonzalez\/#breadcrumb\",\"itemListElement\":[{\"@type\":\"ListItem\",\"position\":1,\"name\":\"Inicio\",\"item\":\"https:\/\/esbozodeportivo.com\/\"},{\"@type\":\"ListItem\",\"position\":2,\"name\":\"Se cumplieron con las expectativas: Alegna Gonz\u00e1lez\"}]},{\"@type\":\"WebSite\",\"@id\":\"https:\/\/esbozodeportivo.com\/#website\",\"url\":\"https:\/\/esbozodeportivo.com\/\",\"name\":\"Esbozo Deportivo\",\"description\":\"Lo m\u00e1s importante del Deporte\",\"publisher\":{\"@id\":\"https:\/\/esbozodeportivo.com\/#organization\"},\"potentialAction\":[{\"@type\":\"SearchAction\",\"target\":{\"@type\":\"EntryPoint\",\"urlTemplate\":\"https:\/\/esbozodeportivo.com\/?s={search_term_string}\"},\"query-input\":{\"@type\":\"PropertyValueSpecification\",\"valueRequired\":true,\"valueName\":\"search_term_string\"}}],\"inLanguage\":\"es\"},{\"@type\":\"Organization\",\"@id\":\"https:\/\/esbozodeportivo.com\/#organization\",\"name\":\"Esbozo Deportivo\",\"url\":\"https:\/\/esbozodeportivo.com\/\",\"logo\":{\"@type\":\"ImageObject\",\"inLanguage\":\"es\",\"@id\":\"https:\/\/esbozodeportivo.com\/#\/schema\/logo\/image\/\",\"url\":\"https:\/\/esbozodeportivo.com\/wp-content\/uploads\/2022\/08\/cropped-Logo-Esbozo-Web-2.png\",\"contentUrl\":\"https:\/\/esbozodeportivo.com\/wp-content\/uploads\/2022\/08\/cropped-Logo-Esbozo-Web-2.png\",\"width\":180,\"height\":50,\"caption\":\"Esbozo Deportivo\"},\"image\":{\"@id\":\"https:\/\/esbozodeportivo.com\/#\/schema\/logo\/image\/\"}},{\"@type\":\"Person\",\"@id\":\"https:\/\/esbozodeportivo.com\/#\/schema\/person\/7277119c98823aec37bbb84e125efd44\",\"name\":\"Javier De La Cruz\",\"image\":{\"@type\":\"ImageObject\",\"inLanguage\":\"es\",\"@id\":\"https:\/\/esbozodeportivo.com\/#\/schema\/person\/image\/\",\"url\":\"https:\/\/secure.gravatar.com\/avatar\/366235a56d20f1a6e8e3d0b295897639357bea880470ddf261d17bb0bc052eb1?s=96&d=mm&r=g\",\"contentUrl\":\"https:\/\/secure.gravatar.com\/avatar\/366235a56d20f1a6e8e3d0b295897639357bea880470ddf261d17bb0bc052eb1?s=96&d=mm&r=g\",\"caption\":\"Javier De La Cruz\"},\"url\":\"https:\/\/esbozodeportivo.com\/index.php\/author\/javier-de-la-cruz-de-la-cruz\/\"}]}<\/script>\n<!-- \/ Yoast SEO plugin. -->","yoast_head_json":{"title":"Se cumplieron con las expectativas: Alegna Gonz\u00e1lez - Esbozo Deportivo","robots":{"index":"index","follow":"follow","max-snippet":"max-snippet:-1","max-image-preview":"max-image-preview:large","max-video-preview":"max-video-preview:-1"},"canonical":"https:\/\/esbozodeportivo.com\/index.php\/2024\/04\/22\/se-cumplieron-con-las-expectativas-alegna-gonzalez\/","og_locale":"es_MX","og_type":"article","og_title":"Se cumplieron con las expectativas: Alegna Gonz\u00e1lez - Esbozo Deportivo","og_description":"(Foto: Fedmxatle)\u00a0 Los mexicanos Alegna Gonz\u00e1lez y Ever Palma coincidieron en se\u00f1alar que cumplieron las","og_url":"https:\/\/esbozodeportivo.com\/index.php\/2024\/04\/22\/se-cumplieron-con-las-expectativas-alegna-gonzalez\/","og_site_name":"Esbozo Deportivo","article_published_time":"2024-04-22T04:17:20+00:00","article_modified_time":"2024-04-22T04:19:14+00:00","og_image":[{"url":"https:\/\/esbozodeportivo.com\/wp-content\/uploads\/2024\/04\/FB_IMG_1713729704089.jpg","type":"","width":"","height":""}],"author":"Javier De La Cruz","twitter_card":"summary_large_image","twitter_misc":{"Escrito por":"Javier De La Cruz","Tiempo de lectura":"1 minuto"},"schema":{"@context":"https:\/\/schema.org","@graph":[{"@type":"Article","@id":"https:\/\/esbozodeportivo.com\/index.php\/2024\/04\/22\/se-cumplieron-con-las-expectativas-alegna-gonzalez\/#article","isPartOf":{"@id":"https:\/\/esbozodeportivo.com\/index.php\/2024\/04\/22\/se-cumplieron-con-las-expectativas-alegna-gonzalez\/"},"author":{"name":"Javier De La Cruz","@id":"https:\/\/esbozodeportivo.com\/#\/schema\/person\/7277119c98823aec37bbb84e125efd44"},"headline":"Se cumplieron con las expectativas: Alegna Gonz\u00e1lez","datePublished":"2024-04-22T04:17:20+00:00","dateModified":"2024-04-22T04:19:14+00:00","mainEntityOfPage":{"@id":"https:\/\/esbozodeportivo.com\/index.php\/2024\/04\/22\/se-cumplieron-con-las-expectativas-alegna-gonzalez\/"},"wordCount":299,"commentCount":0,"publisher":{"@id":"https:\/\/esbozodeportivo.com\/#organization"},"image":{"@id":"https:\/\/esbozodeportivo.com\/index.php\/2024\/04\/22\/se-cumplieron-con-las-expectativas-alegna-gonzalez\/#primaryimage"},"thumbnailUrl":"https:\/\/esbozodeportivo.com\/wp-content\/uploads\/2024\/04\/FB_IMG_1713729704089.jpg","articleSection":["Amateur"],"inLanguage":"es","potentialAction":[{"@type":"CommentAction","name":"Comment","target":["https:\/\/esbozodeportivo.com\/index.php\/2024\/04\/22\/se-cumplieron-con-las-expectativas-alegna-gonzalez\/#respond"]}]},{"@type":"WebPage","@id":"https:\/\/esbozodeportivo.com\/index.php\/2024\/04\/22\/se-cumplieron-con-las-expectativas-alegna-gonzalez\/","url":"https:\/\/esbozodeportivo.com\/index.php\/2024\/04\/22\/se-cumplieron-con-las-expectativas-alegna-gonzalez\/","name":"Se cumplieron con las expectativas: Alegna Gonz\u00e1lez - Esbozo Deportivo","isPartOf":{"@id":"https:\/\/esbozodeportivo.com\/#website"},"primaryImageOfPage":{"@id":"https:\/\/esbozodeportivo.com\/index.php\/2024\/04\/22\/se-cumplieron-con-las-expectativas-alegna-gonzalez\/#primaryimage"},"image":{"@id":"https:\/\/esbozodeportivo.com\/index.php\/2024\/04\/22\/se-cumplieron-con-las-expectativas-alegna-gonzalez\/#primaryimage"},"thumbnailUrl":"https:\/\/esbozodeportivo.com\/wp-content\/uploads\/2024\/04\/FB_IMG_1713729704089.jpg","datePublished":"2024-04-22T04:17:20+00:00","dateModified":"2024-04-22T04:19:14+00:00","breadcrumb":{"@id":"https:\/\/esbozodeportivo.com\/index.php\/2024\/04\/22\/se-cumplieron-con-las-expectativas-alegna-gonzalez\/#breadcrumb"},"inLanguage":"es","potentialAction":[{"@type":"ReadAction","target":["https:\/\/esbozodeportivo.com\/index.php\/2024\/04\/22\/se-cumplieron-con-las-expectativas-alegna-gonzalez\/"]}]},{"@type":"ImageObject","inLanguage":"es","@id":"https:\/\/esbozodeportivo.com\/index.php\/2024\/04\/22\/se-cumplieron-con-las-expectativas-alegna-gonzalez\/#primaryimage","url":"https:\/\/esbozodeportivo.com\/wp-content\/uploads\/2024\/04\/FB_IMG_1713729704089.jpg","contentUrl":"https:\/\/esbozodeportivo.com\/wp-content\/uploads\/2024\/04\/FB_IMG_1713729704089.jpg","width":720,"height":742},{"@type":"BreadcrumbList","@id":"https:\/\/esbozodeportivo.com\/index.php\/2024\/04\/22\/se-cumplieron-con-las-expectativas-alegna-gonzalez\/#breadcrumb","itemListElement":[{"@type":"ListItem","position":1,"name":"Inicio","item":"https:\/\/esbozodeportivo.com\/"},{"@type":"ListItem","position":2,"name":"Se cumplieron con las expectativas: Alegna Gonz\u00e1lez"}]},{"@type":"WebSite","@id":"https:\/\/esbozodeportivo.com\/#website","url":"https:\/\/esbozodeportivo.com\/","name":"Esbozo Deportivo","description":"Lo m\u00e1s importante del Deporte","publisher":{"@id":"https:\/\/esbozodeportivo.com\/#organization"},"potentialAction":[{"@type":"SearchAction","target":{"@type":"EntryPoint","urlTemplate":"https:\/\/esbozodeportivo.com\/?s={search_term_string}"},"query-input":{"@type":"PropertyValueSpecification","valueRequired":true,"valueName":"search_term_string"}}],"inLanguage":"es"},{"@type":"Organization","@id":"https:\/\/esbozodeportivo.com\/#organization","name":"Esbozo Deportivo","url":"https:\/\/esbozodeportivo.com\/","logo":{"@type":"ImageObject","inLanguage":"es","@id":"https:\/\/esbozodeportivo.com\/#\/schema\/logo\/image\/","url":"https:\/\/esbozodeportivo.com\/wp-content\/uploads\/2022\/08\/cropped-Logo-Esbozo-Web-2.png","contentUrl":"https:\/\/esbozodeportivo.com\/wp-content\/uploads\/2022\/08\/cropped-Logo-Esbozo-Web-2.png","width":180,"height":50,"caption":"Esbozo Deportivo"},"image":{"@id":"https:\/\/esbozodeportivo.com\/#\/schema\/logo\/image\/"}},{"@type":"Person","@id":"https:\/\/esbozodeportivo.com\/#\/schema\/person\/7277119c98823aec37bbb84e125efd44","name":"Javier De La Cruz","image":{"@type":"ImageObject","inLanguage":"es","@id":"https:\/\/esbozodeportivo.com\/#\/schema\/person\/image\/","url":"https:\/\/secure.gravatar.com\/avatar\/366235a56d20f1a6e8e3d0b295897639357bea880470ddf261d17bb0bc052eb1?s=96&d=mm&r=g","contentUrl":"https:\/\/secure.gravatar.com\/avatar\/366235a56d20f1a6e8e3d0b295897639357bea880470ddf261d17bb0bc052eb1?s=96&d=mm&r=g","caption":"Javier De La Cruz"},"url":"https:\/\/esbozodeportivo.com\/index.php\/author\/javier-de-la-cruz-de-la-cruz\/"}]}},"jetpack_featured_media_url":"","jetpack_sharing_enabled":true,"_links":{"self":[{"href":"https:\/\/esbozodeportivo.com\/index.php\/wp-json\/wp\/v2\/posts\/3404","targetHints":{"allow":["GET"]}}],"collection":[{"href":"https:\/\/esbozodeportivo.com\/index.php\/wp-json\/wp\/v2\/posts"}],"about":[{"href":"https:\/\/esbozodeportivo.com\/index.php\/wp-json\/wp\/v2\/types\/post"}],"author":[{"embeddable":true,"href":"https:\/\/esbozodeportivo.com\/index.php\/wp-json\/wp\/v2\/users\/2"}],"replies":[{"embeddable":true,"href":"https:\/\/esbozodeportivo.com\/index.php\/wp-json\/wp\/v2\/comments?post=3404"}],"version-history":[{"count":4,"href":"https:\/\/esbozodeportivo.com\/index.php\/wp-json\/wp\/v2\/posts\/3404\/revisions"}],"predecessor-version":[{"id":3409,"href":"https:\/\/esbozodeportivo.com\/index.php\/wp-json\/wp\/v2\/posts\/3404\/revisions\/3409"}],"wp:attachment":[{"href":"https:\/\/esbozodeportivo.com\/index.php\/wp-json\/wp\/v2\/media?parent=3404"}],"wp:term":[{"taxonomy":"category","embeddable":true,"href":"https:\/\/esbozodeportivo.com\/index.php\/wp-json\/wp\/v2\/categories?post=3404"},{"taxonomy":"post_tag","embeddable":true,"href":"https:\/\/esbozodeportivo.com\/index.php\/wp-json\/wp\/v2\/tags?post=3404"}],"curies":[{"name":"wp","href":"https:\/\/api.w.org\/{rel}","templated":true}]}}