{"id":3411,"date":"2024-05-02T02:14:22","date_gmt":"2024-05-02T02:14:22","guid":{"rendered":"https:\/\/esbozodeportivo.com\/?p=3411"},"modified":"2024-05-02T02:17:08","modified_gmt":"2024-05-02T02:17:08","slug":"llega-el-programa-de-activacion-fisica-laboral-al-dia-del-trabajo","status":"publish","type":"post","link":"https:\/\/esbozodeportivo.com\/index.php\/2024\/05\/02\/llega-el-programa-de-activacion-fisica-laboral-al-dia-del-trabajo\/","title":{"rendered":"Llega el Programa de Activaci\u00f3n F\u00edsica laboral al D\u00eda del Trabajo"},"content":{"rendered":"<style>\/*! elementor - v3.21.0 - 30-04-2024 *\/\n.elementor-widget-image{text-align:center}.elementor-widget-image a{display:inline-block}.elementor-widget-image a img[src$=\".svg\"]{width:48px}.elementor-widget-image img{vertical-align:middle;display:inline-block}<\/style>\n<p>\t\t\t\t\t\t\t\t\t\t<img loading=\"lazy\" decoding=\"async\" width=\"640\" height=\"482\" src=\"https:\/\/esbozodeportivo.com\/wp-content\/uploads\/2024\/05\/37f2d6b7-f2e7-4f37-abe8-c7cba8257918-1024x771.jpg\" alt=\"\" srcset=\"https:\/\/esbozodeportivo.com\/wp-content\/uploads\/2024\/05\/37f2d6b7-f2e7-4f37-abe8-c7cba8257918-1024x771.jpg 1024w, https:\/\/esbozodeportivo.com\/wp-content\/uploads\/2024\/05\/37f2d6b7-f2e7-4f37-abe8-c7cba8257918-300x226.jpg 300w, https:\/\/esbozodeportivo.com\/wp-content\/uploads\/2024\/05\/37f2d6b7-f2e7-4f37-abe8-c7cba8257918-768x578.jpg 768w, https:\/\/esbozodeportivo.com\/wp-content\/uploads\/2024\/05\/37f2d6b7-f2e7-4f37-abe8-c7cba8257918-1536x1156.jpg 1536w, https:\/\/esbozodeportivo.com\/wp-content\/uploads\/2024\/05\/37f2d6b7-f2e7-4f37-abe8-c7cba8257918.jpg 1600w\" sizes=\"auto, (max-width: 640px) 100vw, 640px\" \/>\t\t\t\t\t\t\t\t\t\t\t\t\t<\/p>\n<h3>(Foto: INDET)<\/h3>\n<p>El Programa de Activaci\u00f3n F\u00edsica Laboral que impulsan el Congreso del Trabajo y el Instituto del Deporte de los Trabajadores form\u00f3 parte de los Festejos del D\u00eda del Trabajo, con miles de participantes en todo el pa\u00eds, para disfrutar de las rutinas con diferentes ritmos para combatir el sedentarismo y promover la salud f\u00edsica y mental.<\/p>\n<p>El Profesor Pablo Reyes Osorio, Secretario Ejecutivo del Instituto del Deporte de los Trabajadores, dio a conocer que un gran n\u00famero de trabajadores sindicalizados y no sindicalizados de todo el pa\u00eds, se sumaron a las rutinas que integraron, tambi\u00e9n, activadores f\u00edsicos del INDET en diferentes escenarios con motivo de los Festejos del Primero de Mayo.<\/p>\n<p>\t\t\t\t\t\t\t\t\t\t\t\t\t<img loading=\"lazy\" decoding=\"async\" width=\"640\" height=\"480\" src=\"https:\/\/esbozodeportivo.com\/wp-content\/uploads\/2024\/05\/24cd4957-dc0d-483b-b1ed-8261eddd2be8-1024x768.jpg\" alt=\"\" srcset=\"https:\/\/esbozodeportivo.com\/wp-content\/uploads\/2024\/05\/24cd4957-dc0d-483b-b1ed-8261eddd2be8-1024x768.jpg 1024w, https:\/\/esbozodeportivo.com\/wp-content\/uploads\/2024\/05\/24cd4957-dc0d-483b-b1ed-8261eddd2be8-300x225.jpg 300w, https:\/\/esbozodeportivo.com\/wp-content\/uploads\/2024\/05\/24cd4957-dc0d-483b-b1ed-8261eddd2be8-768x576.jpg 768w, https:\/\/esbozodeportivo.com\/wp-content\/uploads\/2024\/05\/24cd4957-dc0d-483b-b1ed-8261eddd2be8-1536x1152.jpg 1536w, https:\/\/esbozodeportivo.com\/wp-content\/uploads\/2024\/05\/24cd4957-dc0d-483b-b1ed-8261eddd2be8.jpg 1600w\" sizes=\"auto, (max-width: 640px) 100vw, 640px\" \/>\t\t\t\t\t\t\t\t\t\t\t\t\t<\/p>\n<h3>(Foto: INDET)<\/h3>\n<p>Una gran cantidad de trabajadores y sus familias conmemoraron este d\u00eda, con desfiles y eventos multideportivos, con recreaci\u00f3n y activaci\u00f3n f\u00edsica.<\/p>\n<p>\u201cLos que integramos el Instituto del Deporte de los Trabajadores, los Secretarios Estatales del INDET, Secretarios de Fomento Deportivo de las Organizaciones Sindicales, Promotores del Deporte Obrero, Activadores F\u00edsicos del \u00e1rea laboral, nos hemos unido para llevar los beneficios de la activaci\u00f3n f\u00edsica a todo el pa\u00eds\u201d, dijo el Profesor Reyes Osorio.<\/p>\n<p>\t\t\t\t\t\t\t\t\t\t\t\t\t<img loading=\"lazy\" decoding=\"async\" width=\"640\" height=\"482\" src=\"https:\/\/esbozodeportivo.com\/wp-content\/uploads\/2024\/05\/9a354d90-b5ef-4bfe-9073-b2797024ea74-1024x771.jpg\" alt=\"\" srcset=\"https:\/\/esbozodeportivo.com\/wp-content\/uploads\/2024\/05\/9a354d90-b5ef-4bfe-9073-b2797024ea74-1024x771.jpg 1024w, https:\/\/esbozodeportivo.com\/wp-content\/uploads\/2024\/05\/9a354d90-b5ef-4bfe-9073-b2797024ea74-300x226.jpg 300w, https:\/\/esbozodeportivo.com\/wp-content\/uploads\/2024\/05\/9a354d90-b5ef-4bfe-9073-b2797024ea74-768x578.jpg 768w, https:\/\/esbozodeportivo.com\/wp-content\/uploads\/2024\/05\/9a354d90-b5ef-4bfe-9073-b2797024ea74-1536x1156.jpg 1536w, https:\/\/esbozodeportivo.com\/wp-content\/uploads\/2024\/05\/9a354d90-b5ef-4bfe-9073-b2797024ea74.jpg 1600w\" sizes=\"auto, (max-width: 640px) 100vw, 640px\" \/>\t\t\t\t\t\t\t\t\t\t\t\t\t<\/p>\n<h3>(Foto: INDET)<\/h3>\n<p>El Secretario Ejecutivo del INDET dijo que el organismo trabaja con un grupo especialista de activadores f\u00edsicos para desarrollar el programa que lleva a cabo en todo el pa\u00eds y beneficiar a los trabajadores y sus familias en el combate al sedentarismo y sus consecuencias.<\/p>\n<p>\u201cTenemos m\u00e1s catedr\u00e1ticos de los cursos para entrenadores de equipos deportivos de f\u00e1bricas, empresas, de sindicatos y muchos m\u00e1s que promovemos la Activaci\u00f3n F\u00edsica, el Deporte y la Recreaci\u00f3n de los Trabajadores de M\u00e9xico, involucrados en este gran programa que lleva a cabo el INDET\u201d, concluy\u00f3.<\/p>\n<p>\u00a0<\/p>\n<p>\t\t\t\t\t\t\t\t\t\t\t\t\t<img loading=\"lazy\" decoding=\"async\" width=\"640\" height=\"360\" src=\"https:\/\/esbozodeportivo.com\/wp-content\/uploads\/2024\/05\/11175a14-3eb6-46b5-936e-49c605eef980-1024x576.jpg\" alt=\"\" srcset=\"https:\/\/esbozodeportivo.com\/wp-content\/uploads\/2024\/05\/11175a14-3eb6-46b5-936e-49c605eef980-1024x576.jpg 1024w, https:\/\/esbozodeportivo.com\/wp-content\/uploads\/2024\/05\/11175a14-3eb6-46b5-936e-49c605eef980-300x169.jpg 300w, https:\/\/esbozodeportivo.com\/wp-content\/uploads\/2024\/05\/11175a14-3eb6-46b5-936e-49c605eef980-768x432.jpg 768w, https:\/\/esbozodeportivo.com\/wp-content\/uploads\/2024\/05\/11175a14-3eb6-46b5-936e-49c605eef980-1536x864.jpg 1536w, https:\/\/esbozodeportivo.com\/wp-content\/uploads\/2024\/05\/11175a14-3eb6-46b5-936e-49c605eef980.jpg 1599w\" sizes=\"auto, (max-width: 640px) 100vw, 640px\" \/>\t\t\t\t\t\t\t\t\t\t\t\t\t<\/p>\n<h3>(Foto: INDET)<\/h3>\n","protected":false},"excerpt":{"rendered":"<p>(Foto: INDET) El Programa de Activaci\u00f3n F\u00edsica Laboral que impulsan el Congreso del Trabajo y<\/p>\n","protected":false},"author":2,"featured_media":0,"comment_status":"open","ping_status":"open","sticky":false,"template":"","format":"standard","meta":{"_jetpack_memberships_contains_paid_content":false,"footnotes":""},"categories":[5],"tags":[],"class_list":["post-3411","post","type-post","status-publish","format-standard","hentry","category-amateur"],"yoast_head":"<!-- This site is optimized with the Yoast SEO plugin v25.7 - https:\/\/yoast.com\/wordpress\/plugins\/seo\/ -->\n<title>Llega el Programa de Activaci\u00f3n F\u00edsica laboral al D\u00eda del Trabajo - Esbozo Deportivo<\/title>\n<meta name=\"robots\" content=\"index, follow, max-snippet:-1, max-image-preview:large, max-video-preview:-1\" \/>\n<link rel=\"canonical\" href=\"https:\/\/esbozodeportivo.com\/index.php\/2024\/05\/02\/llega-el-programa-de-activacion-fisica-laboral-al-dia-del-trabajo\/\" \/>\n<meta property=\"og:locale\" content=\"es_MX\" \/>\n<meta property=\"og:type\" content=\"article\" \/>\n<meta property=\"og:title\" content=\"Llega el Programa de Activaci\u00f3n F\u00edsica laboral al D\u00eda del Trabajo - Esbozo Deportivo\" \/>\n<meta property=\"og:description\" content=\"(Foto: INDET) El Programa de Activaci\u00f3n F\u00edsica Laboral que impulsan el Congreso del Trabajo y\" \/>\n<meta property=\"og:url\" content=\"https:\/\/esbozodeportivo.com\/index.php\/2024\/05\/02\/llega-el-programa-de-activacion-fisica-laboral-al-dia-del-trabajo\/\" \/>\n<meta property=\"og:site_name\" content=\"Esbozo Deportivo\" \/>\n<meta property=\"article:published_time\" content=\"2024-05-02T02:14:22+00:00\" \/>\n<meta property=\"article:modified_time\" content=\"2024-05-02T02:17:08+00:00\" \/>\n<meta property=\"og:image\" content=\"https:\/\/esbozodeportivo.com\/wp-content\/uploads\/2024\/05\/37f2d6b7-f2e7-4f37-abe8-c7cba8257918-1024x771.jpg\" \/>\n<meta name=\"author\" content=\"Javier De La Cruz\" \/>\n<meta name=\"twitter:card\" content=\"summary_large_image\" \/>\n<meta name=\"twitter:label1\" content=\"Escrito por\" \/>\n\t<meta name=\"twitter:data1\" content=\"Javier De La Cruz\" \/>\n\t<meta name=\"twitter:label2\" content=\"Tiempo de lectura\" \/>\n\t<meta name=\"twitter:data2\" content=\"2 minutos\" \/>\n<script type=\"application\/ld+json\" class=\"yoast-schema-graph\">{\"@context\":\"https:\/\/schema.org\",\"@graph\":[{\"@type\":\"Article\",\"@id\":\"https:\/\/esbozodeportivo.com\/index.php\/2024\/05\/02\/llega-el-programa-de-activacion-fisica-laboral-al-dia-del-trabajo\/#article\",\"isPartOf\":{\"@id\":\"https:\/\/esbozodeportivo.com\/index.php\/2024\/05\/02\/llega-el-programa-de-activacion-fisica-laboral-al-dia-del-trabajo\/\"},\"author\":{\"name\":\"Javier De La Cruz\",\"@id\":\"https:\/\/esbozodeportivo.com\/#\/schema\/person\/7277119c98823aec37bbb84e125efd44\"},\"headline\":\"Llega el Programa de Activaci\u00f3n F\u00edsica laboral al D\u00eda del Trabajo\",\"datePublished\":\"2024-05-02T02:14:22+00:00\",\"dateModified\":\"2024-05-02T02:17:08+00:00\",\"mainEntityOfPage\":{\"@id\":\"https:\/\/esbozodeportivo.com\/index.php\/2024\/05\/02\/llega-el-programa-de-activacion-fisica-laboral-al-dia-del-trabajo\/\"},\"wordCount\":324,\"commentCount\":0,\"publisher\":{\"@id\":\"https:\/\/esbozodeportivo.com\/#organization\"},\"image\":{\"@id\":\"https:\/\/esbozodeportivo.com\/index.php\/2024\/05\/02\/llega-el-programa-de-activacion-fisica-laboral-al-dia-del-trabajo\/#primaryimage\"},\"thumbnailUrl\":\"https:\/\/esbozodeportivo.com\/wp-content\/uploads\/2024\/05\/37f2d6b7-f2e7-4f37-abe8-c7cba8257918-1024x771.jpg\",\"articleSection\":[\"Amateur\"],\"inLanguage\":\"es\",\"potentialAction\":[{\"@type\":\"CommentAction\",\"name\":\"Comment\",\"target\":[\"https:\/\/esbozodeportivo.com\/index.php\/2024\/05\/02\/llega-el-programa-de-activacion-fisica-laboral-al-dia-del-trabajo\/#respond\"]}]},{\"@type\":\"WebPage\",\"@id\":\"https:\/\/esbozodeportivo.com\/index.php\/2024\/05\/02\/llega-el-programa-de-activacion-fisica-laboral-al-dia-del-trabajo\/\",\"url\":\"https:\/\/esbozodeportivo.com\/index.php\/2024\/05\/02\/llega-el-programa-de-activacion-fisica-laboral-al-dia-del-trabajo\/\",\"name\":\"Llega el Programa de Activaci\u00f3n F\u00edsica laboral al D\u00eda del Trabajo - Esbozo Deportivo\",\"isPartOf\":{\"@id\":\"https:\/\/esbozodeportivo.com\/#website\"},\"primaryImageOfPage\":{\"@id\":\"https:\/\/esbozodeportivo.com\/index.php\/2024\/05\/02\/llega-el-programa-de-activacion-fisica-laboral-al-dia-del-trabajo\/#primaryimage\"},\"image\":{\"@id\":\"https:\/\/esbozodeportivo.com\/index.php\/2024\/05\/02\/llega-el-programa-de-activacion-fisica-laboral-al-dia-del-trabajo\/#primaryimage\"},\"thumbnailUrl\":\"https:\/\/esbozodeportivo.com\/wp-content\/uploads\/2024\/05\/37f2d6b7-f2e7-4f37-abe8-c7cba8257918-1024x771.jpg\",\"datePublished\":\"2024-05-02T02:14:22+00:00\",\"dateModified\":\"2024-05-02T02:17:08+00:00\",\"breadcrumb\":{\"@id\":\"https:\/\/esbozodeportivo.com\/index.php\/2024\/05\/02\/llega-el-programa-de-activacion-fisica-laboral-al-dia-del-trabajo\/#breadcrumb\"},\"inLanguage\":\"es\",\"potentialAction\":[{\"@type\":\"ReadAction\",\"target\":[\"https:\/\/esbozodeportivo.com\/index.php\/2024\/05\/02\/llega-el-programa-de-activacion-fisica-laboral-al-dia-del-trabajo\/\"]}]},{\"@type\":\"ImageObject\",\"inLanguage\":\"es\",\"@id\":\"https:\/\/esbozodeportivo.com\/index.php\/2024\/05\/02\/llega-el-programa-de-activacion-fisica-laboral-al-dia-del-trabajo\/#primaryimage\",\"url\":\"https:\/\/esbozodeportivo.com\/wp-content\/uploads\/2024\/05\/37f2d6b7-f2e7-4f37-abe8-c7cba8257918.jpg\",\"contentUrl\":\"https:\/\/esbozodeportivo.com\/wp-content\/uploads\/2024\/05\/37f2d6b7-f2e7-4f37-abe8-c7cba8257918.jpg\",\"width\":1600,\"height\":1204},{\"@type\":\"BreadcrumbList\",\"@id\":\"https:\/\/esbozodeportivo.com\/index.php\/2024\/05\/02\/llega-el-programa-de-activacion-fisica-laboral-al-dia-del-trabajo\/#breadcrumb\",\"itemListElement\":[{\"@type\":\"ListItem\",\"position\":1,\"name\":\"Inicio\",\"item\":\"https:\/\/esbozodeportivo.com\/\"},{\"@type\":\"ListItem\",\"position\":2,\"name\":\"Llega el Programa de Activaci\u00f3n F\u00edsica laboral al D\u00eda del Trabajo\"}]},{\"@type\":\"WebSite\",\"@id\":\"https:\/\/esbozodeportivo.com\/#website\",\"url\":\"https:\/\/esbozodeportivo.com\/\",\"name\":\"Esbozo Deportivo\",\"description\":\"Lo m\u00e1s importante del Deporte\",\"publisher\":{\"@id\":\"https:\/\/esbozodeportivo.com\/#organization\"},\"potentialAction\":[{\"@type\":\"SearchAction\",\"target\":{\"@type\":\"EntryPoint\",\"urlTemplate\":\"https:\/\/esbozodeportivo.com\/?s={search_term_string}\"},\"query-input\":{\"@type\":\"PropertyValueSpecification\",\"valueRequired\":true,\"valueName\":\"search_term_string\"}}],\"inLanguage\":\"es\"},{\"@type\":\"Organization\",\"@id\":\"https:\/\/esbozodeportivo.com\/#organization\",\"name\":\"Esbozo Deportivo\",\"url\":\"https:\/\/esbozodeportivo.com\/\",\"logo\":{\"@type\":\"ImageObject\",\"inLanguage\":\"es\",\"@id\":\"https:\/\/esbozodeportivo.com\/#\/schema\/logo\/image\/\",\"url\":\"https:\/\/esbozodeportivo.com\/wp-content\/uploads\/2022\/08\/cropped-Logo-Esbozo-Web-2.png\",\"contentUrl\":\"https:\/\/esbozodeportivo.com\/wp-content\/uploads\/2022\/08\/cropped-Logo-Esbozo-Web-2.png\",\"width\":180,\"height\":50,\"caption\":\"Esbozo Deportivo\"},\"image\":{\"@id\":\"https:\/\/esbozodeportivo.com\/#\/schema\/logo\/image\/\"}},{\"@type\":\"Person\",\"@id\":\"https:\/\/esbozodeportivo.com\/#\/schema\/person\/7277119c98823aec37bbb84e125efd44\",\"name\":\"Javier De La Cruz\",\"image\":{\"@type\":\"ImageObject\",\"inLanguage\":\"es\",\"@id\":\"https:\/\/esbozodeportivo.com\/#\/schema\/person\/image\/\",\"url\":\"https:\/\/secure.gravatar.com\/avatar\/366235a56d20f1a6e8e3d0b295897639357bea880470ddf261d17bb0bc052eb1?s=96&d=mm&r=g\",\"contentUrl\":\"https:\/\/secure.gravatar.com\/avatar\/366235a56d20f1a6e8e3d0b295897639357bea880470ddf261d17bb0bc052eb1?s=96&d=mm&r=g\",\"caption\":\"Javier De La Cruz\"},\"url\":\"https:\/\/esbozodeportivo.com\/index.php\/author\/javier-de-la-cruz-de-la-cruz\/\"}]}<\/script>\n<!-- \/ Yoast SEO plugin. -->","yoast_head_json":{"title":"Llega el Programa de Activaci\u00f3n F\u00edsica laboral al D\u00eda del Trabajo - Esbozo Deportivo","robots":{"index":"index","follow":"follow","max-snippet":"max-snippet:-1","max-image-preview":"max-image-preview:large","max-video-preview":"max-video-preview:-1"},"canonical":"https:\/\/esbozodeportivo.com\/index.php\/2024\/05\/02\/llega-el-programa-de-activacion-fisica-laboral-al-dia-del-trabajo\/","og_locale":"es_MX","og_type":"article","og_title":"Llega el Programa de Activaci\u00f3n F\u00edsica laboral al D\u00eda del Trabajo - Esbozo Deportivo","og_description":"(Foto: INDET) El Programa de Activaci\u00f3n F\u00edsica Laboral que impulsan el Congreso del Trabajo y","og_url":"https:\/\/esbozodeportivo.com\/index.php\/2024\/05\/02\/llega-el-programa-de-activacion-fisica-laboral-al-dia-del-trabajo\/","og_site_name":"Esbozo Deportivo","article_published_time":"2024-05-02T02:14:22+00:00","article_modified_time":"2024-05-02T02:17:08+00:00","og_image":[{"url":"https:\/\/esbozodeportivo.com\/wp-content\/uploads\/2024\/05\/37f2d6b7-f2e7-4f37-abe8-c7cba8257918-1024x771.jpg","type":"","width":"","height":""}],"author":"Javier De La Cruz","twitter_card":"summary_large_image","twitter_misc":{"Escrito por":"Javier De La Cruz","Tiempo de lectura":"2 minutos"},"schema":{"@context":"https:\/\/schema.org","@graph":[{"@type":"Article","@id":"https:\/\/esbozodeportivo.com\/index.php\/2024\/05\/02\/llega-el-programa-de-activacion-fisica-laboral-al-dia-del-trabajo\/#article","isPartOf":{"@id":"https:\/\/esbozodeportivo.com\/index.php\/2024\/05\/02\/llega-el-programa-de-activacion-fisica-laboral-al-dia-del-trabajo\/"},"author":{"name":"Javier De La Cruz","@id":"https:\/\/esbozodeportivo.com\/#\/schema\/person\/7277119c98823aec37bbb84e125efd44"},"headline":"Llega el Programa de Activaci\u00f3n F\u00edsica laboral al D\u00eda del Trabajo","datePublished":"2024-05-02T02:14:22+00:00","dateModified":"2024-05-02T02:17:08+00:00","mainEntityOfPage":{"@id":"https:\/\/esbozodeportivo.com\/index.php\/2024\/05\/02\/llega-el-programa-de-activacion-fisica-laboral-al-dia-del-trabajo\/"},"wordCount":324,"commentCount":0,"publisher":{"@id":"https:\/\/esbozodeportivo.com\/#organization"},"image":{"@id":"https:\/\/esbozodeportivo.com\/index.php\/2024\/05\/02\/llega-el-programa-de-activacion-fisica-laboral-al-dia-del-trabajo\/#primaryimage"},"thumbnailUrl":"https:\/\/esbozodeportivo.com\/wp-content\/uploads\/2024\/05\/37f2d6b7-f2e7-4f37-abe8-c7cba8257918-1024x771.jpg","articleSection":["Amateur"],"inLanguage":"es","potentialAction":[{"@type":"CommentAction","name":"Comment","target":["https:\/\/esbozodeportivo.com\/index.php\/2024\/05\/02\/llega-el-programa-de-activacion-fisica-laboral-al-dia-del-trabajo\/#respond"]}]},{"@type":"WebPage","@id":"https:\/\/esbozodeportivo.com\/index.php\/2024\/05\/02\/llega-el-programa-de-activacion-fisica-laboral-al-dia-del-trabajo\/","url":"https:\/\/esbozodeportivo.com\/index.php\/2024\/05\/02\/llega-el-programa-de-activacion-fisica-laboral-al-dia-del-trabajo\/","name":"Llega el Programa de Activaci\u00f3n F\u00edsica laboral al D\u00eda del Trabajo - Esbozo Deportivo","isPartOf":{"@id":"https:\/\/esbozodeportivo.com\/#website"},"primaryImageOfPage":{"@id":"https:\/\/esbozodeportivo.com\/index.php\/2024\/05\/02\/llega-el-programa-de-activacion-fisica-laboral-al-dia-del-trabajo\/#primaryimage"},"image":{"@id":"https:\/\/esbozodeportivo.com\/index.php\/2024\/05\/02\/llega-el-programa-de-activacion-fisica-laboral-al-dia-del-trabajo\/#primaryimage"},"thumbnailUrl":"https:\/\/esbozodeportivo.com\/wp-content\/uploads\/2024\/05\/37f2d6b7-f2e7-4f37-abe8-c7cba8257918-1024x771.jpg","datePublished":"2024-05-02T02:14:22+00:00","dateModified":"2024-05-02T02:17:08+00:00","breadcrumb":{"@id":"https:\/\/esbozodeportivo.com\/index.php\/2024\/05\/02\/llega-el-programa-de-activacion-fisica-laboral-al-dia-del-trabajo\/#breadcrumb"},"inLanguage":"es","potentialAction":[{"@type":"ReadAction","target":["https:\/\/esbozodeportivo.com\/index.php\/2024\/05\/02\/llega-el-programa-de-activacion-fisica-laboral-al-dia-del-trabajo\/"]}]},{"@type":"ImageObject","inLanguage":"es","@id":"https:\/\/esbozodeportivo.com\/index.php\/2024\/05\/02\/llega-el-programa-de-activacion-fisica-laboral-al-dia-del-trabajo\/#primaryimage","url":"https:\/\/esbozodeportivo.com\/wp-content\/uploads\/2024\/05\/37f2d6b7-f2e7-4f37-abe8-c7cba8257918.jpg","contentUrl":"https:\/\/esbozodeportivo.com\/wp-content\/uploads\/2024\/05\/37f2d6b7-f2e7-4f37-abe8-c7cba8257918.jpg","width":1600,"height":1204},{"@type":"BreadcrumbList","@id":"https:\/\/esbozodeportivo.com\/index.php\/2024\/05\/02\/llega-el-programa-de-activacion-fisica-laboral-al-dia-del-trabajo\/#breadcrumb","itemListElement":[{"@type":"ListItem","position":1,"name":"Inicio","item":"https:\/\/esbozodeportivo.com\/"},{"@type":"ListItem","position":2,"name":"Llega el Programa de Activaci\u00f3n F\u00edsica laboral al D\u00eda del Trabajo"}]},{"@type":"WebSite","@id":"https:\/\/esbozodeportivo.com\/#website","url":"https:\/\/esbozodeportivo.com\/","name":"Esbozo Deportivo","description":"Lo m\u00e1s importante del Deporte","publisher":{"@id":"https:\/\/esbozodeportivo.com\/#organization"},"potentialAction":[{"@type":"SearchAction","target":{"@type":"EntryPoint","urlTemplate":"https:\/\/esbozodeportivo.com\/?s={search_term_string}"},"query-input":{"@type":"PropertyValueSpecification","valueRequired":true,"valueName":"search_term_string"}}],"inLanguage":"es"},{"@type":"Organization","@id":"https:\/\/esbozodeportivo.com\/#organization","name":"Esbozo Deportivo","url":"https:\/\/esbozodeportivo.com\/","logo":{"@type":"ImageObject","inLanguage":"es","@id":"https:\/\/esbozodeportivo.com\/#\/schema\/logo\/image\/","url":"https:\/\/esbozodeportivo.com\/wp-content\/uploads\/2022\/08\/cropped-Logo-Esbozo-Web-2.png","contentUrl":"https:\/\/esbozodeportivo.com\/wp-content\/uploads\/2022\/08\/cropped-Logo-Esbozo-Web-2.png","width":180,"height":50,"caption":"Esbozo Deportivo"},"image":{"@id":"https:\/\/esbozodeportivo.com\/#\/schema\/logo\/image\/"}},{"@type":"Person","@id":"https:\/\/esbozodeportivo.com\/#\/schema\/person\/7277119c98823aec37bbb84e125efd44","name":"Javier De La Cruz","image":{"@type":"ImageObject","inLanguage":"es","@id":"https:\/\/esbozodeportivo.com\/#\/schema\/person\/image\/","url":"https:\/\/secure.gravatar.com\/avatar\/366235a56d20f1a6e8e3d0b295897639357bea880470ddf261d17bb0bc052eb1?s=96&d=mm&r=g","contentUrl":"https:\/\/secure.gravatar.com\/avatar\/366235a56d20f1a6e8e3d0b295897639357bea880470ddf261d17bb0bc052eb1?s=96&d=mm&r=g","caption":"Javier De La Cruz"},"url":"https:\/\/esbozodeportivo.com\/index.php\/author\/javier-de-la-cruz-de-la-cruz\/"}]}},"jetpack_featured_media_url":"","jetpack_sharing_enabled":true,"_links":{"self":[{"href":"https:\/\/esbozodeportivo.com\/index.php\/wp-json\/wp\/v2\/posts\/3411","targetHints":{"allow":["GET"]}}],"collection":[{"href":"https:\/\/esbozodeportivo.com\/index.php\/wp-json\/wp\/v2\/posts"}],"about":[{"href":"https:\/\/esbozodeportivo.com\/index.php\/wp-json\/wp\/v2\/types\/post"}],"author":[{"embeddable":true,"href":"https:\/\/esbozodeportivo.com\/index.php\/wp-json\/wp\/v2\/users\/2"}],"replies":[{"embeddable":true,"href":"https:\/\/esbozodeportivo.com\/index.php\/wp-json\/wp\/v2\/comments?post=3411"}],"version-history":[{"count":4,"href":"https:\/\/esbozodeportivo.com\/index.php\/wp-json\/wp\/v2\/posts\/3411\/revisions"}],"predecessor-version":[{"id":3419,"href":"https:\/\/esbozodeportivo.com\/index.php\/wp-json\/wp\/v2\/posts\/3411\/revisions\/3419"}],"wp:attachment":[{"href":"https:\/\/esbozodeportivo.com\/index.php\/wp-json\/wp\/v2\/media?parent=3411"}],"wp:term":[{"taxonomy":"category","embeddable":true,"href":"https:\/\/esbozodeportivo.com\/index.php\/wp-json\/wp\/v2\/categories?post=3411"},{"taxonomy":"post_tag","embeddable":true,"href":"https:\/\/esbozodeportivo.com\/index.php\/wp-json\/wp\/v2\/tags?post=3411"}],"curies":[{"name":"wp","href":"https:\/\/api.w.org\/{rel}","templated":true}]}}