{"id":3420,"date":"2024-05-02T02:18:44","date_gmt":"2024-05-02T02:18:44","guid":{"rendered":"https:\/\/esbozodeportivo.com\/?p=3420"},"modified":"2024-05-02T02:22:54","modified_gmt":"2024-05-02T02:22:54","slug":"mexicanos-buscan-calificar-a-los-juegos-olimpicos-de-paris","status":"publish","type":"post","link":"https:\/\/esbozodeportivo.com\/index.php\/2024\/05\/02\/mexicanos-buscan-calificar-a-los-juegos-olimpicos-de-paris\/","title":{"rendered":"Mexicanos buscan calificar a los Juegos Ol\u00edmpicos de Par\u00eds"},"content":{"rendered":"<style>\/*! elementor - v3.21.0 - 30-04-2024 *\/\n.elementor-widget-image{text-align:center}.elementor-widget-image a{display:inline-block}.elementor-widget-image a img[src$=\".svg\"]{width:48px}.elementor-widget-image img{vertical-align:middle;display:inline-block}<\/style>\n<p>\t\t\t\t\t\t\t\t\t\t<img loading=\"lazy\" decoding=\"async\" width=\"640\" height=\"480\" src=\"https:\/\/esbozodeportivo.com\/wp-content\/uploads\/2024\/05\/relevo1-1024x768.jpg\" alt=\"\" srcset=\"https:\/\/esbozodeportivo.com\/wp-content\/uploads\/2024\/05\/relevo1-1024x768.jpg 1024w, https:\/\/esbozodeportivo.com\/wp-content\/uploads\/2024\/05\/relevo1-300x225.jpg 300w, https:\/\/esbozodeportivo.com\/wp-content\/uploads\/2024\/05\/relevo1-768x576.jpg 768w, https:\/\/esbozodeportivo.com\/wp-content\/uploads\/2024\/05\/relevo1-1536x1152.jpg 1536w, https:\/\/esbozodeportivo.com\/wp-content\/uploads\/2024\/05\/relevo1.jpg 1600w\" sizes=\"auto, (max-width: 640px) 100vw, 640px\" \/>\t\t\t\t\t\t\t\t\t\t\t\t\t<\/p>\n<p><strong>(Foto: Fedmxatle)<\/strong><strong>\u00a0<\/strong><\/p>\n<p>Los relevos mexicanos est\u00e1n listos para participar en el Campeonato Mundial de Bahamas los d\u00edas 4 y 5 de mayo, en el certamen en el que buscar\u00e1n cumplir con las marcas rumbo a los Juegos Ol\u00edmpicos de Par\u00eds 2024.<\/p>\n<p>Los relevos mixto de 4&#215;400 metros y varonil de 4&#215;400 metros, recibieron sus uniformes durante la reuni\u00f3n con Antonio Lozano, presidente de la Federaci\u00f3n Mexicana de Asociaciones de Atletismo, quien les dio detalles sobre su participaci\u00f3n en el programa de competencias que forma parte del proceso a los Juegos de Par\u00eds 2024.<\/p>\n<p>\u201cSe dio una reuni\u00f3n previa para entregar los uniformes a los relevos mixto y el varonil de 4&#215;400 metros, con la presencia de Alejandro C\u00e1rdenas. Hablamos del proceso y todo lo relacionado al programa de competencias y de esta gran oportunidad que tienen para buscar su clasificaci\u00f3n a los Juegos de Par\u00eds\u201d, dijo Antonio Lozano, presidente de la FMAA.<\/p>\n<p>\t\t\t\t\t\t\t\t\t\t\t\t\t<img loading=\"lazy\" decoding=\"async\" width=\"640\" height=\"480\" src=\"https:\/\/esbozodeportivo.com\/wp-content\/uploads\/2024\/05\/relevo-1024x768.jpg\" alt=\"\" srcset=\"https:\/\/esbozodeportivo.com\/wp-content\/uploads\/2024\/05\/relevo-1024x768.jpg 1024w, https:\/\/esbozodeportivo.com\/wp-content\/uploads\/2024\/05\/relevo-300x225.jpg 300w, https:\/\/esbozodeportivo.com\/wp-content\/uploads\/2024\/05\/relevo-768x576.jpg 768w, https:\/\/esbozodeportivo.com\/wp-content\/uploads\/2024\/05\/relevo-1536x1152.jpg 1536w, https:\/\/esbozodeportivo.com\/wp-content\/uploads\/2024\/05\/relevo.jpg 1600w\" sizes=\"auto, (max-width: 640px) 100vw, 640px\" \/>\t\t\t\t\t\t\t\t\t\t\t\t\t<\/p>\n<p><strong>(Foto: Fedmxatle)<\/strong><strong>\u00a0<\/strong><\/p>\n<p>El relevo mixto est\u00e1 formado por Paola Mor\u00e1n, Mariana Gancedo, Valente Mendoza y Luis Antonio Avil\u00e9s, mientras que el relevo varonil lo integran \u00c9dgar Ram\u00edrez, Valente Mendoza, Luis Antonio Avil\u00e9s y Guillermo Ornelas.<\/p>\n<p>\u201cEs una gran oportunidad para buscar el pase a los Juegos Ol\u00edmpicos, la gira que hicimos por Estados Unidos fue muy importante porque nos dio fogueo contra corredores de mucho nivel y esto nos permiti\u00f3 saber c\u00f3mo vamos en nuestro rendimiento. Ahora viene el Campeonato Mundial como una prueba por dem\u00e1s relevante\u201d, asegur\u00f3 Luis Antonio Avil\u00e9s.<\/p>\n<p>Los equipos nacionales se concentraron en las instalaciones del Centro Deportivo Ol\u00edmpico Mexicano para cerrar sus entrenamientos, en espera de viajar este jueves 2 de mayo hacia Bahamas para cumplir su participaci\u00f3n en el Campeonato Mundial de Carreras de Relevos.<\/p>\n<p>\u00a0<\/p>\n","protected":false},"excerpt":{"rendered":"<p>(Foto: Fedmxatle)\u00a0 Los relevos mexicanos est\u00e1n listos para participar en el Campeonato Mundial de Bahamas<\/p>\n","protected":false},"author":2,"featured_media":0,"comment_status":"open","ping_status":"open","sticky":false,"template":"","format":"standard","meta":{"_jetpack_memberships_contains_paid_content":false,"footnotes":""},"categories":[5],"tags":[],"class_list":["post-3420","post","type-post","status-publish","format-standard","hentry","category-amateur"],"yoast_head":"<!-- This site is optimized with the Yoast SEO plugin v25.7 - https:\/\/yoast.com\/wordpress\/plugins\/seo\/ -->\n<title>Mexicanos buscan calificar a los Juegos Ol\u00edmpicos de Par\u00eds - Esbozo Deportivo<\/title>\n<meta name=\"robots\" content=\"index, follow, max-snippet:-1, max-image-preview:large, max-video-preview:-1\" \/>\n<link rel=\"canonical\" href=\"https:\/\/esbozodeportivo.com\/index.php\/2024\/05\/02\/mexicanos-buscan-calificar-a-los-juegos-olimpicos-de-paris\/\" \/>\n<meta property=\"og:locale\" content=\"es_MX\" \/>\n<meta property=\"og:type\" content=\"article\" \/>\n<meta property=\"og:title\" content=\"Mexicanos buscan calificar a los Juegos Ol\u00edmpicos de Par\u00eds - Esbozo Deportivo\" \/>\n<meta property=\"og:description\" content=\"(Foto: Fedmxatle)\u00a0 Los relevos mexicanos est\u00e1n listos para participar en el Campeonato Mundial de Bahamas\" \/>\n<meta property=\"og:url\" content=\"https:\/\/esbozodeportivo.com\/index.php\/2024\/05\/02\/mexicanos-buscan-calificar-a-los-juegos-olimpicos-de-paris\/\" \/>\n<meta property=\"og:site_name\" content=\"Esbozo Deportivo\" \/>\n<meta property=\"article:published_time\" content=\"2024-05-02T02:18:44+00:00\" \/>\n<meta property=\"article:modified_time\" content=\"2024-05-02T02:22:54+00:00\" \/>\n<meta property=\"og:image\" content=\"https:\/\/esbozodeportivo.com\/wp-content\/uploads\/2024\/05\/relevo1-1024x768.jpg\" \/>\n<meta name=\"author\" content=\"Javier De La Cruz\" \/>\n<meta name=\"twitter:card\" content=\"summary_large_image\" \/>\n<meta name=\"twitter:label1\" content=\"Escrito por\" \/>\n\t<meta name=\"twitter:data1\" content=\"Javier De La Cruz\" \/>\n\t<meta name=\"twitter:label2\" content=\"Tiempo de lectura\" \/>\n\t<meta name=\"twitter:data2\" content=\"2 minutos\" \/>\n<script type=\"application\/ld+json\" class=\"yoast-schema-graph\">{\"@context\":\"https:\/\/schema.org\",\"@graph\":[{\"@type\":\"Article\",\"@id\":\"https:\/\/esbozodeportivo.com\/index.php\/2024\/05\/02\/mexicanos-buscan-calificar-a-los-juegos-olimpicos-de-paris\/#article\",\"isPartOf\":{\"@id\":\"https:\/\/esbozodeportivo.com\/index.php\/2024\/05\/02\/mexicanos-buscan-calificar-a-los-juegos-olimpicos-de-paris\/\"},\"author\":{\"name\":\"Javier De La Cruz\",\"@id\":\"https:\/\/esbozodeportivo.com\/#\/schema\/person\/7277119c98823aec37bbb84e125efd44\"},\"headline\":\"Mexicanos buscan calificar a los Juegos Ol\u00edmpicos de Par\u00eds\",\"datePublished\":\"2024-05-02T02:18:44+00:00\",\"dateModified\":\"2024-05-02T02:22:54+00:00\",\"mainEntityOfPage\":{\"@id\":\"https:\/\/esbozodeportivo.com\/index.php\/2024\/05\/02\/mexicanos-buscan-calificar-a-los-juegos-olimpicos-de-paris\/\"},\"wordCount\":312,\"commentCount\":0,\"publisher\":{\"@id\":\"https:\/\/esbozodeportivo.com\/#organization\"},\"image\":{\"@id\":\"https:\/\/esbozodeportivo.com\/index.php\/2024\/05\/02\/mexicanos-buscan-calificar-a-los-juegos-olimpicos-de-paris\/#primaryimage\"},\"thumbnailUrl\":\"https:\/\/esbozodeportivo.com\/wp-content\/uploads\/2024\/05\/relevo1-1024x768.jpg\",\"articleSection\":[\"Amateur\"],\"inLanguage\":\"es\",\"potentialAction\":[{\"@type\":\"CommentAction\",\"name\":\"Comment\",\"target\":[\"https:\/\/esbozodeportivo.com\/index.php\/2024\/05\/02\/mexicanos-buscan-calificar-a-los-juegos-olimpicos-de-paris\/#respond\"]}]},{\"@type\":\"WebPage\",\"@id\":\"https:\/\/esbozodeportivo.com\/index.php\/2024\/05\/02\/mexicanos-buscan-calificar-a-los-juegos-olimpicos-de-paris\/\",\"url\":\"https:\/\/esbozodeportivo.com\/index.php\/2024\/05\/02\/mexicanos-buscan-calificar-a-los-juegos-olimpicos-de-paris\/\",\"name\":\"Mexicanos buscan calificar a los Juegos Ol\u00edmpicos de Par\u00eds - Esbozo Deportivo\",\"isPartOf\":{\"@id\":\"https:\/\/esbozodeportivo.com\/#website\"},\"primaryImageOfPage\":{\"@id\":\"https:\/\/esbozodeportivo.com\/index.php\/2024\/05\/02\/mexicanos-buscan-calificar-a-los-juegos-olimpicos-de-paris\/#primaryimage\"},\"image\":{\"@id\":\"https:\/\/esbozodeportivo.com\/index.php\/2024\/05\/02\/mexicanos-buscan-calificar-a-los-juegos-olimpicos-de-paris\/#primaryimage\"},\"thumbnailUrl\":\"https:\/\/esbozodeportivo.com\/wp-content\/uploads\/2024\/05\/relevo1-1024x768.jpg\",\"datePublished\":\"2024-05-02T02:18:44+00:00\",\"dateModified\":\"2024-05-02T02:22:54+00:00\",\"breadcrumb\":{\"@id\":\"https:\/\/esbozodeportivo.com\/index.php\/2024\/05\/02\/mexicanos-buscan-calificar-a-los-juegos-olimpicos-de-paris\/#breadcrumb\"},\"inLanguage\":\"es\",\"potentialAction\":[{\"@type\":\"ReadAction\",\"target\":[\"https:\/\/esbozodeportivo.com\/index.php\/2024\/05\/02\/mexicanos-buscan-calificar-a-los-juegos-olimpicos-de-paris\/\"]}]},{\"@type\":\"ImageObject\",\"inLanguage\":\"es\",\"@id\":\"https:\/\/esbozodeportivo.com\/index.php\/2024\/05\/02\/mexicanos-buscan-calificar-a-los-juegos-olimpicos-de-paris\/#primaryimage\",\"url\":\"https:\/\/esbozodeportivo.com\/wp-content\/uploads\/2024\/05\/relevo1.jpg\",\"contentUrl\":\"https:\/\/esbozodeportivo.com\/wp-content\/uploads\/2024\/05\/relevo1.jpg\",\"width\":1600,\"height\":1200},{\"@type\":\"BreadcrumbList\",\"@id\":\"https:\/\/esbozodeportivo.com\/index.php\/2024\/05\/02\/mexicanos-buscan-calificar-a-los-juegos-olimpicos-de-paris\/#breadcrumb\",\"itemListElement\":[{\"@type\":\"ListItem\",\"position\":1,\"name\":\"Inicio\",\"item\":\"https:\/\/esbozodeportivo.com\/\"},{\"@type\":\"ListItem\",\"position\":2,\"name\":\"Mexicanos buscan calificar a los Juegos Ol\u00edmpicos de Par\u00eds\"}]},{\"@type\":\"WebSite\",\"@id\":\"https:\/\/esbozodeportivo.com\/#website\",\"url\":\"https:\/\/esbozodeportivo.com\/\",\"name\":\"Esbozo Deportivo\",\"description\":\"Lo m\u00e1s importante del Deporte\",\"publisher\":{\"@id\":\"https:\/\/esbozodeportivo.com\/#organization\"},\"potentialAction\":[{\"@type\":\"SearchAction\",\"target\":{\"@type\":\"EntryPoint\",\"urlTemplate\":\"https:\/\/esbozodeportivo.com\/?s={search_term_string}\"},\"query-input\":{\"@type\":\"PropertyValueSpecification\",\"valueRequired\":true,\"valueName\":\"search_term_string\"}}],\"inLanguage\":\"es\"},{\"@type\":\"Organization\",\"@id\":\"https:\/\/esbozodeportivo.com\/#organization\",\"name\":\"Esbozo Deportivo\",\"url\":\"https:\/\/esbozodeportivo.com\/\",\"logo\":{\"@type\":\"ImageObject\",\"inLanguage\":\"es\",\"@id\":\"https:\/\/esbozodeportivo.com\/#\/schema\/logo\/image\/\",\"url\":\"https:\/\/esbozodeportivo.com\/wp-content\/uploads\/2022\/08\/cropped-Logo-Esbozo-Web-2.png\",\"contentUrl\":\"https:\/\/esbozodeportivo.com\/wp-content\/uploads\/2022\/08\/cropped-Logo-Esbozo-Web-2.png\",\"width\":180,\"height\":50,\"caption\":\"Esbozo Deportivo\"},\"image\":{\"@id\":\"https:\/\/esbozodeportivo.com\/#\/schema\/logo\/image\/\"}},{\"@type\":\"Person\",\"@id\":\"https:\/\/esbozodeportivo.com\/#\/schema\/person\/7277119c98823aec37bbb84e125efd44\",\"name\":\"Javier De La Cruz\",\"image\":{\"@type\":\"ImageObject\",\"inLanguage\":\"es\",\"@id\":\"https:\/\/esbozodeportivo.com\/#\/schema\/person\/image\/\",\"url\":\"https:\/\/secure.gravatar.com\/avatar\/366235a56d20f1a6e8e3d0b295897639357bea880470ddf261d17bb0bc052eb1?s=96&d=mm&r=g\",\"contentUrl\":\"https:\/\/secure.gravatar.com\/avatar\/366235a56d20f1a6e8e3d0b295897639357bea880470ddf261d17bb0bc052eb1?s=96&d=mm&r=g\",\"caption\":\"Javier De La Cruz\"},\"url\":\"https:\/\/esbozodeportivo.com\/index.php\/author\/javier-de-la-cruz-de-la-cruz\/\"}]}<\/script>\n<!-- \/ Yoast SEO plugin. -->","yoast_head_json":{"title":"Mexicanos buscan calificar a los Juegos Ol\u00edmpicos de Par\u00eds - Esbozo Deportivo","robots":{"index":"index","follow":"follow","max-snippet":"max-snippet:-1","max-image-preview":"max-image-preview:large","max-video-preview":"max-video-preview:-1"},"canonical":"https:\/\/esbozodeportivo.com\/index.php\/2024\/05\/02\/mexicanos-buscan-calificar-a-los-juegos-olimpicos-de-paris\/","og_locale":"es_MX","og_type":"article","og_title":"Mexicanos buscan calificar a los Juegos Ol\u00edmpicos de Par\u00eds - Esbozo Deportivo","og_description":"(Foto: Fedmxatle)\u00a0 Los relevos mexicanos est\u00e1n listos para participar en el Campeonato Mundial de Bahamas","og_url":"https:\/\/esbozodeportivo.com\/index.php\/2024\/05\/02\/mexicanos-buscan-calificar-a-los-juegos-olimpicos-de-paris\/","og_site_name":"Esbozo Deportivo","article_published_time":"2024-05-02T02:18:44+00:00","article_modified_time":"2024-05-02T02:22:54+00:00","og_image":[{"url":"https:\/\/esbozodeportivo.com\/wp-content\/uploads\/2024\/05\/relevo1-1024x768.jpg","type":"","width":"","height":""}],"author":"Javier De La Cruz","twitter_card":"summary_large_image","twitter_misc":{"Escrito por":"Javier De La Cruz","Tiempo de lectura":"2 minutos"},"schema":{"@context":"https:\/\/schema.org","@graph":[{"@type":"Article","@id":"https:\/\/esbozodeportivo.com\/index.php\/2024\/05\/02\/mexicanos-buscan-calificar-a-los-juegos-olimpicos-de-paris\/#article","isPartOf":{"@id":"https:\/\/esbozodeportivo.com\/index.php\/2024\/05\/02\/mexicanos-buscan-calificar-a-los-juegos-olimpicos-de-paris\/"},"author":{"name":"Javier De La Cruz","@id":"https:\/\/esbozodeportivo.com\/#\/schema\/person\/7277119c98823aec37bbb84e125efd44"},"headline":"Mexicanos buscan calificar a los Juegos Ol\u00edmpicos de Par\u00eds","datePublished":"2024-05-02T02:18:44+00:00","dateModified":"2024-05-02T02:22:54+00:00","mainEntityOfPage":{"@id":"https:\/\/esbozodeportivo.com\/index.php\/2024\/05\/02\/mexicanos-buscan-calificar-a-los-juegos-olimpicos-de-paris\/"},"wordCount":312,"commentCount":0,"publisher":{"@id":"https:\/\/esbozodeportivo.com\/#organization"},"image":{"@id":"https:\/\/esbozodeportivo.com\/index.php\/2024\/05\/02\/mexicanos-buscan-calificar-a-los-juegos-olimpicos-de-paris\/#primaryimage"},"thumbnailUrl":"https:\/\/esbozodeportivo.com\/wp-content\/uploads\/2024\/05\/relevo1-1024x768.jpg","articleSection":["Amateur"],"inLanguage":"es","potentialAction":[{"@type":"CommentAction","name":"Comment","target":["https:\/\/esbozodeportivo.com\/index.php\/2024\/05\/02\/mexicanos-buscan-calificar-a-los-juegos-olimpicos-de-paris\/#respond"]}]},{"@type":"WebPage","@id":"https:\/\/esbozodeportivo.com\/index.php\/2024\/05\/02\/mexicanos-buscan-calificar-a-los-juegos-olimpicos-de-paris\/","url":"https:\/\/esbozodeportivo.com\/index.php\/2024\/05\/02\/mexicanos-buscan-calificar-a-los-juegos-olimpicos-de-paris\/","name":"Mexicanos buscan calificar a los Juegos Ol\u00edmpicos de Par\u00eds - Esbozo Deportivo","isPartOf":{"@id":"https:\/\/esbozodeportivo.com\/#website"},"primaryImageOfPage":{"@id":"https:\/\/esbozodeportivo.com\/index.php\/2024\/05\/02\/mexicanos-buscan-calificar-a-los-juegos-olimpicos-de-paris\/#primaryimage"},"image":{"@id":"https:\/\/esbozodeportivo.com\/index.php\/2024\/05\/02\/mexicanos-buscan-calificar-a-los-juegos-olimpicos-de-paris\/#primaryimage"},"thumbnailUrl":"https:\/\/esbozodeportivo.com\/wp-content\/uploads\/2024\/05\/relevo1-1024x768.jpg","datePublished":"2024-05-02T02:18:44+00:00","dateModified":"2024-05-02T02:22:54+00:00","breadcrumb":{"@id":"https:\/\/esbozodeportivo.com\/index.php\/2024\/05\/02\/mexicanos-buscan-calificar-a-los-juegos-olimpicos-de-paris\/#breadcrumb"},"inLanguage":"es","potentialAction":[{"@type":"ReadAction","target":["https:\/\/esbozodeportivo.com\/index.php\/2024\/05\/02\/mexicanos-buscan-calificar-a-los-juegos-olimpicos-de-paris\/"]}]},{"@type":"ImageObject","inLanguage":"es","@id":"https:\/\/esbozodeportivo.com\/index.php\/2024\/05\/02\/mexicanos-buscan-calificar-a-los-juegos-olimpicos-de-paris\/#primaryimage","url":"https:\/\/esbozodeportivo.com\/wp-content\/uploads\/2024\/05\/relevo1.jpg","contentUrl":"https:\/\/esbozodeportivo.com\/wp-content\/uploads\/2024\/05\/relevo1.jpg","width":1600,"height":1200},{"@type":"BreadcrumbList","@id":"https:\/\/esbozodeportivo.com\/index.php\/2024\/05\/02\/mexicanos-buscan-calificar-a-los-juegos-olimpicos-de-paris\/#breadcrumb","itemListElement":[{"@type":"ListItem","position":1,"name":"Inicio","item":"https:\/\/esbozodeportivo.com\/"},{"@type":"ListItem","position":2,"name":"Mexicanos buscan calificar a los Juegos Ol\u00edmpicos de Par\u00eds"}]},{"@type":"WebSite","@id":"https:\/\/esbozodeportivo.com\/#website","url":"https:\/\/esbozodeportivo.com\/","name":"Esbozo Deportivo","description":"Lo m\u00e1s importante del Deporte","publisher":{"@id":"https:\/\/esbozodeportivo.com\/#organization"},"potentialAction":[{"@type":"SearchAction","target":{"@type":"EntryPoint","urlTemplate":"https:\/\/esbozodeportivo.com\/?s={search_term_string}"},"query-input":{"@type":"PropertyValueSpecification","valueRequired":true,"valueName":"search_term_string"}}],"inLanguage":"es"},{"@type":"Organization","@id":"https:\/\/esbozodeportivo.com\/#organization","name":"Esbozo Deportivo","url":"https:\/\/esbozodeportivo.com\/","logo":{"@type":"ImageObject","inLanguage":"es","@id":"https:\/\/esbozodeportivo.com\/#\/schema\/logo\/image\/","url":"https:\/\/esbozodeportivo.com\/wp-content\/uploads\/2022\/08\/cropped-Logo-Esbozo-Web-2.png","contentUrl":"https:\/\/esbozodeportivo.com\/wp-content\/uploads\/2022\/08\/cropped-Logo-Esbozo-Web-2.png","width":180,"height":50,"caption":"Esbozo Deportivo"},"image":{"@id":"https:\/\/esbozodeportivo.com\/#\/schema\/logo\/image\/"}},{"@type":"Person","@id":"https:\/\/esbozodeportivo.com\/#\/schema\/person\/7277119c98823aec37bbb84e125efd44","name":"Javier De La Cruz","image":{"@type":"ImageObject","inLanguage":"es","@id":"https:\/\/esbozodeportivo.com\/#\/schema\/person\/image\/","url":"https:\/\/secure.gravatar.com\/avatar\/366235a56d20f1a6e8e3d0b295897639357bea880470ddf261d17bb0bc052eb1?s=96&d=mm&r=g","contentUrl":"https:\/\/secure.gravatar.com\/avatar\/366235a56d20f1a6e8e3d0b295897639357bea880470ddf261d17bb0bc052eb1?s=96&d=mm&r=g","caption":"Javier De La Cruz"},"url":"https:\/\/esbozodeportivo.com\/index.php\/author\/javier-de-la-cruz-de-la-cruz\/"}]}},"jetpack_featured_media_url":"","jetpack_sharing_enabled":true,"_links":{"self":[{"href":"https:\/\/esbozodeportivo.com\/index.php\/wp-json\/wp\/v2\/posts\/3420","targetHints":{"allow":["GET"]}}],"collection":[{"href":"https:\/\/esbozodeportivo.com\/index.php\/wp-json\/wp\/v2\/posts"}],"about":[{"href":"https:\/\/esbozodeportivo.com\/index.php\/wp-json\/wp\/v2\/types\/post"}],"author":[{"embeddable":true,"href":"https:\/\/esbozodeportivo.com\/index.php\/wp-json\/wp\/v2\/users\/2"}],"replies":[{"embeddable":true,"href":"https:\/\/esbozodeportivo.com\/index.php\/wp-json\/wp\/v2\/comments?post=3420"}],"version-history":[{"count":4,"href":"https:\/\/esbozodeportivo.com\/index.php\/wp-json\/wp\/v2\/posts\/3420\/revisions"}],"predecessor-version":[{"id":3426,"href":"https:\/\/esbozodeportivo.com\/index.php\/wp-json\/wp\/v2\/posts\/3420\/revisions\/3426"}],"wp:attachment":[{"href":"https:\/\/esbozodeportivo.com\/index.php\/wp-json\/wp\/v2\/media?parent=3420"}],"wp:term":[{"taxonomy":"category","embeddable":true,"href":"https:\/\/esbozodeportivo.com\/index.php\/wp-json\/wp\/v2\/categories?post=3420"},{"taxonomy":"post_tag","embeddable":true,"href":"https:\/\/esbozodeportivo.com\/index.php\/wp-json\/wp\/v2\/tags?post=3420"}],"curies":[{"name":"wp","href":"https:\/\/api.w.org\/{rel}","templated":true}]}}