{"id":3446,"date":"2024-05-09T00:57:43","date_gmt":"2024-05-09T00:57:43","guid":{"rendered":"https:\/\/esbozodeportivo.com\/?p=3446"},"modified":"2024-05-09T01:04:30","modified_gmt":"2024-05-09T01:04:30","slug":"atletas-participaran-en-la-tercera-edicion-de-la-olimpiada-nacional-indigena","status":"publish","type":"post","link":"https:\/\/esbozodeportivo.com\/index.php\/2024\/05\/09\/atletas-participaran-en-la-tercera-edicion-de-la-olimpiada-nacional-indigena\/","title":{"rendered":"Atletas participar\u00e1n en la tercera edici\u00f3n de la Olimpiada Nacional Ind\u00edgena"},"content":{"rendered":"<style>\/*! elementor - v3.21.0 - 08-05-2024 *\/\n.elementor-widget-image{text-align:center}.elementor-widget-image a{display:inline-block}.elementor-widget-image a img[src$=\".svg\"]{width:48px}.elementor-widget-image img{vertical-align:middle;display:inline-block}<\/style>\n<p>\t\t\t\t\t\t\t\t\t\t<img loading=\"lazy\" decoding=\"async\" width=\"640\" height=\"359\" src=\"https:\/\/esbozodeportivo.com\/wp-content\/uploads\/2024\/05\/Olimpiada--1024x575.jpeg\" alt=\"\" srcset=\"https:\/\/esbozodeportivo.com\/wp-content\/uploads\/2024\/05\/Olimpiada--1024x575.jpeg 1024w, https:\/\/esbozodeportivo.com\/wp-content\/uploads\/2024\/05\/Olimpiada--300x168.jpeg 300w, https:\/\/esbozodeportivo.com\/wp-content\/uploads\/2024\/05\/Olimpiada--768x431.jpeg 768w, https:\/\/esbozodeportivo.com\/wp-content\/uploads\/2024\/05\/Olimpiada--1536x863.jpeg 1536w, https:\/\/esbozodeportivo.com\/wp-content\/uploads\/2024\/05\/Olimpiada--2048x1150.jpeg 2048w\" sizes=\"auto, (max-width: 640px) 100vw, 640px\" \/>\t\t\t\t\t\t\t\t\t\t\t\t\t<\/p>\n<p>(Foto: esbozodeportivo.com)<\/p>\n<p>Ciudad de M\u00e9xico.- Del 16 al 19 de mayo del presente a\u00f1o se llevar\u00e1 a cabo la tercera edici\u00f3n de la Olimpiada Nacional Ind\u00edgena, en las alcald\u00edas Iztacalco, Iztapalapa y Tl\u00e1huac de la capital mexicana, as\u00ed lo dio a conocer en conferencia de prensa el presidente de la Fundaci\u00f3n Usos Costumbres y Tradiciones de los Pueblos del Mundo AC, Francisco Javier Rodea.<\/p>\n<p>En esta tercera edici\u00f3n los participantes estar\u00e1n compitiendo en las disciplinas de Voleibol, Futbol Socert, Baloncesto,Taekwondo, Kick Boxing, Box, Judo, Karate, Circense, Zumba entre otros deportes.<\/p>\n<p>\t\t\t\t\t\t\t\t\t\t\t\t\t<img loading=\"lazy\" decoding=\"async\" width=\"640\" height=\"359\" src=\"https:\/\/esbozodeportivo.com\/wp-content\/uploads\/2024\/05\/Olimpiada3--1024x575.jpeg\" alt=\"\" srcset=\"https:\/\/esbozodeportivo.com\/wp-content\/uploads\/2024\/05\/Olimpiada3--1024x575.jpeg 1024w, https:\/\/esbozodeportivo.com\/wp-content\/uploads\/2024\/05\/Olimpiada3--300x168.jpeg 300w, https:\/\/esbozodeportivo.com\/wp-content\/uploads\/2024\/05\/Olimpiada3--768x431.jpeg 768w, https:\/\/esbozodeportivo.com\/wp-content\/uploads\/2024\/05\/Olimpiada3--1536x863.jpeg 1536w, https:\/\/esbozodeportivo.com\/wp-content\/uploads\/2024\/05\/Olimpiada3--2048x1150.jpeg 2048w\" sizes=\"auto, (max-width: 640px) 100vw, 640px\" \/>\t\t\t\t\t\t\t\t\t\t\t\t\t<\/p>\n<p>(Foto: esbozodeportivo.com)<\/p>\n<p>Al tomar la palabra Francisco Javier Rodea, destac\u00f3 que dicho evento se est\u00e1 realizando cada a\u00f1o a favor de los pueblos ind\u00edgenas de todo el mundo.<\/p>\n<p>\u201cCada a\u00f1o se llevan a cabo estos eventos y est\u00e1 ser\u00e1 la tercera edici\u00f3n en la que estar\u00e1n participando los pueblos ind\u00edgenas de todo el pa\u00eds, y esto se realiza gracias a la Fundaci\u00f3n Usos Costumbres y Tradiciones con la finalidad de promover el deporte entre nuestros hermanos ind\u00edgenas, para que en un futuro tambi\u00e9n sean reconocidos como atletas de alto rendimiento, o lleguen hacer grandes leyendas del deporte\u201d manifest\u00f3, Javier Rodea.<\/p>\n<p>\t\t\t\t\t\t\t\t\t\t\t\t\t<img loading=\"lazy\" decoding=\"async\" width=\"640\" height=\"359\" src=\"https:\/\/esbozodeportivo.com\/wp-content\/uploads\/2024\/05\/Olimpiada1--1024x575.jpeg\" alt=\"\" srcset=\"https:\/\/esbozodeportivo.com\/wp-content\/uploads\/2024\/05\/Olimpiada1--1024x575.jpeg 1024w, https:\/\/esbozodeportivo.com\/wp-content\/uploads\/2024\/05\/Olimpiada1--300x168.jpeg 300w, https:\/\/esbozodeportivo.com\/wp-content\/uploads\/2024\/05\/Olimpiada1--768x431.jpeg 768w, https:\/\/esbozodeportivo.com\/wp-content\/uploads\/2024\/05\/Olimpiada1--1536x863.jpeg 1536w, https:\/\/esbozodeportivo.com\/wp-content\/uploads\/2024\/05\/Olimpiada1--2048x1150.jpeg 2048w\" sizes=\"auto, (max-width: 640px) 100vw, 640px\" \/>\t\t\t\t\t\t\t\t\t\t\t\t\t<\/p>\n<p>(Foto: esbozodeportivo.com)<\/p>\n<p>Se espera que participen cerca de 4000 mil atletas de diversas partes de la rep\u00fablica en las distintas disciplinas de la Olimpiada. Cabe mencionar que a comparaci\u00f3n de la segunda edici\u00f3n, ahora se suman 12 disciplinas m\u00e1s.<\/p>\n<p>La inauguraci\u00f3n de la Olimpiada se llevar\u00e1 a cabo el viernes 17 de mayo a las 16:00 horas en la Sala de Armas de la Alcald\u00eda Iztacalco.<\/p>\n<p>En la alcald\u00eda de Tl\u00e1huac, estar\u00e1n los participantes de nataci\u00f3n y baloncesto; mientras que en Iztapalapa se estar\u00e1 jugando el futbol, (que tendr\u00e1 varias categor\u00edas desde la sub 7 hasta la sub 20 en femenil y varonil); Voleibol, Circense, Yoyo, Cachibol y Zumba, por su parte en la alcald\u00eda Iztacalco, los asistentes podr\u00e1n disfrutar del box, (que ya inici\u00f3 su participaci\u00f3n) y todos los deportes de contacto como el judo y taekwondo.<\/p>\n<p>\t\t\t\t\t\t\t\t\t\t\t\t\t<img loading=\"lazy\" decoding=\"async\" width=\"640\" height=\"359\" src=\"https:\/\/esbozodeportivo.com\/wp-content\/uploads\/2024\/05\/Olimpiada4--1024x575.jpeg\" alt=\"\" srcset=\"https:\/\/esbozodeportivo.com\/wp-content\/uploads\/2024\/05\/Olimpiada4--1024x575.jpeg 1024w, https:\/\/esbozodeportivo.com\/wp-content\/uploads\/2024\/05\/Olimpiada4--300x168.jpeg 300w, https:\/\/esbozodeportivo.com\/wp-content\/uploads\/2024\/05\/Olimpiada4--768x431.jpeg 768w, https:\/\/esbozodeportivo.com\/wp-content\/uploads\/2024\/05\/Olimpiada4--1536x863.jpeg 1536w, https:\/\/esbozodeportivo.com\/wp-content\/uploads\/2024\/05\/Olimpiada4--2048x1150.jpeg 2048w\" sizes=\"auto, (max-width: 640px) 100vw, 640px\" \/>\t\t\t\t\t\t\t\t\t\t\t\t\t<\/p>\n<p>(Foto: esbozodeportivo.com)<\/p>\n<p>Por su parte la vicepresidenta de la Fundaci\u00f3n Usos Costumbres y Tradiciones, manifest\u00f3 que una de las finalidades es romper los paradigmas de los deportistas tradicionales y ver que existen otras disciplinas como el Yoyo.<\/p>\n<p>Tambi\u00e9n se mencion\u00f3 que la Ciudad de M\u00e9xico, ser\u00e1 la sede de las pr\u00f3ximas Olimpiadas Ind\u00edgenas Internacionales a realizarse en el 2025.<\/p>\n<p>\t\t\t\t\t\t\t\t\t\t\t\t\t<img loading=\"lazy\" decoding=\"async\" width=\"575\" height=\"1024\" src=\"https:\/\/esbozodeportivo.com\/wp-content\/uploads\/2024\/05\/Olimpiada6--575x1024.jpeg\" alt=\"\" srcset=\"https:\/\/esbozodeportivo.com\/wp-content\/uploads\/2024\/05\/Olimpiada6--575x1024.jpeg 575w, https:\/\/esbozodeportivo.com\/wp-content\/uploads\/2024\/05\/Olimpiada6--168x300.jpeg 168w, https:\/\/esbozodeportivo.com\/wp-content\/uploads\/2024\/05\/Olimpiada6--768x1368.jpeg 768w, https:\/\/esbozodeportivo.com\/wp-content\/uploads\/2024\/05\/Olimpiada6--863x1536.jpeg 863w, https:\/\/esbozodeportivo.com\/wp-content\/uploads\/2024\/05\/Olimpiada6--1150x2048.jpeg 1150w, https:\/\/esbozodeportivo.com\/wp-content\/uploads\/2024\/05\/Olimpiada6--1024x1823.jpeg 1024w, https:\/\/esbozodeportivo.com\/wp-content\/uploads\/2024\/05\/Olimpiada6--scaled.jpeg 1438w\" sizes=\"auto, (max-width: 575px) 100vw, 575px\" \/>\t\t\t\t\t\t\t\t\t\t\t\t\t<\/p>\n<p>(Foto: esbozodeportivo.com)<\/p>\n<p>En la mesa de honor estuvieron presentes directivos de varias asociaciones, as\u00ed como directivos de las diferentes disciplinas, tambi\u00e9n se cont\u00f3 con la presencia de grandes leyendas del futbol nacional, como Efra\u00edn el \u201cCuchillo\u201d Herrera y Jes\u00fas Mosqueda, quienes fueron parte del equipo Am\u00e9rica. La CONADE y el Instituto del Deporte, estar\u00e1n apoyando a los atletas ind\u00edgenas durante su participaci\u00f3n.<\/p>\n<p>\t\t\t\t\t\t\t\t\t\t\t\t\t<img loading=\"lazy\" decoding=\"async\" width=\"640\" height=\"359\" src=\"https:\/\/esbozodeportivo.com\/wp-content\/uploads\/2024\/05\/Olimpiada9-1024x575.jpeg\" alt=\"\" srcset=\"https:\/\/esbozodeportivo.com\/wp-content\/uploads\/2024\/05\/Olimpiada9-1024x575.jpeg 1024w, https:\/\/esbozodeportivo.com\/wp-content\/uploads\/2024\/05\/Olimpiada9-300x168.jpeg 300w, https:\/\/esbozodeportivo.com\/wp-content\/uploads\/2024\/05\/Olimpiada9-768x431.jpeg 768w, https:\/\/esbozodeportivo.com\/wp-content\/uploads\/2024\/05\/Olimpiada9-1536x863.jpeg 1536w, https:\/\/esbozodeportivo.com\/wp-content\/uploads\/2024\/05\/Olimpiada9-2048x1150.jpeg 2048w\" sizes=\"auto, (max-width: 640px) 100vw, 640px\" \/>\t\t\t\t\t\t\t\t\t\t\t\t\t<\/p>\n<p>(Foto: esbozodeportivo.com)<\/p>\n","protected":false},"excerpt":{"rendered":"<p>(Foto: esbozodeportivo.com) Ciudad de M\u00e9xico.- Del 16 al 19 de mayo del presente a\u00f1o se<\/p>\n","protected":false},"author":2,"featured_media":0,"comment_status":"open","ping_status":"open","sticky":false,"template":"","format":"standard","meta":{"_jetpack_memberships_contains_paid_content":false,"footnotes":""},"categories":[5],"tags":[],"class_list":["post-3446","post","type-post","status-publish","format-standard","hentry","category-amateur"],"yoast_head":"<!-- This site is optimized with the Yoast SEO plugin v25.7 - https:\/\/yoast.com\/wordpress\/plugins\/seo\/ -->\n<title>Atletas participar\u00e1n en la tercera edici\u00f3n de la Olimpiada Nacional Ind\u00edgena - Esbozo Deportivo<\/title>\n<meta name=\"robots\" content=\"index, follow, max-snippet:-1, max-image-preview:large, max-video-preview:-1\" \/>\n<link rel=\"canonical\" href=\"https:\/\/esbozodeportivo.com\/index.php\/2024\/05\/09\/atletas-participaran-en-la-tercera-edicion-de-la-olimpiada-nacional-indigena\/\" \/>\n<meta property=\"og:locale\" content=\"es_MX\" \/>\n<meta property=\"og:type\" content=\"article\" \/>\n<meta property=\"og:title\" content=\"Atletas participar\u00e1n en la tercera edici\u00f3n de la Olimpiada Nacional Ind\u00edgena - Esbozo Deportivo\" \/>\n<meta property=\"og:description\" content=\"(Foto: esbozodeportivo.com) Ciudad de M\u00e9xico.- Del 16 al 19 de mayo del presente a\u00f1o se\" \/>\n<meta property=\"og:url\" content=\"https:\/\/esbozodeportivo.com\/index.php\/2024\/05\/09\/atletas-participaran-en-la-tercera-edicion-de-la-olimpiada-nacional-indigena\/\" \/>\n<meta property=\"og:site_name\" content=\"Esbozo Deportivo\" \/>\n<meta property=\"article:published_time\" content=\"2024-05-09T00:57:43+00:00\" \/>\n<meta property=\"article:modified_time\" content=\"2024-05-09T01:04:30+00:00\" \/>\n<meta property=\"og:image\" content=\"https:\/\/esbozodeportivo.com\/wp-content\/uploads\/2024\/05\/Olimpiada--1024x575.jpeg\" \/>\n<meta name=\"author\" content=\"Javier De La Cruz\" \/>\n<meta name=\"twitter:card\" content=\"summary_large_image\" \/>\n<meta name=\"twitter:label1\" content=\"Escrito por\" \/>\n\t<meta name=\"twitter:data1\" content=\"Javier De La Cruz\" \/>\n\t<meta name=\"twitter:label2\" content=\"Tiempo de lectura\" \/>\n\t<meta name=\"twitter:data2\" content=\"2 minutos\" \/>\n<script type=\"application\/ld+json\" class=\"yoast-schema-graph\">{\"@context\":\"https:\/\/schema.org\",\"@graph\":[{\"@type\":\"Article\",\"@id\":\"https:\/\/esbozodeportivo.com\/index.php\/2024\/05\/09\/atletas-participaran-en-la-tercera-edicion-de-la-olimpiada-nacional-indigena\/#article\",\"isPartOf\":{\"@id\":\"https:\/\/esbozodeportivo.com\/index.php\/2024\/05\/09\/atletas-participaran-en-la-tercera-edicion-de-la-olimpiada-nacional-indigena\/\"},\"author\":{\"name\":\"Javier De La Cruz\",\"@id\":\"https:\/\/esbozodeportivo.com\/#\/schema\/person\/7277119c98823aec37bbb84e125efd44\"},\"headline\":\"Atletas participar\u00e1n en la tercera edici\u00f3n de la Olimpiada Nacional Ind\u00edgena\",\"datePublished\":\"2024-05-09T00:57:43+00:00\",\"dateModified\":\"2024-05-09T01:04:30+00:00\",\"mainEntityOfPage\":{\"@id\":\"https:\/\/esbozodeportivo.com\/index.php\/2024\/05\/09\/atletas-participaran-en-la-tercera-edicion-de-la-olimpiada-nacional-indigena\/\"},\"wordCount\":509,\"commentCount\":0,\"publisher\":{\"@id\":\"https:\/\/esbozodeportivo.com\/#organization\"},\"image\":{\"@id\":\"https:\/\/esbozodeportivo.com\/index.php\/2024\/05\/09\/atletas-participaran-en-la-tercera-edicion-de-la-olimpiada-nacional-indigena\/#primaryimage\"},\"thumbnailUrl\":\"https:\/\/esbozodeportivo.com\/wp-content\/uploads\/2024\/05\/Olimpiada--1024x575.jpeg\",\"articleSection\":[\"Amateur\"],\"inLanguage\":\"es\",\"potentialAction\":[{\"@type\":\"CommentAction\",\"name\":\"Comment\",\"target\":[\"https:\/\/esbozodeportivo.com\/index.php\/2024\/05\/09\/atletas-participaran-en-la-tercera-edicion-de-la-olimpiada-nacional-indigena\/#respond\"]}]},{\"@type\":\"WebPage\",\"@id\":\"https:\/\/esbozodeportivo.com\/index.php\/2024\/05\/09\/atletas-participaran-en-la-tercera-edicion-de-la-olimpiada-nacional-indigena\/\",\"url\":\"https:\/\/esbozodeportivo.com\/index.php\/2024\/05\/09\/atletas-participaran-en-la-tercera-edicion-de-la-olimpiada-nacional-indigena\/\",\"name\":\"Atletas participar\u00e1n en la tercera edici\u00f3n de la Olimpiada Nacional Ind\u00edgena - Esbozo Deportivo\",\"isPartOf\":{\"@id\":\"https:\/\/esbozodeportivo.com\/#website\"},\"primaryImageOfPage\":{\"@id\":\"https:\/\/esbozodeportivo.com\/index.php\/2024\/05\/09\/atletas-participaran-en-la-tercera-edicion-de-la-olimpiada-nacional-indigena\/#primaryimage\"},\"image\":{\"@id\":\"https:\/\/esbozodeportivo.com\/index.php\/2024\/05\/09\/atletas-participaran-en-la-tercera-edicion-de-la-olimpiada-nacional-indigena\/#primaryimage\"},\"thumbnailUrl\":\"https:\/\/esbozodeportivo.com\/wp-content\/uploads\/2024\/05\/Olimpiada--1024x575.jpeg\",\"datePublished\":\"2024-05-09T00:57:43+00:00\",\"dateModified\":\"2024-05-09T01:04:30+00:00\",\"breadcrumb\":{\"@id\":\"https:\/\/esbozodeportivo.com\/index.php\/2024\/05\/09\/atletas-participaran-en-la-tercera-edicion-de-la-olimpiada-nacional-indigena\/#breadcrumb\"},\"inLanguage\":\"es\",\"potentialAction\":[{\"@type\":\"ReadAction\",\"target\":[\"https:\/\/esbozodeportivo.com\/index.php\/2024\/05\/09\/atletas-participaran-en-la-tercera-edicion-de-la-olimpiada-nacional-indigena\/\"]}]},{\"@type\":\"ImageObject\",\"inLanguage\":\"es\",\"@id\":\"https:\/\/esbozodeportivo.com\/index.php\/2024\/05\/09\/atletas-participaran-en-la-tercera-edicion-de-la-olimpiada-nacional-indigena\/#primaryimage\",\"url\":\"https:\/\/esbozodeportivo.com\/wp-content\/uploads\/2024\/05\/Olimpiada--1024x575.jpeg\",\"contentUrl\":\"https:\/\/esbozodeportivo.com\/wp-content\/uploads\/2024\/05\/Olimpiada--1024x575.jpeg\"},{\"@type\":\"BreadcrumbList\",\"@id\":\"https:\/\/esbozodeportivo.com\/index.php\/2024\/05\/09\/atletas-participaran-en-la-tercera-edicion-de-la-olimpiada-nacional-indigena\/#breadcrumb\",\"itemListElement\":[{\"@type\":\"ListItem\",\"position\":1,\"name\":\"Inicio\",\"item\":\"https:\/\/esbozodeportivo.com\/\"},{\"@type\":\"ListItem\",\"position\":2,\"name\":\"Atletas participar\u00e1n en la tercera edici\u00f3n de la Olimpiada Nacional Ind\u00edgena\"}]},{\"@type\":\"WebSite\",\"@id\":\"https:\/\/esbozodeportivo.com\/#website\",\"url\":\"https:\/\/esbozodeportivo.com\/\",\"name\":\"Esbozo Deportivo\",\"description\":\"Lo m\u00e1s importante del Deporte\",\"publisher\":{\"@id\":\"https:\/\/esbozodeportivo.com\/#organization\"},\"potentialAction\":[{\"@type\":\"SearchAction\",\"target\":{\"@type\":\"EntryPoint\",\"urlTemplate\":\"https:\/\/esbozodeportivo.com\/?s={search_term_string}\"},\"query-input\":{\"@type\":\"PropertyValueSpecification\",\"valueRequired\":true,\"valueName\":\"search_term_string\"}}],\"inLanguage\":\"es\"},{\"@type\":\"Organization\",\"@id\":\"https:\/\/esbozodeportivo.com\/#organization\",\"name\":\"Esbozo Deportivo\",\"url\":\"https:\/\/esbozodeportivo.com\/\",\"logo\":{\"@type\":\"ImageObject\",\"inLanguage\":\"es\",\"@id\":\"https:\/\/esbozodeportivo.com\/#\/schema\/logo\/image\/\",\"url\":\"https:\/\/esbozodeportivo.com\/wp-content\/uploads\/2022\/08\/cropped-Logo-Esbozo-Web-2.png\",\"contentUrl\":\"https:\/\/esbozodeportivo.com\/wp-content\/uploads\/2022\/08\/cropped-Logo-Esbozo-Web-2.png\",\"width\":180,\"height\":50,\"caption\":\"Esbozo Deportivo\"},\"image\":{\"@id\":\"https:\/\/esbozodeportivo.com\/#\/schema\/logo\/image\/\"}},{\"@type\":\"Person\",\"@id\":\"https:\/\/esbozodeportivo.com\/#\/schema\/person\/7277119c98823aec37bbb84e125efd44\",\"name\":\"Javier De La Cruz\",\"image\":{\"@type\":\"ImageObject\",\"inLanguage\":\"es\",\"@id\":\"https:\/\/esbozodeportivo.com\/#\/schema\/person\/image\/\",\"url\":\"https:\/\/secure.gravatar.com\/avatar\/366235a56d20f1a6e8e3d0b295897639357bea880470ddf261d17bb0bc052eb1?s=96&d=mm&r=g\",\"contentUrl\":\"https:\/\/secure.gravatar.com\/avatar\/366235a56d20f1a6e8e3d0b295897639357bea880470ddf261d17bb0bc052eb1?s=96&d=mm&r=g\",\"caption\":\"Javier De La Cruz\"},\"url\":\"https:\/\/esbozodeportivo.com\/index.php\/author\/javier-de-la-cruz-de-la-cruz\/\"}]}<\/script>\n<!-- \/ Yoast SEO plugin. -->","yoast_head_json":{"title":"Atletas participar\u00e1n en la tercera edici\u00f3n de la Olimpiada Nacional Ind\u00edgena - Esbozo Deportivo","robots":{"index":"index","follow":"follow","max-snippet":"max-snippet:-1","max-image-preview":"max-image-preview:large","max-video-preview":"max-video-preview:-1"},"canonical":"https:\/\/esbozodeportivo.com\/index.php\/2024\/05\/09\/atletas-participaran-en-la-tercera-edicion-de-la-olimpiada-nacional-indigena\/","og_locale":"es_MX","og_type":"article","og_title":"Atletas participar\u00e1n en la tercera edici\u00f3n de la Olimpiada Nacional Ind\u00edgena - Esbozo Deportivo","og_description":"(Foto: esbozodeportivo.com) Ciudad de M\u00e9xico.- Del 16 al 19 de mayo del presente a\u00f1o se","og_url":"https:\/\/esbozodeportivo.com\/index.php\/2024\/05\/09\/atletas-participaran-en-la-tercera-edicion-de-la-olimpiada-nacional-indigena\/","og_site_name":"Esbozo Deportivo","article_published_time":"2024-05-09T00:57:43+00:00","article_modified_time":"2024-05-09T01:04:30+00:00","og_image":[{"url":"https:\/\/esbozodeportivo.com\/wp-content\/uploads\/2024\/05\/Olimpiada--1024x575.jpeg","type":"","width":"","height":""}],"author":"Javier De La Cruz","twitter_card":"summary_large_image","twitter_misc":{"Escrito por":"Javier De La Cruz","Tiempo de lectura":"2 minutos"},"schema":{"@context":"https:\/\/schema.org","@graph":[{"@type":"Article","@id":"https:\/\/esbozodeportivo.com\/index.php\/2024\/05\/09\/atletas-participaran-en-la-tercera-edicion-de-la-olimpiada-nacional-indigena\/#article","isPartOf":{"@id":"https:\/\/esbozodeportivo.com\/index.php\/2024\/05\/09\/atletas-participaran-en-la-tercera-edicion-de-la-olimpiada-nacional-indigena\/"},"author":{"name":"Javier De La Cruz","@id":"https:\/\/esbozodeportivo.com\/#\/schema\/person\/7277119c98823aec37bbb84e125efd44"},"headline":"Atletas participar\u00e1n en la tercera edici\u00f3n de la Olimpiada Nacional Ind\u00edgena","datePublished":"2024-05-09T00:57:43+00:00","dateModified":"2024-05-09T01:04:30+00:00","mainEntityOfPage":{"@id":"https:\/\/esbozodeportivo.com\/index.php\/2024\/05\/09\/atletas-participaran-en-la-tercera-edicion-de-la-olimpiada-nacional-indigena\/"},"wordCount":509,"commentCount":0,"publisher":{"@id":"https:\/\/esbozodeportivo.com\/#organization"},"image":{"@id":"https:\/\/esbozodeportivo.com\/index.php\/2024\/05\/09\/atletas-participaran-en-la-tercera-edicion-de-la-olimpiada-nacional-indigena\/#primaryimage"},"thumbnailUrl":"https:\/\/esbozodeportivo.com\/wp-content\/uploads\/2024\/05\/Olimpiada--1024x575.jpeg","articleSection":["Amateur"],"inLanguage":"es","potentialAction":[{"@type":"CommentAction","name":"Comment","target":["https:\/\/esbozodeportivo.com\/index.php\/2024\/05\/09\/atletas-participaran-en-la-tercera-edicion-de-la-olimpiada-nacional-indigena\/#respond"]}]},{"@type":"WebPage","@id":"https:\/\/esbozodeportivo.com\/index.php\/2024\/05\/09\/atletas-participaran-en-la-tercera-edicion-de-la-olimpiada-nacional-indigena\/","url":"https:\/\/esbozodeportivo.com\/index.php\/2024\/05\/09\/atletas-participaran-en-la-tercera-edicion-de-la-olimpiada-nacional-indigena\/","name":"Atletas participar\u00e1n en la tercera edici\u00f3n de la Olimpiada Nacional Ind\u00edgena - Esbozo Deportivo","isPartOf":{"@id":"https:\/\/esbozodeportivo.com\/#website"},"primaryImageOfPage":{"@id":"https:\/\/esbozodeportivo.com\/index.php\/2024\/05\/09\/atletas-participaran-en-la-tercera-edicion-de-la-olimpiada-nacional-indigena\/#primaryimage"},"image":{"@id":"https:\/\/esbozodeportivo.com\/index.php\/2024\/05\/09\/atletas-participaran-en-la-tercera-edicion-de-la-olimpiada-nacional-indigena\/#primaryimage"},"thumbnailUrl":"https:\/\/esbozodeportivo.com\/wp-content\/uploads\/2024\/05\/Olimpiada--1024x575.jpeg","datePublished":"2024-05-09T00:57:43+00:00","dateModified":"2024-05-09T01:04:30+00:00","breadcrumb":{"@id":"https:\/\/esbozodeportivo.com\/index.php\/2024\/05\/09\/atletas-participaran-en-la-tercera-edicion-de-la-olimpiada-nacional-indigena\/#breadcrumb"},"inLanguage":"es","potentialAction":[{"@type":"ReadAction","target":["https:\/\/esbozodeportivo.com\/index.php\/2024\/05\/09\/atletas-participaran-en-la-tercera-edicion-de-la-olimpiada-nacional-indigena\/"]}]},{"@type":"ImageObject","inLanguage":"es","@id":"https:\/\/esbozodeportivo.com\/index.php\/2024\/05\/09\/atletas-participaran-en-la-tercera-edicion-de-la-olimpiada-nacional-indigena\/#primaryimage","url":"https:\/\/esbozodeportivo.com\/wp-content\/uploads\/2024\/05\/Olimpiada--1024x575.jpeg","contentUrl":"https:\/\/esbozodeportivo.com\/wp-content\/uploads\/2024\/05\/Olimpiada--1024x575.jpeg"},{"@type":"BreadcrumbList","@id":"https:\/\/esbozodeportivo.com\/index.php\/2024\/05\/09\/atletas-participaran-en-la-tercera-edicion-de-la-olimpiada-nacional-indigena\/#breadcrumb","itemListElement":[{"@type":"ListItem","position":1,"name":"Inicio","item":"https:\/\/esbozodeportivo.com\/"},{"@type":"ListItem","position":2,"name":"Atletas participar\u00e1n en la tercera edici\u00f3n de la Olimpiada Nacional Ind\u00edgena"}]},{"@type":"WebSite","@id":"https:\/\/esbozodeportivo.com\/#website","url":"https:\/\/esbozodeportivo.com\/","name":"Esbozo Deportivo","description":"Lo m\u00e1s importante del Deporte","publisher":{"@id":"https:\/\/esbozodeportivo.com\/#organization"},"potentialAction":[{"@type":"SearchAction","target":{"@type":"EntryPoint","urlTemplate":"https:\/\/esbozodeportivo.com\/?s={search_term_string}"},"query-input":{"@type":"PropertyValueSpecification","valueRequired":true,"valueName":"search_term_string"}}],"inLanguage":"es"},{"@type":"Organization","@id":"https:\/\/esbozodeportivo.com\/#organization","name":"Esbozo Deportivo","url":"https:\/\/esbozodeportivo.com\/","logo":{"@type":"ImageObject","inLanguage":"es","@id":"https:\/\/esbozodeportivo.com\/#\/schema\/logo\/image\/","url":"https:\/\/esbozodeportivo.com\/wp-content\/uploads\/2022\/08\/cropped-Logo-Esbozo-Web-2.png","contentUrl":"https:\/\/esbozodeportivo.com\/wp-content\/uploads\/2022\/08\/cropped-Logo-Esbozo-Web-2.png","width":180,"height":50,"caption":"Esbozo Deportivo"},"image":{"@id":"https:\/\/esbozodeportivo.com\/#\/schema\/logo\/image\/"}},{"@type":"Person","@id":"https:\/\/esbozodeportivo.com\/#\/schema\/person\/7277119c98823aec37bbb84e125efd44","name":"Javier De La Cruz","image":{"@type":"ImageObject","inLanguage":"es","@id":"https:\/\/esbozodeportivo.com\/#\/schema\/person\/image\/","url":"https:\/\/secure.gravatar.com\/avatar\/366235a56d20f1a6e8e3d0b295897639357bea880470ddf261d17bb0bc052eb1?s=96&d=mm&r=g","contentUrl":"https:\/\/secure.gravatar.com\/avatar\/366235a56d20f1a6e8e3d0b295897639357bea880470ddf261d17bb0bc052eb1?s=96&d=mm&r=g","caption":"Javier De La Cruz"},"url":"https:\/\/esbozodeportivo.com\/index.php\/author\/javier-de-la-cruz-de-la-cruz\/"}]}},"jetpack_featured_media_url":"","jetpack_sharing_enabled":true,"_links":{"self":[{"href":"https:\/\/esbozodeportivo.com\/index.php\/wp-json\/wp\/v2\/posts\/3446","targetHints":{"allow":["GET"]}}],"collection":[{"href":"https:\/\/esbozodeportivo.com\/index.php\/wp-json\/wp\/v2\/posts"}],"about":[{"href":"https:\/\/esbozodeportivo.com\/index.php\/wp-json\/wp\/v2\/types\/post"}],"author":[{"embeddable":true,"href":"https:\/\/esbozodeportivo.com\/index.php\/wp-json\/wp\/v2\/users\/2"}],"replies":[{"embeddable":true,"href":"https:\/\/esbozodeportivo.com\/index.php\/wp-json\/wp\/v2\/comments?post=3446"}],"version-history":[{"count":4,"href":"https:\/\/esbozodeportivo.com\/index.php\/wp-json\/wp\/v2\/posts\/3446\/revisions"}],"predecessor-version":[{"id":3460,"href":"https:\/\/esbozodeportivo.com\/index.php\/wp-json\/wp\/v2\/posts\/3446\/revisions\/3460"}],"wp:attachment":[{"href":"https:\/\/esbozodeportivo.com\/index.php\/wp-json\/wp\/v2\/media?parent=3446"}],"wp:term":[{"taxonomy":"category","embeddable":true,"href":"https:\/\/esbozodeportivo.com\/index.php\/wp-json\/wp\/v2\/categories?post=3446"},{"taxonomy":"post_tag","embeddable":true,"href":"https:\/\/esbozodeportivo.com\/index.php\/wp-json\/wp\/v2\/tags?post=3446"}],"curies":[{"name":"wp","href":"https:\/\/api.w.org\/{rel}","templated":true}]}}