{"id":3462,"date":"2024-05-11T04:32:43","date_gmt":"2024-05-11T04:32:43","guid":{"rendered":"https:\/\/esbozodeportivo.com\/?p=3462"},"modified":"2024-05-11T04:35:47","modified_gmt":"2024-05-11T04:35:47","slug":"mexico-buscara-plazas-en-el-iberoamericano-en-brasil","status":"publish","type":"post","link":"https:\/\/esbozodeportivo.com\/index.php\/2024\/05\/11\/mexico-buscara-plazas-en-el-iberoamericano-en-brasil\/","title":{"rendered":"M\u00e9xico buscar\u00e1 plazas en el Iberoamericano en Brasil"},"content":{"rendered":"<style>\/*! elementor - v3.21.0 - 08-05-2024 *\/\n.elementor-widget-image{text-align:center}.elementor-widget-image a{display:inline-block}.elementor-widget-image a img[src$=\".svg\"]{width:48px}.elementor-widget-image img{vertical-align:middle;display:inline-block}<\/style>\n<p>\t\t\t\t\t\t\t\t\t\t<img loading=\"lazy\" decoding=\"async\" width=\"640\" height=\"480\" src=\"https:\/\/esbozodeportivo.com\/wp-content\/uploads\/2024\/05\/mariana-4-1024x768.jpeg\" alt=\"\" srcset=\"https:\/\/esbozodeportivo.com\/wp-content\/uploads\/2024\/05\/mariana-4-1024x768.jpeg 1024w, https:\/\/esbozodeportivo.com\/wp-content\/uploads\/2024\/05\/mariana-4-300x225.jpeg 300w, https:\/\/esbozodeportivo.com\/wp-content\/uploads\/2024\/05\/mariana-4-768x576.jpeg 768w, https:\/\/esbozodeportivo.com\/wp-content\/uploads\/2024\/05\/mariana-4-1536x1152.jpeg 1536w, https:\/\/esbozodeportivo.com\/wp-content\/uploads\/2024\/05\/mariana-4.jpeg 1600w\" sizes=\"auto, (max-width: 640px) 100vw, 640px\" \/>\t\t\t\t\t\t\t\t\t\t\t\t\t<\/p>\n<p><strong>(Foto: Fedmxatle)<\/strong><strong>\u00a0<\/strong><\/p>\n<p>La selecci\u00f3n mexicana de atletismo, integrada por 17 exponentes de pista y campo, est\u00e1 lista para participar en el Campeonato Iberoamericano, que se disputar\u00e1 del 10 al 12 de mayo en la ciudad de Cuib\u00e1, en el cual buscar\u00e1n cumplir con \u00a0tiempos y marcas rumbo a los Juegos Ol\u00edmpicos de Par\u00eds.<\/p>\n<p>El seleccionado ya se encuentra en Brasil para competir en el evento que forma parte del programa reconocido por la World Athletics como parte del proceso programa internacional clasificatorio a los Juegos de Par\u00eds.<\/p>\n<p>\t\t\t\t\t\t\t\t\t\t\t\t\t<img loading=\"lazy\" decoding=\"async\" width=\"640\" height=\"480\" src=\"https:\/\/esbozodeportivo.com\/wp-content\/uploads\/2024\/05\/mariana-3-1024x768.jpeg\" alt=\"\" srcset=\"https:\/\/esbozodeportivo.com\/wp-content\/uploads\/2024\/05\/mariana-3-1024x768.jpeg 1024w, https:\/\/esbozodeportivo.com\/wp-content\/uploads\/2024\/05\/mariana-3-300x225.jpeg 300w, https:\/\/esbozodeportivo.com\/wp-content\/uploads\/2024\/05\/mariana-3-768x576.jpeg 768w, https:\/\/esbozodeportivo.com\/wp-content\/uploads\/2024\/05\/mariana-3-1536x1152.jpeg 1536w, https:\/\/esbozodeportivo.com\/wp-content\/uploads\/2024\/05\/mariana-3.jpeg 1600w\" sizes=\"auto, (max-width: 640px) 100vw, 640px\" \/>\t\t\t\t\t\t\t\t\t\t\t\t\t<\/p>\n<p><strong>(Foto: Fedmxatle)<\/strong><strong>\u00a0<\/strong><\/p>\n<p>El presidente de la Federaci\u00f3n Mexicana de Asociaciones de Atletismo, Antonio Lozano, inform\u00f3 que los relevos varonil de 4&#215;400 metros, estar\u00e1 formado Valente Mendoza, Guillermo Campos, \u00c9dgar Ram\u00edrez y Alejandro D\u00edaz, mientras que en el relevo mixto de 4&#215;400 metros se encuentran Mariana Gancedo y M\u00f3nica Aguilar.<\/p>\n<p>\t\t\t\t\t\t\t\t\t\t\t\t\t<img loading=\"lazy\" decoding=\"async\" width=\"640\" height=\"480\" src=\"https:\/\/esbozodeportivo.com\/wp-content\/uploads\/2024\/05\/mariana-1-1024x768.jpeg\" alt=\"\" srcset=\"https:\/\/esbozodeportivo.com\/wp-content\/uploads\/2024\/05\/mariana-1-1024x768.jpeg 1024w, https:\/\/esbozodeportivo.com\/wp-content\/uploads\/2024\/05\/mariana-1-300x225.jpeg 300w, https:\/\/esbozodeportivo.com\/wp-content\/uploads\/2024\/05\/mariana-1-768x576.jpeg 768w, https:\/\/esbozodeportivo.com\/wp-content\/uploads\/2024\/05\/mariana-1-1536x1152.jpeg 1536w, https:\/\/esbozodeportivo.com\/wp-content\/uploads\/2024\/05\/mariana-1.jpeg 1600w\" sizes=\"auto, (max-width: 640px) 100vw, 640px\" \/>\t\t\t\t\t\t\t\t\t\t\t\t\t<\/p>\n<p><strong>(Foto: Fedmxatle)<\/strong><strong>\u00a0<\/strong><\/p>\n<p>En la lista se encuentra la corredora Alma Delia Cort\u00e9s, especialista en los 1,500 metros, quien buscar\u00e1 acumular puntos para avanzar en el ranking internacional; mientras que en las pruebas de campo aparecen Carlos Alberto Armenta y Mariana Castro en la prueba de lanzamiento de jabalina.\u00a0<\/p>\n<p>M\u00e9xico tendr\u00e1 presencia tambi\u00e9n Ariday Salcedo y C\u00e9sar Humberto Ram\u00edrez en los 100 metros y 100 metros con vallas, C\u00e9sar Daniel G\u00f3mez y Jos\u00e9 Eduardo Silvestre en los 3 mil metros con obst\u00e1culos, \u00c9dgar Riera en salto de altura, Ver\u00f3nica Luzania en lanzamiento de disco y Lili\u00e1n Borja en heptatl\u00f3n.<\/p>\n<p>\u00a0<\/p>\n<p>\t\t\t\t\t\t\t\t\t\t\t\t\t<img loading=\"lazy\" decoding=\"async\" width=\"640\" height=\"360\" src=\"https:\/\/esbozodeportivo.com\/wp-content\/uploads\/2024\/05\/mariana-2-1024x576.jpeg\" alt=\"\" srcset=\"https:\/\/esbozodeportivo.com\/wp-content\/uploads\/2024\/05\/mariana-2-1024x576.jpeg 1024w, https:\/\/esbozodeportivo.com\/wp-content\/uploads\/2024\/05\/mariana-2-300x169.jpeg 300w, https:\/\/esbozodeportivo.com\/wp-content\/uploads\/2024\/05\/mariana-2-768x432.jpeg 768w, https:\/\/esbozodeportivo.com\/wp-content\/uploads\/2024\/05\/mariana-2-1536x864.jpeg 1536w, https:\/\/esbozodeportivo.com\/wp-content\/uploads\/2024\/05\/mariana-2.jpeg 1600w\" sizes=\"auto, (max-width: 640px) 100vw, 640px\" \/>\t\t\t\t\t\t\t\t\t\t\t\t\t<\/p>\n<p><strong>(Foto: Fedmxatle)<\/strong><strong>\u00a0<\/strong><\/p>\n","protected":false},"excerpt":{"rendered":"<p>(Foto: Fedmxatle)\u00a0 La selecci\u00f3n mexicana de atletismo, integrada por 17 exponentes de pista y campo,<\/p>\n","protected":false},"author":2,"featured_media":0,"comment_status":"open","ping_status":"open","sticky":false,"template":"","format":"standard","meta":{"_jetpack_memberships_contains_paid_content":false,"footnotes":""},"categories":[5],"tags":[],"class_list":["post-3462","post","type-post","status-publish","format-standard","hentry","category-amateur"],"yoast_head":"<!-- This site is optimized with the Yoast SEO plugin v25.7 - https:\/\/yoast.com\/wordpress\/plugins\/seo\/ -->\n<title>M\u00e9xico buscar\u00e1 plazas en el Iberoamericano en Brasil - Esbozo Deportivo<\/title>\n<meta name=\"robots\" content=\"index, follow, max-snippet:-1, max-image-preview:large, max-video-preview:-1\" \/>\n<link rel=\"canonical\" href=\"https:\/\/esbozodeportivo.com\/index.php\/2024\/05\/11\/mexico-buscara-plazas-en-el-iberoamericano-en-brasil\/\" \/>\n<meta property=\"og:locale\" content=\"es_MX\" \/>\n<meta property=\"og:type\" content=\"article\" \/>\n<meta property=\"og:title\" content=\"M\u00e9xico buscar\u00e1 plazas en el Iberoamericano en Brasil - Esbozo Deportivo\" \/>\n<meta property=\"og:description\" content=\"(Foto: Fedmxatle)\u00a0 La selecci\u00f3n mexicana de atletismo, integrada por 17 exponentes de pista y campo,\" \/>\n<meta property=\"og:url\" content=\"https:\/\/esbozodeportivo.com\/index.php\/2024\/05\/11\/mexico-buscara-plazas-en-el-iberoamericano-en-brasil\/\" \/>\n<meta property=\"og:site_name\" content=\"Esbozo Deportivo\" \/>\n<meta property=\"article:published_time\" content=\"2024-05-11T04:32:43+00:00\" \/>\n<meta property=\"article:modified_time\" content=\"2024-05-11T04:35:47+00:00\" \/>\n<meta property=\"og:image\" content=\"https:\/\/esbozodeportivo.com\/wp-content\/uploads\/2024\/05\/mariana-4-1024x768.jpeg\" \/>\n<meta name=\"author\" content=\"Javier De La Cruz\" \/>\n<meta name=\"twitter:card\" content=\"summary_large_image\" \/>\n<meta name=\"twitter:label1\" content=\"Escrito por\" \/>\n\t<meta name=\"twitter:data1\" content=\"Javier De La Cruz\" \/>\n\t<meta name=\"twitter:label2\" content=\"Tiempo de lectura\" \/>\n\t<meta name=\"twitter:data2\" content=\"1 minuto\" \/>\n<script type=\"application\/ld+json\" class=\"yoast-schema-graph\">{\"@context\":\"https:\/\/schema.org\",\"@graph\":[{\"@type\":\"Article\",\"@id\":\"https:\/\/esbozodeportivo.com\/index.php\/2024\/05\/11\/mexico-buscara-plazas-en-el-iberoamericano-en-brasil\/#article\",\"isPartOf\":{\"@id\":\"https:\/\/esbozodeportivo.com\/index.php\/2024\/05\/11\/mexico-buscara-plazas-en-el-iberoamericano-en-brasil\/\"},\"author\":{\"name\":\"Javier De La Cruz\",\"@id\":\"https:\/\/esbozodeportivo.com\/#\/schema\/person\/7277119c98823aec37bbb84e125efd44\"},\"headline\":\"M\u00e9xico buscar\u00e1 plazas en el Iberoamericano en Brasil\",\"datePublished\":\"2024-05-11T04:32:43+00:00\",\"dateModified\":\"2024-05-11T04:35:47+00:00\",\"mainEntityOfPage\":{\"@id\":\"https:\/\/esbozodeportivo.com\/index.php\/2024\/05\/11\/mexico-buscara-plazas-en-el-iberoamericano-en-brasil\/\"},\"wordCount\":258,\"commentCount\":0,\"publisher\":{\"@id\":\"https:\/\/esbozodeportivo.com\/#organization\"},\"image\":{\"@id\":\"https:\/\/esbozodeportivo.com\/index.php\/2024\/05\/11\/mexico-buscara-plazas-en-el-iberoamericano-en-brasil\/#primaryimage\"},\"thumbnailUrl\":\"https:\/\/esbozodeportivo.com\/wp-content\/uploads\/2024\/05\/mariana-4-1024x768.jpeg\",\"articleSection\":[\"Amateur\"],\"inLanguage\":\"es\",\"potentialAction\":[{\"@type\":\"CommentAction\",\"name\":\"Comment\",\"target\":[\"https:\/\/esbozodeportivo.com\/index.php\/2024\/05\/11\/mexico-buscara-plazas-en-el-iberoamericano-en-brasil\/#respond\"]}]},{\"@type\":\"WebPage\",\"@id\":\"https:\/\/esbozodeportivo.com\/index.php\/2024\/05\/11\/mexico-buscara-plazas-en-el-iberoamericano-en-brasil\/\",\"url\":\"https:\/\/esbozodeportivo.com\/index.php\/2024\/05\/11\/mexico-buscara-plazas-en-el-iberoamericano-en-brasil\/\",\"name\":\"M\u00e9xico buscar\u00e1 plazas en el Iberoamericano en Brasil - Esbozo Deportivo\",\"isPartOf\":{\"@id\":\"https:\/\/esbozodeportivo.com\/#website\"},\"primaryImageOfPage\":{\"@id\":\"https:\/\/esbozodeportivo.com\/index.php\/2024\/05\/11\/mexico-buscara-plazas-en-el-iberoamericano-en-brasil\/#primaryimage\"},\"image\":{\"@id\":\"https:\/\/esbozodeportivo.com\/index.php\/2024\/05\/11\/mexico-buscara-plazas-en-el-iberoamericano-en-brasil\/#primaryimage\"},\"thumbnailUrl\":\"https:\/\/esbozodeportivo.com\/wp-content\/uploads\/2024\/05\/mariana-4-1024x768.jpeg\",\"datePublished\":\"2024-05-11T04:32:43+00:00\",\"dateModified\":\"2024-05-11T04:35:47+00:00\",\"breadcrumb\":{\"@id\":\"https:\/\/esbozodeportivo.com\/index.php\/2024\/05\/11\/mexico-buscara-plazas-en-el-iberoamericano-en-brasil\/#breadcrumb\"},\"inLanguage\":\"es\",\"potentialAction\":[{\"@type\":\"ReadAction\",\"target\":[\"https:\/\/esbozodeportivo.com\/index.php\/2024\/05\/11\/mexico-buscara-plazas-en-el-iberoamericano-en-brasil\/\"]}]},{\"@type\":\"ImageObject\",\"inLanguage\":\"es\",\"@id\":\"https:\/\/esbozodeportivo.com\/index.php\/2024\/05\/11\/mexico-buscara-plazas-en-el-iberoamericano-en-brasil\/#primaryimage\",\"url\":\"https:\/\/esbozodeportivo.com\/wp-content\/uploads\/2024\/05\/mariana-4-1024x768.jpeg\",\"contentUrl\":\"https:\/\/esbozodeportivo.com\/wp-content\/uploads\/2024\/05\/mariana-4-1024x768.jpeg\"},{\"@type\":\"BreadcrumbList\",\"@id\":\"https:\/\/esbozodeportivo.com\/index.php\/2024\/05\/11\/mexico-buscara-plazas-en-el-iberoamericano-en-brasil\/#breadcrumb\",\"itemListElement\":[{\"@type\":\"ListItem\",\"position\":1,\"name\":\"Inicio\",\"item\":\"https:\/\/esbozodeportivo.com\/\"},{\"@type\":\"ListItem\",\"position\":2,\"name\":\"M\u00e9xico buscar\u00e1 plazas en el Iberoamericano en Brasil\"}]},{\"@type\":\"WebSite\",\"@id\":\"https:\/\/esbozodeportivo.com\/#website\",\"url\":\"https:\/\/esbozodeportivo.com\/\",\"name\":\"Esbozo Deportivo\",\"description\":\"Lo m\u00e1s importante del Deporte\",\"publisher\":{\"@id\":\"https:\/\/esbozodeportivo.com\/#organization\"},\"potentialAction\":[{\"@type\":\"SearchAction\",\"target\":{\"@type\":\"EntryPoint\",\"urlTemplate\":\"https:\/\/esbozodeportivo.com\/?s={search_term_string}\"},\"query-input\":{\"@type\":\"PropertyValueSpecification\",\"valueRequired\":true,\"valueName\":\"search_term_string\"}}],\"inLanguage\":\"es\"},{\"@type\":\"Organization\",\"@id\":\"https:\/\/esbozodeportivo.com\/#organization\",\"name\":\"Esbozo Deportivo\",\"url\":\"https:\/\/esbozodeportivo.com\/\",\"logo\":{\"@type\":\"ImageObject\",\"inLanguage\":\"es\",\"@id\":\"https:\/\/esbozodeportivo.com\/#\/schema\/logo\/image\/\",\"url\":\"https:\/\/esbozodeportivo.com\/wp-content\/uploads\/2022\/08\/cropped-Logo-Esbozo-Web-2.png\",\"contentUrl\":\"https:\/\/esbozodeportivo.com\/wp-content\/uploads\/2022\/08\/cropped-Logo-Esbozo-Web-2.png\",\"width\":180,\"height\":50,\"caption\":\"Esbozo Deportivo\"},\"image\":{\"@id\":\"https:\/\/esbozodeportivo.com\/#\/schema\/logo\/image\/\"}},{\"@type\":\"Person\",\"@id\":\"https:\/\/esbozodeportivo.com\/#\/schema\/person\/7277119c98823aec37bbb84e125efd44\",\"name\":\"Javier De La Cruz\",\"image\":{\"@type\":\"ImageObject\",\"inLanguage\":\"es\",\"@id\":\"https:\/\/esbozodeportivo.com\/#\/schema\/person\/image\/\",\"url\":\"https:\/\/secure.gravatar.com\/avatar\/366235a56d20f1a6e8e3d0b295897639357bea880470ddf261d17bb0bc052eb1?s=96&d=mm&r=g\",\"contentUrl\":\"https:\/\/secure.gravatar.com\/avatar\/366235a56d20f1a6e8e3d0b295897639357bea880470ddf261d17bb0bc052eb1?s=96&d=mm&r=g\",\"caption\":\"Javier De La Cruz\"},\"url\":\"https:\/\/esbozodeportivo.com\/index.php\/author\/javier-de-la-cruz-de-la-cruz\/\"}]}<\/script>\n<!-- \/ Yoast SEO plugin. -->","yoast_head_json":{"title":"M\u00e9xico buscar\u00e1 plazas en el Iberoamericano en Brasil - Esbozo Deportivo","robots":{"index":"index","follow":"follow","max-snippet":"max-snippet:-1","max-image-preview":"max-image-preview:large","max-video-preview":"max-video-preview:-1"},"canonical":"https:\/\/esbozodeportivo.com\/index.php\/2024\/05\/11\/mexico-buscara-plazas-en-el-iberoamericano-en-brasil\/","og_locale":"es_MX","og_type":"article","og_title":"M\u00e9xico buscar\u00e1 plazas en el Iberoamericano en Brasil - Esbozo Deportivo","og_description":"(Foto: Fedmxatle)\u00a0 La selecci\u00f3n mexicana de atletismo, integrada por 17 exponentes de pista y campo,","og_url":"https:\/\/esbozodeportivo.com\/index.php\/2024\/05\/11\/mexico-buscara-plazas-en-el-iberoamericano-en-brasil\/","og_site_name":"Esbozo Deportivo","article_published_time":"2024-05-11T04:32:43+00:00","article_modified_time":"2024-05-11T04:35:47+00:00","og_image":[{"url":"https:\/\/esbozodeportivo.com\/wp-content\/uploads\/2024\/05\/mariana-4-1024x768.jpeg","type":"","width":"","height":""}],"author":"Javier De La Cruz","twitter_card":"summary_large_image","twitter_misc":{"Escrito por":"Javier De La Cruz","Tiempo de lectura":"1 minuto"},"schema":{"@context":"https:\/\/schema.org","@graph":[{"@type":"Article","@id":"https:\/\/esbozodeportivo.com\/index.php\/2024\/05\/11\/mexico-buscara-plazas-en-el-iberoamericano-en-brasil\/#article","isPartOf":{"@id":"https:\/\/esbozodeportivo.com\/index.php\/2024\/05\/11\/mexico-buscara-plazas-en-el-iberoamericano-en-brasil\/"},"author":{"name":"Javier De La Cruz","@id":"https:\/\/esbozodeportivo.com\/#\/schema\/person\/7277119c98823aec37bbb84e125efd44"},"headline":"M\u00e9xico buscar\u00e1 plazas en el Iberoamericano en Brasil","datePublished":"2024-05-11T04:32:43+00:00","dateModified":"2024-05-11T04:35:47+00:00","mainEntityOfPage":{"@id":"https:\/\/esbozodeportivo.com\/index.php\/2024\/05\/11\/mexico-buscara-plazas-en-el-iberoamericano-en-brasil\/"},"wordCount":258,"commentCount":0,"publisher":{"@id":"https:\/\/esbozodeportivo.com\/#organization"},"image":{"@id":"https:\/\/esbozodeportivo.com\/index.php\/2024\/05\/11\/mexico-buscara-plazas-en-el-iberoamericano-en-brasil\/#primaryimage"},"thumbnailUrl":"https:\/\/esbozodeportivo.com\/wp-content\/uploads\/2024\/05\/mariana-4-1024x768.jpeg","articleSection":["Amateur"],"inLanguage":"es","potentialAction":[{"@type":"CommentAction","name":"Comment","target":["https:\/\/esbozodeportivo.com\/index.php\/2024\/05\/11\/mexico-buscara-plazas-en-el-iberoamericano-en-brasil\/#respond"]}]},{"@type":"WebPage","@id":"https:\/\/esbozodeportivo.com\/index.php\/2024\/05\/11\/mexico-buscara-plazas-en-el-iberoamericano-en-brasil\/","url":"https:\/\/esbozodeportivo.com\/index.php\/2024\/05\/11\/mexico-buscara-plazas-en-el-iberoamericano-en-brasil\/","name":"M\u00e9xico buscar\u00e1 plazas en el Iberoamericano en Brasil - Esbozo Deportivo","isPartOf":{"@id":"https:\/\/esbozodeportivo.com\/#website"},"primaryImageOfPage":{"@id":"https:\/\/esbozodeportivo.com\/index.php\/2024\/05\/11\/mexico-buscara-plazas-en-el-iberoamericano-en-brasil\/#primaryimage"},"image":{"@id":"https:\/\/esbozodeportivo.com\/index.php\/2024\/05\/11\/mexico-buscara-plazas-en-el-iberoamericano-en-brasil\/#primaryimage"},"thumbnailUrl":"https:\/\/esbozodeportivo.com\/wp-content\/uploads\/2024\/05\/mariana-4-1024x768.jpeg","datePublished":"2024-05-11T04:32:43+00:00","dateModified":"2024-05-11T04:35:47+00:00","breadcrumb":{"@id":"https:\/\/esbozodeportivo.com\/index.php\/2024\/05\/11\/mexico-buscara-plazas-en-el-iberoamericano-en-brasil\/#breadcrumb"},"inLanguage":"es","potentialAction":[{"@type":"ReadAction","target":["https:\/\/esbozodeportivo.com\/index.php\/2024\/05\/11\/mexico-buscara-plazas-en-el-iberoamericano-en-brasil\/"]}]},{"@type":"ImageObject","inLanguage":"es","@id":"https:\/\/esbozodeportivo.com\/index.php\/2024\/05\/11\/mexico-buscara-plazas-en-el-iberoamericano-en-brasil\/#primaryimage","url":"https:\/\/esbozodeportivo.com\/wp-content\/uploads\/2024\/05\/mariana-4-1024x768.jpeg","contentUrl":"https:\/\/esbozodeportivo.com\/wp-content\/uploads\/2024\/05\/mariana-4-1024x768.jpeg"},{"@type":"BreadcrumbList","@id":"https:\/\/esbozodeportivo.com\/index.php\/2024\/05\/11\/mexico-buscara-plazas-en-el-iberoamericano-en-brasil\/#breadcrumb","itemListElement":[{"@type":"ListItem","position":1,"name":"Inicio","item":"https:\/\/esbozodeportivo.com\/"},{"@type":"ListItem","position":2,"name":"M\u00e9xico buscar\u00e1 plazas en el Iberoamericano en Brasil"}]},{"@type":"WebSite","@id":"https:\/\/esbozodeportivo.com\/#website","url":"https:\/\/esbozodeportivo.com\/","name":"Esbozo Deportivo","description":"Lo m\u00e1s importante del Deporte","publisher":{"@id":"https:\/\/esbozodeportivo.com\/#organization"},"potentialAction":[{"@type":"SearchAction","target":{"@type":"EntryPoint","urlTemplate":"https:\/\/esbozodeportivo.com\/?s={search_term_string}"},"query-input":{"@type":"PropertyValueSpecification","valueRequired":true,"valueName":"search_term_string"}}],"inLanguage":"es"},{"@type":"Organization","@id":"https:\/\/esbozodeportivo.com\/#organization","name":"Esbozo Deportivo","url":"https:\/\/esbozodeportivo.com\/","logo":{"@type":"ImageObject","inLanguage":"es","@id":"https:\/\/esbozodeportivo.com\/#\/schema\/logo\/image\/","url":"https:\/\/esbozodeportivo.com\/wp-content\/uploads\/2022\/08\/cropped-Logo-Esbozo-Web-2.png","contentUrl":"https:\/\/esbozodeportivo.com\/wp-content\/uploads\/2022\/08\/cropped-Logo-Esbozo-Web-2.png","width":180,"height":50,"caption":"Esbozo Deportivo"},"image":{"@id":"https:\/\/esbozodeportivo.com\/#\/schema\/logo\/image\/"}},{"@type":"Person","@id":"https:\/\/esbozodeportivo.com\/#\/schema\/person\/7277119c98823aec37bbb84e125efd44","name":"Javier De La Cruz","image":{"@type":"ImageObject","inLanguage":"es","@id":"https:\/\/esbozodeportivo.com\/#\/schema\/person\/image\/","url":"https:\/\/secure.gravatar.com\/avatar\/366235a56d20f1a6e8e3d0b295897639357bea880470ddf261d17bb0bc052eb1?s=96&d=mm&r=g","contentUrl":"https:\/\/secure.gravatar.com\/avatar\/366235a56d20f1a6e8e3d0b295897639357bea880470ddf261d17bb0bc052eb1?s=96&d=mm&r=g","caption":"Javier De La Cruz"},"url":"https:\/\/esbozodeportivo.com\/index.php\/author\/javier-de-la-cruz-de-la-cruz\/"}]}},"jetpack_featured_media_url":"","jetpack_sharing_enabled":true,"_links":{"self":[{"href":"https:\/\/esbozodeportivo.com\/index.php\/wp-json\/wp\/v2\/posts\/3462","targetHints":{"allow":["GET"]}}],"collection":[{"href":"https:\/\/esbozodeportivo.com\/index.php\/wp-json\/wp\/v2\/posts"}],"about":[{"href":"https:\/\/esbozodeportivo.com\/index.php\/wp-json\/wp\/v2\/types\/post"}],"author":[{"embeddable":true,"href":"https:\/\/esbozodeportivo.com\/index.php\/wp-json\/wp\/v2\/users\/2"}],"replies":[{"embeddable":true,"href":"https:\/\/esbozodeportivo.com\/index.php\/wp-json\/wp\/v2\/comments?post=3462"}],"version-history":[{"count":4,"href":"https:\/\/esbozodeportivo.com\/index.php\/wp-json\/wp\/v2\/posts\/3462\/revisions"}],"predecessor-version":[{"id":3472,"href":"https:\/\/esbozodeportivo.com\/index.php\/wp-json\/wp\/v2\/posts\/3462\/revisions\/3472"}],"wp:attachment":[{"href":"https:\/\/esbozodeportivo.com\/index.php\/wp-json\/wp\/v2\/media?parent=3462"}],"wp:term":[{"taxonomy":"category","embeddable":true,"href":"https:\/\/esbozodeportivo.com\/index.php\/wp-json\/wp\/v2\/categories?post=3462"},{"taxonomy":"post_tag","embeddable":true,"href":"https:\/\/esbozodeportivo.com\/index.php\/wp-json\/wp\/v2\/tags?post=3462"}],"curies":[{"name":"wp","href":"https:\/\/api.w.org\/{rel}","templated":true}]}}