{"id":3473,"date":"2024-05-11T04:36:59","date_gmt":"2024-05-11T04:36:59","guid":{"rendered":"https:\/\/esbozodeportivo.com\/?p=3473"},"modified":"2024-05-11T04:38:38","modified_gmt":"2024-05-11T04:38:38","slug":"abre-alma-delia-cortes-con-oro-en-el-iberoamericano-de-atletismo","status":"publish","type":"post","link":"https:\/\/esbozodeportivo.com\/index.php\/2024\/05\/11\/abre-alma-delia-cortes-con-oro-en-el-iberoamericano-de-atletismo\/","title":{"rendered":"Abre Alma Delia Cort\u00e9s con oro en el Iberoamericano de Atletismo"},"content":{"rendered":"<style>\/*! elementor - v3.21.0 - 08-05-2024 *\/\n.elementor-widget-image{text-align:center}.elementor-widget-image a{display:inline-block}.elementor-widget-image a img[src$=\".svg\"]{width:48px}.elementor-widget-image img{vertical-align:middle;display:inline-block}<\/style>\n<p>\t\t\t\t\t\t\t\t\t\t<img loading=\"lazy\" decoding=\"async\" width=\"640\" height=\"536\" src=\"https:\/\/esbozodeportivo.com\/wp-content\/uploads\/2024\/05\/Almadelia1-1024x857.jpeg\" alt=\"\" srcset=\"https:\/\/esbozodeportivo.com\/wp-content\/uploads\/2024\/05\/Almadelia1-1024x857.jpeg 1024w, https:\/\/esbozodeportivo.com\/wp-content\/uploads\/2024\/05\/Almadelia1-300x251.jpeg 300w, https:\/\/esbozodeportivo.com\/wp-content\/uploads\/2024\/05\/Almadelia1-768x643.jpeg 768w, https:\/\/esbozodeportivo.com\/wp-content\/uploads\/2024\/05\/Almadelia1-1536x1285.jpeg 1536w, https:\/\/esbozodeportivo.com\/wp-content\/uploads\/2024\/05\/Almadelia1.jpeg 1600w\" sizes=\"auto, (max-width: 640px) 100vw, 640px\" \/>\t\t\t\t\t\t\t\t\t\t\t\t\t<\/p>\n<p><strong>(Foto: Fedmxatle)<\/strong><strong>\u00a0<\/strong><\/p>\n<p>La selecci\u00f3n mexicana de atletismo abri\u00f3 con una medalla de oro su participaci\u00f3n en el Campeonato Iberoamericano de Cuib\u00e1, Bras\u00edl, en el que la corredora capitalina Alma Delia Cort\u00e9s se llev\u00f3 el primer lugar de la prueba de los 3 mil metros, con tiempo de 9.09.52.<\/p>\n<p>La corredora mexicana, quien super\u00f3 en la final a las argentinas Fedra Aldana y Carolina Lozano, quienes la escoltaron con registros de 9.12.71 y 9.17, respectivamente, busca su clasificaci\u00f3n a los Juegos Ol\u00edmpicos de Par\u00eds en la prueba de los 1,500 metros por la v\u00eda del ranking internacional.<\/p>\n<p>Por lo que respecta a la ronda clasificatoria de los 400 metros con vallas, el atleta mexicano Guillermo Campos obtuvo su pase a la final de la prueba, al dominar el recorrido con tiempo de 50.16, seguido por el salvadore\u00f1o Pablo Andr\u00e9s Ib\u00e1\u00f1ez y el dominicano Yeral N\u00fa\u00f1ez.<\/p>\n<p>\t\t\t\t\t\t\t\t\t\t\t\t\t<img loading=\"lazy\" decoding=\"async\" width=\"576\" height=\"1024\" src=\"https:\/\/esbozodeportivo.com\/wp-content\/uploads\/2024\/05\/Almadelia-576x1024.jpeg\" alt=\"\" srcset=\"https:\/\/esbozodeportivo.com\/wp-content\/uploads\/2024\/05\/Almadelia-576x1024.jpeg 576w, https:\/\/esbozodeportivo.com\/wp-content\/uploads\/2024\/05\/Almadelia-169x300.jpeg 169w, https:\/\/esbozodeportivo.com\/wp-content\/uploads\/2024\/05\/Almadelia-768x1365.jpeg 768w, https:\/\/esbozodeportivo.com\/wp-content\/uploads\/2024\/05\/Almadelia-864x1536.jpeg 864w, https:\/\/esbozodeportivo.com\/wp-content\/uploads\/2024\/05\/Almadelia.jpeg 900w\" sizes=\"auto, (max-width: 576px) 100vw, 576px\" \/>\t\t\t\t\t\t\t\t\t\t\t\t\t<\/p>\n<p><strong>(Foto: Fedmxatle)<\/strong><strong>\u00a0<\/strong><\/p>\n<p>En la final, el mexicano Guillermo Campos, tambi\u00e9n enfrentar\u00e1 en la final al portugu\u00e9s Mikael Jes\u00fas, al chileno Crist\u00f3bal Mu\u00f1oz y al dominicano Juander Santos.<\/p>\n<p>De esta manera, la selecci\u00f3n mexicana integrada por 17 atletas, inici\u00f3 su participaci\u00f3n en el Campeonato Iberoamericano de Atletismo, que forma parte del proceso clasificatorio a los Juegos Ol\u00edmpicos de Par\u00eds 2024.<\/p>\n","protected":false},"excerpt":{"rendered":"<p>(Foto: Fedmxatle)\u00a0 La selecci\u00f3n mexicana de atletismo abri\u00f3 con una medalla de oro su participaci\u00f3n<\/p>\n","protected":false},"author":2,"featured_media":0,"comment_status":"open","ping_status":"open","sticky":false,"template":"","format":"standard","meta":{"_jetpack_memberships_contains_paid_content":false,"footnotes":""},"categories":[5],"tags":[],"class_list":["post-3473","post","type-post","status-publish","format-standard","hentry","category-amateur"],"yoast_head":"<!-- This site is optimized with the Yoast SEO plugin v25.7 - https:\/\/yoast.com\/wordpress\/plugins\/seo\/ -->\n<title>Abre Alma Delia Cort\u00e9s con oro en el Iberoamericano de Atletismo - Esbozo Deportivo<\/title>\n<meta name=\"robots\" content=\"index, follow, max-snippet:-1, max-image-preview:large, max-video-preview:-1\" \/>\n<link rel=\"canonical\" href=\"https:\/\/esbozodeportivo.com\/index.php\/2024\/05\/11\/abre-alma-delia-cortes-con-oro-en-el-iberoamericano-de-atletismo\/\" \/>\n<meta property=\"og:locale\" content=\"es_MX\" \/>\n<meta property=\"og:type\" content=\"article\" \/>\n<meta property=\"og:title\" content=\"Abre Alma Delia Cort\u00e9s con oro en el Iberoamericano de Atletismo - Esbozo Deportivo\" \/>\n<meta property=\"og:description\" content=\"(Foto: Fedmxatle)\u00a0 La selecci\u00f3n mexicana de atletismo abri\u00f3 con una medalla de oro su participaci\u00f3n\" \/>\n<meta property=\"og:url\" content=\"https:\/\/esbozodeportivo.com\/index.php\/2024\/05\/11\/abre-alma-delia-cortes-con-oro-en-el-iberoamericano-de-atletismo\/\" \/>\n<meta property=\"og:site_name\" content=\"Esbozo Deportivo\" \/>\n<meta property=\"article:published_time\" content=\"2024-05-11T04:36:59+00:00\" \/>\n<meta property=\"article:modified_time\" content=\"2024-05-11T04:38:38+00:00\" \/>\n<meta property=\"og:image\" content=\"https:\/\/esbozodeportivo.com\/wp-content\/uploads\/2024\/05\/Almadelia1-1024x857.jpeg\" \/>\n<meta name=\"author\" content=\"Javier De La Cruz\" \/>\n<meta name=\"twitter:card\" content=\"summary_large_image\" \/>\n<meta name=\"twitter:label1\" content=\"Escrito por\" \/>\n\t<meta name=\"twitter:data1\" content=\"Javier De La Cruz\" \/>\n\t<meta name=\"twitter:label2\" content=\"Tiempo de lectura\" \/>\n\t<meta name=\"twitter:data2\" content=\"1 minuto\" \/>\n<script type=\"application\/ld+json\" class=\"yoast-schema-graph\">{\"@context\":\"https:\/\/schema.org\",\"@graph\":[{\"@type\":\"Article\",\"@id\":\"https:\/\/esbozodeportivo.com\/index.php\/2024\/05\/11\/abre-alma-delia-cortes-con-oro-en-el-iberoamericano-de-atletismo\/#article\",\"isPartOf\":{\"@id\":\"https:\/\/esbozodeportivo.com\/index.php\/2024\/05\/11\/abre-alma-delia-cortes-con-oro-en-el-iberoamericano-de-atletismo\/\"},\"author\":{\"name\":\"Javier De La Cruz\",\"@id\":\"https:\/\/esbozodeportivo.com\/#\/schema\/person\/7277119c98823aec37bbb84e125efd44\"},\"headline\":\"Abre Alma Delia Cort\u00e9s con oro en el Iberoamericano de Atletismo\",\"datePublished\":\"2024-05-11T04:36:59+00:00\",\"dateModified\":\"2024-05-11T04:38:38+00:00\",\"mainEntityOfPage\":{\"@id\":\"https:\/\/esbozodeportivo.com\/index.php\/2024\/05\/11\/abre-alma-delia-cortes-con-oro-en-el-iberoamericano-de-atletismo\/\"},\"wordCount\":227,\"commentCount\":0,\"publisher\":{\"@id\":\"https:\/\/esbozodeportivo.com\/#organization\"},\"image\":{\"@id\":\"https:\/\/esbozodeportivo.com\/index.php\/2024\/05\/11\/abre-alma-delia-cortes-con-oro-en-el-iberoamericano-de-atletismo\/#primaryimage\"},\"thumbnailUrl\":\"https:\/\/esbozodeportivo.com\/wp-content\/uploads\/2024\/05\/Almadelia1-1024x857.jpeg\",\"articleSection\":[\"Amateur\"],\"inLanguage\":\"es\",\"potentialAction\":[{\"@type\":\"CommentAction\",\"name\":\"Comment\",\"target\":[\"https:\/\/esbozodeportivo.com\/index.php\/2024\/05\/11\/abre-alma-delia-cortes-con-oro-en-el-iberoamericano-de-atletismo\/#respond\"]}]},{\"@type\":\"WebPage\",\"@id\":\"https:\/\/esbozodeportivo.com\/index.php\/2024\/05\/11\/abre-alma-delia-cortes-con-oro-en-el-iberoamericano-de-atletismo\/\",\"url\":\"https:\/\/esbozodeportivo.com\/index.php\/2024\/05\/11\/abre-alma-delia-cortes-con-oro-en-el-iberoamericano-de-atletismo\/\",\"name\":\"Abre Alma Delia Cort\u00e9s con oro en el Iberoamericano de Atletismo - Esbozo Deportivo\",\"isPartOf\":{\"@id\":\"https:\/\/esbozodeportivo.com\/#website\"},\"primaryImageOfPage\":{\"@id\":\"https:\/\/esbozodeportivo.com\/index.php\/2024\/05\/11\/abre-alma-delia-cortes-con-oro-en-el-iberoamericano-de-atletismo\/#primaryimage\"},\"image\":{\"@id\":\"https:\/\/esbozodeportivo.com\/index.php\/2024\/05\/11\/abre-alma-delia-cortes-con-oro-en-el-iberoamericano-de-atletismo\/#primaryimage\"},\"thumbnailUrl\":\"https:\/\/esbozodeportivo.com\/wp-content\/uploads\/2024\/05\/Almadelia1-1024x857.jpeg\",\"datePublished\":\"2024-05-11T04:36:59+00:00\",\"dateModified\":\"2024-05-11T04:38:38+00:00\",\"breadcrumb\":{\"@id\":\"https:\/\/esbozodeportivo.com\/index.php\/2024\/05\/11\/abre-alma-delia-cortes-con-oro-en-el-iberoamericano-de-atletismo\/#breadcrumb\"},\"inLanguage\":\"es\",\"potentialAction\":[{\"@type\":\"ReadAction\",\"target\":[\"https:\/\/esbozodeportivo.com\/index.php\/2024\/05\/11\/abre-alma-delia-cortes-con-oro-en-el-iberoamericano-de-atletismo\/\"]}]},{\"@type\":\"ImageObject\",\"inLanguage\":\"es\",\"@id\":\"https:\/\/esbozodeportivo.com\/index.php\/2024\/05\/11\/abre-alma-delia-cortes-con-oro-en-el-iberoamericano-de-atletismo\/#primaryimage\",\"url\":\"https:\/\/esbozodeportivo.com\/wp-content\/uploads\/2024\/05\/Almadelia1-1024x857.jpeg\",\"contentUrl\":\"https:\/\/esbozodeportivo.com\/wp-content\/uploads\/2024\/05\/Almadelia1-1024x857.jpeg\"},{\"@type\":\"BreadcrumbList\",\"@id\":\"https:\/\/esbozodeportivo.com\/index.php\/2024\/05\/11\/abre-alma-delia-cortes-con-oro-en-el-iberoamericano-de-atletismo\/#breadcrumb\",\"itemListElement\":[{\"@type\":\"ListItem\",\"position\":1,\"name\":\"Inicio\",\"item\":\"https:\/\/esbozodeportivo.com\/\"},{\"@type\":\"ListItem\",\"position\":2,\"name\":\"Abre Alma Delia Cort\u00e9s con oro en el Iberoamericano de Atletismo\"}]},{\"@type\":\"WebSite\",\"@id\":\"https:\/\/esbozodeportivo.com\/#website\",\"url\":\"https:\/\/esbozodeportivo.com\/\",\"name\":\"Esbozo Deportivo\",\"description\":\"Lo m\u00e1s importante del Deporte\",\"publisher\":{\"@id\":\"https:\/\/esbozodeportivo.com\/#organization\"},\"potentialAction\":[{\"@type\":\"SearchAction\",\"target\":{\"@type\":\"EntryPoint\",\"urlTemplate\":\"https:\/\/esbozodeportivo.com\/?s={search_term_string}\"},\"query-input\":{\"@type\":\"PropertyValueSpecification\",\"valueRequired\":true,\"valueName\":\"search_term_string\"}}],\"inLanguage\":\"es\"},{\"@type\":\"Organization\",\"@id\":\"https:\/\/esbozodeportivo.com\/#organization\",\"name\":\"Esbozo Deportivo\",\"url\":\"https:\/\/esbozodeportivo.com\/\",\"logo\":{\"@type\":\"ImageObject\",\"inLanguage\":\"es\",\"@id\":\"https:\/\/esbozodeportivo.com\/#\/schema\/logo\/image\/\",\"url\":\"https:\/\/esbozodeportivo.com\/wp-content\/uploads\/2022\/08\/cropped-Logo-Esbozo-Web-2.png\",\"contentUrl\":\"https:\/\/esbozodeportivo.com\/wp-content\/uploads\/2022\/08\/cropped-Logo-Esbozo-Web-2.png\",\"width\":180,\"height\":50,\"caption\":\"Esbozo Deportivo\"},\"image\":{\"@id\":\"https:\/\/esbozodeportivo.com\/#\/schema\/logo\/image\/\"}},{\"@type\":\"Person\",\"@id\":\"https:\/\/esbozodeportivo.com\/#\/schema\/person\/7277119c98823aec37bbb84e125efd44\",\"name\":\"Javier De La Cruz\",\"image\":{\"@type\":\"ImageObject\",\"inLanguage\":\"es\",\"@id\":\"https:\/\/esbozodeportivo.com\/#\/schema\/person\/image\/\",\"url\":\"https:\/\/secure.gravatar.com\/avatar\/366235a56d20f1a6e8e3d0b295897639357bea880470ddf261d17bb0bc052eb1?s=96&d=mm&r=g\",\"contentUrl\":\"https:\/\/secure.gravatar.com\/avatar\/366235a56d20f1a6e8e3d0b295897639357bea880470ddf261d17bb0bc052eb1?s=96&d=mm&r=g\",\"caption\":\"Javier De La Cruz\"},\"url\":\"https:\/\/esbozodeportivo.com\/index.php\/author\/javier-de-la-cruz-de-la-cruz\/\"}]}<\/script>\n<!-- \/ Yoast SEO plugin. -->","yoast_head_json":{"title":"Abre Alma Delia Cort\u00e9s con oro en el Iberoamericano de Atletismo - Esbozo Deportivo","robots":{"index":"index","follow":"follow","max-snippet":"max-snippet:-1","max-image-preview":"max-image-preview:large","max-video-preview":"max-video-preview:-1"},"canonical":"https:\/\/esbozodeportivo.com\/index.php\/2024\/05\/11\/abre-alma-delia-cortes-con-oro-en-el-iberoamericano-de-atletismo\/","og_locale":"es_MX","og_type":"article","og_title":"Abre Alma Delia Cort\u00e9s con oro en el Iberoamericano de Atletismo - Esbozo Deportivo","og_description":"(Foto: Fedmxatle)\u00a0 La selecci\u00f3n mexicana de atletismo abri\u00f3 con una medalla de oro su participaci\u00f3n","og_url":"https:\/\/esbozodeportivo.com\/index.php\/2024\/05\/11\/abre-alma-delia-cortes-con-oro-en-el-iberoamericano-de-atletismo\/","og_site_name":"Esbozo Deportivo","article_published_time":"2024-05-11T04:36:59+00:00","article_modified_time":"2024-05-11T04:38:38+00:00","og_image":[{"url":"https:\/\/esbozodeportivo.com\/wp-content\/uploads\/2024\/05\/Almadelia1-1024x857.jpeg","type":"","width":"","height":""}],"author":"Javier De La Cruz","twitter_card":"summary_large_image","twitter_misc":{"Escrito por":"Javier De La Cruz","Tiempo de lectura":"1 minuto"},"schema":{"@context":"https:\/\/schema.org","@graph":[{"@type":"Article","@id":"https:\/\/esbozodeportivo.com\/index.php\/2024\/05\/11\/abre-alma-delia-cortes-con-oro-en-el-iberoamericano-de-atletismo\/#article","isPartOf":{"@id":"https:\/\/esbozodeportivo.com\/index.php\/2024\/05\/11\/abre-alma-delia-cortes-con-oro-en-el-iberoamericano-de-atletismo\/"},"author":{"name":"Javier De La Cruz","@id":"https:\/\/esbozodeportivo.com\/#\/schema\/person\/7277119c98823aec37bbb84e125efd44"},"headline":"Abre Alma Delia Cort\u00e9s con oro en el Iberoamericano de Atletismo","datePublished":"2024-05-11T04:36:59+00:00","dateModified":"2024-05-11T04:38:38+00:00","mainEntityOfPage":{"@id":"https:\/\/esbozodeportivo.com\/index.php\/2024\/05\/11\/abre-alma-delia-cortes-con-oro-en-el-iberoamericano-de-atletismo\/"},"wordCount":227,"commentCount":0,"publisher":{"@id":"https:\/\/esbozodeportivo.com\/#organization"},"image":{"@id":"https:\/\/esbozodeportivo.com\/index.php\/2024\/05\/11\/abre-alma-delia-cortes-con-oro-en-el-iberoamericano-de-atletismo\/#primaryimage"},"thumbnailUrl":"https:\/\/esbozodeportivo.com\/wp-content\/uploads\/2024\/05\/Almadelia1-1024x857.jpeg","articleSection":["Amateur"],"inLanguage":"es","potentialAction":[{"@type":"CommentAction","name":"Comment","target":["https:\/\/esbozodeportivo.com\/index.php\/2024\/05\/11\/abre-alma-delia-cortes-con-oro-en-el-iberoamericano-de-atletismo\/#respond"]}]},{"@type":"WebPage","@id":"https:\/\/esbozodeportivo.com\/index.php\/2024\/05\/11\/abre-alma-delia-cortes-con-oro-en-el-iberoamericano-de-atletismo\/","url":"https:\/\/esbozodeportivo.com\/index.php\/2024\/05\/11\/abre-alma-delia-cortes-con-oro-en-el-iberoamericano-de-atletismo\/","name":"Abre Alma Delia Cort\u00e9s con oro en el Iberoamericano de Atletismo - Esbozo Deportivo","isPartOf":{"@id":"https:\/\/esbozodeportivo.com\/#website"},"primaryImageOfPage":{"@id":"https:\/\/esbozodeportivo.com\/index.php\/2024\/05\/11\/abre-alma-delia-cortes-con-oro-en-el-iberoamericano-de-atletismo\/#primaryimage"},"image":{"@id":"https:\/\/esbozodeportivo.com\/index.php\/2024\/05\/11\/abre-alma-delia-cortes-con-oro-en-el-iberoamericano-de-atletismo\/#primaryimage"},"thumbnailUrl":"https:\/\/esbozodeportivo.com\/wp-content\/uploads\/2024\/05\/Almadelia1-1024x857.jpeg","datePublished":"2024-05-11T04:36:59+00:00","dateModified":"2024-05-11T04:38:38+00:00","breadcrumb":{"@id":"https:\/\/esbozodeportivo.com\/index.php\/2024\/05\/11\/abre-alma-delia-cortes-con-oro-en-el-iberoamericano-de-atletismo\/#breadcrumb"},"inLanguage":"es","potentialAction":[{"@type":"ReadAction","target":["https:\/\/esbozodeportivo.com\/index.php\/2024\/05\/11\/abre-alma-delia-cortes-con-oro-en-el-iberoamericano-de-atletismo\/"]}]},{"@type":"ImageObject","inLanguage":"es","@id":"https:\/\/esbozodeportivo.com\/index.php\/2024\/05\/11\/abre-alma-delia-cortes-con-oro-en-el-iberoamericano-de-atletismo\/#primaryimage","url":"https:\/\/esbozodeportivo.com\/wp-content\/uploads\/2024\/05\/Almadelia1-1024x857.jpeg","contentUrl":"https:\/\/esbozodeportivo.com\/wp-content\/uploads\/2024\/05\/Almadelia1-1024x857.jpeg"},{"@type":"BreadcrumbList","@id":"https:\/\/esbozodeportivo.com\/index.php\/2024\/05\/11\/abre-alma-delia-cortes-con-oro-en-el-iberoamericano-de-atletismo\/#breadcrumb","itemListElement":[{"@type":"ListItem","position":1,"name":"Inicio","item":"https:\/\/esbozodeportivo.com\/"},{"@type":"ListItem","position":2,"name":"Abre Alma Delia Cort\u00e9s con oro en el Iberoamericano de Atletismo"}]},{"@type":"WebSite","@id":"https:\/\/esbozodeportivo.com\/#website","url":"https:\/\/esbozodeportivo.com\/","name":"Esbozo Deportivo","description":"Lo m\u00e1s importante del Deporte","publisher":{"@id":"https:\/\/esbozodeportivo.com\/#organization"},"potentialAction":[{"@type":"SearchAction","target":{"@type":"EntryPoint","urlTemplate":"https:\/\/esbozodeportivo.com\/?s={search_term_string}"},"query-input":{"@type":"PropertyValueSpecification","valueRequired":true,"valueName":"search_term_string"}}],"inLanguage":"es"},{"@type":"Organization","@id":"https:\/\/esbozodeportivo.com\/#organization","name":"Esbozo Deportivo","url":"https:\/\/esbozodeportivo.com\/","logo":{"@type":"ImageObject","inLanguage":"es","@id":"https:\/\/esbozodeportivo.com\/#\/schema\/logo\/image\/","url":"https:\/\/esbozodeportivo.com\/wp-content\/uploads\/2022\/08\/cropped-Logo-Esbozo-Web-2.png","contentUrl":"https:\/\/esbozodeportivo.com\/wp-content\/uploads\/2022\/08\/cropped-Logo-Esbozo-Web-2.png","width":180,"height":50,"caption":"Esbozo Deportivo"},"image":{"@id":"https:\/\/esbozodeportivo.com\/#\/schema\/logo\/image\/"}},{"@type":"Person","@id":"https:\/\/esbozodeportivo.com\/#\/schema\/person\/7277119c98823aec37bbb84e125efd44","name":"Javier De La Cruz","image":{"@type":"ImageObject","inLanguage":"es","@id":"https:\/\/esbozodeportivo.com\/#\/schema\/person\/image\/","url":"https:\/\/secure.gravatar.com\/avatar\/366235a56d20f1a6e8e3d0b295897639357bea880470ddf261d17bb0bc052eb1?s=96&d=mm&r=g","contentUrl":"https:\/\/secure.gravatar.com\/avatar\/366235a56d20f1a6e8e3d0b295897639357bea880470ddf261d17bb0bc052eb1?s=96&d=mm&r=g","caption":"Javier De La Cruz"},"url":"https:\/\/esbozodeportivo.com\/index.php\/author\/javier-de-la-cruz-de-la-cruz\/"}]}},"jetpack_featured_media_url":"","jetpack_sharing_enabled":true,"_links":{"self":[{"href":"https:\/\/esbozodeportivo.com\/index.php\/wp-json\/wp\/v2\/posts\/3473","targetHints":{"allow":["GET"]}}],"collection":[{"href":"https:\/\/esbozodeportivo.com\/index.php\/wp-json\/wp\/v2\/posts"}],"about":[{"href":"https:\/\/esbozodeportivo.com\/index.php\/wp-json\/wp\/v2\/types\/post"}],"author":[{"embeddable":true,"href":"https:\/\/esbozodeportivo.com\/index.php\/wp-json\/wp\/v2\/users\/2"}],"replies":[{"embeddable":true,"href":"https:\/\/esbozodeportivo.com\/index.php\/wp-json\/wp\/v2\/comments?post=3473"}],"version-history":[{"count":4,"href":"https:\/\/esbozodeportivo.com\/index.php\/wp-json\/wp\/v2\/posts\/3473\/revisions"}],"predecessor-version":[{"id":3477,"href":"https:\/\/esbozodeportivo.com\/index.php\/wp-json\/wp\/v2\/posts\/3473\/revisions\/3477"}],"wp:attachment":[{"href":"https:\/\/esbozodeportivo.com\/index.php\/wp-json\/wp\/v2\/media?parent=3473"}],"wp:term":[{"taxonomy":"category","embeddable":true,"href":"https:\/\/esbozodeportivo.com\/index.php\/wp-json\/wp\/v2\/categories?post=3473"},{"taxonomy":"post_tag","embeddable":true,"href":"https:\/\/esbozodeportivo.com\/index.php\/wp-json\/wp\/v2\/tags?post=3473"}],"curies":[{"name":"wp","href":"https:\/\/api.w.org\/{rel}","templated":true}]}}