{"id":3478,"date":"2024-05-13T06:01:55","date_gmt":"2024-05-13T06:01:55","guid":{"rendered":"https:\/\/esbozodeportivo.com\/?p=3478"},"modified":"2024-05-13T06:05:04","modified_gmt":"2024-05-13T06:05:04","slug":"el-mexicano-guillermo-campos-gano-la-medalla-de-plata-en-brasil","status":"publish","type":"post","link":"https:\/\/esbozodeportivo.com\/index.php\/2024\/05\/13\/el-mexicano-guillermo-campos-gano-la-medalla-de-plata-en-brasil\/","title":{"rendered":"El mexicano Guillermo Campos gan\u00f3 la medalla de plata en Brasil"},"content":{"rendered":"<style>\/*! elementor - v3.21.0 - 08-05-2024 *\/\n.elementor-widget-image{text-align:center}.elementor-widget-image a{display:inline-block}.elementor-widget-image a img[src$=\".svg\"]{width:48px}.elementor-widget-image img{vertical-align:middle;display:inline-block}<\/style>\n<p>\t\t\t\t\t\t\t\t\t\t<img loading=\"lazy\" decoding=\"async\" width=\"640\" height=\"523\" src=\"https:\/\/esbozodeportivo.com\/wp-content\/uploads\/2024\/05\/GuillermoCampos-1024x836.jpeg\" alt=\"\" srcset=\"https:\/\/esbozodeportivo.com\/wp-content\/uploads\/2024\/05\/GuillermoCampos-1024x836.jpeg 1024w, https:\/\/esbozodeportivo.com\/wp-content\/uploads\/2024\/05\/GuillermoCampos-300x245.jpeg 300w, https:\/\/esbozodeportivo.com\/wp-content\/uploads\/2024\/05\/GuillermoCampos-768x627.jpeg 768w, https:\/\/esbozodeportivo.com\/wp-content\/uploads\/2024\/05\/GuillermoCampos.jpeg 1102w\" sizes=\"auto, (max-width: 640px) 100vw, 640px\" \/>\t\t\t\t\t\t\t\t\t\t\t\t\t<\/p>\n<p><strong>(Foto: Fedmxatle)<\/strong><strong>\u00a0<\/strong><\/p>\n<p>El corredor mexicano Guillermo Campos Ornelas se qued\u00f3 con la medalla de plata en el segundo d\u00eda de competencias del Campeonato Iberoamericano de Atletismo de pista y campo, que se disputa en Cuib\u00e1, Brasil,\u00a0 al terminar en la segunda posici\u00f3n de la final de los 400 metros con vallas, con un tiempo de 49 segundos y 27 cent\u00e9simas.<\/p>\n<p>Guillermo Campos tuvo una destacada actuaci\u00f3n en el programa sabatino de este evento que forma parte del proceso clasificatorio rumbo a los Juegos Ol\u00edmpicos de Par\u00eds, en cuya prueba el ganador fue el portugu\u00e9s Mikael Jes\u00fas, con 49.20 y el tercer sitio fue para el dominicano Yeral N\u00fa\u00f1ez, con 49.60.<\/p>\n<p>Mientras que en la final de los 400 metros planos, el mexicano Valente Mendoza se qued\u00f3 con la cuarta posici\u00f3n, con tiempo de 46.13, en la prueba dominada por el argentino Gaspar Larregina, con 45.27, escoltado por el portugu\u00e9s Omar Ekahatib y el colombiano Jos\u00e9 Zambrano.<\/p>\n<p>Por lo que corresponde a las pruebas de campo, la mexicana Ver\u00f3nica Luzania se clasific\u00f3 en la cuarta posici\u00f3n de la final de lanzamiento de disco, con marca de 54.49 metros, en la competencia que fue ganada por la brasile\u00f1a Izabela Rodriguez, con 63-30, seguida por la tambi\u00e9n brasile\u00f1a Andressa Oliveira y la cubana Silinda Morales.<\/p>\n<p>\u00a0<\/p>\n<p>\u00a0<\/p>\n","protected":false},"excerpt":{"rendered":"<p>(Foto: Fedmxatle)\u00a0 El corredor mexicano Guillermo Campos Ornelas se qued\u00f3 con la medalla de plata<\/p>\n","protected":false},"author":2,"featured_media":0,"comment_status":"open","ping_status":"open","sticky":false,"template":"","format":"standard","meta":{"_jetpack_memberships_contains_paid_content":false,"footnotes":""},"categories":[5],"tags":[],"class_list":["post-3478","post","type-post","status-publish","format-standard","hentry","category-amateur"],"yoast_head":"<!-- This site is optimized with the Yoast SEO plugin v25.7 - https:\/\/yoast.com\/wordpress\/plugins\/seo\/ -->\n<title>El mexicano Guillermo Campos gan\u00f3 la medalla de plata en Brasil - Esbozo Deportivo<\/title>\n<meta name=\"robots\" content=\"index, follow, max-snippet:-1, max-image-preview:large, max-video-preview:-1\" \/>\n<link rel=\"canonical\" href=\"https:\/\/esbozodeportivo.com\/index.php\/2024\/05\/13\/el-mexicano-guillermo-campos-gano-la-medalla-de-plata-en-brasil\/\" \/>\n<meta property=\"og:locale\" content=\"es_MX\" \/>\n<meta property=\"og:type\" content=\"article\" \/>\n<meta property=\"og:title\" content=\"El mexicano Guillermo Campos gan\u00f3 la medalla de plata en Brasil - Esbozo Deportivo\" \/>\n<meta property=\"og:description\" content=\"(Foto: Fedmxatle)\u00a0 El corredor mexicano Guillermo Campos Ornelas se qued\u00f3 con la medalla de plata\" \/>\n<meta property=\"og:url\" content=\"https:\/\/esbozodeportivo.com\/index.php\/2024\/05\/13\/el-mexicano-guillermo-campos-gano-la-medalla-de-plata-en-brasil\/\" \/>\n<meta property=\"og:site_name\" content=\"Esbozo Deportivo\" \/>\n<meta property=\"article:published_time\" content=\"2024-05-13T06:01:55+00:00\" \/>\n<meta property=\"article:modified_time\" content=\"2024-05-13T06:05:04+00:00\" \/>\n<meta property=\"og:image\" content=\"https:\/\/esbozodeportivo.com\/wp-content\/uploads\/2024\/05\/GuillermoCampos-1024x836.jpeg\" \/>\n<meta name=\"author\" content=\"Javier De La Cruz\" \/>\n<meta name=\"twitter:card\" content=\"summary_large_image\" \/>\n<meta name=\"twitter:label1\" content=\"Escrito por\" \/>\n\t<meta name=\"twitter:data1\" content=\"Javier De La Cruz\" \/>\n\t<meta name=\"twitter:label2\" content=\"Tiempo de lectura\" \/>\n\t<meta name=\"twitter:data2\" content=\"1 minuto\" \/>\n<script type=\"application\/ld+json\" class=\"yoast-schema-graph\">{\"@context\":\"https:\/\/schema.org\",\"@graph\":[{\"@type\":\"Article\",\"@id\":\"https:\/\/esbozodeportivo.com\/index.php\/2024\/05\/13\/el-mexicano-guillermo-campos-gano-la-medalla-de-plata-en-brasil\/#article\",\"isPartOf\":{\"@id\":\"https:\/\/esbozodeportivo.com\/index.php\/2024\/05\/13\/el-mexicano-guillermo-campos-gano-la-medalla-de-plata-en-brasil\/\"},\"author\":{\"name\":\"Javier De La Cruz\",\"@id\":\"https:\/\/esbozodeportivo.com\/#\/schema\/person\/7277119c98823aec37bbb84e125efd44\"},\"headline\":\"El mexicano Guillermo Campos gan\u00f3 la medalla de plata en Brasil\",\"datePublished\":\"2024-05-13T06:01:55+00:00\",\"dateModified\":\"2024-05-13T06:05:04+00:00\",\"mainEntityOfPage\":{\"@id\":\"https:\/\/esbozodeportivo.com\/index.php\/2024\/05\/13\/el-mexicano-guillermo-campos-gano-la-medalla-de-plata-en-brasil\/\"},\"wordCount\":230,\"commentCount\":0,\"publisher\":{\"@id\":\"https:\/\/esbozodeportivo.com\/#organization\"},\"image\":{\"@id\":\"https:\/\/esbozodeportivo.com\/index.php\/2024\/05\/13\/el-mexicano-guillermo-campos-gano-la-medalla-de-plata-en-brasil\/#primaryimage\"},\"thumbnailUrl\":\"https:\/\/esbozodeportivo.com\/wp-content\/uploads\/2024\/05\/GuillermoCampos-1024x836.jpeg\",\"articleSection\":[\"Amateur\"],\"inLanguage\":\"es\",\"potentialAction\":[{\"@type\":\"CommentAction\",\"name\":\"Comment\",\"target\":[\"https:\/\/esbozodeportivo.com\/index.php\/2024\/05\/13\/el-mexicano-guillermo-campos-gano-la-medalla-de-plata-en-brasil\/#respond\"]}]},{\"@type\":\"WebPage\",\"@id\":\"https:\/\/esbozodeportivo.com\/index.php\/2024\/05\/13\/el-mexicano-guillermo-campos-gano-la-medalla-de-plata-en-brasil\/\",\"url\":\"https:\/\/esbozodeportivo.com\/index.php\/2024\/05\/13\/el-mexicano-guillermo-campos-gano-la-medalla-de-plata-en-brasil\/\",\"name\":\"El mexicano Guillermo Campos gan\u00f3 la medalla de plata en Brasil - Esbozo Deportivo\",\"isPartOf\":{\"@id\":\"https:\/\/esbozodeportivo.com\/#website\"},\"primaryImageOfPage\":{\"@id\":\"https:\/\/esbozodeportivo.com\/index.php\/2024\/05\/13\/el-mexicano-guillermo-campos-gano-la-medalla-de-plata-en-brasil\/#primaryimage\"},\"image\":{\"@id\":\"https:\/\/esbozodeportivo.com\/index.php\/2024\/05\/13\/el-mexicano-guillermo-campos-gano-la-medalla-de-plata-en-brasil\/#primaryimage\"},\"thumbnailUrl\":\"https:\/\/esbozodeportivo.com\/wp-content\/uploads\/2024\/05\/GuillermoCampos-1024x836.jpeg\",\"datePublished\":\"2024-05-13T06:01:55+00:00\",\"dateModified\":\"2024-05-13T06:05:04+00:00\",\"breadcrumb\":{\"@id\":\"https:\/\/esbozodeportivo.com\/index.php\/2024\/05\/13\/el-mexicano-guillermo-campos-gano-la-medalla-de-plata-en-brasil\/#breadcrumb\"},\"inLanguage\":\"es\",\"potentialAction\":[{\"@type\":\"ReadAction\",\"target\":[\"https:\/\/esbozodeportivo.com\/index.php\/2024\/05\/13\/el-mexicano-guillermo-campos-gano-la-medalla-de-plata-en-brasil\/\"]}]},{\"@type\":\"ImageObject\",\"inLanguage\":\"es\",\"@id\":\"https:\/\/esbozodeportivo.com\/index.php\/2024\/05\/13\/el-mexicano-guillermo-campos-gano-la-medalla-de-plata-en-brasil\/#primaryimage\",\"url\":\"https:\/\/esbozodeportivo.com\/wp-content\/uploads\/2024\/05\/GuillermoCampos-1024x836.jpeg\",\"contentUrl\":\"https:\/\/esbozodeportivo.com\/wp-content\/uploads\/2024\/05\/GuillermoCampos-1024x836.jpeg\"},{\"@type\":\"BreadcrumbList\",\"@id\":\"https:\/\/esbozodeportivo.com\/index.php\/2024\/05\/13\/el-mexicano-guillermo-campos-gano-la-medalla-de-plata-en-brasil\/#breadcrumb\",\"itemListElement\":[{\"@type\":\"ListItem\",\"position\":1,\"name\":\"Inicio\",\"item\":\"https:\/\/esbozodeportivo.com\/\"},{\"@type\":\"ListItem\",\"position\":2,\"name\":\"El mexicano Guillermo Campos gan\u00f3 la medalla de plata en Brasil\"}]},{\"@type\":\"WebSite\",\"@id\":\"https:\/\/esbozodeportivo.com\/#website\",\"url\":\"https:\/\/esbozodeportivo.com\/\",\"name\":\"Esbozo Deportivo\",\"description\":\"Lo m\u00e1s importante del Deporte\",\"publisher\":{\"@id\":\"https:\/\/esbozodeportivo.com\/#organization\"},\"potentialAction\":[{\"@type\":\"SearchAction\",\"target\":{\"@type\":\"EntryPoint\",\"urlTemplate\":\"https:\/\/esbozodeportivo.com\/?s={search_term_string}\"},\"query-input\":{\"@type\":\"PropertyValueSpecification\",\"valueRequired\":true,\"valueName\":\"search_term_string\"}}],\"inLanguage\":\"es\"},{\"@type\":\"Organization\",\"@id\":\"https:\/\/esbozodeportivo.com\/#organization\",\"name\":\"Esbozo Deportivo\",\"url\":\"https:\/\/esbozodeportivo.com\/\",\"logo\":{\"@type\":\"ImageObject\",\"inLanguage\":\"es\",\"@id\":\"https:\/\/esbozodeportivo.com\/#\/schema\/logo\/image\/\",\"url\":\"https:\/\/esbozodeportivo.com\/wp-content\/uploads\/2022\/08\/cropped-Logo-Esbozo-Web-2.png\",\"contentUrl\":\"https:\/\/esbozodeportivo.com\/wp-content\/uploads\/2022\/08\/cropped-Logo-Esbozo-Web-2.png\",\"width\":180,\"height\":50,\"caption\":\"Esbozo Deportivo\"},\"image\":{\"@id\":\"https:\/\/esbozodeportivo.com\/#\/schema\/logo\/image\/\"}},{\"@type\":\"Person\",\"@id\":\"https:\/\/esbozodeportivo.com\/#\/schema\/person\/7277119c98823aec37bbb84e125efd44\",\"name\":\"Javier De La Cruz\",\"image\":{\"@type\":\"ImageObject\",\"inLanguage\":\"es\",\"@id\":\"https:\/\/esbozodeportivo.com\/#\/schema\/person\/image\/\",\"url\":\"https:\/\/secure.gravatar.com\/avatar\/366235a56d20f1a6e8e3d0b295897639357bea880470ddf261d17bb0bc052eb1?s=96&d=mm&r=g\",\"contentUrl\":\"https:\/\/secure.gravatar.com\/avatar\/366235a56d20f1a6e8e3d0b295897639357bea880470ddf261d17bb0bc052eb1?s=96&d=mm&r=g\",\"caption\":\"Javier De La Cruz\"},\"url\":\"https:\/\/esbozodeportivo.com\/index.php\/author\/javier-de-la-cruz-de-la-cruz\/\"}]}<\/script>\n<!-- \/ Yoast SEO plugin. -->","yoast_head_json":{"title":"El mexicano Guillermo Campos gan\u00f3 la medalla de plata en Brasil - Esbozo Deportivo","robots":{"index":"index","follow":"follow","max-snippet":"max-snippet:-1","max-image-preview":"max-image-preview:large","max-video-preview":"max-video-preview:-1"},"canonical":"https:\/\/esbozodeportivo.com\/index.php\/2024\/05\/13\/el-mexicano-guillermo-campos-gano-la-medalla-de-plata-en-brasil\/","og_locale":"es_MX","og_type":"article","og_title":"El mexicano Guillermo Campos gan\u00f3 la medalla de plata en Brasil - Esbozo Deportivo","og_description":"(Foto: Fedmxatle)\u00a0 El corredor mexicano Guillermo Campos Ornelas se qued\u00f3 con la medalla de plata","og_url":"https:\/\/esbozodeportivo.com\/index.php\/2024\/05\/13\/el-mexicano-guillermo-campos-gano-la-medalla-de-plata-en-brasil\/","og_site_name":"Esbozo Deportivo","article_published_time":"2024-05-13T06:01:55+00:00","article_modified_time":"2024-05-13T06:05:04+00:00","og_image":[{"url":"https:\/\/esbozodeportivo.com\/wp-content\/uploads\/2024\/05\/GuillermoCampos-1024x836.jpeg","type":"","width":"","height":""}],"author":"Javier De La Cruz","twitter_card":"summary_large_image","twitter_misc":{"Escrito por":"Javier De La Cruz","Tiempo de lectura":"1 minuto"},"schema":{"@context":"https:\/\/schema.org","@graph":[{"@type":"Article","@id":"https:\/\/esbozodeportivo.com\/index.php\/2024\/05\/13\/el-mexicano-guillermo-campos-gano-la-medalla-de-plata-en-brasil\/#article","isPartOf":{"@id":"https:\/\/esbozodeportivo.com\/index.php\/2024\/05\/13\/el-mexicano-guillermo-campos-gano-la-medalla-de-plata-en-brasil\/"},"author":{"name":"Javier De La Cruz","@id":"https:\/\/esbozodeportivo.com\/#\/schema\/person\/7277119c98823aec37bbb84e125efd44"},"headline":"El mexicano Guillermo Campos gan\u00f3 la medalla de plata en Brasil","datePublished":"2024-05-13T06:01:55+00:00","dateModified":"2024-05-13T06:05:04+00:00","mainEntityOfPage":{"@id":"https:\/\/esbozodeportivo.com\/index.php\/2024\/05\/13\/el-mexicano-guillermo-campos-gano-la-medalla-de-plata-en-brasil\/"},"wordCount":230,"commentCount":0,"publisher":{"@id":"https:\/\/esbozodeportivo.com\/#organization"},"image":{"@id":"https:\/\/esbozodeportivo.com\/index.php\/2024\/05\/13\/el-mexicano-guillermo-campos-gano-la-medalla-de-plata-en-brasil\/#primaryimage"},"thumbnailUrl":"https:\/\/esbozodeportivo.com\/wp-content\/uploads\/2024\/05\/GuillermoCampos-1024x836.jpeg","articleSection":["Amateur"],"inLanguage":"es","potentialAction":[{"@type":"CommentAction","name":"Comment","target":["https:\/\/esbozodeportivo.com\/index.php\/2024\/05\/13\/el-mexicano-guillermo-campos-gano-la-medalla-de-plata-en-brasil\/#respond"]}]},{"@type":"WebPage","@id":"https:\/\/esbozodeportivo.com\/index.php\/2024\/05\/13\/el-mexicano-guillermo-campos-gano-la-medalla-de-plata-en-brasil\/","url":"https:\/\/esbozodeportivo.com\/index.php\/2024\/05\/13\/el-mexicano-guillermo-campos-gano-la-medalla-de-plata-en-brasil\/","name":"El mexicano Guillermo Campos gan\u00f3 la medalla de plata en Brasil - Esbozo Deportivo","isPartOf":{"@id":"https:\/\/esbozodeportivo.com\/#website"},"primaryImageOfPage":{"@id":"https:\/\/esbozodeportivo.com\/index.php\/2024\/05\/13\/el-mexicano-guillermo-campos-gano-la-medalla-de-plata-en-brasil\/#primaryimage"},"image":{"@id":"https:\/\/esbozodeportivo.com\/index.php\/2024\/05\/13\/el-mexicano-guillermo-campos-gano-la-medalla-de-plata-en-brasil\/#primaryimage"},"thumbnailUrl":"https:\/\/esbozodeportivo.com\/wp-content\/uploads\/2024\/05\/GuillermoCampos-1024x836.jpeg","datePublished":"2024-05-13T06:01:55+00:00","dateModified":"2024-05-13T06:05:04+00:00","breadcrumb":{"@id":"https:\/\/esbozodeportivo.com\/index.php\/2024\/05\/13\/el-mexicano-guillermo-campos-gano-la-medalla-de-plata-en-brasil\/#breadcrumb"},"inLanguage":"es","potentialAction":[{"@type":"ReadAction","target":["https:\/\/esbozodeportivo.com\/index.php\/2024\/05\/13\/el-mexicano-guillermo-campos-gano-la-medalla-de-plata-en-brasil\/"]}]},{"@type":"ImageObject","inLanguage":"es","@id":"https:\/\/esbozodeportivo.com\/index.php\/2024\/05\/13\/el-mexicano-guillermo-campos-gano-la-medalla-de-plata-en-brasil\/#primaryimage","url":"https:\/\/esbozodeportivo.com\/wp-content\/uploads\/2024\/05\/GuillermoCampos-1024x836.jpeg","contentUrl":"https:\/\/esbozodeportivo.com\/wp-content\/uploads\/2024\/05\/GuillermoCampos-1024x836.jpeg"},{"@type":"BreadcrumbList","@id":"https:\/\/esbozodeportivo.com\/index.php\/2024\/05\/13\/el-mexicano-guillermo-campos-gano-la-medalla-de-plata-en-brasil\/#breadcrumb","itemListElement":[{"@type":"ListItem","position":1,"name":"Inicio","item":"https:\/\/esbozodeportivo.com\/"},{"@type":"ListItem","position":2,"name":"El mexicano Guillermo Campos gan\u00f3 la medalla de plata en Brasil"}]},{"@type":"WebSite","@id":"https:\/\/esbozodeportivo.com\/#website","url":"https:\/\/esbozodeportivo.com\/","name":"Esbozo Deportivo","description":"Lo m\u00e1s importante del Deporte","publisher":{"@id":"https:\/\/esbozodeportivo.com\/#organization"},"potentialAction":[{"@type":"SearchAction","target":{"@type":"EntryPoint","urlTemplate":"https:\/\/esbozodeportivo.com\/?s={search_term_string}"},"query-input":{"@type":"PropertyValueSpecification","valueRequired":true,"valueName":"search_term_string"}}],"inLanguage":"es"},{"@type":"Organization","@id":"https:\/\/esbozodeportivo.com\/#organization","name":"Esbozo Deportivo","url":"https:\/\/esbozodeportivo.com\/","logo":{"@type":"ImageObject","inLanguage":"es","@id":"https:\/\/esbozodeportivo.com\/#\/schema\/logo\/image\/","url":"https:\/\/esbozodeportivo.com\/wp-content\/uploads\/2022\/08\/cropped-Logo-Esbozo-Web-2.png","contentUrl":"https:\/\/esbozodeportivo.com\/wp-content\/uploads\/2022\/08\/cropped-Logo-Esbozo-Web-2.png","width":180,"height":50,"caption":"Esbozo Deportivo"},"image":{"@id":"https:\/\/esbozodeportivo.com\/#\/schema\/logo\/image\/"}},{"@type":"Person","@id":"https:\/\/esbozodeportivo.com\/#\/schema\/person\/7277119c98823aec37bbb84e125efd44","name":"Javier De La Cruz","image":{"@type":"ImageObject","inLanguage":"es","@id":"https:\/\/esbozodeportivo.com\/#\/schema\/person\/image\/","url":"https:\/\/secure.gravatar.com\/avatar\/366235a56d20f1a6e8e3d0b295897639357bea880470ddf261d17bb0bc052eb1?s=96&d=mm&r=g","contentUrl":"https:\/\/secure.gravatar.com\/avatar\/366235a56d20f1a6e8e3d0b295897639357bea880470ddf261d17bb0bc052eb1?s=96&d=mm&r=g","caption":"Javier De La Cruz"},"url":"https:\/\/esbozodeportivo.com\/index.php\/author\/javier-de-la-cruz-de-la-cruz\/"}]}},"jetpack_featured_media_url":"","jetpack_sharing_enabled":true,"_links":{"self":[{"href":"https:\/\/esbozodeportivo.com\/index.php\/wp-json\/wp\/v2\/posts\/3478","targetHints":{"allow":["GET"]}}],"collection":[{"href":"https:\/\/esbozodeportivo.com\/index.php\/wp-json\/wp\/v2\/posts"}],"about":[{"href":"https:\/\/esbozodeportivo.com\/index.php\/wp-json\/wp\/v2\/types\/post"}],"author":[{"embeddable":true,"href":"https:\/\/esbozodeportivo.com\/index.php\/wp-json\/wp\/v2\/users\/2"}],"replies":[{"embeddable":true,"href":"https:\/\/esbozodeportivo.com\/index.php\/wp-json\/wp\/v2\/comments?post=3478"}],"version-history":[{"count":4,"href":"https:\/\/esbozodeportivo.com\/index.php\/wp-json\/wp\/v2\/posts\/3478\/revisions"}],"predecessor-version":[{"id":3483,"href":"https:\/\/esbozodeportivo.com\/index.php\/wp-json\/wp\/v2\/posts\/3478\/revisions\/3483"}],"wp:attachment":[{"href":"https:\/\/esbozodeportivo.com\/index.php\/wp-json\/wp\/v2\/media?parent=3478"}],"wp:term":[{"taxonomy":"category","embeddable":true,"href":"https:\/\/esbozodeportivo.com\/index.php\/wp-json\/wp\/v2\/categories?post=3478"},{"taxonomy":"post_tag","embeddable":true,"href":"https:\/\/esbozodeportivo.com\/index.php\/wp-json\/wp\/v2\/tags?post=3478"}],"curies":[{"name":"wp","href":"https:\/\/api.w.org\/{rel}","templated":true}]}}