{"id":3484,"date":"2024-05-13T06:07:27","date_gmt":"2024-05-13T06:07:27","guid":{"rendered":"https:\/\/esbozodeportivo.com\/?p=3484"},"modified":"2024-05-13T06:11:12","modified_gmt":"2024-05-13T06:11:12","slug":"edgar-rivera-se-lleva-el-oro-en-salto-de-altura-en-brasil","status":"publish","type":"post","link":"https:\/\/esbozodeportivo.com\/index.php\/2024\/05\/13\/edgar-rivera-se-lleva-el-oro-en-salto-de-altura-en-brasil\/","title":{"rendered":"Edgar Rivera se lleva el oro en salto de altura en Brasil"},"content":{"rendered":"<style>\/*! elementor - v3.21.0 - 08-05-2024 *\/\n.elementor-widget-image{text-align:center}.elementor-widget-image a{display:inline-block}.elementor-widget-image a img[src$=\".svg\"]{width:48px}.elementor-widget-image img{vertical-align:middle;display:inline-block}<\/style>\n<p>\t\t\t\t\t\t\t\t\t\t<img loading=\"lazy\" decoding=\"async\" width=\"640\" height=\"909\" src=\"https:\/\/esbozodeportivo.com\/wp-content\/uploads\/2024\/05\/edgarFMAA-721x1024.jpg\" alt=\"\" srcset=\"https:\/\/esbozodeportivo.com\/wp-content\/uploads\/2024\/05\/edgarFMAA-721x1024.jpg 721w, https:\/\/esbozodeportivo.com\/wp-content\/uploads\/2024\/05\/edgarFMAA-211x300.jpg 211w, https:\/\/esbozodeportivo.com\/wp-content\/uploads\/2024\/05\/edgarFMAA-768x1091.jpg 768w, https:\/\/esbozodeportivo.com\/wp-content\/uploads\/2024\/05\/edgarFMAA.jpg 896w\" sizes=\"auto, (max-width: 640px) 100vw, 640px\" \/>\t\t\t\t\t\t\t\t\t\t\t\t\t<\/p>\n<p><strong>(Foto: Fedmxatle)<\/strong><strong>\u00a0<\/strong><\/p>\n<p>** Lili\u00e1n Borja aport\u00f3 medalla de plata y Alma Delia Cort\u00e9s fue bronce en los 1,500 metros<\/p>\n<p>La selecci\u00f3n mexicana de atletismo consigui\u00f3 las medallas de oro, plata y bronce el Campeonato Iberoamericano de Atletismo 2024, disputado en Cuib\u00e1, Brasil, con las actuaciones brindadas por Edgar Rivera en salto de altura, Lili\u00e1n Borja en heptatl\u00f3n y Alma Delia Cort\u00e9s en los 1,500 metros, respectivamente.<\/p>\n<p>La delegaci\u00f3n mexicana formada por 17 atletas de pista y campo que busca tiempos y marcas en su proceso a los Juegos Ol\u00edmpicos de Par\u00eds 2024, acumula dos medallas de oro, dos de plata y una de bronce su participaci\u00f3n en el evento que forma parte del calendario internacional reconocido por la World Athletics.<\/p>\n<p>\t\t\t\t\t\t\t\t\t\t\t\t\t<img loading=\"lazy\" decoding=\"async\" width=\"640\" height=\"821\" src=\"https:\/\/esbozodeportivo.com\/wp-content\/uploads\/2024\/05\/lilianFMA-798x1024.jpg\" alt=\"\" srcset=\"https:\/\/esbozodeportivo.com\/wp-content\/uploads\/2024\/05\/lilianFMA-798x1024.jpg 798w, https:\/\/esbozodeportivo.com\/wp-content\/uploads\/2024\/05\/lilianFMA-234x300.jpg 234w, https:\/\/esbozodeportivo.com\/wp-content\/uploads\/2024\/05\/lilianFMA-768x986.jpg 768w, https:\/\/esbozodeportivo.com\/wp-content\/uploads\/2024\/05\/lilianFMA.jpg 900w\" sizes=\"auto, (max-width: 640px) 100vw, 640px\" \/>\t\t\t\t\t\t\t\t\t\t\t\t\t<\/p>\n<p><strong>(Foto: Fedmxatle)<\/strong><strong>\u00a0<\/strong><\/p>\n<p>El sonorense \u00c9dgar Rivera se qued\u00f3 con la presea dorada, al dominar la prueba de salto de altura con marca de 2.20 metros, para dejar la medalla de plata al brasile\u00f1o Thiago Julio Souza, con 2.20. El criterio de desempate favoreci\u00f3 al mexicano quien libr\u00f3 la barra a 2.20 metros en su primer intento y el brasile\u00f1o lo hizo hasta el segundo. La medalla de bronce fue para el brasile\u00f1o Fernando Carvalho.<\/p>\n<p>La segunda medalla de la jornada fue conseguida por la mexicana Lili\u00e1n Borja, quien se sostuvo en la segunda posici\u00f3n de la final de heptatl\u00f3n, con puntuaci\u00f3n de 5 mil 637, superada por la colombiana Martha Valeria Araujo, con 6 mil 274 y el bronce fue para la brasile\u00f1a Tamara Alejandrino, con 5,617 unidades.<\/p>\n<p>\t\t\t\t\t\t\t\t\t\t\t\t\t<img loading=\"lazy\" decoding=\"async\" width=\"576\" height=\"1024\" src=\"https:\/\/esbozodeportivo.com\/wp-content\/uploads\/2024\/05\/lilian2FMA-576x1024.jpg\" alt=\"\" srcset=\"https:\/\/esbozodeportivo.com\/wp-content\/uploads\/2024\/05\/lilian2FMA-576x1024.jpg 576w, https:\/\/esbozodeportivo.com\/wp-content\/uploads\/2024\/05\/lilian2FMA-169x300.jpg 169w, https:\/\/esbozodeportivo.com\/wp-content\/uploads\/2024\/05\/lilian2FMA-768x1365.jpg 768w, https:\/\/esbozodeportivo.com\/wp-content\/uploads\/2024\/05\/lilian2FMA-864x1536.jpg 864w, https:\/\/esbozodeportivo.com\/wp-content\/uploads\/2024\/05\/lilian2FMA.jpg 900w\" sizes=\"auto, (max-width: 576px) 100vw, 576px\" \/>\t\t\t\t\t\t\t\t\t\t\t\t\t<\/p>\n<p><strong>(Foto: Fedmxatle)<\/strong><strong>\u00a0<\/strong><\/p>\n<p>La corredora Alma Delia Cort\u00e9s cosech\u00f3 su segunda presea en la cuenta personal, al apoderarse de la tercera posici\u00f3n de la final de los 1,500 metros, prueba en la que busca su clasificaci\u00f3n a Paris mediante el ranking ol\u00edmpico. La mexiquense termin\u00f3 el recorrido con tiempo de 4 minutos, 12 segundos y 36 cent\u00e9simas.<\/p>\n<p>La prueba fue ganada por la uruguaya Mar\u00eda P\u00eda Hern\u00e1ndez, con tiempo de 4.11.65, mientras que la peruana Anita Poma ocup\u00f3 la segunda plaza, con 4.12.33.<\/p>\n<p>\t\t\t\t\t\t\t\t\t\t\t\t\t<img loading=\"lazy\" decoding=\"async\" width=\"640\" height=\"360\" src=\"https:\/\/esbozodeportivo.com\/wp-content\/uploads\/2024\/05\/AlmaFMAA-1024x576.jpg\" alt=\"\" srcset=\"https:\/\/esbozodeportivo.com\/wp-content\/uploads\/2024\/05\/AlmaFMAA-1024x576.jpg 1024w, https:\/\/esbozodeportivo.com\/wp-content\/uploads\/2024\/05\/AlmaFMAA-300x169.jpg 300w, https:\/\/esbozodeportivo.com\/wp-content\/uploads\/2024\/05\/AlmaFMAA-768x432.jpg 768w, https:\/\/esbozodeportivo.com\/wp-content\/uploads\/2024\/05\/AlmaFMAA-1536x864.jpg 1536w, https:\/\/esbozodeportivo.com\/wp-content\/uploads\/2024\/05\/AlmaFMAA.jpg 1600w\" sizes=\"auto, (max-width: 640px) 100vw, 640px\" \/>\t\t\t\t\t\t\t\t\t\t\t\t\t<\/p>\n<p><strong>(Foto: Fedmxatle)<\/strong><strong>\u00a0<\/strong><\/p>\n","protected":false},"excerpt":{"rendered":"<p>(Foto: Fedmxatle)\u00a0 ** Lili\u00e1n Borja aport\u00f3 medalla de plata y Alma Delia Cort\u00e9s fue bronce<\/p>\n","protected":false},"author":2,"featured_media":0,"comment_status":"open","ping_status":"open","sticky":false,"template":"","format":"standard","meta":{"_jetpack_memberships_contains_paid_content":false,"footnotes":""},"categories":[5],"tags":[],"class_list":["post-3484","post","type-post","status-publish","format-standard","hentry","category-amateur"],"yoast_head":"<!-- This site is optimized with the Yoast SEO plugin v25.7 - https:\/\/yoast.com\/wordpress\/plugins\/seo\/ -->\n<title>Edgar Rivera se lleva el oro en salto de altura en Brasil - Esbozo Deportivo<\/title>\n<meta name=\"robots\" content=\"index, follow, max-snippet:-1, max-image-preview:large, max-video-preview:-1\" \/>\n<link rel=\"canonical\" href=\"https:\/\/esbozodeportivo.com\/index.php\/2024\/05\/13\/edgar-rivera-se-lleva-el-oro-en-salto-de-altura-en-brasil\/\" \/>\n<meta property=\"og:locale\" content=\"es_MX\" \/>\n<meta property=\"og:type\" content=\"article\" \/>\n<meta property=\"og:title\" content=\"Edgar Rivera se lleva el oro en salto de altura en Brasil - Esbozo Deportivo\" \/>\n<meta property=\"og:description\" content=\"(Foto: Fedmxatle)\u00a0 ** Lili\u00e1n Borja aport\u00f3 medalla de plata y Alma Delia Cort\u00e9s fue bronce\" \/>\n<meta property=\"og:url\" content=\"https:\/\/esbozodeportivo.com\/index.php\/2024\/05\/13\/edgar-rivera-se-lleva-el-oro-en-salto-de-altura-en-brasil\/\" \/>\n<meta property=\"og:site_name\" content=\"Esbozo Deportivo\" \/>\n<meta property=\"article:published_time\" content=\"2024-05-13T06:07:27+00:00\" \/>\n<meta property=\"article:modified_time\" content=\"2024-05-13T06:11:12+00:00\" \/>\n<meta property=\"og:image\" content=\"https:\/\/esbozodeportivo.com\/wp-content\/uploads\/2024\/05\/edgarFMAA-721x1024.jpg\" \/>\n<meta name=\"author\" content=\"Javier De La Cruz\" \/>\n<meta name=\"twitter:card\" content=\"summary_large_image\" \/>\n<meta name=\"twitter:label1\" content=\"Escrito por\" \/>\n\t<meta name=\"twitter:data1\" content=\"Javier De La Cruz\" \/>\n\t<meta name=\"twitter:label2\" content=\"Tiempo de lectura\" \/>\n\t<meta name=\"twitter:data2\" content=\"2 minutos\" \/>\n<script type=\"application\/ld+json\" class=\"yoast-schema-graph\">{\"@context\":\"https:\/\/schema.org\",\"@graph\":[{\"@type\":\"Article\",\"@id\":\"https:\/\/esbozodeportivo.com\/index.php\/2024\/05\/13\/edgar-rivera-se-lleva-el-oro-en-salto-de-altura-en-brasil\/#article\",\"isPartOf\":{\"@id\":\"https:\/\/esbozodeportivo.com\/index.php\/2024\/05\/13\/edgar-rivera-se-lleva-el-oro-en-salto-de-altura-en-brasil\/\"},\"author\":{\"name\":\"Javier De La Cruz\",\"@id\":\"https:\/\/esbozodeportivo.com\/#\/schema\/person\/7277119c98823aec37bbb84e125efd44\"},\"headline\":\"Edgar Rivera se lleva el oro en salto de altura en Brasil\",\"datePublished\":\"2024-05-13T06:07:27+00:00\",\"dateModified\":\"2024-05-13T06:11:12+00:00\",\"mainEntityOfPage\":{\"@id\":\"https:\/\/esbozodeportivo.com\/index.php\/2024\/05\/13\/edgar-rivera-se-lleva-el-oro-en-salto-de-altura-en-brasil\/\"},\"wordCount\":350,\"commentCount\":0,\"publisher\":{\"@id\":\"https:\/\/esbozodeportivo.com\/#organization\"},\"image\":{\"@id\":\"https:\/\/esbozodeportivo.com\/index.php\/2024\/05\/13\/edgar-rivera-se-lleva-el-oro-en-salto-de-altura-en-brasil\/#primaryimage\"},\"thumbnailUrl\":\"https:\/\/esbozodeportivo.com\/wp-content\/uploads\/2024\/05\/edgarFMAA-721x1024.jpg\",\"articleSection\":[\"Amateur\"],\"inLanguage\":\"es\",\"potentialAction\":[{\"@type\":\"CommentAction\",\"name\":\"Comment\",\"target\":[\"https:\/\/esbozodeportivo.com\/index.php\/2024\/05\/13\/edgar-rivera-se-lleva-el-oro-en-salto-de-altura-en-brasil\/#respond\"]}]},{\"@type\":\"WebPage\",\"@id\":\"https:\/\/esbozodeportivo.com\/index.php\/2024\/05\/13\/edgar-rivera-se-lleva-el-oro-en-salto-de-altura-en-brasil\/\",\"url\":\"https:\/\/esbozodeportivo.com\/index.php\/2024\/05\/13\/edgar-rivera-se-lleva-el-oro-en-salto-de-altura-en-brasil\/\",\"name\":\"Edgar Rivera se lleva el oro en salto de altura en Brasil - Esbozo Deportivo\",\"isPartOf\":{\"@id\":\"https:\/\/esbozodeportivo.com\/#website\"},\"primaryImageOfPage\":{\"@id\":\"https:\/\/esbozodeportivo.com\/index.php\/2024\/05\/13\/edgar-rivera-se-lleva-el-oro-en-salto-de-altura-en-brasil\/#primaryimage\"},\"image\":{\"@id\":\"https:\/\/esbozodeportivo.com\/index.php\/2024\/05\/13\/edgar-rivera-se-lleva-el-oro-en-salto-de-altura-en-brasil\/#primaryimage\"},\"thumbnailUrl\":\"https:\/\/esbozodeportivo.com\/wp-content\/uploads\/2024\/05\/edgarFMAA-721x1024.jpg\",\"datePublished\":\"2024-05-13T06:07:27+00:00\",\"dateModified\":\"2024-05-13T06:11:12+00:00\",\"breadcrumb\":{\"@id\":\"https:\/\/esbozodeportivo.com\/index.php\/2024\/05\/13\/edgar-rivera-se-lleva-el-oro-en-salto-de-altura-en-brasil\/#breadcrumb\"},\"inLanguage\":\"es\",\"potentialAction\":[{\"@type\":\"ReadAction\",\"target\":[\"https:\/\/esbozodeportivo.com\/index.php\/2024\/05\/13\/edgar-rivera-se-lleva-el-oro-en-salto-de-altura-en-brasil\/\"]}]},{\"@type\":\"ImageObject\",\"inLanguage\":\"es\",\"@id\":\"https:\/\/esbozodeportivo.com\/index.php\/2024\/05\/13\/edgar-rivera-se-lleva-el-oro-en-salto-de-altura-en-brasil\/#primaryimage\",\"url\":\"https:\/\/esbozodeportivo.com\/wp-content\/uploads\/2024\/05\/edgarFMAA.jpg\",\"contentUrl\":\"https:\/\/esbozodeportivo.com\/wp-content\/uploads\/2024\/05\/edgarFMAA.jpg\",\"width\":896,\"height\":1273},{\"@type\":\"BreadcrumbList\",\"@id\":\"https:\/\/esbozodeportivo.com\/index.php\/2024\/05\/13\/edgar-rivera-se-lleva-el-oro-en-salto-de-altura-en-brasil\/#breadcrumb\",\"itemListElement\":[{\"@type\":\"ListItem\",\"position\":1,\"name\":\"Inicio\",\"item\":\"https:\/\/esbozodeportivo.com\/\"},{\"@type\":\"ListItem\",\"position\":2,\"name\":\"Edgar Rivera se lleva el oro en salto de altura en Brasil\"}]},{\"@type\":\"WebSite\",\"@id\":\"https:\/\/esbozodeportivo.com\/#website\",\"url\":\"https:\/\/esbozodeportivo.com\/\",\"name\":\"Esbozo Deportivo\",\"description\":\"Lo m\u00e1s importante del Deporte\",\"publisher\":{\"@id\":\"https:\/\/esbozodeportivo.com\/#organization\"},\"potentialAction\":[{\"@type\":\"SearchAction\",\"target\":{\"@type\":\"EntryPoint\",\"urlTemplate\":\"https:\/\/esbozodeportivo.com\/?s={search_term_string}\"},\"query-input\":{\"@type\":\"PropertyValueSpecification\",\"valueRequired\":true,\"valueName\":\"search_term_string\"}}],\"inLanguage\":\"es\"},{\"@type\":\"Organization\",\"@id\":\"https:\/\/esbozodeportivo.com\/#organization\",\"name\":\"Esbozo Deportivo\",\"url\":\"https:\/\/esbozodeportivo.com\/\",\"logo\":{\"@type\":\"ImageObject\",\"inLanguage\":\"es\",\"@id\":\"https:\/\/esbozodeportivo.com\/#\/schema\/logo\/image\/\",\"url\":\"https:\/\/esbozodeportivo.com\/wp-content\/uploads\/2022\/08\/cropped-Logo-Esbozo-Web-2.png\",\"contentUrl\":\"https:\/\/esbozodeportivo.com\/wp-content\/uploads\/2022\/08\/cropped-Logo-Esbozo-Web-2.png\",\"width\":180,\"height\":50,\"caption\":\"Esbozo Deportivo\"},\"image\":{\"@id\":\"https:\/\/esbozodeportivo.com\/#\/schema\/logo\/image\/\"}},{\"@type\":\"Person\",\"@id\":\"https:\/\/esbozodeportivo.com\/#\/schema\/person\/7277119c98823aec37bbb84e125efd44\",\"name\":\"Javier De La Cruz\",\"image\":{\"@type\":\"ImageObject\",\"inLanguage\":\"es\",\"@id\":\"https:\/\/esbozodeportivo.com\/#\/schema\/person\/image\/\",\"url\":\"https:\/\/secure.gravatar.com\/avatar\/366235a56d20f1a6e8e3d0b295897639357bea880470ddf261d17bb0bc052eb1?s=96&d=mm&r=g\",\"contentUrl\":\"https:\/\/secure.gravatar.com\/avatar\/366235a56d20f1a6e8e3d0b295897639357bea880470ddf261d17bb0bc052eb1?s=96&d=mm&r=g\",\"caption\":\"Javier De La Cruz\"},\"url\":\"https:\/\/esbozodeportivo.com\/index.php\/author\/javier-de-la-cruz-de-la-cruz\/\"}]}<\/script>\n<!-- \/ Yoast SEO plugin. -->","yoast_head_json":{"title":"Edgar Rivera se lleva el oro en salto de altura en Brasil - Esbozo Deportivo","robots":{"index":"index","follow":"follow","max-snippet":"max-snippet:-1","max-image-preview":"max-image-preview:large","max-video-preview":"max-video-preview:-1"},"canonical":"https:\/\/esbozodeportivo.com\/index.php\/2024\/05\/13\/edgar-rivera-se-lleva-el-oro-en-salto-de-altura-en-brasil\/","og_locale":"es_MX","og_type":"article","og_title":"Edgar Rivera se lleva el oro en salto de altura en Brasil - Esbozo Deportivo","og_description":"(Foto: Fedmxatle)\u00a0 ** Lili\u00e1n Borja aport\u00f3 medalla de plata y Alma Delia Cort\u00e9s fue bronce","og_url":"https:\/\/esbozodeportivo.com\/index.php\/2024\/05\/13\/edgar-rivera-se-lleva-el-oro-en-salto-de-altura-en-brasil\/","og_site_name":"Esbozo Deportivo","article_published_time":"2024-05-13T06:07:27+00:00","article_modified_time":"2024-05-13T06:11:12+00:00","og_image":[{"url":"https:\/\/esbozodeportivo.com\/wp-content\/uploads\/2024\/05\/edgarFMAA-721x1024.jpg","type":"","width":"","height":""}],"author":"Javier De La Cruz","twitter_card":"summary_large_image","twitter_misc":{"Escrito por":"Javier De La Cruz","Tiempo de lectura":"2 minutos"},"schema":{"@context":"https:\/\/schema.org","@graph":[{"@type":"Article","@id":"https:\/\/esbozodeportivo.com\/index.php\/2024\/05\/13\/edgar-rivera-se-lleva-el-oro-en-salto-de-altura-en-brasil\/#article","isPartOf":{"@id":"https:\/\/esbozodeportivo.com\/index.php\/2024\/05\/13\/edgar-rivera-se-lleva-el-oro-en-salto-de-altura-en-brasil\/"},"author":{"name":"Javier De La Cruz","@id":"https:\/\/esbozodeportivo.com\/#\/schema\/person\/7277119c98823aec37bbb84e125efd44"},"headline":"Edgar Rivera se lleva el oro en salto de altura en Brasil","datePublished":"2024-05-13T06:07:27+00:00","dateModified":"2024-05-13T06:11:12+00:00","mainEntityOfPage":{"@id":"https:\/\/esbozodeportivo.com\/index.php\/2024\/05\/13\/edgar-rivera-se-lleva-el-oro-en-salto-de-altura-en-brasil\/"},"wordCount":350,"commentCount":0,"publisher":{"@id":"https:\/\/esbozodeportivo.com\/#organization"},"image":{"@id":"https:\/\/esbozodeportivo.com\/index.php\/2024\/05\/13\/edgar-rivera-se-lleva-el-oro-en-salto-de-altura-en-brasil\/#primaryimage"},"thumbnailUrl":"https:\/\/esbozodeportivo.com\/wp-content\/uploads\/2024\/05\/edgarFMAA-721x1024.jpg","articleSection":["Amateur"],"inLanguage":"es","potentialAction":[{"@type":"CommentAction","name":"Comment","target":["https:\/\/esbozodeportivo.com\/index.php\/2024\/05\/13\/edgar-rivera-se-lleva-el-oro-en-salto-de-altura-en-brasil\/#respond"]}]},{"@type":"WebPage","@id":"https:\/\/esbozodeportivo.com\/index.php\/2024\/05\/13\/edgar-rivera-se-lleva-el-oro-en-salto-de-altura-en-brasil\/","url":"https:\/\/esbozodeportivo.com\/index.php\/2024\/05\/13\/edgar-rivera-se-lleva-el-oro-en-salto-de-altura-en-brasil\/","name":"Edgar Rivera se lleva el oro en salto de altura en Brasil - Esbozo Deportivo","isPartOf":{"@id":"https:\/\/esbozodeportivo.com\/#website"},"primaryImageOfPage":{"@id":"https:\/\/esbozodeportivo.com\/index.php\/2024\/05\/13\/edgar-rivera-se-lleva-el-oro-en-salto-de-altura-en-brasil\/#primaryimage"},"image":{"@id":"https:\/\/esbozodeportivo.com\/index.php\/2024\/05\/13\/edgar-rivera-se-lleva-el-oro-en-salto-de-altura-en-brasil\/#primaryimage"},"thumbnailUrl":"https:\/\/esbozodeportivo.com\/wp-content\/uploads\/2024\/05\/edgarFMAA-721x1024.jpg","datePublished":"2024-05-13T06:07:27+00:00","dateModified":"2024-05-13T06:11:12+00:00","breadcrumb":{"@id":"https:\/\/esbozodeportivo.com\/index.php\/2024\/05\/13\/edgar-rivera-se-lleva-el-oro-en-salto-de-altura-en-brasil\/#breadcrumb"},"inLanguage":"es","potentialAction":[{"@type":"ReadAction","target":["https:\/\/esbozodeportivo.com\/index.php\/2024\/05\/13\/edgar-rivera-se-lleva-el-oro-en-salto-de-altura-en-brasil\/"]}]},{"@type":"ImageObject","inLanguage":"es","@id":"https:\/\/esbozodeportivo.com\/index.php\/2024\/05\/13\/edgar-rivera-se-lleva-el-oro-en-salto-de-altura-en-brasil\/#primaryimage","url":"https:\/\/esbozodeportivo.com\/wp-content\/uploads\/2024\/05\/edgarFMAA.jpg","contentUrl":"https:\/\/esbozodeportivo.com\/wp-content\/uploads\/2024\/05\/edgarFMAA.jpg","width":896,"height":1273},{"@type":"BreadcrumbList","@id":"https:\/\/esbozodeportivo.com\/index.php\/2024\/05\/13\/edgar-rivera-se-lleva-el-oro-en-salto-de-altura-en-brasil\/#breadcrumb","itemListElement":[{"@type":"ListItem","position":1,"name":"Inicio","item":"https:\/\/esbozodeportivo.com\/"},{"@type":"ListItem","position":2,"name":"Edgar Rivera se lleva el oro en salto de altura en Brasil"}]},{"@type":"WebSite","@id":"https:\/\/esbozodeportivo.com\/#website","url":"https:\/\/esbozodeportivo.com\/","name":"Esbozo Deportivo","description":"Lo m\u00e1s importante del Deporte","publisher":{"@id":"https:\/\/esbozodeportivo.com\/#organization"},"potentialAction":[{"@type":"SearchAction","target":{"@type":"EntryPoint","urlTemplate":"https:\/\/esbozodeportivo.com\/?s={search_term_string}"},"query-input":{"@type":"PropertyValueSpecification","valueRequired":true,"valueName":"search_term_string"}}],"inLanguage":"es"},{"@type":"Organization","@id":"https:\/\/esbozodeportivo.com\/#organization","name":"Esbozo Deportivo","url":"https:\/\/esbozodeportivo.com\/","logo":{"@type":"ImageObject","inLanguage":"es","@id":"https:\/\/esbozodeportivo.com\/#\/schema\/logo\/image\/","url":"https:\/\/esbozodeportivo.com\/wp-content\/uploads\/2022\/08\/cropped-Logo-Esbozo-Web-2.png","contentUrl":"https:\/\/esbozodeportivo.com\/wp-content\/uploads\/2022\/08\/cropped-Logo-Esbozo-Web-2.png","width":180,"height":50,"caption":"Esbozo Deportivo"},"image":{"@id":"https:\/\/esbozodeportivo.com\/#\/schema\/logo\/image\/"}},{"@type":"Person","@id":"https:\/\/esbozodeportivo.com\/#\/schema\/person\/7277119c98823aec37bbb84e125efd44","name":"Javier De La Cruz","image":{"@type":"ImageObject","inLanguage":"es","@id":"https:\/\/esbozodeportivo.com\/#\/schema\/person\/image\/","url":"https:\/\/secure.gravatar.com\/avatar\/366235a56d20f1a6e8e3d0b295897639357bea880470ddf261d17bb0bc052eb1?s=96&d=mm&r=g","contentUrl":"https:\/\/secure.gravatar.com\/avatar\/366235a56d20f1a6e8e3d0b295897639357bea880470ddf261d17bb0bc052eb1?s=96&d=mm&r=g","caption":"Javier De La Cruz"},"url":"https:\/\/esbozodeportivo.com\/index.php\/author\/javier-de-la-cruz-de-la-cruz\/"}]}},"jetpack_featured_media_url":"","jetpack_sharing_enabled":true,"_links":{"self":[{"href":"https:\/\/esbozodeportivo.com\/index.php\/wp-json\/wp\/v2\/posts\/3484","targetHints":{"allow":["GET"]}}],"collection":[{"href":"https:\/\/esbozodeportivo.com\/index.php\/wp-json\/wp\/v2\/posts"}],"about":[{"href":"https:\/\/esbozodeportivo.com\/index.php\/wp-json\/wp\/v2\/types\/post"}],"author":[{"embeddable":true,"href":"https:\/\/esbozodeportivo.com\/index.php\/wp-json\/wp\/v2\/users\/2"}],"replies":[{"embeddable":true,"href":"https:\/\/esbozodeportivo.com\/index.php\/wp-json\/wp\/v2\/comments?post=3484"}],"version-history":[{"count":4,"href":"https:\/\/esbozodeportivo.com\/index.php\/wp-json\/wp\/v2\/posts\/3484\/revisions"}],"predecessor-version":[{"id":3492,"href":"https:\/\/esbozodeportivo.com\/index.php\/wp-json\/wp\/v2\/posts\/3484\/revisions\/3492"}],"wp:attachment":[{"href":"https:\/\/esbozodeportivo.com\/index.php\/wp-json\/wp\/v2\/media?parent=3484"}],"wp:term":[{"taxonomy":"category","embeddable":true,"href":"https:\/\/esbozodeportivo.com\/index.php\/wp-json\/wp\/v2\/categories?post=3484"},{"taxonomy":"post_tag","embeddable":true,"href":"https:\/\/esbozodeportivo.com\/index.php\/wp-json\/wp\/v2\/tags?post=3484"}],"curies":[{"name":"wp","href":"https:\/\/api.w.org\/{rel}","templated":true}]}}