{"id":3494,"date":"2024-05-20T19:33:08","date_gmt":"2024-05-20T19:33:08","guid":{"rendered":"https:\/\/esbozodeportivo.com\/?p=3494"},"modified":"2024-05-20T19:37:18","modified_gmt":"2024-05-20T19:37:18","slug":"los-cabos-reciben-estatal-rumbo-a-los-juegos-nacionales-de-los-trabajadores","status":"publish","type":"post","link":"https:\/\/esbozodeportivo.com\/index.php\/2024\/05\/20\/los-cabos-reciben-estatal-rumbo-a-los-juegos-nacionales-de-los-trabajadores\/","title":{"rendered":"Los Cabos reciben estatal rumbo a los Juegos Nacionales de los Trabajadores"},"content":{"rendered":"<style>\/*! elementor - v3.21.0 - 08-05-2024 *\/\n.elementor-widget-image{text-align:center}.elementor-widget-image a{display:inline-block}.elementor-widget-image a img[src$=\".svg\"]{width:48px}.elementor-widget-image img{vertical-align:middle;display:inline-block}<\/style>\n<p>\t\t\t\t\t\t\t\t\t\t<img loading=\"lazy\" decoding=\"async\" width=\"640\" height=\"365\" src=\"https:\/\/esbozodeportivo.com\/wp-content\/uploads\/2024\/05\/indet.jpg\" alt=\"\" srcset=\"https:\/\/esbozodeportivo.com\/wp-content\/uploads\/2024\/05\/indet.jpg 916w, https:\/\/esbozodeportivo.com\/wp-content\/uploads\/2024\/05\/indet-300x171.jpg 300w, https:\/\/esbozodeportivo.com\/wp-content\/uploads\/2024\/05\/indet-768x438.jpg 768w\" sizes=\"auto, (max-width: 640px) 100vw, 640px\" \/>\t\t\t\t\t\t\t\t\t\t\t\t\t<\/p>\n<h3 style=\"line-height: 15.0pt; background: white;\">(Foto: INDET) <\/h3>\n<p>Las instalaciones de Los Cabos recibieron la apertura de los Juegos Estatales de los Trabajadores de Baja California Sur, en los que disputar\u00e1n la calificaci\u00f3n en las disciplinas de basquetbol y f\u00fatbol rumbo a los 52 Juegos Nacionales Deportivos y Recreativos de los Trabajadores 2024.<\/p>\n<p>El Profesor Pablo Reyes Osorio, Secretario Ejecutivo del Instituto del Deporte de los Trabajadores (INDET) fue el invitado de honor en la ceremonia inaugural realizada en el gimnasio de la Unidad Deportiva \u201cRodrigo Arag\u00f3n Cesena&#8221;, de San Jos\u00e9 del Cabo.<\/p>\n<p>Despu\u00e9s de la presentaci\u00f3n de los equipos formados por trabajadores deportistas que est\u00e1n afiliados a los diferentes sindicatos de Baja California Sur, el Profesor Reyes Osorio hizo una exposici\u00f3n de la historia de los Juegos Nacionales Deportivos y Recreativos, que este a\u00f1o se llevar\u00e1n a cabo en noviembre en las instalaciones del Centro Vacacional de Oaxtepec, Morelos.<\/p>\n<p>\t\t\t\t\t\t\t\t\t\t\t\t\t<img loading=\"lazy\" decoding=\"async\" width=\"640\" height=\"276\" src=\"https:\/\/esbozodeportivo.com\/wp-content\/uploads\/2024\/05\/indet1.jpg\" alt=\"\" srcset=\"https:\/\/esbozodeportivo.com\/wp-content\/uploads\/2024\/05\/indet1.jpg 996w, https:\/\/esbozodeportivo.com\/wp-content\/uploads\/2024\/05\/indet1-300x129.jpg 300w, https:\/\/esbozodeportivo.com\/wp-content\/uploads\/2024\/05\/indet1-768x331.jpg 768w\" sizes=\"auto, (max-width: 640px) 100vw, 640px\" \/>\t\t\t\t\t\t\t\t\t\t\t\t\t<\/p>\n<h3 style=\"line-height: 15.0pt; background: white;\">(Foto: INDET) <\/h3>\n<p>\u201cEs un evento a todas luces muy importante para el INDET y la clase trabajadora del pa\u00eds, porque se fomenta el juego limpio y se impulsa la salud f\u00edsica y mental a trav\u00e9s de la actividad f\u00edsica y el deporte. Orgullosamente les digo que en el aniversario 50 de los Juegos Nacionales ganamos el Premio Nacional de Deportes y eso nos motiva a seguir impulsando en forma ordenada el Programa Nacional\u201d, coment\u00f3 el profesor Reyes.<\/p>\n<p>Con la presencia de representantes del Sindicato de Bur\u00f3cratas Secci\u00f3n Los Cabos, CTM Los Cabos y el Instituto del Deporte Municipal de Los Cabos, el Secretario Ejecutivo del INDET agradeci\u00f3 el respaldo al municipio para llevar a cabo la eliminatoria estatal, con la participaci\u00f3n de Comond\u00fa, campe\u00f3n de futbol en los Juegos Mundiales, CROC Los Cabos, Los Cabos (equipo de Bur\u00f3cratas Secci\u00f3n Los Cabos) \u00a0y equipo invitado local Los Cabos.<\/p>\n<p>\t\t\t\t\t\t\t\t\t\t\t\t\t<img loading=\"lazy\" decoding=\"async\" width=\"640\" height=\"480\" src=\"https:\/\/esbozodeportivo.com\/wp-content\/uploads\/2024\/05\/indet2-1024x768.jpg\" alt=\"\" srcset=\"https:\/\/esbozodeportivo.com\/wp-content\/uploads\/2024\/05\/indet2-1024x768.jpg 1024w, https:\/\/esbozodeportivo.com\/wp-content\/uploads\/2024\/05\/indet2-300x225.jpg 300w, https:\/\/esbozodeportivo.com\/wp-content\/uploads\/2024\/05\/indet2-768x576.jpg 768w, https:\/\/esbozodeportivo.com\/wp-content\/uploads\/2024\/05\/indet2-1536x1152.jpg 1536w, https:\/\/esbozodeportivo.com\/wp-content\/uploads\/2024\/05\/indet2.jpg 1600w\" sizes=\"auto, (max-width: 640px) 100vw, 640px\" \/>\t\t\t\t\t\t\t\t\t\t\t\t\t<\/p>\n<h3 style=\"line-height: 15.0pt; background: white;\">(Foto: INDET) <\/h3>\n<p>\u201cEl deporte de los trabajadores es una herramienta muy importante para fomentar la salud de la clase laboral del pa\u00eds y de sus familias, porque tambi\u00e9n tenemos un programa que los incluye en capacitaci\u00f3n, recreaci\u00f3n y activaci\u00f3n f\u00edsica\u201d, destac\u00f3 durante su mensaje.<\/p>\n<p>Finalmente, record\u00f3 que los Juegos Nacionales Deportivos y Recreativos de los Trabajadores, son la plataforma para integrar las delegaciones mexicanas que participan en procesos rumbo a los Juegos Mundiales y el Festival Internacional Deportivo de los Trabajadores en Varna, Bulgaria, as\u00ed como los eventos internacionales en Cuba.<\/p>\n<p>\u00a0<\/p>\n<p>\t\t\t\t\t\t\t\t\t\t\t\t\t<img loading=\"lazy\" decoding=\"async\" width=\"640\" height=\"480\" src=\"https:\/\/esbozodeportivo.com\/wp-content\/uploads\/2024\/05\/indet3-1024x768.jpg\" alt=\"\" srcset=\"https:\/\/esbozodeportivo.com\/wp-content\/uploads\/2024\/05\/indet3-1024x768.jpg 1024w, https:\/\/esbozodeportivo.com\/wp-content\/uploads\/2024\/05\/indet3-300x225.jpg 300w, https:\/\/esbozodeportivo.com\/wp-content\/uploads\/2024\/05\/indet3-768x576.jpg 768w, https:\/\/esbozodeportivo.com\/wp-content\/uploads\/2024\/05\/indet3-1536x1152.jpg 1536w, https:\/\/esbozodeportivo.com\/wp-content\/uploads\/2024\/05\/indet3.jpg 1600w\" sizes=\"auto, (max-width: 640px) 100vw, 640px\" \/>\t\t\t\t\t\t\t\t\t\t\t\t\t<\/p>\n<h3 style=\"line-height: 15.0pt; background: white;\">(Foto: INDET) <\/h3>\n","protected":false},"excerpt":{"rendered":"<p>(Foto: INDET) Las instalaciones de Los Cabos recibieron la apertura de los Juegos Estatales de<\/p>\n","protected":false},"author":2,"featured_media":0,"comment_status":"open","ping_status":"open","sticky":false,"template":"","format":"standard","meta":{"_jetpack_memberships_contains_paid_content":false,"footnotes":""},"categories":[5],"tags":[],"class_list":["post-3494","post","type-post","status-publish","format-standard","hentry","category-amateur"],"yoast_head":"<!-- This site is optimized with the Yoast SEO plugin v25.7 - https:\/\/yoast.com\/wordpress\/plugins\/seo\/ -->\n<title>Los Cabos reciben estatal rumbo a los Juegos Nacionales de los Trabajadores - Esbozo Deportivo<\/title>\n<meta name=\"robots\" content=\"index, follow, max-snippet:-1, max-image-preview:large, max-video-preview:-1\" \/>\n<link rel=\"canonical\" href=\"https:\/\/esbozodeportivo.com\/index.php\/2024\/05\/20\/los-cabos-reciben-estatal-rumbo-a-los-juegos-nacionales-de-los-trabajadores\/\" \/>\n<meta property=\"og:locale\" content=\"es_MX\" \/>\n<meta property=\"og:type\" content=\"article\" \/>\n<meta property=\"og:title\" content=\"Los Cabos reciben estatal rumbo a los Juegos Nacionales de los Trabajadores - Esbozo Deportivo\" \/>\n<meta property=\"og:description\" content=\"(Foto: INDET) Las instalaciones de Los Cabos recibieron la apertura de los Juegos Estatales de\" \/>\n<meta property=\"og:url\" content=\"https:\/\/esbozodeportivo.com\/index.php\/2024\/05\/20\/los-cabos-reciben-estatal-rumbo-a-los-juegos-nacionales-de-los-trabajadores\/\" \/>\n<meta property=\"og:site_name\" content=\"Esbozo Deportivo\" \/>\n<meta property=\"article:published_time\" content=\"2024-05-20T19:33:08+00:00\" \/>\n<meta property=\"article:modified_time\" content=\"2024-05-20T19:37:18+00:00\" \/>\n<meta property=\"og:image\" content=\"https:\/\/esbozodeportivo.com\/wp-content\/uploads\/2024\/05\/indet.jpg\" \/>\n<meta name=\"author\" content=\"Javier De La Cruz\" \/>\n<meta name=\"twitter:card\" content=\"summary_large_image\" \/>\n<meta name=\"twitter:label1\" content=\"Escrito por\" \/>\n\t<meta name=\"twitter:data1\" content=\"Javier De La Cruz\" \/>\n\t<meta name=\"twitter:label2\" content=\"Tiempo de lectura\" \/>\n\t<meta name=\"twitter:data2\" content=\"2 minutos\" \/>\n<script type=\"application\/ld+json\" class=\"yoast-schema-graph\">{\"@context\":\"https:\/\/schema.org\",\"@graph\":[{\"@type\":\"Article\",\"@id\":\"https:\/\/esbozodeportivo.com\/index.php\/2024\/05\/20\/los-cabos-reciben-estatal-rumbo-a-los-juegos-nacionales-de-los-trabajadores\/#article\",\"isPartOf\":{\"@id\":\"https:\/\/esbozodeportivo.com\/index.php\/2024\/05\/20\/los-cabos-reciben-estatal-rumbo-a-los-juegos-nacionales-de-los-trabajadores\/\"},\"author\":{\"name\":\"Javier De La Cruz\",\"@id\":\"https:\/\/esbozodeportivo.com\/#\/schema\/person\/7277119c98823aec37bbb84e125efd44\"},\"headline\":\"Los Cabos reciben estatal rumbo a los Juegos Nacionales de los Trabajadores\",\"datePublished\":\"2024-05-20T19:33:08+00:00\",\"dateModified\":\"2024-05-20T19:37:18+00:00\",\"mainEntityOfPage\":{\"@id\":\"https:\/\/esbozodeportivo.com\/index.php\/2024\/05\/20\/los-cabos-reciben-estatal-rumbo-a-los-juegos-nacionales-de-los-trabajadores\/\"},\"wordCount\":419,\"commentCount\":0,\"publisher\":{\"@id\":\"https:\/\/esbozodeportivo.com\/#organization\"},\"image\":{\"@id\":\"https:\/\/esbozodeportivo.com\/index.php\/2024\/05\/20\/los-cabos-reciben-estatal-rumbo-a-los-juegos-nacionales-de-los-trabajadores\/#primaryimage\"},\"thumbnailUrl\":\"https:\/\/esbozodeportivo.com\/wp-content\/uploads\/2024\/05\/indet.jpg\",\"articleSection\":[\"Amateur\"],\"inLanguage\":\"es\",\"potentialAction\":[{\"@type\":\"CommentAction\",\"name\":\"Comment\",\"target\":[\"https:\/\/esbozodeportivo.com\/index.php\/2024\/05\/20\/los-cabos-reciben-estatal-rumbo-a-los-juegos-nacionales-de-los-trabajadores\/#respond\"]}]},{\"@type\":\"WebPage\",\"@id\":\"https:\/\/esbozodeportivo.com\/index.php\/2024\/05\/20\/los-cabos-reciben-estatal-rumbo-a-los-juegos-nacionales-de-los-trabajadores\/\",\"url\":\"https:\/\/esbozodeportivo.com\/index.php\/2024\/05\/20\/los-cabos-reciben-estatal-rumbo-a-los-juegos-nacionales-de-los-trabajadores\/\",\"name\":\"Los Cabos reciben estatal rumbo a los Juegos Nacionales de los Trabajadores - Esbozo Deportivo\",\"isPartOf\":{\"@id\":\"https:\/\/esbozodeportivo.com\/#website\"},\"primaryImageOfPage\":{\"@id\":\"https:\/\/esbozodeportivo.com\/index.php\/2024\/05\/20\/los-cabos-reciben-estatal-rumbo-a-los-juegos-nacionales-de-los-trabajadores\/#primaryimage\"},\"image\":{\"@id\":\"https:\/\/esbozodeportivo.com\/index.php\/2024\/05\/20\/los-cabos-reciben-estatal-rumbo-a-los-juegos-nacionales-de-los-trabajadores\/#primaryimage\"},\"thumbnailUrl\":\"https:\/\/esbozodeportivo.com\/wp-content\/uploads\/2024\/05\/indet.jpg\",\"datePublished\":\"2024-05-20T19:33:08+00:00\",\"dateModified\":\"2024-05-20T19:37:18+00:00\",\"breadcrumb\":{\"@id\":\"https:\/\/esbozodeportivo.com\/index.php\/2024\/05\/20\/los-cabos-reciben-estatal-rumbo-a-los-juegos-nacionales-de-los-trabajadores\/#breadcrumb\"},\"inLanguage\":\"es\",\"potentialAction\":[{\"@type\":\"ReadAction\",\"target\":[\"https:\/\/esbozodeportivo.com\/index.php\/2024\/05\/20\/los-cabos-reciben-estatal-rumbo-a-los-juegos-nacionales-de-los-trabajadores\/\"]}]},{\"@type\":\"ImageObject\",\"inLanguage\":\"es\",\"@id\":\"https:\/\/esbozodeportivo.com\/index.php\/2024\/05\/20\/los-cabos-reciben-estatal-rumbo-a-los-juegos-nacionales-de-los-trabajadores\/#primaryimage\",\"url\":\"https:\/\/esbozodeportivo.com\/wp-content\/uploads\/2024\/05\/indet.jpg\",\"contentUrl\":\"https:\/\/esbozodeportivo.com\/wp-content\/uploads\/2024\/05\/indet.jpg\",\"width\":916,\"height\":522},{\"@type\":\"BreadcrumbList\",\"@id\":\"https:\/\/esbozodeportivo.com\/index.php\/2024\/05\/20\/los-cabos-reciben-estatal-rumbo-a-los-juegos-nacionales-de-los-trabajadores\/#breadcrumb\",\"itemListElement\":[{\"@type\":\"ListItem\",\"position\":1,\"name\":\"Inicio\",\"item\":\"https:\/\/esbozodeportivo.com\/\"},{\"@type\":\"ListItem\",\"position\":2,\"name\":\"Los Cabos reciben estatal rumbo a los Juegos Nacionales de los Trabajadores\"}]},{\"@type\":\"WebSite\",\"@id\":\"https:\/\/esbozodeportivo.com\/#website\",\"url\":\"https:\/\/esbozodeportivo.com\/\",\"name\":\"Esbozo Deportivo\",\"description\":\"Lo m\u00e1s importante del Deporte\",\"publisher\":{\"@id\":\"https:\/\/esbozodeportivo.com\/#organization\"},\"potentialAction\":[{\"@type\":\"SearchAction\",\"target\":{\"@type\":\"EntryPoint\",\"urlTemplate\":\"https:\/\/esbozodeportivo.com\/?s={search_term_string}\"},\"query-input\":{\"@type\":\"PropertyValueSpecification\",\"valueRequired\":true,\"valueName\":\"search_term_string\"}}],\"inLanguage\":\"es\"},{\"@type\":\"Organization\",\"@id\":\"https:\/\/esbozodeportivo.com\/#organization\",\"name\":\"Esbozo Deportivo\",\"url\":\"https:\/\/esbozodeportivo.com\/\",\"logo\":{\"@type\":\"ImageObject\",\"inLanguage\":\"es\",\"@id\":\"https:\/\/esbozodeportivo.com\/#\/schema\/logo\/image\/\",\"url\":\"https:\/\/esbozodeportivo.com\/wp-content\/uploads\/2022\/08\/cropped-Logo-Esbozo-Web-2.png\",\"contentUrl\":\"https:\/\/esbozodeportivo.com\/wp-content\/uploads\/2022\/08\/cropped-Logo-Esbozo-Web-2.png\",\"width\":180,\"height\":50,\"caption\":\"Esbozo Deportivo\"},\"image\":{\"@id\":\"https:\/\/esbozodeportivo.com\/#\/schema\/logo\/image\/\"}},{\"@type\":\"Person\",\"@id\":\"https:\/\/esbozodeportivo.com\/#\/schema\/person\/7277119c98823aec37bbb84e125efd44\",\"name\":\"Javier De La Cruz\",\"image\":{\"@type\":\"ImageObject\",\"inLanguage\":\"es\",\"@id\":\"https:\/\/esbozodeportivo.com\/#\/schema\/person\/image\/\",\"url\":\"https:\/\/secure.gravatar.com\/avatar\/366235a56d20f1a6e8e3d0b295897639357bea880470ddf261d17bb0bc052eb1?s=96&d=mm&r=g\",\"contentUrl\":\"https:\/\/secure.gravatar.com\/avatar\/366235a56d20f1a6e8e3d0b295897639357bea880470ddf261d17bb0bc052eb1?s=96&d=mm&r=g\",\"caption\":\"Javier De La Cruz\"},\"url\":\"https:\/\/esbozodeportivo.com\/index.php\/author\/javier-de-la-cruz-de-la-cruz\/\"}]}<\/script>\n<!-- \/ Yoast SEO plugin. -->","yoast_head_json":{"title":"Los Cabos reciben estatal rumbo a los Juegos Nacionales de los Trabajadores - Esbozo Deportivo","robots":{"index":"index","follow":"follow","max-snippet":"max-snippet:-1","max-image-preview":"max-image-preview:large","max-video-preview":"max-video-preview:-1"},"canonical":"https:\/\/esbozodeportivo.com\/index.php\/2024\/05\/20\/los-cabos-reciben-estatal-rumbo-a-los-juegos-nacionales-de-los-trabajadores\/","og_locale":"es_MX","og_type":"article","og_title":"Los Cabos reciben estatal rumbo a los Juegos Nacionales de los Trabajadores - Esbozo Deportivo","og_description":"(Foto: INDET) Las instalaciones de Los Cabos recibieron la apertura de los Juegos Estatales de","og_url":"https:\/\/esbozodeportivo.com\/index.php\/2024\/05\/20\/los-cabos-reciben-estatal-rumbo-a-los-juegos-nacionales-de-los-trabajadores\/","og_site_name":"Esbozo Deportivo","article_published_time":"2024-05-20T19:33:08+00:00","article_modified_time":"2024-05-20T19:37:18+00:00","og_image":[{"url":"https:\/\/esbozodeportivo.com\/wp-content\/uploads\/2024\/05\/indet.jpg","type":"","width":"","height":""}],"author":"Javier De La Cruz","twitter_card":"summary_large_image","twitter_misc":{"Escrito por":"Javier De La Cruz","Tiempo de lectura":"2 minutos"},"schema":{"@context":"https:\/\/schema.org","@graph":[{"@type":"Article","@id":"https:\/\/esbozodeportivo.com\/index.php\/2024\/05\/20\/los-cabos-reciben-estatal-rumbo-a-los-juegos-nacionales-de-los-trabajadores\/#article","isPartOf":{"@id":"https:\/\/esbozodeportivo.com\/index.php\/2024\/05\/20\/los-cabos-reciben-estatal-rumbo-a-los-juegos-nacionales-de-los-trabajadores\/"},"author":{"name":"Javier De La Cruz","@id":"https:\/\/esbozodeportivo.com\/#\/schema\/person\/7277119c98823aec37bbb84e125efd44"},"headline":"Los Cabos reciben estatal rumbo a los Juegos Nacionales de los Trabajadores","datePublished":"2024-05-20T19:33:08+00:00","dateModified":"2024-05-20T19:37:18+00:00","mainEntityOfPage":{"@id":"https:\/\/esbozodeportivo.com\/index.php\/2024\/05\/20\/los-cabos-reciben-estatal-rumbo-a-los-juegos-nacionales-de-los-trabajadores\/"},"wordCount":419,"commentCount":0,"publisher":{"@id":"https:\/\/esbozodeportivo.com\/#organization"},"image":{"@id":"https:\/\/esbozodeportivo.com\/index.php\/2024\/05\/20\/los-cabos-reciben-estatal-rumbo-a-los-juegos-nacionales-de-los-trabajadores\/#primaryimage"},"thumbnailUrl":"https:\/\/esbozodeportivo.com\/wp-content\/uploads\/2024\/05\/indet.jpg","articleSection":["Amateur"],"inLanguage":"es","potentialAction":[{"@type":"CommentAction","name":"Comment","target":["https:\/\/esbozodeportivo.com\/index.php\/2024\/05\/20\/los-cabos-reciben-estatal-rumbo-a-los-juegos-nacionales-de-los-trabajadores\/#respond"]}]},{"@type":"WebPage","@id":"https:\/\/esbozodeportivo.com\/index.php\/2024\/05\/20\/los-cabos-reciben-estatal-rumbo-a-los-juegos-nacionales-de-los-trabajadores\/","url":"https:\/\/esbozodeportivo.com\/index.php\/2024\/05\/20\/los-cabos-reciben-estatal-rumbo-a-los-juegos-nacionales-de-los-trabajadores\/","name":"Los Cabos reciben estatal rumbo a los Juegos Nacionales de los Trabajadores - Esbozo Deportivo","isPartOf":{"@id":"https:\/\/esbozodeportivo.com\/#website"},"primaryImageOfPage":{"@id":"https:\/\/esbozodeportivo.com\/index.php\/2024\/05\/20\/los-cabos-reciben-estatal-rumbo-a-los-juegos-nacionales-de-los-trabajadores\/#primaryimage"},"image":{"@id":"https:\/\/esbozodeportivo.com\/index.php\/2024\/05\/20\/los-cabos-reciben-estatal-rumbo-a-los-juegos-nacionales-de-los-trabajadores\/#primaryimage"},"thumbnailUrl":"https:\/\/esbozodeportivo.com\/wp-content\/uploads\/2024\/05\/indet.jpg","datePublished":"2024-05-20T19:33:08+00:00","dateModified":"2024-05-20T19:37:18+00:00","breadcrumb":{"@id":"https:\/\/esbozodeportivo.com\/index.php\/2024\/05\/20\/los-cabos-reciben-estatal-rumbo-a-los-juegos-nacionales-de-los-trabajadores\/#breadcrumb"},"inLanguage":"es","potentialAction":[{"@type":"ReadAction","target":["https:\/\/esbozodeportivo.com\/index.php\/2024\/05\/20\/los-cabos-reciben-estatal-rumbo-a-los-juegos-nacionales-de-los-trabajadores\/"]}]},{"@type":"ImageObject","inLanguage":"es","@id":"https:\/\/esbozodeportivo.com\/index.php\/2024\/05\/20\/los-cabos-reciben-estatal-rumbo-a-los-juegos-nacionales-de-los-trabajadores\/#primaryimage","url":"https:\/\/esbozodeportivo.com\/wp-content\/uploads\/2024\/05\/indet.jpg","contentUrl":"https:\/\/esbozodeportivo.com\/wp-content\/uploads\/2024\/05\/indet.jpg","width":916,"height":522},{"@type":"BreadcrumbList","@id":"https:\/\/esbozodeportivo.com\/index.php\/2024\/05\/20\/los-cabos-reciben-estatal-rumbo-a-los-juegos-nacionales-de-los-trabajadores\/#breadcrumb","itemListElement":[{"@type":"ListItem","position":1,"name":"Inicio","item":"https:\/\/esbozodeportivo.com\/"},{"@type":"ListItem","position":2,"name":"Los Cabos reciben estatal rumbo a los Juegos Nacionales de los Trabajadores"}]},{"@type":"WebSite","@id":"https:\/\/esbozodeportivo.com\/#website","url":"https:\/\/esbozodeportivo.com\/","name":"Esbozo Deportivo","description":"Lo m\u00e1s importante del Deporte","publisher":{"@id":"https:\/\/esbozodeportivo.com\/#organization"},"potentialAction":[{"@type":"SearchAction","target":{"@type":"EntryPoint","urlTemplate":"https:\/\/esbozodeportivo.com\/?s={search_term_string}"},"query-input":{"@type":"PropertyValueSpecification","valueRequired":true,"valueName":"search_term_string"}}],"inLanguage":"es"},{"@type":"Organization","@id":"https:\/\/esbozodeportivo.com\/#organization","name":"Esbozo Deportivo","url":"https:\/\/esbozodeportivo.com\/","logo":{"@type":"ImageObject","inLanguage":"es","@id":"https:\/\/esbozodeportivo.com\/#\/schema\/logo\/image\/","url":"https:\/\/esbozodeportivo.com\/wp-content\/uploads\/2022\/08\/cropped-Logo-Esbozo-Web-2.png","contentUrl":"https:\/\/esbozodeportivo.com\/wp-content\/uploads\/2022\/08\/cropped-Logo-Esbozo-Web-2.png","width":180,"height":50,"caption":"Esbozo Deportivo"},"image":{"@id":"https:\/\/esbozodeportivo.com\/#\/schema\/logo\/image\/"}},{"@type":"Person","@id":"https:\/\/esbozodeportivo.com\/#\/schema\/person\/7277119c98823aec37bbb84e125efd44","name":"Javier De La Cruz","image":{"@type":"ImageObject","inLanguage":"es","@id":"https:\/\/esbozodeportivo.com\/#\/schema\/person\/image\/","url":"https:\/\/secure.gravatar.com\/avatar\/366235a56d20f1a6e8e3d0b295897639357bea880470ddf261d17bb0bc052eb1?s=96&d=mm&r=g","contentUrl":"https:\/\/secure.gravatar.com\/avatar\/366235a56d20f1a6e8e3d0b295897639357bea880470ddf261d17bb0bc052eb1?s=96&d=mm&r=g","caption":"Javier De La Cruz"},"url":"https:\/\/esbozodeportivo.com\/index.php\/author\/javier-de-la-cruz-de-la-cruz\/"}]}},"jetpack_featured_media_url":"","jetpack_sharing_enabled":true,"_links":{"self":[{"href":"https:\/\/esbozodeportivo.com\/index.php\/wp-json\/wp\/v2\/posts\/3494","targetHints":{"allow":["GET"]}}],"collection":[{"href":"https:\/\/esbozodeportivo.com\/index.php\/wp-json\/wp\/v2\/posts"}],"about":[{"href":"https:\/\/esbozodeportivo.com\/index.php\/wp-json\/wp\/v2\/types\/post"}],"author":[{"embeddable":true,"href":"https:\/\/esbozodeportivo.com\/index.php\/wp-json\/wp\/v2\/users\/2"}],"replies":[{"embeddable":true,"href":"https:\/\/esbozodeportivo.com\/index.php\/wp-json\/wp\/v2\/comments?post=3494"}],"version-history":[{"count":4,"href":"https:\/\/esbozodeportivo.com\/index.php\/wp-json\/wp\/v2\/posts\/3494\/revisions"}],"predecessor-version":[{"id":3502,"href":"https:\/\/esbozodeportivo.com\/index.php\/wp-json\/wp\/v2\/posts\/3494\/revisions\/3502"}],"wp:attachment":[{"href":"https:\/\/esbozodeportivo.com\/index.php\/wp-json\/wp\/v2\/media?parent=3494"}],"wp:term":[{"taxonomy":"category","embeddable":true,"href":"https:\/\/esbozodeportivo.com\/index.php\/wp-json\/wp\/v2\/categories?post=3494"},{"taxonomy":"post_tag","embeddable":true,"href":"https:\/\/esbozodeportivo.com\/index.php\/wp-json\/wp\/v2\/tags?post=3494"}],"curies":[{"name":"wp","href":"https:\/\/api.w.org\/{rel}","templated":true}]}}