{"id":3503,"date":"2024-05-20T19:38:20","date_gmt":"2024-05-20T19:38:20","guid":{"rendered":"https:\/\/esbozodeportivo.com\/?p=3503"},"modified":"2024-05-20T19:40:04","modified_gmt":"2024-05-20T19:40:04","slug":"el-marchista-ricardo-ortiz-tiene-plaza-a-los-juegos-de-paris","status":"publish","type":"post","link":"https:\/\/esbozodeportivo.com\/index.php\/2024\/05\/20\/el-marchista-ricardo-ortiz-tiene-plaza-a-los-juegos-de-paris\/","title":{"rendered":"El marchista Ricardo Ortiz tiene plaza a los Juegos de Par\u00eds"},"content":{"rendered":"<style>\/*! elementor - v3.21.0 - 08-05-2024 *\/\n.elementor-widget-image{text-align:center}.elementor-widget-image a{display:inline-block}.elementor-widget-image a img[src$=\".svg\"]{width:48px}.elementor-widget-image img{vertical-align:middle;display:inline-block}<\/style>\n<p>\t\t\t\t\t\t\t\t\t\t<img loading=\"lazy\" decoding=\"async\" width=\"640\" height=\"314\" src=\"https:\/\/esbozodeportivo.com\/wp-content\/uploads\/2024\/05\/Atleta.jpeg\" alt=\"\" srcset=\"https:\/\/esbozodeportivo.com\/wp-content\/uploads\/2024\/05\/Atleta.jpeg 948w, https:\/\/esbozodeportivo.com\/wp-content\/uploads\/2024\/05\/Atleta-300x147.jpeg 300w, https:\/\/esbozodeportivo.com\/wp-content\/uploads\/2024\/05\/Atleta-768x377.jpeg 768w\" sizes=\"auto, (max-width: 640px) 100vw, 640px\" \/>\t\t\t\t\t\t\t\t\t\t\t\t\t<\/p>\n<p>(Foto: CONADE)<\/p>\n<p>El andar\u00edn veracruzano Ricardo Ortiz se sum\u00f3 al equipo mexicano de caminata con marca a los Juegos Ol\u00edmpicos de Par\u00eds, con el tiempo de 1 hora, 18 minutos y 31 segundos durante su participaci\u00f3n en la prueba de 20 kil\u00f3metros en el Gran Premio Internacional de Cantones La Coru\u00f1a, Espa\u00f1a, que se disput\u00f3 este s\u00e1bado.<\/p>\n<p>Con este registro, Ricardo Ortiz cumple con la marca de 1:20.10, establecida por la World Athletics como clasificatoria a los Juegos Ol\u00edmpicos de Par\u00eds 2024, con lo cual se suma al equipo con Jos\u00e9 Luis Doctor y Noel Chama quienes ratificaron su registro en la prueba, con 1 hora, 19 minutos y 14 segundos, y 1 hora, 19 segundos y 21 segundos, respectivamente.<\/p>\n<p>Los mexicanos Jos\u00e9 Luis Doctor y Noel Chama ocuparon las posiciones 11 y 14, respectivamente, en los 20 kil\u00f3metros de La Coru\u00f1a, con cuyos tiempos se mantienen en el equipo varonil.<\/p>\n<p>De esta manera, el presidente de la Federaci\u00f3n Mexicana de Asociaciones de Atletismo, Antonio Lozano, dijo que hasta el momento el equipo femenil est\u00e1 integrado por Alegna Gonz\u00e1lez, Alejandra Ortega e Ilse Guerrero, mientras que el varonil lo forman Ricardo Ortiz, Jos\u00e9 Luis Doctor y Noel Chama.<\/p>\n<p>\u201cEl cambio que se da es el de Ricardo Ortiz, quien supera en marca a Ever Palma que tiene registro de 1.19.26. Hay que recordar que a\u00fan no se cierra el proceso clasificatorio y no se deben descartar cambios hasta que culmine el calendario clasificatorio internacional reconocido por la World Athletics \u201c, dijo el titular de la FMAA.<\/p>\n<p>Asimismo, explic\u00f3 que en fecha pr\u00f3xima se reunir\u00e1 con el Jefe de Misi\u00f3n de la Delegaci\u00f3n Mexicana a los Juegos de Par\u00eds 2024, Bernardo de la Garza, \u201cporque vamos a hablar sobre la plaza del relevo mixto de caminata\u201d, agreg\u00f3.<\/p>\n<p>\u00a0<\/p>\n","protected":false},"excerpt":{"rendered":"<p>(Foto: CONADE) El andar\u00edn veracruzano Ricardo Ortiz se sum\u00f3 al equipo mexicano de caminata con<\/p>\n","protected":false},"author":2,"featured_media":0,"comment_status":"open","ping_status":"open","sticky":false,"template":"","format":"standard","meta":{"_jetpack_memberships_contains_paid_content":false,"footnotes":""},"categories":[5],"tags":[],"class_list":["post-3503","post","type-post","status-publish","format-standard","hentry","category-amateur"],"yoast_head":"<!-- This site is optimized with the Yoast SEO plugin v25.7 - https:\/\/yoast.com\/wordpress\/plugins\/seo\/ -->\n<title>El marchista Ricardo Ortiz tiene plaza a los Juegos de Par\u00eds - Esbozo Deportivo<\/title>\n<meta name=\"robots\" content=\"index, follow, max-snippet:-1, max-image-preview:large, max-video-preview:-1\" \/>\n<link rel=\"canonical\" href=\"https:\/\/esbozodeportivo.com\/index.php\/2024\/05\/20\/el-marchista-ricardo-ortiz-tiene-plaza-a-los-juegos-de-paris\/\" \/>\n<meta property=\"og:locale\" content=\"es_MX\" \/>\n<meta property=\"og:type\" content=\"article\" \/>\n<meta property=\"og:title\" content=\"El marchista Ricardo Ortiz tiene plaza a los Juegos de Par\u00eds - Esbozo Deportivo\" \/>\n<meta property=\"og:description\" content=\"(Foto: CONADE) El andar\u00edn veracruzano Ricardo Ortiz se sum\u00f3 al equipo mexicano de caminata con\" \/>\n<meta property=\"og:url\" content=\"https:\/\/esbozodeportivo.com\/index.php\/2024\/05\/20\/el-marchista-ricardo-ortiz-tiene-plaza-a-los-juegos-de-paris\/\" \/>\n<meta property=\"og:site_name\" content=\"Esbozo Deportivo\" \/>\n<meta property=\"article:published_time\" content=\"2024-05-20T19:38:20+00:00\" \/>\n<meta property=\"article:modified_time\" content=\"2024-05-20T19:40:04+00:00\" \/>\n<meta property=\"og:image\" content=\"https:\/\/esbozodeportivo.com\/wp-content\/uploads\/2024\/05\/Atleta.jpeg\" \/>\n<meta name=\"author\" content=\"Javier De La Cruz\" \/>\n<meta name=\"twitter:card\" content=\"summary_large_image\" \/>\n<meta name=\"twitter:label1\" content=\"Escrito por\" \/>\n\t<meta name=\"twitter:data1\" content=\"Javier De La Cruz\" \/>\n\t<meta name=\"twitter:label2\" content=\"Tiempo de lectura\" \/>\n\t<meta name=\"twitter:data2\" content=\"1 minuto\" \/>\n<script type=\"application\/ld+json\" class=\"yoast-schema-graph\">{\"@context\":\"https:\/\/schema.org\",\"@graph\":[{\"@type\":\"Article\",\"@id\":\"https:\/\/esbozodeportivo.com\/index.php\/2024\/05\/20\/el-marchista-ricardo-ortiz-tiene-plaza-a-los-juegos-de-paris\/#article\",\"isPartOf\":{\"@id\":\"https:\/\/esbozodeportivo.com\/index.php\/2024\/05\/20\/el-marchista-ricardo-ortiz-tiene-plaza-a-los-juegos-de-paris\/\"},\"author\":{\"name\":\"Javier De La Cruz\",\"@id\":\"https:\/\/esbozodeportivo.com\/#\/schema\/person\/7277119c98823aec37bbb84e125efd44\"},\"headline\":\"El marchista Ricardo Ortiz tiene plaza a los Juegos de Par\u00eds\",\"datePublished\":\"2024-05-20T19:38:20+00:00\",\"dateModified\":\"2024-05-20T19:40:04+00:00\",\"mainEntityOfPage\":{\"@id\":\"https:\/\/esbozodeportivo.com\/index.php\/2024\/05\/20\/el-marchista-ricardo-ortiz-tiene-plaza-a-los-juegos-de-paris\/\"},\"wordCount\":309,\"commentCount\":0,\"publisher\":{\"@id\":\"https:\/\/esbozodeportivo.com\/#organization\"},\"image\":{\"@id\":\"https:\/\/esbozodeportivo.com\/index.php\/2024\/05\/20\/el-marchista-ricardo-ortiz-tiene-plaza-a-los-juegos-de-paris\/#primaryimage\"},\"thumbnailUrl\":\"https:\/\/esbozodeportivo.com\/wp-content\/uploads\/2024\/05\/Atleta.jpeg\",\"articleSection\":[\"Amateur\"],\"inLanguage\":\"es\",\"potentialAction\":[{\"@type\":\"CommentAction\",\"name\":\"Comment\",\"target\":[\"https:\/\/esbozodeportivo.com\/index.php\/2024\/05\/20\/el-marchista-ricardo-ortiz-tiene-plaza-a-los-juegos-de-paris\/#respond\"]}]},{\"@type\":\"WebPage\",\"@id\":\"https:\/\/esbozodeportivo.com\/index.php\/2024\/05\/20\/el-marchista-ricardo-ortiz-tiene-plaza-a-los-juegos-de-paris\/\",\"url\":\"https:\/\/esbozodeportivo.com\/index.php\/2024\/05\/20\/el-marchista-ricardo-ortiz-tiene-plaza-a-los-juegos-de-paris\/\",\"name\":\"El marchista Ricardo Ortiz tiene plaza a los Juegos de Par\u00eds - Esbozo Deportivo\",\"isPartOf\":{\"@id\":\"https:\/\/esbozodeportivo.com\/#website\"},\"primaryImageOfPage\":{\"@id\":\"https:\/\/esbozodeportivo.com\/index.php\/2024\/05\/20\/el-marchista-ricardo-ortiz-tiene-plaza-a-los-juegos-de-paris\/#primaryimage\"},\"image\":{\"@id\":\"https:\/\/esbozodeportivo.com\/index.php\/2024\/05\/20\/el-marchista-ricardo-ortiz-tiene-plaza-a-los-juegos-de-paris\/#primaryimage\"},\"thumbnailUrl\":\"https:\/\/esbozodeportivo.com\/wp-content\/uploads\/2024\/05\/Atleta.jpeg\",\"datePublished\":\"2024-05-20T19:38:20+00:00\",\"dateModified\":\"2024-05-20T19:40:04+00:00\",\"breadcrumb\":{\"@id\":\"https:\/\/esbozodeportivo.com\/index.php\/2024\/05\/20\/el-marchista-ricardo-ortiz-tiene-plaza-a-los-juegos-de-paris\/#breadcrumb\"},\"inLanguage\":\"es\",\"potentialAction\":[{\"@type\":\"ReadAction\",\"target\":[\"https:\/\/esbozodeportivo.com\/index.php\/2024\/05\/20\/el-marchista-ricardo-ortiz-tiene-plaza-a-los-juegos-de-paris\/\"]}]},{\"@type\":\"ImageObject\",\"inLanguage\":\"es\",\"@id\":\"https:\/\/esbozodeportivo.com\/index.php\/2024\/05\/20\/el-marchista-ricardo-ortiz-tiene-plaza-a-los-juegos-de-paris\/#primaryimage\",\"url\":\"https:\/\/esbozodeportivo.com\/wp-content\/uploads\/2024\/05\/Atleta.jpeg\",\"contentUrl\":\"https:\/\/esbozodeportivo.com\/wp-content\/uploads\/2024\/05\/Atleta.jpeg\",\"width\":948,\"height\":465},{\"@type\":\"BreadcrumbList\",\"@id\":\"https:\/\/esbozodeportivo.com\/index.php\/2024\/05\/20\/el-marchista-ricardo-ortiz-tiene-plaza-a-los-juegos-de-paris\/#breadcrumb\",\"itemListElement\":[{\"@type\":\"ListItem\",\"position\":1,\"name\":\"Inicio\",\"item\":\"https:\/\/esbozodeportivo.com\/\"},{\"@type\":\"ListItem\",\"position\":2,\"name\":\"El marchista Ricardo Ortiz tiene plaza a los Juegos de Par\u00eds\"}]},{\"@type\":\"WebSite\",\"@id\":\"https:\/\/esbozodeportivo.com\/#website\",\"url\":\"https:\/\/esbozodeportivo.com\/\",\"name\":\"Esbozo Deportivo\",\"description\":\"Lo m\u00e1s importante del Deporte\",\"publisher\":{\"@id\":\"https:\/\/esbozodeportivo.com\/#organization\"},\"potentialAction\":[{\"@type\":\"SearchAction\",\"target\":{\"@type\":\"EntryPoint\",\"urlTemplate\":\"https:\/\/esbozodeportivo.com\/?s={search_term_string}\"},\"query-input\":{\"@type\":\"PropertyValueSpecification\",\"valueRequired\":true,\"valueName\":\"search_term_string\"}}],\"inLanguage\":\"es\"},{\"@type\":\"Organization\",\"@id\":\"https:\/\/esbozodeportivo.com\/#organization\",\"name\":\"Esbozo Deportivo\",\"url\":\"https:\/\/esbozodeportivo.com\/\",\"logo\":{\"@type\":\"ImageObject\",\"inLanguage\":\"es\",\"@id\":\"https:\/\/esbozodeportivo.com\/#\/schema\/logo\/image\/\",\"url\":\"https:\/\/esbozodeportivo.com\/wp-content\/uploads\/2022\/08\/cropped-Logo-Esbozo-Web-2.png\",\"contentUrl\":\"https:\/\/esbozodeportivo.com\/wp-content\/uploads\/2022\/08\/cropped-Logo-Esbozo-Web-2.png\",\"width\":180,\"height\":50,\"caption\":\"Esbozo Deportivo\"},\"image\":{\"@id\":\"https:\/\/esbozodeportivo.com\/#\/schema\/logo\/image\/\"}},{\"@type\":\"Person\",\"@id\":\"https:\/\/esbozodeportivo.com\/#\/schema\/person\/7277119c98823aec37bbb84e125efd44\",\"name\":\"Javier De La Cruz\",\"image\":{\"@type\":\"ImageObject\",\"inLanguage\":\"es\",\"@id\":\"https:\/\/esbozodeportivo.com\/#\/schema\/person\/image\/\",\"url\":\"https:\/\/secure.gravatar.com\/avatar\/366235a56d20f1a6e8e3d0b295897639357bea880470ddf261d17bb0bc052eb1?s=96&d=mm&r=g\",\"contentUrl\":\"https:\/\/secure.gravatar.com\/avatar\/366235a56d20f1a6e8e3d0b295897639357bea880470ddf261d17bb0bc052eb1?s=96&d=mm&r=g\",\"caption\":\"Javier De La Cruz\"},\"url\":\"https:\/\/esbozodeportivo.com\/index.php\/author\/javier-de-la-cruz-de-la-cruz\/\"}]}<\/script>\n<!-- \/ Yoast SEO plugin. -->","yoast_head_json":{"title":"El marchista Ricardo Ortiz tiene plaza a los Juegos de Par\u00eds - Esbozo Deportivo","robots":{"index":"index","follow":"follow","max-snippet":"max-snippet:-1","max-image-preview":"max-image-preview:large","max-video-preview":"max-video-preview:-1"},"canonical":"https:\/\/esbozodeportivo.com\/index.php\/2024\/05\/20\/el-marchista-ricardo-ortiz-tiene-plaza-a-los-juegos-de-paris\/","og_locale":"es_MX","og_type":"article","og_title":"El marchista Ricardo Ortiz tiene plaza a los Juegos de Par\u00eds - Esbozo Deportivo","og_description":"(Foto: CONADE) El andar\u00edn veracruzano Ricardo Ortiz se sum\u00f3 al equipo mexicano de caminata con","og_url":"https:\/\/esbozodeportivo.com\/index.php\/2024\/05\/20\/el-marchista-ricardo-ortiz-tiene-plaza-a-los-juegos-de-paris\/","og_site_name":"Esbozo Deportivo","article_published_time":"2024-05-20T19:38:20+00:00","article_modified_time":"2024-05-20T19:40:04+00:00","og_image":[{"url":"https:\/\/esbozodeportivo.com\/wp-content\/uploads\/2024\/05\/Atleta.jpeg","type":"","width":"","height":""}],"author":"Javier De La Cruz","twitter_card":"summary_large_image","twitter_misc":{"Escrito por":"Javier De La Cruz","Tiempo de lectura":"1 minuto"},"schema":{"@context":"https:\/\/schema.org","@graph":[{"@type":"Article","@id":"https:\/\/esbozodeportivo.com\/index.php\/2024\/05\/20\/el-marchista-ricardo-ortiz-tiene-plaza-a-los-juegos-de-paris\/#article","isPartOf":{"@id":"https:\/\/esbozodeportivo.com\/index.php\/2024\/05\/20\/el-marchista-ricardo-ortiz-tiene-plaza-a-los-juegos-de-paris\/"},"author":{"name":"Javier De La Cruz","@id":"https:\/\/esbozodeportivo.com\/#\/schema\/person\/7277119c98823aec37bbb84e125efd44"},"headline":"El marchista Ricardo Ortiz tiene plaza a los Juegos de Par\u00eds","datePublished":"2024-05-20T19:38:20+00:00","dateModified":"2024-05-20T19:40:04+00:00","mainEntityOfPage":{"@id":"https:\/\/esbozodeportivo.com\/index.php\/2024\/05\/20\/el-marchista-ricardo-ortiz-tiene-plaza-a-los-juegos-de-paris\/"},"wordCount":309,"commentCount":0,"publisher":{"@id":"https:\/\/esbozodeportivo.com\/#organization"},"image":{"@id":"https:\/\/esbozodeportivo.com\/index.php\/2024\/05\/20\/el-marchista-ricardo-ortiz-tiene-plaza-a-los-juegos-de-paris\/#primaryimage"},"thumbnailUrl":"https:\/\/esbozodeportivo.com\/wp-content\/uploads\/2024\/05\/Atleta.jpeg","articleSection":["Amateur"],"inLanguage":"es","potentialAction":[{"@type":"CommentAction","name":"Comment","target":["https:\/\/esbozodeportivo.com\/index.php\/2024\/05\/20\/el-marchista-ricardo-ortiz-tiene-plaza-a-los-juegos-de-paris\/#respond"]}]},{"@type":"WebPage","@id":"https:\/\/esbozodeportivo.com\/index.php\/2024\/05\/20\/el-marchista-ricardo-ortiz-tiene-plaza-a-los-juegos-de-paris\/","url":"https:\/\/esbozodeportivo.com\/index.php\/2024\/05\/20\/el-marchista-ricardo-ortiz-tiene-plaza-a-los-juegos-de-paris\/","name":"El marchista Ricardo Ortiz tiene plaza a los Juegos de Par\u00eds - Esbozo Deportivo","isPartOf":{"@id":"https:\/\/esbozodeportivo.com\/#website"},"primaryImageOfPage":{"@id":"https:\/\/esbozodeportivo.com\/index.php\/2024\/05\/20\/el-marchista-ricardo-ortiz-tiene-plaza-a-los-juegos-de-paris\/#primaryimage"},"image":{"@id":"https:\/\/esbozodeportivo.com\/index.php\/2024\/05\/20\/el-marchista-ricardo-ortiz-tiene-plaza-a-los-juegos-de-paris\/#primaryimage"},"thumbnailUrl":"https:\/\/esbozodeportivo.com\/wp-content\/uploads\/2024\/05\/Atleta.jpeg","datePublished":"2024-05-20T19:38:20+00:00","dateModified":"2024-05-20T19:40:04+00:00","breadcrumb":{"@id":"https:\/\/esbozodeportivo.com\/index.php\/2024\/05\/20\/el-marchista-ricardo-ortiz-tiene-plaza-a-los-juegos-de-paris\/#breadcrumb"},"inLanguage":"es","potentialAction":[{"@type":"ReadAction","target":["https:\/\/esbozodeportivo.com\/index.php\/2024\/05\/20\/el-marchista-ricardo-ortiz-tiene-plaza-a-los-juegos-de-paris\/"]}]},{"@type":"ImageObject","inLanguage":"es","@id":"https:\/\/esbozodeportivo.com\/index.php\/2024\/05\/20\/el-marchista-ricardo-ortiz-tiene-plaza-a-los-juegos-de-paris\/#primaryimage","url":"https:\/\/esbozodeportivo.com\/wp-content\/uploads\/2024\/05\/Atleta.jpeg","contentUrl":"https:\/\/esbozodeportivo.com\/wp-content\/uploads\/2024\/05\/Atleta.jpeg","width":948,"height":465},{"@type":"BreadcrumbList","@id":"https:\/\/esbozodeportivo.com\/index.php\/2024\/05\/20\/el-marchista-ricardo-ortiz-tiene-plaza-a-los-juegos-de-paris\/#breadcrumb","itemListElement":[{"@type":"ListItem","position":1,"name":"Inicio","item":"https:\/\/esbozodeportivo.com\/"},{"@type":"ListItem","position":2,"name":"El marchista Ricardo Ortiz tiene plaza a los Juegos de Par\u00eds"}]},{"@type":"WebSite","@id":"https:\/\/esbozodeportivo.com\/#website","url":"https:\/\/esbozodeportivo.com\/","name":"Esbozo Deportivo","description":"Lo m\u00e1s importante del Deporte","publisher":{"@id":"https:\/\/esbozodeportivo.com\/#organization"},"potentialAction":[{"@type":"SearchAction","target":{"@type":"EntryPoint","urlTemplate":"https:\/\/esbozodeportivo.com\/?s={search_term_string}"},"query-input":{"@type":"PropertyValueSpecification","valueRequired":true,"valueName":"search_term_string"}}],"inLanguage":"es"},{"@type":"Organization","@id":"https:\/\/esbozodeportivo.com\/#organization","name":"Esbozo Deportivo","url":"https:\/\/esbozodeportivo.com\/","logo":{"@type":"ImageObject","inLanguage":"es","@id":"https:\/\/esbozodeportivo.com\/#\/schema\/logo\/image\/","url":"https:\/\/esbozodeportivo.com\/wp-content\/uploads\/2022\/08\/cropped-Logo-Esbozo-Web-2.png","contentUrl":"https:\/\/esbozodeportivo.com\/wp-content\/uploads\/2022\/08\/cropped-Logo-Esbozo-Web-2.png","width":180,"height":50,"caption":"Esbozo Deportivo"},"image":{"@id":"https:\/\/esbozodeportivo.com\/#\/schema\/logo\/image\/"}},{"@type":"Person","@id":"https:\/\/esbozodeportivo.com\/#\/schema\/person\/7277119c98823aec37bbb84e125efd44","name":"Javier De La Cruz","image":{"@type":"ImageObject","inLanguage":"es","@id":"https:\/\/esbozodeportivo.com\/#\/schema\/person\/image\/","url":"https:\/\/secure.gravatar.com\/avatar\/366235a56d20f1a6e8e3d0b295897639357bea880470ddf261d17bb0bc052eb1?s=96&d=mm&r=g","contentUrl":"https:\/\/secure.gravatar.com\/avatar\/366235a56d20f1a6e8e3d0b295897639357bea880470ddf261d17bb0bc052eb1?s=96&d=mm&r=g","caption":"Javier De La Cruz"},"url":"https:\/\/esbozodeportivo.com\/index.php\/author\/javier-de-la-cruz-de-la-cruz\/"}]}},"jetpack_featured_media_url":"","jetpack_sharing_enabled":true,"_links":{"self":[{"href":"https:\/\/esbozodeportivo.com\/index.php\/wp-json\/wp\/v2\/posts\/3503","targetHints":{"allow":["GET"]}}],"collection":[{"href":"https:\/\/esbozodeportivo.com\/index.php\/wp-json\/wp\/v2\/posts"}],"about":[{"href":"https:\/\/esbozodeportivo.com\/index.php\/wp-json\/wp\/v2\/types\/post"}],"author":[{"embeddable":true,"href":"https:\/\/esbozodeportivo.com\/index.php\/wp-json\/wp\/v2\/users\/2"}],"replies":[{"embeddable":true,"href":"https:\/\/esbozodeportivo.com\/index.php\/wp-json\/wp\/v2\/comments?post=3503"}],"version-history":[{"count":4,"href":"https:\/\/esbozodeportivo.com\/index.php\/wp-json\/wp\/v2\/posts\/3503\/revisions"}],"predecessor-version":[{"id":3510,"href":"https:\/\/esbozodeportivo.com\/index.php\/wp-json\/wp\/v2\/posts\/3503\/revisions\/3510"}],"wp:attachment":[{"href":"https:\/\/esbozodeportivo.com\/index.php\/wp-json\/wp\/v2\/media?parent=3503"}],"wp:term":[{"taxonomy":"category","embeddable":true,"href":"https:\/\/esbozodeportivo.com\/index.php\/wp-json\/wp\/v2\/categories?post=3503"},{"taxonomy":"post_tag","embeddable":true,"href":"https:\/\/esbozodeportivo.com\/index.php\/wp-json\/wp\/v2\/tags?post=3503"}],"curies":[{"name":"wp","href":"https:\/\/api.w.org\/{rel}","templated":true}]}}