{"id":3526,"date":"2024-05-25T05:35:07","date_gmt":"2024-05-25T05:35:07","guid":{"rendered":"https:\/\/esbozodeportivo.com\/?p=3526"},"modified":"2024-05-25T05:44:25","modified_gmt":"2024-05-25T05:44:25","slug":"nadadores-de-la-acuatica-nelsonvargas-se-consolidan-en-los-primeros-sitios","status":"publish","type":"post","link":"https:\/\/esbozodeportivo.com\/index.php\/2024\/05\/25\/nadadores-de-la-acuatica-nelsonvargas-se-consolidan-en-los-primeros-sitios\/","title":{"rendered":"Nadadores de la Acu\u00e1tica NelsonVargas se consolidan en los primeros sitios"},"content":{"rendered":"<style>\/*! elementor - v3.21.0 - 22-05-2024 *\/\n.elementor-widget-image{text-align:center}.elementor-widget-image a{display:inline-block}.elementor-widget-image a img[src$=\".svg\"]{width:48px}.elementor-widget-image img{vertical-align:middle;display:inline-block}<\/style>\n<p>\t\t\t\t\t\t\t\t\t\t<img loading=\"lazy\" decoding=\"async\" width=\"640\" height=\"853\" src=\"https:\/\/esbozodeportivo.com\/wp-content\/uploads\/2024\/05\/nina-4-768x1024.jpg\" alt=\"\" srcset=\"https:\/\/esbozodeportivo.com\/wp-content\/uploads\/2024\/05\/nina-4-768x1024.jpg 768w, https:\/\/esbozodeportivo.com\/wp-content\/uploads\/2024\/05\/nina-4-225x300.jpg 225w, https:\/\/esbozodeportivo.com\/wp-content\/uploads\/2024\/05\/nina-4-1152x1536.jpg 1152w, https:\/\/esbozodeportivo.com\/wp-content\/uploads\/2024\/05\/nina-4-1024x1365.jpg 1024w, https:\/\/esbozodeportivo.com\/wp-content\/uploads\/2024\/05\/nina-4.jpg 1200w\" sizes=\"auto, (max-width: 640px) 100vw, 640px\" \/>\t\t\t\t\t\t\t\t\t\t\t\t\t<\/p>\n<p><strong>(Foto: acu\u00e1ticanelsonvargas)<\/strong><\/p>\n<p>Nueva jornada del Campeonato Nacional Master Curso Largo, suceso deportivo que se desarrolla en Boca del R\u00edo \u2013 Veracruz y donde esta instituci\u00f3n, <strong><em>Acu\u00e1tica NelsonVargas<\/em><\/strong> se consolida en la primera plaza por puntos en las tres opciones posibles, que son: en la rama masculina, femenina y combinado por puntos.<\/p>\n<p>Frente a los 568 deportistas en representaci\u00f3n de 49 equipos de todo el pa\u00eds, <strong><em>acu\u00e1tica nelsonvargas<\/em><\/strong> se ubica en la primera plaza en la rama femenina, esto al sumar un total, de: 821 puntos, seguidos de Iswam Aquatics y la tercera posici\u00f3n fue para los integrantes de Berimbau.<\/p>\n<p>De esta manera, sus compa\u00f1eros de equipo, quienes completan la rama masculina hicieron lo propio y se posicionan en el primer lugar, con: 712 puntos, seguidos de Iswam Aquatics y el Club Master Veracruz. La suma de estos resultados le otorga a esta organizaci\u00f3n y sus atletas, <strong><em>Acu\u00e1tica NelsonVargas<\/em><\/strong>, la primera plaza de la general, con: 1611 puntos; seguidos de Iswam Aquatics, con: 850 y cerrando los tres primeros lugares se ubic\u00f3 Club Master Veracruz, con: 403 puntos.<\/p>\n<p>\u00a0<\/p>\n<p>\t\t\t\t\t\t\t\t\t\t\t\t\t<img loading=\"lazy\" decoding=\"async\" width=\"640\" height=\"853\" src=\"https:\/\/esbozodeportivo.com\/wp-content\/uploads\/2024\/05\/nina-2-768x1024.jpg\" alt=\"\" srcset=\"https:\/\/esbozodeportivo.com\/wp-content\/uploads\/2024\/05\/nina-2-768x1024.jpg 768w, https:\/\/esbozodeportivo.com\/wp-content\/uploads\/2024\/05\/nina-2-225x300.jpg 225w, https:\/\/esbozodeportivo.com\/wp-content\/uploads\/2024\/05\/nina-2-1152x1536.jpg 1152w, https:\/\/esbozodeportivo.com\/wp-content\/uploads\/2024\/05\/nina-2-1024x1365.jpg 1024w, https:\/\/esbozodeportivo.com\/wp-content\/uploads\/2024\/05\/nina-2.jpg 1200w\" sizes=\"auto, (max-width: 640px) 100vw, 640px\" \/>\t\t\t\t\t\t\t\t\t\t\t\t\t<\/p>\n<p><strong>(Foto: acu\u00e1ticanelsonvargas)<\/strong><\/p>\n<p>Antes de finalizar, es importante tener en cuenta, que en las ediciones pasadas de estos campeonatos nacionales no se hab\u00eda realizado la entrega de los galardones a varios deportistas y esta fue la ocasi\u00f3n en donde fueron reconocidas, ellas fueron:<\/p>\n<p><strong>Araceli Rodr\u00edguez<\/strong>. Premiada en la categor\u00eda 65 \u2013 69 a\u00f1os triunfo logrado en Canc\u00fan 2023<\/p>\n<p><strong>Luz Mar\u00eda Olvera<\/strong>. Reconocimiento por sus grandes resultados en la categor\u00eda 70 \u2013 74 a\u00f1os. Canc\u00fan 2023<\/p>\n<p>Cristina Cervantes. Galardonada en la categor\u00eda 65 \u2013 60 a\u00f1os por sus triunfos obtenidos en Quer\u00e9taro 2023<\/p>\n<p>\u00a0<\/p>\n<p>\t\t\t\t\t\t\t\t\t\t\t\t\t<img loading=\"lazy\" decoding=\"async\" width=\"640\" height=\"853\" src=\"https:\/\/esbozodeportivo.com\/wp-content\/uploads\/2024\/05\/nina-3-768x1024.jpg\" alt=\"\" srcset=\"https:\/\/esbozodeportivo.com\/wp-content\/uploads\/2024\/05\/nina-3-768x1024.jpg 768w, https:\/\/esbozodeportivo.com\/wp-content\/uploads\/2024\/05\/nina-3-225x300.jpg 225w, https:\/\/esbozodeportivo.com\/wp-content\/uploads\/2024\/05\/nina-3-1152x1536.jpg 1152w, https:\/\/esbozodeportivo.com\/wp-content\/uploads\/2024\/05\/nina-3-1024x1365.jpg 1024w, https:\/\/esbozodeportivo.com\/wp-content\/uploads\/2024\/05\/nina-3.jpg 1200w\" sizes=\"auto, (max-width: 640px) 100vw, 640px\" \/>\t\t\t\t\t\t\t\t\t\t\t\t\t<\/p>\n<p><strong>(Foto: acu\u00e1ticanelsonvargas)<\/strong><\/p>\n<p><u>Combinado por puntos: <\/u><\/p>\n<table>\n<tbody>\n<tr>\n<td width=\"81\">\n<h5><strong>POSICI\u00d3N<\/strong><\/h5>\n<\/td>\n<td width=\"174\">\n<h5><strong>CLUB<\/strong><\/h5>\n<\/td>\n<td width=\"76\">\n<h5><strong>PUNTOS<\/strong><\/h5>\n<\/td>\n<\/tr>\n<tr>\n<td width=\"81\">\n<h5>1<\/h5>\n<\/td>\n<td width=\"174\">\n<h5><strong><em>Acu\u00e1tica nelsonvargas <\/em><\/strong><\/h5>\n<\/td>\n<td width=\"76\">\n<h5>1611<\/h5>\n<\/td>\n<\/tr>\n<tr>\n<td width=\"81\">\n<h5>2<\/h5>\n<\/td>\n<td width=\"174\">\n<h5>Iswam Aquatics<\/h5>\n<\/td>\n<td width=\"76\">\n<h5>850<\/h5>\n<\/td>\n<\/tr>\n<tr>\n<td width=\"81\">\n<h5>3<\/h5>\n<\/td>\n<td width=\"174\">\n<h5>Club Master Veracruz<\/h5>\n<\/td>\n<td width=\"76\">\n<h5>403<\/h5>\n<\/td>\n<\/tr>\n<\/tbody>\n<\/table>\n<p><u>Masculino por puntos: <\/u><\/p>\n<table>\n<tbody>\n<tr>\n<td width=\"81\">\n<h5><strong>POSICI\u00d3N<\/strong><\/h5>\n<\/td>\n<td width=\"174\">\n<h5><strong>CLUB<\/strong><\/h5>\n<\/td>\n<td width=\"76\">\n<h5><strong>PUNTOS<\/strong><\/h5>\n<\/td>\n<\/tr>\n<tr>\n<td width=\"81\">\n<h5>1<\/h5>\n<\/td>\n<td width=\"174\">\n<h5><strong><em>Acu\u00e1tica nelsonvargas <\/em><\/strong><\/h5>\n<\/td>\n<td width=\"76\">\n<h5>712<\/h5>\n<\/td>\n<\/tr>\n<tr>\n<td width=\"81\">\n<h5>2<\/h5>\n<\/td>\n<td width=\"174\">\n<h5>Iswam Aquatics<\/h5>\n<\/td>\n<td width=\"76\">\n<h5>398<\/h5>\n<\/td>\n<\/tr>\n<tr>\n<td width=\"81\">\n<h5>3<\/h5>\n<\/td>\n<td width=\"174\">\n<h5>Club Master Veracruz<\/h5>\n<\/td>\n<td width=\"76\">\n<h5>253<\/h5>\n<\/td>\n<\/tr>\n<\/tbody>\n<\/table>\n<p><u>Femenino por puntos: <\/u><\/p>\n<table>\n<tbody>\n<tr>\n<td width=\"81\">\n<h5><strong>POSICI\u00d3N<\/strong><\/h5>\n<\/td>\n<td width=\"174\">\n<h5><strong>CLUB<\/strong><\/h5>\n<\/td>\n<td width=\"76\">\n<h5><strong>PUNTOS<\/strong><\/h5>\n<\/td>\n<\/tr>\n<tr>\n<td width=\"81\">\n<h5>1<\/h5>\n<\/td>\n<td width=\"174\">\n<h5><strong><em>Acu\u00e1tica nelsonvargas <\/em><\/strong><\/h5>\n<\/td>\n<td width=\"76\">\n<h5>821<\/h5>\n<\/td>\n<\/tr>\n<tr>\n<td width=\"81\">\n<h5>2<\/h5>\n<\/td>\n<td width=\"174\">\n<h5>Iswam Aquatics<\/h5>\n<\/td>\n<td width=\"76\">\n<h5>370<\/h5>\n<\/td>\n<\/tr>\n<tr>\n<td width=\"81\">\n<h5>3<\/h5>\n<\/td>\n<td width=\"174\">\n<h5>Berimbau<\/h5>\n<\/td>\n<td width=\"76\">\n<h5>234<\/h5>\n<\/td>\n<\/tr>\n<\/tbody>\n<\/table>\n<p>\t\t\t\t\t\t\t\t\t\t\t\t\t<img loading=\"lazy\" decoding=\"async\" width=\"640\" height=\"853\" src=\"https:\/\/esbozodeportivo.com\/wp-content\/uploads\/2024\/05\/nina-5-768x1024.jpg\" alt=\"\" srcset=\"https:\/\/esbozodeportivo.com\/wp-content\/uploads\/2024\/05\/nina-5-768x1024.jpg 768w, https:\/\/esbozodeportivo.com\/wp-content\/uploads\/2024\/05\/nina-5-225x300.jpg 225w, https:\/\/esbozodeportivo.com\/wp-content\/uploads\/2024\/05\/nina-5-1152x1536.jpg 1152w, https:\/\/esbozodeportivo.com\/wp-content\/uploads\/2024\/05\/nina-5-1024x1365.jpg 1024w, https:\/\/esbozodeportivo.com\/wp-content\/uploads\/2024\/05\/nina-5.jpg 1200w\" sizes=\"auto, (max-width: 640px) 100vw, 640px\" \/>\t\t\t\t\t\t\t\t\t\t\t\t\t<\/p>\n<p><strong>(Foto: acu\u00e1ticanelsonvargas)<\/strong><\/p>\n<p>Por otra parte, se lleva a cabo en estos momentos y hasta el pr\u00f3ximo 26 de mayo la 1\u00b0 Copa Nacional Infantil AMDETNA 2024, cita competitiva que se lleva a cabo en la Alberca del Comit\u00e9 Ol\u00edmpico Mexicano y donde hacen presencia 742 atletas, quienes se encuentran en representaci\u00f3n de 63 clubes que han confiado en esta opci\u00f3n para preparar a sus deportistas.<\/p>\n<p>Este evento deportivo fue dise\u00f1ado para los competidores de las categor\u00edas: divididas, as\u00ed: 7 a\u00f1os, 8 a\u00f1os, 9 a\u00f1os, 10 a\u00f1os y 11 y 12 a\u00f1os y en los relevos se competir\u00e1 de la siguiente forma: 7 a 9 a\u00f1os y 10 a 12 a\u00f1os, delimitados por ramas.<\/p>\n<p>Hasta este momento se han obtenido importantes medallas, un total de 20, logradas as\u00ed por color: dos de oro, nueve de plata y nueve de bronce, los medallistas de la jornada fueron:<\/p>\n<table>\n<tbody>\n<tr>\n<td width=\"56\">\n<h5><strong>No. M<\/strong><\/h5>\n<\/td>\n<td width=\"54\">\n<h5><strong>No. C<\/strong><\/h5>\n<\/td>\n<td width=\"82\">\n<h5><strong>POSICI\u00d3N<\/strong><\/h5>\n<\/td>\n<td width=\"190\">\n<h5><strong>NOMBRE<\/strong><\/h5>\n<\/td>\n<td width=\"89\">\n<h5><strong>PRUEBA<\/strong><\/h5>\n<\/td>\n<td width=\"95\">\n<h5><strong>CATEGOR\u00cdA<\/strong><\/h5>\n<\/td>\n<\/tr>\n<tr>\n<td width=\"56\">\n<h5>1<\/h5>\n<\/td>\n<td width=\"54\">\n<h5>1<\/h5>\n<\/td>\n<td width=\"82\">\n<h5>Oro<\/h5>\n<\/td>\n<td width=\"190\">\n<h5>Carlos Hidalgo Patricio<\/h5>\n<\/td>\n<td width=\"89\">\n<h5>100 pecho<\/h5>\n<\/td>\n<td width=\"95\">\n<h5>11- 12 a\u00f1os<\/h5>\n<\/td>\n<\/tr>\n<tr>\n<td width=\"56\">\n<h5>2<\/h5>\n<\/td>\n<td width=\"54\">\n<h5>2<\/h5>\n<\/td>\n<td width=\"82\">\n<h5>Oro<\/h5>\n<\/td>\n<td width=\"190\">\n<h5>Amaia Cruz Guzm\u00e1n<\/h5>\n<\/td>\n<td width=\"89\">\n<h5>100 dorso<\/h5>\n<\/td>\n<td width=\"95\">\n<h5>11 &#8211; 12 a\u00f1os<\/h5>\n<\/td>\n<\/tr>\n<tr>\n<td width=\"56\">\n<h5>3<\/h5>\n<\/td>\n<td width=\"54\">\n<h5>1<\/h5>\n<\/td>\n<td width=\"82\">\n<h5>Plata<\/h5>\n<\/td>\n<td width=\"190\">\n<h5>Francisco Alvarado Dom\u00ednguez<\/h5>\n<\/td>\n<td width=\"89\">\n<h5>200 libre<\/h5>\n<\/td>\n<td width=\"95\">\n<h5>10 a\u00f1os<\/h5>\n<\/td>\n<\/tr>\n<tr>\n<td width=\"56\">\n<h5>4<\/h5>\n<\/td>\n<td width=\"54\">\n<h5>2<\/h5>\n<\/td>\n<td width=\"82\">\n<h5>Plata<\/h5>\n<\/td>\n<td width=\"190\">\n<h5>Alejandro De La Torre Pineda<\/h5>\n<\/td>\n<td width=\"89\">\n<h5>200 libre<\/h5>\n<\/td>\n<td width=\"95\">\n<h5>9 a\u00f1os<\/h5>\n<\/td>\n<\/tr>\n<tr>\n<td width=\"56\">\n<h5>5<\/h5>\n<\/td>\n<td width=\"54\">\n<h5>3<\/h5>\n<\/td>\n<td width=\"82\">\n<h5>Plata<\/h5>\n<\/td>\n<td width=\"190\">\n<h5>Amaia Cruz Guzm\u00e1n<\/h5>\n<\/td>\n<td width=\"89\">\n<h5>200 libre<\/h5>\n<\/td>\n<td width=\"95\">\n<h5>11 &#8211; 12 a\u00f1os<\/h5>\n<\/td>\n<\/tr>\n<tr>\n<td width=\"56\">\n<h5>6<\/h5>\n<\/td>\n<td width=\"54\">\n<h5>4<\/h5>\n<\/td>\n<td width=\"82\">\n<h5>Plata<\/h5>\n<\/td>\n<td width=\"190\">\n<h5>Carlos Emiliano Hidalgo<\/h5>\n<\/td>\n<td width=\"89\">\n<h5>200 libre<\/h5>\n<\/td>\n<td width=\"95\">\n<h5>11 &#8211; 12 a\u00f1os<\/h5>\n<\/td>\n<\/tr>\n<tr>\n<td width=\"56\">\n<h5>7<\/h5>\n<\/td>\n<td width=\"54\">\n<h5>5<\/h5>\n<\/td>\n<td width=\"82\">\n<h5>Plata<\/h5>\n<\/td>\n<td width=\"190\">\n<h5>Melissa Trujano Razo<\/h5>\n<\/td>\n<td width=\"89\">\n<h5>100 dorso<\/h5>\n<\/td>\n<td width=\"95\">\n<h5>9 a\u00f1os<\/h5>\n<\/td>\n<\/tr>\n<tr>\n<td width=\"56\">\n<h5>8<\/h5>\n<\/td>\n<td width=\"54\">\n<h5>6<\/h5>\n<\/td>\n<td width=\"82\">\n<h5>Plata<\/h5>\n<\/td>\n<td width=\"190\">\n<h5>Patricio Fern\u00e1ndez Lechuga<\/h5>\n<\/td>\n<td width=\"89\">\n<h5>100 dorso\u00a0<\/h5>\n<\/td>\n<td width=\"95\">\n<h5>9 a\u00f1os<\/h5>\n<\/td>\n<\/tr>\n<tr>\n<td width=\"56\">\n<h5>9<\/h5>\n<\/td>\n<td width=\"54\">\n<h5>7<\/h5>\n<\/td>\n<td width=\"82\">\n<h5>Plata<\/h5>\n<\/td>\n<td width=\"190\">\n<h5>Dami\u00e1n Garc\u00eda Ure\u00f1a<\/h5>\n<\/td>\n<td width=\"89\">\n<h5>100 dorso<\/h5>\n<\/td>\n<td width=\"95\">\n<h5>10 a\u00f1os<\/h5>\n<\/td>\n<\/tr>\n<tr>\n<td width=\"56\">\n<h5>10<\/h5>\n<\/td>\n<td width=\"54\">\n<h5>8<\/h5>\n<\/td>\n<td width=\"82\">\n<h5>Plata<\/h5>\n<\/td>\n<td width=\"190\">\n<h5>Eleonor Lozano Olivera<\/h5>\n<\/td>\n<td width=\"89\">\n<h5>50 mariposa<\/h5>\n<\/td>\n<td width=\"95\">\n<h5>10 a\u00f1os<\/h5>\n<\/td>\n<\/tr>\n<tr>\n<td width=\"56\">\n<h5>11<\/h5>\n<\/td>\n<td width=\"54\">\n<h5>9<\/h5>\n<\/td>\n<td width=\"82\">\n<h5>Plata<\/h5>\n<\/td>\n<td width=\"190\">\n<h5>Alejandro De La Torre Pineda<\/h5>\n<\/td>\n<td width=\"89\">\n<h5>50 mariposa<\/h5>\n<\/td>\n<td width=\"95\">\n<h5>9 a\u00f1os<\/h5>\n<\/td>\n<\/tr>\n<tr>\n<td width=\"56\">\n<h5>12<\/h5>\n<\/td>\n<td width=\"54\">\n<h5>1<\/h5>\n<\/td>\n<td width=\"82\">\n<h5>Bronce<\/h5>\n<\/td>\n<td width=\"190\">\n<h5>Jorge Arturo Trejo Hern\u00e1ndez<\/h5>\n<\/td>\n<td width=\"89\">\n<h5>100 pecho<\/h5>\n<\/td>\n<td width=\"95\">\n<h5>11 &#8211; 12 a\u00f1os<\/h5>\n<\/td>\n<\/tr>\n<tr>\n<td width=\"56\">\n<h5>13<\/h5>\n<\/td>\n<td width=\"54\">\n<h5>2<\/h5>\n<\/td>\n<td width=\"82\">\n<h5>Bronce<\/h5>\n<\/td>\n<td width=\"190\">\n<h5>Valentina Gonz\u00e1lez Pe\u00f1aflor<\/h5>\n<\/td>\n<td width=\"89\">\n<h5>100 pecho<\/h5>\n<\/td>\n<td width=\"95\">\n<h5>11 \u2013 12 a\u00f1os<\/h5>\n<\/td>\n<\/tr>\n<tr>\n<td width=\"56\">\n<h5>14<\/h5>\n<\/td>\n<td width=\"54\">\n<h5>3<\/h5>\n<\/td>\n<td width=\"82\">\n<h5>Bronce<\/h5>\n<\/td>\n<td width=\"190\">\n<h5>Mateo Cruz Moro<\/h5>\n<\/td>\n<td width=\"89\">\n<h5>100 pecho<\/h5>\n<\/td>\n<td width=\"95\">\n<h5>10 a\u00f1os<\/h5>\n<\/td>\n<\/tr>\n<tr>\n<td width=\"56\">\n<h5>15<\/h5>\n<\/td>\n<td width=\"54\">\n<h5>4<\/h5>\n<\/td>\n<td width=\"82\">\n<h5>Bronce<\/h5>\n<\/td>\n<td width=\"190\">\n<h5>Juan Matthias Lora Santana<\/h5>\n<\/td>\n<td width=\"89\">\n<h5>200 libre<\/h5>\n<\/td>\n<td width=\"95\">\n<h5>9 a\u00f1os<\/h5>\n<\/td>\n<\/tr>\n<tr>\n<td width=\"56\">\n<h5>16<\/h5>\n<\/td>\n<td width=\"54\">\n<h5>5<\/h5>\n<\/td>\n<td width=\"82\">\n<h5>Bronce<\/h5>\n<\/td>\n<td width=\"190\">\n<h5>Nicol\u00e1s Aranda Johnson<\/h5>\n<\/td>\n<td width=\"89\">\n<h5>200 libre<\/h5>\n<\/td>\n<td width=\"95\">\n<h5>10 a\u00f1os<\/h5>\n<\/td>\n<\/tr>\n<tr>\n<td width=\"56\">\n<h5>17<\/h5>\n<\/td>\n<td width=\"54\">\n<h5>6<\/h5>\n<\/td>\n<td width=\"82\">\n<h5>Bronce<\/h5>\n<\/td>\n<td width=\"190\">\n<h5>Gabriel Medina Freyre<\/h5>\n<\/td>\n<td width=\"89\">\n<h5>200 libre<\/h5>\n<\/td>\n<td width=\"95\">\n<h5>11 &#8211; 12 a\u00f1os<\/h5>\n<\/td>\n<\/tr>\n<tr>\n<td width=\"56\">\n<h5>18<\/h5>\n<\/td>\n<td width=\"54\">\n<h5>7<\/h5>\n<\/td>\n<td width=\"82\">\n<h5>Bronce<\/h5>\n<\/td>\n<td width=\"190\">\n<h5>Valentina Gonz\u00e1lez Pe\u00f1aflor<\/h5>\n<\/td>\n<td width=\"89\">\n<h5>100 dorso<\/h5>\n<\/td>\n<td width=\"95\">\n<h5>11 &#8211; 12 a\u00f1os<\/h5>\n<\/td>\n<\/tr>\n<tr>\n<td width=\"56\">\n<h5>19<\/h5>\n<\/td>\n<td width=\"54\">\n<h5>8<\/h5>\n<\/td>\n<td width=\"82\">\n<h5>Bronce<\/h5>\n<\/td>\n<td width=\"190\">\n<h5>Alejandro De La Torre Pineda<\/h5>\n<\/td>\n<td width=\"89\">\n<h5>100 dorso<\/h5>\n<\/td>\n<td width=\"95\">\n<h5>9 a\u00f1os<\/h5>\n<\/td>\n<\/tr>\n<tr>\n<td width=\"56\">\n<h5>20<\/h5>\n<\/td>\n<td width=\"54\">\n<h5>9<\/h5>\n<\/td>\n<td width=\"82\">\n<h5>Bronce<\/h5>\n<\/td>\n<td width=\"190\">\n<h5>Federico Mart\u00ednez Saucedo<\/h5>\n<\/td>\n<td width=\"89\">\n<h5>100 dorso<\/h5>\n<\/td>\n<td width=\"95\">\n<h5>10 a\u00f1os<\/h5>\n<\/td>\n<\/tr>\n<\/tbody>\n<\/table>\n<p><u>Puntuaci\u00f3n por equipos<\/u>:<\/p>\n<table>\n<tbody>\n<tr>\n<td width=\"81\">\n<h5><strong>POSICI\u00d3N<\/strong><\/h5>\n<\/td>\n<td width=\"174\">\n<h5><strong>CLUB<\/strong><\/h5>\n<\/td>\n<td width=\"76\">\n<h5><strong>PUNTOS<\/strong><\/h5>\n<\/td>\n<\/tr>\n<tr>\n<td width=\"81\">\n<h5>1<\/h5>\n<\/td>\n<td width=\"174\">\n<h5><strong><em>Acu\u00e1tica nelsonvargas <\/em><\/strong><\/h5>\n<\/td>\n<td width=\"76\">\n<h5>202.5<\/h5>\n<\/td>\n<\/tr>\n<tr>\n<td width=\"81\">\n<h5>2<\/h5>\n<\/td>\n<td width=\"174\">\n<h5>La Loma Quer\u00e9taro<\/h5>\n<\/td>\n<td width=\"76\">\n<h5>102<\/h5>\n<\/td>\n<\/tr>\n<tr>\n<td width=\"81\">\n<h5>3<\/h5>\n<\/td>\n<td width=\"174\">\n<h5>Swim Team Le\u00f3n<\/h5>\n<\/td>\n<td width=\"76\">\n<h5>63<\/h5>\n<\/td>\n<\/tr>\n<\/tbody>\n<\/table>\n<p><strong><em>Acu\u00e1tica NelsonVargas<\/em><\/strong> hace presencia con 202 deportistas de las siguientes sucursales:<\/p>\n<table>\n<tbody>\n<tr>\n<td width=\"45\">\n<h5><strong>No.<\/strong><\/h5>\n<\/td>\n<td width=\"176\">\n<h5><strong>SUCURSAL<\/strong><\/h5>\n<\/td>\n<td width=\"68\">\n<h5><strong>TOTAL<\/strong><\/h5>\n<\/td>\n<\/tr>\n<tr>\n<td width=\"45\">\n<h5>1<\/h5>\n<\/td>\n<td width=\"176\">\n<h5>Interlomas<\/h5>\n<\/td>\n<td width=\"68\">\n<h5>29<\/h5>\n<\/td>\n<\/tr>\n<tr>\n<td width=\"45\">\n<h5>2<\/h5>\n<\/td>\n<td width=\"176\">\n<h5>Coyoac\u00e1n<\/h5>\n<\/td>\n<td width=\"68\">\n<h5>12<\/h5>\n<\/td>\n<\/tr>\n<tr>\n<td width=\"45\">\n<h5>3<\/h5>\n<\/td>\n<td width=\"176\">\n<h5>Centenario<\/h5>\n<\/td>\n<td width=\"68\">\n<h5>16<\/h5>\n<\/td>\n<\/tr>\n<tr>\n<td width=\"45\">\n<h5>4<\/h5>\n<\/td>\n<td width=\"176\">\n<h5>San Jer\u00f3nimo<\/h5>\n<\/td>\n<td width=\"68\">\n<h5>32<\/h5>\n<\/td>\n<\/tr>\n<tr>\n<td width=\"45\">\n<h5>5<\/h5>\n<\/td>\n<td width=\"176\">\n<h5>Plaza Central<\/h5>\n<\/td>\n<td width=\"68\">\n<h5>14<\/h5>\n<\/td>\n<\/tr>\n<tr>\n<td width=\"45\">\n<h5>6<\/h5>\n<\/td>\n<td width=\"176\">\n<h5>Santa Fe<\/h5>\n<\/td>\n<td width=\"68\">\n<h5>25<\/h5>\n<\/td>\n<\/tr>\n<tr>\n<td width=\"45\">\n<h5>7<\/h5>\n<\/td>\n<td width=\"176\">\n<h5>Del Valle<\/h5>\n<\/td>\n<td width=\"68\">\n<h5>20<\/h5>\n<\/td>\n<\/tr>\n<tr>\n<td width=\"45\">\n<h5>8<\/h5>\n<\/td>\n<td width=\"176\">\n<h5>Centro de Entrenamiento<\/h5>\n<\/td>\n<td width=\"68\">\n<h5>33<\/h5>\n<\/td>\n<\/tr>\n<tr>\n<td width=\"45\">\n<h5>9<\/h5>\n<\/td>\n<td width=\"176\">\n<h5>Puebla<\/h5>\n<\/td>\n<td width=\"68\">\n<h5>21<\/h5>\n<\/td>\n<\/tr>\n<tr>\n<td colspan=\"3\" width=\"290\">\n<h5><strong>TOTAL 202<\/strong><\/h5>\n<\/td>\n<\/tr>\n<\/tbody>\n<\/table>\n","protected":false},"excerpt":{"rendered":"<p>(Foto: acu\u00e1ticanelsonvargas) Nueva jornada del Campeonato Nacional Master Curso Largo, suceso deportivo que se desarrolla<\/p>\n","protected":false},"author":2,"featured_media":0,"comment_status":"open","ping_status":"open","sticky":false,"template":"","format":"standard","meta":{"_jetpack_memberships_contains_paid_content":false,"footnotes":""},"categories":[5],"tags":[],"class_list":["post-3526","post","type-post","status-publish","format-standard","hentry","category-amateur"],"yoast_head":"<!-- This site is optimized with the Yoast SEO plugin v25.7 - https:\/\/yoast.com\/wordpress\/plugins\/seo\/ -->\n<title>Nadadores de la Acu\u00e1tica NelsonVargas se consolidan en los primeros sitios - Esbozo Deportivo<\/title>\n<meta name=\"robots\" content=\"index, follow, max-snippet:-1, max-image-preview:large, max-video-preview:-1\" \/>\n<link rel=\"canonical\" href=\"https:\/\/esbozodeportivo.com\/index.php\/2024\/05\/25\/nadadores-de-la-acuatica-nelsonvargas-se-consolidan-en-los-primeros-sitios\/\" \/>\n<meta property=\"og:locale\" content=\"es_MX\" \/>\n<meta property=\"og:type\" content=\"article\" \/>\n<meta property=\"og:title\" content=\"Nadadores de la Acu\u00e1tica NelsonVargas se consolidan en los primeros sitios - Esbozo Deportivo\" \/>\n<meta property=\"og:description\" content=\"(Foto: acu\u00e1ticanelsonvargas) Nueva jornada del Campeonato Nacional Master Curso Largo, suceso deportivo que se desarrolla\" \/>\n<meta property=\"og:url\" content=\"https:\/\/esbozodeportivo.com\/index.php\/2024\/05\/25\/nadadores-de-la-acuatica-nelsonvargas-se-consolidan-en-los-primeros-sitios\/\" \/>\n<meta property=\"og:site_name\" content=\"Esbozo Deportivo\" \/>\n<meta property=\"article:published_time\" content=\"2024-05-25T05:35:07+00:00\" \/>\n<meta property=\"article:modified_time\" content=\"2024-05-25T05:44:25+00:00\" \/>\n<meta property=\"og:image\" content=\"https:\/\/esbozodeportivo.com\/wp-content\/uploads\/2024\/05\/nina-4-768x1024.jpg\" \/>\n<meta name=\"author\" content=\"Javier De La Cruz\" \/>\n<meta name=\"twitter:card\" content=\"summary_large_image\" \/>\n<meta name=\"twitter:label1\" content=\"Escrito por\" \/>\n\t<meta name=\"twitter:data1\" content=\"Javier De La Cruz\" \/>\n\t<meta name=\"twitter:label2\" content=\"Tiempo de lectura\" \/>\n\t<meta name=\"twitter:data2\" content=\"3 minutos\" \/>\n<script type=\"application\/ld+json\" class=\"yoast-schema-graph\">{\"@context\":\"https:\/\/schema.org\",\"@graph\":[{\"@type\":\"Article\",\"@id\":\"https:\/\/esbozodeportivo.com\/index.php\/2024\/05\/25\/nadadores-de-la-acuatica-nelsonvargas-se-consolidan-en-los-primeros-sitios\/#article\",\"isPartOf\":{\"@id\":\"https:\/\/esbozodeportivo.com\/index.php\/2024\/05\/25\/nadadores-de-la-acuatica-nelsonvargas-se-consolidan-en-los-primeros-sitios\/\"},\"author\":{\"name\":\"Javier De La Cruz\",\"@id\":\"https:\/\/esbozodeportivo.com\/#\/schema\/person\/7277119c98823aec37bbb84e125efd44\"},\"headline\":\"Nadadores de la Acu\u00e1tica NelsonVargas se consolidan en los primeros sitios\",\"datePublished\":\"2024-05-25T05:35:07+00:00\",\"dateModified\":\"2024-05-25T05:44:25+00:00\",\"mainEntityOfPage\":{\"@id\":\"https:\/\/esbozodeportivo.com\/index.php\/2024\/05\/25\/nadadores-de-la-acuatica-nelsonvargas-se-consolidan-en-los-primeros-sitios\/\"},\"wordCount\":704,\"commentCount\":0,\"publisher\":{\"@id\":\"https:\/\/esbozodeportivo.com\/#organization\"},\"image\":{\"@id\":\"https:\/\/esbozodeportivo.com\/index.php\/2024\/05\/25\/nadadores-de-la-acuatica-nelsonvargas-se-consolidan-en-los-primeros-sitios\/#primaryimage\"},\"thumbnailUrl\":\"https:\/\/esbozodeportivo.com\/wp-content\/uploads\/2024\/05\/nina-4-768x1024.jpg\",\"articleSection\":[\"Amateur\"],\"inLanguage\":\"es\",\"potentialAction\":[{\"@type\":\"CommentAction\",\"name\":\"Comment\",\"target\":[\"https:\/\/esbozodeportivo.com\/index.php\/2024\/05\/25\/nadadores-de-la-acuatica-nelsonvargas-se-consolidan-en-los-primeros-sitios\/#respond\"]}]},{\"@type\":\"WebPage\",\"@id\":\"https:\/\/esbozodeportivo.com\/index.php\/2024\/05\/25\/nadadores-de-la-acuatica-nelsonvargas-se-consolidan-en-los-primeros-sitios\/\",\"url\":\"https:\/\/esbozodeportivo.com\/index.php\/2024\/05\/25\/nadadores-de-la-acuatica-nelsonvargas-se-consolidan-en-los-primeros-sitios\/\",\"name\":\"Nadadores de la Acu\u00e1tica NelsonVargas se consolidan en los primeros sitios - Esbozo Deportivo\",\"isPartOf\":{\"@id\":\"https:\/\/esbozodeportivo.com\/#website\"},\"primaryImageOfPage\":{\"@id\":\"https:\/\/esbozodeportivo.com\/index.php\/2024\/05\/25\/nadadores-de-la-acuatica-nelsonvargas-se-consolidan-en-los-primeros-sitios\/#primaryimage\"},\"image\":{\"@id\":\"https:\/\/esbozodeportivo.com\/index.php\/2024\/05\/25\/nadadores-de-la-acuatica-nelsonvargas-se-consolidan-en-los-primeros-sitios\/#primaryimage\"},\"thumbnailUrl\":\"https:\/\/esbozodeportivo.com\/wp-content\/uploads\/2024\/05\/nina-4-768x1024.jpg\",\"datePublished\":\"2024-05-25T05:35:07+00:00\",\"dateModified\":\"2024-05-25T05:44:25+00:00\",\"breadcrumb\":{\"@id\":\"https:\/\/esbozodeportivo.com\/index.php\/2024\/05\/25\/nadadores-de-la-acuatica-nelsonvargas-se-consolidan-en-los-primeros-sitios\/#breadcrumb\"},\"inLanguage\":\"es\",\"potentialAction\":[{\"@type\":\"ReadAction\",\"target\":[\"https:\/\/esbozodeportivo.com\/index.php\/2024\/05\/25\/nadadores-de-la-acuatica-nelsonvargas-se-consolidan-en-los-primeros-sitios\/\"]}]},{\"@type\":\"ImageObject\",\"inLanguage\":\"es\",\"@id\":\"https:\/\/esbozodeportivo.com\/index.php\/2024\/05\/25\/nadadores-de-la-acuatica-nelsonvargas-se-consolidan-en-los-primeros-sitios\/#primaryimage\",\"url\":\"https:\/\/esbozodeportivo.com\/wp-content\/uploads\/2024\/05\/nina-4.jpg\",\"contentUrl\":\"https:\/\/esbozodeportivo.com\/wp-content\/uploads\/2024\/05\/nina-4.jpg\",\"width\":1200,\"height\":1600},{\"@type\":\"BreadcrumbList\",\"@id\":\"https:\/\/esbozodeportivo.com\/index.php\/2024\/05\/25\/nadadores-de-la-acuatica-nelsonvargas-se-consolidan-en-los-primeros-sitios\/#breadcrumb\",\"itemListElement\":[{\"@type\":\"ListItem\",\"position\":1,\"name\":\"Inicio\",\"item\":\"https:\/\/esbozodeportivo.com\/\"},{\"@type\":\"ListItem\",\"position\":2,\"name\":\"Nadadores de la Acu\u00e1tica NelsonVargas se consolidan en los primeros sitios\"}]},{\"@type\":\"WebSite\",\"@id\":\"https:\/\/esbozodeportivo.com\/#website\",\"url\":\"https:\/\/esbozodeportivo.com\/\",\"name\":\"Esbozo Deportivo\",\"description\":\"Lo m\u00e1s importante del Deporte\",\"publisher\":{\"@id\":\"https:\/\/esbozodeportivo.com\/#organization\"},\"potentialAction\":[{\"@type\":\"SearchAction\",\"target\":{\"@type\":\"EntryPoint\",\"urlTemplate\":\"https:\/\/esbozodeportivo.com\/?s={search_term_string}\"},\"query-input\":{\"@type\":\"PropertyValueSpecification\",\"valueRequired\":true,\"valueName\":\"search_term_string\"}}],\"inLanguage\":\"es\"},{\"@type\":\"Organization\",\"@id\":\"https:\/\/esbozodeportivo.com\/#organization\",\"name\":\"Esbozo Deportivo\",\"url\":\"https:\/\/esbozodeportivo.com\/\",\"logo\":{\"@type\":\"ImageObject\",\"inLanguage\":\"es\",\"@id\":\"https:\/\/esbozodeportivo.com\/#\/schema\/logo\/image\/\",\"url\":\"https:\/\/esbozodeportivo.com\/wp-content\/uploads\/2022\/08\/cropped-Logo-Esbozo-Web-2.png\",\"contentUrl\":\"https:\/\/esbozodeportivo.com\/wp-content\/uploads\/2022\/08\/cropped-Logo-Esbozo-Web-2.png\",\"width\":180,\"height\":50,\"caption\":\"Esbozo Deportivo\"},\"image\":{\"@id\":\"https:\/\/esbozodeportivo.com\/#\/schema\/logo\/image\/\"}},{\"@type\":\"Person\",\"@id\":\"https:\/\/esbozodeportivo.com\/#\/schema\/person\/7277119c98823aec37bbb84e125efd44\",\"name\":\"Javier De La Cruz\",\"image\":{\"@type\":\"ImageObject\",\"inLanguage\":\"es\",\"@id\":\"https:\/\/esbozodeportivo.com\/#\/schema\/person\/image\/\",\"url\":\"https:\/\/secure.gravatar.com\/avatar\/366235a56d20f1a6e8e3d0b295897639357bea880470ddf261d17bb0bc052eb1?s=96&d=mm&r=g\",\"contentUrl\":\"https:\/\/secure.gravatar.com\/avatar\/366235a56d20f1a6e8e3d0b295897639357bea880470ddf261d17bb0bc052eb1?s=96&d=mm&r=g\",\"caption\":\"Javier De La Cruz\"},\"url\":\"https:\/\/esbozodeportivo.com\/index.php\/author\/javier-de-la-cruz-de-la-cruz\/\"}]}<\/script>\n<!-- \/ Yoast SEO plugin. -->","yoast_head_json":{"title":"Nadadores de la Acu\u00e1tica NelsonVargas se consolidan en los primeros sitios - Esbozo Deportivo","robots":{"index":"index","follow":"follow","max-snippet":"max-snippet:-1","max-image-preview":"max-image-preview:large","max-video-preview":"max-video-preview:-1"},"canonical":"https:\/\/esbozodeportivo.com\/index.php\/2024\/05\/25\/nadadores-de-la-acuatica-nelsonvargas-se-consolidan-en-los-primeros-sitios\/","og_locale":"es_MX","og_type":"article","og_title":"Nadadores de la Acu\u00e1tica NelsonVargas se consolidan en los primeros sitios - Esbozo Deportivo","og_description":"(Foto: acu\u00e1ticanelsonvargas) Nueva jornada del Campeonato Nacional Master Curso Largo, suceso deportivo que se desarrolla","og_url":"https:\/\/esbozodeportivo.com\/index.php\/2024\/05\/25\/nadadores-de-la-acuatica-nelsonvargas-se-consolidan-en-los-primeros-sitios\/","og_site_name":"Esbozo Deportivo","article_published_time":"2024-05-25T05:35:07+00:00","article_modified_time":"2024-05-25T05:44:25+00:00","og_image":[{"url":"https:\/\/esbozodeportivo.com\/wp-content\/uploads\/2024\/05\/nina-4-768x1024.jpg","type":"","width":"","height":""}],"author":"Javier De La Cruz","twitter_card":"summary_large_image","twitter_misc":{"Escrito por":"Javier De La Cruz","Tiempo de lectura":"3 minutos"},"schema":{"@context":"https:\/\/schema.org","@graph":[{"@type":"Article","@id":"https:\/\/esbozodeportivo.com\/index.php\/2024\/05\/25\/nadadores-de-la-acuatica-nelsonvargas-se-consolidan-en-los-primeros-sitios\/#article","isPartOf":{"@id":"https:\/\/esbozodeportivo.com\/index.php\/2024\/05\/25\/nadadores-de-la-acuatica-nelsonvargas-se-consolidan-en-los-primeros-sitios\/"},"author":{"name":"Javier De La Cruz","@id":"https:\/\/esbozodeportivo.com\/#\/schema\/person\/7277119c98823aec37bbb84e125efd44"},"headline":"Nadadores de la Acu\u00e1tica NelsonVargas se consolidan en los primeros sitios","datePublished":"2024-05-25T05:35:07+00:00","dateModified":"2024-05-25T05:44:25+00:00","mainEntityOfPage":{"@id":"https:\/\/esbozodeportivo.com\/index.php\/2024\/05\/25\/nadadores-de-la-acuatica-nelsonvargas-se-consolidan-en-los-primeros-sitios\/"},"wordCount":704,"commentCount":0,"publisher":{"@id":"https:\/\/esbozodeportivo.com\/#organization"},"image":{"@id":"https:\/\/esbozodeportivo.com\/index.php\/2024\/05\/25\/nadadores-de-la-acuatica-nelsonvargas-se-consolidan-en-los-primeros-sitios\/#primaryimage"},"thumbnailUrl":"https:\/\/esbozodeportivo.com\/wp-content\/uploads\/2024\/05\/nina-4-768x1024.jpg","articleSection":["Amateur"],"inLanguage":"es","potentialAction":[{"@type":"CommentAction","name":"Comment","target":["https:\/\/esbozodeportivo.com\/index.php\/2024\/05\/25\/nadadores-de-la-acuatica-nelsonvargas-se-consolidan-en-los-primeros-sitios\/#respond"]}]},{"@type":"WebPage","@id":"https:\/\/esbozodeportivo.com\/index.php\/2024\/05\/25\/nadadores-de-la-acuatica-nelsonvargas-se-consolidan-en-los-primeros-sitios\/","url":"https:\/\/esbozodeportivo.com\/index.php\/2024\/05\/25\/nadadores-de-la-acuatica-nelsonvargas-se-consolidan-en-los-primeros-sitios\/","name":"Nadadores de la Acu\u00e1tica NelsonVargas se consolidan en los primeros sitios - Esbozo Deportivo","isPartOf":{"@id":"https:\/\/esbozodeportivo.com\/#website"},"primaryImageOfPage":{"@id":"https:\/\/esbozodeportivo.com\/index.php\/2024\/05\/25\/nadadores-de-la-acuatica-nelsonvargas-se-consolidan-en-los-primeros-sitios\/#primaryimage"},"image":{"@id":"https:\/\/esbozodeportivo.com\/index.php\/2024\/05\/25\/nadadores-de-la-acuatica-nelsonvargas-se-consolidan-en-los-primeros-sitios\/#primaryimage"},"thumbnailUrl":"https:\/\/esbozodeportivo.com\/wp-content\/uploads\/2024\/05\/nina-4-768x1024.jpg","datePublished":"2024-05-25T05:35:07+00:00","dateModified":"2024-05-25T05:44:25+00:00","breadcrumb":{"@id":"https:\/\/esbozodeportivo.com\/index.php\/2024\/05\/25\/nadadores-de-la-acuatica-nelsonvargas-se-consolidan-en-los-primeros-sitios\/#breadcrumb"},"inLanguage":"es","potentialAction":[{"@type":"ReadAction","target":["https:\/\/esbozodeportivo.com\/index.php\/2024\/05\/25\/nadadores-de-la-acuatica-nelsonvargas-se-consolidan-en-los-primeros-sitios\/"]}]},{"@type":"ImageObject","inLanguage":"es","@id":"https:\/\/esbozodeportivo.com\/index.php\/2024\/05\/25\/nadadores-de-la-acuatica-nelsonvargas-se-consolidan-en-los-primeros-sitios\/#primaryimage","url":"https:\/\/esbozodeportivo.com\/wp-content\/uploads\/2024\/05\/nina-4.jpg","contentUrl":"https:\/\/esbozodeportivo.com\/wp-content\/uploads\/2024\/05\/nina-4.jpg","width":1200,"height":1600},{"@type":"BreadcrumbList","@id":"https:\/\/esbozodeportivo.com\/index.php\/2024\/05\/25\/nadadores-de-la-acuatica-nelsonvargas-se-consolidan-en-los-primeros-sitios\/#breadcrumb","itemListElement":[{"@type":"ListItem","position":1,"name":"Inicio","item":"https:\/\/esbozodeportivo.com\/"},{"@type":"ListItem","position":2,"name":"Nadadores de la Acu\u00e1tica NelsonVargas se consolidan en los primeros sitios"}]},{"@type":"WebSite","@id":"https:\/\/esbozodeportivo.com\/#website","url":"https:\/\/esbozodeportivo.com\/","name":"Esbozo Deportivo","description":"Lo m\u00e1s importante del Deporte","publisher":{"@id":"https:\/\/esbozodeportivo.com\/#organization"},"potentialAction":[{"@type":"SearchAction","target":{"@type":"EntryPoint","urlTemplate":"https:\/\/esbozodeportivo.com\/?s={search_term_string}"},"query-input":{"@type":"PropertyValueSpecification","valueRequired":true,"valueName":"search_term_string"}}],"inLanguage":"es"},{"@type":"Organization","@id":"https:\/\/esbozodeportivo.com\/#organization","name":"Esbozo Deportivo","url":"https:\/\/esbozodeportivo.com\/","logo":{"@type":"ImageObject","inLanguage":"es","@id":"https:\/\/esbozodeportivo.com\/#\/schema\/logo\/image\/","url":"https:\/\/esbozodeportivo.com\/wp-content\/uploads\/2022\/08\/cropped-Logo-Esbozo-Web-2.png","contentUrl":"https:\/\/esbozodeportivo.com\/wp-content\/uploads\/2022\/08\/cropped-Logo-Esbozo-Web-2.png","width":180,"height":50,"caption":"Esbozo Deportivo"},"image":{"@id":"https:\/\/esbozodeportivo.com\/#\/schema\/logo\/image\/"}},{"@type":"Person","@id":"https:\/\/esbozodeportivo.com\/#\/schema\/person\/7277119c98823aec37bbb84e125efd44","name":"Javier De La Cruz","image":{"@type":"ImageObject","inLanguage":"es","@id":"https:\/\/esbozodeportivo.com\/#\/schema\/person\/image\/","url":"https:\/\/secure.gravatar.com\/avatar\/366235a56d20f1a6e8e3d0b295897639357bea880470ddf261d17bb0bc052eb1?s=96&d=mm&r=g","contentUrl":"https:\/\/secure.gravatar.com\/avatar\/366235a56d20f1a6e8e3d0b295897639357bea880470ddf261d17bb0bc052eb1?s=96&d=mm&r=g","caption":"Javier De La Cruz"},"url":"https:\/\/esbozodeportivo.com\/index.php\/author\/javier-de-la-cruz-de-la-cruz\/"}]}},"jetpack_featured_media_url":"","jetpack_sharing_enabled":true,"_links":{"self":[{"href":"https:\/\/esbozodeportivo.com\/index.php\/wp-json\/wp\/v2\/posts\/3526","targetHints":{"allow":["GET"]}}],"collection":[{"href":"https:\/\/esbozodeportivo.com\/index.php\/wp-json\/wp\/v2\/posts"}],"about":[{"href":"https:\/\/esbozodeportivo.com\/index.php\/wp-json\/wp\/v2\/types\/post"}],"author":[{"embeddable":true,"href":"https:\/\/esbozodeportivo.com\/index.php\/wp-json\/wp\/v2\/users\/2"}],"replies":[{"embeddable":true,"href":"https:\/\/esbozodeportivo.com\/index.php\/wp-json\/wp\/v2\/comments?post=3526"}],"version-history":[{"count":4,"href":"https:\/\/esbozodeportivo.com\/index.php\/wp-json\/wp\/v2\/posts\/3526\/revisions"}],"predecessor-version":[{"id":3534,"href":"https:\/\/esbozodeportivo.com\/index.php\/wp-json\/wp\/v2\/posts\/3526\/revisions\/3534"}],"wp:attachment":[{"href":"https:\/\/esbozodeportivo.com\/index.php\/wp-json\/wp\/v2\/media?parent=3526"}],"wp:term":[{"taxonomy":"category","embeddable":true,"href":"https:\/\/esbozodeportivo.com\/index.php\/wp-json\/wp\/v2\/categories?post=3526"},{"taxonomy":"post_tag","embeddable":true,"href":"https:\/\/esbozodeportivo.com\/index.php\/wp-json\/wp\/v2\/tags?post=3526"}],"curies":[{"name":"wp","href":"https:\/\/api.w.org\/{rel}","templated":true}]}}